{"id":23248,"date":"2025-10-23T10:00:54","date_gmt":"2025-10-23T13:00:54","guid":{"rendered":"https:\/\/ubanews.com\/site\/?p=23248"},"modified":"2025-10-23T10:00:54","modified_gmt":"2025-10-23T13:00:54","slug":"fala_sodre_feira_multissetorial","status":"publish","type":"post","link":"https:\/\/ubanews.com\/site\/2025\/10\/23\/fala_sodre_feira_multissetorial\/","title":{"rendered":"Fala Sodr\u00e9: Feira Multissetorial"},"content":{"rendered":"<p data-start=\"369\" data-end=\"437\"><strong data-start=\"371\" data-end=\"437\">Fala Sodr\u00e9: Feira Multissetorial \u2014 Tem neg\u00f3cio pra todo mundo!\u00a0<\/strong>A cidade de <strong data-start=\"451\" data-end=\"458\">Ub\u00e1<\/strong> se prepara para viver dias de conex\u00e3o, inova\u00e7\u00e3o e oportunidades. A <strong data-start=\"526\" data-end=\"550\">Feira Multissetorial<\/strong>, que acontece de <strong data-start=\"568\" data-end=\"589\">5 a 9 de novembro<\/strong>, promete movimentar a economia local e fortalecer o com\u00e9rcio regional.<br data-start=\"660\" data-end=\"663\" \/>O evento \u00e9 uma realiza\u00e7\u00e3o da <strong data-start=\"692\" data-end=\"745\">Associa\u00e7\u00e3o Comercial e Industrial de Ub\u00e1 (ACIUB\u00c1)<\/strong> e nasce com o prop\u00f3sito de integrar <strong data-start=\"782\" data-end=\"816\">com\u00e9rcio, ind\u00fastria e servi\u00e7os<\/strong> em um ambiente moderno, participativo e cheio de experi\u00eancias.<\/p>\n<h2 data-start=\"369\" data-end=\"437\"><strong data-start=\"371\" data-end=\"437\">Fala Sodr\u00e9: Feira Multissetorial \u2014 Tem neg\u00f3cio pra todo mundo!<\/strong><\/h2>\n<p><a href=\"https:\/\/www.youtube.com\/live\/VHcWUly3vbY?si=rygOUDJZ44oR2m98\" target=\"_blank\" rel=\"noopener\"><img decoding=\"async\" class=\"aligncenter size-medium wp-image-23249 lazyload\" data-src=\"https:\/\/ubanews.com\/site\/wp-content\/uploads\/2025\/10\/Fala-Sodre-Feira-Multisetorial-300x166.jpg\" alt=\"Fala Sodr\u00e9 - Feira Multessetorial\n\" width=\"300\" height=\"166\" data-srcset=\"https:\/\/ubanews.com\/site\/wp-content\/uploads\/2025\/10\/Fala-Sodre-Feira-Multisetorial-300x166.jpg 300w, https:\/\/ubanews.com\/site\/wp-content\/uploads\/2025\/10\/Fala-Sodre-Feira-Multisetorial-768x424.jpg 768w, https:\/\/ubanews.com\/site\/wp-content\/uploads\/2025\/10\/Fala-Sodre-Feira-Multisetorial-360x200.jpg 360w, https:\/\/ubanews.com\/site\/wp-content\/uploads\/2025\/10\/Fala-Sodre-Feira-Multisetorial-600x330.jpg 600w, https:\/\/ubanews.com\/site\/wp-content\/uploads\/2025\/10\/Fala-Sodre-Feira-Multisetorial.jpg 829w\" data-sizes=\"(max-width: 300px) 100vw, 300px\" src=\"data:image\/svg+xml;base64,PHN2ZyB3aWR0aD0iMSIgaGVpZ2h0PSIxIiB4bWxucz0iaHR0cDovL3d3dy53My5vcmcvMjAwMC9zdmciPjwvc3ZnPg==\" style=\"--smush-placeholder-width: 300px; --smush-placeholder-aspect-ratio: 300\/166;\" \/><\/a><\/p>\n<p>&nbsp;<\/p>\n<p data-start=\"881\" data-end=\"1052\">O registro da entrevista foi feito pelo rep\u00f3rter <strong data-start=\"930\" data-end=\"954\">Carlos Roberto Sodr\u00e9<\/strong>, com imagens de <strong data-start=\"971\" data-end=\"986\">Laisa Sodr\u00e9<\/strong> e <strong data-start=\"989\" data-end=\"1031\">gera\u00e7\u00e3o de conte\u00fado de Pedro Henriques<\/strong>, da <strong data-start=\"1036\" data-end=\"1051\">INDICCA.COM<\/strong>.<\/p>\n<hr data-start=\"1054\" data-end=\"1057\" \/>\n<h2 data-start=\"1059\" data-end=\"1102\"><strong data-start=\"1062\" data-end=\"1102\">Uma feira que une neg\u00f3cios e pessoas<\/strong><\/h2>\n<p data-start=\"1104\" data-end=\"1353\">Em entrevista ao quadro <strong data-start=\"1128\" data-end=\"1142\">Fala Sodr\u00e9<\/strong>, o presidente da ACIUB\u00c1, <strong data-start=\"1168\" data-end=\"1187\">Silber Silveira<\/strong>, e o empres\u00e1rio <strong data-start=\"1204\" data-end=\"1213\">Elias<\/strong> compartilharam os bastidores e os sonhos por tr\u00e1s do evento.<br data-start=\"1274\" data-end=\"1277\" \/>Ambos mostraram entusiasmo com o impacto que a feira deve gerar na cidade.<\/p>\n<blockquote data-start=\"1355\" data-end=\"1576\">\n<p data-start=\"1357\" data-end=\"1576\">\u201cA Feira Multissetorial \u00e9 um sonho antigo que agora se torna realidade. Nosso objetivo \u00e9 fomentar o com\u00e9rcio, gerar oportunidades e mostrar a for\u00e7a dos empreendedores de Ub\u00e1 e da regi\u00e3o\u201d, destacou <strong data-start=\"1554\" data-end=\"1573\">Silber Silveira<\/strong>.<\/p>\n<\/blockquote>\n<p data-start=\"1578\" data-end=\"1827\">Com <strong data-start=\"1582\" data-end=\"1621\">mais de 140 expositores confirmados<\/strong>, a feira vai ocupar o <strong data-start=\"1644\" data-end=\"1675\">Parque de Exposi\u00e7\u00f5es de Ub\u00e1<\/strong> e oferecer muito mais do que vitrines de produtos. Haver\u00e1 <strong data-start=\"1734\" data-end=\"1801\">palestras, shows, espa\u00e7o gastron\u00f4mico e experi\u00eancias sensoriais<\/strong> para todos os p\u00fablicos.<\/p>\n<hr data-start=\"1829\" data-end=\"1832\" \/>\n<h2 data-start=\"1834\" data-end=\"1884\"><strong data-start=\"1837\" data-end=\"1884\">Agenda diversificada e experi\u00eancia completa<\/strong><\/h2>\n<p data-start=\"1886\" data-end=\"2125\">De acordo com <strong data-start=\"1900\" data-end=\"1909\">Elias<\/strong>, a feira foi pensada para <strong data-start=\"1936\" data-end=\"1960\">valorizar cada setor<\/strong> da economia local \u2014 do pequeno produtor \u00e0 grande ind\u00fastria.<br data-start=\"2020\" data-end=\"2023\" \/>A programa\u00e7\u00e3o busca atrair visitantes de toda a regi\u00e3o, com hor\u00e1rios acess\u00edveis e atra\u00e7\u00f5es variadas.<\/p>\n<blockquote data-start=\"2127\" data-end=\"2329\">\n<p data-start=\"2129\" data-end=\"2329\">\u201cQueremos que o p\u00fablico viva a experi\u00eancia do com\u00e9rcio local, conhe\u00e7a novos produtos e perceba o quanto Ub\u00e1 tem potencial. \u00c9 um evento para quem quer crescer, aprender e se conectar\u201d, afirmou Elias.<\/p>\n<\/blockquote>\n<p data-start=\"2331\" data-end=\"2535\">A <strong data-start=\"2333\" data-end=\"2353\">abertura oficial<\/strong> ser\u00e1 na <strong data-start=\"2362\" data-end=\"2385\">sexta-feira, \u00e0s 14h<\/strong>, com atividades at\u00e9 <strong data-start=\"2406\" data-end=\"2416\">as 20h<\/strong>. No <strong data-start=\"2421\" data-end=\"2441\">s\u00e1bado e domingo<\/strong>, a programa\u00e7\u00e3o segue at\u00e9 <strong data-start=\"2467\" data-end=\"2474\">22h<\/strong>, garantindo op\u00e7\u00f5es de lazer e neg\u00f3cios para todas as idades.<\/p>\n<hr data-start=\"2537\" data-end=\"2540\" \/>\n<h2 data-start=\"2542\" data-end=\"2603\"><strong data-start=\"2545\" data-end=\"2603\">Transforma\u00e7\u00e3o digital e novos caminhos para o com\u00e9rcio<\/strong><\/h2>\n<p data-start=\"2605\" data-end=\"2851\">Durante a conversa, <strong data-start=\"2625\" data-end=\"2644\">Silber Silveira<\/strong> refor\u00e7ou a import\u00e2ncia de o empres\u00e1rio local entender o impacto da <strong data-start=\"2712\" data-end=\"2737\">transforma\u00e7\u00e3o digital<\/strong>.<br data-start=\"2738\" data-end=\"2741\" \/>Ele lembrou que estar nas redes sociais e plataformas online j\u00e1 n\u00e3o \u00e9 mais uma escolha, mas uma necessidade.<\/p>\n<blockquote data-start=\"2853\" data-end=\"3023\">\n<p data-start=\"2855\" data-end=\"3023\">\u201cO mundo digital n\u00e3o \u00e9 concorrente do com\u00e9rcio f\u00edsico. \u00c9 um complemento essencial. Quem n\u00e3o est\u00e1 na internet, est\u00e1 ficando para tr\u00e1s\u201d, alertou o presidente da ACIUB\u00c1.<\/p>\n<\/blockquote>\n<p data-start=\"3025\" data-end=\"3311\">Essa reflex\u00e3o ganha for\u00e7a nas <strong data-start=\"3055\" data-end=\"3079\">palestras e oficinas<\/strong> que acontecer\u00e3o durante o evento, voltadas \u00e0 inova\u00e7\u00e3o, marketing e gest\u00e3o moderna. Parcerias com institui\u00e7\u00f5es como o <strong data-start=\"3197\" data-end=\"3206\">SENAI<\/strong> e o <strong data-start=\"3211\" data-end=\"3221\">SEBRAE<\/strong> v\u00e3o oferecer conte\u00fado de qualidade e pr\u00e1ticas aplic\u00e1veis ao dia a dia dos empreendedores.<\/p>\n<hr data-start=\"3313\" data-end=\"3316\" \/>\n<h2 data-start=\"3318\" data-end=\"3378\"><strong data-start=\"3321\" data-end=\"3378\">Neg\u00f3cios sustent\u00e1veis e apoio ao pequeno empreendedor<\/strong><\/h2>\n<p data-start=\"3380\" data-end=\"3608\">Outro destaque da entrevista foi o compromisso da ACIUB\u00c1 com a <strong data-start=\"3443\" data-end=\"3463\">sustentabilidade<\/strong> e a <strong data-start=\"3468\" data-end=\"3490\">inclus\u00e3o produtiva<\/strong>.<br data-start=\"3491\" data-end=\"3494\" \/>A organiza\u00e7\u00e3o criou condi\u00e7\u00f5es especiais para que <strong data-start=\"3543\" data-end=\"3578\">micro e pequenos empreendedores<\/strong> possam participar da feira.<\/p>\n<blockquote data-start=\"3610\" data-end=\"3757\">\n<p data-start=\"3612\" data-end=\"3757\">\u201cN\u00f3s queremos uma feira diversa, acess\u00edvel e representativa. H\u00e1 espa\u00e7o para todos \u2014 do artesanal ao tecnol\u00f3gico\u201d, refor\u00e7ou <strong data-start=\"3735\" data-end=\"3754\">Silber Silveira<\/strong>.<\/p>\n<\/blockquote>\n<p data-start=\"3759\" data-end=\"3932\">Al\u00e9m disso, os expositores poder\u00e3o usufruir de <strong data-start=\"3806\" data-end=\"3843\">condi\u00e7\u00f5es facilitadas de montagem<\/strong>, apoio t\u00e9cnico e um ambiente preparado para gerar <strong data-start=\"3894\" data-end=\"3931\">vendas, networking e visibilidade<\/strong>.<\/p>\n<hr data-start=\"3934\" data-end=\"3937\" \/>\n<h2 data-start=\"3939\" data-end=\"3993\"><strong data-start=\"3942\" data-end=\"3993\">Legado para o futuro e fortalecimento da cidade<\/strong><\/h2>\n<p data-start=\"3995\" data-end=\"4243\">Mais do que um evento comercial, a Feira Multissetorial representa um <strong data-start=\"4065\" data-end=\"4087\">movimento de uni\u00e3o<\/strong> entre empres\u00e1rios, poder p\u00fablico e comunidade.<br data-start=\"4134\" data-end=\"4137\" \/>Segundo os organizadores, o objetivo \u00e9 deixar um <strong data-start=\"4186\" data-end=\"4240\">legado de coopera\u00e7\u00e3o e desenvolvimento sustent\u00e1vel<\/strong>.<\/p>\n<blockquote data-start=\"4245\" data-end=\"4392\">\n<p data-start=\"4247\" data-end=\"4392\">\u201cA feira n\u00e3o \u00e9 apenas uma vitrine de neg\u00f3cios. \u00c9 um laborat\u00f3rio de ideias, um espa\u00e7o de aprendizado e crescimento coletivo\u201d, resumiu <strong data-start=\"4380\" data-end=\"4389\">Elias<\/strong>.<\/p>\n<\/blockquote>\n<p data-start=\"4394\" data-end=\"4523\">O evento tamb\u00e9m refor\u00e7a a voca\u00e7\u00e3o empreendedora de Ub\u00e1 e coloca a cidade em destaque como <strong data-start=\"4484\" data-end=\"4520\">refer\u00eancia em neg\u00f3cios regionais<\/strong>.<\/p>\n<blockquote data-start=\"4525\" data-end=\"4671\">\n<p data-start=\"4527\" data-end=\"4671\">\u201cUb\u00e1 tem talento, for\u00e7a e vontade. Agora, tem tamb\u00e9m um evento \u00e0 altura dessa energia. A feira veio para ficar\u201d, concluiu <strong data-start=\"4649\" data-end=\"4668\">Silber Silveira<\/strong>.<\/p>\n<\/blockquote>\n<hr data-start=\"4673\" data-end=\"4676\" \/>\n<h2 data-start=\"4678\" data-end=\"4727\"><strong data-start=\"4681\" data-end=\"4727\">Servi\u00e7o \u2013 Feira Multissetorial de Ub\u00e1 2025<\/strong><\/h2>\n<p data-start=\"4729\" data-end=\"4925\">&#x1f4c5; <strong data-start=\"4732\" data-end=\"4756\">De 5 a 9 de novembro<\/strong><br data-start=\"4756\" data-end=\"4759\" \/>&#x1f4cd; <strong data-start=\"4762\" data-end=\"4793\">Parque de Exposi\u00e7\u00f5es de Ub\u00e1<\/strong><br data-start=\"4793\" data-end=\"4796\" \/>&#x1f553; Sexta-feira: 14h \u00e0s 20h | S\u00e1bado e Domingo: 14h \u00e0s 22h<br data-start=\"4853\" data-end=\"4856\" \/>&#x1f3a4; <strong data-start=\"4859\" data-end=\"4925\">Atra\u00e7\u00f5es culturais, palestras, shows e mais de 140 expositores<\/strong><\/p>\n<p><iframe title=\"Fala Sodr\u00e9: Feira Multissensorial; tem neg\u00f3cio pra todo mundo! 22\/10\/2025\" width=\"840\" height=\"473\" data-src=\"https:\/\/www.youtube.com\/embed\/VHcWUly3vbY?feature=oembed\" frameborder=\"0\" allow=\"accelerometer; autoplay; clipboard-write; encrypted-media; gyroscope; picture-in-picture; web-share\" referrerpolicy=\"strict-origin-when-cross-origin\" allowfullscreen src=\"data:image\/svg+xml;base64,PHN2ZyB3aWR0aD0iMSIgaGVpZ2h0PSIxIiB4bWxucz0iaHR0cDovL3d3dy53My5vcmcvMjAwMC9zdmciPjwvc3ZnPg==\" class=\"lazyload\" data-load-mode=\"1\"><\/iframe><\/p>\n<p data-start=\"4927\" data-end=\"5056\">A Feira Multissetorial de Ub\u00e1 \u00e9 mais do que um evento \u2014 \u00e9 um s\u00edmbolo de uni\u00e3o, inova\u00e7\u00e3o e futuro.<br data-start=\"5024\" data-end=\"5027\" \/>Como disse Silber Silveira:<\/p>\n<blockquote data-start=\"5058\" data-end=\"5125\">\n<p data-start=\"5060\" data-end=\"5125\"><strong data-start=\"5060\" data-end=\"5125\">\u201cTem neg\u00f3cio pra todo mundo. E quem acredita, faz acontecer.\u201d<\/strong><\/p>\n<\/blockquote>\n<h2 data-start=\"458\" data-end=\"534\"><strong data-start=\"461\" data-end=\"534\">Conex\u00e3o com o LinkedIn: a voz da ACIUB\u00c1 e da comunidade empreendedora<\/strong><\/h2>\n<p data-start=\"536\" data-end=\"965\">A repercuss\u00e3o da <strong data-start=\"553\" data-end=\"584\">Feira Multissetorial de Ub\u00e1<\/strong> tamb\u00e9m ganhou destaque nas redes.<br data-start=\"618\" data-end=\"621\" \/>No <strong data-start=\"624\" data-end=\"646\">LinkedIn da ACIUB\u00c1<\/strong>, o post <a class=\"decorated-link\" href=\"https:\/\/www.linkedin.com\/pulse\/aciub%C3%A1-feira-multissetorial-associa%C3%A7%C3%A3o-comercial-e-industrial--elilf\/\" target=\"_new\" rel=\"noopener\" data-start=\"655\" data-end=\"839\">\u201cFeira Multissetorial \u2014 Associa\u00e7\u00e3o Comercial e Industrial de Ub\u00e1\u201d<\/a> refor\u00e7a o prop\u00f3sito do evento: <strong data-start=\"871\" data-end=\"962\">unir empres\u00e1rios, fomentar neg\u00f3cios e fortalecer a presen\u00e7a digital das empresas locais<\/strong>.<\/p>\n<p data-start=\"967\" data-end=\"1252\">A publica\u00e7\u00e3o destaca o entusiasmo dos organizadores e o engajamento de parceiros e empreendedores que acreditam na for\u00e7a do associativismo.<br data-start=\"1106\" data-end=\"1109\" \/>Essa conex\u00e3o digital amplia o alcance da feira, inspira outras cidades e consolida Ub\u00e1 como <strong data-start=\"1201\" data-end=\"1249\">refer\u00eancia em inova\u00e7\u00e3o e coopera\u00e7\u00e3o regional<\/strong>.<\/p>\n<p style=\"margin: 0in; font-size: 20.0pt;\"><span style=\"font-family: 'Segoe UI Emoji';\">&#x1f4da; <\/span><span style=\"font-weight: bold; font-family: Calibri;\">Cobertura:<\/span><span style=\"font-family: Calibri;\"> Carlos Roberto Sodr\u00e9 <\/span><a href=\"https:\/\/wa.me\/553298481334\"><span style=\"font-family: Calibri;\">WhatsApp<\/span><\/a><\/p>\n<p style=\"margin: 0in; font-size: 20.0pt;\"><span style=\"font-family: 'Segoe UI Emoji';\">&#x1f4f8; <\/span><span style=\"font-weight: bold; font-family: Calibri;\">Imagens:<\/span><span style=\"font-family: Calibri;\"> Laisa Sodr\u00e9<\/span><\/p>\n<p style=\"margin: 0in; font-size: 20.0pt;\"><span style=\"font-family: 'Segoe UI Emoji';\">&#x1f4dd; <\/span><span style=\"font-weight: bold; font-family: Calibri;\">Conte\u00fado: <\/span><a href=\"https:\/\/www.linkedin.com\/in\/pedrohgf\/\"><span style=\"font-family: Calibri;\">Pedro Henriques<\/span><\/a><span style=\"font-family: Calibri;\"> \u2013 <\/span><a href=\"https:\/\/indicca.com.br\/blog\/\"><span style=\"font-family: Calibri;\">INDICCA.COM<\/span><\/a><span style=\"font-family: Calibri;\">\u00a0 <\/span><a href=\"https:\/\/wa.me\/5532988020057\"><span style=\"font-family: Calibri;\">WhatsApp<\/span><\/a><\/p>\n<p style=\"margin: 0in; font-size: 20.0pt;\"><span style=\"font-family: 'Segoe UI Emoji';\">&#x1f393; <\/span><span style=\"font-weight: bold; font-family: Calibri;\">Evento:<\/span><strong data-start=\"5060\" data-end=\"5125\"> todo mundo. E quem acredita, faz acontecer.\u201d<\/strong><\/p>\n","protected":false},"excerpt":{"rendered":"<p>Fala Sodr\u00e9: Feira Multissetorial \u2014 Tem neg\u00f3cio pra todo mundo!\u00a0A<\/p>\n","protected":false},"author":4,"featured_media":23249,"comment_status":"open","ping_status":"open","sticky":false,"template":"","format":"standard","meta":{"footnotes":""},"categories":[1,3],"tags":[57,59,184,60],"class_list":["post-23248","post","type-post","status-publish","format-standard","has-post-thumbnail","hentry","category-sem-categoria","category-slide","tag-aciuba","tag-fala-sodre","tag-feira-multissetoria","tag-ubanews"],"yoast_head":"<!-- This site is optimized with the Yoast SEO plugin v27.2 - https:\/\/yoast.com\/product\/yoast-seo-wordpress\/ -->\n<title>Fala Sodr\u00e9: Feira Multissetorial - Ub\u00e1 News<\/title>\n<meta name=\"description\" content=\"Fala Sodr\u00e9: Feira Multissetorial \u2014 Tem neg\u00f3cio pra todo mundo!\u00a0A cidade de Ub\u00e1 se prepara para viver dias de conex\u00e3o\" \/>\n<meta name=\"robots\" content=\"index, follow, max-snippet:-1, max-image-preview:large, max-video-preview:-1\" \/>\n<link rel=\"canonical\" href=\"https:\/\/ubanews.com\/site\/2025\/10\/23\/fala_sodre_feira_multissetorial\/\" \/>\n<meta property=\"og:locale\" content=\"pt_BR\" \/>\n<meta property=\"og:type\" content=\"article\" \/>\n<meta property=\"og:title\" content=\"Fala Sodr\u00e9: Feira Multissetorial - Ub\u00e1 News\" \/>\n<meta property=\"og:description\" content=\"Fala Sodr\u00e9: Feira Multissetorial \u2014 Tem neg\u00f3cio pra todo mundo!\u00a0A cidade de Ub\u00e1 se prepara para viver dias de conex\u00e3o\" \/>\n<meta property=\"og:url\" content=\"https:\/\/ubanews.com\/site\/2025\/10\/23\/fala_sodre_feira_multissetorial\/\" \/>\n<meta property=\"og:site_name\" content=\"Ub\u00e1 News\" \/>\n<meta property=\"article:publisher\" content=\"https:\/\/www.facebook.com\/Ub%c3%a1News-Carlos-Roberto-Sodr%c3%a9-418778301977370\" \/>\n<meta property=\"article:published_time\" content=\"2025-10-23T13:00:54+00:00\" \/>\n<meta property=\"og:image\" content=\"https:\/\/ubanews.com\/site\/wp-content\/uploads\/2025\/10\/Fala-Sodre-Feira-Multisetorial.jpg\" \/>\n\t<meta property=\"og:image:width\" content=\"829\" \/>\n\t<meta property=\"og:image:height\" content=\"458\" \/>\n\t<meta property=\"og:image:type\" content=\"image\/jpeg\" \/>\n<meta name=\"author\" content=\"Carlos Roberto Sodr\u00e9\" \/>\n<meta name=\"twitter:card\" content=\"summary_large_image\" \/>\n<meta name=\"twitter:label1\" content=\"Escrito por\" \/>\n\t<meta name=\"twitter:data1\" content=\"Carlos Roberto Sodr\u00e9\" \/>\n\t<meta name=\"twitter:label2\" content=\"Est. tempo de leitura\" \/>\n\t<meta name=\"twitter:data2\" content=\"5 minutos\" \/>\n<script type=\"application\/ld+json\" class=\"yoast-schema-graph\">{\"@context\":\"https:\/\/schema.org\",\"@graph\":[{\"@type\":\"Article\",\"@id\":\"https:\/\/ubanews.com\/site\/2025\/10\/23\/fala_sodre_feira_multissetorial\/#article\",\"isPartOf\":{\"@id\":\"https:\/\/ubanews.com\/site\/2025\/10\/23\/fala_sodre_feira_multissetorial\/\"},\"author\":{\"name\":\"Carlos Roberto Sodr\u00e9\",\"@id\":\"https:\/\/ubanews.com\/site\/#\/schema\/person\/9d8da9ec3c8d00640ab6e8c81e103310\"},\"headline\":\"Fala Sodr\u00e9: Feira Multissetorial\",\"datePublished\":\"2025-10-23T13:00:54+00:00\",\"mainEntityOfPage\":{\"@id\":\"https:\/\/ubanews.com\/site\/2025\/10\/23\/fala_sodre_feira_multissetorial\/\"},\"wordCount\":958,\"commentCount\":0,\"publisher\":{\"@id\":\"https:\/\/ubanews.com\/site\/#organization\"},\"image\":{\"@id\":\"https:\/\/ubanews.com\/site\/2025\/10\/23\/fala_sodre_feira_multissetorial\/#primaryimage\"},\"thumbnailUrl\":\"https:\/\/ubanews.com\/site\/wp-content\/uploads\/2025\/10\/Fala-Sodre-Feira-Multisetorial.jpg\",\"keywords\":[\"ACIUB\u00c1\",\"Fala Sodr\u00e9\",\"Feira Multissetoria\",\"UBANEWS\"],\"articleSection\":[\"Geral\",\"Slide\"],\"inLanguage\":\"pt-BR\",\"potentialAction\":[{\"@type\":\"CommentAction\",\"name\":\"Comment\",\"target\":[\"https:\/\/ubanews.com\/site\/2025\/10\/23\/fala_sodre_feira_multissetorial\/#respond\"]}]},{\"@type\":\"WebPage\",\"@id\":\"https:\/\/ubanews.com\/site\/2025\/10\/23\/fala_sodre_feira_multissetorial\/\",\"url\":\"https:\/\/ubanews.com\/site\/2025\/10\/23\/fala_sodre_feira_multissetorial\/\",\"name\":\"Fala Sodr\u00e9: Feira Multissetorial - Ub\u00e1 News\",\"isPartOf\":{\"@id\":\"https:\/\/ubanews.com\/site\/#website\"},\"primaryImageOfPage\":{\"@id\":\"https:\/\/ubanews.com\/site\/2025\/10\/23\/fala_sodre_feira_multissetorial\/#primaryimage\"},\"image\":{\"@id\":\"https:\/\/ubanews.com\/site\/2025\/10\/23\/fala_sodre_feira_multissetorial\/#primaryimage\"},\"thumbnailUrl\":\"https:\/\/ubanews.com\/site\/wp-content\/uploads\/2025\/10\/Fala-Sodre-Feira-Multisetorial.jpg\",\"datePublished\":\"2025-10-23T13:00:54+00:00\",\"description\":\"Fala Sodr\u00e9: Feira Multissetorial \u2014 Tem neg\u00f3cio pra todo mundo!\u00a0A cidade de Ub\u00e1 se prepara para viver dias de conex\u00e3o\",\"breadcrumb\":{\"@id\":\"https:\/\/ubanews.com\/site\/2025\/10\/23\/fala_sodre_feira_multissetorial\/#breadcrumb\"},\"inLanguage\":\"pt-BR\",\"potentialAction\":[{\"@type\":\"ReadAction\",\"target\":[\"https:\/\/ubanews.com\/site\/2025\/10\/23\/fala_sodre_feira_multissetorial\/\"]}]},{\"@type\":\"ImageObject\",\"inLanguage\":\"pt-BR\",\"@id\":\"https:\/\/ubanews.com\/site\/2025\/10\/23\/fala_sodre_feira_multissetorial\/#primaryimage\",\"url\":\"https:\/\/ubanews.com\/site\/wp-content\/uploads\/2025\/10\/Fala-Sodre-Feira-Multisetorial.jpg\",\"contentUrl\":\"https:\/\/ubanews.com\/site\/wp-content\/uploads\/2025\/10\/Fala-Sodre-Feira-Multisetorial.jpg\",\"width\":829,\"height\":458,\"caption\":\"Fala Sodr\u00e9 - Feira Multessetorial\"},{\"@type\":\"BreadcrumbList\",\"@id\":\"https:\/\/ubanews.com\/site\/2025\/10\/23\/fala_sodre_feira_multissetorial\/#breadcrumb\",\"itemListElement\":[{\"@type\":\"ListItem\",\"position\":1,\"name\":\"Home\",\"item\":\"https:\/\/ubanews.com\/site\/\"},{\"@type\":\"ListItem\",\"position\":2,\"name\":\"Fala Sodr\u00e9: Feira Multissetorial\"}]},{\"@type\":\"WebSite\",\"@id\":\"https:\/\/ubanews.com\/site\/#website\",\"url\":\"https:\/\/ubanews.com\/site\/\",\"name\":\"Ub\u00e1 News\",\"description\":\"\",\"publisher\":{\"@id\":\"https:\/\/ubanews.com\/site\/#organization\"},\"potentialAction\":[{\"@type\":\"SearchAction\",\"target\":{\"@type\":\"EntryPoint\",\"urlTemplate\":\"https:\/\/ubanews.com\/site\/?s={search_term_string}\"},\"query-input\":{\"@type\":\"PropertyValueSpecification\",\"valueRequired\":true,\"valueName\":\"search_term_string\"}}],\"inLanguage\":\"pt-BR\"},{\"@type\":\"Organization\",\"@id\":\"https:\/\/ubanews.com\/site\/#organization\",\"name\":\"Ub\u00e1 News\",\"url\":\"https:\/\/ubanews.com\/site\/\",\"logo\":{\"@type\":\"ImageObject\",\"inLanguage\":\"pt-BR\",\"@id\":\"https:\/\/ubanews.com\/site\/#\/schema\/logo\/image\/\",\"url\":\"https:\/\/ubanews.com\/site\/wp-content\/uploads\/2018\/01\/logoubanews.png\",\"contentUrl\":\"https:\/\/ubanews.com\/site\/wp-content\/uploads\/2018\/01\/logoubanews.png\",\"width\":261,\"height\":99,\"caption\":\"Ub\u00e1 News\"},\"image\":{\"@id\":\"https:\/\/ubanews.com\/site\/#\/schema\/logo\/image\/\"},\"sameAs\":[\"https:\/\/www.facebook.com\/Ub\u00e1News-Carlos-Roberto-Sodr\u00e9-418778301977370\"]},{\"@type\":\"Person\",\"@id\":\"https:\/\/ubanews.com\/site\/#\/schema\/person\/9d8da9ec3c8d00640ab6e8c81e103310\",\"name\":\"Carlos Roberto Sodr\u00e9\",\"image\":{\"@type\":\"ImageObject\",\"inLanguage\":\"pt-BR\",\"@id\":\"https:\/\/secure.gravatar.com\/avatar\/aab322e8555b56c468614fafdab8a8f924e394cdc6cfd8232f77e9e4d123a133?s=96&d=mm&r=g\",\"url\":\"https:\/\/secure.gravatar.com\/avatar\/aab322e8555b56c468614fafdab8a8f924e394cdc6cfd8232f77e9e4d123a133?s=96&d=mm&r=g\",\"contentUrl\":\"https:\/\/secure.gravatar.com\/avatar\/aab322e8555b56c468614fafdab8a8f924e394cdc6cfd8232f77e9e4d123a133?s=96&d=mm&r=g\",\"caption\":\"Carlos Roberto Sodr\u00e9\"},\"url\":\"https:\/\/ubanews.com\/site\/author\/sodre\/\"}]}<\/script>\n<!-- \/ Yoast SEO plugin. -->","yoast_head_json":{"title":"Fala Sodr\u00e9: Feira Multissetorial - Ub\u00e1 News","description":"Fala Sodr\u00e9: Feira Multissetorial \u2014 Tem neg\u00f3cio pra todo mundo!\u00a0A cidade de Ub\u00e1 se prepara para viver dias de conex\u00e3o","robots":{"index":"index","follow":"follow","max-snippet":"max-snippet:-1","max-image-preview":"max-image-preview:large","max-video-preview":"max-video-preview:-1"},"canonical":"https:\/\/ubanews.com\/site\/2025\/10\/23\/fala_sodre_feira_multissetorial\/","og_locale":"pt_BR","og_type":"article","og_title":"Fala Sodr\u00e9: Feira Multissetorial - Ub\u00e1 News","og_description":"Fala Sodr\u00e9: Feira Multissetorial \u2014 Tem neg\u00f3cio pra todo mundo!\u00a0A cidade de Ub\u00e1 se prepara para viver dias de conex\u00e3o","og_url":"https:\/\/ubanews.com\/site\/2025\/10\/23\/fala_sodre_feira_multissetorial\/","og_site_name":"Ub\u00e1 News","article_publisher":"https:\/\/www.facebook.com\/Ub%c3%a1News-Carlos-Roberto-Sodr%c3%a9-418778301977370","article_published_time":"2025-10-23T13:00:54+00:00","og_image":[{"width":829,"height":458,"url":"https:\/\/ubanews.com\/site\/wp-content\/uploads\/2025\/10\/Fala-Sodre-Feira-Multisetorial.jpg","type":"image\/jpeg"}],"author":"Carlos Roberto Sodr\u00e9","twitter_card":"summary_large_image","twitter_misc":{"Escrito por":"Carlos Roberto Sodr\u00e9","Est. tempo de leitura":"5 minutos"},"schema":{"@context":"https:\/\/schema.org","@graph":[{"@type":"Article","@id":"https:\/\/ubanews.com\/site\/2025\/10\/23\/fala_sodre_feira_multissetorial\/#article","isPartOf":{"@id":"https:\/\/ubanews.com\/site\/2025\/10\/23\/fala_sodre_feira_multissetorial\/"},"author":{"name":"Carlos Roberto Sodr\u00e9","@id":"https:\/\/ubanews.com\/site\/#\/schema\/person\/9d8da9ec3c8d00640ab6e8c81e103310"},"headline":"Fala Sodr\u00e9: Feira Multissetorial","datePublished":"2025-10-23T13:00:54+00:00","mainEntityOfPage":{"@id":"https:\/\/ubanews.com\/site\/2025\/10\/23\/fala_sodre_feira_multissetorial\/"},"wordCount":958,"commentCount":0,"publisher":{"@id":"https:\/\/ubanews.com\/site\/#organization"},"image":{"@id":"https:\/\/ubanews.com\/site\/2025\/10\/23\/fala_sodre_feira_multissetorial\/#primaryimage"},"thumbnailUrl":"https:\/\/ubanews.com\/site\/wp-content\/uploads\/2025\/10\/Fala-Sodre-Feira-Multisetorial.jpg","keywords":["ACIUB\u00c1","Fala Sodr\u00e9","Feira Multissetoria","UBANEWS"],"articleSection":["Geral","Slide"],"inLanguage":"pt-BR","potentialAction":[{"@type":"CommentAction","name":"Comment","target":["https:\/\/ubanews.com\/site\/2025\/10\/23\/fala_sodre_feira_multissetorial\/#respond"]}]},{"@type":"WebPage","@id":"https:\/\/ubanews.com\/site\/2025\/10\/23\/fala_sodre_feira_multissetorial\/","url":"https:\/\/ubanews.com\/site\/2025\/10\/23\/fala_sodre_feira_multissetorial\/","name":"Fala Sodr\u00e9: Feira Multissetorial - Ub\u00e1 News","isPartOf":{"@id":"https:\/\/ubanews.com\/site\/#website"},"primaryImageOfPage":{"@id":"https:\/\/ubanews.com\/site\/2025\/10\/23\/fala_sodre_feira_multissetorial\/#primaryimage"},"image":{"@id":"https:\/\/ubanews.com\/site\/2025\/10\/23\/fala_sodre_feira_multissetorial\/#primaryimage"},"thumbnailUrl":"https:\/\/ubanews.com\/site\/wp-content\/uploads\/2025\/10\/Fala-Sodre-Feira-Multisetorial.jpg","datePublished":"2025-10-23T13:00:54+00:00","description":"Fala Sodr\u00e9: Feira Multissetorial \u2014 Tem neg\u00f3cio pra todo mundo!\u00a0A cidade de Ub\u00e1 se prepara para viver dias de conex\u00e3o","breadcrumb":{"@id":"https:\/\/ubanews.com\/site\/2025\/10\/23\/fala_sodre_feira_multissetorial\/#breadcrumb"},"inLanguage":"pt-BR","potentialAction":[{"@type":"ReadAction","target":["https:\/\/ubanews.com\/site\/2025\/10\/23\/fala_sodre_feira_multissetorial\/"]}]},{"@type":"ImageObject","inLanguage":"pt-BR","@id":"https:\/\/ubanews.com\/site\/2025\/10\/23\/fala_sodre_feira_multissetorial\/#primaryimage","url":"https:\/\/ubanews.com\/site\/wp-content\/uploads\/2025\/10\/Fala-Sodre-Feira-Multisetorial.jpg","contentUrl":"https:\/\/ubanews.com\/site\/wp-content\/uploads\/2025\/10\/Fala-Sodre-Feira-Multisetorial.jpg","width":829,"height":458,"caption":"Fala Sodr\u00e9 - Feira Multessetorial"},{"@type":"BreadcrumbList","@id":"https:\/\/ubanews.com\/site\/2025\/10\/23\/fala_sodre_feira_multissetorial\/#breadcrumb","itemListElement":[{"@type":"ListItem","position":1,"name":"Home","item":"https:\/\/ubanews.com\/site\/"},{"@type":"ListItem","position":2,"name":"Fala Sodr\u00e9: Feira Multissetorial"}]},{"@type":"WebSite","@id":"https:\/\/ubanews.com\/site\/#website","url":"https:\/\/ubanews.com\/site\/","name":"Ub\u00e1 News","description":"","publisher":{"@id":"https:\/\/ubanews.com\/site\/#organization"},"potentialAction":[{"@type":"SearchAction","target":{"@type":"EntryPoint","urlTemplate":"https:\/\/ubanews.com\/site\/?s={search_term_string}"},"query-input":{"@type":"PropertyValueSpecification","valueRequired":true,"valueName":"search_term_string"}}],"inLanguage":"pt-BR"},{"@type":"Organization","@id":"https:\/\/ubanews.com\/site\/#organization","name":"Ub\u00e1 News","url":"https:\/\/ubanews.com\/site\/","logo":{"@type":"ImageObject","inLanguage":"pt-BR","@id":"https:\/\/ubanews.com\/site\/#\/schema\/logo\/image\/","url":"https:\/\/ubanews.com\/site\/wp-content\/uploads\/2018\/01\/logoubanews.png","contentUrl":"https:\/\/ubanews.com\/site\/wp-content\/uploads\/2018\/01\/logoubanews.png","width":261,"height":99,"caption":"Ub\u00e1 News"},"image":{"@id":"https:\/\/ubanews.com\/site\/#\/schema\/logo\/image\/"},"sameAs":["https:\/\/www.facebook.com\/Ub\u00e1News-Carlos-Roberto-Sodr\u00e9-418778301977370"]},{"@type":"Person","@id":"https:\/\/ubanews.com\/site\/#\/schema\/person\/9d8da9ec3c8d00640ab6e8c81e103310","name":"Carlos Roberto Sodr\u00e9","image":{"@type":"ImageObject","inLanguage":"pt-BR","@id":"https:\/\/secure.gravatar.com\/avatar\/aab322e8555b56c468614fafdab8a8f924e394cdc6cfd8232f77e9e4d123a133?s=96&d=mm&r=g","url":"https:\/\/secure.gravatar.com\/avatar\/aab322e8555b56c468614fafdab8a8f924e394cdc6cfd8232f77e9e4d123a133?s=96&d=mm&r=g","contentUrl":"https:\/\/secure.gravatar.com\/avatar\/aab322e8555b56c468614fafdab8a8f924e394cdc6cfd8232f77e9e4d123a133?s=96&d=mm&r=g","caption":"Carlos Roberto Sodr\u00e9"},"url":"https:\/\/ubanews.com\/site\/author\/sodre\/"}]}},"_links":{"self":[{"href":"https:\/\/ubanews.com\/site\/wp-json\/wp\/v2\/posts\/23248","targetHints":{"allow":["GET"]}}],"collection":[{"href":"https:\/\/ubanews.com\/site\/wp-json\/wp\/v2\/posts"}],"about":[{"href":"https:\/\/ubanews.com\/site\/wp-json\/wp\/v2\/types\/post"}],"author":[{"embeddable":true,"href":"https:\/\/ubanews.com\/site\/wp-json\/wp\/v2\/users\/4"}],"replies":[{"embeddable":true,"href":"https:\/\/ubanews.com\/site\/wp-json\/wp\/v2\/comments?post=23248"}],"version-history":[{"count":0,"href":"https:\/\/ubanews.com\/site\/wp-json\/wp\/v2\/posts\/23248\/revisions"}],"wp:featuredmedia":[{"embeddable":true,"href":"https:\/\/ubanews.com\/site\/wp-json\/wp\/v2\/media\/23249"}],"wp:attachment":[{"href":"https:\/\/ubanews.com\/site\/wp-json\/wp\/v2\/media?parent=23248"}],"wp:term":[{"taxonomy":"category","embeddable":true,"href":"https:\/\/ubanews.com\/site\/wp-json\/wp\/v2\/categories?post=23248"},{"taxonomy":"post_tag","embeddable":true,"href":"https:\/\/ubanews.com\/site\/wp-json\/wp\/v2\/tags?post=23248"}],"curies":[{"name":"wp","href":"https:\/\/api.w.org\/{rel}","templated":true}]}}