{"id":23236,"date":"2025-10-22T10:16:26","date_gmt":"2025-10-22T13:16:26","guid":{"rendered":"https:\/\/ubanews.com\/site\/?p=23236"},"modified":"2025-10-22T10:17:09","modified_gmt":"2025-10-22T13:17:09","slug":"incendio_em_um_galpao","status":"publish","type":"post","link":"https:\/\/ubanews.com\/site\/2025\/10\/22\/incendio_em_um_galpao\/","title":{"rendered":"inc\u00eandio em um galp\u00e3o de produ\u00e7\u00e3o de molas ensacadas em uma f\u00e1brica de m\u00f3veis localizada em Ub\u00e1"},"content":{"rendered":"<p><strong>S\u00cdNTESE DAS PRINCIPAIS OCORR\u00caNCIAS<\/strong><\/p>\n<p><strong>Ub\u00e1<\/strong><\/p>\n<p><strong>Inc\u00eandio em galp\u00e3o industrial<\/strong><\/p>\n<p><strong>\u00a0<\/strong>Na \u00faltima segunda-feira (20\/10), \u00e0s 15h00min, foi registrado um <strong>inc\u00eandio em um galp\u00e3o de produ\u00e7\u00e3o de molas ensacadas em uma f\u00e1brica de m\u00f3veis localizada em Ub\u00e1<\/strong>, bairro Industrial.<\/p>\n<p>O foco teve origem no setor de embalagem, \u00e1rea j\u00e1 conhecida por apresentar recorr\u00eancia de princ\u00edpios de inc\u00eandio devido \u00e0 gera\u00e7\u00e3o de eletricidade est\u00e1tica durante o processo produtivo. A r\u00e1pida atua\u00e7\u00e3o da brigada interna da f\u00e1brica foi decisiva para conter o avan\u00e7o das chamas, evitando maiores danos \u00e0 estrutura e aos equipamentos.<\/p>\n<p>&nbsp;<\/p>\n<p>Ap\u00f3s o controle do inc\u00eandio, os trabalhos de rescaldo foram assumidos pela guarni\u00e7\u00e3o de bombeiros, que permaneceu no local garantindo a extin\u00e7\u00e3o completa de focos residuais e a seguran\u00e7a da \u00e1rea. A causa prov\u00e1vel do incidente est\u00e1 relacionada ao ac\u00famulo de carga eletrost\u00e1tica em ambiente com baixa dissipa\u00e7\u00e3o, somado \u00e0 presen\u00e7a de materiais inflam\u00e1veis utilizados na embalagem.<\/p>\n<p>A situa\u00e7\u00e3o foi controlada e n\u00e3o houve registro de v\u00edtimas.<\/p>\n<p><img decoding=\"async\" class=\"aligncenter size-medium wp-image-23237 lazyload\" data-src=\"https:\/\/ubanews.com\/site\/wp-content\/uploads\/2025\/10\/ad065979-65db-426d-af4a-da833539d196-300x169.jpg\" alt=\"Bombeiro: O amigo certo, nas horas incertas \" width=\"300\" height=\"169\" data-srcset=\"https:\/\/ubanews.com\/site\/wp-content\/uploads\/2025\/10\/ad065979-65db-426d-af4a-da833539d196-300x169.jpg 300w, https:\/\/ubanews.com\/site\/wp-content\/uploads\/2025\/10\/ad065979-65db-426d-af4a-da833539d196-1024x576.jpg 1024w, https:\/\/ubanews.com\/site\/wp-content\/uploads\/2025\/10\/ad065979-65db-426d-af4a-da833539d196-768x432.jpg 768w, https:\/\/ubanews.com\/site\/wp-content\/uploads\/2025\/10\/ad065979-65db-426d-af4a-da833539d196.jpg 1280w\" data-sizes=\"(max-width: 300px) 100vw, 300px\" src=\"data:image\/svg+xml;base64,PHN2ZyB3aWR0aD0iMSIgaGVpZ2h0PSIxIiB4bWxucz0iaHR0cDovL3d3dy53My5vcmcvMjAwMC9zdmciPjwvc3ZnPg==\" style=\"--smush-placeholder-width: 300px; --smush-placeholder-aspect-ratio: 300\/169;\" \/><\/p>\n<p>\u201cBombeiro: O amigo certo, nas horas incertas\u201d.<\/p>\n","protected":false},"excerpt":{"rendered":"<p>S\u00cdNTESE DAS PRINCIPAIS OCORR\u00caNCIAS Ub\u00e1 Inc\u00eandio em galp\u00e3o industrial \u00a0Na<\/p>\n","protected":false},"author":4,"featured_media":0,"comment_status":"open","ping_status":"open","sticky":false,"template":"","format":"standard","meta":{"footnotes":""},"categories":[1],"tags":[],"class_list":["post-23236","post","type-post","status-publish","format-standard","hentry","category-sem-categoria"],"yoast_head":"<!-- This site is optimized with the Yoast SEO plugin v27.2 - https:\/\/yoast.com\/product\/yoast-seo-wordpress\/ -->\n<title>inc\u00eandio em um galp\u00e3o de produ\u00e7\u00e3o de molas ensacadas em uma f\u00e1brica de m\u00f3veis localizada em Ub\u00e1 - Ub\u00e1 News<\/title>\n<meta name=\"description\" content=\"inc\u00eandio em um galp\u00e3o de produ\u00e7\u00e3o de molas ensacadas em uma f\u00e1brica de m\u00f3veis localizada em Ub\u00e1\" \/>\n<meta name=\"robots\" content=\"index, follow, max-snippet:-1, max-image-preview:large, max-video-preview:-1\" \/>\n<link rel=\"canonical\" href=\"https:\/\/ubanews.com\/site\/2025\/10\/22\/incendio_em_um_galpao\/\" \/>\n<meta property=\"og:locale\" content=\"pt_BR\" \/>\n<meta property=\"og:type\" content=\"article\" \/>\n<meta property=\"og:title\" content=\"inc\u00eandio em um galp\u00e3o de produ\u00e7\u00e3o de molas ensacadas em uma f\u00e1brica de m\u00f3veis localizada em Ub\u00e1 - Ub\u00e1 News\" \/>\n<meta property=\"og:description\" content=\"inc\u00eandio em um galp\u00e3o de produ\u00e7\u00e3o de molas ensacadas em uma f\u00e1brica de m\u00f3veis localizada em Ub\u00e1\" \/>\n<meta property=\"og:url\" content=\"https:\/\/ubanews.com\/site\/2025\/10\/22\/incendio_em_um_galpao\/\" \/>\n<meta property=\"og:site_name\" content=\"Ub\u00e1 News\" \/>\n<meta property=\"article:publisher\" content=\"https:\/\/www.facebook.com\/Ub%c3%a1News-Carlos-Roberto-Sodr%c3%a9-418778301977370\" \/>\n<meta property=\"article:published_time\" content=\"2025-10-22T13:16:26+00:00\" \/>\n<meta property=\"article:modified_time\" content=\"2025-10-22T13:17:09+00:00\" \/>\n<meta property=\"og:image\" content=\"https:\/\/ubanews.com\/site\/wp-content\/uploads\/2025\/10\/ad065979-65db-426d-af4a-da833539d196.jpg\" \/>\n\t<meta property=\"og:image:width\" content=\"1280\" \/>\n\t<meta property=\"og:image:height\" content=\"720\" \/>\n\t<meta property=\"og:image:type\" content=\"image\/jpeg\" \/>\n<meta name=\"author\" content=\"Carlos Roberto Sodr\u00e9\" \/>\n<meta name=\"twitter:card\" content=\"summary_large_image\" \/>\n<meta name=\"twitter:label1\" content=\"Escrito por\" \/>\n\t<meta name=\"twitter:data1\" content=\"Carlos Roberto Sodr\u00e9\" \/>\n\t<meta name=\"twitter:label2\" content=\"Est. tempo de leitura\" \/>\n\t<meta name=\"twitter:data2\" content=\"2 minutos\" \/>\n<script type=\"application\/ld+json\" class=\"yoast-schema-graph\">{\"@context\":\"https:\/\/schema.org\",\"@graph\":[{\"@type\":\"Article\",\"@id\":\"https:\/\/ubanews.com\/site\/2025\/10\/22\/incendio_em_um_galpao\/#article\",\"isPartOf\":{\"@id\":\"https:\/\/ubanews.com\/site\/2025\/10\/22\/incendio_em_um_galpao\/\"},\"author\":{\"name\":\"Carlos Roberto Sodr\u00e9\",\"@id\":\"https:\/\/ubanews.com\/site\/#\/schema\/person\/9d8da9ec3c8d00640ab6e8c81e103310\"},\"headline\":\"inc\u00eandio em um galp\u00e3o de produ\u00e7\u00e3o de molas ensacadas em uma f\u00e1brica de m\u00f3veis localizada em Ub\u00e1\",\"datePublished\":\"2025-10-22T13:16:26+00:00\",\"dateModified\":\"2025-10-22T13:17:09+00:00\",\"mainEntityOfPage\":{\"@id\":\"https:\/\/ubanews.com\/site\/2025\/10\/22\/incendio_em_um_galpao\/\"},\"wordCount\":215,\"commentCount\":0,\"publisher\":{\"@id\":\"https:\/\/ubanews.com\/site\/#organization\"},\"image\":{\"@id\":\"https:\/\/ubanews.com\/site\/2025\/10\/22\/incendio_em_um_galpao\/#primaryimage\"},\"thumbnailUrl\":\"https:\/\/ubanews.com\/site\/wp-content\/uploads\/2025\/10\/ad065979-65db-426d-af4a-da833539d196-300x169.jpg\",\"articleSection\":[\"Geral\"],\"inLanguage\":\"pt-BR\",\"potentialAction\":[{\"@type\":\"CommentAction\",\"name\":\"Comment\",\"target\":[\"https:\/\/ubanews.com\/site\/2025\/10\/22\/incendio_em_um_galpao\/#respond\"]}]},{\"@type\":\"WebPage\",\"@id\":\"https:\/\/ubanews.com\/site\/2025\/10\/22\/incendio_em_um_galpao\/\",\"url\":\"https:\/\/ubanews.com\/site\/2025\/10\/22\/incendio_em_um_galpao\/\",\"name\":\"inc\u00eandio em um galp\u00e3o de produ\u00e7\u00e3o de molas ensacadas em uma f\u00e1brica de m\u00f3veis localizada em Ub\u00e1 - Ub\u00e1 News\",\"isPartOf\":{\"@id\":\"https:\/\/ubanews.com\/site\/#website\"},\"primaryImageOfPage\":{\"@id\":\"https:\/\/ubanews.com\/site\/2025\/10\/22\/incendio_em_um_galpao\/#primaryimage\"},\"image\":{\"@id\":\"https:\/\/ubanews.com\/site\/2025\/10\/22\/incendio_em_um_galpao\/#primaryimage\"},\"thumbnailUrl\":\"https:\/\/ubanews.com\/site\/wp-content\/uploads\/2025\/10\/ad065979-65db-426d-af4a-da833539d196-300x169.jpg\",\"datePublished\":\"2025-10-22T13:16:26+00:00\",\"dateModified\":\"2025-10-22T13:17:09+00:00\",\"description\":\"inc\u00eandio em um galp\u00e3o de produ\u00e7\u00e3o de molas ensacadas em uma f\u00e1brica de m\u00f3veis localizada em Ub\u00e1\",\"breadcrumb\":{\"@id\":\"https:\/\/ubanews.com\/site\/2025\/10\/22\/incendio_em_um_galpao\/#breadcrumb\"},\"inLanguage\":\"pt-BR\",\"potentialAction\":[{\"@type\":\"ReadAction\",\"target\":[\"https:\/\/ubanews.com\/site\/2025\/10\/22\/incendio_em_um_galpao\/\"]}]},{\"@type\":\"ImageObject\",\"inLanguage\":\"pt-BR\",\"@id\":\"https:\/\/ubanews.com\/site\/2025\/10\/22\/incendio_em_um_galpao\/#primaryimage\",\"url\":\"https:\/\/ubanews.com\/site\/wp-content\/uploads\/2025\/10\/ad065979-65db-426d-af4a-da833539d196.jpg\",\"contentUrl\":\"https:\/\/ubanews.com\/site\/wp-content\/uploads\/2025\/10\/ad065979-65db-426d-af4a-da833539d196.jpg\",\"width\":1280,\"height\":720,\"caption\":\"Bombeiro: O amigo certo, nas horas incertas\"},{\"@type\":\"BreadcrumbList\",\"@id\":\"https:\/\/ubanews.com\/site\/2025\/10\/22\/incendio_em_um_galpao\/#breadcrumb\",\"itemListElement\":[{\"@type\":\"ListItem\",\"position\":1,\"name\":\"Home\",\"item\":\"https:\/\/ubanews.com\/site\/\"},{\"@type\":\"ListItem\",\"position\":2,\"name\":\"inc\u00eandio em um galp\u00e3o de produ\u00e7\u00e3o de molas ensacadas em uma f\u00e1brica de m\u00f3veis localizada em Ub\u00e1\"}]},{\"@type\":\"WebSite\",\"@id\":\"https:\/\/ubanews.com\/site\/#website\",\"url\":\"https:\/\/ubanews.com\/site\/\",\"name\":\"Ub\u00e1 News\",\"description\":\"\",\"publisher\":{\"@id\":\"https:\/\/ubanews.com\/site\/#organization\"},\"potentialAction\":[{\"@type\":\"SearchAction\",\"target\":{\"@type\":\"EntryPoint\",\"urlTemplate\":\"https:\/\/ubanews.com\/site\/?s={search_term_string}\"},\"query-input\":{\"@type\":\"PropertyValueSpecification\",\"valueRequired\":true,\"valueName\":\"search_term_string\"}}],\"inLanguage\":\"pt-BR\"},{\"@type\":\"Organization\",\"@id\":\"https:\/\/ubanews.com\/site\/#organization\",\"name\":\"Ub\u00e1 News\",\"url\":\"https:\/\/ubanews.com\/site\/\",\"logo\":{\"@type\":\"ImageObject\",\"inLanguage\":\"pt-BR\",\"@id\":\"https:\/\/ubanews.com\/site\/#\/schema\/logo\/image\/\",\"url\":\"https:\/\/ubanews.com\/site\/wp-content\/uploads\/2018\/01\/logoubanews.png\",\"contentUrl\":\"https:\/\/ubanews.com\/site\/wp-content\/uploads\/2018\/01\/logoubanews.png\",\"width\":261,\"height\":99,\"caption\":\"Ub\u00e1 News\"},\"image\":{\"@id\":\"https:\/\/ubanews.com\/site\/#\/schema\/logo\/image\/\"},\"sameAs\":[\"https:\/\/www.facebook.com\/Ub\u00e1News-Carlos-Roberto-Sodr\u00e9-418778301977370\"]},{\"@type\":\"Person\",\"@id\":\"https:\/\/ubanews.com\/site\/#\/schema\/person\/9d8da9ec3c8d00640ab6e8c81e103310\",\"name\":\"Carlos Roberto Sodr\u00e9\",\"image\":{\"@type\":\"ImageObject\",\"inLanguage\":\"pt-BR\",\"@id\":\"https:\/\/secure.gravatar.com\/avatar\/aab322e8555b56c468614fafdab8a8f924e394cdc6cfd8232f77e9e4d123a133?s=96&d=mm&r=g\",\"url\":\"https:\/\/secure.gravatar.com\/avatar\/aab322e8555b56c468614fafdab8a8f924e394cdc6cfd8232f77e9e4d123a133?s=96&d=mm&r=g\",\"contentUrl\":\"https:\/\/secure.gravatar.com\/avatar\/aab322e8555b56c468614fafdab8a8f924e394cdc6cfd8232f77e9e4d123a133?s=96&d=mm&r=g\",\"caption\":\"Carlos Roberto Sodr\u00e9\"},\"url\":\"https:\/\/ubanews.com\/site\/author\/sodre\/\"}]}<\/script>\n<!-- \/ Yoast SEO plugin. -->","yoast_head_json":{"title":"inc\u00eandio em um galp\u00e3o de produ\u00e7\u00e3o de molas ensacadas em uma f\u00e1brica de m\u00f3veis localizada em Ub\u00e1 - Ub\u00e1 News","description":"inc\u00eandio em um galp\u00e3o de produ\u00e7\u00e3o de molas ensacadas em uma f\u00e1brica de m\u00f3veis localizada em Ub\u00e1","robots":{"index":"index","follow":"follow","max-snippet":"max-snippet:-1","max-image-preview":"max-image-preview:large","max-video-preview":"max-video-preview:-1"},"canonical":"https:\/\/ubanews.com\/site\/2025\/10\/22\/incendio_em_um_galpao\/","og_locale":"pt_BR","og_type":"article","og_title":"inc\u00eandio em um galp\u00e3o de produ\u00e7\u00e3o de molas ensacadas em uma f\u00e1brica de m\u00f3veis localizada em Ub\u00e1 - Ub\u00e1 News","og_description":"inc\u00eandio em um galp\u00e3o de produ\u00e7\u00e3o de molas ensacadas em uma f\u00e1brica de m\u00f3veis localizada em Ub\u00e1","og_url":"https:\/\/ubanews.com\/site\/2025\/10\/22\/incendio_em_um_galpao\/","og_site_name":"Ub\u00e1 News","article_publisher":"https:\/\/www.facebook.com\/Ub%c3%a1News-Carlos-Roberto-Sodr%c3%a9-418778301977370","article_published_time":"2025-10-22T13:16:26+00:00","article_modified_time":"2025-10-22T13:17:09+00:00","og_image":[{"width":1280,"height":720,"url":"https:\/\/ubanews.com\/site\/wp-content\/uploads\/2025\/10\/ad065979-65db-426d-af4a-da833539d196.jpg","type":"image\/jpeg"}],"author":"Carlos Roberto Sodr\u00e9","twitter_card":"summary_large_image","twitter_misc":{"Escrito por":"Carlos Roberto Sodr\u00e9","Est. tempo de leitura":"2 minutos"},"schema":{"@context":"https:\/\/schema.org","@graph":[{"@type":"Article","@id":"https:\/\/ubanews.com\/site\/2025\/10\/22\/incendio_em_um_galpao\/#article","isPartOf":{"@id":"https:\/\/ubanews.com\/site\/2025\/10\/22\/incendio_em_um_galpao\/"},"author":{"name":"Carlos Roberto Sodr\u00e9","@id":"https:\/\/ubanews.com\/site\/#\/schema\/person\/9d8da9ec3c8d00640ab6e8c81e103310"},"headline":"inc\u00eandio em um galp\u00e3o de produ\u00e7\u00e3o de molas ensacadas em uma f\u00e1brica de m\u00f3veis localizada em Ub\u00e1","datePublished":"2025-10-22T13:16:26+00:00","dateModified":"2025-10-22T13:17:09+00:00","mainEntityOfPage":{"@id":"https:\/\/ubanews.com\/site\/2025\/10\/22\/incendio_em_um_galpao\/"},"wordCount":215,"commentCount":0,"publisher":{"@id":"https:\/\/ubanews.com\/site\/#organization"},"image":{"@id":"https:\/\/ubanews.com\/site\/2025\/10\/22\/incendio_em_um_galpao\/#primaryimage"},"thumbnailUrl":"https:\/\/ubanews.com\/site\/wp-content\/uploads\/2025\/10\/ad065979-65db-426d-af4a-da833539d196-300x169.jpg","articleSection":["Geral"],"inLanguage":"pt-BR","potentialAction":[{"@type":"CommentAction","name":"Comment","target":["https:\/\/ubanews.com\/site\/2025\/10\/22\/incendio_em_um_galpao\/#respond"]}]},{"@type":"WebPage","@id":"https:\/\/ubanews.com\/site\/2025\/10\/22\/incendio_em_um_galpao\/","url":"https:\/\/ubanews.com\/site\/2025\/10\/22\/incendio_em_um_galpao\/","name":"inc\u00eandio em um galp\u00e3o de produ\u00e7\u00e3o de molas ensacadas em uma f\u00e1brica de m\u00f3veis localizada em Ub\u00e1 - Ub\u00e1 News","isPartOf":{"@id":"https:\/\/ubanews.com\/site\/#website"},"primaryImageOfPage":{"@id":"https:\/\/ubanews.com\/site\/2025\/10\/22\/incendio_em_um_galpao\/#primaryimage"},"image":{"@id":"https:\/\/ubanews.com\/site\/2025\/10\/22\/incendio_em_um_galpao\/#primaryimage"},"thumbnailUrl":"https:\/\/ubanews.com\/site\/wp-content\/uploads\/2025\/10\/ad065979-65db-426d-af4a-da833539d196-300x169.jpg","datePublished":"2025-10-22T13:16:26+00:00","dateModified":"2025-10-22T13:17:09+00:00","description":"inc\u00eandio em um galp\u00e3o de produ\u00e7\u00e3o de molas ensacadas em uma f\u00e1brica de m\u00f3veis localizada em Ub\u00e1","breadcrumb":{"@id":"https:\/\/ubanews.com\/site\/2025\/10\/22\/incendio_em_um_galpao\/#breadcrumb"},"inLanguage":"pt-BR","potentialAction":[{"@type":"ReadAction","target":["https:\/\/ubanews.com\/site\/2025\/10\/22\/incendio_em_um_galpao\/"]}]},{"@type":"ImageObject","inLanguage":"pt-BR","@id":"https:\/\/ubanews.com\/site\/2025\/10\/22\/incendio_em_um_galpao\/#primaryimage","url":"https:\/\/ubanews.com\/site\/wp-content\/uploads\/2025\/10\/ad065979-65db-426d-af4a-da833539d196.jpg","contentUrl":"https:\/\/ubanews.com\/site\/wp-content\/uploads\/2025\/10\/ad065979-65db-426d-af4a-da833539d196.jpg","width":1280,"height":720,"caption":"Bombeiro: O amigo certo, nas horas incertas"},{"@type":"BreadcrumbList","@id":"https:\/\/ubanews.com\/site\/2025\/10\/22\/incendio_em_um_galpao\/#breadcrumb","itemListElement":[{"@type":"ListItem","position":1,"name":"Home","item":"https:\/\/ubanews.com\/site\/"},{"@type":"ListItem","position":2,"name":"inc\u00eandio em um galp\u00e3o de produ\u00e7\u00e3o de molas ensacadas em uma f\u00e1brica de m\u00f3veis localizada em Ub\u00e1"}]},{"@type":"WebSite","@id":"https:\/\/ubanews.com\/site\/#website","url":"https:\/\/ubanews.com\/site\/","name":"Ub\u00e1 News","description":"","publisher":{"@id":"https:\/\/ubanews.com\/site\/#organization"},"potentialAction":[{"@type":"SearchAction","target":{"@type":"EntryPoint","urlTemplate":"https:\/\/ubanews.com\/site\/?s={search_term_string}"},"query-input":{"@type":"PropertyValueSpecification","valueRequired":true,"valueName":"search_term_string"}}],"inLanguage":"pt-BR"},{"@type":"Organization","@id":"https:\/\/ubanews.com\/site\/#organization","name":"Ub\u00e1 News","url":"https:\/\/ubanews.com\/site\/","logo":{"@type":"ImageObject","inLanguage":"pt-BR","@id":"https:\/\/ubanews.com\/site\/#\/schema\/logo\/image\/","url":"https:\/\/ubanews.com\/site\/wp-content\/uploads\/2018\/01\/logoubanews.png","contentUrl":"https:\/\/ubanews.com\/site\/wp-content\/uploads\/2018\/01\/logoubanews.png","width":261,"height":99,"caption":"Ub\u00e1 News"},"image":{"@id":"https:\/\/ubanews.com\/site\/#\/schema\/logo\/image\/"},"sameAs":["https:\/\/www.facebook.com\/Ub\u00e1News-Carlos-Roberto-Sodr\u00e9-418778301977370"]},{"@type":"Person","@id":"https:\/\/ubanews.com\/site\/#\/schema\/person\/9d8da9ec3c8d00640ab6e8c81e103310","name":"Carlos Roberto Sodr\u00e9","image":{"@type":"ImageObject","inLanguage":"pt-BR","@id":"https:\/\/secure.gravatar.com\/avatar\/aab322e8555b56c468614fafdab8a8f924e394cdc6cfd8232f77e9e4d123a133?s=96&d=mm&r=g","url":"https:\/\/secure.gravatar.com\/avatar\/aab322e8555b56c468614fafdab8a8f924e394cdc6cfd8232f77e9e4d123a133?s=96&d=mm&r=g","contentUrl":"https:\/\/secure.gravatar.com\/avatar\/aab322e8555b56c468614fafdab8a8f924e394cdc6cfd8232f77e9e4d123a133?s=96&d=mm&r=g","caption":"Carlos Roberto Sodr\u00e9"},"url":"https:\/\/ubanews.com\/site\/author\/sodre\/"}]}},"_links":{"self":[{"href":"https:\/\/ubanews.com\/site\/wp-json\/wp\/v2\/posts\/23236","targetHints":{"allow":["GET"]}}],"collection":[{"href":"https:\/\/ubanews.com\/site\/wp-json\/wp\/v2\/posts"}],"about":[{"href":"https:\/\/ubanews.com\/site\/wp-json\/wp\/v2\/types\/post"}],"author":[{"embeddable":true,"href":"https:\/\/ubanews.com\/site\/wp-json\/wp\/v2\/users\/4"}],"replies":[{"embeddable":true,"href":"https:\/\/ubanews.com\/site\/wp-json\/wp\/v2\/comments?post=23236"}],"version-history":[{"count":0,"href":"https:\/\/ubanews.com\/site\/wp-json\/wp\/v2\/posts\/23236\/revisions"}],"wp:attachment":[{"href":"https:\/\/ubanews.com\/site\/wp-json\/wp\/v2\/media?parent=23236"}],"wp:term":[{"taxonomy":"category","embeddable":true,"href":"https:\/\/ubanews.com\/site\/wp-json\/wp\/v2\/categories?post=23236"},{"taxonomy":"post_tag","embeddable":true,"href":"https:\/\/ubanews.com\/site\/wp-json\/wp\/v2\/tags?post=23236"}],"curies":[{"name":"wp","href":"https:\/\/api.w.org\/{rel}","templated":true}]}}