{"id":23231,"date":"2025-10-22T09:45:46","date_gmt":"2025-10-22T12:45:46","guid":{"rendered":"https:\/\/ubanews.com\/site\/?p=23231"},"modified":"2025-10-22T09:50:32","modified_gmt":"2025-10-22T12:50:32","slug":"sessao-solene-na-camara-municipal-de-uba","status":"publish","type":"post","link":"https:\/\/ubanews.com\/site\/2025\/10\/22\/sessao-solene-na-camara-municipal-de-uba\/","title":{"rendered":"Sess\u00e3o solene na C\u00e2mara Municipal de Ub\u00e1"},"content":{"rendered":"<p data-start=\"340\" data-end=\"453\">Sess\u00e3o solene na C\u00e2mara Municipal de Ub\u00e1: Personalidades Ubaenses 2025 recebem homenagem.<b>\u00a0<\/b>Uma noite de reconhecimento e emo\u00e7\u00e3o.\u00a0A C\u00e2mara Municipal de Ub\u00e1 foi palco de uma das noites mais emocionantes do ano. A <strong data-start=\"701\" data-end=\"771\">sess\u00e3o solene de entrega dos t\u00edtulos de Personalidade Ubaense 2025<\/strong> reuniu nomes que representam dedica\u00e7\u00e3o, solidariedade e amor pela cidade. O evento foi registrado pelo rep\u00f3rter <strong data-start=\"884\" data-end=\"908\">Carlos Roberto Sodr\u00e9<\/strong>, com imagens de <strong data-start=\"925\" data-end=\"940\">Laisa Sodr\u00e9<\/strong> e conte\u00fado produzido por <strong data-start=\"966\" data-end=\"985\">Pedro Henriques<\/strong>, da <strong data-start=\"990\" data-end=\"1005\">INDICCA.COM<\/strong>.<\/p>\n<h2 data-start=\"340\" data-end=\"453\">&#x1f31f; Fala Sodr\u00e9 registra sess\u00e3o solene na C\u00e2mara Municipal de Ub\u00e1: Personalidades Ubaenses 2025 recebem homenagem<\/h2>\n<p><img decoding=\"async\" class=\"aligncenter size-medium wp-image-23232 lazyload\" data-src=\"https:\/\/ubanews.com\/site\/wp-content\/uploads\/2025\/10\/Fala-Sodre-Gilberto-Salleto-300x155.jpg\" alt=\"Fala Sodr\u00e9 registra sess\u00e3o solene na C\u00e2mara Municipal de Ub\u00e1: Personalidades Ubaenses 2025 recebem homenagem\" width=\"300\" height=\"155\" data-srcset=\"https:\/\/ubanews.com\/site\/wp-content\/uploads\/2025\/10\/Fala-Sodre-Gilberto-Salleto-300x155.jpg 300w, https:\/\/ubanews.com\/site\/wp-content\/uploads\/2025\/10\/Fala-Sodre-Gilberto-Salleto-768x397.jpg 768w, https:\/\/ubanews.com\/site\/wp-content\/uploads\/2025\/10\/Fala-Sodre-Gilberto-Salleto.jpg 986w\" data-sizes=\"(max-width: 300px) 100vw, 300px\" src=\"data:image\/svg+xml;base64,PHN2ZyB3aWR0aD0iMSIgaGVpZ2h0PSIxIiB4bWxucz0iaHR0cDovL3d3dy53My5vcmcvMjAwMC9zdmciPjwvc3ZnPg==\" style=\"--smush-placeholder-width: 300px; --smush-placeholder-aspect-ratio: 300\/155;\" \/><\/p>\n<p data-start=\"1008\" data-end=\"1304\">Logo no in\u00edcio da transmiss\u00e3o pelo <strong data-start=\"1043\" data-end=\"1063\">Canal Fala Sodr\u00e9<\/strong>, ficou claro que a solenidade seria marcada por hist\u00f3rias de supera\u00e7\u00e3o e compromisso comunit\u00e1rio. Cada homenagem carregava o reconhecimento de uma trajet\u00f3ria inspiradora \u2014 e a certeza de que Ub\u00e1 cresce com o trabalho e a uni\u00e3o de sua gente.<\/p>\n<hr data-start=\"1306\" data-end=\"1309\" \/>\n<h3 data-start=\"1311\" data-end=\"1343\">Exemplos de vida e dedica\u00e7\u00e3o<\/h3>\n<p data-start=\"1345\" data-end=\"1516\">Entre os homenageados estava a professora <strong data-start=\"1387\" data-end=\"1421\">Maria Helena de Souza Estoduto<\/strong>, que dedicou mais de tr\u00eas d\u00e9cadas \u00e0 educa\u00e7\u00e3o. Emocionada, ela resumiu o sentimento da noite:<\/p>\n<blockquote data-start=\"1518\" data-end=\"1692\">\n<p data-start=\"1520\" data-end=\"1692\">\u201cDesde os 18 anos, dediquei minha vida \u00e0 forma\u00e7\u00e3o de jovens. Foram mais de 30 anos em sala de aula. Receber esse t\u00edtulo \u00e9 reviver cada hist\u00f3ria constru\u00edda com meus alunos.\u201d<\/p>\n<\/blockquote>\n<p data-start=\"1694\" data-end=\"1819\">Ela refor\u00e7ou que a homenagem representa todos os educadores que fazem da sala de aula um espa\u00e7o de transforma\u00e7\u00e3o e valores.<\/p>\n<hr data-start=\"1821\" data-end=\"1824\" \/>\n<h3 data-start=\"1826\" data-end=\"1872\">Comprometimento com a sa\u00fade e a comunidade<\/h3>\n<p data-start=\"1874\" data-end=\"2060\">O <strong data-start=\"1876\" data-end=\"1909\">Hospital S\u00e3o Vicente de Paulo<\/strong> tamb\u00e9m foi lembrado na solenidade. A institui\u00e7\u00e3o se destacou por sua trajet\u00f3ria de reconstru\u00e7\u00e3o e pelo trabalho de gest\u00e3o transparente e humanizada.<\/p>\n<p data-start=\"2062\" data-end=\"2203\">O empres\u00e1rio <strong data-start=\"2075\" data-end=\"2090\">Bruno Gropo<\/strong>, membro da diretoria e um dos homenageados da noite, ressaltou o papel do hospital no cuidado com a popula\u00e7\u00e3o:<\/p>\n<blockquote data-start=\"2205\" data-end=\"2435\">\n<p data-start=\"2207\" data-end=\"2435\">\u201cO hospital \u00e9 um s\u00edmbolo de supera\u00e7\u00e3o. Hoje ele funciona com mais efici\u00eancia, atendendo com qualidade e acolhimento. Isso \u00e9 fruto da dedica\u00e7\u00e3o de toda a equipe. A gente aprendeu que, quando a comunidade se une, tudo \u00e9 poss\u00edvel.\u201d<\/p>\n<\/blockquote>\n<p data-start=\"2437\" data-end=\"2592\">J\u00e1 <strong data-start=\"2440\" data-end=\"2458\">R\u00f4mulo Ribeiro<\/strong>, que tamb\u00e9m integra a administra\u00e7\u00e3o da institui\u00e7\u00e3o, falou sobre o desafio de manter a sa\u00fade financeira e a transpar\u00eancia na gest\u00e3o:<\/p>\n<blockquote data-start=\"2594\" data-end=\"2825\">\n<p data-start=\"2596\" data-end=\"2825\">\u201cApagamos o inc\u00eandio e colocamos o hospital de p\u00e9. Agora o foco \u00e9 planejamento e responsabilidade. Cada decis\u00e3o precisa ser consciente para garantir a sustentabilidade do atendimento. Nosso compromisso \u00e9 com a sociedade ubaense.\u201d<\/p>\n<\/blockquote>\n<p data-start=\"2827\" data-end=\"3021\">As falas de Bruno e R\u00f4mulo mostraram a for\u00e7a de uma gest\u00e3o que alia t\u00e9cnica e sensibilidade. O p\u00fablico aplaudiu de p\u00e9 o esfor\u00e7o coletivo que devolveu ao hospital seu papel essencial na cidade.<\/p>\n<hr data-start=\"3023\" data-end=\"3026\" \/>\n<h3 data-start=\"3028\" data-end=\"3078\">Personalidades que representam o melhor de Ub\u00e1<\/h3>\n<p data-start=\"3080\" data-end=\"3330\">Outros homenageados tamb\u00e9m compartilharam suas hist\u00f3rias inspiradoras. O <strong data-start=\"3153\" data-end=\"3176\">radialista Cesar S\u00e1<\/strong> destacou o poder da comunica\u00e7\u00e3o na constru\u00e7\u00e3o de uma sociedade mais informada. O <strong data-start=\"3258\" data-end=\"3285\">educador Leonardo Couto<\/strong> refor\u00e7ou a import\u00e2ncia da forma\u00e7\u00e3o cidad\u00e3.<\/p>\n<p data-start=\"3332\" data-end=\"3524\">O <strong data-start=\"3334\" data-end=\"3373\">empres\u00e1rio Luiz Henrique Benevenuto<\/strong> lembrou o valor do empreendedorismo sustent\u00e1vel. A <strong data-start=\"3425\" data-end=\"3462\">atleta de corrida J\u00e9ssica Ladeira<\/strong> celebrou o esporte como ferramenta de inclus\u00e3o e supera\u00e7\u00e3o:<\/p>\n<blockquote data-start=\"3525\" data-end=\"3664\">\n<p data-start=\"3527\" data-end=\"3664\">\u201cO esporte me ensinou disciplina e me aproximou de pessoas incr\u00edveis. Essa homenagem \u00e9 um incentivo para seguir competindo e inspirando.\u201d<\/p>\n<\/blockquote>\n<p data-start=\"3666\" data-end=\"3897\">O <strong data-start=\"3668\" data-end=\"3685\">Padre Eduardo<\/strong> trouxe uma reflex\u00e3o espiritual sobre o papel da f\u00e9 na transforma\u00e7\u00e3o social, enquanto <strong data-start=\"3771\" data-end=\"3807\">Gilberto Teixeira Pereira Coelho<\/strong> destacou a import\u00e2ncia da \u00e9tica nos neg\u00f3cios e da solidariedade nas a\u00e7\u00f5es comunit\u00e1rias.<\/p>\n<hr data-start=\"3899\" data-end=\"3902\" \/>\n<h3 data-start=\"3904\" data-end=\"3938\">Um retrato de Ub\u00e1 que d\u00e1 certo<\/h3>\n<p data-start=\"3940\" data-end=\"4036\">Durante a transmiss\u00e3o, o rep\u00f3rter <strong data-start=\"3974\" data-end=\"3998\">Carlos Roberto Sodr\u00e9<\/strong> destacou a relev\u00e2ncia da cerim\u00f4nia:<\/p>\n<blockquote data-start=\"4038\" data-end=\"4218\">\n<p data-start=\"4040\" data-end=\"4218\">\u201cEssas personalidades mostram o que Ub\u00e1 tem de melhor \u2014 gente comprometida, trabalhadora e solid\u00e1ria. Cada hist\u00f3ria compartilhada aqui inspira e renova o orgulho de ser ubaense.\u201d<\/p>\n<\/blockquote>\n<p data-start=\"4220\" data-end=\"4403\">Com imagens sens\u00edveis captadas por <strong data-start=\"4255\" data-end=\"4270\">Laisa Sodr\u00e9<\/strong> e produ\u00e7\u00e3o de <strong data-start=\"4285\" data-end=\"4304\">Pedro Henriques<\/strong>, a cobertura registrou cada emo\u00e7\u00e3o da noite \u2014 dos sorrisos aos aplausos, dos abra\u00e7os \u00e0 gratid\u00e3o.<\/p>\n<hr data-start=\"4405\" data-end=\"4408\" \/>\n<h3 data-start=\"4410\" data-end=\"4434\">Orgulho e inspira\u00e7\u00e3o<\/h3>\n<p data-start=\"4436\" data-end=\"4656\">O evento foi mais que uma homenagem: foi uma celebra\u00e7\u00e3o da for\u00e7a coletiva. Cada premiado representa um setor vital da cidade \u2014 educa\u00e7\u00e3o, sa\u00fade, esporte, comunica\u00e7\u00e3o e f\u00e9 \u2014 todos unidos pela mesma causa: o amor por Ub\u00e1.<\/p>\n<p data-start=\"4658\" data-end=\"4789\">As <strong data-start=\"4661\" data-end=\"4696\">Personalidades Ubaenses de 2025<\/strong> deixaram uma mensagem clara: o futuro da cidade se constr\u00f3i com trabalho, empatia e uni\u00e3o.<\/p>\n<p><iframe title=\"FalaSodr\u00e9 sess\u00e3o solene na C\u00e2mara Municipal para entrega de t\u00edtulos de Personalidade Ubaense de 2025\" width=\"840\" height=\"473\" data-src=\"https:\/\/www.youtube.com\/embed\/EzCfCBZmwx0?feature=oembed\" frameborder=\"0\" allow=\"accelerometer; autoplay; clipboard-write; encrypted-media; gyroscope; picture-in-picture; web-share\" referrerpolicy=\"strict-origin-when-cross-origin\" allowfullscreen src=\"data:image\/svg+xml;base64,PHN2ZyB3aWR0aD0iMSIgaGVpZ2h0PSIxIiB4bWxucz0iaHR0cDovL3d3dy53My5vcmcvMjAwMC9zdmciPjwvc3ZnPg==\" class=\"lazyload\" data-load-mode=\"1\"><\/iframe><\/p>\n<p style=\"margin: 0in; font-size: 20.0pt;\"><span style=\"font-family: 'Segoe UI Emoji';\">&#x1f4da; <\/span><span style=\"font-weight: bold; font-family: Calibri;\">Cobertura:<\/span><span style=\"font-family: Calibri;\"> Carlos Roberto Sodr\u00e9 <\/span><a href=\"https:\/\/wa.me\/553298481334\"><span style=\"font-family: Calibri;\">WhatsApp<\/span><\/a><\/p>\n<p style=\"margin: 0in; font-size: 20.0pt;\"><span style=\"font-family: 'Segoe UI Emoji';\">&#x1f4f8; <\/span><span style=\"font-weight: bold; font-family: Calibri;\">Imagens:<\/span><span style=\"font-family: Calibri;\"> Laisa Sodr\u00e9<\/span><\/p>\n<p style=\"margin: 0in; font-size: 20.0pt;\"><span style=\"font-family: 'Segoe UI Emoji';\">&#x1f4dd; <\/span><span style=\"font-weight: bold; font-family: Calibri;\">Conte\u00fado: <\/span><a href=\"https:\/\/www.linkedin.com\/in\/pedrohgf\/\"><span style=\"font-family: Calibri;\">Pedro Henriques<\/span><\/a><span style=\"font-family: Calibri;\"> \u2013 <\/span><a href=\"https:\/\/indicca.com.br\/blog\/\"><span style=\"font-family: Calibri;\">INDICCA.COM<\/span><\/a><span style=\"font-family: Calibri;\">\u00a0 <\/span><a href=\"https:\/\/wa.me\/5532988020057\"><span style=\"font-family: Calibri;\">WhatsApp<\/span><\/a><\/p>\n<p style=\"margin: 0in; font-size: 20.0pt;\"><span style=\"font-family: 'Segoe UI Emoji';\">&#x1f393; <\/span><span style=\"font-weight: bold; font-family: Calibri;\">Evento:\u00a0<\/span>Fala Sodr\u00e9 registra sess\u00e3o solene na C\u00e2mara Municipal de Ub\u00e1: Personalidades Ubaenses 2025 recebem homenagem<\/p>\n","protected":false},"excerpt":{"rendered":"<p>Sess\u00e3o solene na C\u00e2mara Municipal de Ub\u00e1: Personalidades Ubaenses 2025<\/p>\n","protected":false},"author":4,"featured_media":23232,"comment_status":"open","ping_status":"open","sticky":false,"template":"","format":"standard","meta":{"footnotes":""},"categories":[1,3],"tags":[178,179,175,59,181,174,177,173,180,176,182,60],"class_list":["post-23231","post","type-post","status-publish","format-standard","has-post-thumbnail","hentry","category-sem-categoria","category-slide","tag-atleta-de-corrida-jessica-ladeira","tag-bruno-gropo","tag-cesar-sa","tag-fala-sodre","tag-gilberto-teixeira-pereira-coelho","tag-leonardo-couto","tag-luiz-henrique-benevenuto","tag-maria-helena-de-souza-estoduto","tag-padre-eduardo","tag-radialista","tag-romulo-ribeiro","tag-ubanews"],"yoast_head":"<!-- This site is optimized with the Yoast SEO plugin v27.2 - https:\/\/yoast.com\/product\/yoast-seo-wordpress\/ -->\n<title>Sess\u00e3o solene na C\u00e2mara Municipal de Ub\u00e1 - Ub\u00e1 News<\/title>\n<meta name=\"description\" content=\"Sess\u00e3o solene na C\u00e2mara Municipal de Ub\u00e1. Personalidades Ubaenses 2025 recebem homenagem. Fala Sodr\u00e9 e portal UbaNews.\" \/>\n<meta name=\"robots\" content=\"index, follow, max-snippet:-1, max-image-preview:large, max-video-preview:-1\" \/>\n<link rel=\"canonical\" href=\"https:\/\/ubanews.com\/site\/2025\/10\/22\/sessao-solene-na-camara-municipal-de-uba\/\" \/>\n<meta property=\"og:locale\" content=\"pt_BR\" \/>\n<meta property=\"og:type\" content=\"article\" \/>\n<meta property=\"og:title\" content=\"Sess\u00e3o solene na C\u00e2mara Municipal de Ub\u00e1 - Ub\u00e1 News\" \/>\n<meta property=\"og:description\" content=\"Sess\u00e3o solene na C\u00e2mara Municipal de Ub\u00e1. Personalidades Ubaenses 2025 recebem homenagem. Fala Sodr\u00e9 e portal UbaNews.\" \/>\n<meta property=\"og:url\" content=\"https:\/\/ubanews.com\/site\/2025\/10\/22\/sessao-solene-na-camara-municipal-de-uba\/\" \/>\n<meta property=\"og:site_name\" content=\"Ub\u00e1 News\" \/>\n<meta property=\"article:publisher\" content=\"https:\/\/www.facebook.com\/Ub%c3%a1News-Carlos-Roberto-Sodr%c3%a9-418778301977370\" \/>\n<meta property=\"article:published_time\" content=\"2025-10-22T12:45:46+00:00\" \/>\n<meta property=\"article:modified_time\" content=\"2025-10-22T12:50:32+00:00\" \/>\n<meta property=\"og:image\" content=\"https:\/\/ubanews.com\/site\/wp-content\/uploads\/2025\/10\/Fala-Sodre-Gilberto-Salleto.jpg\" \/>\n\t<meta property=\"og:image:width\" content=\"986\" \/>\n\t<meta property=\"og:image:height\" content=\"510\" \/>\n\t<meta property=\"og:image:type\" content=\"image\/jpeg\" \/>\n<meta name=\"author\" content=\"Carlos Roberto Sodr\u00e9\" \/>\n<meta name=\"twitter:card\" content=\"summary_large_image\" \/>\n<meta name=\"twitter:label1\" content=\"Escrito por\" \/>\n\t<meta name=\"twitter:data1\" content=\"Carlos Roberto Sodr\u00e9\" \/>\n\t<meta name=\"twitter:label2\" content=\"Est. tempo de leitura\" \/>\n\t<meta name=\"twitter:data2\" content=\"4 minutos\" \/>\n<script type=\"application\/ld+json\" class=\"yoast-schema-graph\">{\"@context\":\"https:\/\/schema.org\",\"@graph\":[{\"@type\":\"Article\",\"@id\":\"https:\/\/ubanews.com\/site\/2025\/10\/22\/sessao-solene-na-camara-municipal-de-uba\/#article\",\"isPartOf\":{\"@id\":\"https:\/\/ubanews.com\/site\/2025\/10\/22\/sessao-solene-na-camara-municipal-de-uba\/\"},\"author\":{\"name\":\"Carlos Roberto Sodr\u00e9\",\"@id\":\"https:\/\/ubanews.com\/site\/#\/schema\/person\/9d8da9ec3c8d00640ab6e8c81e103310\"},\"headline\":\"Sess\u00e3o solene na C\u00e2mara Municipal de Ub\u00e1\",\"datePublished\":\"2025-10-22T12:45:46+00:00\",\"dateModified\":\"2025-10-22T12:50:32+00:00\",\"mainEntityOfPage\":{\"@id\":\"https:\/\/ubanews.com\/site\/2025\/10\/22\/sessao-solene-na-camara-municipal-de-uba\/\"},\"wordCount\":810,\"commentCount\":0,\"publisher\":{\"@id\":\"https:\/\/ubanews.com\/site\/#organization\"},\"image\":{\"@id\":\"https:\/\/ubanews.com\/site\/2025\/10\/22\/sessao-solene-na-camara-municipal-de-uba\/#primaryimage\"},\"thumbnailUrl\":\"https:\/\/ubanews.com\/site\/wp-content\/uploads\/2025\/10\/Fala-Sodre-Gilberto-Salleto.jpg\",\"keywords\":[\"Atleta de Corrida J\u00e9ssica Ladeira\",\"Bruno Gropo\",\"Cesar S\u00e1\",\"Fala Sodr\u00e9\",\"Gilberto Teixeira Pereira Coelho\",\"Leonardo Couto\",\"Luiz Henrique Benevenuto\",\"Maria Helena de Souza Estoduto\",\"Padre Eduardo\",\"Radialista\",\"Romulo Ribeiro\",\"UBANEWS\"],\"articleSection\":[\"Geral\",\"Slide\"],\"inLanguage\":\"pt-BR\",\"potentialAction\":[{\"@type\":\"CommentAction\",\"name\":\"Comment\",\"target\":[\"https:\/\/ubanews.com\/site\/2025\/10\/22\/sessao-solene-na-camara-municipal-de-uba\/#respond\"]}]},{\"@type\":\"WebPage\",\"@id\":\"https:\/\/ubanews.com\/site\/2025\/10\/22\/sessao-solene-na-camara-municipal-de-uba\/\",\"url\":\"https:\/\/ubanews.com\/site\/2025\/10\/22\/sessao-solene-na-camara-municipal-de-uba\/\",\"name\":\"Sess\u00e3o solene na C\u00e2mara Municipal de Ub\u00e1 - Ub\u00e1 News\",\"isPartOf\":{\"@id\":\"https:\/\/ubanews.com\/site\/#website\"},\"primaryImageOfPage\":{\"@id\":\"https:\/\/ubanews.com\/site\/2025\/10\/22\/sessao-solene-na-camara-municipal-de-uba\/#primaryimage\"},\"image\":{\"@id\":\"https:\/\/ubanews.com\/site\/2025\/10\/22\/sessao-solene-na-camara-municipal-de-uba\/#primaryimage\"},\"thumbnailUrl\":\"https:\/\/ubanews.com\/site\/wp-content\/uploads\/2025\/10\/Fala-Sodre-Gilberto-Salleto.jpg\",\"datePublished\":\"2025-10-22T12:45:46+00:00\",\"dateModified\":\"2025-10-22T12:50:32+00:00\",\"description\":\"Sess\u00e3o solene na C\u00e2mara Municipal de Ub\u00e1. Personalidades Ubaenses 2025 recebem homenagem. Fala Sodr\u00e9 e portal UbaNews.\",\"breadcrumb\":{\"@id\":\"https:\/\/ubanews.com\/site\/2025\/10\/22\/sessao-solene-na-camara-municipal-de-uba\/#breadcrumb\"},\"inLanguage\":\"pt-BR\",\"potentialAction\":[{\"@type\":\"ReadAction\",\"target\":[\"https:\/\/ubanews.com\/site\/2025\/10\/22\/sessao-solene-na-camara-municipal-de-uba\/\"]}]},{\"@type\":\"ImageObject\",\"inLanguage\":\"pt-BR\",\"@id\":\"https:\/\/ubanews.com\/site\/2025\/10\/22\/sessao-solene-na-camara-municipal-de-uba\/#primaryimage\",\"url\":\"https:\/\/ubanews.com\/site\/wp-content\/uploads\/2025\/10\/Fala-Sodre-Gilberto-Salleto.jpg\",\"contentUrl\":\"https:\/\/ubanews.com\/site\/wp-content\/uploads\/2025\/10\/Fala-Sodre-Gilberto-Salleto.jpg\",\"width\":986,\"height\":510,\"caption\":\"Fala Sodr\u00e9 registra sess\u00e3o solene na C\u00e2mara Municipal de Ub\u00e1: Personalidades Ubaenses 2025 recebem homenagem\"},{\"@type\":\"BreadcrumbList\",\"@id\":\"https:\/\/ubanews.com\/site\/2025\/10\/22\/sessao-solene-na-camara-municipal-de-uba\/#breadcrumb\",\"itemListElement\":[{\"@type\":\"ListItem\",\"position\":1,\"name\":\"Home\",\"item\":\"https:\/\/ubanews.com\/site\/\"},{\"@type\":\"ListItem\",\"position\":2,\"name\":\"Sess\u00e3o solene na C\u00e2mara Municipal de Ub\u00e1\"}]},{\"@type\":\"WebSite\",\"@id\":\"https:\/\/ubanews.com\/site\/#website\",\"url\":\"https:\/\/ubanews.com\/site\/\",\"name\":\"Ub\u00e1 News\",\"description\":\"\",\"publisher\":{\"@id\":\"https:\/\/ubanews.com\/site\/#organization\"},\"potentialAction\":[{\"@type\":\"SearchAction\",\"target\":{\"@type\":\"EntryPoint\",\"urlTemplate\":\"https:\/\/ubanews.com\/site\/?s={search_term_string}\"},\"query-input\":{\"@type\":\"PropertyValueSpecification\",\"valueRequired\":true,\"valueName\":\"search_term_string\"}}],\"inLanguage\":\"pt-BR\"},{\"@type\":\"Organization\",\"@id\":\"https:\/\/ubanews.com\/site\/#organization\",\"name\":\"Ub\u00e1 News\",\"url\":\"https:\/\/ubanews.com\/site\/\",\"logo\":{\"@type\":\"ImageObject\",\"inLanguage\":\"pt-BR\",\"@id\":\"https:\/\/ubanews.com\/site\/#\/schema\/logo\/image\/\",\"url\":\"https:\/\/ubanews.com\/site\/wp-content\/uploads\/2018\/01\/logoubanews.png\",\"contentUrl\":\"https:\/\/ubanews.com\/site\/wp-content\/uploads\/2018\/01\/logoubanews.png\",\"width\":261,\"height\":99,\"caption\":\"Ub\u00e1 News\"},\"image\":{\"@id\":\"https:\/\/ubanews.com\/site\/#\/schema\/logo\/image\/\"},\"sameAs\":[\"https:\/\/www.facebook.com\/Ub\u00e1News-Carlos-Roberto-Sodr\u00e9-418778301977370\"]},{\"@type\":\"Person\",\"@id\":\"https:\/\/ubanews.com\/site\/#\/schema\/person\/9d8da9ec3c8d00640ab6e8c81e103310\",\"name\":\"Carlos Roberto Sodr\u00e9\",\"image\":{\"@type\":\"ImageObject\",\"inLanguage\":\"pt-BR\",\"@id\":\"https:\/\/secure.gravatar.com\/avatar\/aab322e8555b56c468614fafdab8a8f924e394cdc6cfd8232f77e9e4d123a133?s=96&d=mm&r=g\",\"url\":\"https:\/\/secure.gravatar.com\/avatar\/aab322e8555b56c468614fafdab8a8f924e394cdc6cfd8232f77e9e4d123a133?s=96&d=mm&r=g\",\"contentUrl\":\"https:\/\/secure.gravatar.com\/avatar\/aab322e8555b56c468614fafdab8a8f924e394cdc6cfd8232f77e9e4d123a133?s=96&d=mm&r=g\",\"caption\":\"Carlos Roberto Sodr\u00e9\"},\"url\":\"https:\/\/ubanews.com\/site\/author\/sodre\/\"}]}<\/script>\n<!-- \/ Yoast SEO plugin. -->","yoast_head_json":{"title":"Sess\u00e3o solene na C\u00e2mara Municipal de Ub\u00e1 - Ub\u00e1 News","description":"Sess\u00e3o solene na C\u00e2mara Municipal de Ub\u00e1. Personalidades Ubaenses 2025 recebem homenagem. Fala Sodr\u00e9 e portal UbaNews.","robots":{"index":"index","follow":"follow","max-snippet":"max-snippet:-1","max-image-preview":"max-image-preview:large","max-video-preview":"max-video-preview:-1"},"canonical":"https:\/\/ubanews.com\/site\/2025\/10\/22\/sessao-solene-na-camara-municipal-de-uba\/","og_locale":"pt_BR","og_type":"article","og_title":"Sess\u00e3o solene na C\u00e2mara Municipal de Ub\u00e1 - Ub\u00e1 News","og_description":"Sess\u00e3o solene na C\u00e2mara Municipal de Ub\u00e1. Personalidades Ubaenses 2025 recebem homenagem. Fala Sodr\u00e9 e portal UbaNews.","og_url":"https:\/\/ubanews.com\/site\/2025\/10\/22\/sessao-solene-na-camara-municipal-de-uba\/","og_site_name":"Ub\u00e1 News","article_publisher":"https:\/\/www.facebook.com\/Ub%c3%a1News-Carlos-Roberto-Sodr%c3%a9-418778301977370","article_published_time":"2025-10-22T12:45:46+00:00","article_modified_time":"2025-10-22T12:50:32+00:00","og_image":[{"width":986,"height":510,"url":"https:\/\/ubanews.com\/site\/wp-content\/uploads\/2025\/10\/Fala-Sodre-Gilberto-Salleto.jpg","type":"image\/jpeg"}],"author":"Carlos Roberto Sodr\u00e9","twitter_card":"summary_large_image","twitter_misc":{"Escrito por":"Carlos Roberto Sodr\u00e9","Est. tempo de leitura":"4 minutos"},"schema":{"@context":"https:\/\/schema.org","@graph":[{"@type":"Article","@id":"https:\/\/ubanews.com\/site\/2025\/10\/22\/sessao-solene-na-camara-municipal-de-uba\/#article","isPartOf":{"@id":"https:\/\/ubanews.com\/site\/2025\/10\/22\/sessao-solene-na-camara-municipal-de-uba\/"},"author":{"name":"Carlos Roberto Sodr\u00e9","@id":"https:\/\/ubanews.com\/site\/#\/schema\/person\/9d8da9ec3c8d00640ab6e8c81e103310"},"headline":"Sess\u00e3o solene na C\u00e2mara Municipal de Ub\u00e1","datePublished":"2025-10-22T12:45:46+00:00","dateModified":"2025-10-22T12:50:32+00:00","mainEntityOfPage":{"@id":"https:\/\/ubanews.com\/site\/2025\/10\/22\/sessao-solene-na-camara-municipal-de-uba\/"},"wordCount":810,"commentCount":0,"publisher":{"@id":"https:\/\/ubanews.com\/site\/#organization"},"image":{"@id":"https:\/\/ubanews.com\/site\/2025\/10\/22\/sessao-solene-na-camara-municipal-de-uba\/#primaryimage"},"thumbnailUrl":"https:\/\/ubanews.com\/site\/wp-content\/uploads\/2025\/10\/Fala-Sodre-Gilberto-Salleto.jpg","keywords":["Atleta de Corrida J\u00e9ssica Ladeira","Bruno Gropo","Cesar S\u00e1","Fala Sodr\u00e9","Gilberto Teixeira Pereira Coelho","Leonardo Couto","Luiz Henrique Benevenuto","Maria Helena de Souza Estoduto","Padre Eduardo","Radialista","Romulo Ribeiro","UBANEWS"],"articleSection":["Geral","Slide"],"inLanguage":"pt-BR","potentialAction":[{"@type":"CommentAction","name":"Comment","target":["https:\/\/ubanews.com\/site\/2025\/10\/22\/sessao-solene-na-camara-municipal-de-uba\/#respond"]}]},{"@type":"WebPage","@id":"https:\/\/ubanews.com\/site\/2025\/10\/22\/sessao-solene-na-camara-municipal-de-uba\/","url":"https:\/\/ubanews.com\/site\/2025\/10\/22\/sessao-solene-na-camara-municipal-de-uba\/","name":"Sess\u00e3o solene na C\u00e2mara Municipal de Ub\u00e1 - Ub\u00e1 News","isPartOf":{"@id":"https:\/\/ubanews.com\/site\/#website"},"primaryImageOfPage":{"@id":"https:\/\/ubanews.com\/site\/2025\/10\/22\/sessao-solene-na-camara-municipal-de-uba\/#primaryimage"},"image":{"@id":"https:\/\/ubanews.com\/site\/2025\/10\/22\/sessao-solene-na-camara-municipal-de-uba\/#primaryimage"},"thumbnailUrl":"https:\/\/ubanews.com\/site\/wp-content\/uploads\/2025\/10\/Fala-Sodre-Gilberto-Salleto.jpg","datePublished":"2025-10-22T12:45:46+00:00","dateModified":"2025-10-22T12:50:32+00:00","description":"Sess\u00e3o solene na C\u00e2mara Municipal de Ub\u00e1. Personalidades Ubaenses 2025 recebem homenagem. Fala Sodr\u00e9 e portal UbaNews.","breadcrumb":{"@id":"https:\/\/ubanews.com\/site\/2025\/10\/22\/sessao-solene-na-camara-municipal-de-uba\/#breadcrumb"},"inLanguage":"pt-BR","potentialAction":[{"@type":"ReadAction","target":["https:\/\/ubanews.com\/site\/2025\/10\/22\/sessao-solene-na-camara-municipal-de-uba\/"]}]},{"@type":"ImageObject","inLanguage":"pt-BR","@id":"https:\/\/ubanews.com\/site\/2025\/10\/22\/sessao-solene-na-camara-municipal-de-uba\/#primaryimage","url":"https:\/\/ubanews.com\/site\/wp-content\/uploads\/2025\/10\/Fala-Sodre-Gilberto-Salleto.jpg","contentUrl":"https:\/\/ubanews.com\/site\/wp-content\/uploads\/2025\/10\/Fala-Sodre-Gilberto-Salleto.jpg","width":986,"height":510,"caption":"Fala Sodr\u00e9 registra sess\u00e3o solene na C\u00e2mara Municipal de Ub\u00e1: Personalidades Ubaenses 2025 recebem homenagem"},{"@type":"BreadcrumbList","@id":"https:\/\/ubanews.com\/site\/2025\/10\/22\/sessao-solene-na-camara-municipal-de-uba\/#breadcrumb","itemListElement":[{"@type":"ListItem","position":1,"name":"Home","item":"https:\/\/ubanews.com\/site\/"},{"@type":"ListItem","position":2,"name":"Sess\u00e3o solene na C\u00e2mara Municipal de Ub\u00e1"}]},{"@type":"WebSite","@id":"https:\/\/ubanews.com\/site\/#website","url":"https:\/\/ubanews.com\/site\/","name":"Ub\u00e1 News","description":"","publisher":{"@id":"https:\/\/ubanews.com\/site\/#organization"},"potentialAction":[{"@type":"SearchAction","target":{"@type":"EntryPoint","urlTemplate":"https:\/\/ubanews.com\/site\/?s={search_term_string}"},"query-input":{"@type":"PropertyValueSpecification","valueRequired":true,"valueName":"search_term_string"}}],"inLanguage":"pt-BR"},{"@type":"Organization","@id":"https:\/\/ubanews.com\/site\/#organization","name":"Ub\u00e1 News","url":"https:\/\/ubanews.com\/site\/","logo":{"@type":"ImageObject","inLanguage":"pt-BR","@id":"https:\/\/ubanews.com\/site\/#\/schema\/logo\/image\/","url":"https:\/\/ubanews.com\/site\/wp-content\/uploads\/2018\/01\/logoubanews.png","contentUrl":"https:\/\/ubanews.com\/site\/wp-content\/uploads\/2018\/01\/logoubanews.png","width":261,"height":99,"caption":"Ub\u00e1 News"},"image":{"@id":"https:\/\/ubanews.com\/site\/#\/schema\/logo\/image\/"},"sameAs":["https:\/\/www.facebook.com\/Ub\u00e1News-Carlos-Roberto-Sodr\u00e9-418778301977370"]},{"@type":"Person","@id":"https:\/\/ubanews.com\/site\/#\/schema\/person\/9d8da9ec3c8d00640ab6e8c81e103310","name":"Carlos Roberto Sodr\u00e9","image":{"@type":"ImageObject","inLanguage":"pt-BR","@id":"https:\/\/secure.gravatar.com\/avatar\/aab322e8555b56c468614fafdab8a8f924e394cdc6cfd8232f77e9e4d123a133?s=96&d=mm&r=g","url":"https:\/\/secure.gravatar.com\/avatar\/aab322e8555b56c468614fafdab8a8f924e394cdc6cfd8232f77e9e4d123a133?s=96&d=mm&r=g","contentUrl":"https:\/\/secure.gravatar.com\/avatar\/aab322e8555b56c468614fafdab8a8f924e394cdc6cfd8232f77e9e4d123a133?s=96&d=mm&r=g","caption":"Carlos Roberto Sodr\u00e9"},"url":"https:\/\/ubanews.com\/site\/author\/sodre\/"}]}},"_links":{"self":[{"href":"https:\/\/ubanews.com\/site\/wp-json\/wp\/v2\/posts\/23231","targetHints":{"allow":["GET"]}}],"collection":[{"href":"https:\/\/ubanews.com\/site\/wp-json\/wp\/v2\/posts"}],"about":[{"href":"https:\/\/ubanews.com\/site\/wp-json\/wp\/v2\/types\/post"}],"author":[{"embeddable":true,"href":"https:\/\/ubanews.com\/site\/wp-json\/wp\/v2\/users\/4"}],"replies":[{"embeddable":true,"href":"https:\/\/ubanews.com\/site\/wp-json\/wp\/v2\/comments?post=23231"}],"version-history":[{"count":0,"href":"https:\/\/ubanews.com\/site\/wp-json\/wp\/v2\/posts\/23231\/revisions"}],"wp:featuredmedia":[{"embeddable":true,"href":"https:\/\/ubanews.com\/site\/wp-json\/wp\/v2\/media\/23232"}],"wp:attachment":[{"href":"https:\/\/ubanews.com\/site\/wp-json\/wp\/v2\/media?parent=23231"}],"wp:term":[{"taxonomy":"category","embeddable":true,"href":"https:\/\/ubanews.com\/site\/wp-json\/wp\/v2\/categories?post=23231"},{"taxonomy":"post_tag","embeddable":true,"href":"https:\/\/ubanews.com\/site\/wp-json\/wp\/v2\/tags?post=23231"}],"curies":[{"name":"wp","href":"https:\/\/api.w.org\/{rel}","templated":true}]}}