{"id":23227,"date":"2025-10-21T09:43:25","date_gmt":"2025-10-21T12:43:25","guid":{"rendered":"https:\/\/ubanews.com\/site\/?p=23227"},"modified":"2025-10-21T09:43:25","modified_gmt":"2025-10-21T12:43:25","slug":"4a-caminhada-pela-vida-em-uba-do-nucleo-do-cancer","status":"publish","type":"post","link":"https:\/\/ubanews.com\/site\/2025\/10\/21\/4a-caminhada-pela-vida-em-uba-do-nucleo-do-cancer\/","title":{"rendered":"4\u00aa Caminhada Pela Vida em Ub\u00e1 do N\u00facleo do C\u00e2ncer"},"content":{"rendered":"<h2 data-start=\"519\" data-end=\"614\"><strong data-start=\"522\" data-end=\"614\">Fala Sodr\u00e9: Gestores do NRVCC celebram emo\u00e7\u00e3o e sucesso da 4\u00aa Caminhada Pela Vida em Ub\u00e1<\/strong><\/h2>\n<p data-start=\"616\" data-end=\"1007\">4\u00aa Caminhada Pela Vida em Ub\u00e1 do N\u00facleo do C\u00e2ncer.\u00a0<strong data-start=\"522\" data-end=\"614\">Fala Sodr\u00e9: Gestores do NRVCC celebram emo\u00e7\u00e3o e sucesso da 4\u00aa Caminhada Pela Vida em Ub\u00e1. <\/strong>A manh\u00e3 de domingo come\u00e7ou chuvosa, mas a garoa n\u00e3o afastou a energia de quem foi \u00e0 <strong data-start=\"700\" data-end=\"722\">Pra\u00e7a S\u00e3o Janu\u00e1rio<\/strong>, em Ub\u00e1, participar da <strong data-start=\"746\" data-end=\"772\">4\u00aa Caminhada Pela Vida<\/strong>, promovida pelo <strong data-start=\"789\" data-end=\"853\">N\u00facleo Regional de Voluntariado de Combate ao C\u00e2ncer (NRVCC)<\/strong>.<br data-start=\"854\" data-end=\"857\" \/>Fam\u00edlias, profissionais da sa\u00fade, pacientes e volunt\u00e1rios caminharam juntos para reafirmar um compromisso com a <strong data-start=\"969\" data-end=\"1006\">vida, a preven\u00e7\u00e3o e o acolhimento<\/strong>.<\/p>\n<h2 data-start=\"519\" data-end=\"614\"><strong data-start=\"522\" data-end=\"614\">Fala Sodr\u00e9: Gestores do NRVCC (N\u00facleo do C\u00e2ncer de Ub\u00e1) celebram emo\u00e7\u00e3o e sucesso da 4\u00aa Caminhada Pela Vida em Ub\u00e1<\/strong><\/h2>\n<p><img decoding=\"async\" class=\"aligncenter size-medium wp-image-23228 lazyload\" data-src=\"https:\/\/ubanews.com\/site\/wp-content\/uploads\/2025\/10\/Fala-Sodre-Nucleo-do-Cancer-Maria-do-Socorro-Boscato-300x138.jpg\" alt=\"Fala Sodr\u00e9: Gestores do NRVCC celebram emo\u00e7\u00e3o e sucesso da 4\u00aa Caminhada Pela Vida em Ub\u00e1\" width=\"300\" height=\"138\" data-srcset=\"https:\/\/ubanews.com\/site\/wp-content\/uploads\/2025\/10\/Fala-Sodre-Nucleo-do-Cancer-Maria-do-Socorro-Boscato-300x138.jpg 300w, https:\/\/ubanews.com\/site\/wp-content\/uploads\/2025\/10\/Fala-Sodre-Nucleo-do-Cancer-Maria-do-Socorro-Boscato-1024x473.jpg 1024w, https:\/\/ubanews.com\/site\/wp-content\/uploads\/2025\/10\/Fala-Sodre-Nucleo-do-Cancer-Maria-do-Socorro-Boscato-768x355.jpg 768w, https:\/\/ubanews.com\/site\/wp-content\/uploads\/2025\/10\/Fala-Sodre-Nucleo-do-Cancer-Maria-do-Socorro-Boscato.jpg 1239w\" data-sizes=\"(max-width: 300px) 100vw, 300px\" src=\"data:image\/svg+xml;base64,PHN2ZyB3aWR0aD0iMSIgaGVpZ2h0PSIxIiB4bWxucz0iaHR0cDovL3d3dy53My5vcmcvMjAwMC9zdmciPjwvc3ZnPg==\" style=\"--smush-placeholder-width: 300px; --smush-placeholder-aspect-ratio: 300\/138;\" \/><\/p>\n<p data-start=\"1009\" data-end=\"1167\">\n<h3 data-start=\"1174\" data-end=\"1209\"><strong data-start=\"1178\" data-end=\"1209\">Esperan\u00e7a que vence a chuva<\/strong><\/h3>\n<p data-start=\"1211\" data-end=\"1635\">Logo nas primeiras horas do dia, a Pra\u00e7a S\u00e3o Janu\u00e1rio se encheu de guarda-chuvas coloridos e pessoas vestidas de rosa.<br data-start=\"1329\" data-end=\"1332\" \/>A chuva, em vez de desanimar, trouxe ainda mais simbolismo ao evento. \u201c<strong data-start=\"1403\" data-end=\"1520\">Hoje choveu, mas ningu\u00e9m desistiu. Isso mostra o quanto as pessoas est\u00e3o engajadas nessa causa que \u00e9 de todos n\u00f3s<\/strong>\u201d, afirmou <strong data-start=\"1531\" data-end=\"1544\">Guilherme<\/strong>, gestor do <strong data-start=\"1556\" data-end=\"1576\">N\u00facleo do C\u00e2ncer<\/strong>, visivelmente emocionado com o envolvimento da comunidade.<\/p>\n<p data-start=\"1637\" data-end=\"1818\">Segundo ele, a caminhada cresce a cada edi\u00e7\u00e3o. \u201c<strong data-start=\"1685\" data-end=\"1805\">A gente v\u00ea cada vez mais mulheres procurando o exame, se cuidando e entendendo que o diagn\u00f3stico precoce salva vidas<\/strong>\u201d, completou.<\/p>\n<hr data-start=\"1820\" data-end=\"1823\" \/>\n<h3 data-start=\"1825\" data-end=\"1860\"><strong data-start=\"1829\" data-end=\"1860\">Hist\u00f3rias de supera\u00e7\u00e3o e f\u00e9<\/strong><\/h3>\n<p data-start=\"1862\" data-end=\"2180\">Durante a cobertura, <strong data-start=\"1883\" data-end=\"1892\">Sodr\u00e9<\/strong> ouviu relatos marcantes.<br data-start=\"1917\" data-end=\"1920\" \/>A participante <strong data-start=\"1935\" data-end=\"1944\">Marli<\/strong>, que venceu o c\u00e2ncer de mama h\u00e1 seis anos, emocionou o p\u00fablico. \u201c<strong data-start=\"2010\" data-end=\"2148\">Quando recebi o diagn\u00f3stico, chorei muito. Mas encontrei for\u00e7a na minha fam\u00edlia. Eles me ajudaram em tudo. Hoje eu posso dizer: venci!<\/strong>\u201d, contou, com brilho nos olhos.<\/p>\n<p data-start=\"2182\" data-end=\"2416\">Outras mulheres, como <strong data-start=\"2204\" data-end=\"2214\">Renata<\/strong> e <strong data-start=\"2217\" data-end=\"2228\">Rafaela<\/strong>, tamb\u00e9m compartilharam experi\u00eancias de supera\u00e7\u00e3o. \u201c<strong data-start=\"2280\" data-end=\"2397\">O apoio psicol\u00f3gico e espiritual \u00e9 essencial. Falar sobre o c\u00e2ncer sem medo ajuda outras pessoas a buscarem ajuda<\/strong>\u201d, destacou Renata.<\/p>\n<hr data-start=\"2418\" data-end=\"2421\" \/>\n<h3 data-start=\"2423\" data-end=\"2464\"><strong data-start=\"2427\" data-end=\"2464\">A voz da ci\u00eancia e do acolhimento<\/strong><\/h3>\n<p data-start=\"2466\" data-end=\"2675\">Ap\u00f3s a fala de <strong data-start=\"2481\" data-end=\"2504\">Maria da Consola\u00e7\u00e3o<\/strong>, que refor\u00e7ou o poder da f\u00e9 e da uni\u00e3o, a <strong data-start=\"2547\" data-end=\"2576\">Dra. Tha\u00eds Parma Teixeira<\/strong>, m\u00e9dica mastologista do <strong data-start=\"2601\" data-end=\"2621\">N\u00facleo do C\u00e2ncer<\/strong>, fez um alerta importante sobre o cuidado preventivo.<\/p>\n<p data-start=\"2677\" data-end=\"3054\">\u201c<strong data-start=\"2678\" data-end=\"2835\">Quanto mais cedo a mulher faz o exame, maiores s\u00e3o as chances de cura. O c\u00e2ncer de mama detectado no in\u00edcio tem tratamento mais simples e menos agressivo<\/strong>\u201d, explicou.<br data-start=\"2847\" data-end=\"2850\" \/>Ela lembrou que o <strong data-start=\"2868\" data-end=\"2908\">c\u00e2ncer tamb\u00e9m pode atingir os homens<\/strong>, e que todos devem ficar atentos. \u201c<strong data-start=\"2944\" data-end=\"3041\">Homens tamb\u00e9m precisam observar o corpo e procurar ajuda m\u00e9dica se notarem qualquer altera\u00e7\u00e3o<\/strong>\u201d, completou.<\/p>\n<p data-start=\"3056\" data-end=\"3569\">Em seguida, <strong data-start=\"3068\" data-end=\"3079\">Socorro<\/strong>, integrante da coordena\u00e7\u00e3o do <strong data-start=\"3110\" data-end=\"3119\">NRVCC<\/strong>, refor\u00e7ou o papel da entidade no atendimento e acolhimento das pessoas.<br data-start=\"3191\" data-end=\"3194\" \/>\u201c<strong data-start=\"3195\" data-end=\"3382\">O N\u00facleo \u00e9 uma extens\u00e3o da comunidade. A gente caminha com cada paciente desde o diagn\u00f3stico at\u00e9 o fim do tratamento. Esse trabalho \u00e9 feito com amor, respeito e compromisso com a vida<\/strong>\u201d, disse.<br data-start=\"3391\" data-end=\"3394\" \/>Com voz firme, ela agradeceu o apoio da popula\u00e7\u00e3o e dos volunt\u00e1rios. \u201c<strong data-start=\"3464\" data-end=\"3567\">Cada pessoa que veio aqui hoje mostrou que a preven\u00e7\u00e3o \u00e9 uma causa coletiva. Juntos, salvamos vidas<\/strong>.\u201d<\/p>\n<hr data-start=\"3571\" data-end=\"3574\" \/>\n<h3 data-start=\"3576\" data-end=\"3611\"><strong data-start=\"3580\" data-end=\"3611\">O papel do N\u00facleo do C\u00e2ncer<\/strong><\/h3>\n<p data-start=\"3613\" data-end=\"3904\">Desde 2005, o <strong data-start=\"3627\" data-end=\"3636\">NRVCC<\/strong> tem se destacado em <strong data-start=\"3657\" data-end=\"3701\">orientar, acolher e encaminhar pacientes<\/strong> para o diagn\u00f3stico e tratamento.<br data-start=\"3734\" data-end=\"3737\" \/>O N\u00facleo promove campanhas educativas, realiza palestras e mant\u00e9m atendimento social permanente, com o objetivo de aproximar informa\u00e7\u00e3o e cuidado de quem mais precisa.<\/p>\n<p data-start=\"3906\" data-end=\"4201\">\u201c<strong data-start=\"3907\" data-end=\"4000\">O trabalho \u00e9 feito com amor. A gente acolhe, orienta e acompanha. Isso faz toda diferen\u00e7a<\/strong>\u201d, disse uma das volunt\u00e1rias do setor de fisioterapia.<br data-start=\"4054\" data-end=\"4057\" \/>Ela tamb\u00e9m destacou o projeto <strong data-start=\"4087\" data-end=\"4102\">Abra\u00e7o Rosa<\/strong>, criado para acompanhar mulheres desde o diagn\u00f3stico at\u00e9 o retorno \u00e0 vida plena ap\u00f3s o tratamento.<\/p>\n<hr data-start=\"4203\" data-end=\"4206\" \/>\n<h3 data-start=\"4208\" data-end=\"4239\"><strong data-start=\"4212\" data-end=\"4239\">Prevenir \u00e9 cuidar de si<\/strong><\/h3>\n<p data-start=\"4241\" data-end=\"4518\">A <strong data-start=\"4243\" data-end=\"4269\">4\u00aa Caminhada Pela Vida<\/strong> refor\u00e7ou o compromisso de toda a comunidade com a preven\u00e7\u00e3o.<br data-start=\"4330\" data-end=\"4333\" \/>\u201c<strong data-start=\"4334\" data-end=\"4462\">A mamografia \u00e9 um presente que toda mulher deve se dar. Quanto mais cedo o c\u00e2ncer for descoberto, maiores as chances de cura<\/strong>\u201d, lembrou <strong data-start=\"4473\" data-end=\"4486\">Guilherme<\/strong>, enquanto o p\u00fablico aplaudia.<\/p>\n<p data-start=\"4520\" data-end=\"4697\">Em sua fala, <strong data-start=\"4533\" data-end=\"4542\">Sodr\u00e9<\/strong> destacou: \u201c<strong data-start=\"4554\" data-end=\"4696\">O Outubro Rosa \u00e9 um lembrete importante, mas o cuidado deve acontecer o ano todo. A preven\u00e7\u00e3o \u00e9 um gesto de amor que se renova a cada dia.<\/strong>\u201d<\/p>\n<hr data-start=\"4699\" data-end=\"4702\" \/>\n<h3 data-start=\"4704\" data-end=\"4742\"><strong data-start=\"4708\" data-end=\"4742\">A cidade que caminha pela vida<\/strong><\/h3>\n<p data-start=\"4744\" data-end=\"5022\">O evento encerrou com aplausos e abra\u00e7os na Pra\u00e7a S\u00e3o Janu\u00e1rio.<br data-start=\"4807\" data-end=\"4810\" \/>Participantes de todas as idades se uniram em uma corrente de solidariedade e f\u00e9.<br data-start=\"4891\" data-end=\"4894\" \/>\u201c<strong data-start=\"4895\" data-end=\"4988\">Cada passo aqui \u00e9 um passo pela vida. Ub\u00e1 mostrou mais uma vez que \u00e9 uma cidade solid\u00e1ria<\/strong>\u201d, concluiu Guilherme, emocionado.<\/p>\n<p data-start=\"5024\" data-end=\"5223\">A reportagem do <strong data-start=\"5040\" data-end=\"5054\">Fala Sodr\u00e9<\/strong> registrou n\u00e3o apenas um evento, mas um movimento de <strong data-start=\"5107\" data-end=\"5138\">amor, esperan\u00e7a e preven\u00e7\u00e3o<\/strong>. A <strong data-start=\"5144\" data-end=\"5167\">Caminhada Pela Vida<\/strong> segue como s\u00edmbolo de for\u00e7a e uni\u00e3o em defesa da sa\u00fade.<\/p>\n<p><iframe title=\"Fala Sodr\u00e9: Gestores do NRVCC revelam a alegria da participa\u00e7\u00e3o do p\u00fablico na 4\u00aa Caminhada Pela Vida\" width=\"840\" height=\"473\" data-src=\"https:\/\/www.youtube.com\/embed\/SD_Z9tMKtHk?feature=oembed\" frameborder=\"0\" allow=\"accelerometer; autoplay; clipboard-write; encrypted-media; gyroscope; picture-in-picture; web-share\" referrerpolicy=\"strict-origin-when-cross-origin\" allowfullscreen src=\"data:image\/svg+xml;base64,PHN2ZyB3aWR0aD0iMSIgaGVpZ2h0PSIxIiB4bWxucz0iaHR0cDovL3d3dy53My5vcmcvMjAwMC9zdmciPjwvc3ZnPg==\" class=\"lazyload\" data-load-mode=\"1\"><\/iframe><\/p>\n<p style=\"margin: 0in; font-size: 20.0pt;\"><span style=\"font-family: 'Segoe UI Emoji';\">&#x1f4da; <\/span><span style=\"font-weight: bold; font-family: Calibri;\">Cobertura:<\/span><span style=\"font-family: Calibri;\"> Carlos Roberto Sodr\u00e9 <\/span><a href=\"https:\/\/wa.me\/553298481334\"><span style=\"font-family: Calibri;\">WhatsApp<\/span><\/a><\/p>\n<p style=\"margin: 0in; font-size: 20.0pt;\"><span style=\"font-family: 'Segoe UI Emoji';\">&#x1f4f8; <\/span><span style=\"font-weight: bold; font-family: Calibri;\">Imagens:<\/span><span style=\"font-family: Calibri;\"> Laisa Sodr\u00e9<\/span><\/p>\n<p style=\"margin: 0in; font-size: 20.0pt;\"><span style=\"font-family: 'Segoe UI Emoji';\">&#x1f4dd; <\/span><span style=\"font-weight: bold; font-family: Calibri;\">Conte\u00fado: <\/span><a href=\"https:\/\/www.linkedin.com\/in\/pedrohgf\/\"><span style=\"font-family: Calibri;\">Pedro Henriques<\/span><\/a><span style=\"font-family: Calibri;\"> \u2013 <\/span><a href=\"https:\/\/indicca.com.br\/blog\/\"><span style=\"font-family: Calibri;\">INDICCA.COM<\/span><\/a><span style=\"font-family: Calibri;\">\u00a0 <\/span><a href=\"https:\/\/wa.me\/5532988020057\"><span style=\"font-family: Calibri;\">WhatsApp<\/span><\/a><\/p>\n<p style=\"margin: 0in; font-size: 20.0pt;\"><span style=\"font-family: 'Segoe UI Emoji';\">&#x1f393; <\/span><span style=\"font-weight: bold; font-family: Calibri;\">Evento: <\/span><strong data-start=\"522\" data-end=\"614\">Fala Sodr\u00e9: Gestores do NRVCC (N\u00facleo do C\u00e2ncer de Ub\u00e1) celebram emo\u00e7\u00e3o e sucesso da 4\u00aa Caminhada Pela Vida em Ub\u00e1<\/strong><\/p>\n<p data-start=\"5024\" data-end=\"5223\">\n","protected":false},"excerpt":{"rendered":"<p>Fala Sodr\u00e9: Gestores do NRVCC celebram emo\u00e7\u00e3o e sucesso da<\/p>\n","protected":false},"author":4,"featured_media":23228,"comment_status":"open","ping_status":"open","sticky":false,"template":"","format":"standard","meta":{"footnotes":""},"categories":[1,3],"tags":[172,59,170,171,60],"class_list":["post-23227","post","type-post","status-publish","format-standard","has-post-thumbnail","hentry","category-sem-categoria","category-slide","tag-cancer-de-mama","tag-fala-sodre","tag-nucleo-do-cancer","tag-prevencao","tag-ubanews"],"yoast_head":"<!-- This site is optimized with the Yoast SEO plugin v27.2 - https:\/\/yoast.com\/product\/yoast-seo-wordpress\/ -->\n<title>4\u00aa Caminhada Pela Vida em Ub\u00e1 do N\u00facleo do C\u00e2ncer - Ub\u00e1 News<\/title>\n<meta name=\"description\" content=\"4\u00aa Caminhada Pela Vida em Ub\u00e1 do N\u00facleo do C\u00e2ncer.\u00a0Fala Sodr\u00e9: Gestores do NRVCC celebram emo\u00e7\u00e3o e sucesso da 4\u00aa Caminhada Pela Vida em Ub\u00e1.\" \/>\n<meta name=\"robots\" content=\"index, follow, max-snippet:-1, max-image-preview:large, max-video-preview:-1\" \/>\n<link rel=\"canonical\" href=\"https:\/\/ubanews.com\/site\/2025\/10\/21\/4a-caminhada-pela-vida-em-uba-do-nucleo-do-cancer\/\" \/>\n<meta property=\"og:locale\" content=\"pt_BR\" \/>\n<meta property=\"og:type\" content=\"article\" \/>\n<meta property=\"og:title\" content=\"4\u00aa Caminhada Pela Vida em Ub\u00e1 do N\u00facleo do C\u00e2ncer - Ub\u00e1 News\" \/>\n<meta property=\"og:description\" content=\"4\u00aa Caminhada Pela Vida em Ub\u00e1 do N\u00facleo do C\u00e2ncer.\u00a0Fala Sodr\u00e9: Gestores do NRVCC celebram emo\u00e7\u00e3o e sucesso da 4\u00aa Caminhada Pela Vida em Ub\u00e1.\" \/>\n<meta property=\"og:url\" content=\"https:\/\/ubanews.com\/site\/2025\/10\/21\/4a-caminhada-pela-vida-em-uba-do-nucleo-do-cancer\/\" \/>\n<meta property=\"og:site_name\" content=\"Ub\u00e1 News\" \/>\n<meta property=\"article:publisher\" content=\"https:\/\/www.facebook.com\/Ub%c3%a1News-Carlos-Roberto-Sodr%c3%a9-418778301977370\" \/>\n<meta property=\"article:published_time\" content=\"2025-10-21T12:43:25+00:00\" \/>\n<meta property=\"og:image\" content=\"https:\/\/ubanews.com\/site\/wp-content\/uploads\/2025\/10\/Fala-Sodre-Nucleo-do-Cancer-Maria-do-Socorro-Boscato.jpg\" \/>\n\t<meta property=\"og:image:width\" content=\"1239\" \/>\n\t<meta property=\"og:image:height\" content=\"572\" \/>\n\t<meta property=\"og:image:type\" content=\"image\/jpeg\" \/>\n<meta name=\"author\" content=\"Carlos Roberto Sodr\u00e9\" \/>\n<meta name=\"twitter:card\" content=\"summary_large_image\" \/>\n<meta name=\"twitter:label1\" content=\"Escrito por\" \/>\n\t<meta name=\"twitter:data1\" content=\"Carlos Roberto Sodr\u00e9\" \/>\n\t<meta name=\"twitter:label2\" content=\"Est. tempo de leitura\" \/>\n\t<meta name=\"twitter:data2\" content=\"5 minutos\" \/>\n<script type=\"application\/ld+json\" class=\"yoast-schema-graph\">{\"@context\":\"https:\/\/schema.org\",\"@graph\":[{\"@type\":\"Article\",\"@id\":\"https:\/\/ubanews.com\/site\/2025\/10\/21\/4a-caminhada-pela-vida-em-uba-do-nucleo-do-cancer\/#article\",\"isPartOf\":{\"@id\":\"https:\/\/ubanews.com\/site\/2025\/10\/21\/4a-caminhada-pela-vida-em-uba-do-nucleo-do-cancer\/\"},\"author\":{\"name\":\"Carlos Roberto Sodr\u00e9\",\"@id\":\"https:\/\/ubanews.com\/site\/#\/schema\/person\/9d8da9ec3c8d00640ab6e8c81e103310\"},\"headline\":\"4\u00aa Caminhada Pela Vida em Ub\u00e1 do N\u00facleo do C\u00e2ncer\",\"datePublished\":\"2025-10-21T12:43:25+00:00\",\"mainEntityOfPage\":{\"@id\":\"https:\/\/ubanews.com\/site\/2025\/10\/21\/4a-caminhada-pela-vida-em-uba-do-nucleo-do-cancer\/\"},\"wordCount\":903,\"commentCount\":0,\"publisher\":{\"@id\":\"https:\/\/ubanews.com\/site\/#organization\"},\"image\":{\"@id\":\"https:\/\/ubanews.com\/site\/2025\/10\/21\/4a-caminhada-pela-vida-em-uba-do-nucleo-do-cancer\/#primaryimage\"},\"thumbnailUrl\":\"https:\/\/ubanews.com\/site\/wp-content\/uploads\/2025\/10\/Fala-Sodre-Nucleo-do-Cancer-Maria-do-Socorro-Boscato.jpg\",\"keywords\":[\"C\u00e2ncer de Mama\",\"Fala Sodr\u00e9\",\"N\u00facleo do C\u00e2ncer\",\"Preven\u00e7\u00e3o\",\"UBANEWS\"],\"articleSection\":[\"Geral\",\"Slide\"],\"inLanguage\":\"pt-BR\",\"potentialAction\":[{\"@type\":\"CommentAction\",\"name\":\"Comment\",\"target\":[\"https:\/\/ubanews.com\/site\/2025\/10\/21\/4a-caminhada-pela-vida-em-uba-do-nucleo-do-cancer\/#respond\"]}]},{\"@type\":\"WebPage\",\"@id\":\"https:\/\/ubanews.com\/site\/2025\/10\/21\/4a-caminhada-pela-vida-em-uba-do-nucleo-do-cancer\/\",\"url\":\"https:\/\/ubanews.com\/site\/2025\/10\/21\/4a-caminhada-pela-vida-em-uba-do-nucleo-do-cancer\/\",\"name\":\"4\u00aa Caminhada Pela Vida em Ub\u00e1 do N\u00facleo do C\u00e2ncer - Ub\u00e1 News\",\"isPartOf\":{\"@id\":\"https:\/\/ubanews.com\/site\/#website\"},\"primaryImageOfPage\":{\"@id\":\"https:\/\/ubanews.com\/site\/2025\/10\/21\/4a-caminhada-pela-vida-em-uba-do-nucleo-do-cancer\/#primaryimage\"},\"image\":{\"@id\":\"https:\/\/ubanews.com\/site\/2025\/10\/21\/4a-caminhada-pela-vida-em-uba-do-nucleo-do-cancer\/#primaryimage\"},\"thumbnailUrl\":\"https:\/\/ubanews.com\/site\/wp-content\/uploads\/2025\/10\/Fala-Sodre-Nucleo-do-Cancer-Maria-do-Socorro-Boscato.jpg\",\"datePublished\":\"2025-10-21T12:43:25+00:00\",\"description\":\"4\u00aa Caminhada Pela Vida em Ub\u00e1 do N\u00facleo do C\u00e2ncer.\u00a0Fala Sodr\u00e9: Gestores do NRVCC celebram emo\u00e7\u00e3o e sucesso da 4\u00aa Caminhada Pela Vida em Ub\u00e1.\",\"breadcrumb\":{\"@id\":\"https:\/\/ubanews.com\/site\/2025\/10\/21\/4a-caminhada-pela-vida-em-uba-do-nucleo-do-cancer\/#breadcrumb\"},\"inLanguage\":\"pt-BR\",\"potentialAction\":[{\"@type\":\"ReadAction\",\"target\":[\"https:\/\/ubanews.com\/site\/2025\/10\/21\/4a-caminhada-pela-vida-em-uba-do-nucleo-do-cancer\/\"]}]},{\"@type\":\"ImageObject\",\"inLanguage\":\"pt-BR\",\"@id\":\"https:\/\/ubanews.com\/site\/2025\/10\/21\/4a-caminhada-pela-vida-em-uba-do-nucleo-do-cancer\/#primaryimage\",\"url\":\"https:\/\/ubanews.com\/site\/wp-content\/uploads\/2025\/10\/Fala-Sodre-Nucleo-do-Cancer-Maria-do-Socorro-Boscato.jpg\",\"contentUrl\":\"https:\/\/ubanews.com\/site\/wp-content\/uploads\/2025\/10\/Fala-Sodre-Nucleo-do-Cancer-Maria-do-Socorro-Boscato.jpg\",\"width\":1239,\"height\":572,\"caption\":\"Fala Sodr\u00e9: Gestores do NRVCC celebram emo\u00e7\u00e3o e sucesso da 4\u00aa Caminhada Pela Vida em Ub\u00e1\"},{\"@type\":\"BreadcrumbList\",\"@id\":\"https:\/\/ubanews.com\/site\/2025\/10\/21\/4a-caminhada-pela-vida-em-uba-do-nucleo-do-cancer\/#breadcrumb\",\"itemListElement\":[{\"@type\":\"ListItem\",\"position\":1,\"name\":\"Home\",\"item\":\"https:\/\/ubanews.com\/site\/\"},{\"@type\":\"ListItem\",\"position\":2,\"name\":\"4\u00aa Caminhada Pela Vida em Ub\u00e1 do N\u00facleo do C\u00e2ncer\"}]},{\"@type\":\"WebSite\",\"@id\":\"https:\/\/ubanews.com\/site\/#website\",\"url\":\"https:\/\/ubanews.com\/site\/\",\"name\":\"Ub\u00e1 News\",\"description\":\"\",\"publisher\":{\"@id\":\"https:\/\/ubanews.com\/site\/#organization\"},\"potentialAction\":[{\"@type\":\"SearchAction\",\"target\":{\"@type\":\"EntryPoint\",\"urlTemplate\":\"https:\/\/ubanews.com\/site\/?s={search_term_string}\"},\"query-input\":{\"@type\":\"PropertyValueSpecification\",\"valueRequired\":true,\"valueName\":\"search_term_string\"}}],\"inLanguage\":\"pt-BR\"},{\"@type\":\"Organization\",\"@id\":\"https:\/\/ubanews.com\/site\/#organization\",\"name\":\"Ub\u00e1 News\",\"url\":\"https:\/\/ubanews.com\/site\/\",\"logo\":{\"@type\":\"ImageObject\",\"inLanguage\":\"pt-BR\",\"@id\":\"https:\/\/ubanews.com\/site\/#\/schema\/logo\/image\/\",\"url\":\"https:\/\/ubanews.com\/site\/wp-content\/uploads\/2018\/01\/logoubanews.png\",\"contentUrl\":\"https:\/\/ubanews.com\/site\/wp-content\/uploads\/2018\/01\/logoubanews.png\",\"width\":261,\"height\":99,\"caption\":\"Ub\u00e1 News\"},\"image\":{\"@id\":\"https:\/\/ubanews.com\/site\/#\/schema\/logo\/image\/\"},\"sameAs\":[\"https:\/\/www.facebook.com\/Ub\u00e1News-Carlos-Roberto-Sodr\u00e9-418778301977370\"]},{\"@type\":\"Person\",\"@id\":\"https:\/\/ubanews.com\/site\/#\/schema\/person\/9d8da9ec3c8d00640ab6e8c81e103310\",\"name\":\"Carlos Roberto Sodr\u00e9\",\"image\":{\"@type\":\"ImageObject\",\"inLanguage\":\"pt-BR\",\"@id\":\"https:\/\/secure.gravatar.com\/avatar\/aab322e8555b56c468614fafdab8a8f924e394cdc6cfd8232f77e9e4d123a133?s=96&d=mm&r=g\",\"url\":\"https:\/\/secure.gravatar.com\/avatar\/aab322e8555b56c468614fafdab8a8f924e394cdc6cfd8232f77e9e4d123a133?s=96&d=mm&r=g\",\"contentUrl\":\"https:\/\/secure.gravatar.com\/avatar\/aab322e8555b56c468614fafdab8a8f924e394cdc6cfd8232f77e9e4d123a133?s=96&d=mm&r=g\",\"caption\":\"Carlos Roberto Sodr\u00e9\"},\"url\":\"https:\/\/ubanews.com\/site\/author\/sodre\/\"}]}<\/script>\n<!-- \/ Yoast SEO plugin. -->","yoast_head_json":{"title":"4\u00aa Caminhada Pela Vida em Ub\u00e1 do N\u00facleo do C\u00e2ncer - Ub\u00e1 News","description":"4\u00aa Caminhada Pela Vida em Ub\u00e1 do N\u00facleo do C\u00e2ncer.\u00a0Fala Sodr\u00e9: Gestores do NRVCC celebram emo\u00e7\u00e3o e sucesso da 4\u00aa Caminhada Pela Vida em Ub\u00e1.","robots":{"index":"index","follow":"follow","max-snippet":"max-snippet:-1","max-image-preview":"max-image-preview:large","max-video-preview":"max-video-preview:-1"},"canonical":"https:\/\/ubanews.com\/site\/2025\/10\/21\/4a-caminhada-pela-vida-em-uba-do-nucleo-do-cancer\/","og_locale":"pt_BR","og_type":"article","og_title":"4\u00aa Caminhada Pela Vida em Ub\u00e1 do N\u00facleo do C\u00e2ncer - Ub\u00e1 News","og_description":"4\u00aa Caminhada Pela Vida em Ub\u00e1 do N\u00facleo do C\u00e2ncer.\u00a0Fala Sodr\u00e9: Gestores do NRVCC celebram emo\u00e7\u00e3o e sucesso da 4\u00aa Caminhada Pela Vida em Ub\u00e1.","og_url":"https:\/\/ubanews.com\/site\/2025\/10\/21\/4a-caminhada-pela-vida-em-uba-do-nucleo-do-cancer\/","og_site_name":"Ub\u00e1 News","article_publisher":"https:\/\/www.facebook.com\/Ub%c3%a1News-Carlos-Roberto-Sodr%c3%a9-418778301977370","article_published_time":"2025-10-21T12:43:25+00:00","og_image":[{"width":1239,"height":572,"url":"https:\/\/ubanews.com\/site\/wp-content\/uploads\/2025\/10\/Fala-Sodre-Nucleo-do-Cancer-Maria-do-Socorro-Boscato.jpg","type":"image\/jpeg"}],"author":"Carlos Roberto Sodr\u00e9","twitter_card":"summary_large_image","twitter_misc":{"Escrito por":"Carlos Roberto Sodr\u00e9","Est. tempo de leitura":"5 minutos"},"schema":{"@context":"https:\/\/schema.org","@graph":[{"@type":"Article","@id":"https:\/\/ubanews.com\/site\/2025\/10\/21\/4a-caminhada-pela-vida-em-uba-do-nucleo-do-cancer\/#article","isPartOf":{"@id":"https:\/\/ubanews.com\/site\/2025\/10\/21\/4a-caminhada-pela-vida-em-uba-do-nucleo-do-cancer\/"},"author":{"name":"Carlos Roberto Sodr\u00e9","@id":"https:\/\/ubanews.com\/site\/#\/schema\/person\/9d8da9ec3c8d00640ab6e8c81e103310"},"headline":"4\u00aa Caminhada Pela Vida em Ub\u00e1 do N\u00facleo do C\u00e2ncer","datePublished":"2025-10-21T12:43:25+00:00","mainEntityOfPage":{"@id":"https:\/\/ubanews.com\/site\/2025\/10\/21\/4a-caminhada-pela-vida-em-uba-do-nucleo-do-cancer\/"},"wordCount":903,"commentCount":0,"publisher":{"@id":"https:\/\/ubanews.com\/site\/#organization"},"image":{"@id":"https:\/\/ubanews.com\/site\/2025\/10\/21\/4a-caminhada-pela-vida-em-uba-do-nucleo-do-cancer\/#primaryimage"},"thumbnailUrl":"https:\/\/ubanews.com\/site\/wp-content\/uploads\/2025\/10\/Fala-Sodre-Nucleo-do-Cancer-Maria-do-Socorro-Boscato.jpg","keywords":["C\u00e2ncer de Mama","Fala Sodr\u00e9","N\u00facleo do C\u00e2ncer","Preven\u00e7\u00e3o","UBANEWS"],"articleSection":["Geral","Slide"],"inLanguage":"pt-BR","potentialAction":[{"@type":"CommentAction","name":"Comment","target":["https:\/\/ubanews.com\/site\/2025\/10\/21\/4a-caminhada-pela-vida-em-uba-do-nucleo-do-cancer\/#respond"]}]},{"@type":"WebPage","@id":"https:\/\/ubanews.com\/site\/2025\/10\/21\/4a-caminhada-pela-vida-em-uba-do-nucleo-do-cancer\/","url":"https:\/\/ubanews.com\/site\/2025\/10\/21\/4a-caminhada-pela-vida-em-uba-do-nucleo-do-cancer\/","name":"4\u00aa Caminhada Pela Vida em Ub\u00e1 do N\u00facleo do C\u00e2ncer - Ub\u00e1 News","isPartOf":{"@id":"https:\/\/ubanews.com\/site\/#website"},"primaryImageOfPage":{"@id":"https:\/\/ubanews.com\/site\/2025\/10\/21\/4a-caminhada-pela-vida-em-uba-do-nucleo-do-cancer\/#primaryimage"},"image":{"@id":"https:\/\/ubanews.com\/site\/2025\/10\/21\/4a-caminhada-pela-vida-em-uba-do-nucleo-do-cancer\/#primaryimage"},"thumbnailUrl":"https:\/\/ubanews.com\/site\/wp-content\/uploads\/2025\/10\/Fala-Sodre-Nucleo-do-Cancer-Maria-do-Socorro-Boscato.jpg","datePublished":"2025-10-21T12:43:25+00:00","description":"4\u00aa Caminhada Pela Vida em Ub\u00e1 do N\u00facleo do C\u00e2ncer.\u00a0Fala Sodr\u00e9: Gestores do NRVCC celebram emo\u00e7\u00e3o e sucesso da 4\u00aa Caminhada Pela Vida em Ub\u00e1.","breadcrumb":{"@id":"https:\/\/ubanews.com\/site\/2025\/10\/21\/4a-caminhada-pela-vida-em-uba-do-nucleo-do-cancer\/#breadcrumb"},"inLanguage":"pt-BR","potentialAction":[{"@type":"ReadAction","target":["https:\/\/ubanews.com\/site\/2025\/10\/21\/4a-caminhada-pela-vida-em-uba-do-nucleo-do-cancer\/"]}]},{"@type":"ImageObject","inLanguage":"pt-BR","@id":"https:\/\/ubanews.com\/site\/2025\/10\/21\/4a-caminhada-pela-vida-em-uba-do-nucleo-do-cancer\/#primaryimage","url":"https:\/\/ubanews.com\/site\/wp-content\/uploads\/2025\/10\/Fala-Sodre-Nucleo-do-Cancer-Maria-do-Socorro-Boscato.jpg","contentUrl":"https:\/\/ubanews.com\/site\/wp-content\/uploads\/2025\/10\/Fala-Sodre-Nucleo-do-Cancer-Maria-do-Socorro-Boscato.jpg","width":1239,"height":572,"caption":"Fala Sodr\u00e9: Gestores do NRVCC celebram emo\u00e7\u00e3o e sucesso da 4\u00aa Caminhada Pela Vida em Ub\u00e1"},{"@type":"BreadcrumbList","@id":"https:\/\/ubanews.com\/site\/2025\/10\/21\/4a-caminhada-pela-vida-em-uba-do-nucleo-do-cancer\/#breadcrumb","itemListElement":[{"@type":"ListItem","position":1,"name":"Home","item":"https:\/\/ubanews.com\/site\/"},{"@type":"ListItem","position":2,"name":"4\u00aa Caminhada Pela Vida em Ub\u00e1 do N\u00facleo do C\u00e2ncer"}]},{"@type":"WebSite","@id":"https:\/\/ubanews.com\/site\/#website","url":"https:\/\/ubanews.com\/site\/","name":"Ub\u00e1 News","description":"","publisher":{"@id":"https:\/\/ubanews.com\/site\/#organization"},"potentialAction":[{"@type":"SearchAction","target":{"@type":"EntryPoint","urlTemplate":"https:\/\/ubanews.com\/site\/?s={search_term_string}"},"query-input":{"@type":"PropertyValueSpecification","valueRequired":true,"valueName":"search_term_string"}}],"inLanguage":"pt-BR"},{"@type":"Organization","@id":"https:\/\/ubanews.com\/site\/#organization","name":"Ub\u00e1 News","url":"https:\/\/ubanews.com\/site\/","logo":{"@type":"ImageObject","inLanguage":"pt-BR","@id":"https:\/\/ubanews.com\/site\/#\/schema\/logo\/image\/","url":"https:\/\/ubanews.com\/site\/wp-content\/uploads\/2018\/01\/logoubanews.png","contentUrl":"https:\/\/ubanews.com\/site\/wp-content\/uploads\/2018\/01\/logoubanews.png","width":261,"height":99,"caption":"Ub\u00e1 News"},"image":{"@id":"https:\/\/ubanews.com\/site\/#\/schema\/logo\/image\/"},"sameAs":["https:\/\/www.facebook.com\/Ub\u00e1News-Carlos-Roberto-Sodr\u00e9-418778301977370"]},{"@type":"Person","@id":"https:\/\/ubanews.com\/site\/#\/schema\/person\/9d8da9ec3c8d00640ab6e8c81e103310","name":"Carlos Roberto Sodr\u00e9","image":{"@type":"ImageObject","inLanguage":"pt-BR","@id":"https:\/\/secure.gravatar.com\/avatar\/aab322e8555b56c468614fafdab8a8f924e394cdc6cfd8232f77e9e4d123a133?s=96&d=mm&r=g","url":"https:\/\/secure.gravatar.com\/avatar\/aab322e8555b56c468614fafdab8a8f924e394cdc6cfd8232f77e9e4d123a133?s=96&d=mm&r=g","contentUrl":"https:\/\/secure.gravatar.com\/avatar\/aab322e8555b56c468614fafdab8a8f924e394cdc6cfd8232f77e9e4d123a133?s=96&d=mm&r=g","caption":"Carlos Roberto Sodr\u00e9"},"url":"https:\/\/ubanews.com\/site\/author\/sodre\/"}]}},"_links":{"self":[{"href":"https:\/\/ubanews.com\/site\/wp-json\/wp\/v2\/posts\/23227","targetHints":{"allow":["GET"]}}],"collection":[{"href":"https:\/\/ubanews.com\/site\/wp-json\/wp\/v2\/posts"}],"about":[{"href":"https:\/\/ubanews.com\/site\/wp-json\/wp\/v2\/types\/post"}],"author":[{"embeddable":true,"href":"https:\/\/ubanews.com\/site\/wp-json\/wp\/v2\/users\/4"}],"replies":[{"embeddable":true,"href":"https:\/\/ubanews.com\/site\/wp-json\/wp\/v2\/comments?post=23227"}],"version-history":[{"count":0,"href":"https:\/\/ubanews.com\/site\/wp-json\/wp\/v2\/posts\/23227\/revisions"}],"wp:featuredmedia":[{"embeddable":true,"href":"https:\/\/ubanews.com\/site\/wp-json\/wp\/v2\/media\/23228"}],"wp:attachment":[{"href":"https:\/\/ubanews.com\/site\/wp-json\/wp\/v2\/media?parent=23227"}],"wp:term":[{"taxonomy":"category","embeddable":true,"href":"https:\/\/ubanews.com\/site\/wp-json\/wp\/v2\/categories?post=23227"},{"taxonomy":"post_tag","embeddable":true,"href":"https:\/\/ubanews.com\/site\/wp-json\/wp\/v2\/tags?post=23227"}],"curies":[{"name":"wp","href":"https:\/\/api.w.org\/{rel}","templated":true}]}}