{"id":23222,"date":"2025-10-21T08:45:21","date_gmt":"2025-10-21T11:45:21","guid":{"rendered":"https:\/\/ubanews.com\/site\/?p=23222"},"modified":"2025-10-21T08:51:16","modified_gmt":"2025-10-21T11:51:16","slug":"policia-civil-identifica-ligacao-entre-roubo-no-rio-de-janeiro-e-investigado-em-merces-mg","status":"publish","type":"post","link":"https:\/\/ubanews.com\/site\/2025\/10\/21\/policia-civil-identifica-ligacao-entre-roubo-no-rio-de-janeiro-e-investigado-em-merces-mg\/","title":{"rendered":"Pol\u00edcia Civil identifica liga\u00e7\u00e3o entre roubo no Rio de Janeiro e investigado em Merc\u00eas\/MG"},"content":{"rendered":"<p>Pol\u00edcia Civil identifica liga\u00e7\u00e3o entre roubo no Rio de Janeiro e investigado em Merc\u00eas\/MG.\u00a0A Pol\u00edcia Civil de Minas Gerais, por meio da Delegacia de Pol\u00edcia Civil de Rio Pomba, avan\u00e7a nas investiga\u00e7\u00f5es referentes ao roubo ocorrido no estado do Rio de Janeiro, cujo ve\u00edculo da v\u00edtima foi recuperado recentemente na cidade de Merc\u00eas\/MG.<\/p>\n<h2>Pol\u00edcia Civil identifica liga\u00e7\u00e3o entre roubo no Rio de Janeiro e investigado em Merc\u00eas\/MG<\/h2>\n<p><img decoding=\"async\" class=\"aligncenter size-medium wp-image-23223 lazyload\" data-src=\"https:\/\/ubanews.com\/site\/wp-content\/uploads\/2025\/10\/Policia-Civil-2-169x300.jpg\" alt=\"Pol\u00edcia Civil \" width=\"169\" height=\"300\" data-srcset=\"https:\/\/ubanews.com\/site\/wp-content\/uploads\/2025\/10\/Policia-Civil-2-169x300.jpg 169w, https:\/\/ubanews.com\/site\/wp-content\/uploads\/2025\/10\/Policia-Civil-2-576x1024.jpg 576w, https:\/\/ubanews.com\/site\/wp-content\/uploads\/2025\/10\/Policia-Civil-2-768x1365.jpg 768w, https:\/\/ubanews.com\/site\/wp-content\/uploads\/2025\/10\/Policia-Civil-2-864x1536.jpg 864w, https:\/\/ubanews.com\/site\/wp-content\/uploads\/2025\/10\/Policia-Civil-2.jpg 900w\" data-sizes=\"(max-width: 169px) 100vw, 169px\" src=\"data:image\/svg+xml;base64,PHN2ZyB3aWR0aD0iMSIgaGVpZ2h0PSIxIiB4bWxucz0iaHR0cDovL3d3dy53My5vcmcvMjAwMC9zdmciPjwvc3ZnPg==\" style=\"--smush-placeholder-width: 169px; --smush-placeholder-aspect-ratio: 169\/300;\" \/><\/p>\n<p>Durante dilig\u00eancias realizadas nesta sexta-feira, 17 de outubro, a equipe policial, com o apoio do N\u00facleo Regional de Investiga\u00e7\u00f5es localizou um aparelho celular em posse da companheira do investigado, sendo o item reconhecido como pertencente \u00e0 v\u00edtima do roubo no Rio.<br \/>\nEm dilig\u00eancias anteriores, um kit g\u00e1s tamb\u00e9m subtra\u00eddo durante o crime j\u00e1 havia sido apreendido na resid\u00eancia do suspeito.<\/p>\n<p>A partir dos elementos reunidos, a Pol\u00edcia Civil confirma a participa\u00e7\u00e3o do investigado no roubo ocorrido no Rio de Janeiro. Al\u00e9m disso, ele tamb\u00e9m \u00e9 apontado como envolvido em outro assalto registrado em Rio Pomba\/MG.<\/p>\n<p>A delegada respons\u00e1vel pela investiga\u00e7\u00e3o, F\u00e1brica Nunes Noronha, destacou a import\u00e2ncia da coopera\u00e7\u00e3o entre as unidades da PCMG para esclarecer os fatos e responsabilizar os autores. \u201cAs dilig\u00eancias mostram o comprometimento da nossa equipe em combater crimes patrimoniais que ultrapassam os limites estaduais\u201d, afirmou.<\/p>\n<p>As investiga\u00e7\u00f5es seguem em andamento.<\/p>\n<p>Equipe:<br \/>\nDelegada: F\u00e1brica Nunes Noronha<br \/>\nInvestigadores: Felipe Quint\u00e3o e\u00a0Marcus\u00a0Ser\u00f4dio<\/p>\n","protected":false},"excerpt":{"rendered":"<p>Pol\u00edcia Civil identifica liga\u00e7\u00e3o entre roubo no Rio de Janeiro<\/p>\n","protected":false},"author":4,"featured_media":23223,"comment_status":"open","ping_status":"open","sticky":false,"template":"","format":"standard","meta":{"footnotes":""},"categories":[1],"tags":[59,107,60],"class_list":["post-23222","post","type-post","status-publish","format-standard","has-post-thumbnail","hentry","category-sem-categoria","tag-fala-sodre","tag-policia-civil","tag-ubanews"],"yoast_head":"<!-- This site is optimized with the Yoast SEO plugin v27.2 - https:\/\/yoast.com\/product\/yoast-seo-wordpress\/ -->\n<title>Pol\u00edcia Civil identifica liga\u00e7\u00e3o entre roubo no Rio de Janeiro e investigado em Merc\u00eas\/MG - Ub\u00e1 News<\/title>\n<meta name=\"description\" content=\"Pol\u00edcia Civil identifica liga\u00e7\u00e3o entre roubo no Rio de Janeiro e investigado em Merc\u00eas\/MG. por meio da Delegacia de Pol\u00edcia Civil de Rio Pomba, avan\u00e7a nas investiga\u00e7\u00f5es\" \/>\n<meta name=\"robots\" content=\"index, follow, max-snippet:-1, max-image-preview:large, max-video-preview:-1\" \/>\n<link rel=\"canonical\" href=\"https:\/\/ubanews.com\/site\/2025\/10\/21\/policia-civil-identifica-ligacao-entre-roubo-no-rio-de-janeiro-e-investigado-em-merces-mg\/\" \/>\n<meta property=\"og:locale\" content=\"pt_BR\" \/>\n<meta property=\"og:type\" content=\"article\" \/>\n<meta property=\"og:title\" content=\"Pol\u00edcia Civil identifica liga\u00e7\u00e3o entre roubo no Rio de Janeiro e investigado em Merc\u00eas\/MG - Ub\u00e1 News\" \/>\n<meta property=\"og:description\" content=\"Pol\u00edcia Civil identifica liga\u00e7\u00e3o entre roubo no Rio de Janeiro e investigado em Merc\u00eas\/MG. por meio da Delegacia de Pol\u00edcia Civil de Rio Pomba, avan\u00e7a nas investiga\u00e7\u00f5es\" \/>\n<meta property=\"og:url\" content=\"https:\/\/ubanews.com\/site\/2025\/10\/21\/policia-civil-identifica-ligacao-entre-roubo-no-rio-de-janeiro-e-investigado-em-merces-mg\/\" \/>\n<meta property=\"og:site_name\" content=\"Ub\u00e1 News\" \/>\n<meta property=\"article:publisher\" content=\"https:\/\/www.facebook.com\/Ub%c3%a1News-Carlos-Roberto-Sodr%c3%a9-418778301977370\" \/>\n<meta property=\"article:published_time\" content=\"2025-10-21T11:45:21+00:00\" \/>\n<meta property=\"article:modified_time\" content=\"2025-10-21T11:51:16+00:00\" \/>\n<meta property=\"og:image\" content=\"https:\/\/ubanews.com\/site\/wp-content\/uploads\/2025\/10\/Policia-Civil-2.jpg\" \/>\n\t<meta property=\"og:image:width\" content=\"900\" \/>\n\t<meta property=\"og:image:height\" content=\"1600\" \/>\n\t<meta property=\"og:image:type\" content=\"image\/jpeg\" \/>\n<meta name=\"author\" content=\"Carlos Roberto Sodr\u00e9\" \/>\n<meta name=\"twitter:card\" content=\"summary_large_image\" \/>\n<meta name=\"twitter:label1\" content=\"Escrito por\" \/>\n\t<meta name=\"twitter:data1\" content=\"Carlos Roberto Sodr\u00e9\" \/>\n\t<meta name=\"twitter:label2\" content=\"Est. tempo de leitura\" \/>\n\t<meta name=\"twitter:data2\" content=\"2 minutos\" \/>\n<script type=\"application\/ld+json\" class=\"yoast-schema-graph\">{\"@context\":\"https:\/\/schema.org\",\"@graph\":[{\"@type\":\"Article\",\"@id\":\"https:\/\/ubanews.com\/site\/2025\/10\/21\/policia-civil-identifica-ligacao-entre-roubo-no-rio-de-janeiro-e-investigado-em-merces-mg\/#article\",\"isPartOf\":{\"@id\":\"https:\/\/ubanews.com\/site\/2025\/10\/21\/policia-civil-identifica-ligacao-entre-roubo-no-rio-de-janeiro-e-investigado-em-merces-mg\/\"},\"author\":{\"name\":\"Carlos Roberto Sodr\u00e9\",\"@id\":\"https:\/\/ubanews.com\/site\/#\/schema\/person\/9d8da9ec3c8d00640ab6e8c81e103310\"},\"headline\":\"Pol\u00edcia Civil identifica liga\u00e7\u00e3o entre roubo no Rio de Janeiro e investigado em Merc\u00eas\/MG\",\"datePublished\":\"2025-10-21T11:45:21+00:00\",\"dateModified\":\"2025-10-21T11:51:16+00:00\",\"mainEntityOfPage\":{\"@id\":\"https:\/\/ubanews.com\/site\/2025\/10\/21\/policia-civil-identifica-ligacao-entre-roubo-no-rio-de-janeiro-e-investigado-em-merces-mg\/\"},\"wordCount\":278,\"commentCount\":0,\"publisher\":{\"@id\":\"https:\/\/ubanews.com\/site\/#organization\"},\"image\":{\"@id\":\"https:\/\/ubanews.com\/site\/2025\/10\/21\/policia-civil-identifica-ligacao-entre-roubo-no-rio-de-janeiro-e-investigado-em-merces-mg\/#primaryimage\"},\"thumbnailUrl\":\"https:\/\/ubanews.com\/site\/wp-content\/uploads\/2025\/10\/Policia-Civil-2.jpg\",\"keywords\":[\"Fala Sodr\u00e9\",\"Pol\u00edcia Civil\",\"UBANEWS\"],\"articleSection\":[\"Geral\"],\"inLanguage\":\"pt-BR\",\"potentialAction\":[{\"@type\":\"CommentAction\",\"name\":\"Comment\",\"target\":[\"https:\/\/ubanews.com\/site\/2025\/10\/21\/policia-civil-identifica-ligacao-entre-roubo-no-rio-de-janeiro-e-investigado-em-merces-mg\/#respond\"]}]},{\"@type\":\"WebPage\",\"@id\":\"https:\/\/ubanews.com\/site\/2025\/10\/21\/policia-civil-identifica-ligacao-entre-roubo-no-rio-de-janeiro-e-investigado-em-merces-mg\/\",\"url\":\"https:\/\/ubanews.com\/site\/2025\/10\/21\/policia-civil-identifica-ligacao-entre-roubo-no-rio-de-janeiro-e-investigado-em-merces-mg\/\",\"name\":\"Pol\u00edcia Civil identifica liga\u00e7\u00e3o entre roubo no Rio de Janeiro e investigado em Merc\u00eas\/MG - Ub\u00e1 News\",\"isPartOf\":{\"@id\":\"https:\/\/ubanews.com\/site\/#website\"},\"primaryImageOfPage\":{\"@id\":\"https:\/\/ubanews.com\/site\/2025\/10\/21\/policia-civil-identifica-ligacao-entre-roubo-no-rio-de-janeiro-e-investigado-em-merces-mg\/#primaryimage\"},\"image\":{\"@id\":\"https:\/\/ubanews.com\/site\/2025\/10\/21\/policia-civil-identifica-ligacao-entre-roubo-no-rio-de-janeiro-e-investigado-em-merces-mg\/#primaryimage\"},\"thumbnailUrl\":\"https:\/\/ubanews.com\/site\/wp-content\/uploads\/2025\/10\/Policia-Civil-2.jpg\",\"datePublished\":\"2025-10-21T11:45:21+00:00\",\"dateModified\":\"2025-10-21T11:51:16+00:00\",\"description\":\"Pol\u00edcia Civil identifica liga\u00e7\u00e3o entre roubo no Rio de Janeiro e investigado em Merc\u00eas\/MG. por meio da Delegacia de Pol\u00edcia Civil de Rio Pomba, avan\u00e7a nas investiga\u00e7\u00f5es\",\"breadcrumb\":{\"@id\":\"https:\/\/ubanews.com\/site\/2025\/10\/21\/policia-civil-identifica-ligacao-entre-roubo-no-rio-de-janeiro-e-investigado-em-merces-mg\/#breadcrumb\"},\"inLanguage\":\"pt-BR\",\"potentialAction\":[{\"@type\":\"ReadAction\",\"target\":[\"https:\/\/ubanews.com\/site\/2025\/10\/21\/policia-civil-identifica-ligacao-entre-roubo-no-rio-de-janeiro-e-investigado-em-merces-mg\/\"]}]},{\"@type\":\"ImageObject\",\"inLanguage\":\"pt-BR\",\"@id\":\"https:\/\/ubanews.com\/site\/2025\/10\/21\/policia-civil-identifica-ligacao-entre-roubo-no-rio-de-janeiro-e-investigado-em-merces-mg\/#primaryimage\",\"url\":\"https:\/\/ubanews.com\/site\/wp-content\/uploads\/2025\/10\/Policia-Civil-2.jpg\",\"contentUrl\":\"https:\/\/ubanews.com\/site\/wp-content\/uploads\/2025\/10\/Policia-Civil-2.jpg\",\"width\":900,\"height\":1600,\"caption\":\"Pol\u00edcia Civil\"},{\"@type\":\"BreadcrumbList\",\"@id\":\"https:\/\/ubanews.com\/site\/2025\/10\/21\/policia-civil-identifica-ligacao-entre-roubo-no-rio-de-janeiro-e-investigado-em-merces-mg\/#breadcrumb\",\"itemListElement\":[{\"@type\":\"ListItem\",\"position\":1,\"name\":\"Home\",\"item\":\"https:\/\/ubanews.com\/site\/\"},{\"@type\":\"ListItem\",\"position\":2,\"name\":\"Pol\u00edcia Civil identifica liga\u00e7\u00e3o entre roubo no Rio de Janeiro e investigado em Merc\u00eas\/MG\"}]},{\"@type\":\"WebSite\",\"@id\":\"https:\/\/ubanews.com\/site\/#website\",\"url\":\"https:\/\/ubanews.com\/site\/\",\"name\":\"Ub\u00e1 News\",\"description\":\"\",\"publisher\":{\"@id\":\"https:\/\/ubanews.com\/site\/#organization\"},\"potentialAction\":[{\"@type\":\"SearchAction\",\"target\":{\"@type\":\"EntryPoint\",\"urlTemplate\":\"https:\/\/ubanews.com\/site\/?s={search_term_string}\"},\"query-input\":{\"@type\":\"PropertyValueSpecification\",\"valueRequired\":true,\"valueName\":\"search_term_string\"}}],\"inLanguage\":\"pt-BR\"},{\"@type\":\"Organization\",\"@id\":\"https:\/\/ubanews.com\/site\/#organization\",\"name\":\"Ub\u00e1 News\",\"url\":\"https:\/\/ubanews.com\/site\/\",\"logo\":{\"@type\":\"ImageObject\",\"inLanguage\":\"pt-BR\",\"@id\":\"https:\/\/ubanews.com\/site\/#\/schema\/logo\/image\/\",\"url\":\"https:\/\/ubanews.com\/site\/wp-content\/uploads\/2018\/01\/logoubanews.png\",\"contentUrl\":\"https:\/\/ubanews.com\/site\/wp-content\/uploads\/2018\/01\/logoubanews.png\",\"width\":261,\"height\":99,\"caption\":\"Ub\u00e1 News\"},\"image\":{\"@id\":\"https:\/\/ubanews.com\/site\/#\/schema\/logo\/image\/\"},\"sameAs\":[\"https:\/\/www.facebook.com\/Ub\u00e1News-Carlos-Roberto-Sodr\u00e9-418778301977370\"]},{\"@type\":\"Person\",\"@id\":\"https:\/\/ubanews.com\/site\/#\/schema\/person\/9d8da9ec3c8d00640ab6e8c81e103310\",\"name\":\"Carlos Roberto Sodr\u00e9\",\"image\":{\"@type\":\"ImageObject\",\"inLanguage\":\"pt-BR\",\"@id\":\"https:\/\/secure.gravatar.com\/avatar\/aab322e8555b56c468614fafdab8a8f924e394cdc6cfd8232f77e9e4d123a133?s=96&d=mm&r=g\",\"url\":\"https:\/\/secure.gravatar.com\/avatar\/aab322e8555b56c468614fafdab8a8f924e394cdc6cfd8232f77e9e4d123a133?s=96&d=mm&r=g\",\"contentUrl\":\"https:\/\/secure.gravatar.com\/avatar\/aab322e8555b56c468614fafdab8a8f924e394cdc6cfd8232f77e9e4d123a133?s=96&d=mm&r=g\",\"caption\":\"Carlos Roberto Sodr\u00e9\"},\"url\":\"https:\/\/ubanews.com\/site\/author\/sodre\/\"}]}<\/script>\n<!-- \/ Yoast SEO plugin. -->","yoast_head_json":{"title":"Pol\u00edcia Civil identifica liga\u00e7\u00e3o entre roubo no Rio de Janeiro e investigado em Merc\u00eas\/MG - Ub\u00e1 News","description":"Pol\u00edcia Civil identifica liga\u00e7\u00e3o entre roubo no Rio de Janeiro e investigado em Merc\u00eas\/MG. por meio da Delegacia de Pol\u00edcia Civil de Rio Pomba, avan\u00e7a nas investiga\u00e7\u00f5es","robots":{"index":"index","follow":"follow","max-snippet":"max-snippet:-1","max-image-preview":"max-image-preview:large","max-video-preview":"max-video-preview:-1"},"canonical":"https:\/\/ubanews.com\/site\/2025\/10\/21\/policia-civil-identifica-ligacao-entre-roubo-no-rio-de-janeiro-e-investigado-em-merces-mg\/","og_locale":"pt_BR","og_type":"article","og_title":"Pol\u00edcia Civil identifica liga\u00e7\u00e3o entre roubo no Rio de Janeiro e investigado em Merc\u00eas\/MG - Ub\u00e1 News","og_description":"Pol\u00edcia Civil identifica liga\u00e7\u00e3o entre roubo no Rio de Janeiro e investigado em Merc\u00eas\/MG. por meio da Delegacia de Pol\u00edcia Civil de Rio Pomba, avan\u00e7a nas investiga\u00e7\u00f5es","og_url":"https:\/\/ubanews.com\/site\/2025\/10\/21\/policia-civil-identifica-ligacao-entre-roubo-no-rio-de-janeiro-e-investigado-em-merces-mg\/","og_site_name":"Ub\u00e1 News","article_publisher":"https:\/\/www.facebook.com\/Ub%c3%a1News-Carlos-Roberto-Sodr%c3%a9-418778301977370","article_published_time":"2025-10-21T11:45:21+00:00","article_modified_time":"2025-10-21T11:51:16+00:00","og_image":[{"width":900,"height":1600,"url":"https:\/\/ubanews.com\/site\/wp-content\/uploads\/2025\/10\/Policia-Civil-2.jpg","type":"image\/jpeg"}],"author":"Carlos Roberto Sodr\u00e9","twitter_card":"summary_large_image","twitter_misc":{"Escrito por":"Carlos Roberto Sodr\u00e9","Est. tempo de leitura":"2 minutos"},"schema":{"@context":"https:\/\/schema.org","@graph":[{"@type":"Article","@id":"https:\/\/ubanews.com\/site\/2025\/10\/21\/policia-civil-identifica-ligacao-entre-roubo-no-rio-de-janeiro-e-investigado-em-merces-mg\/#article","isPartOf":{"@id":"https:\/\/ubanews.com\/site\/2025\/10\/21\/policia-civil-identifica-ligacao-entre-roubo-no-rio-de-janeiro-e-investigado-em-merces-mg\/"},"author":{"name":"Carlos Roberto Sodr\u00e9","@id":"https:\/\/ubanews.com\/site\/#\/schema\/person\/9d8da9ec3c8d00640ab6e8c81e103310"},"headline":"Pol\u00edcia Civil identifica liga\u00e7\u00e3o entre roubo no Rio de Janeiro e investigado em Merc\u00eas\/MG","datePublished":"2025-10-21T11:45:21+00:00","dateModified":"2025-10-21T11:51:16+00:00","mainEntityOfPage":{"@id":"https:\/\/ubanews.com\/site\/2025\/10\/21\/policia-civil-identifica-ligacao-entre-roubo-no-rio-de-janeiro-e-investigado-em-merces-mg\/"},"wordCount":278,"commentCount":0,"publisher":{"@id":"https:\/\/ubanews.com\/site\/#organization"},"image":{"@id":"https:\/\/ubanews.com\/site\/2025\/10\/21\/policia-civil-identifica-ligacao-entre-roubo-no-rio-de-janeiro-e-investigado-em-merces-mg\/#primaryimage"},"thumbnailUrl":"https:\/\/ubanews.com\/site\/wp-content\/uploads\/2025\/10\/Policia-Civil-2.jpg","keywords":["Fala Sodr\u00e9","Pol\u00edcia Civil","UBANEWS"],"articleSection":["Geral"],"inLanguage":"pt-BR","potentialAction":[{"@type":"CommentAction","name":"Comment","target":["https:\/\/ubanews.com\/site\/2025\/10\/21\/policia-civil-identifica-ligacao-entre-roubo-no-rio-de-janeiro-e-investigado-em-merces-mg\/#respond"]}]},{"@type":"WebPage","@id":"https:\/\/ubanews.com\/site\/2025\/10\/21\/policia-civil-identifica-ligacao-entre-roubo-no-rio-de-janeiro-e-investigado-em-merces-mg\/","url":"https:\/\/ubanews.com\/site\/2025\/10\/21\/policia-civil-identifica-ligacao-entre-roubo-no-rio-de-janeiro-e-investigado-em-merces-mg\/","name":"Pol\u00edcia Civil identifica liga\u00e7\u00e3o entre roubo no Rio de Janeiro e investigado em Merc\u00eas\/MG - Ub\u00e1 News","isPartOf":{"@id":"https:\/\/ubanews.com\/site\/#website"},"primaryImageOfPage":{"@id":"https:\/\/ubanews.com\/site\/2025\/10\/21\/policia-civil-identifica-ligacao-entre-roubo-no-rio-de-janeiro-e-investigado-em-merces-mg\/#primaryimage"},"image":{"@id":"https:\/\/ubanews.com\/site\/2025\/10\/21\/policia-civil-identifica-ligacao-entre-roubo-no-rio-de-janeiro-e-investigado-em-merces-mg\/#primaryimage"},"thumbnailUrl":"https:\/\/ubanews.com\/site\/wp-content\/uploads\/2025\/10\/Policia-Civil-2.jpg","datePublished":"2025-10-21T11:45:21+00:00","dateModified":"2025-10-21T11:51:16+00:00","description":"Pol\u00edcia Civil identifica liga\u00e7\u00e3o entre roubo no Rio de Janeiro e investigado em Merc\u00eas\/MG. por meio da Delegacia de Pol\u00edcia Civil de Rio Pomba, avan\u00e7a nas investiga\u00e7\u00f5es","breadcrumb":{"@id":"https:\/\/ubanews.com\/site\/2025\/10\/21\/policia-civil-identifica-ligacao-entre-roubo-no-rio-de-janeiro-e-investigado-em-merces-mg\/#breadcrumb"},"inLanguage":"pt-BR","potentialAction":[{"@type":"ReadAction","target":["https:\/\/ubanews.com\/site\/2025\/10\/21\/policia-civil-identifica-ligacao-entre-roubo-no-rio-de-janeiro-e-investigado-em-merces-mg\/"]}]},{"@type":"ImageObject","inLanguage":"pt-BR","@id":"https:\/\/ubanews.com\/site\/2025\/10\/21\/policia-civil-identifica-ligacao-entre-roubo-no-rio-de-janeiro-e-investigado-em-merces-mg\/#primaryimage","url":"https:\/\/ubanews.com\/site\/wp-content\/uploads\/2025\/10\/Policia-Civil-2.jpg","contentUrl":"https:\/\/ubanews.com\/site\/wp-content\/uploads\/2025\/10\/Policia-Civil-2.jpg","width":900,"height":1600,"caption":"Pol\u00edcia Civil"},{"@type":"BreadcrumbList","@id":"https:\/\/ubanews.com\/site\/2025\/10\/21\/policia-civil-identifica-ligacao-entre-roubo-no-rio-de-janeiro-e-investigado-em-merces-mg\/#breadcrumb","itemListElement":[{"@type":"ListItem","position":1,"name":"Home","item":"https:\/\/ubanews.com\/site\/"},{"@type":"ListItem","position":2,"name":"Pol\u00edcia Civil identifica liga\u00e7\u00e3o entre roubo no Rio de Janeiro e investigado em Merc\u00eas\/MG"}]},{"@type":"WebSite","@id":"https:\/\/ubanews.com\/site\/#website","url":"https:\/\/ubanews.com\/site\/","name":"Ub\u00e1 News","description":"","publisher":{"@id":"https:\/\/ubanews.com\/site\/#organization"},"potentialAction":[{"@type":"SearchAction","target":{"@type":"EntryPoint","urlTemplate":"https:\/\/ubanews.com\/site\/?s={search_term_string}"},"query-input":{"@type":"PropertyValueSpecification","valueRequired":true,"valueName":"search_term_string"}}],"inLanguage":"pt-BR"},{"@type":"Organization","@id":"https:\/\/ubanews.com\/site\/#organization","name":"Ub\u00e1 News","url":"https:\/\/ubanews.com\/site\/","logo":{"@type":"ImageObject","inLanguage":"pt-BR","@id":"https:\/\/ubanews.com\/site\/#\/schema\/logo\/image\/","url":"https:\/\/ubanews.com\/site\/wp-content\/uploads\/2018\/01\/logoubanews.png","contentUrl":"https:\/\/ubanews.com\/site\/wp-content\/uploads\/2018\/01\/logoubanews.png","width":261,"height":99,"caption":"Ub\u00e1 News"},"image":{"@id":"https:\/\/ubanews.com\/site\/#\/schema\/logo\/image\/"},"sameAs":["https:\/\/www.facebook.com\/Ub\u00e1News-Carlos-Roberto-Sodr\u00e9-418778301977370"]},{"@type":"Person","@id":"https:\/\/ubanews.com\/site\/#\/schema\/person\/9d8da9ec3c8d00640ab6e8c81e103310","name":"Carlos Roberto Sodr\u00e9","image":{"@type":"ImageObject","inLanguage":"pt-BR","@id":"https:\/\/secure.gravatar.com\/avatar\/aab322e8555b56c468614fafdab8a8f924e394cdc6cfd8232f77e9e4d123a133?s=96&d=mm&r=g","url":"https:\/\/secure.gravatar.com\/avatar\/aab322e8555b56c468614fafdab8a8f924e394cdc6cfd8232f77e9e4d123a133?s=96&d=mm&r=g","contentUrl":"https:\/\/secure.gravatar.com\/avatar\/aab322e8555b56c468614fafdab8a8f924e394cdc6cfd8232f77e9e4d123a133?s=96&d=mm&r=g","caption":"Carlos Roberto Sodr\u00e9"},"url":"https:\/\/ubanews.com\/site\/author\/sodre\/"}]}},"_links":{"self":[{"href":"https:\/\/ubanews.com\/site\/wp-json\/wp\/v2\/posts\/23222","targetHints":{"allow":["GET"]}}],"collection":[{"href":"https:\/\/ubanews.com\/site\/wp-json\/wp\/v2\/posts"}],"about":[{"href":"https:\/\/ubanews.com\/site\/wp-json\/wp\/v2\/types\/post"}],"author":[{"embeddable":true,"href":"https:\/\/ubanews.com\/site\/wp-json\/wp\/v2\/users\/4"}],"replies":[{"embeddable":true,"href":"https:\/\/ubanews.com\/site\/wp-json\/wp\/v2\/comments?post=23222"}],"version-history":[{"count":0,"href":"https:\/\/ubanews.com\/site\/wp-json\/wp\/v2\/posts\/23222\/revisions"}],"wp:featuredmedia":[{"embeddable":true,"href":"https:\/\/ubanews.com\/site\/wp-json\/wp\/v2\/media\/23223"}],"wp:attachment":[{"href":"https:\/\/ubanews.com\/site\/wp-json\/wp\/v2\/media?parent=23222"}],"wp:term":[{"taxonomy":"category","embeddable":true,"href":"https:\/\/ubanews.com\/site\/wp-json\/wp\/v2\/categories?post=23222"},{"taxonomy":"post_tag","embeddable":true,"href":"https:\/\/ubanews.com\/site\/wp-json\/wp\/v2\/tags?post=23222"}],"curies":[{"name":"wp","href":"https:\/\/api.w.org\/{rel}","templated":true}]}}