{"id":23214,"date":"2025-10-19T16:42:29","date_gmt":"2025-10-19T19:42:29","guid":{"rendered":"https:\/\/ubanews.com\/site\/?p=23214"},"modified":"2025-10-19T16:59:17","modified_gmt":"2025-10-19T19:59:17","slug":"terceira-noite-do-carnaval-de-uba-2025","status":"publish","type":"post","link":"https:\/\/ubanews.com\/site\/2025\/10\/19\/terceira-noite-do-carnaval-de-uba-2025\/","title":{"rendered":"Terceira Noite do Carnaval de Ub\u00e1 2025"},"content":{"rendered":"<p data-start=\"461\" data-end=\"535\">Terceira Noite do Carnaval de Ub\u00e1 2025: Tradi\u00e7\u00e3o, M\u00fasica e Uni\u00e3o Popular.\u00a0O Carnaval de Ub\u00e1 2025 segue encantando o p\u00fablico e refor\u00e7ando a for\u00e7a da cultura local. A terceira noite de festa confirmou o sucesso do evento, reunindo fam\u00edlias, artistas e blocos tradicionais da cidade.<br data-start=\"743\" data-end=\"746\" \/>A alegria tomou conta das ruas, impulsionada pela energia dos foli\u00f5es e pela organiza\u00e7\u00e3o exemplar da equipe envolvida.<\/p>\n<h2 data-start=\"461\" data-end=\"535\">Terceira Noite do Carnaval de Ub\u00e1 2025: Tradi\u00e7\u00e3o, M\u00fasica e Uni\u00e3o Popular.<\/h2>\n<p><img decoding=\"async\" class=\"aligncenter size-medium wp-image-23215 lazyload\" data-src=\"https:\/\/ubanews.com\/site\/wp-content\/uploads\/2025\/10\/Fala-Sodre-Noite-de-Carnaval-em-Uba-em-2025-Bloco-Treme-Terra-300x157.jpg\" alt=\"Terceira Noite do Carnaval de Ub\u00e1 2025: Tradi\u00e7\u00e3o, M\u00fasica e Uni\u00e3o Popular.\" width=\"300\" height=\"157\" data-srcset=\"https:\/\/ubanews.com\/site\/wp-content\/uploads\/2025\/10\/Fala-Sodre-Noite-de-Carnaval-em-Uba-em-2025-Bloco-Treme-Terra-300x157.jpg 300w, https:\/\/ubanews.com\/site\/wp-content\/uploads\/2025\/10\/Fala-Sodre-Noite-de-Carnaval-em-Uba-em-2025-Bloco-Treme-Terra-1024x537.jpg 1024w, https:\/\/ubanews.com\/site\/wp-content\/uploads\/2025\/10\/Fala-Sodre-Noite-de-Carnaval-em-Uba-em-2025-Bloco-Treme-Terra-768x403.jpg 768w, https:\/\/ubanews.com\/site\/wp-content\/uploads\/2025\/10\/Fala-Sodre-Noite-de-Carnaval-em-Uba-em-2025-Bloco-Treme-Terra.jpg 1288w\" data-sizes=\"(max-width: 300px) 100vw, 300px\" src=\"data:image\/svg+xml;base64,PHN2ZyB3aWR0aD0iMSIgaGVpZ2h0PSIxIiB4bWxucz0iaHR0cDovL3d3dy53My5vcmcvMjAwMC9zdmciPjwvc3ZnPg==\" style=\"--smush-placeholder-width: 300px; --smush-placeholder-aspect-ratio: 300\/157;\" \/><\/p>\n<h2 data-start=\"866\" data-end=\"894\">O Carnaval do Povo de Ub\u00e1<\/h2>\n<p data-start=\"896\" data-end=\"1178\">Logo no in\u00edcio da cobertura, o rep\u00f3rter <strong data-start=\"936\" data-end=\"960\">Carlos Roberto Sodr\u00e9<\/strong> destacou o clima de emo\u00e7\u00e3o e pertencimento que marcou a noite.<br data-start=\"1023\" data-end=\"1026\" \/>O entrevistado principal, representante do bloco <strong data-start=\"1075\" data-end=\"1092\">Trem de Terra<\/strong>, agradeceu aos amigos, \u00e0s fam\u00edlias e \u00e0 equipe de apoio.<br data-start=\"1148\" data-end=\"1151\" \/>Ele disse com entusiasmo:<\/p>\n<blockquote data-start=\"1179\" data-end=\"1322\">\n<p data-start=\"1181\" data-end=\"1322\">\u201cGra\u00e7as a Deus, mais um ano de li\u00e7\u00e3o e com muita alegria. O importante \u00e9 vir com o Trem de Terra para a avenida e deixar a tristeza para l\u00e1.\u201d<\/p>\n<\/blockquote>\n<p data-start=\"1324\" data-end=\"1447\">Essas palavras refletem o esp\u00edrito do Carnaval ubaense: um evento feito com amor, uni\u00e3o e respeito pela hist\u00f3ria da cidade.<\/p>\n<h2 data-start=\"1449\" data-end=\"1471\">Gratid\u00e3o e Parceria<\/h2>\n<p data-start=\"1473\" data-end=\"1729\">Durante a entrevista, o entrevistado fez quest\u00e3o de agradecer \u00e0 <strong data-start=\"1537\" data-end=\"1556\">Pol\u00edcia Militar<\/strong>, aos <strong data-start=\"1562\" data-end=\"1576\">seguran\u00e7as<\/strong> e \u00e0 equipe da <strong data-start=\"1591\" data-end=\"1616\">Secretaria de Cultura.\u00a0<\/strong><br data-start=\"1643\" data-end=\"1646\" \/>Segundo ele, a retomada do Carnaval s\u00f3 foi poss\u00edvel gra\u00e7as \u00e0 coopera\u00e7\u00e3o de todos.<\/p>\n<blockquote data-start=\"1730\" data-end=\"1870\">\n<p data-start=\"1732\" data-end=\"1870\">\u201cEu s\u00f3 tenho a agradecer todo o apoio e as ideias apoiadas. \u00c9 daqui para cima. O calor antigo da popula\u00e7\u00e3o voltou, e o Carnaval renasceu.\u201d<\/p>\n<\/blockquote>\n<p data-start=\"1872\" data-end=\"2001\">O depoimento mostra o comprometimento da equipe e o desejo coletivo de devolver ao povo de Ub\u00e1 a alegria de celebrar suas ra\u00edzes.<\/p>\n<h2 data-start=\"2003\" data-end=\"2031\">Vozes que Fizeram a Festa<\/h2>\n<p data-start=\"2033\" data-end=\"2194\">Entre os entrevistados, <strong data-start=\"2057\" data-end=\"2074\">Paulo Larocca<\/strong> expressou sua emo\u00e7\u00e3o ao ver o p\u00fablico de volta \u00e0s ruas.<br data-start=\"2130\" data-end=\"2133\" \/>Ele destacou que o Carnaval de Ub\u00e1 \u00e9 mais do que uma festa:<\/p>\n<blockquote data-start=\"2195\" data-end=\"2331\">\n<p data-start=\"2197\" data-end=\"2331\">\u201c\u00c9 um reencontro com a cidade, com as pessoas e com a nossa identidade. Quando a bateria come\u00e7a, o cora\u00e7\u00e3o da cidade bate mais forte.\u201d<\/p>\n<\/blockquote>\n<p data-start=\"2333\" data-end=\"2473\">J\u00e1 <strong data-start=\"2336\" data-end=\"2354\">M\u00e1rcio Cal\u00e7ado<\/strong>, representante da <strong data-start=\"2373\" data-end=\"2391\">Marcin Cal\u00e7ado<\/strong>, refor\u00e7ou o valor da parceria entre o setor empresarial e os eventos culturais:<\/p>\n<blockquote data-start=\"2474\" data-end=\"2616\">\n<p data-start=\"2476\" data-end=\"2616\">\u201cQuando apoiamos o Carnaval, apoiamos tamb\u00e9m o com\u00e9rcio local, o turismo e a gera\u00e7\u00e3o de renda. \u00c9 um investimento na alegria da nossa gente.\u201d<\/p>\n<\/blockquote>\n<p data-start=\"2618\" data-end=\"2767\">A cantora <strong data-start=\"2628\" data-end=\"2638\">Miucha<\/strong> completou a noite com emo\u00e7\u00e3o e carisma. No palco, ela encantou o p\u00fablico e falou sobre o orgulho de cantar em sua terra natal:<\/p>\n<blockquote data-start=\"2768\" data-end=\"2869\">\n<p data-start=\"2770\" data-end=\"2869\">\u201cCantar aqui \u00e9 uma b\u00ean\u00e7\u00e3o. Cada m\u00fasica \u00e9 um abra\u00e7o no p\u00fablico que mant\u00e9m viva essa tradi\u00e7\u00e3o linda.\u201d<\/p>\n<\/blockquote>\n<p data-start=\"2871\" data-end=\"2975\">Essas participa\u00e7\u00f5es deram ainda mais brilho \u00e0 noite, mostrando a for\u00e7a da arte e da colabora\u00e7\u00e3o ubaense.<\/p>\n<h2 data-start=\"2977\" data-end=\"2999\">Desafio e Supera\u00e7\u00e3o<\/h2>\n<p data-start=\"3001\" data-end=\"3193\">Ao longo da cobertura, o entrevistado principal lembrou o esfor\u00e7o coletivo que viabilizou o evento.<br data-start=\"3100\" data-end=\"3103\" \/>Em menos de dois meses, a equipe conseguiu retomar a estrutura e revitalizar o Carnaval.<\/p>\n<blockquote data-start=\"3194\" data-end=\"3338\">\n<p data-start=\"3196\" data-end=\"3338\">\u201cEu sou movido a desafios. Quando recebi o convite da administra\u00e7\u00e3o, entendi que era hora de mostrar ao povo que o imposs\u00edvel pode ser feito.\u201d<\/p>\n<\/blockquote>\n<p data-start=\"3340\" data-end=\"3475\">A frase resume o sentimento de supera\u00e7\u00e3o que marcou o Carnaval de Ub\u00e1 2025 \u2014 um evento constru\u00eddo pela coragem e pela f\u00e9 na comunidade.<\/p>\n<h2 data-start=\"3477\" data-end=\"3509\">Um Abra\u00e7o que Simboliza Uni\u00e3o<\/h2>\n<p data-start=\"3511\" data-end=\"3684\">Um dos momentos mais emocionantes da noite foi o abra\u00e7o entre o entrevistado e o secret\u00e1rio <strong data-start=\"3603\" data-end=\"3614\">Salom\u00e3o<\/strong>, descrito por Sodr\u00e9 como o s\u00edmbolo da uni\u00e3o e do trabalho conjunto.<\/p>\n<blockquote data-start=\"3685\" data-end=\"3789\">\n<p data-start=\"3687\" data-end=\"3789\">\u201cEsse abra\u00e7o simboliza muito. N\u00f3s estamos unidos para transformar essa cidade. Vamos caminhar juntos.\u201d<\/p>\n<\/blockquote>\n<p data-start=\"3791\" data-end=\"3878\">Esse gesto refor\u00e7a a ess\u00eancia do Carnaval: uni\u00e3o, humildade e compromisso com o futuro.<\/p>\n<h2 data-start=\"3880\" data-end=\"3903\">Alegria que Contagia<\/h2>\n<p data-start=\"3905\" data-end=\"4014\">A festa encerrou com aplausos, m\u00fasica e emo\u00e7\u00e3o.<br data-start=\"3952\" data-end=\"3955\" \/>O entrevistado concluiu com um recado simples e poderoso:<\/p>\n<blockquote data-start=\"4015\" data-end=\"4105\">\n<p data-start=\"4017\" data-end=\"4105\">\u201cEu gosto de Carnaval. E vou continuar gostando, porque essa \u00e9 a alegria do nosso povo.\u201d<\/p>\n<\/blockquote>\n<p data-start=\"4107\" data-end=\"4270\">O registro da terceira noite do <strong data-start=\"4139\" data-end=\"4163\">Carnaval de Ub\u00e1 2025<\/strong> mostra que a tradi\u00e7\u00e3o permanece viva, fortalecida por quem acredita na cultura, na m\u00fasica e na comunidade.<\/p>\n<p><iframe title=\"Terceira noite do Carnaval de Ub\u00e1 2025\" width=\"840\" height=\"473\" data-src=\"https:\/\/www.youtube.com\/embed\/pSYbg_tR8T0?feature=oembed\" frameborder=\"0\" allow=\"accelerometer; autoplay; clipboard-write; encrypted-media; gyroscope; picture-in-picture; web-share\" referrerpolicy=\"strict-origin-when-cross-origin\" allowfullscreen src=\"data:image\/svg+xml;base64,PHN2ZyB3aWR0aD0iMSIgaGVpZ2h0PSIxIiB4bWxucz0iaHR0cDovL3d3dy53My5vcmcvMjAwMC9zdmciPjwvc3ZnPg==\" class=\"lazyload\" data-load-mode=\"1\"><\/iframe><\/p>\n<p style=\"margin: 0in; font-size: 20.0pt;\"><span style=\"font-family: 'Segoe UI Emoji';\">&#x1f4da; <\/span><span style=\"font-weight: bold; font-family: Calibri;\">Cobertura:<\/span><span style=\"font-family: Calibri;\"> Carlos Roberto Sodr\u00e9 <\/span><a href=\"https:\/\/wa.me\/553298481334\"><span style=\"font-family: Calibri;\">WhatsApp<\/span><\/a><\/p>\n<p style=\"margin: 0in; font-size: 20.0pt;\"><span style=\"font-family: 'Segoe UI Emoji';\">&#x1f4f8; <\/span><span style=\"font-weight: bold; font-family: Calibri;\">Imagens:<\/span><span style=\"font-family: Calibri;\"> Laisa Sodr\u00e9<\/span><\/p>\n<p style=\"margin: 0in; font-size: 20.0pt;\"><span style=\"font-family: 'Segoe UI Emoji';\">&#x1f4dd; <\/span><span style=\"font-weight: bold; font-family: Calibri;\">Conte\u00fado: <\/span><a href=\"https:\/\/www.linkedin.com\/in\/pedrohgf\/\"><span style=\"font-family: Calibri;\">Pedro Henriques<\/span><\/a><span style=\"font-family: Calibri;\"> \u2013 <\/span><a href=\"https:\/\/indicca.com.br\/blog\/\"><span style=\"font-family: Calibri;\">INDICCA.COM<\/span><\/a><span style=\"font-family: Calibri;\">\u00a0 <\/span><a href=\"https:\/\/wa.me\/5532988020057\"><span style=\"font-family: Calibri;\">WhatsApp<\/span><\/a><\/p>\n<p style=\"margin: 0in; font-size: 20.0pt;\"><span style=\"font-family: 'Segoe UI Emoji';\">&#x1f393; <\/span><span style=\"font-weight: bold; font-family: Calibri;\">Evento: Terceira Noite do Carnaval de Ub\u00e1 2025<\/span><\/p>\n","protected":false},"excerpt":{"rendered":"<p>Terceira Noite do Carnaval de Ub\u00e1 2025: Tradi\u00e7\u00e3o, M\u00fasica e<\/p>\n","protected":false},"author":4,"featured_media":23215,"comment_status":"open","ping_status":"open","sticky":false,"template":"","format":"standard","meta":{"footnotes":""},"categories":[1,3],"tags":[169,166,167,59,168,60],"class_list":["post-23214","post","type-post","status-publish","format-standard","has-post-thumbnail","hentry","category-sem-categoria","category-slide","tag-bloco-treme-terra","tag-carnaval","tag-carnaval-de-uba","tag-fala-sodre","tag-treme-terra","tag-ubanews"],"yoast_head":"<!-- This site is optimized with the Yoast SEO plugin v27.2 - https:\/\/yoast.com\/product\/yoast-seo-wordpress\/ -->\n<title>Terceira Noite do Carnaval de Ub\u00e1 2025 - Ub\u00e1 News<\/title>\n<meta name=\"description\" content=\"Terceira Noite do Carnaval de Ub\u00e1 2025: Tradi\u00e7\u00e3o, M\u00fasica e Uni\u00e3o Popular. O Carnaval segue encantando o p\u00fablico e a for\u00e7a da cultura local.\" \/>\n<meta name=\"robots\" content=\"index, follow, max-snippet:-1, max-image-preview:large, max-video-preview:-1\" \/>\n<link rel=\"canonical\" href=\"https:\/\/ubanews.com\/site\/2025\/10\/19\/terceira-noite-do-carnaval-de-uba-2025\/\" \/>\n<meta property=\"og:locale\" content=\"pt_BR\" \/>\n<meta property=\"og:type\" content=\"article\" \/>\n<meta property=\"og:title\" content=\"Terceira Noite do Carnaval de Ub\u00e1 2025 - Ub\u00e1 News\" \/>\n<meta property=\"og:description\" content=\"Terceira Noite do Carnaval de Ub\u00e1 2025: Tradi\u00e7\u00e3o, M\u00fasica e Uni\u00e3o Popular. O Carnaval segue encantando o p\u00fablico e a for\u00e7a da cultura local.\" \/>\n<meta property=\"og:url\" content=\"https:\/\/ubanews.com\/site\/2025\/10\/19\/terceira-noite-do-carnaval-de-uba-2025\/\" \/>\n<meta property=\"og:site_name\" content=\"Ub\u00e1 News\" \/>\n<meta property=\"article:publisher\" content=\"https:\/\/www.facebook.com\/Ub%c3%a1News-Carlos-Roberto-Sodr%c3%a9-418778301977370\" \/>\n<meta property=\"article:published_time\" content=\"2025-10-19T19:42:29+00:00\" \/>\n<meta property=\"article:modified_time\" content=\"2025-10-19T19:59:17+00:00\" \/>\n<meta property=\"og:image\" content=\"https:\/\/ubanews.com\/site\/wp-content\/uploads\/2025\/10\/Fala-Sodre-Noite-de-Carnaval-em-Uba-em-2025-Bloco-Treme-Terra.jpg\" \/>\n\t<meta property=\"og:image:width\" content=\"1288\" \/>\n\t<meta property=\"og:image:height\" content=\"676\" \/>\n\t<meta property=\"og:image:type\" content=\"image\/jpeg\" \/>\n<meta name=\"author\" content=\"Carlos Roberto Sodr\u00e9\" \/>\n<meta name=\"twitter:card\" content=\"summary_large_image\" \/>\n<meta name=\"twitter:label1\" content=\"Escrito por\" \/>\n\t<meta name=\"twitter:data1\" content=\"Carlos Roberto Sodr\u00e9\" \/>\n\t<meta name=\"twitter:label2\" content=\"Est. tempo de leitura\" \/>\n\t<meta name=\"twitter:data2\" content=\"4 minutos\" \/>\n<script type=\"application\/ld+json\" class=\"yoast-schema-graph\">{\"@context\":\"https:\/\/schema.org\",\"@graph\":[{\"@type\":\"Article\",\"@id\":\"https:\/\/ubanews.com\/site\/2025\/10\/19\/terceira-noite-do-carnaval-de-uba-2025\/#article\",\"isPartOf\":{\"@id\":\"https:\/\/ubanews.com\/site\/2025\/10\/19\/terceira-noite-do-carnaval-de-uba-2025\/\"},\"author\":{\"name\":\"Carlos Roberto Sodr\u00e9\",\"@id\":\"https:\/\/ubanews.com\/site\/#\/schema\/person\/9d8da9ec3c8d00640ab6e8c81e103310\"},\"headline\":\"Terceira Noite do Carnaval de Ub\u00e1 2025\",\"datePublished\":\"2025-10-19T19:42:29+00:00\",\"dateModified\":\"2025-10-19T19:59:17+00:00\",\"mainEntityOfPage\":{\"@id\":\"https:\/\/ubanews.com\/site\/2025\/10\/19\/terceira-noite-do-carnaval-de-uba-2025\/\"},\"wordCount\":741,\"commentCount\":0,\"publisher\":{\"@id\":\"https:\/\/ubanews.com\/site\/#organization\"},\"image\":{\"@id\":\"https:\/\/ubanews.com\/site\/2025\/10\/19\/terceira-noite-do-carnaval-de-uba-2025\/#primaryimage\"},\"thumbnailUrl\":\"https:\/\/ubanews.com\/site\/wp-content\/uploads\/2025\/10\/Fala-Sodre-Noite-de-Carnaval-em-Uba-em-2025-Bloco-Treme-Terra.jpg\",\"keywords\":[\"Bloco Treme Terra\",\"Carnaval\",\"Carnaval de Ub\u00e1\",\"Fala Sodr\u00e9\",\"Treme Terra\",\"UBANEWS\"],\"articleSection\":[\"Geral\",\"Slide\"],\"inLanguage\":\"pt-BR\",\"potentialAction\":[{\"@type\":\"CommentAction\",\"name\":\"Comment\",\"target\":[\"https:\/\/ubanews.com\/site\/2025\/10\/19\/terceira-noite-do-carnaval-de-uba-2025\/#respond\"]}]},{\"@type\":\"WebPage\",\"@id\":\"https:\/\/ubanews.com\/site\/2025\/10\/19\/terceira-noite-do-carnaval-de-uba-2025\/\",\"url\":\"https:\/\/ubanews.com\/site\/2025\/10\/19\/terceira-noite-do-carnaval-de-uba-2025\/\",\"name\":\"Terceira Noite do Carnaval de Ub\u00e1 2025 - Ub\u00e1 News\",\"isPartOf\":{\"@id\":\"https:\/\/ubanews.com\/site\/#website\"},\"primaryImageOfPage\":{\"@id\":\"https:\/\/ubanews.com\/site\/2025\/10\/19\/terceira-noite-do-carnaval-de-uba-2025\/#primaryimage\"},\"image\":{\"@id\":\"https:\/\/ubanews.com\/site\/2025\/10\/19\/terceira-noite-do-carnaval-de-uba-2025\/#primaryimage\"},\"thumbnailUrl\":\"https:\/\/ubanews.com\/site\/wp-content\/uploads\/2025\/10\/Fala-Sodre-Noite-de-Carnaval-em-Uba-em-2025-Bloco-Treme-Terra.jpg\",\"datePublished\":\"2025-10-19T19:42:29+00:00\",\"dateModified\":\"2025-10-19T19:59:17+00:00\",\"description\":\"Terceira Noite do Carnaval de Ub\u00e1 2025: Tradi\u00e7\u00e3o, M\u00fasica e Uni\u00e3o Popular. O Carnaval segue encantando o p\u00fablico e a for\u00e7a da cultura local.\",\"breadcrumb\":{\"@id\":\"https:\/\/ubanews.com\/site\/2025\/10\/19\/terceira-noite-do-carnaval-de-uba-2025\/#breadcrumb\"},\"inLanguage\":\"pt-BR\",\"potentialAction\":[{\"@type\":\"ReadAction\",\"target\":[\"https:\/\/ubanews.com\/site\/2025\/10\/19\/terceira-noite-do-carnaval-de-uba-2025\/\"]}]},{\"@type\":\"ImageObject\",\"inLanguage\":\"pt-BR\",\"@id\":\"https:\/\/ubanews.com\/site\/2025\/10\/19\/terceira-noite-do-carnaval-de-uba-2025\/#primaryimage\",\"url\":\"https:\/\/ubanews.com\/site\/wp-content\/uploads\/2025\/10\/Fala-Sodre-Noite-de-Carnaval-em-Uba-em-2025-Bloco-Treme-Terra.jpg\",\"contentUrl\":\"https:\/\/ubanews.com\/site\/wp-content\/uploads\/2025\/10\/Fala-Sodre-Noite-de-Carnaval-em-Uba-em-2025-Bloco-Treme-Terra.jpg\",\"width\":1288,\"height\":676,\"caption\":\"Terceira Noite do Carnaval de Ub\u00e1 2025: Tradi\u00e7\u00e3o, M\u00fasica e Uni\u00e3o Popular.\"},{\"@type\":\"BreadcrumbList\",\"@id\":\"https:\/\/ubanews.com\/site\/2025\/10\/19\/terceira-noite-do-carnaval-de-uba-2025\/#breadcrumb\",\"itemListElement\":[{\"@type\":\"ListItem\",\"position\":1,\"name\":\"Home\",\"item\":\"https:\/\/ubanews.com\/site\/\"},{\"@type\":\"ListItem\",\"position\":2,\"name\":\"Terceira Noite do Carnaval de Ub\u00e1 2025\"}]},{\"@type\":\"WebSite\",\"@id\":\"https:\/\/ubanews.com\/site\/#website\",\"url\":\"https:\/\/ubanews.com\/site\/\",\"name\":\"Ub\u00e1 News\",\"description\":\"\",\"publisher\":{\"@id\":\"https:\/\/ubanews.com\/site\/#organization\"},\"potentialAction\":[{\"@type\":\"SearchAction\",\"target\":{\"@type\":\"EntryPoint\",\"urlTemplate\":\"https:\/\/ubanews.com\/site\/?s={search_term_string}\"},\"query-input\":{\"@type\":\"PropertyValueSpecification\",\"valueRequired\":true,\"valueName\":\"search_term_string\"}}],\"inLanguage\":\"pt-BR\"},{\"@type\":\"Organization\",\"@id\":\"https:\/\/ubanews.com\/site\/#organization\",\"name\":\"Ub\u00e1 News\",\"url\":\"https:\/\/ubanews.com\/site\/\",\"logo\":{\"@type\":\"ImageObject\",\"inLanguage\":\"pt-BR\",\"@id\":\"https:\/\/ubanews.com\/site\/#\/schema\/logo\/image\/\",\"url\":\"https:\/\/ubanews.com\/site\/wp-content\/uploads\/2018\/01\/logoubanews.png\",\"contentUrl\":\"https:\/\/ubanews.com\/site\/wp-content\/uploads\/2018\/01\/logoubanews.png\",\"width\":261,\"height\":99,\"caption\":\"Ub\u00e1 News\"},\"image\":{\"@id\":\"https:\/\/ubanews.com\/site\/#\/schema\/logo\/image\/\"},\"sameAs\":[\"https:\/\/www.facebook.com\/Ub\u00e1News-Carlos-Roberto-Sodr\u00e9-418778301977370\"]},{\"@type\":\"Person\",\"@id\":\"https:\/\/ubanews.com\/site\/#\/schema\/person\/9d8da9ec3c8d00640ab6e8c81e103310\",\"name\":\"Carlos Roberto Sodr\u00e9\",\"image\":{\"@type\":\"ImageObject\",\"inLanguage\":\"pt-BR\",\"@id\":\"https:\/\/secure.gravatar.com\/avatar\/aab322e8555b56c468614fafdab8a8f924e394cdc6cfd8232f77e9e4d123a133?s=96&d=mm&r=g\",\"url\":\"https:\/\/secure.gravatar.com\/avatar\/aab322e8555b56c468614fafdab8a8f924e394cdc6cfd8232f77e9e4d123a133?s=96&d=mm&r=g\",\"contentUrl\":\"https:\/\/secure.gravatar.com\/avatar\/aab322e8555b56c468614fafdab8a8f924e394cdc6cfd8232f77e9e4d123a133?s=96&d=mm&r=g\",\"caption\":\"Carlos Roberto Sodr\u00e9\"},\"url\":\"https:\/\/ubanews.com\/site\/author\/sodre\/\"}]}<\/script>\n<!-- \/ Yoast SEO plugin. -->","yoast_head_json":{"title":"Terceira Noite do Carnaval de Ub\u00e1 2025 - Ub\u00e1 News","description":"Terceira Noite do Carnaval de Ub\u00e1 2025: Tradi\u00e7\u00e3o, M\u00fasica e Uni\u00e3o Popular. O Carnaval segue encantando o p\u00fablico e a for\u00e7a da cultura local.","robots":{"index":"index","follow":"follow","max-snippet":"max-snippet:-1","max-image-preview":"max-image-preview:large","max-video-preview":"max-video-preview:-1"},"canonical":"https:\/\/ubanews.com\/site\/2025\/10\/19\/terceira-noite-do-carnaval-de-uba-2025\/","og_locale":"pt_BR","og_type":"article","og_title":"Terceira Noite do Carnaval de Ub\u00e1 2025 - Ub\u00e1 News","og_description":"Terceira Noite do Carnaval de Ub\u00e1 2025: Tradi\u00e7\u00e3o, M\u00fasica e Uni\u00e3o Popular. O Carnaval segue encantando o p\u00fablico e a for\u00e7a da cultura local.","og_url":"https:\/\/ubanews.com\/site\/2025\/10\/19\/terceira-noite-do-carnaval-de-uba-2025\/","og_site_name":"Ub\u00e1 News","article_publisher":"https:\/\/www.facebook.com\/Ub%c3%a1News-Carlos-Roberto-Sodr%c3%a9-418778301977370","article_published_time":"2025-10-19T19:42:29+00:00","article_modified_time":"2025-10-19T19:59:17+00:00","og_image":[{"width":1288,"height":676,"url":"https:\/\/ubanews.com\/site\/wp-content\/uploads\/2025\/10\/Fala-Sodre-Noite-de-Carnaval-em-Uba-em-2025-Bloco-Treme-Terra.jpg","type":"image\/jpeg"}],"author":"Carlos Roberto Sodr\u00e9","twitter_card":"summary_large_image","twitter_misc":{"Escrito por":"Carlos Roberto Sodr\u00e9","Est. tempo de leitura":"4 minutos"},"schema":{"@context":"https:\/\/schema.org","@graph":[{"@type":"Article","@id":"https:\/\/ubanews.com\/site\/2025\/10\/19\/terceira-noite-do-carnaval-de-uba-2025\/#article","isPartOf":{"@id":"https:\/\/ubanews.com\/site\/2025\/10\/19\/terceira-noite-do-carnaval-de-uba-2025\/"},"author":{"name":"Carlos Roberto Sodr\u00e9","@id":"https:\/\/ubanews.com\/site\/#\/schema\/person\/9d8da9ec3c8d00640ab6e8c81e103310"},"headline":"Terceira Noite do Carnaval de Ub\u00e1 2025","datePublished":"2025-10-19T19:42:29+00:00","dateModified":"2025-10-19T19:59:17+00:00","mainEntityOfPage":{"@id":"https:\/\/ubanews.com\/site\/2025\/10\/19\/terceira-noite-do-carnaval-de-uba-2025\/"},"wordCount":741,"commentCount":0,"publisher":{"@id":"https:\/\/ubanews.com\/site\/#organization"},"image":{"@id":"https:\/\/ubanews.com\/site\/2025\/10\/19\/terceira-noite-do-carnaval-de-uba-2025\/#primaryimage"},"thumbnailUrl":"https:\/\/ubanews.com\/site\/wp-content\/uploads\/2025\/10\/Fala-Sodre-Noite-de-Carnaval-em-Uba-em-2025-Bloco-Treme-Terra.jpg","keywords":["Bloco Treme Terra","Carnaval","Carnaval de Ub\u00e1","Fala Sodr\u00e9","Treme Terra","UBANEWS"],"articleSection":["Geral","Slide"],"inLanguage":"pt-BR","potentialAction":[{"@type":"CommentAction","name":"Comment","target":["https:\/\/ubanews.com\/site\/2025\/10\/19\/terceira-noite-do-carnaval-de-uba-2025\/#respond"]}]},{"@type":"WebPage","@id":"https:\/\/ubanews.com\/site\/2025\/10\/19\/terceira-noite-do-carnaval-de-uba-2025\/","url":"https:\/\/ubanews.com\/site\/2025\/10\/19\/terceira-noite-do-carnaval-de-uba-2025\/","name":"Terceira Noite do Carnaval de Ub\u00e1 2025 - Ub\u00e1 News","isPartOf":{"@id":"https:\/\/ubanews.com\/site\/#website"},"primaryImageOfPage":{"@id":"https:\/\/ubanews.com\/site\/2025\/10\/19\/terceira-noite-do-carnaval-de-uba-2025\/#primaryimage"},"image":{"@id":"https:\/\/ubanews.com\/site\/2025\/10\/19\/terceira-noite-do-carnaval-de-uba-2025\/#primaryimage"},"thumbnailUrl":"https:\/\/ubanews.com\/site\/wp-content\/uploads\/2025\/10\/Fala-Sodre-Noite-de-Carnaval-em-Uba-em-2025-Bloco-Treme-Terra.jpg","datePublished":"2025-10-19T19:42:29+00:00","dateModified":"2025-10-19T19:59:17+00:00","description":"Terceira Noite do Carnaval de Ub\u00e1 2025: Tradi\u00e7\u00e3o, M\u00fasica e Uni\u00e3o Popular. O Carnaval segue encantando o p\u00fablico e a for\u00e7a da cultura local.","breadcrumb":{"@id":"https:\/\/ubanews.com\/site\/2025\/10\/19\/terceira-noite-do-carnaval-de-uba-2025\/#breadcrumb"},"inLanguage":"pt-BR","potentialAction":[{"@type":"ReadAction","target":["https:\/\/ubanews.com\/site\/2025\/10\/19\/terceira-noite-do-carnaval-de-uba-2025\/"]}]},{"@type":"ImageObject","inLanguage":"pt-BR","@id":"https:\/\/ubanews.com\/site\/2025\/10\/19\/terceira-noite-do-carnaval-de-uba-2025\/#primaryimage","url":"https:\/\/ubanews.com\/site\/wp-content\/uploads\/2025\/10\/Fala-Sodre-Noite-de-Carnaval-em-Uba-em-2025-Bloco-Treme-Terra.jpg","contentUrl":"https:\/\/ubanews.com\/site\/wp-content\/uploads\/2025\/10\/Fala-Sodre-Noite-de-Carnaval-em-Uba-em-2025-Bloco-Treme-Terra.jpg","width":1288,"height":676,"caption":"Terceira Noite do Carnaval de Ub\u00e1 2025: Tradi\u00e7\u00e3o, M\u00fasica e Uni\u00e3o Popular."},{"@type":"BreadcrumbList","@id":"https:\/\/ubanews.com\/site\/2025\/10\/19\/terceira-noite-do-carnaval-de-uba-2025\/#breadcrumb","itemListElement":[{"@type":"ListItem","position":1,"name":"Home","item":"https:\/\/ubanews.com\/site\/"},{"@type":"ListItem","position":2,"name":"Terceira Noite do Carnaval de Ub\u00e1 2025"}]},{"@type":"WebSite","@id":"https:\/\/ubanews.com\/site\/#website","url":"https:\/\/ubanews.com\/site\/","name":"Ub\u00e1 News","description":"","publisher":{"@id":"https:\/\/ubanews.com\/site\/#organization"},"potentialAction":[{"@type":"SearchAction","target":{"@type":"EntryPoint","urlTemplate":"https:\/\/ubanews.com\/site\/?s={search_term_string}"},"query-input":{"@type":"PropertyValueSpecification","valueRequired":true,"valueName":"search_term_string"}}],"inLanguage":"pt-BR"},{"@type":"Organization","@id":"https:\/\/ubanews.com\/site\/#organization","name":"Ub\u00e1 News","url":"https:\/\/ubanews.com\/site\/","logo":{"@type":"ImageObject","inLanguage":"pt-BR","@id":"https:\/\/ubanews.com\/site\/#\/schema\/logo\/image\/","url":"https:\/\/ubanews.com\/site\/wp-content\/uploads\/2018\/01\/logoubanews.png","contentUrl":"https:\/\/ubanews.com\/site\/wp-content\/uploads\/2018\/01\/logoubanews.png","width":261,"height":99,"caption":"Ub\u00e1 News"},"image":{"@id":"https:\/\/ubanews.com\/site\/#\/schema\/logo\/image\/"},"sameAs":["https:\/\/www.facebook.com\/Ub\u00e1News-Carlos-Roberto-Sodr\u00e9-418778301977370"]},{"@type":"Person","@id":"https:\/\/ubanews.com\/site\/#\/schema\/person\/9d8da9ec3c8d00640ab6e8c81e103310","name":"Carlos Roberto Sodr\u00e9","image":{"@type":"ImageObject","inLanguage":"pt-BR","@id":"https:\/\/secure.gravatar.com\/avatar\/aab322e8555b56c468614fafdab8a8f924e394cdc6cfd8232f77e9e4d123a133?s=96&d=mm&r=g","url":"https:\/\/secure.gravatar.com\/avatar\/aab322e8555b56c468614fafdab8a8f924e394cdc6cfd8232f77e9e4d123a133?s=96&d=mm&r=g","contentUrl":"https:\/\/secure.gravatar.com\/avatar\/aab322e8555b56c468614fafdab8a8f924e394cdc6cfd8232f77e9e4d123a133?s=96&d=mm&r=g","caption":"Carlos Roberto Sodr\u00e9"},"url":"https:\/\/ubanews.com\/site\/author\/sodre\/"}]}},"_links":{"self":[{"href":"https:\/\/ubanews.com\/site\/wp-json\/wp\/v2\/posts\/23214","targetHints":{"allow":["GET"]}}],"collection":[{"href":"https:\/\/ubanews.com\/site\/wp-json\/wp\/v2\/posts"}],"about":[{"href":"https:\/\/ubanews.com\/site\/wp-json\/wp\/v2\/types\/post"}],"author":[{"embeddable":true,"href":"https:\/\/ubanews.com\/site\/wp-json\/wp\/v2\/users\/4"}],"replies":[{"embeddable":true,"href":"https:\/\/ubanews.com\/site\/wp-json\/wp\/v2\/comments?post=23214"}],"version-history":[{"count":0,"href":"https:\/\/ubanews.com\/site\/wp-json\/wp\/v2\/posts\/23214\/revisions"}],"wp:featuredmedia":[{"embeddable":true,"href":"https:\/\/ubanews.com\/site\/wp-json\/wp\/v2\/media\/23215"}],"wp:attachment":[{"href":"https:\/\/ubanews.com\/site\/wp-json\/wp\/v2\/media?parent=23214"}],"wp:term":[{"taxonomy":"category","embeddable":true,"href":"https:\/\/ubanews.com\/site\/wp-json\/wp\/v2\/categories?post=23214"},{"taxonomy":"post_tag","embeddable":true,"href":"https:\/\/ubanews.com\/site\/wp-json\/wp\/v2\/tags?post=23214"}],"curies":[{"name":"wp","href":"https:\/\/api.w.org\/{rel}","templated":true}]}}