{"id":23210,"date":"2025-10-19T16:32:55","date_gmt":"2025-10-19T19:32:55","guid":{"rendered":"https:\/\/ubanews.com\/site\/?p=23210"},"modified":"2025-10-19T16:32:55","modified_gmt":"2025-10-19T19:32:55","slug":"policia-militar-acidente-de-transito-com-vitima-grave","status":"publish","type":"post","link":"https:\/\/ubanews.com\/site\/2025\/10\/19\/policia-militar-acidente-de-transito-com-vitima-grave\/","title":{"rendered":"Pol\u00edcia Militar &#8211; ACIDENTE DE TR\u00c2NSITO COM V\u00cdTIMA GRAVE"},"content":{"rendered":"<p>&#x1f6a7; CPE \/ BPMRv \/ 4\u00aa CIA PRv \/ 1\u00ba PEL Rv \/ 1\u00b0 GPRv \/ &#x1f6a7;<\/p>\n<p>(T00008) &#8211; ACIDENTE DE TR\u00c2NSITO COM V\u00cdTIMA GRAVE (ENVOLVENDO PM DA ATIVA) Acionados pelo Compom, comparecemos ao km 64 da MG-353, no munic\u00edpio de Coronel Pacheco, onde ocorreu um acidente com vitima, envolvendo um 3\u00ba Sgt da Pol\u00edcia Militar pertencente ao 21\u00b0BPM \/ 4\u00aa RPM.<\/p>\n<p>Data: 18\/10\/2025<br \/>\nHor\u00e1rio do fato: 14:00h<br \/>\nLocal: MG353\/ KM 64 &#8211; Coronel Pacheco<\/p>\n<h2>Pol\u00edcia Militar &#8211; ACIDENTE DE TR\u00c2NSITO COM V\u00cdTIMA GRAVE<img decoding=\"async\" class=\"aligncenter size-medium wp-image-23211 lazyload\" data-src=\"https:\/\/ubanews.com\/site\/wp-content\/uploads\/2025\/10\/Policia-Militar-1-300x169.jpeg\" alt=\"Pol\u00edcia Militar - ACIDENTE DE TR\u00c2NSITO COM V\u00cdTIMA GRAVE\" width=\"300\" height=\"169\" data-srcset=\"https:\/\/ubanews.com\/site\/wp-content\/uploads\/2025\/10\/Policia-Militar-1-300x169.jpeg 300w, https:\/\/ubanews.com\/site\/wp-content\/uploads\/2025\/10\/Policia-Militar-1-1024x576.jpeg 1024w, https:\/\/ubanews.com\/site\/wp-content\/uploads\/2025\/10\/Policia-Militar-1-768x432.jpeg 768w, https:\/\/ubanews.com\/site\/wp-content\/uploads\/2025\/10\/Policia-Militar-1-1536x864.jpeg 1536w, https:\/\/ubanews.com\/site\/wp-content\/uploads\/2025\/10\/Policia-Militar-1.jpeg 1600w\" data-sizes=\"(max-width: 300px) 100vw, 300px\" src=\"data:image\/svg+xml;base64,PHN2ZyB3aWR0aD0iMSIgaGVpZ2h0PSIxIiB4bWxucz0iaHR0cDovL3d3dy53My5vcmcvMjAwMC9zdmciPjwvc3ZnPg==\" style=\"--smush-placeholder-width: 300px; --smush-placeholder-aspect-ratio: 300\/169;\" \/><\/h2>\n<p>&nbsp;<\/p>\n<p>&nbsp;<\/p>\n<p>No local j\u00e1 se faziam presentes uma Viatura do 2\u00b0BPM que passava pelo local em dilig\u00eancia e tomou as primeiras provid\u00eancias.<\/p>\n<p>O acidente envolveu um VW Gol, que seguia sentido Juiz de Fora para Coronel Pacheco, apenas com o Motorista;<br \/>\nUm Veiculo GM Astra, que seguia no sentido Coronel Pacheco para Juiz de Fora e era conduzido pelo militar, nele estando o Militar, sua Esposa, suas duas filha (menores de idade).<br \/>\nOutro veiculo VW Gol, que seguia no tamb\u00e9m no sentido Coronel Pacheco para Juiz de Fora, apenas com o Motorista.<\/p>\n<p>No local, constatamos que a pista tem o tra\u00e7ado de uma curva, com declive, uma faixa de tr\u00e2nsito em sentido decrescente e duas em sentido crescente, separada por marcas longitudinais cont\u00ednua amarela, a qual apresentava-se seca e com boas condi\u00e7\u00f5es de visibilidade.<br \/>\nNa pista, haviam tr\u00eas ve\u00edculos acidentados, sendo um gol na contram\u00e3o de dire\u00e7\u00e3o, batido frontalmente no astra, que por sua vez tinha em sua traseira tinha outro gol colidido.<\/p>\n<p>Segundo o Condutor do VW Gol que seguia no sentido de Coronel Pacheco para Juiz de fora, este nos relatou que seguia atr\u00e1s do veiculo Astra, quando visualizou o outro gol, que vinha em sentido oposto, ir no sentido para fora da pista e de repente retornou a pista cruzando para contram\u00e3o de dire\u00e7\u00e3o e vindo a colidir frontalmente com o Astra, sendo que, apesar de tentar evitar a colis\u00e3o, nao foi possivel, vindo a colidir com a traseira do Astra.<\/p>\n<p>Os demais envolvidos n\u00e3o se recordam do acidente.<\/p>\n<p>O acidente mobilizou uma ASL e uma ABTS dos bombeiros, que realizaram o desencarceramento do condutor do VW Gol que invadiu \u00e0 contram\u00e3o de dire\u00e7\u00e3o, contando tamb\u00e9m com 05 viaturas do SAMU (ASB e ASA).<\/p>\n<p>O Militar, sua esposa e duas filhas foram encaminhadas ao hospital, sendo que somente a menor de 14 anos precisou passar por cirurgia devido a les\u00e3o na coluna cervical, os demais ocupantes do ve\u00edculo estavam est\u00e1veis.<\/p>\n<p>A V\u00edtima do Gol que seguia em sentido decrescente e invadiu a contram\u00e3o precisou ser retirada das ferragens, sendo encaminhada ao Hospital.<\/p>\n<p>A V\u00edtima do gol que seguia no sentido Coronel Pacheco-Juiz de Fora n\u00e3o teve ferimentos.<\/p>\n<p>Per\u00edcia t\u00e9cnica da Pol\u00edcia Civil, esteve no local do acidente e realizou os trabalhos de praxe, e realizar\u00e1 laudo definitivo a fim de elucidar as causas do acidente.<\/p>\n<p>Equipes:<br \/>\n&#x1f694;VPRV Diurna-JF<br \/>\n&#x1f694;VPRV Noturna-JF<br \/>\n&#x1f694;RP 31\u00aaCia<br \/>\n&#x1f694; PATRAN 2\u00b0BPM<br \/>\n&#x1f694; CPU 2\u00b0 BPM<\/p>\n<p>REDS 2025-048391606-001<\/p>\n<p>&#x1f694;&#x1f53a; CPE\/BPMRv: Os Anjos da Guarda dos Caminhos de Minas &#x1f694;&#x1f53a;<\/p>\n<p>&#x1f694;&#x1f396; 1971\/2025: 54 ANOS CUIDANDO DA SUA SEGURAN\u00c7A NOS CAMINHOS DE MINAS*&#x1f694;&#x1f53a;<\/p>\n","protected":false},"excerpt":{"rendered":"<p>&#x1f6a7; CPE \/ BPMRv \/ 4\u00aa CIA PRv \/ 1\u00ba<\/p>\n","protected":false},"author":4,"featured_media":23211,"comment_status":"open","ping_status":"open","sticky":false,"template":"","format":"standard","meta":{"footnotes":""},"categories":[1],"tags":[59,73,165,60],"class_list":["post-23210","post","type-post","status-publish","format-standard","has-post-thumbnail","hentry","category-sem-categoria","tag-fala-sodre","tag-policia-militar","tag-ubanerws","tag-ubanews"],"yoast_head":"<!-- This site is optimized with the Yoast SEO plugin v27.2 - https:\/\/yoast.com\/product\/yoast-seo-wordpress\/ -->\n<title>Pol\u00edcia Militar - ACIDENTE DE TR\u00c2NSITO COM V\u00cdTIMA GRAVE - Ub\u00e1 News<\/title>\n<meta name=\"description\" content=\"Pol\u00edcia Militar - ACIDENTE DE TR\u00c2NSITO COM V\u00cdTIMA GRAVE. Acionados pelo Compom, comparecemos ao km 64, no munic\u00edpio de Coronel Pacheco\" \/>\n<meta name=\"robots\" content=\"index, follow, max-snippet:-1, max-image-preview:large, max-video-preview:-1\" \/>\n<link rel=\"canonical\" href=\"https:\/\/ubanews.com\/site\/2025\/10\/19\/policia-militar-acidente-de-transito-com-vitima-grave\/\" \/>\n<meta property=\"og:locale\" content=\"pt_BR\" \/>\n<meta property=\"og:type\" content=\"article\" \/>\n<meta property=\"og:title\" content=\"Pol\u00edcia Militar - ACIDENTE DE TR\u00c2NSITO COM V\u00cdTIMA GRAVE - Ub\u00e1 News\" \/>\n<meta property=\"og:description\" content=\"Pol\u00edcia Militar - ACIDENTE DE TR\u00c2NSITO COM V\u00cdTIMA GRAVE. Acionados pelo Compom, comparecemos ao km 64, no munic\u00edpio de Coronel Pacheco\" \/>\n<meta property=\"og:url\" content=\"https:\/\/ubanews.com\/site\/2025\/10\/19\/policia-militar-acidente-de-transito-com-vitima-grave\/\" \/>\n<meta property=\"og:site_name\" content=\"Ub\u00e1 News\" \/>\n<meta property=\"article:publisher\" content=\"https:\/\/www.facebook.com\/Ub%c3%a1News-Carlos-Roberto-Sodr%c3%a9-418778301977370\" \/>\n<meta property=\"article:published_time\" content=\"2025-10-19T19:32:55+00:00\" \/>\n<meta property=\"og:image\" content=\"https:\/\/ubanews.com\/site\/wp-content\/uploads\/2025\/10\/Policia-Militar-1.jpeg\" \/>\n\t<meta property=\"og:image:width\" content=\"1600\" \/>\n\t<meta property=\"og:image:height\" content=\"900\" \/>\n\t<meta property=\"og:image:type\" content=\"image\/jpeg\" \/>\n<meta name=\"author\" content=\"Carlos Roberto Sodr\u00e9\" \/>\n<meta name=\"twitter:card\" content=\"summary_large_image\" \/>\n<meta name=\"twitter:label1\" content=\"Escrito por\" \/>\n\t<meta name=\"twitter:data1\" content=\"Carlos Roberto Sodr\u00e9\" \/>\n\t<meta name=\"twitter:label2\" content=\"Est. tempo de leitura\" \/>\n\t<meta name=\"twitter:data2\" content=\"4 minutos\" \/>\n<script type=\"application\/ld+json\" class=\"yoast-schema-graph\">{\"@context\":\"https:\/\/schema.org\",\"@graph\":[{\"@type\":\"Article\",\"@id\":\"https:\/\/ubanews.com\/site\/2025\/10\/19\/policia-militar-acidente-de-transito-com-vitima-grave\/#article\",\"isPartOf\":{\"@id\":\"https:\/\/ubanews.com\/site\/2025\/10\/19\/policia-militar-acidente-de-transito-com-vitima-grave\/\"},\"author\":{\"name\":\"Carlos Roberto Sodr\u00e9\",\"@id\":\"https:\/\/ubanews.com\/site\/#\/schema\/person\/9d8da9ec3c8d00640ab6e8c81e103310\"},\"headline\":\"Pol\u00edcia Militar &#8211; ACIDENTE DE TR\u00c2NSITO COM V\u00cdTIMA GRAVE\",\"datePublished\":\"2025-10-19T19:32:55+00:00\",\"mainEntityOfPage\":{\"@id\":\"https:\/\/ubanews.com\/site\/2025\/10\/19\/policia-militar-acidente-de-transito-com-vitima-grave\/\"},\"wordCount\":572,\"commentCount\":0,\"publisher\":{\"@id\":\"https:\/\/ubanews.com\/site\/#organization\"},\"image\":{\"@id\":\"https:\/\/ubanews.com\/site\/2025\/10\/19\/policia-militar-acidente-de-transito-com-vitima-grave\/#primaryimage\"},\"thumbnailUrl\":\"https:\/\/ubanews.com\/site\/wp-content\/uploads\/2025\/10\/Policia-Militar-1.jpeg\",\"keywords\":[\"Fala Sodr\u00e9\",\"Pol\u00edcia Militar\",\"UbaNerws\",\"UBANEWS\"],\"articleSection\":[\"Geral\"],\"inLanguage\":\"pt-BR\",\"potentialAction\":[{\"@type\":\"CommentAction\",\"name\":\"Comment\",\"target\":[\"https:\/\/ubanews.com\/site\/2025\/10\/19\/policia-militar-acidente-de-transito-com-vitima-grave\/#respond\"]}]},{\"@type\":\"WebPage\",\"@id\":\"https:\/\/ubanews.com\/site\/2025\/10\/19\/policia-militar-acidente-de-transito-com-vitima-grave\/\",\"url\":\"https:\/\/ubanews.com\/site\/2025\/10\/19\/policia-militar-acidente-de-transito-com-vitima-grave\/\",\"name\":\"Pol\u00edcia Militar - ACIDENTE DE TR\u00c2NSITO COM V\u00cdTIMA GRAVE - Ub\u00e1 News\",\"isPartOf\":{\"@id\":\"https:\/\/ubanews.com\/site\/#website\"},\"primaryImageOfPage\":{\"@id\":\"https:\/\/ubanews.com\/site\/2025\/10\/19\/policia-militar-acidente-de-transito-com-vitima-grave\/#primaryimage\"},\"image\":{\"@id\":\"https:\/\/ubanews.com\/site\/2025\/10\/19\/policia-militar-acidente-de-transito-com-vitima-grave\/#primaryimage\"},\"thumbnailUrl\":\"https:\/\/ubanews.com\/site\/wp-content\/uploads\/2025\/10\/Policia-Militar-1.jpeg\",\"datePublished\":\"2025-10-19T19:32:55+00:00\",\"description\":\"Pol\u00edcia Militar - ACIDENTE DE TR\u00c2NSITO COM V\u00cdTIMA GRAVE. Acionados pelo Compom, comparecemos ao km 64, no munic\u00edpio de Coronel Pacheco\",\"breadcrumb\":{\"@id\":\"https:\/\/ubanews.com\/site\/2025\/10\/19\/policia-militar-acidente-de-transito-com-vitima-grave\/#breadcrumb\"},\"inLanguage\":\"pt-BR\",\"potentialAction\":[{\"@type\":\"ReadAction\",\"target\":[\"https:\/\/ubanews.com\/site\/2025\/10\/19\/policia-militar-acidente-de-transito-com-vitima-grave\/\"]}]},{\"@type\":\"ImageObject\",\"inLanguage\":\"pt-BR\",\"@id\":\"https:\/\/ubanews.com\/site\/2025\/10\/19\/policia-militar-acidente-de-transito-com-vitima-grave\/#primaryimage\",\"url\":\"https:\/\/ubanews.com\/site\/wp-content\/uploads\/2025\/10\/Policia-Militar-1.jpeg\",\"contentUrl\":\"https:\/\/ubanews.com\/site\/wp-content\/uploads\/2025\/10\/Policia-Militar-1.jpeg\",\"width\":1600,\"height\":900,\"caption\":\"Pol\u00edcia Militar - ACIDENTE DE TR\u00c2NSITO COM V\u00cdTIMA GRAVE\"},{\"@type\":\"BreadcrumbList\",\"@id\":\"https:\/\/ubanews.com\/site\/2025\/10\/19\/policia-militar-acidente-de-transito-com-vitima-grave\/#breadcrumb\",\"itemListElement\":[{\"@type\":\"ListItem\",\"position\":1,\"name\":\"Home\",\"item\":\"https:\/\/ubanews.com\/site\/\"},{\"@type\":\"ListItem\",\"position\":2,\"name\":\"Pol\u00edcia Militar &#8211; ACIDENTE DE TR\u00c2NSITO COM V\u00cdTIMA GRAVE\"}]},{\"@type\":\"WebSite\",\"@id\":\"https:\/\/ubanews.com\/site\/#website\",\"url\":\"https:\/\/ubanews.com\/site\/\",\"name\":\"Ub\u00e1 News\",\"description\":\"\",\"publisher\":{\"@id\":\"https:\/\/ubanews.com\/site\/#organization\"},\"potentialAction\":[{\"@type\":\"SearchAction\",\"target\":{\"@type\":\"EntryPoint\",\"urlTemplate\":\"https:\/\/ubanews.com\/site\/?s={search_term_string}\"},\"query-input\":{\"@type\":\"PropertyValueSpecification\",\"valueRequired\":true,\"valueName\":\"search_term_string\"}}],\"inLanguage\":\"pt-BR\"},{\"@type\":\"Organization\",\"@id\":\"https:\/\/ubanews.com\/site\/#organization\",\"name\":\"Ub\u00e1 News\",\"url\":\"https:\/\/ubanews.com\/site\/\",\"logo\":{\"@type\":\"ImageObject\",\"inLanguage\":\"pt-BR\",\"@id\":\"https:\/\/ubanews.com\/site\/#\/schema\/logo\/image\/\",\"url\":\"https:\/\/ubanews.com\/site\/wp-content\/uploads\/2018\/01\/logoubanews.png\",\"contentUrl\":\"https:\/\/ubanews.com\/site\/wp-content\/uploads\/2018\/01\/logoubanews.png\",\"width\":261,\"height\":99,\"caption\":\"Ub\u00e1 News\"},\"image\":{\"@id\":\"https:\/\/ubanews.com\/site\/#\/schema\/logo\/image\/\"},\"sameAs\":[\"https:\/\/www.facebook.com\/Ub\u00e1News-Carlos-Roberto-Sodr\u00e9-418778301977370\"]},{\"@type\":\"Person\",\"@id\":\"https:\/\/ubanews.com\/site\/#\/schema\/person\/9d8da9ec3c8d00640ab6e8c81e103310\",\"name\":\"Carlos Roberto Sodr\u00e9\",\"image\":{\"@type\":\"ImageObject\",\"inLanguage\":\"pt-BR\",\"@id\":\"https:\/\/secure.gravatar.com\/avatar\/aab322e8555b56c468614fafdab8a8f924e394cdc6cfd8232f77e9e4d123a133?s=96&d=mm&r=g\",\"url\":\"https:\/\/secure.gravatar.com\/avatar\/aab322e8555b56c468614fafdab8a8f924e394cdc6cfd8232f77e9e4d123a133?s=96&d=mm&r=g\",\"contentUrl\":\"https:\/\/secure.gravatar.com\/avatar\/aab322e8555b56c468614fafdab8a8f924e394cdc6cfd8232f77e9e4d123a133?s=96&d=mm&r=g\",\"caption\":\"Carlos Roberto Sodr\u00e9\"},\"url\":\"https:\/\/ubanews.com\/site\/author\/sodre\/\"}]}<\/script>\n<!-- \/ Yoast SEO plugin. -->","yoast_head_json":{"title":"Pol\u00edcia Militar - ACIDENTE DE TR\u00c2NSITO COM V\u00cdTIMA GRAVE - Ub\u00e1 News","description":"Pol\u00edcia Militar - ACIDENTE DE TR\u00c2NSITO COM V\u00cdTIMA GRAVE. Acionados pelo Compom, comparecemos ao km 64, no munic\u00edpio de Coronel Pacheco","robots":{"index":"index","follow":"follow","max-snippet":"max-snippet:-1","max-image-preview":"max-image-preview:large","max-video-preview":"max-video-preview:-1"},"canonical":"https:\/\/ubanews.com\/site\/2025\/10\/19\/policia-militar-acidente-de-transito-com-vitima-grave\/","og_locale":"pt_BR","og_type":"article","og_title":"Pol\u00edcia Militar - ACIDENTE DE TR\u00c2NSITO COM V\u00cdTIMA GRAVE - Ub\u00e1 News","og_description":"Pol\u00edcia Militar - ACIDENTE DE TR\u00c2NSITO COM V\u00cdTIMA GRAVE. Acionados pelo Compom, comparecemos ao km 64, no munic\u00edpio de Coronel Pacheco","og_url":"https:\/\/ubanews.com\/site\/2025\/10\/19\/policia-militar-acidente-de-transito-com-vitima-grave\/","og_site_name":"Ub\u00e1 News","article_publisher":"https:\/\/www.facebook.com\/Ub%c3%a1News-Carlos-Roberto-Sodr%c3%a9-418778301977370","article_published_time":"2025-10-19T19:32:55+00:00","og_image":[{"width":1600,"height":900,"url":"https:\/\/ubanews.com\/site\/wp-content\/uploads\/2025\/10\/Policia-Militar-1.jpeg","type":"image\/jpeg"}],"author":"Carlos Roberto Sodr\u00e9","twitter_card":"summary_large_image","twitter_misc":{"Escrito por":"Carlos Roberto Sodr\u00e9","Est. tempo de leitura":"4 minutos"},"schema":{"@context":"https:\/\/schema.org","@graph":[{"@type":"Article","@id":"https:\/\/ubanews.com\/site\/2025\/10\/19\/policia-militar-acidente-de-transito-com-vitima-grave\/#article","isPartOf":{"@id":"https:\/\/ubanews.com\/site\/2025\/10\/19\/policia-militar-acidente-de-transito-com-vitima-grave\/"},"author":{"name":"Carlos Roberto Sodr\u00e9","@id":"https:\/\/ubanews.com\/site\/#\/schema\/person\/9d8da9ec3c8d00640ab6e8c81e103310"},"headline":"Pol\u00edcia Militar &#8211; ACIDENTE DE TR\u00c2NSITO COM V\u00cdTIMA GRAVE","datePublished":"2025-10-19T19:32:55+00:00","mainEntityOfPage":{"@id":"https:\/\/ubanews.com\/site\/2025\/10\/19\/policia-militar-acidente-de-transito-com-vitima-grave\/"},"wordCount":572,"commentCount":0,"publisher":{"@id":"https:\/\/ubanews.com\/site\/#organization"},"image":{"@id":"https:\/\/ubanews.com\/site\/2025\/10\/19\/policia-militar-acidente-de-transito-com-vitima-grave\/#primaryimage"},"thumbnailUrl":"https:\/\/ubanews.com\/site\/wp-content\/uploads\/2025\/10\/Policia-Militar-1.jpeg","keywords":["Fala Sodr\u00e9","Pol\u00edcia Militar","UbaNerws","UBANEWS"],"articleSection":["Geral"],"inLanguage":"pt-BR","potentialAction":[{"@type":"CommentAction","name":"Comment","target":["https:\/\/ubanews.com\/site\/2025\/10\/19\/policia-militar-acidente-de-transito-com-vitima-grave\/#respond"]}]},{"@type":"WebPage","@id":"https:\/\/ubanews.com\/site\/2025\/10\/19\/policia-militar-acidente-de-transito-com-vitima-grave\/","url":"https:\/\/ubanews.com\/site\/2025\/10\/19\/policia-militar-acidente-de-transito-com-vitima-grave\/","name":"Pol\u00edcia Militar - ACIDENTE DE TR\u00c2NSITO COM V\u00cdTIMA GRAVE - Ub\u00e1 News","isPartOf":{"@id":"https:\/\/ubanews.com\/site\/#website"},"primaryImageOfPage":{"@id":"https:\/\/ubanews.com\/site\/2025\/10\/19\/policia-militar-acidente-de-transito-com-vitima-grave\/#primaryimage"},"image":{"@id":"https:\/\/ubanews.com\/site\/2025\/10\/19\/policia-militar-acidente-de-transito-com-vitima-grave\/#primaryimage"},"thumbnailUrl":"https:\/\/ubanews.com\/site\/wp-content\/uploads\/2025\/10\/Policia-Militar-1.jpeg","datePublished":"2025-10-19T19:32:55+00:00","description":"Pol\u00edcia Militar - ACIDENTE DE TR\u00c2NSITO COM V\u00cdTIMA GRAVE. Acionados pelo Compom, comparecemos ao km 64, no munic\u00edpio de Coronel Pacheco","breadcrumb":{"@id":"https:\/\/ubanews.com\/site\/2025\/10\/19\/policia-militar-acidente-de-transito-com-vitima-grave\/#breadcrumb"},"inLanguage":"pt-BR","potentialAction":[{"@type":"ReadAction","target":["https:\/\/ubanews.com\/site\/2025\/10\/19\/policia-militar-acidente-de-transito-com-vitima-grave\/"]}]},{"@type":"ImageObject","inLanguage":"pt-BR","@id":"https:\/\/ubanews.com\/site\/2025\/10\/19\/policia-militar-acidente-de-transito-com-vitima-grave\/#primaryimage","url":"https:\/\/ubanews.com\/site\/wp-content\/uploads\/2025\/10\/Policia-Militar-1.jpeg","contentUrl":"https:\/\/ubanews.com\/site\/wp-content\/uploads\/2025\/10\/Policia-Militar-1.jpeg","width":1600,"height":900,"caption":"Pol\u00edcia Militar - ACIDENTE DE TR\u00c2NSITO COM V\u00cdTIMA GRAVE"},{"@type":"BreadcrumbList","@id":"https:\/\/ubanews.com\/site\/2025\/10\/19\/policia-militar-acidente-de-transito-com-vitima-grave\/#breadcrumb","itemListElement":[{"@type":"ListItem","position":1,"name":"Home","item":"https:\/\/ubanews.com\/site\/"},{"@type":"ListItem","position":2,"name":"Pol\u00edcia Militar &#8211; ACIDENTE DE TR\u00c2NSITO COM V\u00cdTIMA GRAVE"}]},{"@type":"WebSite","@id":"https:\/\/ubanews.com\/site\/#website","url":"https:\/\/ubanews.com\/site\/","name":"Ub\u00e1 News","description":"","publisher":{"@id":"https:\/\/ubanews.com\/site\/#organization"},"potentialAction":[{"@type":"SearchAction","target":{"@type":"EntryPoint","urlTemplate":"https:\/\/ubanews.com\/site\/?s={search_term_string}"},"query-input":{"@type":"PropertyValueSpecification","valueRequired":true,"valueName":"search_term_string"}}],"inLanguage":"pt-BR"},{"@type":"Organization","@id":"https:\/\/ubanews.com\/site\/#organization","name":"Ub\u00e1 News","url":"https:\/\/ubanews.com\/site\/","logo":{"@type":"ImageObject","inLanguage":"pt-BR","@id":"https:\/\/ubanews.com\/site\/#\/schema\/logo\/image\/","url":"https:\/\/ubanews.com\/site\/wp-content\/uploads\/2018\/01\/logoubanews.png","contentUrl":"https:\/\/ubanews.com\/site\/wp-content\/uploads\/2018\/01\/logoubanews.png","width":261,"height":99,"caption":"Ub\u00e1 News"},"image":{"@id":"https:\/\/ubanews.com\/site\/#\/schema\/logo\/image\/"},"sameAs":["https:\/\/www.facebook.com\/Ub\u00e1News-Carlos-Roberto-Sodr\u00e9-418778301977370"]},{"@type":"Person","@id":"https:\/\/ubanews.com\/site\/#\/schema\/person\/9d8da9ec3c8d00640ab6e8c81e103310","name":"Carlos Roberto Sodr\u00e9","image":{"@type":"ImageObject","inLanguage":"pt-BR","@id":"https:\/\/secure.gravatar.com\/avatar\/aab322e8555b56c468614fafdab8a8f924e394cdc6cfd8232f77e9e4d123a133?s=96&d=mm&r=g","url":"https:\/\/secure.gravatar.com\/avatar\/aab322e8555b56c468614fafdab8a8f924e394cdc6cfd8232f77e9e4d123a133?s=96&d=mm&r=g","contentUrl":"https:\/\/secure.gravatar.com\/avatar\/aab322e8555b56c468614fafdab8a8f924e394cdc6cfd8232f77e9e4d123a133?s=96&d=mm&r=g","caption":"Carlos Roberto Sodr\u00e9"},"url":"https:\/\/ubanews.com\/site\/author\/sodre\/"}]}},"_links":{"self":[{"href":"https:\/\/ubanews.com\/site\/wp-json\/wp\/v2\/posts\/23210","targetHints":{"allow":["GET"]}}],"collection":[{"href":"https:\/\/ubanews.com\/site\/wp-json\/wp\/v2\/posts"}],"about":[{"href":"https:\/\/ubanews.com\/site\/wp-json\/wp\/v2\/types\/post"}],"author":[{"embeddable":true,"href":"https:\/\/ubanews.com\/site\/wp-json\/wp\/v2\/users\/4"}],"replies":[{"embeddable":true,"href":"https:\/\/ubanews.com\/site\/wp-json\/wp\/v2\/comments?post=23210"}],"version-history":[{"count":0,"href":"https:\/\/ubanews.com\/site\/wp-json\/wp\/v2\/posts\/23210\/revisions"}],"wp:featuredmedia":[{"embeddable":true,"href":"https:\/\/ubanews.com\/site\/wp-json\/wp\/v2\/media\/23211"}],"wp:attachment":[{"href":"https:\/\/ubanews.com\/site\/wp-json\/wp\/v2\/media?parent=23210"}],"wp:term":[{"taxonomy":"category","embeddable":true,"href":"https:\/\/ubanews.com\/site\/wp-json\/wp\/v2\/categories?post=23210"},{"taxonomy":"post_tag","embeddable":true,"href":"https:\/\/ubanews.com\/site\/wp-json\/wp\/v2\/tags?post=23210"}],"curies":[{"name":"wp","href":"https:\/\/api.w.org\/{rel}","templated":true}]}}