{"id":23206,"date":"2025-10-18T13:52:16","date_gmt":"2025-10-18T16:52:16","guid":{"rendered":"https:\/\/ubanews.com\/site\/?p=23206"},"modified":"2025-10-18T13:53:46","modified_gmt":"2025-10-18T16:53:46","slug":"policia-civil-detona-granadas-apreendidas","status":"publish","type":"post","link":"https:\/\/ubanews.com\/site\/2025\/10\/18\/policia-civil-detona-granadas-apreendidas\/","title":{"rendered":"Pol\u00edcia Civil detona granadas apreendidas durante opera\u00e7\u00e3o em Ub\u00e1"},"content":{"rendered":"<p>Pol\u00edcia Civil detona granadas apreendidas durante opera\u00e7\u00e3o em Ub\u00e1. Policiais da Coordenadoria de Recursos Especiais (CORE), foram acionados para destruir os artefatos explosivos apreendidos em opera\u00e7\u00e3o realizada na ter\u00e7a-feira, dia 14. Os artefatos explosivos foram localizados e recolhidos pela equipe da Delegacia Regional de Ub\u00e1 durante o cumprimento de mandado de busca e apreens\u00e3o no bairro Peluso.<\/p>\n<h2>Pol\u00edcia Civil detona granadas apreendidas durante opera\u00e7\u00e3o em Ub\u00e1<\/h2>\n<div style=\"width: 480px;\" class=\"wp-video\"><video class=\"wp-video-shortcode\" id=\"video-23206-1\" width=\"480\" height=\"816\" preload=\"metadata\" controls=\"controls\"><source type=\"video\/mp4\" src=\"https:\/\/ubanews.com\/site\/wp-content\/uploads\/2025\/10\/Video-Fala-Sodre-Policia-Militar.mp4?_=1\" \/><a href=\"https:\/\/ubanews.com\/site\/wp-content\/uploads\/2025\/10\/Video-Fala-Sodre-Policia-Militar.mp4\">https:\/\/ubanews.com\/site\/wp-content\/uploads\/2025\/10\/Video-Fala-Sodre-Policia-Militar.mp4<\/a><\/video><\/div>\n<p>Ap\u00f3s avalia\u00e7\u00e3o t\u00e9cnica, constatou-se que as granadas apresentavam risco \u00e0 seguran\u00e7a p\u00fablica, motivo pelo qual foi determinado o procedimento de destrui\u00e7\u00e3o.<\/p>\n<p>A destrui\u00e7\u00e3o foi realizada na manh\u00e3 desta quinta-feira, 17 de outubro. A detona\u00e7\u00e3o controlada de duas granadas ocorreu em local seguro e isolado.<\/p>\n<p>Segundo o delegado regional, Dr. Bruno Salles Mattos, em sua fala: \u201co acionamento da CORE para a imediata destrui\u00e7\u00e3o dos explosivos se d\u00e1 pela preocupa\u00e7\u00e3o e o risco que tal material provocaria aos servidores, policiais e popula\u00e7\u00e3o que utiliza os servi\u00e7os da Delegacia Regional de Ub\u00e1.\u201d<\/p>\n<p><img decoding=\"async\" class=\"aligncenter size-medium wp-image-23207 lazyload\" data-src=\"https:\/\/ubanews.com\/site\/wp-content\/uploads\/2025\/10\/Fala-Sodre-Policia-Militar-240x300.jpeg\" alt=\"Pol\u00edcia Civil\" width=\"240\" height=\"300\" data-srcset=\"https:\/\/ubanews.com\/site\/wp-content\/uploads\/2025\/10\/Fala-Sodre-Policia-Militar-240x300.jpeg 240w, https:\/\/ubanews.com\/site\/wp-content\/uploads\/2025\/10\/Fala-Sodre-Policia-Militar-818x1024.jpeg 818w, https:\/\/ubanews.com\/site\/wp-content\/uploads\/2025\/10\/Fala-Sodre-Policia-Militar-768x961.jpeg 768w, https:\/\/ubanews.com\/site\/wp-content\/uploads\/2025\/10\/Fala-Sodre-Policia-Militar-1227x1536.jpeg 1227w, https:\/\/ubanews.com\/site\/wp-content\/uploads\/2025\/10\/Fala-Sodre-Policia-Militar-1636x2048.jpeg 1636w, https:\/\/ubanews.com\/site\/wp-content\/uploads\/2025\/10\/Fala-Sodre-Policia-Militar-scaled.jpeg 2045w\" data-sizes=\"(max-width: 240px) 100vw, 240px\" src=\"data:image\/svg+xml;base64,PHN2ZyB3aWR0aD0iMSIgaGVpZ2h0PSIxIiB4bWxucz0iaHR0cDovL3d3dy53My5vcmcvMjAwMC9zdmciPjwvc3ZnPg==\" style=\"--smush-placeholder-width: 240px; --smush-placeholder-aspect-ratio: 240\/300;\" \/><\/p>\n<p>A Pol\u00edcia Civil refor\u00e7a seu compromisso com a seguran\u00e7a da sociedade e a atua\u00e7\u00e3o firme no combate \u00e0 criminalidade, especialmente no enfrentamento ao uso de armamentos e explosivos por organiza\u00e7\u00f5es criminosas.<\/p>\n","protected":false},"excerpt":{"rendered":"<p>Pol\u00edcia Civil detona granadas apreendidas durante opera\u00e7\u00e3o em Ub\u00e1. Policiais<\/p>\n","protected":false},"author":4,"featured_media":23207,"comment_status":"open","ping_status":"open","sticky":false,"template":"","format":"standard","meta":{"footnotes":""},"categories":[1],"tags":[164,163,107,60],"class_list":["post-23206","post","type-post","status-publish","format-standard","has-post-thumbnail","hentry","category-sem-categoria","tag-detonacao-de-granadas","tag-granadas","tag-policia-civil","tag-ubanews"],"yoast_head":"<!-- This site is optimized with the Yoast SEO plugin v27.2 - https:\/\/yoast.com\/product\/yoast-seo-wordpress\/ -->\n<title>Pol\u00edcia Civil detona granadas apreendidas durante opera\u00e7\u00e3o em Ub\u00e1 - Ub\u00e1 News<\/title>\n<meta name=\"description\" content=\"Pol\u00edcia Civil detona granadas apreendidas durante opera\u00e7\u00e3o em Ub\u00e1. Policiais da Coordenadoria de Recursos Especiais (CORE).\" \/>\n<meta name=\"robots\" content=\"index, follow, max-snippet:-1, max-image-preview:large, max-video-preview:-1\" \/>\n<link rel=\"canonical\" href=\"https:\/\/ubanews.com\/site\/2025\/10\/18\/policia-civil-detona-granadas-apreendidas\/\" \/>\n<meta property=\"og:locale\" content=\"pt_BR\" \/>\n<meta property=\"og:type\" content=\"article\" \/>\n<meta property=\"og:title\" content=\"Pol\u00edcia Civil detona granadas apreendidas durante opera\u00e7\u00e3o em Ub\u00e1 - Ub\u00e1 News\" \/>\n<meta property=\"og:description\" content=\"Pol\u00edcia Civil detona granadas apreendidas durante opera\u00e7\u00e3o em Ub\u00e1. Policiais da Coordenadoria de Recursos Especiais (CORE).\" \/>\n<meta property=\"og:url\" content=\"https:\/\/ubanews.com\/site\/2025\/10\/18\/policia-civil-detona-granadas-apreendidas\/\" \/>\n<meta property=\"og:site_name\" content=\"Ub\u00e1 News\" \/>\n<meta property=\"article:publisher\" content=\"https:\/\/www.facebook.com\/Ub%c3%a1News-Carlos-Roberto-Sodr%c3%a9-418778301977370\" \/>\n<meta property=\"article:published_time\" content=\"2025-10-18T16:52:16+00:00\" \/>\n<meta property=\"article:modified_time\" content=\"2025-10-18T16:53:46+00:00\" \/>\n<meta property=\"og:image\" content=\"https:\/\/ubanews.com\/site\/wp-content\/uploads\/2025\/10\/Fala-Sodre-Policia-Militar-scaled.jpeg\" \/>\n\t<meta property=\"og:image:width\" content=\"2045\" \/>\n\t<meta property=\"og:image:height\" content=\"2560\" \/>\n\t<meta property=\"og:image:type\" content=\"image\/jpeg\" \/>\n<meta name=\"author\" content=\"Carlos Roberto Sodr\u00e9\" \/>\n<meta name=\"twitter:card\" content=\"summary_large_image\" \/>\n<meta name=\"twitter:label1\" content=\"Escrito por\" \/>\n\t<meta name=\"twitter:data1\" content=\"Carlos Roberto Sodr\u00e9\" \/>\n\t<meta name=\"twitter:label2\" content=\"Est. tempo de leitura\" \/>\n\t<meta name=\"twitter:data2\" content=\"2 minutos\" \/>\n<script type=\"application\/ld+json\" class=\"yoast-schema-graph\">{\"@context\":\"https:\/\/schema.org\",\"@graph\":[{\"@type\":\"Article\",\"@id\":\"https:\/\/ubanews.com\/site\/2025\/10\/18\/policia-civil-detona-granadas-apreendidas\/#article\",\"isPartOf\":{\"@id\":\"https:\/\/ubanews.com\/site\/2025\/10\/18\/policia-civil-detona-granadas-apreendidas\/\"},\"author\":{\"name\":\"Carlos Roberto Sodr\u00e9\",\"@id\":\"https:\/\/ubanews.com\/site\/#\/schema\/person\/9d8da9ec3c8d00640ab6e8c81e103310\"},\"headline\":\"Pol\u00edcia Civil detona granadas apreendidas durante opera\u00e7\u00e3o em Ub\u00e1\",\"datePublished\":\"2025-10-18T16:52:16+00:00\",\"dateModified\":\"2025-10-18T16:53:46+00:00\",\"mainEntityOfPage\":{\"@id\":\"https:\/\/ubanews.com\/site\/2025\/10\/18\/policia-civil-detona-granadas-apreendidas\/\"},\"wordCount\":231,\"commentCount\":0,\"publisher\":{\"@id\":\"https:\/\/ubanews.com\/site\/#organization\"},\"image\":{\"@id\":\"https:\/\/ubanews.com\/site\/2025\/10\/18\/policia-civil-detona-granadas-apreendidas\/#primaryimage\"},\"thumbnailUrl\":\"https:\/\/ubanews.com\/site\/wp-content\/uploads\/2025\/10\/Fala-Sodre-Policia-Militar-scaled.jpeg\",\"keywords\":[\"Detona\u00e7\u00e3o de Granadas\",\"Granadas\",\"Pol\u00edcia Civil\",\"UBANEWS\"],\"articleSection\":[\"Geral\"],\"inLanguage\":\"pt-BR\",\"potentialAction\":[{\"@type\":\"CommentAction\",\"name\":\"Comment\",\"target\":[\"https:\/\/ubanews.com\/site\/2025\/10\/18\/policia-civil-detona-granadas-apreendidas\/#respond\"]}]},{\"@type\":\"WebPage\",\"@id\":\"https:\/\/ubanews.com\/site\/2025\/10\/18\/policia-civil-detona-granadas-apreendidas\/\",\"url\":\"https:\/\/ubanews.com\/site\/2025\/10\/18\/policia-civil-detona-granadas-apreendidas\/\",\"name\":\"Pol\u00edcia Civil detona granadas apreendidas durante opera\u00e7\u00e3o em Ub\u00e1 - Ub\u00e1 News\",\"isPartOf\":{\"@id\":\"https:\/\/ubanews.com\/site\/#website\"},\"primaryImageOfPage\":{\"@id\":\"https:\/\/ubanews.com\/site\/2025\/10\/18\/policia-civil-detona-granadas-apreendidas\/#primaryimage\"},\"image\":{\"@id\":\"https:\/\/ubanews.com\/site\/2025\/10\/18\/policia-civil-detona-granadas-apreendidas\/#primaryimage\"},\"thumbnailUrl\":\"https:\/\/ubanews.com\/site\/wp-content\/uploads\/2025\/10\/Fala-Sodre-Policia-Militar-scaled.jpeg\",\"datePublished\":\"2025-10-18T16:52:16+00:00\",\"dateModified\":\"2025-10-18T16:53:46+00:00\",\"description\":\"Pol\u00edcia Civil detona granadas apreendidas durante opera\u00e7\u00e3o em Ub\u00e1. Policiais da Coordenadoria de Recursos Especiais (CORE).\",\"breadcrumb\":{\"@id\":\"https:\/\/ubanews.com\/site\/2025\/10\/18\/policia-civil-detona-granadas-apreendidas\/#breadcrumb\"},\"inLanguage\":\"pt-BR\",\"potentialAction\":[{\"@type\":\"ReadAction\",\"target\":[\"https:\/\/ubanews.com\/site\/2025\/10\/18\/policia-civil-detona-granadas-apreendidas\/\"]}]},{\"@type\":\"ImageObject\",\"inLanguage\":\"pt-BR\",\"@id\":\"https:\/\/ubanews.com\/site\/2025\/10\/18\/policia-civil-detona-granadas-apreendidas\/#primaryimage\",\"url\":\"https:\/\/ubanews.com\/site\/wp-content\/uploads\/2025\/10\/Fala-Sodre-Policia-Militar-scaled.jpeg\",\"contentUrl\":\"https:\/\/ubanews.com\/site\/wp-content\/uploads\/2025\/10\/Fala-Sodre-Policia-Militar-scaled.jpeg\",\"width\":2045,\"height\":2560,\"caption\":\"Pol\u00edcia Civil\"},{\"@type\":\"BreadcrumbList\",\"@id\":\"https:\/\/ubanews.com\/site\/2025\/10\/18\/policia-civil-detona-granadas-apreendidas\/#breadcrumb\",\"itemListElement\":[{\"@type\":\"ListItem\",\"position\":1,\"name\":\"Home\",\"item\":\"https:\/\/ubanews.com\/site\/\"},{\"@type\":\"ListItem\",\"position\":2,\"name\":\"Pol\u00edcia Civil detona granadas apreendidas durante opera\u00e7\u00e3o em Ub\u00e1\"}]},{\"@type\":\"WebSite\",\"@id\":\"https:\/\/ubanews.com\/site\/#website\",\"url\":\"https:\/\/ubanews.com\/site\/\",\"name\":\"Ub\u00e1 News\",\"description\":\"\",\"publisher\":{\"@id\":\"https:\/\/ubanews.com\/site\/#organization\"},\"potentialAction\":[{\"@type\":\"SearchAction\",\"target\":{\"@type\":\"EntryPoint\",\"urlTemplate\":\"https:\/\/ubanews.com\/site\/?s={search_term_string}\"},\"query-input\":{\"@type\":\"PropertyValueSpecification\",\"valueRequired\":true,\"valueName\":\"search_term_string\"}}],\"inLanguage\":\"pt-BR\"},{\"@type\":\"Organization\",\"@id\":\"https:\/\/ubanews.com\/site\/#organization\",\"name\":\"Ub\u00e1 News\",\"url\":\"https:\/\/ubanews.com\/site\/\",\"logo\":{\"@type\":\"ImageObject\",\"inLanguage\":\"pt-BR\",\"@id\":\"https:\/\/ubanews.com\/site\/#\/schema\/logo\/image\/\",\"url\":\"https:\/\/ubanews.com\/site\/wp-content\/uploads\/2018\/01\/logoubanews.png\",\"contentUrl\":\"https:\/\/ubanews.com\/site\/wp-content\/uploads\/2018\/01\/logoubanews.png\",\"width\":261,\"height\":99,\"caption\":\"Ub\u00e1 News\"},\"image\":{\"@id\":\"https:\/\/ubanews.com\/site\/#\/schema\/logo\/image\/\"},\"sameAs\":[\"https:\/\/www.facebook.com\/Ub\u00e1News-Carlos-Roberto-Sodr\u00e9-418778301977370\"]},{\"@type\":\"Person\",\"@id\":\"https:\/\/ubanews.com\/site\/#\/schema\/person\/9d8da9ec3c8d00640ab6e8c81e103310\",\"name\":\"Carlos Roberto Sodr\u00e9\",\"image\":{\"@type\":\"ImageObject\",\"inLanguage\":\"pt-BR\",\"@id\":\"https:\/\/secure.gravatar.com\/avatar\/aab322e8555b56c468614fafdab8a8f924e394cdc6cfd8232f77e9e4d123a133?s=96&d=mm&r=g\",\"url\":\"https:\/\/secure.gravatar.com\/avatar\/aab322e8555b56c468614fafdab8a8f924e394cdc6cfd8232f77e9e4d123a133?s=96&d=mm&r=g\",\"contentUrl\":\"https:\/\/secure.gravatar.com\/avatar\/aab322e8555b56c468614fafdab8a8f924e394cdc6cfd8232f77e9e4d123a133?s=96&d=mm&r=g\",\"caption\":\"Carlos Roberto Sodr\u00e9\"},\"url\":\"https:\/\/ubanews.com\/site\/author\/sodre\/\"}]}<\/script>\n<!-- \/ Yoast SEO plugin. -->","yoast_head_json":{"title":"Pol\u00edcia Civil detona granadas apreendidas durante opera\u00e7\u00e3o em Ub\u00e1 - Ub\u00e1 News","description":"Pol\u00edcia Civil detona granadas apreendidas durante opera\u00e7\u00e3o em Ub\u00e1. Policiais da Coordenadoria de Recursos Especiais (CORE).","robots":{"index":"index","follow":"follow","max-snippet":"max-snippet:-1","max-image-preview":"max-image-preview:large","max-video-preview":"max-video-preview:-1"},"canonical":"https:\/\/ubanews.com\/site\/2025\/10\/18\/policia-civil-detona-granadas-apreendidas\/","og_locale":"pt_BR","og_type":"article","og_title":"Pol\u00edcia Civil detona granadas apreendidas durante opera\u00e7\u00e3o em Ub\u00e1 - Ub\u00e1 News","og_description":"Pol\u00edcia Civil detona granadas apreendidas durante opera\u00e7\u00e3o em Ub\u00e1. Policiais da Coordenadoria de Recursos Especiais (CORE).","og_url":"https:\/\/ubanews.com\/site\/2025\/10\/18\/policia-civil-detona-granadas-apreendidas\/","og_site_name":"Ub\u00e1 News","article_publisher":"https:\/\/www.facebook.com\/Ub%c3%a1News-Carlos-Roberto-Sodr%c3%a9-418778301977370","article_published_time":"2025-10-18T16:52:16+00:00","article_modified_time":"2025-10-18T16:53:46+00:00","og_image":[{"width":2045,"height":2560,"url":"https:\/\/ubanews.com\/site\/wp-content\/uploads\/2025\/10\/Fala-Sodre-Policia-Militar-scaled.jpeg","type":"image\/jpeg"}],"author":"Carlos Roberto Sodr\u00e9","twitter_card":"summary_large_image","twitter_misc":{"Escrito por":"Carlos Roberto Sodr\u00e9","Est. tempo de leitura":"2 minutos"},"schema":{"@context":"https:\/\/schema.org","@graph":[{"@type":"Article","@id":"https:\/\/ubanews.com\/site\/2025\/10\/18\/policia-civil-detona-granadas-apreendidas\/#article","isPartOf":{"@id":"https:\/\/ubanews.com\/site\/2025\/10\/18\/policia-civil-detona-granadas-apreendidas\/"},"author":{"name":"Carlos Roberto Sodr\u00e9","@id":"https:\/\/ubanews.com\/site\/#\/schema\/person\/9d8da9ec3c8d00640ab6e8c81e103310"},"headline":"Pol\u00edcia Civil detona granadas apreendidas durante opera\u00e7\u00e3o em Ub\u00e1","datePublished":"2025-10-18T16:52:16+00:00","dateModified":"2025-10-18T16:53:46+00:00","mainEntityOfPage":{"@id":"https:\/\/ubanews.com\/site\/2025\/10\/18\/policia-civil-detona-granadas-apreendidas\/"},"wordCount":231,"commentCount":0,"publisher":{"@id":"https:\/\/ubanews.com\/site\/#organization"},"image":{"@id":"https:\/\/ubanews.com\/site\/2025\/10\/18\/policia-civil-detona-granadas-apreendidas\/#primaryimage"},"thumbnailUrl":"https:\/\/ubanews.com\/site\/wp-content\/uploads\/2025\/10\/Fala-Sodre-Policia-Militar-scaled.jpeg","keywords":["Detona\u00e7\u00e3o de Granadas","Granadas","Pol\u00edcia Civil","UBANEWS"],"articleSection":["Geral"],"inLanguage":"pt-BR","potentialAction":[{"@type":"CommentAction","name":"Comment","target":["https:\/\/ubanews.com\/site\/2025\/10\/18\/policia-civil-detona-granadas-apreendidas\/#respond"]}]},{"@type":"WebPage","@id":"https:\/\/ubanews.com\/site\/2025\/10\/18\/policia-civil-detona-granadas-apreendidas\/","url":"https:\/\/ubanews.com\/site\/2025\/10\/18\/policia-civil-detona-granadas-apreendidas\/","name":"Pol\u00edcia Civil detona granadas apreendidas durante opera\u00e7\u00e3o em Ub\u00e1 - Ub\u00e1 News","isPartOf":{"@id":"https:\/\/ubanews.com\/site\/#website"},"primaryImageOfPage":{"@id":"https:\/\/ubanews.com\/site\/2025\/10\/18\/policia-civil-detona-granadas-apreendidas\/#primaryimage"},"image":{"@id":"https:\/\/ubanews.com\/site\/2025\/10\/18\/policia-civil-detona-granadas-apreendidas\/#primaryimage"},"thumbnailUrl":"https:\/\/ubanews.com\/site\/wp-content\/uploads\/2025\/10\/Fala-Sodre-Policia-Militar-scaled.jpeg","datePublished":"2025-10-18T16:52:16+00:00","dateModified":"2025-10-18T16:53:46+00:00","description":"Pol\u00edcia Civil detona granadas apreendidas durante opera\u00e7\u00e3o em Ub\u00e1. Policiais da Coordenadoria de Recursos Especiais (CORE).","breadcrumb":{"@id":"https:\/\/ubanews.com\/site\/2025\/10\/18\/policia-civil-detona-granadas-apreendidas\/#breadcrumb"},"inLanguage":"pt-BR","potentialAction":[{"@type":"ReadAction","target":["https:\/\/ubanews.com\/site\/2025\/10\/18\/policia-civil-detona-granadas-apreendidas\/"]}]},{"@type":"ImageObject","inLanguage":"pt-BR","@id":"https:\/\/ubanews.com\/site\/2025\/10\/18\/policia-civil-detona-granadas-apreendidas\/#primaryimage","url":"https:\/\/ubanews.com\/site\/wp-content\/uploads\/2025\/10\/Fala-Sodre-Policia-Militar-scaled.jpeg","contentUrl":"https:\/\/ubanews.com\/site\/wp-content\/uploads\/2025\/10\/Fala-Sodre-Policia-Militar-scaled.jpeg","width":2045,"height":2560,"caption":"Pol\u00edcia Civil"},{"@type":"BreadcrumbList","@id":"https:\/\/ubanews.com\/site\/2025\/10\/18\/policia-civil-detona-granadas-apreendidas\/#breadcrumb","itemListElement":[{"@type":"ListItem","position":1,"name":"Home","item":"https:\/\/ubanews.com\/site\/"},{"@type":"ListItem","position":2,"name":"Pol\u00edcia Civil detona granadas apreendidas durante opera\u00e7\u00e3o em Ub\u00e1"}]},{"@type":"WebSite","@id":"https:\/\/ubanews.com\/site\/#website","url":"https:\/\/ubanews.com\/site\/","name":"Ub\u00e1 News","description":"","publisher":{"@id":"https:\/\/ubanews.com\/site\/#organization"},"potentialAction":[{"@type":"SearchAction","target":{"@type":"EntryPoint","urlTemplate":"https:\/\/ubanews.com\/site\/?s={search_term_string}"},"query-input":{"@type":"PropertyValueSpecification","valueRequired":true,"valueName":"search_term_string"}}],"inLanguage":"pt-BR"},{"@type":"Organization","@id":"https:\/\/ubanews.com\/site\/#organization","name":"Ub\u00e1 News","url":"https:\/\/ubanews.com\/site\/","logo":{"@type":"ImageObject","inLanguage":"pt-BR","@id":"https:\/\/ubanews.com\/site\/#\/schema\/logo\/image\/","url":"https:\/\/ubanews.com\/site\/wp-content\/uploads\/2018\/01\/logoubanews.png","contentUrl":"https:\/\/ubanews.com\/site\/wp-content\/uploads\/2018\/01\/logoubanews.png","width":261,"height":99,"caption":"Ub\u00e1 News"},"image":{"@id":"https:\/\/ubanews.com\/site\/#\/schema\/logo\/image\/"},"sameAs":["https:\/\/www.facebook.com\/Ub\u00e1News-Carlos-Roberto-Sodr\u00e9-418778301977370"]},{"@type":"Person","@id":"https:\/\/ubanews.com\/site\/#\/schema\/person\/9d8da9ec3c8d00640ab6e8c81e103310","name":"Carlos Roberto Sodr\u00e9","image":{"@type":"ImageObject","inLanguage":"pt-BR","@id":"https:\/\/secure.gravatar.com\/avatar\/aab322e8555b56c468614fafdab8a8f924e394cdc6cfd8232f77e9e4d123a133?s=96&d=mm&r=g","url":"https:\/\/secure.gravatar.com\/avatar\/aab322e8555b56c468614fafdab8a8f924e394cdc6cfd8232f77e9e4d123a133?s=96&d=mm&r=g","contentUrl":"https:\/\/secure.gravatar.com\/avatar\/aab322e8555b56c468614fafdab8a8f924e394cdc6cfd8232f77e9e4d123a133?s=96&d=mm&r=g","caption":"Carlos Roberto Sodr\u00e9"},"url":"https:\/\/ubanews.com\/site\/author\/sodre\/"}]}},"_links":{"self":[{"href":"https:\/\/ubanews.com\/site\/wp-json\/wp\/v2\/posts\/23206","targetHints":{"allow":["GET"]}}],"collection":[{"href":"https:\/\/ubanews.com\/site\/wp-json\/wp\/v2\/posts"}],"about":[{"href":"https:\/\/ubanews.com\/site\/wp-json\/wp\/v2\/types\/post"}],"author":[{"embeddable":true,"href":"https:\/\/ubanews.com\/site\/wp-json\/wp\/v2\/users\/4"}],"replies":[{"embeddable":true,"href":"https:\/\/ubanews.com\/site\/wp-json\/wp\/v2\/comments?post=23206"}],"version-history":[{"count":0,"href":"https:\/\/ubanews.com\/site\/wp-json\/wp\/v2\/posts\/23206\/revisions"}],"wp:featuredmedia":[{"embeddable":true,"href":"https:\/\/ubanews.com\/site\/wp-json\/wp\/v2\/media\/23207"}],"wp:attachment":[{"href":"https:\/\/ubanews.com\/site\/wp-json\/wp\/v2\/media?parent=23206"}],"wp:term":[{"taxonomy":"category","embeddable":true,"href":"https:\/\/ubanews.com\/site\/wp-json\/wp\/v2\/categories?post=23206"},{"taxonomy":"post_tag","embeddable":true,"href":"https:\/\/ubanews.com\/site\/wp-json\/wp\/v2\/tags?post=23206"}],"curies":[{"name":"wp","href":"https:\/\/api.w.org\/{rel}","templated":true}]}}