{"id":23198,"date":"2025-10-18T11:24:49","date_gmt":"2025-10-18T14:24:49","guid":{"rendered":"https:\/\/ubanews.com\/site\/?p=23198"},"modified":"2025-10-18T12:34:49","modified_gmt":"2025-10-18T15:34:49","slug":"fala-sodre-registra-o-coquetel-de-lancamento-dos-cursos","status":"publish","type":"post","link":"https:\/\/ubanews.com\/site\/2025\/10\/18\/fala-sodre-registra-o-coquetel-de-lancamento-dos-cursos\/","title":{"rendered":"Fala Sodr\u00e9 registra o Coquetel de Lan\u00e7amento dos Cursos de Fonoaudiologia e Terapia Ocupacional do UNIFAGOC"},"content":{"rendered":"<p data-start=\"386\" data-end=\"503\">&#x1f393; <strong data-start=\"392\" data-end=\"503\">Fala Sodr\u00e9 registra o Coquetel de Lan\u00e7amento dos Cursos de Fonoaudiologia e Terapia Ocupacional do UNIFAGOC.\u00a0<\/strong>O <strong data-start=\"507\" data-end=\"527\">Canal Fala Sodr\u00e9<\/strong> acompanhou o <strong data-start=\"541\" data-end=\"630\">Coquetel de Lan\u00e7amento dos cursos de Fonoaudiologia e Terapia Ocupacional do UNIFAGOC<\/strong>, em Ub\u00e1.<br data-start=\"639\" data-end=\"642\" \/>A cobertura foi conduzida por <strong data-start=\"672\" data-end=\"696\">Carlos Roberto Sodr\u00e9<\/strong>, com <strong data-start=\"702\" data-end=\"728\">imagens de Laisa Sodr\u00e9<\/strong> e <strong data-start=\"731\" data-end=\"773\">gera\u00e7\u00e3o de conte\u00fado de Pedro Henriques<\/strong>, da <strong data-start=\"778\" data-end=\"793\">INDICCA.COM<\/strong>.<br data-start=\"794\" data-end=\"797\" \/>O evento marcou uma nova etapa na hist\u00f3ria do ensino superior da regi\u00e3o, ampliando oportunidades na \u00e1rea da sa\u00fade e da forma\u00e7\u00e3o humanizada.<\/p>\n<h2 data-start=\"386\" data-end=\"503\">&#x1f393; <strong data-start=\"392\" data-end=\"503\">Fala Sodr\u00e9 registra o Coquetel de Lan\u00e7amento dos Cursos de Fonoaudiologia e Terapia Ocupacional do UNIFAGOC<\/strong><\/h2>\n<hr data-start=\"938\" data-end=\"941\" \/>\n<h3 data-start=\"943\" data-end=\"993\">&#x1f4a1; <strong data-start=\"950\" data-end=\"993\">Educa\u00e7\u00e3o, inova\u00e7\u00e3o e compromisso social<\/strong><\/h3>\n<p data-start=\"995\" data-end=\"1340\">Logo na abertura, o rep\u00f3rter <strong data-start=\"1024\" data-end=\"1048\">Carlos Roberto Sodr\u00e9<\/strong> destacou que o UNIFAGOC segue ampliando seus horizontes com cursos voltados para o futuro da sa\u00fade.<br data-start=\"1148\" data-end=\"1151\" \/>\u201cS\u00e3o 35 anos de realiza\u00e7\u00e3o, mais tecnologia, mais solu\u00e7\u00e3o e mais sustentabilidade. Somos o futuro\u201d, afirmou Sodr\u00e9, refor\u00e7ando o papel da institui\u00e7\u00e3o como refer\u00eancia em qualidade e inova\u00e7\u00e3o.<\/p>\n<hr data-start=\"1342\" data-end=\"1345\" \/>\n<h3 data-start=\"1347\" data-end=\"1425\"><a href=\"https:\/\/www.youtube.com\/live\/W4BS3CdN9Jo?si=g82BxJalfTnJcVi9\" target=\"_blank\" rel=\"noopener\"><img decoding=\"async\" class=\"aligncenter size-medium wp-image-23202 lazyload\" data-src=\"https:\/\/ubanews.com\/site\/wp-content\/uploads\/2025\/10\/Fala-Sodre-Fagoc-300x159.jpg\" alt=\"Fala Sodr\u00e9 registra o Coquetel de Lan\u00e7amento dos Cursos de Fonoaudiologia e Terapia Ocupacional do UNIFAGOC\" width=\"300\" height=\"159\" data-srcset=\"https:\/\/ubanews.com\/site\/wp-content\/uploads\/2025\/10\/Fala-Sodre-Fagoc-300x159.jpg 300w, https:\/\/ubanews.com\/site\/wp-content\/uploads\/2025\/10\/Fala-Sodre-Fagoc-768x408.jpg 768w, https:\/\/ubanews.com\/site\/wp-content\/uploads\/2025\/10\/Fala-Sodre-Fagoc.jpg 1007w\" data-sizes=\"(max-width: 300px) 100vw, 300px\" src=\"data:image\/svg+xml;base64,PHN2ZyB3aWR0aD0iMSIgaGVpZ2h0PSIxIiB4bWxucz0iaHR0cDovL3d3dy53My5vcmcvMjAwMC9zdmciPjwvc3ZnPg==\" style=\"--smush-placeholder-width: 300px; --smush-placeholder-aspect-ratio: 300\/159;\" \/><\/a><\/h3>\n<h3 data-start=\"1347\" data-end=\"1425\">&#x1f9e9; <strong data-start=\"1354\" data-end=\"1425\">Dra. T\u00e2nia Fernandes Silva: Terapia Ocupacional \u00e9 qualidade de vida<\/strong><\/h3>\n<p data-start=\"1427\" data-end=\"1718\">A primeira entrevistada da noite, <strong data-start=\"1461\" data-end=\"1491\">Dra. T\u00e2nia Fernandes Silva<\/strong>, apresentou de forma clara o impacto da <strong data-start=\"1532\" data-end=\"1555\">Terapia Ocupacional<\/strong> na rotina das pessoas.<br data-start=\"1578\" data-end=\"1581\" \/>Segundo ela, o terapeuta ocupacional atua para <strong data-start=\"1628\" data-end=\"1671\">restaurar a autonomia e a independ\u00eancia<\/strong> dos pacientes em suas atividades cotidianas.<\/p>\n<blockquote data-start=\"1720\" data-end=\"1902\">\n<p data-start=\"1722\" data-end=\"1902\">\u201cQuando uma pessoa perde uma fun\u00e7\u00e3o simples, como pentear o cabelo, ela sente na autoestima. Nosso papel \u00e9 devolver essa confian\u00e7a e promover qualidade de vida\u201d, afirmou a doutora.<\/p>\n<\/blockquote>\n<p data-start=\"1904\" data-end=\"2082\">Ela ressaltou ainda a import\u00e2ncia de o UNIFAGOC oferecer o curso na regi\u00e3o, abrindo espa\u00e7o para novas forma\u00e7\u00f5es e suprindo uma car\u00eancia hist\u00f3rica de profissionais especializados.<\/p>\n<hr data-start=\"2084\" data-end=\"2087\" \/>\n<h3 data-start=\"2089\" data-end=\"2140\"><a href=\"https:\/\/www.youtube.com\/live\/W4BS3CdN9Jo?si=g82BxJalfTnJcVi9\" target=\"_blank\" rel=\"noopener\"><img decoding=\"async\" class=\"aligncenter size-medium wp-image-23201 lazyload\" data-src=\"https:\/\/ubanews.com\/site\/wp-content\/uploads\/2025\/10\/Fala-Sodre-Fagoc-1-300x166.jpg\" alt=\"Fala Sodr\u00e9 registra o Coquetel de Lan\u00e7amento dos Cursos de Fonoaudiologia e Terapia Ocupacional do UNIFAGOC\" width=\"300\" height=\"166\" data-srcset=\"https:\/\/ubanews.com\/site\/wp-content\/uploads\/2025\/10\/Fala-Sodre-Fagoc-1-300x166.jpg 300w, https:\/\/ubanews.com\/site\/wp-content\/uploads\/2025\/10\/Fala-Sodre-Fagoc-1-768x425.jpg 768w, https:\/\/ubanews.com\/site\/wp-content\/uploads\/2025\/10\/Fala-Sodre-Fagoc-1-360x200.jpg 360w, https:\/\/ubanews.com\/site\/wp-content\/uploads\/2025\/10\/Fala-Sodre-Fagoc-1-600x330.jpg 600w, https:\/\/ubanews.com\/site\/wp-content\/uploads\/2025\/10\/Fala-Sodre-Fagoc-1.jpg 1005w\" data-sizes=\"(max-width: 300px) 100vw, 300px\" src=\"data:image\/svg+xml;base64,PHN2ZyB3aWR0aD0iMSIgaGVpZ2h0PSIxIiB4bWxucz0iaHR0cDovL3d3dy53My5vcmcvMjAwMC9zdmciPjwvc3ZnPg==\" style=\"--smush-placeholder-width: 300px; --smush-placeholder-aspect-ratio: 300\/166;\" \/><\/a><\/h3>\n<h3 data-start=\"2089\" data-end=\"2140\">&#x1fa7a; <strong data-start=\"2096\" data-end=\"2140\">Dr. Leonardo Couto: cuidar \u00e9 transformar<\/strong><\/h3>\n<p data-start=\"2142\" data-end=\"2457\">Em seguida, o <strong data-start=\"2156\" data-end=\"2178\">Dr. Leonardo Couto<\/strong> destacou a relev\u00e2ncia do curso e o impacto que ele ter\u00e1 para a comunidade.<br data-start=\"2253\" data-end=\"2256\" \/>Segundo o professor, a chegada da <strong data-start=\"2290\" data-end=\"2333\">Terapia Ocupacional e da Fonoaudiologia<\/strong> representa mais do que novas gradua\u00e7\u00f5es \u2014 \u00e9 um passo na <strong data-start=\"2390\" data-end=\"2454\">forma\u00e7\u00e3o de profissionais comprometidos com o cuidado humano<\/strong>.<\/p>\n<blockquote data-start=\"2459\" data-end=\"2616\">\n<p data-start=\"2461\" data-end=\"2616\">\u201cN\u00e3o \u00e9 um curso de moda. \u00c9 um curso de miss\u00e3o. Ele vem atender uma necessidade real de profissionais qualificados na \u00e1rea da sa\u00fade\u201d, explicou Dr. Leonardo.<\/p>\n<\/blockquote>\n<hr data-start=\"2618\" data-end=\"2621\" \/>\n<h3 data-start=\"2623\" data-end=\"2677\"><a href=\"https:\/\/www.youtube.com\/live\/W4BS3CdN9Jo?si=g82BxJalfTnJcVi9\" target=\"_blank\" rel=\"noopener\"><img decoding=\"async\" class=\"aligncenter size-medium wp-image-23200 lazyload\" data-src=\"https:\/\/ubanews.com\/site\/wp-content\/uploads\/2025\/10\/Fala-Sodre-Fagoc-2-300x154.jpg\" alt=\"Fala Sodr\u00e9 registra o Coquetel de Lan\u00e7amento dos Cursos de Fonoaudiologia e Terapia Ocupacional do UNIFAGOC\" width=\"300\" height=\"154\" data-srcset=\"https:\/\/ubanews.com\/site\/wp-content\/uploads\/2025\/10\/Fala-Sodre-Fagoc-2-300x154.jpg 300w, https:\/\/ubanews.com\/site\/wp-content\/uploads\/2025\/10\/Fala-Sodre-Fagoc-2-768x394.jpg 768w, https:\/\/ubanews.com\/site\/wp-content\/uploads\/2025\/10\/Fala-Sodre-Fagoc-2.jpg 1004w\" data-sizes=\"(max-width: 300px) 100vw, 300px\" src=\"data:image\/svg+xml;base64,PHN2ZyB3aWR0aD0iMSIgaGVpZ2h0PSIxIiB4bWxucz0iaHR0cDovL3d3dy53My5vcmcvMjAwMC9zdmciPjwvc3ZnPg==\" style=\"--smush-placeholder-width: 300px; --smush-placeholder-aspect-ratio: 300\/154;\" \/><\/a><\/h3>\n<h3 data-start=\"2623\" data-end=\"2677\">&#x1f9e0; <strong data-start=\"2630\" data-end=\"2677\">Dr. Thiago Ferreira: forma\u00e7\u00e3o com prop\u00f3sito<\/strong><\/h3>\n<p data-start=\"2679\" data-end=\"2952\">O <strong data-start=\"2681\" data-end=\"2704\">Dr. Thiago Ferreira<\/strong> refor\u00e7ou a import\u00e2ncia da <strong data-start=\"2731\" data-end=\"2764\">forma\u00e7\u00e3o pr\u00e1tica e cient\u00edfica<\/strong> como eixo central dos novos cursos.<br data-start=\"2800\" data-end=\"2803\" \/>Para ele, o grande diferencial est\u00e1 em unir teoria e pr\u00e1tica desde o in\u00edcio, estimulando o aluno a pensar criticamente e atuar de forma humanizada.<\/p>\n<blockquote data-start=\"2954\" data-end=\"3115\">\n<p data-start=\"2956\" data-end=\"3115\">\u201cA forma\u00e7\u00e3o no UNIFAGOC vai al\u00e9m da sala de aula. Queremos preparar profissionais capazes de transformar vidas com conhecimento e empatia\u201d, destacou o docente.<\/p>\n<\/blockquote>\n<hr data-start=\"3117\" data-end=\"3120\" \/>\n<h3 data-start=\"3122\" data-end=\"3192\"><a href=\"https:\/\/www.youtube.com\/live\/W4BS3CdN9Jo?si=g82BxJalfTnJcVi9\" target=\"_blank\" rel=\"noopener\"><img decoding=\"async\" class=\"aligncenter size-medium wp-image-23199 lazyload\" data-src=\"https:\/\/ubanews.com\/site\/wp-content\/uploads\/2025\/10\/Fala-Sodre-Fagoc-3-300x181.jpg\" alt=\"Fala Sodr\u00e9 registra o Coquetel de Lan\u00e7amento dos Cursos de Fonoaudiologia e Terapia Ocupacional do UNIFAGOC\" width=\"300\" height=\"181\" data-srcset=\"https:\/\/ubanews.com\/site\/wp-content\/uploads\/2025\/10\/Fala-Sodre-Fagoc-3-300x181.jpg 300w, https:\/\/ubanews.com\/site\/wp-content\/uploads\/2025\/10\/Fala-Sodre-Fagoc-3-768x463.jpg 768w, https:\/\/ubanews.com\/site\/wp-content\/uploads\/2025\/10\/Fala-Sodre-Fagoc-3.jpg 895w\" data-sizes=\"(max-width: 300px) 100vw, 300px\" src=\"data:image\/svg+xml;base64,PHN2ZyB3aWR0aD0iMSIgaGVpZ2h0PSIxIiB4bWxucz0iaHR0cDovL3d3dy53My5vcmcvMjAwMC9zdmciPjwvc3ZnPg==\" style=\"--smush-placeholder-width: 300px; --smush-placeholder-aspect-ratio: 300\/181;\" \/><\/a><\/h3>\n<h3 data-start=\"3122\" data-end=\"3192\">&#x1f5e3;&#xfe0f; <strong data-start=\"3130\" data-end=\"3192\">Monika Miranda e Wanessa Caneschi: a voz da Fonoaudiologia<\/strong><\/h3>\n<p data-start=\"3194\" data-end=\"3409\">Encerrando as entrevistas, <strong data-start=\"3221\" data-end=\"3239\">Monika Miranda<\/strong> e <strong data-start=\"3242\" data-end=\"3262\">Wanessa Caneschi<\/strong> apresentaram as principais \u00e1reas de atua\u00e7\u00e3o da <strong data-start=\"3310\" data-end=\"3328\">Fonoaudiologia<\/strong>, ressaltando a import\u00e2ncia da comunica\u00e7\u00e3o como ferramenta de inclus\u00e3o e sa\u00fade.<\/p>\n<blockquote data-start=\"3411\" data-end=\"3588\">\n<p data-start=\"3413\" data-end=\"3588\">\u201cA Fonoaudiologia \u00e9 uma ci\u00eancia. Trabalhamos com linguagem, audi\u00e7\u00e3o, voz e degluti\u00e7\u00e3o. Nosso papel \u00e9 promover qualidade de vida em todas as idades\u201d, explicou Wanessa Caneschi.<\/p>\n<\/blockquote>\n<p data-start=\"3590\" data-end=\"3677\">Monika complementou lembrando que a profiss\u00e3o exige constante atualiza\u00e7\u00e3o e pesquisa.<\/p>\n<blockquote data-start=\"3678\" data-end=\"3829\">\n<p data-start=\"3680\" data-end=\"3829\">\u201cO fonoaudi\u00f3logo atua em diversas frentes \u2014 da cl\u00ednica \u00e0 educa\u00e7\u00e3o. \u00c9 um campo de atua\u00e7\u00e3o amplo e essencial para o desenvolvimento humano\u201d, completou.<\/p>\n<\/blockquote>\n<hr data-start=\"3831\" data-end=\"3834\" \/>\n<h3 data-start=\"3836\" data-end=\"3889\">&#x1f3eb; <strong data-start=\"3843\" data-end=\"3889\">UNIFAGOC: ensino que transforma realidades<\/strong><\/h3>\n<p data-start=\"3891\" data-end=\"4191\">O evento reuniu professores, coordenadores e convidados da \u00e1rea da sa\u00fade, que celebraram o novo ciclo de crescimento da institui\u00e7\u00e3o.<br data-start=\"4023\" data-end=\"4026\" \/>Os cursos de <strong data-start=\"4039\" data-end=\"4079\">Fonoaudiologia e Terapia Ocupacional<\/strong> refor\u00e7am o compromisso do UNIFAGOC em <strong data-start=\"4118\" data-end=\"4190\">formar profissionais que cuidam de pessoas e transformam comunidades<\/strong>.<\/p>\n<p data-start=\"4193\" data-end=\"4299\">O rep\u00f3rter <strong data-start=\"4204\" data-end=\"4228\">Carlos Roberto Sodr\u00e9<\/strong> encerrou a cobertura destacando o sentimento de orgulho e esperan\u00e7a:<\/p>\n<blockquote data-start=\"4300\" data-end=\"4390\">\n<p data-start=\"4302\" data-end=\"4390\">\u201cO UNIFAGOC mostra mais uma vez que investir em educa\u00e7\u00e3o \u00e9 investir no futuro da sa\u00fade.\u201d<\/p>\n<\/blockquote>\n<p><iframe title=\"Fala Sodr\u00e9: Coquetel de Lan\u00e7amento dos cursos de fonoaudiologia e terapia ocupacional do UNIFAGOC\" width=\"840\" height=\"473\" data-src=\"https:\/\/www.youtube.com\/embed\/W4BS3CdN9Jo?feature=oembed\" frameborder=\"0\" allow=\"accelerometer; autoplay; clipboard-write; encrypted-media; gyroscope; picture-in-picture; web-share\" referrerpolicy=\"strict-origin-when-cross-origin\" allowfullscreen src=\"data:image\/svg+xml;base64,PHN2ZyB3aWR0aD0iMSIgaGVpZ2h0PSIxIiB4bWxucz0iaHR0cDovL3d3dy53My5vcmcvMjAwMC9zdmciPjwvc3ZnPg==\" class=\"lazyload\" data-load-mode=\"1\"><\/iframe><\/p>\n<blockquote data-start=\"4300\" data-end=\"4390\">\n<p data-start=\"4302\" data-end=\"4390\">\u201cO UNIFAGOC mostra mais uma vez que investir em educa\u00e7\u00e3o \u00e9 investir no futuro da sa\u00fade.\u201d<\/p>\n<\/blockquote>\n<p style=\"margin: 0in; font-size: 20.0pt;\"><span style=\"font-family: 'Segoe UI Emoji';\">&#x1f4da; <\/span><span style=\"font-weight: bold; font-family: Calibri;\">Cobertura:<\/span><span style=\"font-family: Calibri;\"> Carlos Roberto Sodr\u00e9 <\/span><a href=\"https:\/\/wa.me\/553298481334\"><span style=\"font-family: Calibri;\">WhatsApp<\/span><\/a><\/p>\n<p style=\"margin: 0in; font-size: 20.0pt;\"><span style=\"font-family: 'Segoe UI Emoji';\">&#x1f4f8; <\/span><span style=\"font-weight: bold; font-family: Calibri;\">Imagens:<\/span><span style=\"font-family: Calibri;\"> Laisa Sodr\u00e9<\/span><\/p>\n<p style=\"margin: 0in; font-size: 20.0pt;\"><span style=\"font-family: 'Segoe UI Emoji';\">&#x1f4dd; <\/span><span style=\"font-weight: bold; font-family: Calibri;\">Conte\u00fado: <\/span><a href=\"https:\/\/www.linkedin.com\/in\/pedrohgf\/\"><span style=\"font-family: Calibri;\">Pedro Henriques<\/span><\/a><span style=\"font-family: Calibri;\"> \u2013 <\/span><a href=\"https:\/\/indicca.com.br\/blog\/\"><span style=\"font-family: Calibri;\">INDICCA.COM<\/span><\/a><span style=\"font-family: Calibri;\">\u00a0 <\/span><a href=\"https:\/\/wa.me\/5532988020057\"><span style=\"font-family: Calibri;\">WhatsApp<\/span><\/a><\/p>\n<p style=\"margin: 0in; font-size: 20.0pt;\"><span style=\"font-family: 'Segoe UI Emoji';\">&#x1f393; <\/span><span style=\"font-weight: bold; font-family: Calibri;\">Evento:<\/span><strong data-start=\"392\" data-end=\"503\">Fala Sodr\u00e9 registra o Coquetel de Lan\u00e7amento dos Cursos de Fonoaudiologia e Terapia Ocupacional do UNIFAGOC<\/strong><\/p>\n","protected":false},"excerpt":{"rendered":"<p>&#x1f393; Fala Sodr\u00e9 registra o Coquetel de Lan\u00e7amento dos Cursos<\/p>\n","protected":false},"author":4,"featured_media":23201,"comment_status":"open","ping_status":"open","sticky":false,"template":"","format":"standard","meta":{"footnotes":""},"categories":[1],"tags":[59,60,68,162],"class_list":["post-23198","post","type-post","status-publish","format-standard","has-post-thumbnail","hentry","category-sem-categoria","tag-fala-sodre","tag-ubanews","tag-unifagoc","tag-unifaoc"],"yoast_head":"<!-- This site is optimized with the Yoast SEO plugin v27.2 - https:\/\/yoast.com\/product\/yoast-seo-wordpress\/ -->\n<title>Fala Sodr\u00e9 registra o Coquetel de Lan\u00e7amento dos Cursos de Fonoaudiologia e Terapia Ocupacional do UNIFAGOC - Ub\u00e1 News<\/title>\n<meta name=\"description\" content=\"Fala Sodr\u00e9 registra o Coquetel de Lan\u00e7amento dos Cursos de Fonoaudiologia e Terapia Ocupacional do UNIFAGOC\" \/>\n<meta name=\"robots\" content=\"index, follow, max-snippet:-1, max-image-preview:large, max-video-preview:-1\" \/>\n<link rel=\"canonical\" href=\"https:\/\/ubanews.com\/site\/2025\/10\/18\/fala-sodre-registra-o-coquetel-de-lancamento-dos-cursos\/\" \/>\n<meta property=\"og:locale\" content=\"pt_BR\" \/>\n<meta property=\"og:type\" content=\"article\" \/>\n<meta property=\"og:title\" content=\"Fala Sodr\u00e9 registra o Coquetel de Lan\u00e7amento dos Cursos de Fonoaudiologia e Terapia Ocupacional do UNIFAGOC - Ub\u00e1 News\" \/>\n<meta property=\"og:description\" content=\"Fala Sodr\u00e9 registra o Coquetel de Lan\u00e7amento dos Cursos de Fonoaudiologia e Terapia Ocupacional do UNIFAGOC\" \/>\n<meta property=\"og:url\" content=\"https:\/\/ubanews.com\/site\/2025\/10\/18\/fala-sodre-registra-o-coquetel-de-lancamento-dos-cursos\/\" \/>\n<meta property=\"og:site_name\" content=\"Ub\u00e1 News\" \/>\n<meta property=\"article:publisher\" content=\"https:\/\/www.facebook.com\/Ub%c3%a1News-Carlos-Roberto-Sodr%c3%a9-418778301977370\" \/>\n<meta property=\"article:published_time\" content=\"2025-10-18T14:24:49+00:00\" \/>\n<meta property=\"article:modified_time\" content=\"2025-10-18T15:34:49+00:00\" \/>\n<meta property=\"og:image\" content=\"https:\/\/ubanews.com\/site\/wp-content\/uploads\/2025\/10\/Fala-Sodre-Fagoc-1.jpg\" \/>\n\t<meta property=\"og:image:width\" content=\"1005\" \/>\n\t<meta property=\"og:image:height\" content=\"556\" \/>\n\t<meta property=\"og:image:type\" content=\"image\/jpeg\" \/>\n<meta name=\"author\" content=\"Carlos Roberto Sodr\u00e9\" \/>\n<meta name=\"twitter:card\" content=\"summary_large_image\" \/>\n<meta name=\"twitter:label1\" content=\"Escrito por\" \/>\n\t<meta name=\"twitter:data1\" content=\"Carlos Roberto Sodr\u00e9\" \/>\n\t<meta name=\"twitter:label2\" content=\"Est. tempo de leitura\" \/>\n\t<meta name=\"twitter:data2\" content=\"4 minutos\" \/>\n<script type=\"application\/ld+json\" class=\"yoast-schema-graph\">{\"@context\":\"https:\/\/schema.org\",\"@graph\":[{\"@type\":\"Article\",\"@id\":\"https:\/\/ubanews.com\/site\/2025\/10\/18\/fala-sodre-registra-o-coquetel-de-lancamento-dos-cursos\/#article\",\"isPartOf\":{\"@id\":\"https:\/\/ubanews.com\/site\/2025\/10\/18\/fala-sodre-registra-o-coquetel-de-lancamento-dos-cursos\/\"},\"author\":{\"name\":\"Carlos Roberto Sodr\u00e9\",\"@id\":\"https:\/\/ubanews.com\/site\/#\/schema\/person\/9d8da9ec3c8d00640ab6e8c81e103310\"},\"headline\":\"Fala Sodr\u00e9 registra o Coquetel de Lan\u00e7amento dos Cursos de Fonoaudiologia e Terapia Ocupacional do UNIFAGOC\",\"datePublished\":\"2025-10-18T14:24:49+00:00\",\"dateModified\":\"2025-10-18T15:34:49+00:00\",\"mainEntityOfPage\":{\"@id\":\"https:\/\/ubanews.com\/site\/2025\/10\/18\/fala-sodre-registra-o-coquetel-de-lancamento-dos-cursos\/\"},\"wordCount\":762,\"commentCount\":0,\"publisher\":{\"@id\":\"https:\/\/ubanews.com\/site\/#organization\"},\"image\":{\"@id\":\"https:\/\/ubanews.com\/site\/2025\/10\/18\/fala-sodre-registra-o-coquetel-de-lancamento-dos-cursos\/#primaryimage\"},\"thumbnailUrl\":\"https:\/\/ubanews.com\/site\/wp-content\/uploads\/2025\/10\/Fala-Sodre-Fagoc-1.jpg\",\"keywords\":[\"Fala Sodr\u00e9\",\"UBANEWS\",\"UNIFAGOC\",\"Unifaoc\"],\"articleSection\":[\"Geral\"],\"inLanguage\":\"pt-BR\",\"potentialAction\":[{\"@type\":\"CommentAction\",\"name\":\"Comment\",\"target\":[\"https:\/\/ubanews.com\/site\/2025\/10\/18\/fala-sodre-registra-o-coquetel-de-lancamento-dos-cursos\/#respond\"]}]},{\"@type\":\"WebPage\",\"@id\":\"https:\/\/ubanews.com\/site\/2025\/10\/18\/fala-sodre-registra-o-coquetel-de-lancamento-dos-cursos\/\",\"url\":\"https:\/\/ubanews.com\/site\/2025\/10\/18\/fala-sodre-registra-o-coquetel-de-lancamento-dos-cursos\/\",\"name\":\"Fala Sodr\u00e9 registra o Coquetel de Lan\u00e7amento dos Cursos de Fonoaudiologia e Terapia Ocupacional do UNIFAGOC - Ub\u00e1 News\",\"isPartOf\":{\"@id\":\"https:\/\/ubanews.com\/site\/#website\"},\"primaryImageOfPage\":{\"@id\":\"https:\/\/ubanews.com\/site\/2025\/10\/18\/fala-sodre-registra-o-coquetel-de-lancamento-dos-cursos\/#primaryimage\"},\"image\":{\"@id\":\"https:\/\/ubanews.com\/site\/2025\/10\/18\/fala-sodre-registra-o-coquetel-de-lancamento-dos-cursos\/#primaryimage\"},\"thumbnailUrl\":\"https:\/\/ubanews.com\/site\/wp-content\/uploads\/2025\/10\/Fala-Sodre-Fagoc-1.jpg\",\"datePublished\":\"2025-10-18T14:24:49+00:00\",\"dateModified\":\"2025-10-18T15:34:49+00:00\",\"description\":\"Fala Sodr\u00e9 registra o Coquetel de Lan\u00e7amento dos Cursos de Fonoaudiologia e Terapia Ocupacional do UNIFAGOC\",\"breadcrumb\":{\"@id\":\"https:\/\/ubanews.com\/site\/2025\/10\/18\/fala-sodre-registra-o-coquetel-de-lancamento-dos-cursos\/#breadcrumb\"},\"inLanguage\":\"pt-BR\",\"potentialAction\":[{\"@type\":\"ReadAction\",\"target\":[\"https:\/\/ubanews.com\/site\/2025\/10\/18\/fala-sodre-registra-o-coquetel-de-lancamento-dos-cursos\/\"]}]},{\"@type\":\"ImageObject\",\"inLanguage\":\"pt-BR\",\"@id\":\"https:\/\/ubanews.com\/site\/2025\/10\/18\/fala-sodre-registra-o-coquetel-de-lancamento-dos-cursos\/#primaryimage\",\"url\":\"https:\/\/ubanews.com\/site\/wp-content\/uploads\/2025\/10\/Fala-Sodre-Fagoc-1.jpg\",\"contentUrl\":\"https:\/\/ubanews.com\/site\/wp-content\/uploads\/2025\/10\/Fala-Sodre-Fagoc-1.jpg\",\"width\":1005,\"height\":556,\"caption\":\"Fala Sodr\u00e9 registra o Coquetel de Lan\u00e7amento dos Cursos de Fonoaudiologia e Terapia Ocupacional do UNIFAGOC\"},{\"@type\":\"BreadcrumbList\",\"@id\":\"https:\/\/ubanews.com\/site\/2025\/10\/18\/fala-sodre-registra-o-coquetel-de-lancamento-dos-cursos\/#breadcrumb\",\"itemListElement\":[{\"@type\":\"ListItem\",\"position\":1,\"name\":\"Home\",\"item\":\"https:\/\/ubanews.com\/site\/\"},{\"@type\":\"ListItem\",\"position\":2,\"name\":\"Fala Sodr\u00e9 registra o Coquetel de Lan\u00e7amento dos Cursos de Fonoaudiologia e Terapia Ocupacional do UNIFAGOC\"}]},{\"@type\":\"WebSite\",\"@id\":\"https:\/\/ubanews.com\/site\/#website\",\"url\":\"https:\/\/ubanews.com\/site\/\",\"name\":\"Ub\u00e1 News\",\"description\":\"\",\"publisher\":{\"@id\":\"https:\/\/ubanews.com\/site\/#organization\"},\"potentialAction\":[{\"@type\":\"SearchAction\",\"target\":{\"@type\":\"EntryPoint\",\"urlTemplate\":\"https:\/\/ubanews.com\/site\/?s={search_term_string}\"},\"query-input\":{\"@type\":\"PropertyValueSpecification\",\"valueRequired\":true,\"valueName\":\"search_term_string\"}}],\"inLanguage\":\"pt-BR\"},{\"@type\":\"Organization\",\"@id\":\"https:\/\/ubanews.com\/site\/#organization\",\"name\":\"Ub\u00e1 News\",\"url\":\"https:\/\/ubanews.com\/site\/\",\"logo\":{\"@type\":\"ImageObject\",\"inLanguage\":\"pt-BR\",\"@id\":\"https:\/\/ubanews.com\/site\/#\/schema\/logo\/image\/\",\"url\":\"https:\/\/ubanews.com\/site\/wp-content\/uploads\/2018\/01\/logoubanews.png\",\"contentUrl\":\"https:\/\/ubanews.com\/site\/wp-content\/uploads\/2018\/01\/logoubanews.png\",\"width\":261,\"height\":99,\"caption\":\"Ub\u00e1 News\"},\"image\":{\"@id\":\"https:\/\/ubanews.com\/site\/#\/schema\/logo\/image\/\"},\"sameAs\":[\"https:\/\/www.facebook.com\/Ub\u00e1News-Carlos-Roberto-Sodr\u00e9-418778301977370\"]},{\"@type\":\"Person\",\"@id\":\"https:\/\/ubanews.com\/site\/#\/schema\/person\/9d8da9ec3c8d00640ab6e8c81e103310\",\"name\":\"Carlos Roberto Sodr\u00e9\",\"image\":{\"@type\":\"ImageObject\",\"inLanguage\":\"pt-BR\",\"@id\":\"https:\/\/secure.gravatar.com\/avatar\/aab322e8555b56c468614fafdab8a8f924e394cdc6cfd8232f77e9e4d123a133?s=96&d=mm&r=g\",\"url\":\"https:\/\/secure.gravatar.com\/avatar\/aab322e8555b56c468614fafdab8a8f924e394cdc6cfd8232f77e9e4d123a133?s=96&d=mm&r=g\",\"contentUrl\":\"https:\/\/secure.gravatar.com\/avatar\/aab322e8555b56c468614fafdab8a8f924e394cdc6cfd8232f77e9e4d123a133?s=96&d=mm&r=g\",\"caption\":\"Carlos Roberto Sodr\u00e9\"},\"url\":\"https:\/\/ubanews.com\/site\/author\/sodre\/\"}]}<\/script>\n<!-- \/ Yoast SEO plugin. -->","yoast_head_json":{"title":"Fala Sodr\u00e9 registra o Coquetel de Lan\u00e7amento dos Cursos de Fonoaudiologia e Terapia Ocupacional do UNIFAGOC - Ub\u00e1 News","description":"Fala Sodr\u00e9 registra o Coquetel de Lan\u00e7amento dos Cursos de Fonoaudiologia e Terapia Ocupacional do UNIFAGOC","robots":{"index":"index","follow":"follow","max-snippet":"max-snippet:-1","max-image-preview":"max-image-preview:large","max-video-preview":"max-video-preview:-1"},"canonical":"https:\/\/ubanews.com\/site\/2025\/10\/18\/fala-sodre-registra-o-coquetel-de-lancamento-dos-cursos\/","og_locale":"pt_BR","og_type":"article","og_title":"Fala Sodr\u00e9 registra o Coquetel de Lan\u00e7amento dos Cursos de Fonoaudiologia e Terapia Ocupacional do UNIFAGOC - Ub\u00e1 News","og_description":"Fala Sodr\u00e9 registra o Coquetel de Lan\u00e7amento dos Cursos de Fonoaudiologia e Terapia Ocupacional do UNIFAGOC","og_url":"https:\/\/ubanews.com\/site\/2025\/10\/18\/fala-sodre-registra-o-coquetel-de-lancamento-dos-cursos\/","og_site_name":"Ub\u00e1 News","article_publisher":"https:\/\/www.facebook.com\/Ub%c3%a1News-Carlos-Roberto-Sodr%c3%a9-418778301977370","article_published_time":"2025-10-18T14:24:49+00:00","article_modified_time":"2025-10-18T15:34:49+00:00","og_image":[{"width":1005,"height":556,"url":"https:\/\/ubanews.com\/site\/wp-content\/uploads\/2025\/10\/Fala-Sodre-Fagoc-1.jpg","type":"image\/jpeg"}],"author":"Carlos Roberto Sodr\u00e9","twitter_card":"summary_large_image","twitter_misc":{"Escrito por":"Carlos Roberto Sodr\u00e9","Est. tempo de leitura":"4 minutos"},"schema":{"@context":"https:\/\/schema.org","@graph":[{"@type":"Article","@id":"https:\/\/ubanews.com\/site\/2025\/10\/18\/fala-sodre-registra-o-coquetel-de-lancamento-dos-cursos\/#article","isPartOf":{"@id":"https:\/\/ubanews.com\/site\/2025\/10\/18\/fala-sodre-registra-o-coquetel-de-lancamento-dos-cursos\/"},"author":{"name":"Carlos Roberto Sodr\u00e9","@id":"https:\/\/ubanews.com\/site\/#\/schema\/person\/9d8da9ec3c8d00640ab6e8c81e103310"},"headline":"Fala Sodr\u00e9 registra o Coquetel de Lan\u00e7amento dos Cursos de Fonoaudiologia e Terapia Ocupacional do UNIFAGOC","datePublished":"2025-10-18T14:24:49+00:00","dateModified":"2025-10-18T15:34:49+00:00","mainEntityOfPage":{"@id":"https:\/\/ubanews.com\/site\/2025\/10\/18\/fala-sodre-registra-o-coquetel-de-lancamento-dos-cursos\/"},"wordCount":762,"commentCount":0,"publisher":{"@id":"https:\/\/ubanews.com\/site\/#organization"},"image":{"@id":"https:\/\/ubanews.com\/site\/2025\/10\/18\/fala-sodre-registra-o-coquetel-de-lancamento-dos-cursos\/#primaryimage"},"thumbnailUrl":"https:\/\/ubanews.com\/site\/wp-content\/uploads\/2025\/10\/Fala-Sodre-Fagoc-1.jpg","keywords":["Fala Sodr\u00e9","UBANEWS","UNIFAGOC","Unifaoc"],"articleSection":["Geral"],"inLanguage":"pt-BR","potentialAction":[{"@type":"CommentAction","name":"Comment","target":["https:\/\/ubanews.com\/site\/2025\/10\/18\/fala-sodre-registra-o-coquetel-de-lancamento-dos-cursos\/#respond"]}]},{"@type":"WebPage","@id":"https:\/\/ubanews.com\/site\/2025\/10\/18\/fala-sodre-registra-o-coquetel-de-lancamento-dos-cursos\/","url":"https:\/\/ubanews.com\/site\/2025\/10\/18\/fala-sodre-registra-o-coquetel-de-lancamento-dos-cursos\/","name":"Fala Sodr\u00e9 registra o Coquetel de Lan\u00e7amento dos Cursos de Fonoaudiologia e Terapia Ocupacional do UNIFAGOC - Ub\u00e1 News","isPartOf":{"@id":"https:\/\/ubanews.com\/site\/#website"},"primaryImageOfPage":{"@id":"https:\/\/ubanews.com\/site\/2025\/10\/18\/fala-sodre-registra-o-coquetel-de-lancamento-dos-cursos\/#primaryimage"},"image":{"@id":"https:\/\/ubanews.com\/site\/2025\/10\/18\/fala-sodre-registra-o-coquetel-de-lancamento-dos-cursos\/#primaryimage"},"thumbnailUrl":"https:\/\/ubanews.com\/site\/wp-content\/uploads\/2025\/10\/Fala-Sodre-Fagoc-1.jpg","datePublished":"2025-10-18T14:24:49+00:00","dateModified":"2025-10-18T15:34:49+00:00","description":"Fala Sodr\u00e9 registra o Coquetel de Lan\u00e7amento dos Cursos de Fonoaudiologia e Terapia Ocupacional do UNIFAGOC","breadcrumb":{"@id":"https:\/\/ubanews.com\/site\/2025\/10\/18\/fala-sodre-registra-o-coquetel-de-lancamento-dos-cursos\/#breadcrumb"},"inLanguage":"pt-BR","potentialAction":[{"@type":"ReadAction","target":["https:\/\/ubanews.com\/site\/2025\/10\/18\/fala-sodre-registra-o-coquetel-de-lancamento-dos-cursos\/"]}]},{"@type":"ImageObject","inLanguage":"pt-BR","@id":"https:\/\/ubanews.com\/site\/2025\/10\/18\/fala-sodre-registra-o-coquetel-de-lancamento-dos-cursos\/#primaryimage","url":"https:\/\/ubanews.com\/site\/wp-content\/uploads\/2025\/10\/Fala-Sodre-Fagoc-1.jpg","contentUrl":"https:\/\/ubanews.com\/site\/wp-content\/uploads\/2025\/10\/Fala-Sodre-Fagoc-1.jpg","width":1005,"height":556,"caption":"Fala Sodr\u00e9 registra o Coquetel de Lan\u00e7amento dos Cursos de Fonoaudiologia e Terapia Ocupacional do UNIFAGOC"},{"@type":"BreadcrumbList","@id":"https:\/\/ubanews.com\/site\/2025\/10\/18\/fala-sodre-registra-o-coquetel-de-lancamento-dos-cursos\/#breadcrumb","itemListElement":[{"@type":"ListItem","position":1,"name":"Home","item":"https:\/\/ubanews.com\/site\/"},{"@type":"ListItem","position":2,"name":"Fala Sodr\u00e9 registra o Coquetel de Lan\u00e7amento dos Cursos de Fonoaudiologia e Terapia Ocupacional do UNIFAGOC"}]},{"@type":"WebSite","@id":"https:\/\/ubanews.com\/site\/#website","url":"https:\/\/ubanews.com\/site\/","name":"Ub\u00e1 News","description":"","publisher":{"@id":"https:\/\/ubanews.com\/site\/#organization"},"potentialAction":[{"@type":"SearchAction","target":{"@type":"EntryPoint","urlTemplate":"https:\/\/ubanews.com\/site\/?s={search_term_string}"},"query-input":{"@type":"PropertyValueSpecification","valueRequired":true,"valueName":"search_term_string"}}],"inLanguage":"pt-BR"},{"@type":"Organization","@id":"https:\/\/ubanews.com\/site\/#organization","name":"Ub\u00e1 News","url":"https:\/\/ubanews.com\/site\/","logo":{"@type":"ImageObject","inLanguage":"pt-BR","@id":"https:\/\/ubanews.com\/site\/#\/schema\/logo\/image\/","url":"https:\/\/ubanews.com\/site\/wp-content\/uploads\/2018\/01\/logoubanews.png","contentUrl":"https:\/\/ubanews.com\/site\/wp-content\/uploads\/2018\/01\/logoubanews.png","width":261,"height":99,"caption":"Ub\u00e1 News"},"image":{"@id":"https:\/\/ubanews.com\/site\/#\/schema\/logo\/image\/"},"sameAs":["https:\/\/www.facebook.com\/Ub\u00e1News-Carlos-Roberto-Sodr\u00e9-418778301977370"]},{"@type":"Person","@id":"https:\/\/ubanews.com\/site\/#\/schema\/person\/9d8da9ec3c8d00640ab6e8c81e103310","name":"Carlos Roberto Sodr\u00e9","image":{"@type":"ImageObject","inLanguage":"pt-BR","@id":"https:\/\/secure.gravatar.com\/avatar\/aab322e8555b56c468614fafdab8a8f924e394cdc6cfd8232f77e9e4d123a133?s=96&d=mm&r=g","url":"https:\/\/secure.gravatar.com\/avatar\/aab322e8555b56c468614fafdab8a8f924e394cdc6cfd8232f77e9e4d123a133?s=96&d=mm&r=g","contentUrl":"https:\/\/secure.gravatar.com\/avatar\/aab322e8555b56c468614fafdab8a8f924e394cdc6cfd8232f77e9e4d123a133?s=96&d=mm&r=g","caption":"Carlos Roberto Sodr\u00e9"},"url":"https:\/\/ubanews.com\/site\/author\/sodre\/"}]}},"_links":{"self":[{"href":"https:\/\/ubanews.com\/site\/wp-json\/wp\/v2\/posts\/23198","targetHints":{"allow":["GET"]}}],"collection":[{"href":"https:\/\/ubanews.com\/site\/wp-json\/wp\/v2\/posts"}],"about":[{"href":"https:\/\/ubanews.com\/site\/wp-json\/wp\/v2\/types\/post"}],"author":[{"embeddable":true,"href":"https:\/\/ubanews.com\/site\/wp-json\/wp\/v2\/users\/4"}],"replies":[{"embeddable":true,"href":"https:\/\/ubanews.com\/site\/wp-json\/wp\/v2\/comments?post=23198"}],"version-history":[{"count":0,"href":"https:\/\/ubanews.com\/site\/wp-json\/wp\/v2\/posts\/23198\/revisions"}],"wp:featuredmedia":[{"embeddable":true,"href":"https:\/\/ubanews.com\/site\/wp-json\/wp\/v2\/media\/23201"}],"wp:attachment":[{"href":"https:\/\/ubanews.com\/site\/wp-json\/wp\/v2\/media?parent=23198"}],"wp:term":[{"taxonomy":"category","embeddable":true,"href":"https:\/\/ubanews.com\/site\/wp-json\/wp\/v2\/categories?post=23198"},{"taxonomy":"post_tag","embeddable":true,"href":"https:\/\/ubanews.com\/site\/wp-json\/wp\/v2\/tags?post=23198"}],"curies":[{"name":"wp","href":"https:\/\/api.w.org\/{rel}","templated":true}]}}