{"id":23191,"date":"2025-10-17T11:16:41","date_gmt":"2025-10-17T14:16:41","guid":{"rendered":"https:\/\/ubanews.com\/site\/?p=23191"},"modified":"2025-10-17T11:16:41","modified_gmt":"2025-10-17T14:16:41","slug":"fala-sodre-a-nutricionista-isabela-almeida-explica-como-aprendeu-a-lidar-com-a-endometriose","status":"publish","type":"post","link":"https:\/\/ubanews.com\/site\/2025\/10\/17\/fala-sodre-a-nutricionista-isabela-almeida-explica-como-aprendeu-a-lidar-com-a-endometriose\/","title":{"rendered":"Fala Sodr\u00e9 \u2013 A nutricionista Isabela Almeida explica como aprendeu a lidar com a endometriose"},"content":{"rendered":"<p data-start=\"340\" data-end=\"436\">Fala Sodr\u00e9 \u2013 A nutricionista Isabela Almeida explica como aprendeu a lidar com a endometriose.\u00a0A entrevista conduzida pelo rep\u00f3rter <strong data-start=\"475\" data-end=\"499\">Carlos Roberto Sodr\u00e9<\/strong> trouxe uma conversa inspiradora com a <strong data-start=\"538\" data-end=\"571\">nutricionista Isabela Almeida<\/strong>, que compartilhou como a alimenta\u00e7\u00e3o transformou sua rela\u00e7\u00e3o com a endometriose.<br data-start=\"652\" data-end=\"655\" \/>Com imagens de <strong data-start=\"670\" data-end=\"685\">Laisa Sodr\u00e9<\/strong> e produ\u00e7\u00e3o de <strong data-start=\"700\" data-end=\"719\">Pedro Henriques<\/strong> da <strong data-start=\"723\" data-end=\"738\">INDICCA.COM<\/strong>, o encontro mostrou que informa\u00e7\u00e3o e mudan\u00e7a de h\u00e1bitos s\u00e3o caminhos reais de bem-estar.<\/p>\n<h2 data-start=\"340\" data-end=\"436\">Fala Sodr\u00e9 \u2013 A nutricionista Isabela Almeida explica como aprendeu a lidar com a endometriose<\/h2>\n<p><img decoding=\"async\" class=\"aligncenter size-medium wp-image-23192 lazyload\" data-src=\"https:\/\/ubanews.com\/site\/wp-content\/uploads\/2025\/10\/Fala-Sodre-Nutricionista-Isabela-Almeida-300x168.jpg\" alt=\"Fala Sodr\u00e9 - Nutricionista Isabela Almeida\" width=\"300\" height=\"168\" data-srcset=\"https:\/\/ubanews.com\/site\/wp-content\/uploads\/2025\/10\/Fala-Sodre-Nutricionista-Isabela-Almeida-300x168.jpg 300w, https:\/\/ubanews.com\/site\/wp-content\/uploads\/2025\/10\/Fala-Sodre-Nutricionista-Isabela-Almeida-1024x574.jpg 1024w, https:\/\/ubanews.com\/site\/wp-content\/uploads\/2025\/10\/Fala-Sodre-Nutricionista-Isabela-Almeida-768x430.jpg 768w, https:\/\/ubanews.com\/site\/wp-content\/uploads\/2025\/10\/Fala-Sodre-Nutricionista-Isabela-Almeida-360x200.jpg 360w, https:\/\/ubanews.com\/site\/wp-content\/uploads\/2025\/10\/Fala-Sodre-Nutricionista-Isabela-Almeida.jpg 1287w\" data-sizes=\"(max-width: 300px) 100vw, 300px\" src=\"data:image\/svg+xml;base64,PHN2ZyB3aWR0aD0iMSIgaGVpZ2h0PSIxIiB4bWxucz0iaHR0cDovL3d3dy53My5vcmcvMjAwMC9zdmciPjwvc3ZnPg==\" style=\"--smush-placeholder-width: 300px; --smush-placeholder-aspect-ratio: 300\/168;\" \/><\/p>\n<h3 data-start=\"829\" data-end=\"888\">Entendendo a endometriose e o impacto na vida da mulher<\/h3>\n<p data-start=\"890\" data-end=\"1298\">Logo no in\u00edcio da entrevista, Isabela relembrou o momento em que descobriu a doen\u00e7a.<br data-start=\"974\" data-end=\"977\" \/>Ela contou que enfrentou dores intensas, cansa\u00e7o constante e dificuldades para engravidar.<br data-start=\"1067\" data-end=\"1070\" \/>Ap\u00f3s uma s\u00e9rie de exames, veio o diagn\u00f3stico de endometriose em est\u00e1gio avan\u00e7ado.<br data-start=\"1151\" data-end=\"1154\" \/>Segundo ela, \u201cmuitas mulheres acreditam que sentir dor \u00e9 normal, mas n\u00e3o \u00e9. A dor precisa ser avaliada. Ela \u00e9 um sinal de que algo n\u00e3o vai bem\u201d.<\/p>\n<p data-start=\"1300\" data-end=\"1622\">Isabela destacou que a endometriose ainda \u00e9 cercada de tabus e desinforma\u00e7\u00e3o.<br data-start=\"1377\" data-end=\"1380\" \/>Por isso, refor\u00e7ou a import\u00e2ncia de falar abertamente sobre o tema e buscar ajuda especializada.<br data-start=\"1476\" data-end=\"1479\" \/>\u201cDurante muito tempo, eu mesma ouvi que era normal sentir dor, at\u00e9 entender que n\u00e3o era. A partir da\u00ed, comecei a me cuidar de verdade\u201d, contou.<\/p>\n<h3 data-start=\"1624\" data-end=\"1659\">A mudan\u00e7a come\u00e7a na alimenta\u00e7\u00e3o<\/h3>\n<p data-start=\"1661\" data-end=\"2096\">Com o diagn\u00f3stico confirmado, Isabela decidiu estudar profundamente a rela\u00e7\u00e3o entre <strong data-start=\"1745\" data-end=\"1773\">alimenta\u00e7\u00e3o e inflama\u00e7\u00e3o<\/strong>.<br data-start=\"1774\" data-end=\"1777\" \/>Ela explicou que a endometriose \u00e9 uma <strong data-start=\"1815\" data-end=\"1846\">doen\u00e7a inflamat\u00f3ria cr\u00f4nica<\/strong> e, portanto, o que se come pode influenciar diretamente os sintomas.<br data-start=\"1915\" data-end=\"1918\" \/>\u201cEu sempre tive uma alimenta\u00e7\u00e3o razo\u00e1vel, mas percebi que isso n\u00e3o bastava. Precisei ajustar cada detalhe, reduzir alimentos inflamat\u00f3rios e priorizar comidas naturais\u201d, afirmou.<\/p>\n<p data-start=\"2098\" data-end=\"2466\">Hoje, a nutricionista adota uma dieta voltada para o equil\u00edbrio intestinal e o controle da inflama\u00e7\u00e3o.<br data-start=\"2200\" data-end=\"2203\" \/>Ela incluiu alimentos como <strong data-start=\"2230\" data-end=\"2290\">br\u00f3colis, couve-flor, frutas vermelhas e azeite de oliva<\/strong>, aliados poderosos para o organismo.<br data-start=\"2327\" data-end=\"2330\" \/>Al\u00e9m disso, destaca o papel dos <strong data-start=\"2362\" data-end=\"2384\">vegetais coloridos<\/strong> e das <strong data-start=\"2391\" data-end=\"2417\">boas fontes de gordura<\/strong> na manuten\u00e7\u00e3o da energia e da disposi\u00e7\u00e3o di\u00e1ria.<\/p>\n<h3 data-start=\"2468\" data-end=\"2522\">Exerc\u00edcio e rotina equilibrada tamb\u00e9m s\u00e3o rem\u00e9dios<\/h3>\n<p data-start=\"2524\" data-end=\"2826\">Durante a conversa, Isabela refor\u00e7ou que a mudan\u00e7a de h\u00e1bitos vai muito al\u00e9m da alimenta\u00e7\u00e3o.<br data-start=\"2616\" data-end=\"2619\" \/>Ela ressaltou a import\u00e2ncia da atividade f\u00edsica e do descanso.<br data-start=\"2681\" data-end=\"2684\" \/>\u201cExerc\u00edcio \u00e9 rem\u00e9dio. Movimento \u00e9 fundamental. Quando eu deixo de me exercitar, o cansa\u00e7o aumenta e os sintomas voltam com mais for\u00e7a\u201d, disse.<\/p>\n<p data-start=\"2828\" data-end=\"3139\">Para ela, cuidar da mente tamb\u00e9m \u00e9 essencial.<br data-start=\"2873\" data-end=\"2876\" \/>O estresse e a sobrecarga emocional afetam diretamente o equil\u00edbrio hormonal e o controle da doen\u00e7a.<br data-start=\"2976\" data-end=\"2979\" \/>\u201cHoje, as mulheres acumulam muitas fun\u00e7\u00f5es. Trabalham demais, dormem pouco e se cobram muito. Isso adoece. A gente precisa se respeitar e ter limites\u201d, afirmou.<\/p>\n<h3 data-start=\"3141\" data-end=\"3170\">Informa\u00e7\u00e3o que transforma<\/h3>\n<p data-start=\"3172\" data-end=\"3645\">A entrevista mostrou que o conhecimento \u00e9 uma das principais armas contra a endometriose.<br data-start=\"3261\" data-end=\"3264\" \/>Isabela contou que dedica parte do seu tempo \u00e0 produ\u00e7\u00e3o de conte\u00fado informativo nas redes sociais e a encontros com mulheres que enfrentam o mesmo diagn\u00f3stico.<br data-start=\"3423\" data-end=\"3426\" \/>Recentemente, ela organizou uma reuni\u00e3o com mais de dez pacientes, criando um espa\u00e7o de troca e acolhimento.<br data-start=\"3534\" data-end=\"3537\" \/>\u201cMuitas mulheres se emocionaram. Elas se sentiram ouvidas pela primeira vez. Isso \u00e9 transformador\u201d, relatou.<\/p>\n<p data-start=\"3647\" data-end=\"3958\">Ela acredita que profissionais de sa\u00fade precisam estar mais preparados para identificar e tratar a doen\u00e7a de forma multidisciplinar.<br data-start=\"3779\" data-end=\"3782\" \/>\u201cO sucesso do tratamento n\u00e3o est\u00e1 s\u00f3 na cirurgia. Est\u00e1 na uni\u00e3o de fatores \u2014 alimenta\u00e7\u00e3o, acompanhamento m\u00e9dico, apoio psicol\u00f3gico e atividade f\u00edsica. \u00c9 um conjunto\u201d, concluiu.<\/p>\n<h3 data-start=\"3960\" data-end=\"3999\">Um exemplo de supera\u00e7\u00e3o e prop\u00f3sito<\/h3>\n<p data-start=\"4001\" data-end=\"4344\">A trajet\u00f3ria de <strong data-start=\"4017\" data-end=\"4036\">Isabela Almeida<\/strong> \u00e9 um exemplo de supera\u00e7\u00e3o e prop\u00f3sito.<br data-start=\"4075\" data-end=\"4078\" \/>Sua experi\u00eancia pessoal virou fonte de aprendizado e ferramenta de transforma\u00e7\u00e3o para outras mulheres.<br data-start=\"4180\" data-end=\"4183\" \/>Com leveza e firmeza, ela mostrou que <strong data-start=\"4221\" data-end=\"4284\">alimenta\u00e7\u00e3o consciente, movimento e informa\u00e7\u00e3o de qualidade<\/strong> s\u00e3o aliados indispens\u00e1veis para viver bem com endometriose.<\/p>\n<p><iframe title=\"Fala Sodr\u00e9 - a nutricionista Isabela Almeida explica como aprendeu lidar com a endometriose 27\/03\/25\" width=\"840\" height=\"473\" data-src=\"https:\/\/www.youtube.com\/embed\/Tx9MN0wwe6Y?feature=oembed\" frameborder=\"0\" allow=\"accelerometer; autoplay; clipboard-write; encrypted-media; gyroscope; picture-in-picture; web-share\" referrerpolicy=\"strict-origin-when-cross-origin\" allowfullscreen src=\"data:image\/svg+xml;base64,PHN2ZyB3aWR0aD0iMSIgaGVpZ2h0PSIxIiB4bWxucz0iaHR0cDovL3d3dy53My5vcmcvMjAwMC9zdmciPjwvc3ZnPg==\" class=\"lazyload\" data-load-mode=\"1\"><\/iframe><\/p>\n<p>&nbsp;<\/p>\n","protected":false},"excerpt":{"rendered":"<p>Fala Sodr\u00e9 \u2013 A nutricionista Isabela Almeida explica como aprendeu<\/p>\n","protected":false},"author":4,"featured_media":23192,"comment_status":"open","ping_status":"open","sticky":false,"template":"","format":"standard","meta":{"footnotes":""},"categories":[1,3],"tags":[161,59,159,160,60],"class_list":["post-23191","post","type-post","status-publish","format-standard","has-post-thumbnail","hentry","category-sem-categoria","category-slide","tag-endometriose","tag-fala-sodre","tag-isabela-almeida","tag-nutricionista","tag-ubanews"],"yoast_head":"<!-- This site is optimized with the Yoast SEO plugin v27.2 - https:\/\/yoast.com\/product\/yoast-seo-wordpress\/ -->\n<title>Fala Sodr\u00e9 \u2013 A nutricionista Isabela Almeida explica como aprendeu a lidar com a endometriose - Ub\u00e1 News<\/title>\n<meta name=\"description\" content=\"Fala Sodr\u00e9 \u2013 A nutricionista Isabela Almeida explica como aprendeu a lidar com a endometriose. Uma conversa inspiradora com a nutricionista.\" \/>\n<meta name=\"robots\" content=\"index, follow, max-snippet:-1, max-image-preview:large, max-video-preview:-1\" \/>\n<link rel=\"canonical\" href=\"https:\/\/ubanews.com\/site\/2025\/10\/17\/fala-sodre-a-nutricionista-isabela-almeida-explica-como-aprendeu-a-lidar-com-a-endometriose\/\" \/>\n<meta property=\"og:locale\" content=\"pt_BR\" \/>\n<meta property=\"og:type\" content=\"article\" \/>\n<meta property=\"og:title\" content=\"Fala Sodr\u00e9 \u2013 A nutricionista Isabela Almeida explica como aprendeu a lidar com a endometriose - Ub\u00e1 News\" \/>\n<meta property=\"og:description\" content=\"Fala Sodr\u00e9 \u2013 A nutricionista Isabela Almeida explica como aprendeu a lidar com a endometriose. Uma conversa inspiradora com a nutricionista.\" \/>\n<meta property=\"og:url\" content=\"https:\/\/ubanews.com\/site\/2025\/10\/17\/fala-sodre-a-nutricionista-isabela-almeida-explica-como-aprendeu-a-lidar-com-a-endometriose\/\" \/>\n<meta property=\"og:site_name\" content=\"Ub\u00e1 News\" \/>\n<meta property=\"article:publisher\" content=\"https:\/\/www.facebook.com\/Ub%c3%a1News-Carlos-Roberto-Sodr%c3%a9-418778301977370\" \/>\n<meta property=\"article:published_time\" content=\"2025-10-17T14:16:41+00:00\" \/>\n<meta property=\"og:image\" content=\"https:\/\/ubanews.com\/site\/wp-content\/uploads\/2025\/10\/Fala-Sodre-Nutricionista-Isabela-Almeida.jpg\" \/>\n\t<meta property=\"og:image:width\" content=\"1287\" \/>\n\t<meta property=\"og:image:height\" content=\"721\" \/>\n\t<meta property=\"og:image:type\" content=\"image\/jpeg\" \/>\n<meta name=\"author\" content=\"Carlos Roberto Sodr\u00e9\" \/>\n<meta name=\"twitter:card\" content=\"summary_large_image\" \/>\n<meta name=\"twitter:label1\" content=\"Escrito por\" \/>\n\t<meta name=\"twitter:data1\" content=\"Carlos Roberto Sodr\u00e9\" \/>\n\t<meta name=\"twitter:label2\" content=\"Est. tempo de leitura\" \/>\n\t<meta name=\"twitter:data2\" content=\"4 minutos\" \/>\n<script type=\"application\/ld+json\" class=\"yoast-schema-graph\">{\"@context\":\"https:\/\/schema.org\",\"@graph\":[{\"@type\":\"Article\",\"@id\":\"https:\/\/ubanews.com\/site\/2025\/10\/17\/fala-sodre-a-nutricionista-isabela-almeida-explica-como-aprendeu-a-lidar-com-a-endometriose\/#article\",\"isPartOf\":{\"@id\":\"https:\/\/ubanews.com\/site\/2025\/10\/17\/fala-sodre-a-nutricionista-isabela-almeida-explica-como-aprendeu-a-lidar-com-a-endometriose\/\"},\"author\":{\"name\":\"Carlos Roberto Sodr\u00e9\",\"@id\":\"https:\/\/ubanews.com\/site\/#\/schema\/person\/9d8da9ec3c8d00640ab6e8c81e103310\"},\"headline\":\"Fala Sodr\u00e9 \u2013 A nutricionista Isabela Almeida explica como aprendeu a lidar com a endometriose\",\"datePublished\":\"2025-10-17T14:16:41+00:00\",\"mainEntityOfPage\":{\"@id\":\"https:\/\/ubanews.com\/site\/2025\/10\/17\/fala-sodre-a-nutricionista-isabela-almeida-explica-como-aprendeu-a-lidar-com-a-endometriose\/\"},\"wordCount\":712,\"commentCount\":0,\"publisher\":{\"@id\":\"https:\/\/ubanews.com\/site\/#organization\"},\"image\":{\"@id\":\"https:\/\/ubanews.com\/site\/2025\/10\/17\/fala-sodre-a-nutricionista-isabela-almeida-explica-como-aprendeu-a-lidar-com-a-endometriose\/#primaryimage\"},\"thumbnailUrl\":\"https:\/\/ubanews.com\/site\/wp-content\/uploads\/2025\/10\/Fala-Sodre-Nutricionista-Isabela-Almeida.jpg\",\"keywords\":[\"Endometriose\",\"Fala Sodr\u00e9\",\"Isabela Almeida\",\"Nutricionista\",\"UBANEWS\"],\"articleSection\":[\"Geral\",\"Slide\"],\"inLanguage\":\"pt-BR\",\"potentialAction\":[{\"@type\":\"CommentAction\",\"name\":\"Comment\",\"target\":[\"https:\/\/ubanews.com\/site\/2025\/10\/17\/fala-sodre-a-nutricionista-isabela-almeida-explica-como-aprendeu-a-lidar-com-a-endometriose\/#respond\"]}]},{\"@type\":\"WebPage\",\"@id\":\"https:\/\/ubanews.com\/site\/2025\/10\/17\/fala-sodre-a-nutricionista-isabela-almeida-explica-como-aprendeu-a-lidar-com-a-endometriose\/\",\"url\":\"https:\/\/ubanews.com\/site\/2025\/10\/17\/fala-sodre-a-nutricionista-isabela-almeida-explica-como-aprendeu-a-lidar-com-a-endometriose\/\",\"name\":\"Fala Sodr\u00e9 \u2013 A nutricionista Isabela Almeida explica como aprendeu a lidar com a endometriose - Ub\u00e1 News\",\"isPartOf\":{\"@id\":\"https:\/\/ubanews.com\/site\/#website\"},\"primaryImageOfPage\":{\"@id\":\"https:\/\/ubanews.com\/site\/2025\/10\/17\/fala-sodre-a-nutricionista-isabela-almeida-explica-como-aprendeu-a-lidar-com-a-endometriose\/#primaryimage\"},\"image\":{\"@id\":\"https:\/\/ubanews.com\/site\/2025\/10\/17\/fala-sodre-a-nutricionista-isabela-almeida-explica-como-aprendeu-a-lidar-com-a-endometriose\/#primaryimage\"},\"thumbnailUrl\":\"https:\/\/ubanews.com\/site\/wp-content\/uploads\/2025\/10\/Fala-Sodre-Nutricionista-Isabela-Almeida.jpg\",\"datePublished\":\"2025-10-17T14:16:41+00:00\",\"description\":\"Fala Sodr\u00e9 \u2013 A nutricionista Isabela Almeida explica como aprendeu a lidar com a endometriose. Uma conversa inspiradora com a nutricionista.\",\"breadcrumb\":{\"@id\":\"https:\/\/ubanews.com\/site\/2025\/10\/17\/fala-sodre-a-nutricionista-isabela-almeida-explica-como-aprendeu-a-lidar-com-a-endometriose\/#breadcrumb\"},\"inLanguage\":\"pt-BR\",\"potentialAction\":[{\"@type\":\"ReadAction\",\"target\":[\"https:\/\/ubanews.com\/site\/2025\/10\/17\/fala-sodre-a-nutricionista-isabela-almeida-explica-como-aprendeu-a-lidar-com-a-endometriose\/\"]}]},{\"@type\":\"ImageObject\",\"inLanguage\":\"pt-BR\",\"@id\":\"https:\/\/ubanews.com\/site\/2025\/10\/17\/fala-sodre-a-nutricionista-isabela-almeida-explica-como-aprendeu-a-lidar-com-a-endometriose\/#primaryimage\",\"url\":\"https:\/\/ubanews.com\/site\/wp-content\/uploads\/2025\/10\/Fala-Sodre-Nutricionista-Isabela-Almeida.jpg\",\"contentUrl\":\"https:\/\/ubanews.com\/site\/wp-content\/uploads\/2025\/10\/Fala-Sodre-Nutricionista-Isabela-Almeida.jpg\",\"width\":1287,\"height\":721,\"caption\":\"Fala Sodr\u00e9 - Nutricionista Isabela Almeida\"},{\"@type\":\"BreadcrumbList\",\"@id\":\"https:\/\/ubanews.com\/site\/2025\/10\/17\/fala-sodre-a-nutricionista-isabela-almeida-explica-como-aprendeu-a-lidar-com-a-endometriose\/#breadcrumb\",\"itemListElement\":[{\"@type\":\"ListItem\",\"position\":1,\"name\":\"Home\",\"item\":\"https:\/\/ubanews.com\/site\/\"},{\"@type\":\"ListItem\",\"position\":2,\"name\":\"Fala Sodr\u00e9 \u2013 A nutricionista Isabela Almeida explica como aprendeu a lidar com a endometriose\"}]},{\"@type\":\"WebSite\",\"@id\":\"https:\/\/ubanews.com\/site\/#website\",\"url\":\"https:\/\/ubanews.com\/site\/\",\"name\":\"Ub\u00e1 News\",\"description\":\"\",\"publisher\":{\"@id\":\"https:\/\/ubanews.com\/site\/#organization\"},\"potentialAction\":[{\"@type\":\"SearchAction\",\"target\":{\"@type\":\"EntryPoint\",\"urlTemplate\":\"https:\/\/ubanews.com\/site\/?s={search_term_string}\"},\"query-input\":{\"@type\":\"PropertyValueSpecification\",\"valueRequired\":true,\"valueName\":\"search_term_string\"}}],\"inLanguage\":\"pt-BR\"},{\"@type\":\"Organization\",\"@id\":\"https:\/\/ubanews.com\/site\/#organization\",\"name\":\"Ub\u00e1 News\",\"url\":\"https:\/\/ubanews.com\/site\/\",\"logo\":{\"@type\":\"ImageObject\",\"inLanguage\":\"pt-BR\",\"@id\":\"https:\/\/ubanews.com\/site\/#\/schema\/logo\/image\/\",\"url\":\"https:\/\/ubanews.com\/site\/wp-content\/uploads\/2018\/01\/logoubanews.png\",\"contentUrl\":\"https:\/\/ubanews.com\/site\/wp-content\/uploads\/2018\/01\/logoubanews.png\",\"width\":261,\"height\":99,\"caption\":\"Ub\u00e1 News\"},\"image\":{\"@id\":\"https:\/\/ubanews.com\/site\/#\/schema\/logo\/image\/\"},\"sameAs\":[\"https:\/\/www.facebook.com\/Ub\u00e1News-Carlos-Roberto-Sodr\u00e9-418778301977370\"]},{\"@type\":\"Person\",\"@id\":\"https:\/\/ubanews.com\/site\/#\/schema\/person\/9d8da9ec3c8d00640ab6e8c81e103310\",\"name\":\"Carlos Roberto Sodr\u00e9\",\"image\":{\"@type\":\"ImageObject\",\"inLanguage\":\"pt-BR\",\"@id\":\"https:\/\/secure.gravatar.com\/avatar\/aab322e8555b56c468614fafdab8a8f924e394cdc6cfd8232f77e9e4d123a133?s=96&d=mm&r=g\",\"url\":\"https:\/\/secure.gravatar.com\/avatar\/aab322e8555b56c468614fafdab8a8f924e394cdc6cfd8232f77e9e4d123a133?s=96&d=mm&r=g\",\"contentUrl\":\"https:\/\/secure.gravatar.com\/avatar\/aab322e8555b56c468614fafdab8a8f924e394cdc6cfd8232f77e9e4d123a133?s=96&d=mm&r=g\",\"caption\":\"Carlos Roberto Sodr\u00e9\"},\"url\":\"https:\/\/ubanews.com\/site\/author\/sodre\/\"}]}<\/script>\n<!-- \/ Yoast SEO plugin. -->","yoast_head_json":{"title":"Fala Sodr\u00e9 \u2013 A nutricionista Isabela Almeida explica como aprendeu a lidar com a endometriose - Ub\u00e1 News","description":"Fala Sodr\u00e9 \u2013 A nutricionista Isabela Almeida explica como aprendeu a lidar com a endometriose. Uma conversa inspiradora com a nutricionista.","robots":{"index":"index","follow":"follow","max-snippet":"max-snippet:-1","max-image-preview":"max-image-preview:large","max-video-preview":"max-video-preview:-1"},"canonical":"https:\/\/ubanews.com\/site\/2025\/10\/17\/fala-sodre-a-nutricionista-isabela-almeida-explica-como-aprendeu-a-lidar-com-a-endometriose\/","og_locale":"pt_BR","og_type":"article","og_title":"Fala Sodr\u00e9 \u2013 A nutricionista Isabela Almeida explica como aprendeu a lidar com a endometriose - Ub\u00e1 News","og_description":"Fala Sodr\u00e9 \u2013 A nutricionista Isabela Almeida explica como aprendeu a lidar com a endometriose. Uma conversa inspiradora com a nutricionista.","og_url":"https:\/\/ubanews.com\/site\/2025\/10\/17\/fala-sodre-a-nutricionista-isabela-almeida-explica-como-aprendeu-a-lidar-com-a-endometriose\/","og_site_name":"Ub\u00e1 News","article_publisher":"https:\/\/www.facebook.com\/Ub%c3%a1News-Carlos-Roberto-Sodr%c3%a9-418778301977370","article_published_time":"2025-10-17T14:16:41+00:00","og_image":[{"width":1287,"height":721,"url":"https:\/\/ubanews.com\/site\/wp-content\/uploads\/2025\/10\/Fala-Sodre-Nutricionista-Isabela-Almeida.jpg","type":"image\/jpeg"}],"author":"Carlos Roberto Sodr\u00e9","twitter_card":"summary_large_image","twitter_misc":{"Escrito por":"Carlos Roberto Sodr\u00e9","Est. tempo de leitura":"4 minutos"},"schema":{"@context":"https:\/\/schema.org","@graph":[{"@type":"Article","@id":"https:\/\/ubanews.com\/site\/2025\/10\/17\/fala-sodre-a-nutricionista-isabela-almeida-explica-como-aprendeu-a-lidar-com-a-endometriose\/#article","isPartOf":{"@id":"https:\/\/ubanews.com\/site\/2025\/10\/17\/fala-sodre-a-nutricionista-isabela-almeida-explica-como-aprendeu-a-lidar-com-a-endometriose\/"},"author":{"name":"Carlos Roberto Sodr\u00e9","@id":"https:\/\/ubanews.com\/site\/#\/schema\/person\/9d8da9ec3c8d00640ab6e8c81e103310"},"headline":"Fala Sodr\u00e9 \u2013 A nutricionista Isabela Almeida explica como aprendeu a lidar com a endometriose","datePublished":"2025-10-17T14:16:41+00:00","mainEntityOfPage":{"@id":"https:\/\/ubanews.com\/site\/2025\/10\/17\/fala-sodre-a-nutricionista-isabela-almeida-explica-como-aprendeu-a-lidar-com-a-endometriose\/"},"wordCount":712,"commentCount":0,"publisher":{"@id":"https:\/\/ubanews.com\/site\/#organization"},"image":{"@id":"https:\/\/ubanews.com\/site\/2025\/10\/17\/fala-sodre-a-nutricionista-isabela-almeida-explica-como-aprendeu-a-lidar-com-a-endometriose\/#primaryimage"},"thumbnailUrl":"https:\/\/ubanews.com\/site\/wp-content\/uploads\/2025\/10\/Fala-Sodre-Nutricionista-Isabela-Almeida.jpg","keywords":["Endometriose","Fala Sodr\u00e9","Isabela Almeida","Nutricionista","UBANEWS"],"articleSection":["Geral","Slide"],"inLanguage":"pt-BR","potentialAction":[{"@type":"CommentAction","name":"Comment","target":["https:\/\/ubanews.com\/site\/2025\/10\/17\/fala-sodre-a-nutricionista-isabela-almeida-explica-como-aprendeu-a-lidar-com-a-endometriose\/#respond"]}]},{"@type":"WebPage","@id":"https:\/\/ubanews.com\/site\/2025\/10\/17\/fala-sodre-a-nutricionista-isabela-almeida-explica-como-aprendeu-a-lidar-com-a-endometriose\/","url":"https:\/\/ubanews.com\/site\/2025\/10\/17\/fala-sodre-a-nutricionista-isabela-almeida-explica-como-aprendeu-a-lidar-com-a-endometriose\/","name":"Fala Sodr\u00e9 \u2013 A nutricionista Isabela Almeida explica como aprendeu a lidar com a endometriose - Ub\u00e1 News","isPartOf":{"@id":"https:\/\/ubanews.com\/site\/#website"},"primaryImageOfPage":{"@id":"https:\/\/ubanews.com\/site\/2025\/10\/17\/fala-sodre-a-nutricionista-isabela-almeida-explica-como-aprendeu-a-lidar-com-a-endometriose\/#primaryimage"},"image":{"@id":"https:\/\/ubanews.com\/site\/2025\/10\/17\/fala-sodre-a-nutricionista-isabela-almeida-explica-como-aprendeu-a-lidar-com-a-endometriose\/#primaryimage"},"thumbnailUrl":"https:\/\/ubanews.com\/site\/wp-content\/uploads\/2025\/10\/Fala-Sodre-Nutricionista-Isabela-Almeida.jpg","datePublished":"2025-10-17T14:16:41+00:00","description":"Fala Sodr\u00e9 \u2013 A nutricionista Isabela Almeida explica como aprendeu a lidar com a endometriose. Uma conversa inspiradora com a nutricionista.","breadcrumb":{"@id":"https:\/\/ubanews.com\/site\/2025\/10\/17\/fala-sodre-a-nutricionista-isabela-almeida-explica-como-aprendeu-a-lidar-com-a-endometriose\/#breadcrumb"},"inLanguage":"pt-BR","potentialAction":[{"@type":"ReadAction","target":["https:\/\/ubanews.com\/site\/2025\/10\/17\/fala-sodre-a-nutricionista-isabela-almeida-explica-como-aprendeu-a-lidar-com-a-endometriose\/"]}]},{"@type":"ImageObject","inLanguage":"pt-BR","@id":"https:\/\/ubanews.com\/site\/2025\/10\/17\/fala-sodre-a-nutricionista-isabela-almeida-explica-como-aprendeu-a-lidar-com-a-endometriose\/#primaryimage","url":"https:\/\/ubanews.com\/site\/wp-content\/uploads\/2025\/10\/Fala-Sodre-Nutricionista-Isabela-Almeida.jpg","contentUrl":"https:\/\/ubanews.com\/site\/wp-content\/uploads\/2025\/10\/Fala-Sodre-Nutricionista-Isabela-Almeida.jpg","width":1287,"height":721,"caption":"Fala Sodr\u00e9 - Nutricionista Isabela Almeida"},{"@type":"BreadcrumbList","@id":"https:\/\/ubanews.com\/site\/2025\/10\/17\/fala-sodre-a-nutricionista-isabela-almeida-explica-como-aprendeu-a-lidar-com-a-endometriose\/#breadcrumb","itemListElement":[{"@type":"ListItem","position":1,"name":"Home","item":"https:\/\/ubanews.com\/site\/"},{"@type":"ListItem","position":2,"name":"Fala Sodr\u00e9 \u2013 A nutricionista Isabela Almeida explica como aprendeu a lidar com a endometriose"}]},{"@type":"WebSite","@id":"https:\/\/ubanews.com\/site\/#website","url":"https:\/\/ubanews.com\/site\/","name":"Ub\u00e1 News","description":"","publisher":{"@id":"https:\/\/ubanews.com\/site\/#organization"},"potentialAction":[{"@type":"SearchAction","target":{"@type":"EntryPoint","urlTemplate":"https:\/\/ubanews.com\/site\/?s={search_term_string}"},"query-input":{"@type":"PropertyValueSpecification","valueRequired":true,"valueName":"search_term_string"}}],"inLanguage":"pt-BR"},{"@type":"Organization","@id":"https:\/\/ubanews.com\/site\/#organization","name":"Ub\u00e1 News","url":"https:\/\/ubanews.com\/site\/","logo":{"@type":"ImageObject","inLanguage":"pt-BR","@id":"https:\/\/ubanews.com\/site\/#\/schema\/logo\/image\/","url":"https:\/\/ubanews.com\/site\/wp-content\/uploads\/2018\/01\/logoubanews.png","contentUrl":"https:\/\/ubanews.com\/site\/wp-content\/uploads\/2018\/01\/logoubanews.png","width":261,"height":99,"caption":"Ub\u00e1 News"},"image":{"@id":"https:\/\/ubanews.com\/site\/#\/schema\/logo\/image\/"},"sameAs":["https:\/\/www.facebook.com\/Ub\u00e1News-Carlos-Roberto-Sodr\u00e9-418778301977370"]},{"@type":"Person","@id":"https:\/\/ubanews.com\/site\/#\/schema\/person\/9d8da9ec3c8d00640ab6e8c81e103310","name":"Carlos Roberto Sodr\u00e9","image":{"@type":"ImageObject","inLanguage":"pt-BR","@id":"https:\/\/secure.gravatar.com\/avatar\/aab322e8555b56c468614fafdab8a8f924e394cdc6cfd8232f77e9e4d123a133?s=96&d=mm&r=g","url":"https:\/\/secure.gravatar.com\/avatar\/aab322e8555b56c468614fafdab8a8f924e394cdc6cfd8232f77e9e4d123a133?s=96&d=mm&r=g","contentUrl":"https:\/\/secure.gravatar.com\/avatar\/aab322e8555b56c468614fafdab8a8f924e394cdc6cfd8232f77e9e4d123a133?s=96&d=mm&r=g","caption":"Carlos Roberto Sodr\u00e9"},"url":"https:\/\/ubanews.com\/site\/author\/sodre\/"}]}},"_links":{"self":[{"href":"https:\/\/ubanews.com\/site\/wp-json\/wp\/v2\/posts\/23191","targetHints":{"allow":["GET"]}}],"collection":[{"href":"https:\/\/ubanews.com\/site\/wp-json\/wp\/v2\/posts"}],"about":[{"href":"https:\/\/ubanews.com\/site\/wp-json\/wp\/v2\/types\/post"}],"author":[{"embeddable":true,"href":"https:\/\/ubanews.com\/site\/wp-json\/wp\/v2\/users\/4"}],"replies":[{"embeddable":true,"href":"https:\/\/ubanews.com\/site\/wp-json\/wp\/v2\/comments?post=23191"}],"version-history":[{"count":0,"href":"https:\/\/ubanews.com\/site\/wp-json\/wp\/v2\/posts\/23191\/revisions"}],"wp:featuredmedia":[{"embeddable":true,"href":"https:\/\/ubanews.com\/site\/wp-json\/wp\/v2\/media\/23192"}],"wp:attachment":[{"href":"https:\/\/ubanews.com\/site\/wp-json\/wp\/v2\/media?parent=23191"}],"wp:term":[{"taxonomy":"category","embeddable":true,"href":"https:\/\/ubanews.com\/site\/wp-json\/wp\/v2\/categories?post=23191"},{"taxonomy":"post_tag","embeddable":true,"href":"https:\/\/ubanews.com\/site\/wp-json\/wp\/v2\/tags?post=23191"}],"curies":[{"name":"wp","href":"https:\/\/api.w.org\/{rel}","templated":true}]}}