{"id":23181,"date":"2025-10-16T11:14:08","date_gmt":"2025-10-16T14:14:08","guid":{"rendered":"https:\/\/ubanews.com\/site\/?p=23181"},"modified":"2025-10-16T11:14:08","modified_gmt":"2025-10-16T14:14:08","slug":"sabado-e-dia-d-da-multivacinacao-em-uba","status":"publish","type":"post","link":"https:\/\/ubanews.com\/site\/2025\/10\/16\/sabado-e-dia-d-da-multivacinacao-em-uba\/","title":{"rendered":"S\u00e1bado \u00e9 Dia D da Multivacina\u00e7\u00e3o em Ub\u00e1!"},"content":{"rendered":"<p>S\u00e1bado \u00e9 Dia D da Multivacina\u00e7\u00e3o em Ub\u00e1!\u00a0Aten\u00e7\u00e3o, pais e respons\u00e1veis! Neste s\u00e1bado, <strong>18 de outubro<\/strong>, acontece o <strong>Dia D da Campanha de Multivacina\u00e7\u00e3o<\/strong> em Ub\u00e1. \u00c9 hora de atualizar a caderneta de vacinas de <strong>crian\u00e7as e adolescentes de at\u00e9 15 anos<\/strong>!<\/p>\n<h3>&#x1f489; S\u00e1bado \u00e9 Dia D da Multivacina\u00e7\u00e3o em Ub\u00e1!<\/h3>\n<p><img decoding=\"async\" class=\"aligncenter size-medium wp-image-23182 lazyload\" data-src=\"https:\/\/ubanews.com\/site\/wp-content\/uploads\/2025\/10\/Fala-Sodre-300x169.jpg\" alt=\"&#x1f489; S\u00e1bado \u00e9 Dia D da Multivacina\u00e7\u00e3o em Ub\u00e1!\" width=\"300\" height=\"169\" data-srcset=\"https:\/\/ubanews.com\/site\/wp-content\/uploads\/2025\/10\/Fala-Sodre-300x169.jpg 300w, https:\/\/ubanews.com\/site\/wp-content\/uploads\/2025\/10\/Fala-Sodre-1024x576.jpg 1024w, https:\/\/ubanews.com\/site\/wp-content\/uploads\/2025\/10\/Fala-Sodre-768x432.jpg 768w, https:\/\/ubanews.com\/site\/wp-content\/uploads\/2025\/10\/Fala-Sodre.jpg 1280w\" data-sizes=\"(max-width: 300px) 100vw, 300px\" src=\"data:image\/svg+xml;base64,PHN2ZyB3aWR0aD0iMSIgaGVpZ2h0PSIxIiB4bWxucz0iaHR0cDovL3d3dy53My5vcmcvMjAwMC9zdmciPjwvc3ZnPg==\" style=\"--smush-placeholder-width: 300px; --smush-placeholder-aspect-ratio: 300\/169;\" \/><\/p>\n<p>&#x1f557; <strong>Hor\u00e1rio:<\/strong> das 8h \u00e0s 14h<br \/>\n&#x1f4cd; <strong>Locais de vacina\u00e7\u00e3o:<\/strong><\/p>\n<ul>\n<li>Unidades de Sa\u00fade: <strong>Pires da Luz, S\u00e3o Jo\u00e3o, Santa Edwiges, S\u00e3o Domingos, S\u00e3o Jos\u00e9 e Ponte Preta<\/strong><\/li>\n<li><strong>Vacim\u00f3vel<\/strong> (Unidade M\u00f3vel): em frente ao <strong>F\u00f3rum Cultural<\/strong>, na Pra\u00e7a S\u00e3o Janu\u00e1rio<\/li>\n<\/ul>\n<p>&#x1f4a1; <strong>Importante:<\/strong> Leve documento pessoal, cart\u00e3o de vacina e cart\u00e3o do SUS.<\/p>\n<p>A a\u00e7\u00e3o faz parte da campanha nacional e segue at\u00e9 o dia <strong>31 de outubro<\/strong>, com todas as vacinas do Calend\u00e1rio Nacional de Vacina\u00e7\u00e3o 2025 dispon\u00edveis.<\/p>\n<p>&#x1f449; N\u00e3o deixe para depois! Vacinar \u00e9 proteger.<br \/>\n<strong>Prefeitura de Ub\u00e1 | Secretaria Municipal de Sa\u00fade<\/strong><\/p>\n","protected":false},"excerpt":{"rendered":"<p>S\u00e1bado \u00e9 Dia D da Multivacina\u00e7\u00e3o em Ub\u00e1!\u00a0Aten\u00e7\u00e3o, pais e<\/p>\n","protected":false},"author":4,"featured_media":23182,"comment_status":"open","ping_status":"open","sticky":false,"template":"","format":"standard","meta":{"footnotes":""},"categories":[1,3],"tags":[59,60,158],"class_list":["post-23181","post","type-post","status-publish","format-standard","has-post-thumbnail","hentry","category-sem-categoria","category-slide","tag-fala-sodre","tag-ubanews","tag-vacinacao"],"yoast_head":"<!-- This site is optimized with the Yoast SEO plugin v27.2 - https:\/\/yoast.com\/product\/yoast-seo-wordpress\/ -->\n<title>S\u00e1bado \u00e9 Dia D da Multivacina\u00e7\u00e3o em Ub\u00e1! - Ub\u00e1 News<\/title>\n<meta name=\"robots\" content=\"index, follow, max-snippet:-1, max-image-preview:large, max-video-preview:-1\" \/>\n<link rel=\"canonical\" href=\"https:\/\/ubanews.com\/site\/2025\/10\/16\/sabado-e-dia-d-da-multivacinacao-em-uba\/\" \/>\n<meta property=\"og:locale\" content=\"pt_BR\" \/>\n<meta property=\"og:type\" content=\"article\" \/>\n<meta property=\"og:title\" content=\"S\u00e1bado \u00e9 Dia D da Multivacina\u00e7\u00e3o em Ub\u00e1! - Ub\u00e1 News\" \/>\n<meta property=\"og:description\" content=\"S\u00e1bado \u00e9 Dia D da Multivacina\u00e7\u00e3o em Ub\u00e1!\u00a0Aten\u00e7\u00e3o, pais e\" \/>\n<meta property=\"og:url\" content=\"https:\/\/ubanews.com\/site\/2025\/10\/16\/sabado-e-dia-d-da-multivacinacao-em-uba\/\" \/>\n<meta property=\"og:site_name\" content=\"Ub\u00e1 News\" \/>\n<meta property=\"article:publisher\" content=\"https:\/\/www.facebook.com\/Ub%c3%a1News-Carlos-Roberto-Sodr%c3%a9-418778301977370\" \/>\n<meta property=\"article:published_time\" content=\"2025-10-16T14:14:08+00:00\" \/>\n<meta property=\"og:image\" content=\"https:\/\/ubanews.com\/site\/wp-content\/uploads\/2025\/10\/Fala-Sodre.jpg\" \/>\n\t<meta property=\"og:image:width\" content=\"1280\" \/>\n\t<meta property=\"og:image:height\" content=\"720\" \/>\n\t<meta property=\"og:image:type\" content=\"image\/jpeg\" \/>\n<meta name=\"author\" content=\"Carlos Roberto Sodr\u00e9\" \/>\n<meta name=\"twitter:card\" content=\"summary_large_image\" \/>\n<meta name=\"twitter:label1\" content=\"Escrito por\" \/>\n\t<meta name=\"twitter:data1\" content=\"Carlos Roberto Sodr\u00e9\" \/>\n\t<meta name=\"twitter:label2\" content=\"Est. tempo de leitura\" \/>\n\t<meta name=\"twitter:data2\" content=\"2 minutos\" \/>\n<script type=\"application\/ld+json\" class=\"yoast-schema-graph\">{\"@context\":\"https:\/\/schema.org\",\"@graph\":[{\"@type\":\"Article\",\"@id\":\"https:\/\/ubanews.com\/site\/2025\/10\/16\/sabado-e-dia-d-da-multivacinacao-em-uba\/#article\",\"isPartOf\":{\"@id\":\"https:\/\/ubanews.com\/site\/2025\/10\/16\/sabado-e-dia-d-da-multivacinacao-em-uba\/\"},\"author\":{\"name\":\"Carlos Roberto Sodr\u00e9\",\"@id\":\"https:\/\/ubanews.com\/site\/#\/schema\/person\/9d8da9ec3c8d00640ab6e8c81e103310\"},\"headline\":\"S\u00e1bado \u00e9 Dia D da Multivacina\u00e7\u00e3o em Ub\u00e1!\",\"datePublished\":\"2025-10-16T14:14:08+00:00\",\"mainEntityOfPage\":{\"@id\":\"https:\/\/ubanews.com\/site\/2025\/10\/16\/sabado-e-dia-d-da-multivacinacao-em-uba\/\"},\"wordCount\":182,\"commentCount\":0,\"publisher\":{\"@id\":\"https:\/\/ubanews.com\/site\/#organization\"},\"image\":{\"@id\":\"https:\/\/ubanews.com\/site\/2025\/10\/16\/sabado-e-dia-d-da-multivacinacao-em-uba\/#primaryimage\"},\"thumbnailUrl\":\"https:\/\/ubanews.com\/site\/wp-content\/uploads\/2025\/10\/Fala-Sodre.jpg\",\"keywords\":[\"Fala Sodr\u00e9\",\"UBANEWS\",\"Vacina\u00e7\u00e3o\"],\"articleSection\":[\"Geral\",\"Slide\"],\"inLanguage\":\"pt-BR\",\"potentialAction\":[{\"@type\":\"CommentAction\",\"name\":\"Comment\",\"target\":[\"https:\/\/ubanews.com\/site\/2025\/10\/16\/sabado-e-dia-d-da-multivacinacao-em-uba\/#respond\"]}]},{\"@type\":\"WebPage\",\"@id\":\"https:\/\/ubanews.com\/site\/2025\/10\/16\/sabado-e-dia-d-da-multivacinacao-em-uba\/\",\"url\":\"https:\/\/ubanews.com\/site\/2025\/10\/16\/sabado-e-dia-d-da-multivacinacao-em-uba\/\",\"name\":\"S\u00e1bado \u00e9 Dia D da Multivacina\u00e7\u00e3o em Ub\u00e1! - Ub\u00e1 News\",\"isPartOf\":{\"@id\":\"https:\/\/ubanews.com\/site\/#website\"},\"primaryImageOfPage\":{\"@id\":\"https:\/\/ubanews.com\/site\/2025\/10\/16\/sabado-e-dia-d-da-multivacinacao-em-uba\/#primaryimage\"},\"image\":{\"@id\":\"https:\/\/ubanews.com\/site\/2025\/10\/16\/sabado-e-dia-d-da-multivacinacao-em-uba\/#primaryimage\"},\"thumbnailUrl\":\"https:\/\/ubanews.com\/site\/wp-content\/uploads\/2025\/10\/Fala-Sodre.jpg\",\"datePublished\":\"2025-10-16T14:14:08+00:00\",\"breadcrumb\":{\"@id\":\"https:\/\/ubanews.com\/site\/2025\/10\/16\/sabado-e-dia-d-da-multivacinacao-em-uba\/#breadcrumb\"},\"inLanguage\":\"pt-BR\",\"potentialAction\":[{\"@type\":\"ReadAction\",\"target\":[\"https:\/\/ubanews.com\/site\/2025\/10\/16\/sabado-e-dia-d-da-multivacinacao-em-uba\/\"]}]},{\"@type\":\"ImageObject\",\"inLanguage\":\"pt-BR\",\"@id\":\"https:\/\/ubanews.com\/site\/2025\/10\/16\/sabado-e-dia-d-da-multivacinacao-em-uba\/#primaryimage\",\"url\":\"https:\/\/ubanews.com\/site\/wp-content\/uploads\/2025\/10\/Fala-Sodre.jpg\",\"contentUrl\":\"https:\/\/ubanews.com\/site\/wp-content\/uploads\/2025\/10\/Fala-Sodre.jpg\",\"width\":1280,\"height\":720},{\"@type\":\"BreadcrumbList\",\"@id\":\"https:\/\/ubanews.com\/site\/2025\/10\/16\/sabado-e-dia-d-da-multivacinacao-em-uba\/#breadcrumb\",\"itemListElement\":[{\"@type\":\"ListItem\",\"position\":1,\"name\":\"Home\",\"item\":\"https:\/\/ubanews.com\/site\/\"},{\"@type\":\"ListItem\",\"position\":2,\"name\":\"S\u00e1bado \u00e9 Dia D da Multivacina\u00e7\u00e3o em Ub\u00e1!\"}]},{\"@type\":\"WebSite\",\"@id\":\"https:\/\/ubanews.com\/site\/#website\",\"url\":\"https:\/\/ubanews.com\/site\/\",\"name\":\"Ub\u00e1 News\",\"description\":\"\",\"publisher\":{\"@id\":\"https:\/\/ubanews.com\/site\/#organization\"},\"potentialAction\":[{\"@type\":\"SearchAction\",\"target\":{\"@type\":\"EntryPoint\",\"urlTemplate\":\"https:\/\/ubanews.com\/site\/?s={search_term_string}\"},\"query-input\":{\"@type\":\"PropertyValueSpecification\",\"valueRequired\":true,\"valueName\":\"search_term_string\"}}],\"inLanguage\":\"pt-BR\"},{\"@type\":\"Organization\",\"@id\":\"https:\/\/ubanews.com\/site\/#organization\",\"name\":\"Ub\u00e1 News\",\"url\":\"https:\/\/ubanews.com\/site\/\",\"logo\":{\"@type\":\"ImageObject\",\"inLanguage\":\"pt-BR\",\"@id\":\"https:\/\/ubanews.com\/site\/#\/schema\/logo\/image\/\",\"url\":\"https:\/\/ubanews.com\/site\/wp-content\/uploads\/2018\/01\/logoubanews.png\",\"contentUrl\":\"https:\/\/ubanews.com\/site\/wp-content\/uploads\/2018\/01\/logoubanews.png\",\"width\":261,\"height\":99,\"caption\":\"Ub\u00e1 News\"},\"image\":{\"@id\":\"https:\/\/ubanews.com\/site\/#\/schema\/logo\/image\/\"},\"sameAs\":[\"https:\/\/www.facebook.com\/Ub\u00e1News-Carlos-Roberto-Sodr\u00e9-418778301977370\"]},{\"@type\":\"Person\",\"@id\":\"https:\/\/ubanews.com\/site\/#\/schema\/person\/9d8da9ec3c8d00640ab6e8c81e103310\",\"name\":\"Carlos Roberto Sodr\u00e9\",\"image\":{\"@type\":\"ImageObject\",\"inLanguage\":\"pt-BR\",\"@id\":\"https:\/\/secure.gravatar.com\/avatar\/aab322e8555b56c468614fafdab8a8f924e394cdc6cfd8232f77e9e4d123a133?s=96&d=mm&r=g\",\"url\":\"https:\/\/secure.gravatar.com\/avatar\/aab322e8555b56c468614fafdab8a8f924e394cdc6cfd8232f77e9e4d123a133?s=96&d=mm&r=g\",\"contentUrl\":\"https:\/\/secure.gravatar.com\/avatar\/aab322e8555b56c468614fafdab8a8f924e394cdc6cfd8232f77e9e4d123a133?s=96&d=mm&r=g\",\"caption\":\"Carlos Roberto Sodr\u00e9\"},\"url\":\"https:\/\/ubanews.com\/site\/author\/sodre\/\"}]}<\/script>\n<!-- \/ Yoast SEO plugin. -->","yoast_head_json":{"title":"S\u00e1bado \u00e9 Dia D da Multivacina\u00e7\u00e3o em Ub\u00e1! - Ub\u00e1 News","robots":{"index":"index","follow":"follow","max-snippet":"max-snippet:-1","max-image-preview":"max-image-preview:large","max-video-preview":"max-video-preview:-1"},"canonical":"https:\/\/ubanews.com\/site\/2025\/10\/16\/sabado-e-dia-d-da-multivacinacao-em-uba\/","og_locale":"pt_BR","og_type":"article","og_title":"S\u00e1bado \u00e9 Dia D da Multivacina\u00e7\u00e3o em Ub\u00e1! - Ub\u00e1 News","og_description":"S\u00e1bado \u00e9 Dia D da Multivacina\u00e7\u00e3o em Ub\u00e1!\u00a0Aten\u00e7\u00e3o, pais e","og_url":"https:\/\/ubanews.com\/site\/2025\/10\/16\/sabado-e-dia-d-da-multivacinacao-em-uba\/","og_site_name":"Ub\u00e1 News","article_publisher":"https:\/\/www.facebook.com\/Ub%c3%a1News-Carlos-Roberto-Sodr%c3%a9-418778301977370","article_published_time":"2025-10-16T14:14:08+00:00","og_image":[{"width":1280,"height":720,"url":"https:\/\/ubanews.com\/site\/wp-content\/uploads\/2025\/10\/Fala-Sodre.jpg","type":"image\/jpeg"}],"author":"Carlos Roberto Sodr\u00e9","twitter_card":"summary_large_image","twitter_misc":{"Escrito por":"Carlos Roberto Sodr\u00e9","Est. tempo de leitura":"2 minutos"},"schema":{"@context":"https:\/\/schema.org","@graph":[{"@type":"Article","@id":"https:\/\/ubanews.com\/site\/2025\/10\/16\/sabado-e-dia-d-da-multivacinacao-em-uba\/#article","isPartOf":{"@id":"https:\/\/ubanews.com\/site\/2025\/10\/16\/sabado-e-dia-d-da-multivacinacao-em-uba\/"},"author":{"name":"Carlos Roberto Sodr\u00e9","@id":"https:\/\/ubanews.com\/site\/#\/schema\/person\/9d8da9ec3c8d00640ab6e8c81e103310"},"headline":"S\u00e1bado \u00e9 Dia D da Multivacina\u00e7\u00e3o em Ub\u00e1!","datePublished":"2025-10-16T14:14:08+00:00","mainEntityOfPage":{"@id":"https:\/\/ubanews.com\/site\/2025\/10\/16\/sabado-e-dia-d-da-multivacinacao-em-uba\/"},"wordCount":182,"commentCount":0,"publisher":{"@id":"https:\/\/ubanews.com\/site\/#organization"},"image":{"@id":"https:\/\/ubanews.com\/site\/2025\/10\/16\/sabado-e-dia-d-da-multivacinacao-em-uba\/#primaryimage"},"thumbnailUrl":"https:\/\/ubanews.com\/site\/wp-content\/uploads\/2025\/10\/Fala-Sodre.jpg","keywords":["Fala Sodr\u00e9","UBANEWS","Vacina\u00e7\u00e3o"],"articleSection":["Geral","Slide"],"inLanguage":"pt-BR","potentialAction":[{"@type":"CommentAction","name":"Comment","target":["https:\/\/ubanews.com\/site\/2025\/10\/16\/sabado-e-dia-d-da-multivacinacao-em-uba\/#respond"]}]},{"@type":"WebPage","@id":"https:\/\/ubanews.com\/site\/2025\/10\/16\/sabado-e-dia-d-da-multivacinacao-em-uba\/","url":"https:\/\/ubanews.com\/site\/2025\/10\/16\/sabado-e-dia-d-da-multivacinacao-em-uba\/","name":"S\u00e1bado \u00e9 Dia D da Multivacina\u00e7\u00e3o em Ub\u00e1! - Ub\u00e1 News","isPartOf":{"@id":"https:\/\/ubanews.com\/site\/#website"},"primaryImageOfPage":{"@id":"https:\/\/ubanews.com\/site\/2025\/10\/16\/sabado-e-dia-d-da-multivacinacao-em-uba\/#primaryimage"},"image":{"@id":"https:\/\/ubanews.com\/site\/2025\/10\/16\/sabado-e-dia-d-da-multivacinacao-em-uba\/#primaryimage"},"thumbnailUrl":"https:\/\/ubanews.com\/site\/wp-content\/uploads\/2025\/10\/Fala-Sodre.jpg","datePublished":"2025-10-16T14:14:08+00:00","breadcrumb":{"@id":"https:\/\/ubanews.com\/site\/2025\/10\/16\/sabado-e-dia-d-da-multivacinacao-em-uba\/#breadcrumb"},"inLanguage":"pt-BR","potentialAction":[{"@type":"ReadAction","target":["https:\/\/ubanews.com\/site\/2025\/10\/16\/sabado-e-dia-d-da-multivacinacao-em-uba\/"]}]},{"@type":"ImageObject","inLanguage":"pt-BR","@id":"https:\/\/ubanews.com\/site\/2025\/10\/16\/sabado-e-dia-d-da-multivacinacao-em-uba\/#primaryimage","url":"https:\/\/ubanews.com\/site\/wp-content\/uploads\/2025\/10\/Fala-Sodre.jpg","contentUrl":"https:\/\/ubanews.com\/site\/wp-content\/uploads\/2025\/10\/Fala-Sodre.jpg","width":1280,"height":720},{"@type":"BreadcrumbList","@id":"https:\/\/ubanews.com\/site\/2025\/10\/16\/sabado-e-dia-d-da-multivacinacao-em-uba\/#breadcrumb","itemListElement":[{"@type":"ListItem","position":1,"name":"Home","item":"https:\/\/ubanews.com\/site\/"},{"@type":"ListItem","position":2,"name":"S\u00e1bado \u00e9 Dia D da Multivacina\u00e7\u00e3o em Ub\u00e1!"}]},{"@type":"WebSite","@id":"https:\/\/ubanews.com\/site\/#website","url":"https:\/\/ubanews.com\/site\/","name":"Ub\u00e1 News","description":"","publisher":{"@id":"https:\/\/ubanews.com\/site\/#organization"},"potentialAction":[{"@type":"SearchAction","target":{"@type":"EntryPoint","urlTemplate":"https:\/\/ubanews.com\/site\/?s={search_term_string}"},"query-input":{"@type":"PropertyValueSpecification","valueRequired":true,"valueName":"search_term_string"}}],"inLanguage":"pt-BR"},{"@type":"Organization","@id":"https:\/\/ubanews.com\/site\/#organization","name":"Ub\u00e1 News","url":"https:\/\/ubanews.com\/site\/","logo":{"@type":"ImageObject","inLanguage":"pt-BR","@id":"https:\/\/ubanews.com\/site\/#\/schema\/logo\/image\/","url":"https:\/\/ubanews.com\/site\/wp-content\/uploads\/2018\/01\/logoubanews.png","contentUrl":"https:\/\/ubanews.com\/site\/wp-content\/uploads\/2018\/01\/logoubanews.png","width":261,"height":99,"caption":"Ub\u00e1 News"},"image":{"@id":"https:\/\/ubanews.com\/site\/#\/schema\/logo\/image\/"},"sameAs":["https:\/\/www.facebook.com\/Ub\u00e1News-Carlos-Roberto-Sodr\u00e9-418778301977370"]},{"@type":"Person","@id":"https:\/\/ubanews.com\/site\/#\/schema\/person\/9d8da9ec3c8d00640ab6e8c81e103310","name":"Carlos Roberto Sodr\u00e9","image":{"@type":"ImageObject","inLanguage":"pt-BR","@id":"https:\/\/secure.gravatar.com\/avatar\/aab322e8555b56c468614fafdab8a8f924e394cdc6cfd8232f77e9e4d123a133?s=96&d=mm&r=g","url":"https:\/\/secure.gravatar.com\/avatar\/aab322e8555b56c468614fafdab8a8f924e394cdc6cfd8232f77e9e4d123a133?s=96&d=mm&r=g","contentUrl":"https:\/\/secure.gravatar.com\/avatar\/aab322e8555b56c468614fafdab8a8f924e394cdc6cfd8232f77e9e4d123a133?s=96&d=mm&r=g","caption":"Carlos Roberto Sodr\u00e9"},"url":"https:\/\/ubanews.com\/site\/author\/sodre\/"}]}},"_links":{"self":[{"href":"https:\/\/ubanews.com\/site\/wp-json\/wp\/v2\/posts\/23181","targetHints":{"allow":["GET"]}}],"collection":[{"href":"https:\/\/ubanews.com\/site\/wp-json\/wp\/v2\/posts"}],"about":[{"href":"https:\/\/ubanews.com\/site\/wp-json\/wp\/v2\/types\/post"}],"author":[{"embeddable":true,"href":"https:\/\/ubanews.com\/site\/wp-json\/wp\/v2\/users\/4"}],"replies":[{"embeddable":true,"href":"https:\/\/ubanews.com\/site\/wp-json\/wp\/v2\/comments?post=23181"}],"version-history":[{"count":0,"href":"https:\/\/ubanews.com\/site\/wp-json\/wp\/v2\/posts\/23181\/revisions"}],"wp:featuredmedia":[{"embeddable":true,"href":"https:\/\/ubanews.com\/site\/wp-json\/wp\/v2\/media\/23182"}],"wp:attachment":[{"href":"https:\/\/ubanews.com\/site\/wp-json\/wp\/v2\/media?parent=23181"}],"wp:term":[{"taxonomy":"category","embeddable":true,"href":"https:\/\/ubanews.com\/site\/wp-json\/wp\/v2\/categories?post=23181"},{"taxonomy":"post_tag","embeddable":true,"href":"https:\/\/ubanews.com\/site\/wp-json\/wp\/v2\/tags?post=23181"}],"curies":[{"name":"wp","href":"https:\/\/api.w.org\/{rel}","templated":true}]}}