{"id":23176,"date":"2025-10-15T09:20:09","date_gmt":"2025-10-15T12:20:09","guid":{"rendered":"https:\/\/ubanews.com\/site\/?p=23176"},"modified":"2025-10-16T11:16:04","modified_gmt":"2025-10-16T14:16:04","slug":"pcmg-deflagra-operacao-red-dot-e-prende-suspeito","status":"publish","type":"post","link":"https:\/\/ubanews.com\/site\/2025\/10\/15\/pcmg-deflagra-operacao-red-dot-e-prende-suspeito\/","title":{"rendered":"PCMG deflagra Opera\u00e7\u00e3o Red Dot e prende suspeito"},"content":{"rendered":"<p>PCMG deflagra Opera\u00e7\u00e3o Red Dot e prende suspeito com drogas, granadas e material ligado ao Comando Vermelho.\u00a0A Pol\u00edcia Civil de Minas Gerais (PCMG), por meio da Delegacia Especializada de Repress\u00e3o ao Narcotr\u00e1fico de Ub\u00e1, deu cumprimento, nesta ter\u00e7a-feira (14\/10), a mandado de busca e apreens\u00e3o no \u00e2mbito da Opera\u00e7\u00e3o RED DOT, que visa desarticular n\u00facleos operacionais da organiza\u00e7\u00e3o criminosa conhecida como Comando Vermelho.<\/p>\n<p><img decoding=\"async\" class=\"aligncenter size-medium wp-image-23177 lazyload\" data-src=\"https:\/\/ubanews.com\/site\/wp-content\/uploads\/2025\/10\/Fala-Sodre-Policia-Militar-300x300.jpg\" alt=\"Pol\u00edcia Civil\" width=\"300\" height=\"300\" data-srcset=\"https:\/\/ubanews.com\/site\/wp-content\/uploads\/2025\/10\/Fala-Sodre-Policia-Militar-300x300.jpg 300w, https:\/\/ubanews.com\/site\/wp-content\/uploads\/2025\/10\/Fala-Sodre-Policia-Militar-1024x1024.jpg 1024w, https:\/\/ubanews.com\/site\/wp-content\/uploads\/2025\/10\/Fala-Sodre-Policia-Militar-150x150.jpg 150w, https:\/\/ubanews.com\/site\/wp-content\/uploads\/2025\/10\/Fala-Sodre-Policia-Militar-768x768.jpg 768w, https:\/\/ubanews.com\/site\/wp-content\/uploads\/2025\/10\/Fala-Sodre-Policia-Militar-600x600.jpg 600w, https:\/\/ubanews.com\/site\/wp-content\/uploads\/2025\/10\/Fala-Sodre-Policia-Militar.jpg 1280w\" data-sizes=\"(max-width: 300px) 100vw, 300px\" src=\"data:image\/svg+xml;base64,PHN2ZyB3aWR0aD0iMSIgaGVpZ2h0PSIxIiB4bWxucz0iaHR0cDovL3d3dy53My5vcmcvMjAwMC9zdmciPjwvc3ZnPg==\" style=\"--smush-placeholder-width: 300px; --smush-placeholder-aspect-ratio: 300\/300;\" \/> <img decoding=\"async\" class=\"aligncenter size-medium wp-image-23178 lazyload\" data-src=\"https:\/\/ubanews.com\/site\/wp-content\/uploads\/2025\/10\/Fala-Sodre-Policia-Militar-1-225x300.jpg\" alt=\"\" width=\"225\" height=\"300\" data-srcset=\"https:\/\/ubanews.com\/site\/wp-content\/uploads\/2025\/10\/Fala-Sodre-Policia-Militar-1-225x300.jpg 225w, https:\/\/ubanews.com\/site\/wp-content\/uploads\/2025\/10\/Fala-Sodre-Policia-Militar-1-768x1024.jpg 768w, https:\/\/ubanews.com\/site\/wp-content\/uploads\/2025\/10\/Fala-Sodre-Policia-Militar-1.jpg 960w\" data-sizes=\"(max-width: 225px) 100vw, 225px\" src=\"data:image\/svg+xml;base64,PHN2ZyB3aWR0aD0iMSIgaGVpZ2h0PSIxIiB4bWxucz0iaHR0cDovL3d3dy53My5vcmcvMjAwMC9zdmciPjwvc3ZnPg==\" style=\"--smush-placeholder-width: 225px; --smush-placeholder-aspect-ratio: 225\/300;\" \/> <img decoding=\"async\" class=\"aligncenter size-medium wp-image-23179 lazyload\" data-src=\"https:\/\/ubanews.com\/site\/wp-content\/uploads\/2025\/10\/Fala-Sodre-Policia-Militar-2-300x225.jpg\" alt=\"Pol\u00edcia Civil\" width=\"300\" height=\"225\" data-srcset=\"https:\/\/ubanews.com\/site\/wp-content\/uploads\/2025\/10\/Fala-Sodre-Policia-Militar-2-300x225.jpg 300w, https:\/\/ubanews.com\/site\/wp-content\/uploads\/2025\/10\/Fala-Sodre-Policia-Militar-2-1024x768.jpg 1024w, https:\/\/ubanews.com\/site\/wp-content\/uploads\/2025\/10\/Fala-Sodre-Policia-Militar-2-768x576.jpg 768w, https:\/\/ubanews.com\/site\/wp-content\/uploads\/2025\/10\/Fala-Sodre-Policia-Militar-2.jpg 1280w\" data-sizes=\"(max-width: 300px) 100vw, 300px\" src=\"data:image\/svg+xml;base64,PHN2ZyB3aWR0aD0iMSIgaGVpZ2h0PSIxIiB4bWxucz0iaHR0cDovL3d3dy53My5vcmcvMjAwMC9zdmciPjwvc3ZnPg==\" style=\"--smush-placeholder-width: 300px; --smush-placeholder-aspect-ratio: 300\/225;\" \/><\/p>\n<p>A a\u00e7\u00e3o ocorrida no bairro Peluso, em Ub\u00e1-MG, resultou na pris\u00e3o de um homem de 18 anos, investigado por envolvimento direto com o tr\u00e1fico de drogas e associa\u00e7\u00e3o criminosa. O suspeito foi localizado em sua resid\u00eancia, onde, em cumprimento \u00e0 medida cautelar, foram apreendidos:<\/p>\n<p>* 06 Barras e 02 tabletes de maconha,<br \/>\n* 05 Por\u00e7\u00f5es de coca\u00edna em formato esf\u00e9rico,<br \/>\n* 02 granadas de uso restrito,<br \/>\n* Pinos para embalo de entorpecentes,<br \/>\n* Um simulacro de arma de fogo,<br \/>\n* Al\u00e9m de an\u00e9is com as iniciais \u201cG.B.\u201d e \u201cC.V.\u201d, este \u00faltimo fazendo alus\u00e3o \u00e0 fac\u00e7\u00e3o criminosa.<\/p>\n<p>De acordo com o Delegado Douglas Mota, \u201ca mensagem \u00e9 clara: quem insiste em levantar a bandeira do crime organizado em Ub\u00e1 e regi\u00e3o ser\u00e1 combatido com toda a for\u00e7a da lei. N\u00e3o vamos permitir que fac\u00e7\u00f5es criminosas se enra\u00edzem em Minas Gerais. Este \u00e9 apenas mais um passo de uma ofensiva permanente contra esses grupos\u201d, afirmou o delegado, respons\u00e1vel pelas investiga\u00e7\u00f5es<\/p>\n<p>As apreens\u00f5es realizadas representam um preju\u00edzo estimado em R$ 100.000,00 \u00e0 organiza\u00e7\u00e3o criminosa, considerando o valor de revenda dos entorpecentes e o armamento localizado.<\/p>\n<p>O suspeito confirmou, em entrevista informal, seu &#8220;batizado&#8221; no Comando Vermelho h\u00e1 aproximadamente dois meses, refor\u00e7ando os ind\u00edcios de sua liga\u00e7\u00e3o com a fac\u00e7\u00e3o. Ele foi conduzido ao sistema prisional, onde se encontra \u00e0 disposi\u00e7\u00e3o da justi\u00e7a.<\/p>\n<p>A Pol\u00edcia Civil de Minas Gerais reafirma seu compromisso com o combate ao crime organizado e segue atuando de forma estrat\u00e9gica e integrada para desarticular c\u00e9lulas criminosas que operam\u00a0no\u00a0estado.<\/p>\n","protected":false},"excerpt":{"rendered":"<p>PCMG deflagra Opera\u00e7\u00e3o Red Dot e prende suspeito com drogas,<\/p>\n","protected":false},"author":4,"featured_media":23178,"comment_status":"open","ping_status":"open","sticky":false,"template":"","format":"standard","meta":{"footnotes":""},"categories":[1],"tags":[],"class_list":["post-23176","post","type-post","status-publish","format-standard","has-post-thumbnail","hentry","category-sem-categoria"],"yoast_head":"<!-- This site is optimized with the Yoast SEO plugin v27.2 - https:\/\/yoast.com\/product\/yoast-seo-wordpress\/ -->\n<title>PCMG deflagra Opera\u00e7\u00e3o Red Dot e prende suspeito - Ub\u00e1 News<\/title>\n<meta name=\"description\" content=\"PCMG deflagra Opera\u00e7\u00e3o Red Dot e prende suspeito com drogas, granadas e material ligado ao Comando Vermelho.\" \/>\n<meta name=\"robots\" content=\"index, follow, max-snippet:-1, max-image-preview:large, max-video-preview:-1\" \/>\n<link rel=\"canonical\" href=\"https:\/\/ubanews.com\/site\/2025\/10\/15\/pcmg-deflagra-operacao-red-dot-e-prende-suspeito\/\" \/>\n<meta property=\"og:locale\" content=\"pt_BR\" \/>\n<meta property=\"og:type\" content=\"article\" \/>\n<meta property=\"og:title\" content=\"PCMG deflagra Opera\u00e7\u00e3o Red Dot e prende suspeito - Ub\u00e1 News\" \/>\n<meta property=\"og:description\" content=\"PCMG deflagra Opera\u00e7\u00e3o Red Dot e prende suspeito com drogas, granadas e material ligado ao Comando Vermelho.\" \/>\n<meta property=\"og:url\" content=\"https:\/\/ubanews.com\/site\/2025\/10\/15\/pcmg-deflagra-operacao-red-dot-e-prende-suspeito\/\" \/>\n<meta property=\"og:site_name\" content=\"Ub\u00e1 News\" \/>\n<meta property=\"article:publisher\" content=\"https:\/\/www.facebook.com\/Ub%c3%a1News-Carlos-Roberto-Sodr%c3%a9-418778301977370\" \/>\n<meta property=\"article:published_time\" content=\"2025-10-15T12:20:09+00:00\" \/>\n<meta property=\"article:modified_time\" content=\"2025-10-16T14:16:04+00:00\" \/>\n<meta property=\"og:image\" content=\"https:\/\/ubanews.com\/site\/wp-content\/uploads\/2025\/10\/Fala-Sodre-Policia-Militar-1.jpg\" \/>\n\t<meta property=\"og:image:width\" content=\"960\" \/>\n\t<meta property=\"og:image:height\" content=\"1280\" \/>\n\t<meta property=\"og:image:type\" content=\"image\/jpeg\" \/>\n<meta name=\"author\" content=\"Carlos Roberto Sodr\u00e9\" \/>\n<meta name=\"twitter:card\" content=\"summary_large_image\" \/>\n<meta name=\"twitter:label1\" content=\"Escrito por\" \/>\n\t<meta name=\"twitter:data1\" content=\"Carlos Roberto Sodr\u00e9\" \/>\n\t<meta name=\"twitter:label2\" content=\"Est. tempo de leitura\" \/>\n\t<meta name=\"twitter:data2\" content=\"3 minutos\" \/>\n<script type=\"application\/ld+json\" class=\"yoast-schema-graph\">{\"@context\":\"https:\/\/schema.org\",\"@graph\":[{\"@type\":\"Article\",\"@id\":\"https:\/\/ubanews.com\/site\/2025\/10\/15\/pcmg-deflagra-operacao-red-dot-e-prende-suspeito\/#article\",\"isPartOf\":{\"@id\":\"https:\/\/ubanews.com\/site\/2025\/10\/15\/pcmg-deflagra-operacao-red-dot-e-prende-suspeito\/\"},\"author\":{\"name\":\"Carlos Roberto Sodr\u00e9\",\"@id\":\"https:\/\/ubanews.com\/site\/#\/schema\/person\/9d8da9ec3c8d00640ab6e8c81e103310\"},\"headline\":\"PCMG deflagra Opera\u00e7\u00e3o Red Dot e prende suspeito\",\"datePublished\":\"2025-10-15T12:20:09+00:00\",\"dateModified\":\"2025-10-16T14:16:04+00:00\",\"mainEntityOfPage\":{\"@id\":\"https:\/\/ubanews.com\/site\/2025\/10\/15\/pcmg-deflagra-operacao-red-dot-e-prende-suspeito\/\"},\"wordCount\":347,\"commentCount\":0,\"publisher\":{\"@id\":\"https:\/\/ubanews.com\/site\/#organization\"},\"image\":{\"@id\":\"https:\/\/ubanews.com\/site\/2025\/10\/15\/pcmg-deflagra-operacao-red-dot-e-prende-suspeito\/#primaryimage\"},\"thumbnailUrl\":\"https:\/\/ubanews.com\/site\/wp-content\/uploads\/2025\/10\/Fala-Sodre-Policia-Militar-1.jpg\",\"articleSection\":[\"Geral\"],\"inLanguage\":\"pt-BR\",\"potentialAction\":[{\"@type\":\"CommentAction\",\"name\":\"Comment\",\"target\":[\"https:\/\/ubanews.com\/site\/2025\/10\/15\/pcmg-deflagra-operacao-red-dot-e-prende-suspeito\/#respond\"]}]},{\"@type\":\"WebPage\",\"@id\":\"https:\/\/ubanews.com\/site\/2025\/10\/15\/pcmg-deflagra-operacao-red-dot-e-prende-suspeito\/\",\"url\":\"https:\/\/ubanews.com\/site\/2025\/10\/15\/pcmg-deflagra-operacao-red-dot-e-prende-suspeito\/\",\"name\":\"PCMG deflagra Opera\u00e7\u00e3o Red Dot e prende suspeito - Ub\u00e1 News\",\"isPartOf\":{\"@id\":\"https:\/\/ubanews.com\/site\/#website\"},\"primaryImageOfPage\":{\"@id\":\"https:\/\/ubanews.com\/site\/2025\/10\/15\/pcmg-deflagra-operacao-red-dot-e-prende-suspeito\/#primaryimage\"},\"image\":{\"@id\":\"https:\/\/ubanews.com\/site\/2025\/10\/15\/pcmg-deflagra-operacao-red-dot-e-prende-suspeito\/#primaryimage\"},\"thumbnailUrl\":\"https:\/\/ubanews.com\/site\/wp-content\/uploads\/2025\/10\/Fala-Sodre-Policia-Militar-1.jpg\",\"datePublished\":\"2025-10-15T12:20:09+00:00\",\"dateModified\":\"2025-10-16T14:16:04+00:00\",\"description\":\"PCMG deflagra Opera\u00e7\u00e3o Red Dot e prende suspeito com drogas, granadas e material ligado ao Comando Vermelho.\",\"breadcrumb\":{\"@id\":\"https:\/\/ubanews.com\/site\/2025\/10\/15\/pcmg-deflagra-operacao-red-dot-e-prende-suspeito\/#breadcrumb\"},\"inLanguage\":\"pt-BR\",\"potentialAction\":[{\"@type\":\"ReadAction\",\"target\":[\"https:\/\/ubanews.com\/site\/2025\/10\/15\/pcmg-deflagra-operacao-red-dot-e-prende-suspeito\/\"]}]},{\"@type\":\"ImageObject\",\"inLanguage\":\"pt-BR\",\"@id\":\"https:\/\/ubanews.com\/site\/2025\/10\/15\/pcmg-deflagra-operacao-red-dot-e-prende-suspeito\/#primaryimage\",\"url\":\"https:\/\/ubanews.com\/site\/wp-content\/uploads\/2025\/10\/Fala-Sodre-Policia-Militar-1.jpg\",\"contentUrl\":\"https:\/\/ubanews.com\/site\/wp-content\/uploads\/2025\/10\/Fala-Sodre-Policia-Militar-1.jpg\",\"width\":960,\"height\":1280,\"caption\":\"Pol\u00edcia Civil\"},{\"@type\":\"BreadcrumbList\",\"@id\":\"https:\/\/ubanews.com\/site\/2025\/10\/15\/pcmg-deflagra-operacao-red-dot-e-prende-suspeito\/#breadcrumb\",\"itemListElement\":[{\"@type\":\"ListItem\",\"position\":1,\"name\":\"Home\",\"item\":\"https:\/\/ubanews.com\/site\/\"},{\"@type\":\"ListItem\",\"position\":2,\"name\":\"PCMG deflagra Opera\u00e7\u00e3o Red Dot e prende suspeito\"}]},{\"@type\":\"WebSite\",\"@id\":\"https:\/\/ubanews.com\/site\/#website\",\"url\":\"https:\/\/ubanews.com\/site\/\",\"name\":\"Ub\u00e1 News\",\"description\":\"\",\"publisher\":{\"@id\":\"https:\/\/ubanews.com\/site\/#organization\"},\"potentialAction\":[{\"@type\":\"SearchAction\",\"target\":{\"@type\":\"EntryPoint\",\"urlTemplate\":\"https:\/\/ubanews.com\/site\/?s={search_term_string}\"},\"query-input\":{\"@type\":\"PropertyValueSpecification\",\"valueRequired\":true,\"valueName\":\"search_term_string\"}}],\"inLanguage\":\"pt-BR\"},{\"@type\":\"Organization\",\"@id\":\"https:\/\/ubanews.com\/site\/#organization\",\"name\":\"Ub\u00e1 News\",\"url\":\"https:\/\/ubanews.com\/site\/\",\"logo\":{\"@type\":\"ImageObject\",\"inLanguage\":\"pt-BR\",\"@id\":\"https:\/\/ubanews.com\/site\/#\/schema\/logo\/image\/\",\"url\":\"https:\/\/ubanews.com\/site\/wp-content\/uploads\/2018\/01\/logoubanews.png\",\"contentUrl\":\"https:\/\/ubanews.com\/site\/wp-content\/uploads\/2018\/01\/logoubanews.png\",\"width\":261,\"height\":99,\"caption\":\"Ub\u00e1 News\"},\"image\":{\"@id\":\"https:\/\/ubanews.com\/site\/#\/schema\/logo\/image\/\"},\"sameAs\":[\"https:\/\/www.facebook.com\/Ub\u00e1News-Carlos-Roberto-Sodr\u00e9-418778301977370\"]},{\"@type\":\"Person\",\"@id\":\"https:\/\/ubanews.com\/site\/#\/schema\/person\/9d8da9ec3c8d00640ab6e8c81e103310\",\"name\":\"Carlos Roberto Sodr\u00e9\",\"image\":{\"@type\":\"ImageObject\",\"inLanguage\":\"pt-BR\",\"@id\":\"https:\/\/secure.gravatar.com\/avatar\/aab322e8555b56c468614fafdab8a8f924e394cdc6cfd8232f77e9e4d123a133?s=96&d=mm&r=g\",\"url\":\"https:\/\/secure.gravatar.com\/avatar\/aab322e8555b56c468614fafdab8a8f924e394cdc6cfd8232f77e9e4d123a133?s=96&d=mm&r=g\",\"contentUrl\":\"https:\/\/secure.gravatar.com\/avatar\/aab322e8555b56c468614fafdab8a8f924e394cdc6cfd8232f77e9e4d123a133?s=96&d=mm&r=g\",\"caption\":\"Carlos Roberto Sodr\u00e9\"},\"url\":\"https:\/\/ubanews.com\/site\/author\/sodre\/\"}]}<\/script>\n<!-- \/ Yoast SEO plugin. -->","yoast_head_json":{"title":"PCMG deflagra Opera\u00e7\u00e3o Red Dot e prende suspeito - Ub\u00e1 News","description":"PCMG deflagra Opera\u00e7\u00e3o Red Dot e prende suspeito com drogas, granadas e material ligado ao Comando Vermelho.","robots":{"index":"index","follow":"follow","max-snippet":"max-snippet:-1","max-image-preview":"max-image-preview:large","max-video-preview":"max-video-preview:-1"},"canonical":"https:\/\/ubanews.com\/site\/2025\/10\/15\/pcmg-deflagra-operacao-red-dot-e-prende-suspeito\/","og_locale":"pt_BR","og_type":"article","og_title":"PCMG deflagra Opera\u00e7\u00e3o Red Dot e prende suspeito - Ub\u00e1 News","og_description":"PCMG deflagra Opera\u00e7\u00e3o Red Dot e prende suspeito com drogas, granadas e material ligado ao Comando Vermelho.","og_url":"https:\/\/ubanews.com\/site\/2025\/10\/15\/pcmg-deflagra-operacao-red-dot-e-prende-suspeito\/","og_site_name":"Ub\u00e1 News","article_publisher":"https:\/\/www.facebook.com\/Ub%c3%a1News-Carlos-Roberto-Sodr%c3%a9-418778301977370","article_published_time":"2025-10-15T12:20:09+00:00","article_modified_time":"2025-10-16T14:16:04+00:00","og_image":[{"width":960,"height":1280,"url":"https:\/\/ubanews.com\/site\/wp-content\/uploads\/2025\/10\/Fala-Sodre-Policia-Militar-1.jpg","type":"image\/jpeg"}],"author":"Carlos Roberto Sodr\u00e9","twitter_card":"summary_large_image","twitter_misc":{"Escrito por":"Carlos Roberto Sodr\u00e9","Est. tempo de leitura":"3 minutos"},"schema":{"@context":"https:\/\/schema.org","@graph":[{"@type":"Article","@id":"https:\/\/ubanews.com\/site\/2025\/10\/15\/pcmg-deflagra-operacao-red-dot-e-prende-suspeito\/#article","isPartOf":{"@id":"https:\/\/ubanews.com\/site\/2025\/10\/15\/pcmg-deflagra-operacao-red-dot-e-prende-suspeito\/"},"author":{"name":"Carlos Roberto Sodr\u00e9","@id":"https:\/\/ubanews.com\/site\/#\/schema\/person\/9d8da9ec3c8d00640ab6e8c81e103310"},"headline":"PCMG deflagra Opera\u00e7\u00e3o Red Dot e prende suspeito","datePublished":"2025-10-15T12:20:09+00:00","dateModified":"2025-10-16T14:16:04+00:00","mainEntityOfPage":{"@id":"https:\/\/ubanews.com\/site\/2025\/10\/15\/pcmg-deflagra-operacao-red-dot-e-prende-suspeito\/"},"wordCount":347,"commentCount":0,"publisher":{"@id":"https:\/\/ubanews.com\/site\/#organization"},"image":{"@id":"https:\/\/ubanews.com\/site\/2025\/10\/15\/pcmg-deflagra-operacao-red-dot-e-prende-suspeito\/#primaryimage"},"thumbnailUrl":"https:\/\/ubanews.com\/site\/wp-content\/uploads\/2025\/10\/Fala-Sodre-Policia-Militar-1.jpg","articleSection":["Geral"],"inLanguage":"pt-BR","potentialAction":[{"@type":"CommentAction","name":"Comment","target":["https:\/\/ubanews.com\/site\/2025\/10\/15\/pcmg-deflagra-operacao-red-dot-e-prende-suspeito\/#respond"]}]},{"@type":"WebPage","@id":"https:\/\/ubanews.com\/site\/2025\/10\/15\/pcmg-deflagra-operacao-red-dot-e-prende-suspeito\/","url":"https:\/\/ubanews.com\/site\/2025\/10\/15\/pcmg-deflagra-operacao-red-dot-e-prende-suspeito\/","name":"PCMG deflagra Opera\u00e7\u00e3o Red Dot e prende suspeito - Ub\u00e1 News","isPartOf":{"@id":"https:\/\/ubanews.com\/site\/#website"},"primaryImageOfPage":{"@id":"https:\/\/ubanews.com\/site\/2025\/10\/15\/pcmg-deflagra-operacao-red-dot-e-prende-suspeito\/#primaryimage"},"image":{"@id":"https:\/\/ubanews.com\/site\/2025\/10\/15\/pcmg-deflagra-operacao-red-dot-e-prende-suspeito\/#primaryimage"},"thumbnailUrl":"https:\/\/ubanews.com\/site\/wp-content\/uploads\/2025\/10\/Fala-Sodre-Policia-Militar-1.jpg","datePublished":"2025-10-15T12:20:09+00:00","dateModified":"2025-10-16T14:16:04+00:00","description":"PCMG deflagra Opera\u00e7\u00e3o Red Dot e prende suspeito com drogas, granadas e material ligado ao Comando Vermelho.","breadcrumb":{"@id":"https:\/\/ubanews.com\/site\/2025\/10\/15\/pcmg-deflagra-operacao-red-dot-e-prende-suspeito\/#breadcrumb"},"inLanguage":"pt-BR","potentialAction":[{"@type":"ReadAction","target":["https:\/\/ubanews.com\/site\/2025\/10\/15\/pcmg-deflagra-operacao-red-dot-e-prende-suspeito\/"]}]},{"@type":"ImageObject","inLanguage":"pt-BR","@id":"https:\/\/ubanews.com\/site\/2025\/10\/15\/pcmg-deflagra-operacao-red-dot-e-prende-suspeito\/#primaryimage","url":"https:\/\/ubanews.com\/site\/wp-content\/uploads\/2025\/10\/Fala-Sodre-Policia-Militar-1.jpg","contentUrl":"https:\/\/ubanews.com\/site\/wp-content\/uploads\/2025\/10\/Fala-Sodre-Policia-Militar-1.jpg","width":960,"height":1280,"caption":"Pol\u00edcia Civil"},{"@type":"BreadcrumbList","@id":"https:\/\/ubanews.com\/site\/2025\/10\/15\/pcmg-deflagra-operacao-red-dot-e-prende-suspeito\/#breadcrumb","itemListElement":[{"@type":"ListItem","position":1,"name":"Home","item":"https:\/\/ubanews.com\/site\/"},{"@type":"ListItem","position":2,"name":"PCMG deflagra Opera\u00e7\u00e3o Red Dot e prende suspeito"}]},{"@type":"WebSite","@id":"https:\/\/ubanews.com\/site\/#website","url":"https:\/\/ubanews.com\/site\/","name":"Ub\u00e1 News","description":"","publisher":{"@id":"https:\/\/ubanews.com\/site\/#organization"},"potentialAction":[{"@type":"SearchAction","target":{"@type":"EntryPoint","urlTemplate":"https:\/\/ubanews.com\/site\/?s={search_term_string}"},"query-input":{"@type":"PropertyValueSpecification","valueRequired":true,"valueName":"search_term_string"}}],"inLanguage":"pt-BR"},{"@type":"Organization","@id":"https:\/\/ubanews.com\/site\/#organization","name":"Ub\u00e1 News","url":"https:\/\/ubanews.com\/site\/","logo":{"@type":"ImageObject","inLanguage":"pt-BR","@id":"https:\/\/ubanews.com\/site\/#\/schema\/logo\/image\/","url":"https:\/\/ubanews.com\/site\/wp-content\/uploads\/2018\/01\/logoubanews.png","contentUrl":"https:\/\/ubanews.com\/site\/wp-content\/uploads\/2018\/01\/logoubanews.png","width":261,"height":99,"caption":"Ub\u00e1 News"},"image":{"@id":"https:\/\/ubanews.com\/site\/#\/schema\/logo\/image\/"},"sameAs":["https:\/\/www.facebook.com\/Ub\u00e1News-Carlos-Roberto-Sodr\u00e9-418778301977370"]},{"@type":"Person","@id":"https:\/\/ubanews.com\/site\/#\/schema\/person\/9d8da9ec3c8d00640ab6e8c81e103310","name":"Carlos Roberto Sodr\u00e9","image":{"@type":"ImageObject","inLanguage":"pt-BR","@id":"https:\/\/secure.gravatar.com\/avatar\/aab322e8555b56c468614fafdab8a8f924e394cdc6cfd8232f77e9e4d123a133?s=96&d=mm&r=g","url":"https:\/\/secure.gravatar.com\/avatar\/aab322e8555b56c468614fafdab8a8f924e394cdc6cfd8232f77e9e4d123a133?s=96&d=mm&r=g","contentUrl":"https:\/\/secure.gravatar.com\/avatar\/aab322e8555b56c468614fafdab8a8f924e394cdc6cfd8232f77e9e4d123a133?s=96&d=mm&r=g","caption":"Carlos Roberto Sodr\u00e9"},"url":"https:\/\/ubanews.com\/site\/author\/sodre\/"}]}},"_links":{"self":[{"href":"https:\/\/ubanews.com\/site\/wp-json\/wp\/v2\/posts\/23176","targetHints":{"allow":["GET"]}}],"collection":[{"href":"https:\/\/ubanews.com\/site\/wp-json\/wp\/v2\/posts"}],"about":[{"href":"https:\/\/ubanews.com\/site\/wp-json\/wp\/v2\/types\/post"}],"author":[{"embeddable":true,"href":"https:\/\/ubanews.com\/site\/wp-json\/wp\/v2\/users\/4"}],"replies":[{"embeddable":true,"href":"https:\/\/ubanews.com\/site\/wp-json\/wp\/v2\/comments?post=23176"}],"version-history":[{"count":0,"href":"https:\/\/ubanews.com\/site\/wp-json\/wp\/v2\/posts\/23176\/revisions"}],"wp:featuredmedia":[{"embeddable":true,"href":"https:\/\/ubanews.com\/site\/wp-json\/wp\/v2\/media\/23178"}],"wp:attachment":[{"href":"https:\/\/ubanews.com\/site\/wp-json\/wp\/v2\/media?parent=23176"}],"wp:term":[{"taxonomy":"category","embeddable":true,"href":"https:\/\/ubanews.com\/site\/wp-json\/wp\/v2\/categories?post=23176"},{"taxonomy":"post_tag","embeddable":true,"href":"https:\/\/ubanews.com\/site\/wp-json\/wp\/v2\/tags?post=23176"}],"curies":[{"name":"wp","href":"https:\/\/api.w.org\/{rel}","templated":true}]}}