{"id":23173,"date":"2025-10-15T08:22:41","date_gmt":"2025-10-15T11:22:41","guid":{"rendered":"https:\/\/ubanews.com\/site\/?p=23173"},"modified":"2025-10-15T08:22:41","modified_gmt":"2025-10-15T11:22:41","slug":"luzia-moniz-fala-sobre-cultura-africana","status":"publish","type":"post","link":"https:\/\/ubanews.com\/site\/2025\/10\/15\/luzia-moniz-fala-sobre-cultura-africana\/","title":{"rendered":"Luzia Moniz fala sobre cultura africana"},"content":{"rendered":"<p data-start=\"686\" data-end=\"812\">Luzia Moniz fala sobre cultura africana, identidade e liberdade em entrevista com o professor Jos\u00e9 do Carmo. Em mais uma edi\u00e7\u00e3o do <strong data-start=\"836\" data-end=\"856\">Canal Fala Sodr\u00e9<\/strong>, o rep\u00f3rter <strong data-start=\"869\" data-end=\"893\">Carlos Roberto Sodr\u00e9<\/strong> recebeu o <strong data-start=\"904\" data-end=\"931\">professor Jos\u00e9 do Carmo<\/strong> e a <strong data-start=\"936\" data-end=\"983\">jornalista e escritora angolana Luzia Moniz<\/strong> para uma conversa profunda sobre <strong data-start=\"1017\" data-end=\"1061\">cultura, identidade africana e liberdade<\/strong>. A entrevista trouxe reflex\u00f5es sobre o papel da mulher africana, os desafios do s\u00e9culo digital e a necessidade de reconectar o Brasil e a \u00c1frica por meio da cultura e da educa\u00e7\u00e3o.<\/p>\n<h3 data-start=\"686\" data-end=\"812\">&#x1f30d; Fala Sodr\u00e9: Luzia Moniz fala sobre cultura africana, identidade e liberdade em entrevista com o professor Jos\u00e9 do Carmo<\/h3>\n<p><a href=\"https:\/\/www.youtube.com\/live\/eHvrQwW8oZs?si=b6fu2jRl7jzzar9s\" target=\"_blank\" rel=\"noopener\"><img decoding=\"async\" class=\"aligncenter size-medium wp-image-23174 lazyload\" data-src=\"https:\/\/ubanews.com\/site\/wp-content\/uploads\/2025\/10\/Fala-Sodre-Luzia-Moniz-fala-sobre-cultura-africana-300x158.jpg\" alt=\"Fala Sodr\u00e9\" width=\"300\" height=\"158\" data-srcset=\"https:\/\/ubanews.com\/site\/wp-content\/uploads\/2025\/10\/Fala-Sodre-Luzia-Moniz-fala-sobre-cultura-africana-300x158.jpg 300w, https:\/\/ubanews.com\/site\/wp-content\/uploads\/2025\/10\/Fala-Sodre-Luzia-Moniz-fala-sobre-cultura-africana-1024x541.jpg 1024w, https:\/\/ubanews.com\/site\/wp-content\/uploads\/2025\/10\/Fala-Sodre-Luzia-Moniz-fala-sobre-cultura-africana-768x406.jpg 768w, https:\/\/ubanews.com\/site\/wp-content\/uploads\/2025\/10\/Fala-Sodre-Luzia-Moniz-fala-sobre-cultura-africana.jpg 1365w\" data-sizes=\"(max-width: 300px) 100vw, 300px\" src=\"data:image\/svg+xml;base64,PHN2ZyB3aWR0aD0iMSIgaGVpZ2h0PSIxIiB4bWxucz0iaHR0cDovL3d3dy53My5vcmcvMjAwMC9zdmciPjwvc3ZnPg==\" style=\"--smush-placeholder-width: 300px; --smush-placeholder-aspect-ratio: 300\/158;\" \/><\/a><\/p>\n<p data-start=\"1243\" data-end=\"1490\">Com imagens captadas por <strong data-start=\"1268\" data-end=\"1283\">Laisa Sodr\u00e9<\/strong> e gera\u00e7\u00e3o de conte\u00fado de <strong data-start=\"1309\" data-end=\"1328\">Pedro Henriques<\/strong>, da <strong data-start=\"1333\" data-end=\"1348\">INDICCA.COM<\/strong>, o encontro emocionou pela for\u00e7a das palavras e pela sensibilidade com que Luzia abordou temas universais \u2014 liberdade, dignidade e igualdade.<\/p>\n<hr data-start=\"1492\" data-end=\"1495\" \/>\n<h3 data-start=\"1497\" data-end=\"1549\">&#x270a; Liberdade com identidade: um princ\u00edpio de vida<\/h3>\n<p data-start=\"1551\" data-end=\"1629\">Logo no in\u00edcio da entrevista, <strong data-start=\"1581\" data-end=\"1596\">Luzia Moniz<\/strong> deixou claro um de seus lemas:<\/p>\n<blockquote data-start=\"1630\" data-end=\"1725\">\n<p data-start=\"1632\" data-end=\"1725\">\u201cEu n\u00e3o acredito na liberdade sem identidade. Ningu\u00e9m \u00e9 livre se n\u00e3o puder viver dignamente.\u201d<\/p>\n<\/blockquote>\n<p data-start=\"1727\" data-end=\"2081\">Essa vis\u00e3o acompanha toda a sua trajet\u00f3ria como <strong data-start=\"1775\" data-end=\"1811\">jornalista, ativista e escritora<\/strong>. Para Luzia, falar de liberdade \u00e9 falar de pertencimento. \u00c9 lembrar que a verdadeira independ\u00eancia dos povos africanos ainda depende da afirma\u00e7\u00e3o de suas culturas, da valoriza\u00e7\u00e3o de suas mulheres e da inclus\u00e3o da di\u00e1spora nos projetos pol\u00edticos e sociais do continente.<\/p>\n<hr data-start=\"2083\" data-end=\"2086\" \/>\n<h3 data-start=\"2088\" data-end=\"2155\">&#x1f4a1; A for\u00e7a das mulheres africanas e o desafio do s\u00e9culo digital<\/h3>\n<p data-start=\"2157\" data-end=\"2399\">Al\u00e9m disso, Luzia destacou a urg\u00eancia de olhar para a <strong data-start=\"2211\" data-end=\"2246\">situa\u00e7\u00e3o das mulheres africanas<\/strong> \u2014 n\u00e3o apenas nas quest\u00f5es sociais e pol\u00edticas, mas tamb\u00e9m no campo digital.<br data-start=\"2322\" data-end=\"2325\" \/>Segundo ela, o avan\u00e7o da tecnologia trouxe <strong data-start=\"2368\" data-end=\"2396\">novas formas de exclus\u00e3o<\/strong>:<\/p>\n<blockquote data-start=\"2400\" data-end=\"2529\">\n<p data-start=\"2402\" data-end=\"2529\">\u201cO digital surge como uma das piores formas de discrimina\u00e7\u00e3o. Precisamos combater essa desigualdade que tamb\u00e9m afeta a mulher.\u201d<\/p>\n<\/blockquote>\n<p data-start=\"2531\" data-end=\"2804\">Ela lembrou que, em v\u00e1rias universidades, a presen\u00e7a feminina nas \u00e1reas de tecnologia ainda \u00e9 m\u00ednima. Para Luzia, \u00e9 essencial garantir que meninas e mulheres tenham acesso \u00e0 forma\u00e7\u00e3o tecnol\u00f3gica, condi\u00e7\u00e3o indispens\u00e1vel para participar plenamente da sociedade contempor\u00e2nea.<\/p>\n<hr data-start=\"2806\" data-end=\"2809\" \/>\n<h3 data-start=\"2811\" data-end=\"2870\">&#x1f4da; Educa\u00e7\u00e3o, cultura e mem\u00f3ria: os pilares da cidadania<\/h3>\n<p data-start=\"2872\" data-end=\"3175\">Em tom emocionado, a escritora tamb\u00e9m compartilhou o lan\u00e7amento de seu novo livro, <strong data-start=\"2955\" data-end=\"2987\">\u201cLiberte, Senhor Presidente\u201d<\/strong>, que ser\u00e1 apresentado no <strong data-start=\"3013\" data-end=\"3036\">Festival de Niter\u00f3i<\/strong>. A obra re\u00fane <strong data-start=\"3051\" data-end=\"3113\">50 textos que celebram a liberdade e a identidade africana<\/strong>, com pref\u00e1cio de <strong data-start=\"3131\" data-end=\"3147\">Gra\u00e7a Machel<\/strong>, vi\u00fava de Nelson Mandela.<\/p>\n<blockquote data-start=\"3176\" data-end=\"3298\">\n<p data-start=\"3178\" data-end=\"3298\">\u201cO livro sa\u00fada a liberdade, mas uma liberdade associada \u00e0 identidade. \u00c9 preciso escola para a cidadania\u201d, afirmou Luzia.<\/p>\n<\/blockquote>\n<p data-start=\"3300\" data-end=\"3521\">Para ela, a educa\u00e7\u00e3o \u00e9 o primeiro passo para construir uma sociedade mais justa. \u00c9 o meio de preservar a hist\u00f3ria e transmitir \u00e0s novas gera\u00e7\u00f5es o orgulho das origens africanas, t\u00e3o presentes tamb\u00e9m na cultura brasileira.<\/p>\n<hr data-start=\"3523\" data-end=\"3526\" \/>\n<h3 data-start=\"3528\" data-end=\"3575\">&#x1f30e; \u00c1frica, Brasil e o reencontro das ra\u00edzes<\/h3>\n<p data-start=\"3577\" data-end=\"3725\">Durante a conversa com o professor <strong data-start=\"3612\" data-end=\"3629\">Jos\u00e9 do Carmo<\/strong>, Luzia Moniz ressaltou o quanto o Brasil representa para ela um retorno simb\u00f3lico \u00e0s origens.<\/p>\n<blockquote data-start=\"3726\" data-end=\"3829\">\n<p data-start=\"3728\" data-end=\"3829\">\u201cEu estou a lan\u00e7ar a semente na terra para crescer, criar ra\u00edzes e florescer aqui. Sinto-me em casa.\u201d<\/p>\n<\/blockquote>\n<p data-start=\"3831\" data-end=\"4059\">Essa conex\u00e3o entre Brasil e \u00c1frica foi um dos pontos altos do di\u00e1logo. Ambos destacaram que \u00e9 preciso fortalecer a ponte cultural entre os dois lados do Atl\u00e2ntico, valorizando o legado africano que molda a identidade brasileira.<\/p>\n<hr data-start=\"4061\" data-end=\"4064\" \/>\n<h3 data-start=\"4066\" data-end=\"4111\">&#x1f3a4; Fala Sodr\u00e9: cultura que aproxima povos<\/h3>\n<p data-start=\"4113\" data-end=\"4494\">O <strong data-start=\"4115\" data-end=\"4129\">Fala Sodr\u00e9<\/strong> reafirma seu papel como espa\u00e7o de di\u00e1logo e constru\u00e7\u00e3o de pontes entre culturas. A entrevista com <strong data-start=\"4228\" data-end=\"4243\">Luzia Moniz<\/strong> foi mais do que uma conversa \u2014 foi uma li\u00e7\u00e3o sobre <strong data-start=\"4295\" data-end=\"4335\">pertencimento, igualdade e esperan\u00e7a<\/strong>.<br data-start=\"4336\" data-end=\"4339\" \/>Sob a condu\u00e7\u00e3o sens\u00edvel do rep\u00f3rter <strong data-start=\"4375\" data-end=\"4399\">Carlos Roberto Sodr\u00e9<\/strong>, o programa mostrou como o conhecimento e a cultura podem unir povos e despertar consci\u00eancias.<\/p>\n<p><iframe title=\"Fala Sodr\u00e9: o professor Jos\u00e9 do Carmo e a jornalista (Angolana) Luzia Moniz sobre cultura da \u00c1frica\" width=\"840\" height=\"473\" data-src=\"https:\/\/www.youtube.com\/embed\/eHvrQwW8oZs?feature=oembed\" frameborder=\"0\" allow=\"accelerometer; autoplay; clipboard-write; encrypted-media; gyroscope; picture-in-picture; web-share\" referrerpolicy=\"strict-origin-when-cross-origin\" allowfullscreen src=\"data:image\/svg+xml;base64,PHN2ZyB3aWR0aD0iMSIgaGVpZ2h0PSIxIiB4bWxucz0iaHR0cDovL3d3dy53My5vcmcvMjAwMC9zdmciPjwvc3ZnPg==\" class=\"lazyload\" data-load-mode=\"1\"><\/iframe><\/p>\n<p style=\"margin: 0in; font-size: 20.0pt;\"><span style=\"font-family: 'Segoe UI Emoji';\">&#x1f4da; <\/span><span style=\"font-weight: bold; font-family: Calibri;\">Cobertura:<\/span><span style=\"font-family: Calibri;\"> Carlos Roberto Sodr\u00e9 <\/span><a href=\"https:\/\/wa.me\/553298481334\"><span style=\"font-family: Calibri;\">WhatsApp<\/span><\/a><\/p>\n<p style=\"margin: 0in; font-size: 20.0pt;\"><span style=\"font-family: 'Segoe UI Emoji';\">&#x1f4f8; <\/span><span style=\"font-weight: bold; font-family: Calibri;\">Imagens:<\/span><span style=\"font-family: Calibri;\"> Laisa Sodr\u00e9<\/span><\/p>\n<p style=\"margin: 0in; font-size: 20.0pt;\"><span style=\"font-family: 'Segoe UI Emoji';\">&#x1f4dd; <\/span><span style=\"font-weight: bold; font-family: Calibri;\">Conte\u00fado: <\/span><a href=\"https:\/\/www.linkedin.com\/in\/pedrohgf\/\"><span style=\"font-family: Calibri;\">Pedro Henriques<\/span><\/a><span style=\"font-family: Calibri;\"> \u2013 <\/span><a href=\"https:\/\/indicca.com.br\/blog\/\"><span style=\"font-family: Calibri;\">INDICCA.COM<\/span><\/a><span style=\"font-family: Calibri;\">\u00a0 <\/span><a href=\"https:\/\/wa.me\/5532988020057\"><span style=\"font-family: Calibri;\">WhatsApp<\/span><\/a><\/p>\n<p style=\"margin: 0in; font-size: 20.0pt;\"><span style=\"font-family: 'Segoe UI Emoji';\">&#x1f393; <\/span><span style=\"font-weight: bold; font-family: Calibri;\">Evento: Luzia Moniz fala sobre cultura africana<\/span><\/p>\n<p data-start=\"4501\" data-end=\"4690\">\n","protected":false},"excerpt":{"rendered":"<p>Luzia Moniz fala sobre cultura africana, identidade e liberdade em<\/p>\n","protected":false},"author":4,"featured_media":23174,"comment_status":"open","ping_status":"open","sticky":false,"template":"","format":"standard","meta":{"footnotes":""},"categories":[1,3],"tags":[59,157,60],"class_list":["post-23173","post","type-post","status-publish","format-standard","has-post-thumbnail","hentry","category-sem-categoria","category-slide","tag-fala-sodre","tag-luzia-moniz","tag-ubanews"],"yoast_head":"<!-- This site is optimized with the Yoast SEO plugin v27.2 - https:\/\/yoast.com\/product\/yoast-seo-wordpress\/ -->\n<title>Luzia Moniz fala sobre cultura africana - Ub\u00e1 News<\/title>\n<meta name=\"description\" content=\"Luzia Moniz fala sobre cultura africana, identidade e liberdade em entrevista com o professor Jos\u00e9 do Carmo\" \/>\n<meta name=\"robots\" content=\"index, follow, max-snippet:-1, max-image-preview:large, max-video-preview:-1\" \/>\n<link rel=\"canonical\" href=\"https:\/\/ubanews.com\/site\/2025\/10\/15\/luzia-moniz-fala-sobre-cultura-africana\/\" \/>\n<meta property=\"og:locale\" content=\"pt_BR\" \/>\n<meta property=\"og:type\" content=\"article\" \/>\n<meta property=\"og:title\" content=\"Luzia Moniz fala sobre cultura africana - Ub\u00e1 News\" \/>\n<meta property=\"og:description\" content=\"Luzia Moniz fala sobre cultura africana, identidade e liberdade em entrevista com o professor Jos\u00e9 do Carmo\" \/>\n<meta property=\"og:url\" content=\"https:\/\/ubanews.com\/site\/2025\/10\/15\/luzia-moniz-fala-sobre-cultura-africana\/\" \/>\n<meta property=\"og:site_name\" content=\"Ub\u00e1 News\" \/>\n<meta property=\"article:publisher\" content=\"https:\/\/www.facebook.com\/Ub%c3%a1News-Carlos-Roberto-Sodr%c3%a9-418778301977370\" \/>\n<meta property=\"article:published_time\" content=\"2025-10-15T11:22:41+00:00\" \/>\n<meta property=\"og:image\" content=\"https:\/\/ubanews.com\/site\/wp-content\/uploads\/2025\/10\/Fala-Sodre-Luzia-Moniz-fala-sobre-cultura-africana.jpg\" \/>\n\t<meta property=\"og:image:width\" content=\"1365\" \/>\n\t<meta property=\"og:image:height\" content=\"721\" \/>\n\t<meta property=\"og:image:type\" content=\"image\/jpeg\" \/>\n<meta name=\"author\" content=\"Carlos Roberto Sodr\u00e9\" \/>\n<meta name=\"twitter:card\" content=\"summary_large_image\" \/>\n<meta name=\"twitter:label1\" content=\"Escrito por\" \/>\n\t<meta name=\"twitter:data1\" content=\"Carlos Roberto Sodr\u00e9\" \/>\n\t<meta name=\"twitter:label2\" content=\"Est. tempo de leitura\" \/>\n\t<meta name=\"twitter:data2\" content=\"4 minutos\" \/>\n<script type=\"application\/ld+json\" class=\"yoast-schema-graph\">{\"@context\":\"https:\/\/schema.org\",\"@graph\":[{\"@type\":\"Article\",\"@id\":\"https:\/\/ubanews.com\/site\/2025\/10\/15\/luzia-moniz-fala-sobre-cultura-africana\/#article\",\"isPartOf\":{\"@id\":\"https:\/\/ubanews.com\/site\/2025\/10\/15\/luzia-moniz-fala-sobre-cultura-africana\/\"},\"author\":{\"name\":\"Carlos Roberto Sodr\u00e9\",\"@id\":\"https:\/\/ubanews.com\/site\/#\/schema\/person\/9d8da9ec3c8d00640ab6e8c81e103310\"},\"headline\":\"Luzia Moniz fala sobre cultura africana\",\"datePublished\":\"2025-10-15T11:22:41+00:00\",\"mainEntityOfPage\":{\"@id\":\"https:\/\/ubanews.com\/site\/2025\/10\/15\/luzia-moniz-fala-sobre-cultura-africana\/\"},\"wordCount\":724,\"commentCount\":0,\"publisher\":{\"@id\":\"https:\/\/ubanews.com\/site\/#organization\"},\"image\":{\"@id\":\"https:\/\/ubanews.com\/site\/2025\/10\/15\/luzia-moniz-fala-sobre-cultura-africana\/#primaryimage\"},\"thumbnailUrl\":\"https:\/\/ubanews.com\/site\/wp-content\/uploads\/2025\/10\/Fala-Sodre-Luzia-Moniz-fala-sobre-cultura-africana.jpg\",\"keywords\":[\"Fala Sodr\u00e9\",\"Luzia Moniz\",\"UBANEWS\"],\"articleSection\":[\"Geral\",\"Slide\"],\"inLanguage\":\"pt-BR\",\"potentialAction\":[{\"@type\":\"CommentAction\",\"name\":\"Comment\",\"target\":[\"https:\/\/ubanews.com\/site\/2025\/10\/15\/luzia-moniz-fala-sobre-cultura-africana\/#respond\"]}]},{\"@type\":\"WebPage\",\"@id\":\"https:\/\/ubanews.com\/site\/2025\/10\/15\/luzia-moniz-fala-sobre-cultura-africana\/\",\"url\":\"https:\/\/ubanews.com\/site\/2025\/10\/15\/luzia-moniz-fala-sobre-cultura-africana\/\",\"name\":\"Luzia Moniz fala sobre cultura africana - Ub\u00e1 News\",\"isPartOf\":{\"@id\":\"https:\/\/ubanews.com\/site\/#website\"},\"primaryImageOfPage\":{\"@id\":\"https:\/\/ubanews.com\/site\/2025\/10\/15\/luzia-moniz-fala-sobre-cultura-africana\/#primaryimage\"},\"image\":{\"@id\":\"https:\/\/ubanews.com\/site\/2025\/10\/15\/luzia-moniz-fala-sobre-cultura-africana\/#primaryimage\"},\"thumbnailUrl\":\"https:\/\/ubanews.com\/site\/wp-content\/uploads\/2025\/10\/Fala-Sodre-Luzia-Moniz-fala-sobre-cultura-africana.jpg\",\"datePublished\":\"2025-10-15T11:22:41+00:00\",\"description\":\"Luzia Moniz fala sobre cultura africana, identidade e liberdade em entrevista com o professor Jos\u00e9 do Carmo\",\"breadcrumb\":{\"@id\":\"https:\/\/ubanews.com\/site\/2025\/10\/15\/luzia-moniz-fala-sobre-cultura-africana\/#breadcrumb\"},\"inLanguage\":\"pt-BR\",\"potentialAction\":[{\"@type\":\"ReadAction\",\"target\":[\"https:\/\/ubanews.com\/site\/2025\/10\/15\/luzia-moniz-fala-sobre-cultura-africana\/\"]}]},{\"@type\":\"ImageObject\",\"inLanguage\":\"pt-BR\",\"@id\":\"https:\/\/ubanews.com\/site\/2025\/10\/15\/luzia-moniz-fala-sobre-cultura-africana\/#primaryimage\",\"url\":\"https:\/\/ubanews.com\/site\/wp-content\/uploads\/2025\/10\/Fala-Sodre-Luzia-Moniz-fala-sobre-cultura-africana.jpg\",\"contentUrl\":\"https:\/\/ubanews.com\/site\/wp-content\/uploads\/2025\/10\/Fala-Sodre-Luzia-Moniz-fala-sobre-cultura-africana.jpg\",\"width\":1365,\"height\":721,\"caption\":\"Fala Sodr\u00e9\"},{\"@type\":\"BreadcrumbList\",\"@id\":\"https:\/\/ubanews.com\/site\/2025\/10\/15\/luzia-moniz-fala-sobre-cultura-africana\/#breadcrumb\",\"itemListElement\":[{\"@type\":\"ListItem\",\"position\":1,\"name\":\"Home\",\"item\":\"https:\/\/ubanews.com\/site\/\"},{\"@type\":\"ListItem\",\"position\":2,\"name\":\"Luzia Moniz fala sobre cultura africana\"}]},{\"@type\":\"WebSite\",\"@id\":\"https:\/\/ubanews.com\/site\/#website\",\"url\":\"https:\/\/ubanews.com\/site\/\",\"name\":\"Ub\u00e1 News\",\"description\":\"\",\"publisher\":{\"@id\":\"https:\/\/ubanews.com\/site\/#organization\"},\"potentialAction\":[{\"@type\":\"SearchAction\",\"target\":{\"@type\":\"EntryPoint\",\"urlTemplate\":\"https:\/\/ubanews.com\/site\/?s={search_term_string}\"},\"query-input\":{\"@type\":\"PropertyValueSpecification\",\"valueRequired\":true,\"valueName\":\"search_term_string\"}}],\"inLanguage\":\"pt-BR\"},{\"@type\":\"Organization\",\"@id\":\"https:\/\/ubanews.com\/site\/#organization\",\"name\":\"Ub\u00e1 News\",\"url\":\"https:\/\/ubanews.com\/site\/\",\"logo\":{\"@type\":\"ImageObject\",\"inLanguage\":\"pt-BR\",\"@id\":\"https:\/\/ubanews.com\/site\/#\/schema\/logo\/image\/\",\"url\":\"https:\/\/ubanews.com\/site\/wp-content\/uploads\/2018\/01\/logoubanews.png\",\"contentUrl\":\"https:\/\/ubanews.com\/site\/wp-content\/uploads\/2018\/01\/logoubanews.png\",\"width\":261,\"height\":99,\"caption\":\"Ub\u00e1 News\"},\"image\":{\"@id\":\"https:\/\/ubanews.com\/site\/#\/schema\/logo\/image\/\"},\"sameAs\":[\"https:\/\/www.facebook.com\/Ub\u00e1News-Carlos-Roberto-Sodr\u00e9-418778301977370\"]},{\"@type\":\"Person\",\"@id\":\"https:\/\/ubanews.com\/site\/#\/schema\/person\/9d8da9ec3c8d00640ab6e8c81e103310\",\"name\":\"Carlos Roberto Sodr\u00e9\",\"image\":{\"@type\":\"ImageObject\",\"inLanguage\":\"pt-BR\",\"@id\":\"https:\/\/secure.gravatar.com\/avatar\/aab322e8555b56c468614fafdab8a8f924e394cdc6cfd8232f77e9e4d123a133?s=96&d=mm&r=g\",\"url\":\"https:\/\/secure.gravatar.com\/avatar\/aab322e8555b56c468614fafdab8a8f924e394cdc6cfd8232f77e9e4d123a133?s=96&d=mm&r=g\",\"contentUrl\":\"https:\/\/secure.gravatar.com\/avatar\/aab322e8555b56c468614fafdab8a8f924e394cdc6cfd8232f77e9e4d123a133?s=96&d=mm&r=g\",\"caption\":\"Carlos Roberto Sodr\u00e9\"},\"url\":\"https:\/\/ubanews.com\/site\/author\/sodre\/\"}]}<\/script>\n<!-- \/ Yoast SEO plugin. -->","yoast_head_json":{"title":"Luzia Moniz fala sobre cultura africana - Ub\u00e1 News","description":"Luzia Moniz fala sobre cultura africana, identidade e liberdade em entrevista com o professor Jos\u00e9 do Carmo","robots":{"index":"index","follow":"follow","max-snippet":"max-snippet:-1","max-image-preview":"max-image-preview:large","max-video-preview":"max-video-preview:-1"},"canonical":"https:\/\/ubanews.com\/site\/2025\/10\/15\/luzia-moniz-fala-sobre-cultura-africana\/","og_locale":"pt_BR","og_type":"article","og_title":"Luzia Moniz fala sobre cultura africana - Ub\u00e1 News","og_description":"Luzia Moniz fala sobre cultura africana, identidade e liberdade em entrevista com o professor Jos\u00e9 do Carmo","og_url":"https:\/\/ubanews.com\/site\/2025\/10\/15\/luzia-moniz-fala-sobre-cultura-africana\/","og_site_name":"Ub\u00e1 News","article_publisher":"https:\/\/www.facebook.com\/Ub%c3%a1News-Carlos-Roberto-Sodr%c3%a9-418778301977370","article_published_time":"2025-10-15T11:22:41+00:00","og_image":[{"width":1365,"height":721,"url":"https:\/\/ubanews.com\/site\/wp-content\/uploads\/2025\/10\/Fala-Sodre-Luzia-Moniz-fala-sobre-cultura-africana.jpg","type":"image\/jpeg"}],"author":"Carlos Roberto Sodr\u00e9","twitter_card":"summary_large_image","twitter_misc":{"Escrito por":"Carlos Roberto Sodr\u00e9","Est. tempo de leitura":"4 minutos"},"schema":{"@context":"https:\/\/schema.org","@graph":[{"@type":"Article","@id":"https:\/\/ubanews.com\/site\/2025\/10\/15\/luzia-moniz-fala-sobre-cultura-africana\/#article","isPartOf":{"@id":"https:\/\/ubanews.com\/site\/2025\/10\/15\/luzia-moniz-fala-sobre-cultura-africana\/"},"author":{"name":"Carlos Roberto Sodr\u00e9","@id":"https:\/\/ubanews.com\/site\/#\/schema\/person\/9d8da9ec3c8d00640ab6e8c81e103310"},"headline":"Luzia Moniz fala sobre cultura africana","datePublished":"2025-10-15T11:22:41+00:00","mainEntityOfPage":{"@id":"https:\/\/ubanews.com\/site\/2025\/10\/15\/luzia-moniz-fala-sobre-cultura-africana\/"},"wordCount":724,"commentCount":0,"publisher":{"@id":"https:\/\/ubanews.com\/site\/#organization"},"image":{"@id":"https:\/\/ubanews.com\/site\/2025\/10\/15\/luzia-moniz-fala-sobre-cultura-africana\/#primaryimage"},"thumbnailUrl":"https:\/\/ubanews.com\/site\/wp-content\/uploads\/2025\/10\/Fala-Sodre-Luzia-Moniz-fala-sobre-cultura-africana.jpg","keywords":["Fala Sodr\u00e9","Luzia Moniz","UBANEWS"],"articleSection":["Geral","Slide"],"inLanguage":"pt-BR","potentialAction":[{"@type":"CommentAction","name":"Comment","target":["https:\/\/ubanews.com\/site\/2025\/10\/15\/luzia-moniz-fala-sobre-cultura-africana\/#respond"]}]},{"@type":"WebPage","@id":"https:\/\/ubanews.com\/site\/2025\/10\/15\/luzia-moniz-fala-sobre-cultura-africana\/","url":"https:\/\/ubanews.com\/site\/2025\/10\/15\/luzia-moniz-fala-sobre-cultura-africana\/","name":"Luzia Moniz fala sobre cultura africana - Ub\u00e1 News","isPartOf":{"@id":"https:\/\/ubanews.com\/site\/#website"},"primaryImageOfPage":{"@id":"https:\/\/ubanews.com\/site\/2025\/10\/15\/luzia-moniz-fala-sobre-cultura-africana\/#primaryimage"},"image":{"@id":"https:\/\/ubanews.com\/site\/2025\/10\/15\/luzia-moniz-fala-sobre-cultura-africana\/#primaryimage"},"thumbnailUrl":"https:\/\/ubanews.com\/site\/wp-content\/uploads\/2025\/10\/Fala-Sodre-Luzia-Moniz-fala-sobre-cultura-africana.jpg","datePublished":"2025-10-15T11:22:41+00:00","description":"Luzia Moniz fala sobre cultura africana, identidade e liberdade em entrevista com o professor Jos\u00e9 do Carmo","breadcrumb":{"@id":"https:\/\/ubanews.com\/site\/2025\/10\/15\/luzia-moniz-fala-sobre-cultura-africana\/#breadcrumb"},"inLanguage":"pt-BR","potentialAction":[{"@type":"ReadAction","target":["https:\/\/ubanews.com\/site\/2025\/10\/15\/luzia-moniz-fala-sobre-cultura-africana\/"]}]},{"@type":"ImageObject","inLanguage":"pt-BR","@id":"https:\/\/ubanews.com\/site\/2025\/10\/15\/luzia-moniz-fala-sobre-cultura-africana\/#primaryimage","url":"https:\/\/ubanews.com\/site\/wp-content\/uploads\/2025\/10\/Fala-Sodre-Luzia-Moniz-fala-sobre-cultura-africana.jpg","contentUrl":"https:\/\/ubanews.com\/site\/wp-content\/uploads\/2025\/10\/Fala-Sodre-Luzia-Moniz-fala-sobre-cultura-africana.jpg","width":1365,"height":721,"caption":"Fala Sodr\u00e9"},{"@type":"BreadcrumbList","@id":"https:\/\/ubanews.com\/site\/2025\/10\/15\/luzia-moniz-fala-sobre-cultura-africana\/#breadcrumb","itemListElement":[{"@type":"ListItem","position":1,"name":"Home","item":"https:\/\/ubanews.com\/site\/"},{"@type":"ListItem","position":2,"name":"Luzia Moniz fala sobre cultura africana"}]},{"@type":"WebSite","@id":"https:\/\/ubanews.com\/site\/#website","url":"https:\/\/ubanews.com\/site\/","name":"Ub\u00e1 News","description":"","publisher":{"@id":"https:\/\/ubanews.com\/site\/#organization"},"potentialAction":[{"@type":"SearchAction","target":{"@type":"EntryPoint","urlTemplate":"https:\/\/ubanews.com\/site\/?s={search_term_string}"},"query-input":{"@type":"PropertyValueSpecification","valueRequired":true,"valueName":"search_term_string"}}],"inLanguage":"pt-BR"},{"@type":"Organization","@id":"https:\/\/ubanews.com\/site\/#organization","name":"Ub\u00e1 News","url":"https:\/\/ubanews.com\/site\/","logo":{"@type":"ImageObject","inLanguage":"pt-BR","@id":"https:\/\/ubanews.com\/site\/#\/schema\/logo\/image\/","url":"https:\/\/ubanews.com\/site\/wp-content\/uploads\/2018\/01\/logoubanews.png","contentUrl":"https:\/\/ubanews.com\/site\/wp-content\/uploads\/2018\/01\/logoubanews.png","width":261,"height":99,"caption":"Ub\u00e1 News"},"image":{"@id":"https:\/\/ubanews.com\/site\/#\/schema\/logo\/image\/"},"sameAs":["https:\/\/www.facebook.com\/Ub\u00e1News-Carlos-Roberto-Sodr\u00e9-418778301977370"]},{"@type":"Person","@id":"https:\/\/ubanews.com\/site\/#\/schema\/person\/9d8da9ec3c8d00640ab6e8c81e103310","name":"Carlos Roberto Sodr\u00e9","image":{"@type":"ImageObject","inLanguage":"pt-BR","@id":"https:\/\/secure.gravatar.com\/avatar\/aab322e8555b56c468614fafdab8a8f924e394cdc6cfd8232f77e9e4d123a133?s=96&d=mm&r=g","url":"https:\/\/secure.gravatar.com\/avatar\/aab322e8555b56c468614fafdab8a8f924e394cdc6cfd8232f77e9e4d123a133?s=96&d=mm&r=g","contentUrl":"https:\/\/secure.gravatar.com\/avatar\/aab322e8555b56c468614fafdab8a8f924e394cdc6cfd8232f77e9e4d123a133?s=96&d=mm&r=g","caption":"Carlos Roberto Sodr\u00e9"},"url":"https:\/\/ubanews.com\/site\/author\/sodre\/"}]}},"_links":{"self":[{"href":"https:\/\/ubanews.com\/site\/wp-json\/wp\/v2\/posts\/23173","targetHints":{"allow":["GET"]}}],"collection":[{"href":"https:\/\/ubanews.com\/site\/wp-json\/wp\/v2\/posts"}],"about":[{"href":"https:\/\/ubanews.com\/site\/wp-json\/wp\/v2\/types\/post"}],"author":[{"embeddable":true,"href":"https:\/\/ubanews.com\/site\/wp-json\/wp\/v2\/users\/4"}],"replies":[{"embeddable":true,"href":"https:\/\/ubanews.com\/site\/wp-json\/wp\/v2\/comments?post=23173"}],"version-history":[{"count":0,"href":"https:\/\/ubanews.com\/site\/wp-json\/wp\/v2\/posts\/23173\/revisions"}],"wp:featuredmedia":[{"embeddable":true,"href":"https:\/\/ubanews.com\/site\/wp-json\/wp\/v2\/media\/23174"}],"wp:attachment":[{"href":"https:\/\/ubanews.com\/site\/wp-json\/wp\/v2\/media?parent=23173"}],"wp:term":[{"taxonomy":"category","embeddable":true,"href":"https:\/\/ubanews.com\/site\/wp-json\/wp\/v2\/categories?post=23173"},{"taxonomy":"post_tag","embeddable":true,"href":"https:\/\/ubanews.com\/site\/wp-json\/wp\/v2\/tags?post=23173"}],"curies":[{"name":"wp","href":"https:\/\/api.w.org\/{rel}","templated":true}]}}