{"id":23168,"date":"2025-10-14T11:13:00","date_gmt":"2025-10-14T14:13:00","guid":{"rendered":"https:\/\/ubanews.com\/site\/?p=23168"},"modified":"2025-10-14T11:13:00","modified_gmt":"2025-10-14T14:13:00","slug":"acidente-de-transito-com-vitima","status":"publish","type":"post","link":"https:\/\/ubanews.com\/site\/2025\/10\/14\/acidente-de-transito-com-vitima\/","title":{"rendered":"ACIDENTE DE TRANSITO COM VITIMA"},"content":{"rendered":"<p>T00009 &#8211; ACIDENTE DE TRANSITO COM VITIMA<\/p>\n<p>&#x1f6a7; CPE \/ BPMRv \/ 4\u00aa CIA PRv \/ 1\u00ba PEL Rv \/ &#x1f6a7;<br \/>\nData: 13\/10\/2025<br \/>\nHor\u00e1rio do fato: 12:30h<br \/>\nLocal: MG353\/ KM61- Coronel Pacheco-MG.<\/p>\n<p><img decoding=\"async\" class=\"aligncenter size-medium wp-image-23169 lazyload\" data-src=\"https:\/\/ubanews.com\/site\/wp-content\/uploads\/2025\/10\/Fala-Sodre-Policia-Militar-Rodoviaria-300x169.jpeg\" alt=\"Fala Sodr\u00e9\" width=\"300\" height=\"169\" data-srcset=\"https:\/\/ubanews.com\/site\/wp-content\/uploads\/2025\/10\/Fala-Sodre-Policia-Militar-Rodoviaria-300x169.jpeg 300w, https:\/\/ubanews.com\/site\/wp-content\/uploads\/2025\/10\/Fala-Sodre-Policia-Militar-Rodoviaria-1024x576.jpeg 1024w, https:\/\/ubanews.com\/site\/wp-content\/uploads\/2025\/10\/Fala-Sodre-Policia-Militar-Rodoviaria-768x432.jpeg 768w, https:\/\/ubanews.com\/site\/wp-content\/uploads\/2025\/10\/Fala-Sodre-Policia-Militar-Rodoviaria-1536x864.jpeg 1536w, https:\/\/ubanews.com\/site\/wp-content\/uploads\/2025\/10\/Fala-Sodre-Policia-Militar-Rodoviaria.jpeg 1600w\" data-sizes=\"(max-width: 300px) 100vw, 300px\" src=\"data:image\/svg+xml;base64,PHN2ZyB3aWR0aD0iMSIgaGVpZ2h0PSIxIiB4bWxucz0iaHR0cDovL3d3dy53My5vcmcvMjAwMC9zdmciPjwvc3ZnPg==\" style=\"--smush-placeholder-width: 300px; --smush-placeholder-aspect-ratio: 300\/169;\" \/><\/p>\n<p>Acionado pelo COPOM comparecemos ao local conhecido como \u00c1rvore da Bab\u00e1 onde um caminh\u00e3o 6&#215;2 carregado com assento de cadeira se acidentou.<\/p>\n<p>Segundo o condutor, ao fazer a curva sentiu a carga puxando o caminh\u00e3o, o que o fez perder o controle do veiculo e sair da pista, tombando o veiculo.<\/p>\n<p>O caminh\u00e3o caiu fora da pista, n\u00e3o havendo preju\u00edzo ao transito.<\/p>\n<p>O condutor teve ferimentos leves, sendo retirado de dentro do veiculo por populares que passavam pelo local no momento do acidente.<\/p>\n<p>Compareceu ao local o Corpo de Bombeiros, bem como o Samu, que prestaram socorro ao Condutor do caminh\u00e3o.<\/p>\n<p>EQUIPE<br \/>\n&#x1f694; VP RV<br \/>\n&#x1f46e;&#x200d;&#x2642;&#xfe0f; Cb Leonardo<br \/>\n&#x1f46e;&#x200d;&#x2642;&#xfe0f; Sd Castro<\/p>\n<p>REDS 2025-047535845-001<\/p>\n<p>&#x1f694;&#x1f53a; CPE\/BPMRv: Os Anjos da Guarda dos Caminhos de Minas &#x1f694;&#x1f53a;<\/p>\n<p>&#x1f694;&#x1f396; 1971\/2025: 54 ANOS CUIDANDO DA SUA SEGURAN\u00c7A NOS CAMINHOS DE MINAS*&#x1f694;&#x1f53a;<br \/>\nhttps:\/\/www.instagram.com\/pmmg.rodoviaria?igsh=NnR6OGkwdGdiOTRm<\/p>\n","protected":false},"excerpt":{"rendered":"<p>T00009 &#8211; ACIDENTE DE TRANSITO COM VITIMA &#x1f6a7; CPE \/<\/p>\n","protected":false},"author":4,"featured_media":23169,"comment_status":"open","ping_status":"open","sticky":false,"template":"","format":"standard","meta":{"footnotes":""},"categories":[1],"tags":[],"class_list":["post-23168","post","type-post","status-publish","format-standard","has-post-thumbnail","hentry","category-sem-categoria"],"yoast_head":"<!-- This site is optimized with the Yoast SEO plugin v27.2 - https:\/\/yoast.com\/product\/yoast-seo-wordpress\/ -->\n<title>ACIDENTE DE TRANSITO COM VITIMA - Ub\u00e1 News<\/title>\n<meta name=\"description\" content=\"ACIDENTE DE TRANSITO COM VITIMA. Acionado pelo COPOM comparecemos ao local conhecido como \u00c1rvore da Bab\u00e1. O caminh\u00e3o caiu fora da pista\" \/>\n<meta name=\"robots\" content=\"index, follow, max-snippet:-1, max-image-preview:large, max-video-preview:-1\" \/>\n<link rel=\"canonical\" href=\"https:\/\/ubanews.com\/site\/2025\/10\/14\/acidente-de-transito-com-vitima\/\" \/>\n<meta property=\"og:locale\" content=\"pt_BR\" \/>\n<meta property=\"og:type\" content=\"article\" \/>\n<meta property=\"og:title\" content=\"ACIDENTE DE TRANSITO COM VITIMA - Ub\u00e1 News\" \/>\n<meta property=\"og:description\" content=\"ACIDENTE DE TRANSITO COM VITIMA. Acionado pelo COPOM comparecemos ao local conhecido como \u00c1rvore da Bab\u00e1. O caminh\u00e3o caiu fora da pista\" \/>\n<meta property=\"og:url\" content=\"https:\/\/ubanews.com\/site\/2025\/10\/14\/acidente-de-transito-com-vitima\/\" \/>\n<meta property=\"og:site_name\" content=\"Ub\u00e1 News\" \/>\n<meta property=\"article:publisher\" content=\"https:\/\/www.facebook.com\/Ub%c3%a1News-Carlos-Roberto-Sodr%c3%a9-418778301977370\" \/>\n<meta property=\"article:published_time\" content=\"2025-10-14T14:13:00+00:00\" \/>\n<meta property=\"og:image\" content=\"https:\/\/ubanews.com\/site\/wp-content\/uploads\/2025\/10\/Fala-Sodre-Policia-Militar-Rodoviaria.jpeg\" \/>\n\t<meta property=\"og:image:width\" content=\"1600\" \/>\n\t<meta property=\"og:image:height\" content=\"900\" \/>\n\t<meta property=\"og:image:type\" content=\"image\/jpeg\" \/>\n<meta name=\"author\" content=\"Carlos Roberto Sodr\u00e9\" \/>\n<meta name=\"twitter:card\" content=\"summary_large_image\" \/>\n<meta name=\"twitter:label1\" content=\"Escrito por\" \/>\n\t<meta name=\"twitter:data1\" content=\"Carlos Roberto Sodr\u00e9\" \/>\n\t<meta name=\"twitter:label2\" content=\"Est. tempo de leitura\" \/>\n\t<meta name=\"twitter:data2\" content=\"2 minutos\" \/>\n<script type=\"application\/ld+json\" class=\"yoast-schema-graph\">{\"@context\":\"https:\/\/schema.org\",\"@graph\":[{\"@type\":\"Article\",\"@id\":\"https:\/\/ubanews.com\/site\/2025\/10\/14\/acidente-de-transito-com-vitima\/#article\",\"isPartOf\":{\"@id\":\"https:\/\/ubanews.com\/site\/2025\/10\/14\/acidente-de-transito-com-vitima\/\"},\"author\":{\"name\":\"Carlos Roberto Sodr\u00e9\",\"@id\":\"https:\/\/ubanews.com\/site\/#\/schema\/person\/9d8da9ec3c8d00640ab6e8c81e103310\"},\"headline\":\"ACIDENTE DE TRANSITO COM VITIMA\",\"datePublished\":\"2025-10-14T14:13:00+00:00\",\"mainEntityOfPage\":{\"@id\":\"https:\/\/ubanews.com\/site\/2025\/10\/14\/acidente-de-transito-com-vitima\/\"},\"wordCount\":219,\"commentCount\":0,\"publisher\":{\"@id\":\"https:\/\/ubanews.com\/site\/#organization\"},\"image\":{\"@id\":\"https:\/\/ubanews.com\/site\/2025\/10\/14\/acidente-de-transito-com-vitima\/#primaryimage\"},\"thumbnailUrl\":\"https:\/\/ubanews.com\/site\/wp-content\/uploads\/2025\/10\/Fala-Sodre-Policia-Militar-Rodoviaria.jpeg\",\"articleSection\":[\"Geral\"],\"inLanguage\":\"pt-BR\",\"potentialAction\":[{\"@type\":\"CommentAction\",\"name\":\"Comment\",\"target\":[\"https:\/\/ubanews.com\/site\/2025\/10\/14\/acidente-de-transito-com-vitima\/#respond\"]}]},{\"@type\":\"WebPage\",\"@id\":\"https:\/\/ubanews.com\/site\/2025\/10\/14\/acidente-de-transito-com-vitima\/\",\"url\":\"https:\/\/ubanews.com\/site\/2025\/10\/14\/acidente-de-transito-com-vitima\/\",\"name\":\"ACIDENTE DE TRANSITO COM VITIMA - Ub\u00e1 News\",\"isPartOf\":{\"@id\":\"https:\/\/ubanews.com\/site\/#website\"},\"primaryImageOfPage\":{\"@id\":\"https:\/\/ubanews.com\/site\/2025\/10\/14\/acidente-de-transito-com-vitima\/#primaryimage\"},\"image\":{\"@id\":\"https:\/\/ubanews.com\/site\/2025\/10\/14\/acidente-de-transito-com-vitima\/#primaryimage\"},\"thumbnailUrl\":\"https:\/\/ubanews.com\/site\/wp-content\/uploads\/2025\/10\/Fala-Sodre-Policia-Militar-Rodoviaria.jpeg\",\"datePublished\":\"2025-10-14T14:13:00+00:00\",\"description\":\"ACIDENTE DE TRANSITO COM VITIMA. Acionado pelo COPOM comparecemos ao local conhecido como \u00c1rvore da Bab\u00e1. O caminh\u00e3o caiu fora da pista\",\"breadcrumb\":{\"@id\":\"https:\/\/ubanews.com\/site\/2025\/10\/14\/acidente-de-transito-com-vitima\/#breadcrumb\"},\"inLanguage\":\"pt-BR\",\"potentialAction\":[{\"@type\":\"ReadAction\",\"target\":[\"https:\/\/ubanews.com\/site\/2025\/10\/14\/acidente-de-transito-com-vitima\/\"]}]},{\"@type\":\"ImageObject\",\"inLanguage\":\"pt-BR\",\"@id\":\"https:\/\/ubanews.com\/site\/2025\/10\/14\/acidente-de-transito-com-vitima\/#primaryimage\",\"url\":\"https:\/\/ubanews.com\/site\/wp-content\/uploads\/2025\/10\/Fala-Sodre-Policia-Militar-Rodoviaria.jpeg\",\"contentUrl\":\"https:\/\/ubanews.com\/site\/wp-content\/uploads\/2025\/10\/Fala-Sodre-Policia-Militar-Rodoviaria.jpeg\",\"width\":1600,\"height\":900,\"caption\":\"Fala Sodr\u00e9\"},{\"@type\":\"BreadcrumbList\",\"@id\":\"https:\/\/ubanews.com\/site\/2025\/10\/14\/acidente-de-transito-com-vitima\/#breadcrumb\",\"itemListElement\":[{\"@type\":\"ListItem\",\"position\":1,\"name\":\"Home\",\"item\":\"https:\/\/ubanews.com\/site\/\"},{\"@type\":\"ListItem\",\"position\":2,\"name\":\"ACIDENTE DE TRANSITO COM VITIMA\"}]},{\"@type\":\"WebSite\",\"@id\":\"https:\/\/ubanews.com\/site\/#website\",\"url\":\"https:\/\/ubanews.com\/site\/\",\"name\":\"Ub\u00e1 News\",\"description\":\"\",\"publisher\":{\"@id\":\"https:\/\/ubanews.com\/site\/#organization\"},\"potentialAction\":[{\"@type\":\"SearchAction\",\"target\":{\"@type\":\"EntryPoint\",\"urlTemplate\":\"https:\/\/ubanews.com\/site\/?s={search_term_string}\"},\"query-input\":{\"@type\":\"PropertyValueSpecification\",\"valueRequired\":true,\"valueName\":\"search_term_string\"}}],\"inLanguage\":\"pt-BR\"},{\"@type\":\"Organization\",\"@id\":\"https:\/\/ubanews.com\/site\/#organization\",\"name\":\"Ub\u00e1 News\",\"url\":\"https:\/\/ubanews.com\/site\/\",\"logo\":{\"@type\":\"ImageObject\",\"inLanguage\":\"pt-BR\",\"@id\":\"https:\/\/ubanews.com\/site\/#\/schema\/logo\/image\/\",\"url\":\"https:\/\/ubanews.com\/site\/wp-content\/uploads\/2018\/01\/logoubanews.png\",\"contentUrl\":\"https:\/\/ubanews.com\/site\/wp-content\/uploads\/2018\/01\/logoubanews.png\",\"width\":261,\"height\":99,\"caption\":\"Ub\u00e1 News\"},\"image\":{\"@id\":\"https:\/\/ubanews.com\/site\/#\/schema\/logo\/image\/\"},\"sameAs\":[\"https:\/\/www.facebook.com\/Ub\u00e1News-Carlos-Roberto-Sodr\u00e9-418778301977370\"]},{\"@type\":\"Person\",\"@id\":\"https:\/\/ubanews.com\/site\/#\/schema\/person\/9d8da9ec3c8d00640ab6e8c81e103310\",\"name\":\"Carlos Roberto Sodr\u00e9\",\"image\":{\"@type\":\"ImageObject\",\"inLanguage\":\"pt-BR\",\"@id\":\"https:\/\/secure.gravatar.com\/avatar\/aab322e8555b56c468614fafdab8a8f924e394cdc6cfd8232f77e9e4d123a133?s=96&d=mm&r=g\",\"url\":\"https:\/\/secure.gravatar.com\/avatar\/aab322e8555b56c468614fafdab8a8f924e394cdc6cfd8232f77e9e4d123a133?s=96&d=mm&r=g\",\"contentUrl\":\"https:\/\/secure.gravatar.com\/avatar\/aab322e8555b56c468614fafdab8a8f924e394cdc6cfd8232f77e9e4d123a133?s=96&d=mm&r=g\",\"caption\":\"Carlos Roberto Sodr\u00e9\"},\"url\":\"https:\/\/ubanews.com\/site\/author\/sodre\/\"}]}<\/script>\n<!-- \/ Yoast SEO plugin. -->","yoast_head_json":{"title":"ACIDENTE DE TRANSITO COM VITIMA - Ub\u00e1 News","description":"ACIDENTE DE TRANSITO COM VITIMA. Acionado pelo COPOM comparecemos ao local conhecido como \u00c1rvore da Bab\u00e1. O caminh\u00e3o caiu fora da pista","robots":{"index":"index","follow":"follow","max-snippet":"max-snippet:-1","max-image-preview":"max-image-preview:large","max-video-preview":"max-video-preview:-1"},"canonical":"https:\/\/ubanews.com\/site\/2025\/10\/14\/acidente-de-transito-com-vitima\/","og_locale":"pt_BR","og_type":"article","og_title":"ACIDENTE DE TRANSITO COM VITIMA - Ub\u00e1 News","og_description":"ACIDENTE DE TRANSITO COM VITIMA. Acionado pelo COPOM comparecemos ao local conhecido como \u00c1rvore da Bab\u00e1. O caminh\u00e3o caiu fora da pista","og_url":"https:\/\/ubanews.com\/site\/2025\/10\/14\/acidente-de-transito-com-vitima\/","og_site_name":"Ub\u00e1 News","article_publisher":"https:\/\/www.facebook.com\/Ub%c3%a1News-Carlos-Roberto-Sodr%c3%a9-418778301977370","article_published_time":"2025-10-14T14:13:00+00:00","og_image":[{"width":1600,"height":900,"url":"https:\/\/ubanews.com\/site\/wp-content\/uploads\/2025\/10\/Fala-Sodre-Policia-Militar-Rodoviaria.jpeg","type":"image\/jpeg"}],"author":"Carlos Roberto Sodr\u00e9","twitter_card":"summary_large_image","twitter_misc":{"Escrito por":"Carlos Roberto Sodr\u00e9","Est. tempo de leitura":"2 minutos"},"schema":{"@context":"https:\/\/schema.org","@graph":[{"@type":"Article","@id":"https:\/\/ubanews.com\/site\/2025\/10\/14\/acidente-de-transito-com-vitima\/#article","isPartOf":{"@id":"https:\/\/ubanews.com\/site\/2025\/10\/14\/acidente-de-transito-com-vitima\/"},"author":{"name":"Carlos Roberto Sodr\u00e9","@id":"https:\/\/ubanews.com\/site\/#\/schema\/person\/9d8da9ec3c8d00640ab6e8c81e103310"},"headline":"ACIDENTE DE TRANSITO COM VITIMA","datePublished":"2025-10-14T14:13:00+00:00","mainEntityOfPage":{"@id":"https:\/\/ubanews.com\/site\/2025\/10\/14\/acidente-de-transito-com-vitima\/"},"wordCount":219,"commentCount":0,"publisher":{"@id":"https:\/\/ubanews.com\/site\/#organization"},"image":{"@id":"https:\/\/ubanews.com\/site\/2025\/10\/14\/acidente-de-transito-com-vitima\/#primaryimage"},"thumbnailUrl":"https:\/\/ubanews.com\/site\/wp-content\/uploads\/2025\/10\/Fala-Sodre-Policia-Militar-Rodoviaria.jpeg","articleSection":["Geral"],"inLanguage":"pt-BR","potentialAction":[{"@type":"CommentAction","name":"Comment","target":["https:\/\/ubanews.com\/site\/2025\/10\/14\/acidente-de-transito-com-vitima\/#respond"]}]},{"@type":"WebPage","@id":"https:\/\/ubanews.com\/site\/2025\/10\/14\/acidente-de-transito-com-vitima\/","url":"https:\/\/ubanews.com\/site\/2025\/10\/14\/acidente-de-transito-com-vitima\/","name":"ACIDENTE DE TRANSITO COM VITIMA - Ub\u00e1 News","isPartOf":{"@id":"https:\/\/ubanews.com\/site\/#website"},"primaryImageOfPage":{"@id":"https:\/\/ubanews.com\/site\/2025\/10\/14\/acidente-de-transito-com-vitima\/#primaryimage"},"image":{"@id":"https:\/\/ubanews.com\/site\/2025\/10\/14\/acidente-de-transito-com-vitima\/#primaryimage"},"thumbnailUrl":"https:\/\/ubanews.com\/site\/wp-content\/uploads\/2025\/10\/Fala-Sodre-Policia-Militar-Rodoviaria.jpeg","datePublished":"2025-10-14T14:13:00+00:00","description":"ACIDENTE DE TRANSITO COM VITIMA. Acionado pelo COPOM comparecemos ao local conhecido como \u00c1rvore da Bab\u00e1. O caminh\u00e3o caiu fora da pista","breadcrumb":{"@id":"https:\/\/ubanews.com\/site\/2025\/10\/14\/acidente-de-transito-com-vitima\/#breadcrumb"},"inLanguage":"pt-BR","potentialAction":[{"@type":"ReadAction","target":["https:\/\/ubanews.com\/site\/2025\/10\/14\/acidente-de-transito-com-vitima\/"]}]},{"@type":"ImageObject","inLanguage":"pt-BR","@id":"https:\/\/ubanews.com\/site\/2025\/10\/14\/acidente-de-transito-com-vitima\/#primaryimage","url":"https:\/\/ubanews.com\/site\/wp-content\/uploads\/2025\/10\/Fala-Sodre-Policia-Militar-Rodoviaria.jpeg","contentUrl":"https:\/\/ubanews.com\/site\/wp-content\/uploads\/2025\/10\/Fala-Sodre-Policia-Militar-Rodoviaria.jpeg","width":1600,"height":900,"caption":"Fala Sodr\u00e9"},{"@type":"BreadcrumbList","@id":"https:\/\/ubanews.com\/site\/2025\/10\/14\/acidente-de-transito-com-vitima\/#breadcrumb","itemListElement":[{"@type":"ListItem","position":1,"name":"Home","item":"https:\/\/ubanews.com\/site\/"},{"@type":"ListItem","position":2,"name":"ACIDENTE DE TRANSITO COM VITIMA"}]},{"@type":"WebSite","@id":"https:\/\/ubanews.com\/site\/#website","url":"https:\/\/ubanews.com\/site\/","name":"Ub\u00e1 News","description":"","publisher":{"@id":"https:\/\/ubanews.com\/site\/#organization"},"potentialAction":[{"@type":"SearchAction","target":{"@type":"EntryPoint","urlTemplate":"https:\/\/ubanews.com\/site\/?s={search_term_string}"},"query-input":{"@type":"PropertyValueSpecification","valueRequired":true,"valueName":"search_term_string"}}],"inLanguage":"pt-BR"},{"@type":"Organization","@id":"https:\/\/ubanews.com\/site\/#organization","name":"Ub\u00e1 News","url":"https:\/\/ubanews.com\/site\/","logo":{"@type":"ImageObject","inLanguage":"pt-BR","@id":"https:\/\/ubanews.com\/site\/#\/schema\/logo\/image\/","url":"https:\/\/ubanews.com\/site\/wp-content\/uploads\/2018\/01\/logoubanews.png","contentUrl":"https:\/\/ubanews.com\/site\/wp-content\/uploads\/2018\/01\/logoubanews.png","width":261,"height":99,"caption":"Ub\u00e1 News"},"image":{"@id":"https:\/\/ubanews.com\/site\/#\/schema\/logo\/image\/"},"sameAs":["https:\/\/www.facebook.com\/Ub\u00e1News-Carlos-Roberto-Sodr\u00e9-418778301977370"]},{"@type":"Person","@id":"https:\/\/ubanews.com\/site\/#\/schema\/person\/9d8da9ec3c8d00640ab6e8c81e103310","name":"Carlos Roberto Sodr\u00e9","image":{"@type":"ImageObject","inLanguage":"pt-BR","@id":"https:\/\/secure.gravatar.com\/avatar\/aab322e8555b56c468614fafdab8a8f924e394cdc6cfd8232f77e9e4d123a133?s=96&d=mm&r=g","url":"https:\/\/secure.gravatar.com\/avatar\/aab322e8555b56c468614fafdab8a8f924e394cdc6cfd8232f77e9e4d123a133?s=96&d=mm&r=g","contentUrl":"https:\/\/secure.gravatar.com\/avatar\/aab322e8555b56c468614fafdab8a8f924e394cdc6cfd8232f77e9e4d123a133?s=96&d=mm&r=g","caption":"Carlos Roberto Sodr\u00e9"},"url":"https:\/\/ubanews.com\/site\/author\/sodre\/"}]}},"_links":{"self":[{"href":"https:\/\/ubanews.com\/site\/wp-json\/wp\/v2\/posts\/23168","targetHints":{"allow":["GET"]}}],"collection":[{"href":"https:\/\/ubanews.com\/site\/wp-json\/wp\/v2\/posts"}],"about":[{"href":"https:\/\/ubanews.com\/site\/wp-json\/wp\/v2\/types\/post"}],"author":[{"embeddable":true,"href":"https:\/\/ubanews.com\/site\/wp-json\/wp\/v2\/users\/4"}],"replies":[{"embeddable":true,"href":"https:\/\/ubanews.com\/site\/wp-json\/wp\/v2\/comments?post=23168"}],"version-history":[{"count":0,"href":"https:\/\/ubanews.com\/site\/wp-json\/wp\/v2\/posts\/23168\/revisions"}],"wp:featuredmedia":[{"embeddable":true,"href":"https:\/\/ubanews.com\/site\/wp-json\/wp\/v2\/media\/23169"}],"wp:attachment":[{"href":"https:\/\/ubanews.com\/site\/wp-json\/wp\/v2\/media?parent=23168"}],"wp:term":[{"taxonomy":"category","embeddable":true,"href":"https:\/\/ubanews.com\/site\/wp-json\/wp\/v2\/categories?post=23168"},{"taxonomy":"post_tag","embeddable":true,"href":"https:\/\/ubanews.com\/site\/wp-json\/wp\/v2\/tags?post=23168"}],"curies":[{"name":"wp","href":"https:\/\/api.w.org\/{rel}","templated":true}]}}