{"id":23166,"date":"2025-10-14T10:40:42","date_gmt":"2025-10-14T13:40:42","guid":{"rendered":"https:\/\/ubanews.com\/site\/?p=23166"},"modified":"2025-10-14T11:25:48","modified_gmt":"2025-10-14T14:25:48","slug":"anderson-badaro-e-o-poder-da-criacao-coletiva","status":"publish","type":"post","link":"https:\/\/ubanews.com\/site\/2025\/10\/14\/anderson-badaro-e-o-poder-da-criacao-coletiva\/","title":{"rendered":"Anderson Badar\u00f3 e o poder da cria\u00e7\u00e3o coletiva"},"content":{"rendered":"<p data-start=\"505\" data-end=\"592\">Anderson Badar\u00f3 e o poder da cria\u00e7\u00e3o coletiva: m\u00fasica, arte e identidade ubaense.\u00a0<strong data-start=\"679\" data-end=\"722\">Uma conversa sobre talentos e prop\u00f3sito.\u00a0<\/strong>Antes de tudo, vale destacar a energia contagiante de <strong data-start=\"778\" data-end=\"797\">Anderson Badar\u00f3<\/strong>, artista ubaense que transita entre a m\u00fasica, o audiovisual e a produ\u00e7\u00e3o cultural. Em uma entrevista conduzida por <strong data-start=\"913\" data-end=\"937\">Carlos Roberto Sodr\u00e9<\/strong>, o bate-papo trouxe \u00e0 tona reflex\u00f5es sobre a for\u00e7a da cria\u00e7\u00e3o coletiva e o papel da arte como instrumento de transforma\u00e7\u00e3o social.<\/p>\n<h2 data-start=\"505\" data-end=\"592\"><strong data-start=\"508\" data-end=\"592\">Anderson Badar\u00f3 e o poder da cria\u00e7\u00e3o coletiva: m\u00fasica, arte e identidade ubaense<\/strong><\/h2>\n<p><img decoding=\"async\" class=\"aligncenter size-medium wp-image-23167 lazyload\" data-src=\"https:\/\/ubanews.com\/site\/wp-content\/uploads\/2025\/10\/Fala-Sodre-Anderson-Badaro-e-o-poder-da-criacao-coletiva-300x155.jpg\" alt=\"Fala Sodr\u00e9 - Anderson Badar\u00f3 e o poder da cria\u00e7\u00e3o coletiva\" width=\"300\" height=\"155\" data-srcset=\"https:\/\/ubanews.com\/site\/wp-content\/uploads\/2025\/10\/Fala-Sodre-Anderson-Badaro-e-o-poder-da-criacao-coletiva-300x155.jpg 300w, https:\/\/ubanews.com\/site\/wp-content\/uploads\/2025\/10\/Fala-Sodre-Anderson-Badaro-e-o-poder-da-criacao-coletiva-1024x529.jpg 1024w, https:\/\/ubanews.com\/site\/wp-content\/uploads\/2025\/10\/Fala-Sodre-Anderson-Badaro-e-o-poder-da-criacao-coletiva-768x397.jpg 768w, https:\/\/ubanews.com\/site\/wp-content\/uploads\/2025\/10\/Fala-Sodre-Anderson-Badaro-e-o-poder-da-criacao-coletiva.jpg 1364w\" data-sizes=\"(max-width: 300px) 100vw, 300px\" src=\"data:image\/svg+xml;base64,PHN2ZyB3aWR0aD0iMSIgaGVpZ2h0PSIxIiB4bWxucz0iaHR0cDovL3d3dy53My5vcmcvMjAwMC9zdmciPjwvc3ZnPg==\" style=\"--smush-placeholder-width: 300px; --smush-placeholder-aspect-ratio: 300\/155;\" \/><\/p>\n<p data-start=\"1070\" data-end=\"1432\">Logo no in\u00edcio, Badar\u00f3 destacou que <strong data-start=\"1106\" data-end=\"1151\">a criatividade \u00e9 um caminho compartilhado<\/strong>. Segundo ele, cada pessoa traz uma caracter\u00edstica \u00fanica para o processo, e o segredo est\u00e1 em reconhecer essas diferen\u00e7as como um valor. \u201cCada um tem sua forma de fazer, sua batida, sua hist\u00f3ria. Quando a gente entende isso, o resultado \u00e9 sempre mais verdadeiro\u201d, afirmou o m\u00fasico.<\/p>\n<hr data-start=\"1434\" data-end=\"1437\" \/>\n<h3 data-start=\"1439\" data-end=\"1494\"><strong data-start=\"1443\" data-end=\"1494\">Da m\u00fasica ao document\u00e1rio: m\u00faltiplas linguagens<\/strong><\/h3>\n<p data-start=\"1496\" data-end=\"1800\">Em seguida, o artista contou sobre sua trajet\u00f3ria marcada por experimenta\u00e7\u00f5es. Desde os primeiros grupos musicais at\u00e9 projetos de document\u00e1rio, Anderson sempre buscou integrar sons, imagens e narrativas. Para ele, <strong data-start=\"1710\" data-end=\"1751\">a m\u00fasica e o audiovisual se completam<\/strong>, permitindo que a mensagem alcance mais pessoas.<\/p>\n<p data-start=\"1802\" data-end=\"2212\">Al\u00e9m disso, Badar\u00f3 ressaltou o quanto o ambiente ubaense \u00e9 f\u00e9rtil para a produ\u00e7\u00e3o cultural. \u201cUb\u00e1 tem muita gente talentosa, que sabe fazer, que cria, que inventa. O que falta, \u00e0s vezes, \u00e9 oportunidade e uni\u00e3o\u201d, destacou. Nesse ponto, o rep\u00f3rter <strong data-start=\"2047\" data-end=\"2071\">Carlos Roberto Sodr\u00e9<\/strong> observou que a cidade tem se tornado um <strong data-start=\"2112\" data-end=\"2146\">ber\u00e7o de iniciativas criativas<\/strong>, que unem artistas de diferentes \u00e1reas em torno de causas comuns.<\/p>\n<hr data-start=\"2214\" data-end=\"2217\" \/>\n<h3 data-start=\"2219\" data-end=\"2257\"><strong data-start=\"2223\" data-end=\"2257\">Entre a inspira\u00e7\u00e3o e o desafio<\/strong><\/h3>\n<p data-start=\"2259\" data-end=\"2569\">Por outro lado, Badar\u00f3 reconhece que viver de arte ainda \u00e9 um desafio. Ele falou sobre os altos e baixos da carreira art\u00edstica e sobre como a paix\u00e3o pela m\u00fasica o mant\u00e9m firme. \u201c\u00c9 inst\u00e1vel, mas \u00e9 verdadeiro. A m\u00fasica \u00e9 o que me move. Quando estou tocando, produzindo, gravando, \u00e9 onde encontro sentido\u201d, disse.<\/p>\n<p data-start=\"2571\" data-end=\"2856\">Assim, a conversa revelou um artista consciente da realidade e, ao mesmo tempo, otimista quanto ao futuro. De acordo com ele, a chave est\u00e1 em <strong data-start=\"2713\" data-end=\"2768\">transformar as dificuldades em combust\u00edvel criativo<\/strong>. Com isso, cada obst\u00e1culo se torna uma oportunidade de reinventar a pr\u00f3pria trajet\u00f3ria.<\/p>\n<hr data-start=\"2858\" data-end=\"2861\" \/>\n<h3 data-start=\"2863\" data-end=\"2901\"><strong data-start=\"2867\" data-end=\"2901\">Comunica\u00e7\u00e3o e identidade local<\/strong><\/h3>\n<p data-start=\"2903\" data-end=\"3242\">Al\u00e9m da m\u00fasica, Badar\u00f3 destacou a import\u00e2ncia da <strong data-start=\"2952\" data-end=\"2997\">comunica\u00e7\u00e3o como ferramenta de identidade<\/strong>. Segundo ele, projetos como o <strong data-start=\"3028\" data-end=\"3048\">Canal Fala Sodr\u00e9<\/strong> t\u00eam papel essencial em dar visibilidade \u00e0s vozes da Zona da Mata. \u201cQuando a gente fala da nossa gente, da nossa cultura, estamos preservando o que somos. E isso tem um valor imenso\u201d, enfatizou.<\/p>\n<p data-start=\"3244\" data-end=\"3523\">Carlos Roberto Sodr\u00e9 refor\u00e7ou que esse \u00e9 exatamente o prop\u00f3sito do canal: <strong data-start=\"3318\" data-end=\"3402\">dar espa\u00e7o \u00e0s hist\u00f3rias reais, aos talentos locais e \u00e0s iniciativas que inspiram<\/strong>. Ele lembrou que o Fala Sodr\u00e9 \u00e9 mais que um canal de entrevistas \u2014 \u00e9 uma ponte entre quem faz e quem quer ver acontecer.<\/p>\n<hr data-start=\"3525\" data-end=\"3528\" \/>\n<h3 data-start=\"3530\" data-end=\"3584\"><strong data-start=\"3534\" data-end=\"3584\">Mais que uma entrevista, um encontro de ideias<\/strong><\/h3>\n<p data-start=\"3586\" data-end=\"3935\">Por fim, o encontro entre <strong data-start=\"3612\" data-end=\"3631\">Anderson Badar\u00f3<\/strong> e <strong data-start=\"3634\" data-end=\"3658\">Carlos Roberto Sodr\u00e9<\/strong> foi mais que uma entrevista \u2014 foi um di\u00e1logo sobre ess\u00eancia, prop\u00f3sito e pertencimento. Assim, a conversa deixa uma mensagem inspiradora: <strong data-start=\"3797\" data-end=\"3843\">a arte \u00e9 um caminho de constru\u00e7\u00e3o coletiva<\/strong>, onde cada som, palavra e gesto formam uma parte da hist\u00f3ria que Ub\u00e1 escreve todos os dias.<\/p>\n<p data-start=\"3937\" data-end=\"4105\">Portanto, o recado de Badar\u00f3 ecoa como um convite: <strong data-start=\"3988\" data-end=\"4018\">criar \u00e9 viver em movimento<\/strong>. E, como lembrou Sodr\u00e9, \u201c\u00e9 atrav\u00e9s da cultura que mantemos viva a chama do que somos\u201d.<\/p>\n<p><iframe title=\"Fala Sodr\u00e9: Anderson Badar\u00f3 - document\u00e1rio da Banda Verbase estreia ter\u00e7a-feira (14), \u00e0s 20h e 30min\" width=\"840\" height=\"473\" data-src=\"https:\/\/www.youtube.com\/embed\/UVzFoI1wsy8?feature=oembed\" frameborder=\"0\" allow=\"accelerometer; autoplay; clipboard-write; encrypted-media; gyroscope; picture-in-picture; web-share\" referrerpolicy=\"strict-origin-when-cross-origin\" allowfullscreen src=\"data:image\/svg+xml;base64,PHN2ZyB3aWR0aD0iMSIgaGVpZ2h0PSIxIiB4bWxucz0iaHR0cDovL3d3dy53My5vcmcvMjAwMC9zdmciPjwvc3ZnPg==\" class=\"lazyload\" data-load-mode=\"1\"><\/iframe><\/p>\n<hr data-start=\"4107\" data-end=\"4110\" \/>\n<p data-start=\"4112\" data-end=\"4213\"><strong data-start=\"4112\" data-end=\"4213\">#FalaSodr\u00e9 #PortalUbaNews #AndersonBadar\u00f3 #CulturaUbaense #M\u00fasica #Comunica\u00e7\u00e3o #ArteQueTransforma<\/strong><\/p>\n<p style=\"margin: 0in; font-size: 20.0pt;\"><span style=\"font-family: 'Segoe UI Emoji';\">&#x1f4da; <\/span><span style=\"font-weight: bold; font-family: Calibri;\">Cobertura:<\/span><span style=\"font-family: Calibri;\"> Carlos Roberto Sodr\u00e9 <\/span><a href=\"https:\/\/wa.me\/553298481334\"><span style=\"font-family: Calibri;\">WhatsApp<\/span><\/a><\/p>\n<p style=\"margin: 0in; font-size: 20.0pt;\"><span style=\"font-family: 'Segoe UI Emoji';\">&#x1f4f8; <\/span><span style=\"font-weight: bold; font-family: Calibri;\">Imagens:<\/span><span style=\"font-family: Calibri;\"> Laisa Sodr\u00e9<\/span><\/p>\n<p style=\"margin: 0in; font-size: 20.0pt;\"><span style=\"font-family: 'Segoe UI Emoji';\">&#x1f4dd; <\/span><span style=\"font-weight: bold; font-family: Calibri;\">Conte\u00fado: <\/span><a href=\"https:\/\/www.linkedin.com\/in\/pedrohgf\/\"><span style=\"font-family: Calibri;\">Pedro Henriques<\/span><\/a><span style=\"font-family: Calibri;\"> \u2013 <\/span><a href=\"https:\/\/indicca.com.br\/blog\/\"><span style=\"font-family: Calibri;\">INDICCA.COM<\/span><\/a><span style=\"font-family: Calibri;\">\u00a0 <\/span><a href=\"https:\/\/wa.me\/5532988020057\"><span style=\"font-family: Calibri;\">WhatsApp<\/span><\/a><\/p>\n<p style=\"margin: 0in; font-size: 20.0pt;\"><span style=\"font-family: 'Segoe UI Emoji';\">&#x1f393; <\/span><span style=\"font-weight: bold; font-family: Calibri;\">Evento: <\/span><strong data-start=\"508\" data-end=\"592\">Anderson Badar\u00f3 e o poder da cria\u00e7\u00e3o coletiva: m\u00fasica, arte e identidade ubaense<\/strong><\/p>\n","protected":false},"excerpt":{"rendered":"<p>Anderson Badar\u00f3 e o poder da cria\u00e7\u00e3o coletiva: m\u00fasica, arte<\/p>\n","protected":false},"author":4,"featured_media":23167,"comment_status":"open","ping_status":"open","sticky":false,"template":"","format":"standard","meta":{"footnotes":""},"categories":[1,3],"tags":[155,59,156,60],"class_list":["post-23166","post","type-post","status-publish","format-standard","has-post-thumbnail","hentry","category-sem-categoria","category-slide","tag-badaro","tag-fala-sodre","tag-musica","tag-ubanews"],"yoast_head":"<!-- This site is optimized with the Yoast SEO plugin v27.2 - https:\/\/yoast.com\/product\/yoast-seo-wordpress\/ -->\n<title>Anderson Badar\u00f3 e o poder da cria\u00e7\u00e3o coletiva - Ub\u00e1 News<\/title>\n<meta name=\"description\" content=\"Anderson Badar\u00f3 e o poder da cria\u00e7\u00e3o coletiva. : m\u00fasica, arte e identidade ubaense.\u00a0Uma conversa sobre talentos e prop\u00f3sito.\" \/>\n<meta name=\"robots\" content=\"index, follow, max-snippet:-1, max-image-preview:large, max-video-preview:-1\" \/>\n<link rel=\"canonical\" href=\"https:\/\/ubanews.com\/site\/2025\/10\/14\/anderson-badaro-e-o-poder-da-criacao-coletiva\/\" \/>\n<meta property=\"og:locale\" content=\"pt_BR\" \/>\n<meta property=\"og:type\" content=\"article\" \/>\n<meta property=\"og:title\" content=\"Anderson Badar\u00f3 e o poder da cria\u00e7\u00e3o coletiva - Ub\u00e1 News\" \/>\n<meta property=\"og:description\" content=\"Anderson Badar\u00f3 e o poder da cria\u00e7\u00e3o coletiva. : m\u00fasica, arte e identidade ubaense.\u00a0Uma conversa sobre talentos e prop\u00f3sito.\" \/>\n<meta property=\"og:url\" content=\"https:\/\/ubanews.com\/site\/2025\/10\/14\/anderson-badaro-e-o-poder-da-criacao-coletiva\/\" \/>\n<meta property=\"og:site_name\" content=\"Ub\u00e1 News\" \/>\n<meta property=\"article:publisher\" content=\"https:\/\/www.facebook.com\/Ub%c3%a1News-Carlos-Roberto-Sodr%c3%a9-418778301977370\" \/>\n<meta property=\"article:published_time\" content=\"2025-10-14T13:40:42+00:00\" \/>\n<meta property=\"article:modified_time\" content=\"2025-10-14T14:25:48+00:00\" \/>\n<meta property=\"og:image\" content=\"https:\/\/ubanews.com\/site\/wp-content\/uploads\/2025\/10\/Fala-Sodre-Anderson-Badaro-e-o-poder-da-criacao-coletiva.jpg\" \/>\n\t<meta property=\"og:image:width\" content=\"1364\" \/>\n\t<meta property=\"og:image:height\" content=\"705\" \/>\n\t<meta property=\"og:image:type\" content=\"image\/jpeg\" \/>\n<meta name=\"author\" content=\"Carlos Roberto Sodr\u00e9\" \/>\n<meta name=\"twitter:card\" content=\"summary_large_image\" \/>\n<meta name=\"twitter:label1\" content=\"Escrito por\" \/>\n\t<meta name=\"twitter:data1\" content=\"Carlos Roberto Sodr\u00e9\" \/>\n\t<meta name=\"twitter:label2\" content=\"Est. tempo de leitura\" \/>\n\t<meta name=\"twitter:data2\" content=\"4 minutos\" \/>\n<script type=\"application\/ld+json\" class=\"yoast-schema-graph\">{\"@context\":\"https:\/\/schema.org\",\"@graph\":[{\"@type\":\"Article\",\"@id\":\"https:\/\/ubanews.com\/site\/2025\/10\/14\/anderson-badaro-e-o-poder-da-criacao-coletiva\/#article\",\"isPartOf\":{\"@id\":\"https:\/\/ubanews.com\/site\/2025\/10\/14\/anderson-badaro-e-o-poder-da-criacao-coletiva\/\"},\"author\":{\"name\":\"Carlos Roberto Sodr\u00e9\",\"@id\":\"https:\/\/ubanews.com\/site\/#\/schema\/person\/9d8da9ec3c8d00640ab6e8c81e103310\"},\"headline\":\"Anderson Badar\u00f3 e o poder da cria\u00e7\u00e3o coletiva\",\"datePublished\":\"2025-10-14T13:40:42+00:00\",\"dateModified\":\"2025-10-14T14:25:48+00:00\",\"mainEntityOfPage\":{\"@id\":\"https:\/\/ubanews.com\/site\/2025\/10\/14\/anderson-badaro-e-o-poder-da-criacao-coletiva\/\"},\"wordCount\":678,\"commentCount\":0,\"publisher\":{\"@id\":\"https:\/\/ubanews.com\/site\/#organization\"},\"image\":{\"@id\":\"https:\/\/ubanews.com\/site\/2025\/10\/14\/anderson-badaro-e-o-poder-da-criacao-coletiva\/#primaryimage\"},\"thumbnailUrl\":\"https:\/\/ubanews.com\/site\/wp-content\/uploads\/2025\/10\/Fala-Sodre-Anderson-Badaro-e-o-poder-da-criacao-coletiva.jpg\",\"keywords\":[\"Badar\u00f3\",\"Fala Sodr\u00e9\",\"M\u00fasica\",\"UBANEWS\"],\"articleSection\":[\"Geral\",\"Slide\"],\"inLanguage\":\"pt-BR\",\"potentialAction\":[{\"@type\":\"CommentAction\",\"name\":\"Comment\",\"target\":[\"https:\/\/ubanews.com\/site\/2025\/10\/14\/anderson-badaro-e-o-poder-da-criacao-coletiva\/#respond\"]}]},{\"@type\":\"WebPage\",\"@id\":\"https:\/\/ubanews.com\/site\/2025\/10\/14\/anderson-badaro-e-o-poder-da-criacao-coletiva\/\",\"url\":\"https:\/\/ubanews.com\/site\/2025\/10\/14\/anderson-badaro-e-o-poder-da-criacao-coletiva\/\",\"name\":\"Anderson Badar\u00f3 e o poder da cria\u00e7\u00e3o coletiva - Ub\u00e1 News\",\"isPartOf\":{\"@id\":\"https:\/\/ubanews.com\/site\/#website\"},\"primaryImageOfPage\":{\"@id\":\"https:\/\/ubanews.com\/site\/2025\/10\/14\/anderson-badaro-e-o-poder-da-criacao-coletiva\/#primaryimage\"},\"image\":{\"@id\":\"https:\/\/ubanews.com\/site\/2025\/10\/14\/anderson-badaro-e-o-poder-da-criacao-coletiva\/#primaryimage\"},\"thumbnailUrl\":\"https:\/\/ubanews.com\/site\/wp-content\/uploads\/2025\/10\/Fala-Sodre-Anderson-Badaro-e-o-poder-da-criacao-coletiva.jpg\",\"datePublished\":\"2025-10-14T13:40:42+00:00\",\"dateModified\":\"2025-10-14T14:25:48+00:00\",\"description\":\"Anderson Badar\u00f3 e o poder da cria\u00e7\u00e3o coletiva. : m\u00fasica, arte e identidade ubaense.\u00a0Uma conversa sobre talentos e prop\u00f3sito.\",\"breadcrumb\":{\"@id\":\"https:\/\/ubanews.com\/site\/2025\/10\/14\/anderson-badaro-e-o-poder-da-criacao-coletiva\/#breadcrumb\"},\"inLanguage\":\"pt-BR\",\"potentialAction\":[{\"@type\":\"ReadAction\",\"target\":[\"https:\/\/ubanews.com\/site\/2025\/10\/14\/anderson-badaro-e-o-poder-da-criacao-coletiva\/\"]}]},{\"@type\":\"ImageObject\",\"inLanguage\":\"pt-BR\",\"@id\":\"https:\/\/ubanews.com\/site\/2025\/10\/14\/anderson-badaro-e-o-poder-da-criacao-coletiva\/#primaryimage\",\"url\":\"https:\/\/ubanews.com\/site\/wp-content\/uploads\/2025\/10\/Fala-Sodre-Anderson-Badaro-e-o-poder-da-criacao-coletiva.jpg\",\"contentUrl\":\"https:\/\/ubanews.com\/site\/wp-content\/uploads\/2025\/10\/Fala-Sodre-Anderson-Badaro-e-o-poder-da-criacao-coletiva.jpg\",\"width\":1364,\"height\":705,\"caption\":\"Fala Sodr\u00e9 - Anderson Badar\u00f3 e o poder da cria\u00e7\u00e3o coletiva\"},{\"@type\":\"BreadcrumbList\",\"@id\":\"https:\/\/ubanews.com\/site\/2025\/10\/14\/anderson-badaro-e-o-poder-da-criacao-coletiva\/#breadcrumb\",\"itemListElement\":[{\"@type\":\"ListItem\",\"position\":1,\"name\":\"Home\",\"item\":\"https:\/\/ubanews.com\/site\/\"},{\"@type\":\"ListItem\",\"position\":2,\"name\":\"Anderson Badar\u00f3 e o poder da cria\u00e7\u00e3o coletiva\"}]},{\"@type\":\"WebSite\",\"@id\":\"https:\/\/ubanews.com\/site\/#website\",\"url\":\"https:\/\/ubanews.com\/site\/\",\"name\":\"Ub\u00e1 News\",\"description\":\"\",\"publisher\":{\"@id\":\"https:\/\/ubanews.com\/site\/#organization\"},\"potentialAction\":[{\"@type\":\"SearchAction\",\"target\":{\"@type\":\"EntryPoint\",\"urlTemplate\":\"https:\/\/ubanews.com\/site\/?s={search_term_string}\"},\"query-input\":{\"@type\":\"PropertyValueSpecification\",\"valueRequired\":true,\"valueName\":\"search_term_string\"}}],\"inLanguage\":\"pt-BR\"},{\"@type\":\"Organization\",\"@id\":\"https:\/\/ubanews.com\/site\/#organization\",\"name\":\"Ub\u00e1 News\",\"url\":\"https:\/\/ubanews.com\/site\/\",\"logo\":{\"@type\":\"ImageObject\",\"inLanguage\":\"pt-BR\",\"@id\":\"https:\/\/ubanews.com\/site\/#\/schema\/logo\/image\/\",\"url\":\"https:\/\/ubanews.com\/site\/wp-content\/uploads\/2018\/01\/logoubanews.png\",\"contentUrl\":\"https:\/\/ubanews.com\/site\/wp-content\/uploads\/2018\/01\/logoubanews.png\",\"width\":261,\"height\":99,\"caption\":\"Ub\u00e1 News\"},\"image\":{\"@id\":\"https:\/\/ubanews.com\/site\/#\/schema\/logo\/image\/\"},\"sameAs\":[\"https:\/\/www.facebook.com\/Ub\u00e1News-Carlos-Roberto-Sodr\u00e9-418778301977370\"]},{\"@type\":\"Person\",\"@id\":\"https:\/\/ubanews.com\/site\/#\/schema\/person\/9d8da9ec3c8d00640ab6e8c81e103310\",\"name\":\"Carlos Roberto Sodr\u00e9\",\"image\":{\"@type\":\"ImageObject\",\"inLanguage\":\"pt-BR\",\"@id\":\"https:\/\/secure.gravatar.com\/avatar\/aab322e8555b56c468614fafdab8a8f924e394cdc6cfd8232f77e9e4d123a133?s=96&d=mm&r=g\",\"url\":\"https:\/\/secure.gravatar.com\/avatar\/aab322e8555b56c468614fafdab8a8f924e394cdc6cfd8232f77e9e4d123a133?s=96&d=mm&r=g\",\"contentUrl\":\"https:\/\/secure.gravatar.com\/avatar\/aab322e8555b56c468614fafdab8a8f924e394cdc6cfd8232f77e9e4d123a133?s=96&d=mm&r=g\",\"caption\":\"Carlos Roberto Sodr\u00e9\"},\"url\":\"https:\/\/ubanews.com\/site\/author\/sodre\/\"}]}<\/script>\n<!-- \/ Yoast SEO plugin. -->","yoast_head_json":{"title":"Anderson Badar\u00f3 e o poder da cria\u00e7\u00e3o coletiva - Ub\u00e1 News","description":"Anderson Badar\u00f3 e o poder da cria\u00e7\u00e3o coletiva. : m\u00fasica, arte e identidade ubaense.\u00a0Uma conversa sobre talentos e prop\u00f3sito.","robots":{"index":"index","follow":"follow","max-snippet":"max-snippet:-1","max-image-preview":"max-image-preview:large","max-video-preview":"max-video-preview:-1"},"canonical":"https:\/\/ubanews.com\/site\/2025\/10\/14\/anderson-badaro-e-o-poder-da-criacao-coletiva\/","og_locale":"pt_BR","og_type":"article","og_title":"Anderson Badar\u00f3 e o poder da cria\u00e7\u00e3o coletiva - Ub\u00e1 News","og_description":"Anderson Badar\u00f3 e o poder da cria\u00e7\u00e3o coletiva. : m\u00fasica, arte e identidade ubaense.\u00a0Uma conversa sobre talentos e prop\u00f3sito.","og_url":"https:\/\/ubanews.com\/site\/2025\/10\/14\/anderson-badaro-e-o-poder-da-criacao-coletiva\/","og_site_name":"Ub\u00e1 News","article_publisher":"https:\/\/www.facebook.com\/Ub%c3%a1News-Carlos-Roberto-Sodr%c3%a9-418778301977370","article_published_time":"2025-10-14T13:40:42+00:00","article_modified_time":"2025-10-14T14:25:48+00:00","og_image":[{"width":1364,"height":705,"url":"https:\/\/ubanews.com\/site\/wp-content\/uploads\/2025\/10\/Fala-Sodre-Anderson-Badaro-e-o-poder-da-criacao-coletiva.jpg","type":"image\/jpeg"}],"author":"Carlos Roberto Sodr\u00e9","twitter_card":"summary_large_image","twitter_misc":{"Escrito por":"Carlos Roberto Sodr\u00e9","Est. tempo de leitura":"4 minutos"},"schema":{"@context":"https:\/\/schema.org","@graph":[{"@type":"Article","@id":"https:\/\/ubanews.com\/site\/2025\/10\/14\/anderson-badaro-e-o-poder-da-criacao-coletiva\/#article","isPartOf":{"@id":"https:\/\/ubanews.com\/site\/2025\/10\/14\/anderson-badaro-e-o-poder-da-criacao-coletiva\/"},"author":{"name":"Carlos Roberto Sodr\u00e9","@id":"https:\/\/ubanews.com\/site\/#\/schema\/person\/9d8da9ec3c8d00640ab6e8c81e103310"},"headline":"Anderson Badar\u00f3 e o poder da cria\u00e7\u00e3o coletiva","datePublished":"2025-10-14T13:40:42+00:00","dateModified":"2025-10-14T14:25:48+00:00","mainEntityOfPage":{"@id":"https:\/\/ubanews.com\/site\/2025\/10\/14\/anderson-badaro-e-o-poder-da-criacao-coletiva\/"},"wordCount":678,"commentCount":0,"publisher":{"@id":"https:\/\/ubanews.com\/site\/#organization"},"image":{"@id":"https:\/\/ubanews.com\/site\/2025\/10\/14\/anderson-badaro-e-o-poder-da-criacao-coletiva\/#primaryimage"},"thumbnailUrl":"https:\/\/ubanews.com\/site\/wp-content\/uploads\/2025\/10\/Fala-Sodre-Anderson-Badaro-e-o-poder-da-criacao-coletiva.jpg","keywords":["Badar\u00f3","Fala Sodr\u00e9","M\u00fasica","UBANEWS"],"articleSection":["Geral","Slide"],"inLanguage":"pt-BR","potentialAction":[{"@type":"CommentAction","name":"Comment","target":["https:\/\/ubanews.com\/site\/2025\/10\/14\/anderson-badaro-e-o-poder-da-criacao-coletiva\/#respond"]}]},{"@type":"WebPage","@id":"https:\/\/ubanews.com\/site\/2025\/10\/14\/anderson-badaro-e-o-poder-da-criacao-coletiva\/","url":"https:\/\/ubanews.com\/site\/2025\/10\/14\/anderson-badaro-e-o-poder-da-criacao-coletiva\/","name":"Anderson Badar\u00f3 e o poder da cria\u00e7\u00e3o coletiva - Ub\u00e1 News","isPartOf":{"@id":"https:\/\/ubanews.com\/site\/#website"},"primaryImageOfPage":{"@id":"https:\/\/ubanews.com\/site\/2025\/10\/14\/anderson-badaro-e-o-poder-da-criacao-coletiva\/#primaryimage"},"image":{"@id":"https:\/\/ubanews.com\/site\/2025\/10\/14\/anderson-badaro-e-o-poder-da-criacao-coletiva\/#primaryimage"},"thumbnailUrl":"https:\/\/ubanews.com\/site\/wp-content\/uploads\/2025\/10\/Fala-Sodre-Anderson-Badaro-e-o-poder-da-criacao-coletiva.jpg","datePublished":"2025-10-14T13:40:42+00:00","dateModified":"2025-10-14T14:25:48+00:00","description":"Anderson Badar\u00f3 e o poder da cria\u00e7\u00e3o coletiva. : m\u00fasica, arte e identidade ubaense.\u00a0Uma conversa sobre talentos e prop\u00f3sito.","breadcrumb":{"@id":"https:\/\/ubanews.com\/site\/2025\/10\/14\/anderson-badaro-e-o-poder-da-criacao-coletiva\/#breadcrumb"},"inLanguage":"pt-BR","potentialAction":[{"@type":"ReadAction","target":["https:\/\/ubanews.com\/site\/2025\/10\/14\/anderson-badaro-e-o-poder-da-criacao-coletiva\/"]}]},{"@type":"ImageObject","inLanguage":"pt-BR","@id":"https:\/\/ubanews.com\/site\/2025\/10\/14\/anderson-badaro-e-o-poder-da-criacao-coletiva\/#primaryimage","url":"https:\/\/ubanews.com\/site\/wp-content\/uploads\/2025\/10\/Fala-Sodre-Anderson-Badaro-e-o-poder-da-criacao-coletiva.jpg","contentUrl":"https:\/\/ubanews.com\/site\/wp-content\/uploads\/2025\/10\/Fala-Sodre-Anderson-Badaro-e-o-poder-da-criacao-coletiva.jpg","width":1364,"height":705,"caption":"Fala Sodr\u00e9 - Anderson Badar\u00f3 e o poder da cria\u00e7\u00e3o coletiva"},{"@type":"BreadcrumbList","@id":"https:\/\/ubanews.com\/site\/2025\/10\/14\/anderson-badaro-e-o-poder-da-criacao-coletiva\/#breadcrumb","itemListElement":[{"@type":"ListItem","position":1,"name":"Home","item":"https:\/\/ubanews.com\/site\/"},{"@type":"ListItem","position":2,"name":"Anderson Badar\u00f3 e o poder da cria\u00e7\u00e3o coletiva"}]},{"@type":"WebSite","@id":"https:\/\/ubanews.com\/site\/#website","url":"https:\/\/ubanews.com\/site\/","name":"Ub\u00e1 News","description":"","publisher":{"@id":"https:\/\/ubanews.com\/site\/#organization"},"potentialAction":[{"@type":"SearchAction","target":{"@type":"EntryPoint","urlTemplate":"https:\/\/ubanews.com\/site\/?s={search_term_string}"},"query-input":{"@type":"PropertyValueSpecification","valueRequired":true,"valueName":"search_term_string"}}],"inLanguage":"pt-BR"},{"@type":"Organization","@id":"https:\/\/ubanews.com\/site\/#organization","name":"Ub\u00e1 News","url":"https:\/\/ubanews.com\/site\/","logo":{"@type":"ImageObject","inLanguage":"pt-BR","@id":"https:\/\/ubanews.com\/site\/#\/schema\/logo\/image\/","url":"https:\/\/ubanews.com\/site\/wp-content\/uploads\/2018\/01\/logoubanews.png","contentUrl":"https:\/\/ubanews.com\/site\/wp-content\/uploads\/2018\/01\/logoubanews.png","width":261,"height":99,"caption":"Ub\u00e1 News"},"image":{"@id":"https:\/\/ubanews.com\/site\/#\/schema\/logo\/image\/"},"sameAs":["https:\/\/www.facebook.com\/Ub\u00e1News-Carlos-Roberto-Sodr\u00e9-418778301977370"]},{"@type":"Person","@id":"https:\/\/ubanews.com\/site\/#\/schema\/person\/9d8da9ec3c8d00640ab6e8c81e103310","name":"Carlos Roberto Sodr\u00e9","image":{"@type":"ImageObject","inLanguage":"pt-BR","@id":"https:\/\/secure.gravatar.com\/avatar\/aab322e8555b56c468614fafdab8a8f924e394cdc6cfd8232f77e9e4d123a133?s=96&d=mm&r=g","url":"https:\/\/secure.gravatar.com\/avatar\/aab322e8555b56c468614fafdab8a8f924e394cdc6cfd8232f77e9e4d123a133?s=96&d=mm&r=g","contentUrl":"https:\/\/secure.gravatar.com\/avatar\/aab322e8555b56c468614fafdab8a8f924e394cdc6cfd8232f77e9e4d123a133?s=96&d=mm&r=g","caption":"Carlos Roberto Sodr\u00e9"},"url":"https:\/\/ubanews.com\/site\/author\/sodre\/"}]}},"_links":{"self":[{"href":"https:\/\/ubanews.com\/site\/wp-json\/wp\/v2\/posts\/23166","targetHints":{"allow":["GET"]}}],"collection":[{"href":"https:\/\/ubanews.com\/site\/wp-json\/wp\/v2\/posts"}],"about":[{"href":"https:\/\/ubanews.com\/site\/wp-json\/wp\/v2\/types\/post"}],"author":[{"embeddable":true,"href":"https:\/\/ubanews.com\/site\/wp-json\/wp\/v2\/users\/4"}],"replies":[{"embeddable":true,"href":"https:\/\/ubanews.com\/site\/wp-json\/wp\/v2\/comments?post=23166"}],"version-history":[{"count":0,"href":"https:\/\/ubanews.com\/site\/wp-json\/wp\/v2\/posts\/23166\/revisions"}],"wp:featuredmedia":[{"embeddable":true,"href":"https:\/\/ubanews.com\/site\/wp-json\/wp\/v2\/media\/23167"}],"wp:attachment":[{"href":"https:\/\/ubanews.com\/site\/wp-json\/wp\/v2\/media?parent=23166"}],"wp:term":[{"taxonomy":"category","embeddable":true,"href":"https:\/\/ubanews.com\/site\/wp-json\/wp\/v2\/categories?post=23166"},{"taxonomy":"post_tag","embeddable":true,"href":"https:\/\/ubanews.com\/site\/wp-json\/wp\/v2\/tags?post=23166"}],"curies":[{"name":"wp","href":"https:\/\/api.w.org\/{rel}","templated":true}]}}