{"id":23133,"date":"2025-10-09T13:49:12","date_gmt":"2025-10-09T16:49:12","guid":{"rendered":"https:\/\/ubanews.com\/site\/?p=23133"},"modified":"2025-10-09T13:49:12","modified_gmt":"2025-10-09T16:49:12","slug":"policia_civil_realiza_palestra_sobre_seguranca_digital_em_vicosa","status":"publish","type":"post","link":"https:\/\/ubanews.com\/site\/2025\/10\/09\/policia_civil_realiza_palestra_sobre_seguranca_digital_em_vicosa\/","title":{"rendered":"Pol\u00edcia Civil realiza palestra sobre seguran\u00e7a digital em Vi\u00e7osa"},"content":{"rendered":"<p>Pol\u00edcia Civil realiza palestra sobre seguran\u00e7a digital em Vi\u00e7osa<br \/>\nA\u00e7\u00e3o foi promovida pela Delegacia Regional e abordou os riscos do uso indevido de redes sociais por crian\u00e7as e adolescentes.<\/p>\n<h2>Pol\u00edcia Civil realiza palestra sobre seguran\u00e7a digital em Vi\u00e7osa<\/h2>\n<p><img decoding=\"async\" class=\"aligncenter size-medium wp-image-23134 lazyload\" data-src=\"https:\/\/ubanews.com\/site\/wp-content\/uploads\/2025\/10\/Policia-Civil-300x236.jpeg\" alt=\"Pol\u00edcia Civil\" width=\"300\" height=\"236\" data-srcset=\"https:\/\/ubanews.com\/site\/wp-content\/uploads\/2025\/10\/Policia-Civil-300x236.jpeg 300w, https:\/\/ubanews.com\/site\/wp-content\/uploads\/2025\/10\/Policia-Civil-768x605.jpeg 768w, https:\/\/ubanews.com\/site\/wp-content\/uploads\/2025\/10\/Policia-Civil.jpeg 800w\" data-sizes=\"(max-width: 300px) 100vw, 300px\" src=\"data:image\/svg+xml;base64,PHN2ZyB3aWR0aD0iMSIgaGVpZ2h0PSIxIiB4bWxucz0iaHR0cDovL3d3dy53My5vcmcvMjAwMC9zdmciPjwvc3ZnPg==\" style=\"--smush-placeholder-width: 300px; --smush-placeholder-aspect-ratio: 300\/236;\" \/><\/p>\n<p>A Pol\u00edcia Civil de Minas Gerais (PCMG) promoveu, nessa quarta-feira (8\/10), uma palestra voltada a pais e professores de uma institui\u00e7\u00e3o de ensino particular de Vi\u00e7osa, na Zona da Mata. O encontro abordou os riscos do uso indevido e n\u00e3o supervisionado das redes sociais por crian\u00e7as e adolescentes.<br \/>\nOs delegados Diogo Abdo e Mois\u00e9s Albuquerque da Costa Freitas apresentaram casos concretos que ilustram situa\u00e7\u00f5es de aliciamento e exposi\u00e7\u00e3o de menores no ambiente virtual, al\u00e9m de repassar orienta\u00e7\u00f5es pr\u00e1ticas aos pais sobre como prevenir esse tipo de crime.<br \/>\nNa ocasi\u00e3o, o delegado Diogo Abdo destacou a import\u00e2ncia da supervis\u00e3o ativa dos respons\u00e1veis. &#8220;Relatamos casos reais de crimes praticados por meio de redes sociais e refor\u00e7amos a necessidade de mecanismos eficientes de monitoramento familiar, para que crian\u00e7as e adolescentes estejam protegidos das amea\u00e7as digitais&#8221;, afirmou.<br \/>\nNa sequ\u00eancia, o delegado Mois\u00e9s Albuquerque da Costa Freitas apresentou ferramentas de controle parental e explicou como identificar sinais de exposi\u00e7\u00e3o a criminosos virtuais. &#8220;Existem instrumentos simples que auxiliam os pais a acompanharem o uso das redes pelos filhos, reconhecendo padr\u00f5es de risco e evitando situa\u00e7\u00f5es de vulnerabilidade&#8221;, ressaltou.<br \/>\nO ciclo de palestras, coordenado pelo delegado regional Jos\u00e9 Donizetti Teixeira, tem como objetivo conscientizar pais, professores e estudantes sobre os perigos do uso irrespons\u00e1vel da internet, promovendo uma cultura de preven\u00e7\u00e3o e seguran\u00e7a digital nas escolas da regi\u00e3o.<br \/>\n&#8220;Diante da grande procura, um cronograma de palestras est\u00e1 sendo estruturado pela 5\u00aa Delegacia Regional em Vi\u00e7osa para o ano de 2026. As institui\u00e7\u00f5es interessadas em receber o projeto podem entrar em contato com a unidade para mais informa\u00e7\u00f5es&#8221;, informou Teixeira.<\/p>\n","protected":false},"excerpt":{"rendered":"<p>Pol\u00edcia Civil realiza palestra sobre seguran\u00e7a digital em Vi\u00e7osa A\u00e7\u00e3o<\/p>\n","protected":false},"author":4,"featured_media":0,"comment_status":"open","ping_status":"open","sticky":false,"template":"","format":"standard","meta":{"footnotes":""},"categories":[1],"tags":[59,107,60],"class_list":["post-23133","post","type-post","status-publish","format-standard","hentry","category-sem-categoria","tag-fala-sodre","tag-policia-civil","tag-ubanews"],"yoast_head":"<!-- This site is optimized with the Yoast SEO plugin v27.2 - https:\/\/yoast.com\/product\/yoast-seo-wordpress\/ -->\n<title>Pol\u00edcia Civil realiza palestra sobre seguran\u00e7a digital em Vi\u00e7osa - Ub\u00e1 News<\/title>\n<meta name=\"description\" content=\"Pol\u00edcia Civil realiza palestra sobre seguran\u00e7a digital em Vi\u00e7osa. A\u00e7\u00e3o foi promovida pela Delegacia Regional.\" \/>\n<meta name=\"robots\" content=\"index, follow, max-snippet:-1, max-image-preview:large, max-video-preview:-1\" \/>\n<link rel=\"canonical\" href=\"https:\/\/ubanews.com\/site\/2025\/10\/09\/policia_civil_realiza_palestra_sobre_seguranca_digital_em_vicosa\/\" \/>\n<meta property=\"og:locale\" content=\"pt_BR\" \/>\n<meta property=\"og:type\" content=\"article\" \/>\n<meta property=\"og:title\" content=\"Pol\u00edcia Civil realiza palestra sobre seguran\u00e7a digital em Vi\u00e7osa - Ub\u00e1 News\" \/>\n<meta property=\"og:description\" content=\"Pol\u00edcia Civil realiza palestra sobre seguran\u00e7a digital em Vi\u00e7osa. A\u00e7\u00e3o foi promovida pela Delegacia Regional.\" \/>\n<meta property=\"og:url\" content=\"https:\/\/ubanews.com\/site\/2025\/10\/09\/policia_civil_realiza_palestra_sobre_seguranca_digital_em_vicosa\/\" \/>\n<meta property=\"og:site_name\" content=\"Ub\u00e1 News\" \/>\n<meta property=\"article:publisher\" content=\"https:\/\/www.facebook.com\/Ub%c3%a1News-Carlos-Roberto-Sodr%c3%a9-418778301977370\" \/>\n<meta property=\"article:published_time\" content=\"2025-10-09T16:49:12+00:00\" \/>\n<meta property=\"og:image\" content=\"https:\/\/ubanews.com\/site\/wp-content\/uploads\/2025\/10\/Policia-Civil.jpeg\" \/>\n\t<meta property=\"og:image:width\" content=\"800\" \/>\n\t<meta property=\"og:image:height\" content=\"630\" \/>\n\t<meta property=\"og:image:type\" content=\"image\/jpeg\" \/>\n<meta name=\"author\" content=\"Carlos Roberto Sodr\u00e9\" \/>\n<meta name=\"twitter:card\" content=\"summary_large_image\" \/>\n<meta name=\"twitter:label1\" content=\"Escrito por\" \/>\n\t<meta name=\"twitter:data1\" content=\"Carlos Roberto Sodr\u00e9\" \/>\n\t<meta name=\"twitter:label2\" content=\"Est. tempo de leitura\" \/>\n\t<meta name=\"twitter:data2\" content=\"2 minutos\" \/>\n<script type=\"application\/ld+json\" class=\"yoast-schema-graph\">{\"@context\":\"https:\/\/schema.org\",\"@graph\":[{\"@type\":\"Article\",\"@id\":\"https:\/\/ubanews.com\/site\/2025\/10\/09\/policia_civil_realiza_palestra_sobre_seguranca_digital_em_vicosa\/#article\",\"isPartOf\":{\"@id\":\"https:\/\/ubanews.com\/site\/2025\/10\/09\/policia_civil_realiza_palestra_sobre_seguranca_digital_em_vicosa\/\"},\"author\":{\"name\":\"Carlos Roberto Sodr\u00e9\",\"@id\":\"https:\/\/ubanews.com\/site\/#\/schema\/person\/9d8da9ec3c8d00640ab6e8c81e103310\"},\"headline\":\"Pol\u00edcia Civil realiza palestra sobre seguran\u00e7a digital em Vi\u00e7osa\",\"datePublished\":\"2025-10-09T16:49:12+00:00\",\"mainEntityOfPage\":{\"@id\":\"https:\/\/ubanews.com\/site\/2025\/10\/09\/policia_civil_realiza_palestra_sobre_seguranca_digital_em_vicosa\/\"},\"wordCount\":347,\"commentCount\":0,\"publisher\":{\"@id\":\"https:\/\/ubanews.com\/site\/#organization\"},\"image\":{\"@id\":\"https:\/\/ubanews.com\/site\/2025\/10\/09\/policia_civil_realiza_palestra_sobre_seguranca_digital_em_vicosa\/#primaryimage\"},\"thumbnailUrl\":\"https:\/\/ubanews.com\/site\/wp-content\/uploads\/2025\/10\/Policia-Civil-300x236.jpeg\",\"keywords\":[\"Fala Sodr\u00e9\",\"Pol\u00edcia Civil\",\"UBANEWS\"],\"articleSection\":[\"Geral\"],\"inLanguage\":\"pt-BR\",\"potentialAction\":[{\"@type\":\"CommentAction\",\"name\":\"Comment\",\"target\":[\"https:\/\/ubanews.com\/site\/2025\/10\/09\/policia_civil_realiza_palestra_sobre_seguranca_digital_em_vicosa\/#respond\"]}]},{\"@type\":\"WebPage\",\"@id\":\"https:\/\/ubanews.com\/site\/2025\/10\/09\/policia_civil_realiza_palestra_sobre_seguranca_digital_em_vicosa\/\",\"url\":\"https:\/\/ubanews.com\/site\/2025\/10\/09\/policia_civil_realiza_palestra_sobre_seguranca_digital_em_vicosa\/\",\"name\":\"Pol\u00edcia Civil realiza palestra sobre seguran\u00e7a digital em Vi\u00e7osa - Ub\u00e1 News\",\"isPartOf\":{\"@id\":\"https:\/\/ubanews.com\/site\/#website\"},\"primaryImageOfPage\":{\"@id\":\"https:\/\/ubanews.com\/site\/2025\/10\/09\/policia_civil_realiza_palestra_sobre_seguranca_digital_em_vicosa\/#primaryimage\"},\"image\":{\"@id\":\"https:\/\/ubanews.com\/site\/2025\/10\/09\/policia_civil_realiza_palestra_sobre_seguranca_digital_em_vicosa\/#primaryimage\"},\"thumbnailUrl\":\"https:\/\/ubanews.com\/site\/wp-content\/uploads\/2025\/10\/Policia-Civil-300x236.jpeg\",\"datePublished\":\"2025-10-09T16:49:12+00:00\",\"description\":\"Pol\u00edcia Civil realiza palestra sobre seguran\u00e7a digital em Vi\u00e7osa. A\u00e7\u00e3o foi promovida pela Delegacia Regional.\",\"breadcrumb\":{\"@id\":\"https:\/\/ubanews.com\/site\/2025\/10\/09\/policia_civil_realiza_palestra_sobre_seguranca_digital_em_vicosa\/#breadcrumb\"},\"inLanguage\":\"pt-BR\",\"potentialAction\":[{\"@type\":\"ReadAction\",\"target\":[\"https:\/\/ubanews.com\/site\/2025\/10\/09\/policia_civil_realiza_palestra_sobre_seguranca_digital_em_vicosa\/\"]}]},{\"@type\":\"ImageObject\",\"inLanguage\":\"pt-BR\",\"@id\":\"https:\/\/ubanews.com\/site\/2025\/10\/09\/policia_civil_realiza_palestra_sobre_seguranca_digital_em_vicosa\/#primaryimage\",\"url\":\"https:\/\/ubanews.com\/site\/wp-content\/uploads\/2025\/10\/Policia-Civil.jpeg\",\"contentUrl\":\"https:\/\/ubanews.com\/site\/wp-content\/uploads\/2025\/10\/Policia-Civil.jpeg\",\"width\":800,\"height\":630,\"caption\":\"Pol\u00edcia Civil\"},{\"@type\":\"BreadcrumbList\",\"@id\":\"https:\/\/ubanews.com\/site\/2025\/10\/09\/policia_civil_realiza_palestra_sobre_seguranca_digital_em_vicosa\/#breadcrumb\",\"itemListElement\":[{\"@type\":\"ListItem\",\"position\":1,\"name\":\"Home\",\"item\":\"https:\/\/ubanews.com\/site\/\"},{\"@type\":\"ListItem\",\"position\":2,\"name\":\"Pol\u00edcia Civil realiza palestra sobre seguran\u00e7a digital em Vi\u00e7osa\"}]},{\"@type\":\"WebSite\",\"@id\":\"https:\/\/ubanews.com\/site\/#website\",\"url\":\"https:\/\/ubanews.com\/site\/\",\"name\":\"Ub\u00e1 News\",\"description\":\"\",\"publisher\":{\"@id\":\"https:\/\/ubanews.com\/site\/#organization\"},\"potentialAction\":[{\"@type\":\"SearchAction\",\"target\":{\"@type\":\"EntryPoint\",\"urlTemplate\":\"https:\/\/ubanews.com\/site\/?s={search_term_string}\"},\"query-input\":{\"@type\":\"PropertyValueSpecification\",\"valueRequired\":true,\"valueName\":\"search_term_string\"}}],\"inLanguage\":\"pt-BR\"},{\"@type\":\"Organization\",\"@id\":\"https:\/\/ubanews.com\/site\/#organization\",\"name\":\"Ub\u00e1 News\",\"url\":\"https:\/\/ubanews.com\/site\/\",\"logo\":{\"@type\":\"ImageObject\",\"inLanguage\":\"pt-BR\",\"@id\":\"https:\/\/ubanews.com\/site\/#\/schema\/logo\/image\/\",\"url\":\"https:\/\/ubanews.com\/site\/wp-content\/uploads\/2018\/01\/logoubanews.png\",\"contentUrl\":\"https:\/\/ubanews.com\/site\/wp-content\/uploads\/2018\/01\/logoubanews.png\",\"width\":261,\"height\":99,\"caption\":\"Ub\u00e1 News\"},\"image\":{\"@id\":\"https:\/\/ubanews.com\/site\/#\/schema\/logo\/image\/\"},\"sameAs\":[\"https:\/\/www.facebook.com\/Ub\u00e1News-Carlos-Roberto-Sodr\u00e9-418778301977370\"]},{\"@type\":\"Person\",\"@id\":\"https:\/\/ubanews.com\/site\/#\/schema\/person\/9d8da9ec3c8d00640ab6e8c81e103310\",\"name\":\"Carlos Roberto Sodr\u00e9\",\"image\":{\"@type\":\"ImageObject\",\"inLanguage\":\"pt-BR\",\"@id\":\"https:\/\/secure.gravatar.com\/avatar\/aab322e8555b56c468614fafdab8a8f924e394cdc6cfd8232f77e9e4d123a133?s=96&d=mm&r=g\",\"url\":\"https:\/\/secure.gravatar.com\/avatar\/aab322e8555b56c468614fafdab8a8f924e394cdc6cfd8232f77e9e4d123a133?s=96&d=mm&r=g\",\"contentUrl\":\"https:\/\/secure.gravatar.com\/avatar\/aab322e8555b56c468614fafdab8a8f924e394cdc6cfd8232f77e9e4d123a133?s=96&d=mm&r=g\",\"caption\":\"Carlos Roberto Sodr\u00e9\"},\"url\":\"https:\/\/ubanews.com\/site\/author\/sodre\/\"}]}<\/script>\n<!-- \/ Yoast SEO plugin. -->","yoast_head_json":{"title":"Pol\u00edcia Civil realiza palestra sobre seguran\u00e7a digital em Vi\u00e7osa - Ub\u00e1 News","description":"Pol\u00edcia Civil realiza palestra sobre seguran\u00e7a digital em Vi\u00e7osa. A\u00e7\u00e3o foi promovida pela Delegacia Regional.","robots":{"index":"index","follow":"follow","max-snippet":"max-snippet:-1","max-image-preview":"max-image-preview:large","max-video-preview":"max-video-preview:-1"},"canonical":"https:\/\/ubanews.com\/site\/2025\/10\/09\/policia_civil_realiza_palestra_sobre_seguranca_digital_em_vicosa\/","og_locale":"pt_BR","og_type":"article","og_title":"Pol\u00edcia Civil realiza palestra sobre seguran\u00e7a digital em Vi\u00e7osa - Ub\u00e1 News","og_description":"Pol\u00edcia Civil realiza palestra sobre seguran\u00e7a digital em Vi\u00e7osa. A\u00e7\u00e3o foi promovida pela Delegacia Regional.","og_url":"https:\/\/ubanews.com\/site\/2025\/10\/09\/policia_civil_realiza_palestra_sobre_seguranca_digital_em_vicosa\/","og_site_name":"Ub\u00e1 News","article_publisher":"https:\/\/www.facebook.com\/Ub%c3%a1News-Carlos-Roberto-Sodr%c3%a9-418778301977370","article_published_time":"2025-10-09T16:49:12+00:00","og_image":[{"width":800,"height":630,"url":"https:\/\/ubanews.com\/site\/wp-content\/uploads\/2025\/10\/Policia-Civil.jpeg","type":"image\/jpeg"}],"author":"Carlos Roberto Sodr\u00e9","twitter_card":"summary_large_image","twitter_misc":{"Escrito por":"Carlos Roberto Sodr\u00e9","Est. tempo de leitura":"2 minutos"},"schema":{"@context":"https:\/\/schema.org","@graph":[{"@type":"Article","@id":"https:\/\/ubanews.com\/site\/2025\/10\/09\/policia_civil_realiza_palestra_sobre_seguranca_digital_em_vicosa\/#article","isPartOf":{"@id":"https:\/\/ubanews.com\/site\/2025\/10\/09\/policia_civil_realiza_palestra_sobre_seguranca_digital_em_vicosa\/"},"author":{"name":"Carlos Roberto Sodr\u00e9","@id":"https:\/\/ubanews.com\/site\/#\/schema\/person\/9d8da9ec3c8d00640ab6e8c81e103310"},"headline":"Pol\u00edcia Civil realiza palestra sobre seguran\u00e7a digital em Vi\u00e7osa","datePublished":"2025-10-09T16:49:12+00:00","mainEntityOfPage":{"@id":"https:\/\/ubanews.com\/site\/2025\/10\/09\/policia_civil_realiza_palestra_sobre_seguranca_digital_em_vicosa\/"},"wordCount":347,"commentCount":0,"publisher":{"@id":"https:\/\/ubanews.com\/site\/#organization"},"image":{"@id":"https:\/\/ubanews.com\/site\/2025\/10\/09\/policia_civil_realiza_palestra_sobre_seguranca_digital_em_vicosa\/#primaryimage"},"thumbnailUrl":"https:\/\/ubanews.com\/site\/wp-content\/uploads\/2025\/10\/Policia-Civil-300x236.jpeg","keywords":["Fala Sodr\u00e9","Pol\u00edcia Civil","UBANEWS"],"articleSection":["Geral"],"inLanguage":"pt-BR","potentialAction":[{"@type":"CommentAction","name":"Comment","target":["https:\/\/ubanews.com\/site\/2025\/10\/09\/policia_civil_realiza_palestra_sobre_seguranca_digital_em_vicosa\/#respond"]}]},{"@type":"WebPage","@id":"https:\/\/ubanews.com\/site\/2025\/10\/09\/policia_civil_realiza_palestra_sobre_seguranca_digital_em_vicosa\/","url":"https:\/\/ubanews.com\/site\/2025\/10\/09\/policia_civil_realiza_palestra_sobre_seguranca_digital_em_vicosa\/","name":"Pol\u00edcia Civil realiza palestra sobre seguran\u00e7a digital em Vi\u00e7osa - Ub\u00e1 News","isPartOf":{"@id":"https:\/\/ubanews.com\/site\/#website"},"primaryImageOfPage":{"@id":"https:\/\/ubanews.com\/site\/2025\/10\/09\/policia_civil_realiza_palestra_sobre_seguranca_digital_em_vicosa\/#primaryimage"},"image":{"@id":"https:\/\/ubanews.com\/site\/2025\/10\/09\/policia_civil_realiza_palestra_sobre_seguranca_digital_em_vicosa\/#primaryimage"},"thumbnailUrl":"https:\/\/ubanews.com\/site\/wp-content\/uploads\/2025\/10\/Policia-Civil-300x236.jpeg","datePublished":"2025-10-09T16:49:12+00:00","description":"Pol\u00edcia Civil realiza palestra sobre seguran\u00e7a digital em Vi\u00e7osa. A\u00e7\u00e3o foi promovida pela Delegacia Regional.","breadcrumb":{"@id":"https:\/\/ubanews.com\/site\/2025\/10\/09\/policia_civil_realiza_palestra_sobre_seguranca_digital_em_vicosa\/#breadcrumb"},"inLanguage":"pt-BR","potentialAction":[{"@type":"ReadAction","target":["https:\/\/ubanews.com\/site\/2025\/10\/09\/policia_civil_realiza_palestra_sobre_seguranca_digital_em_vicosa\/"]}]},{"@type":"ImageObject","inLanguage":"pt-BR","@id":"https:\/\/ubanews.com\/site\/2025\/10\/09\/policia_civil_realiza_palestra_sobre_seguranca_digital_em_vicosa\/#primaryimage","url":"https:\/\/ubanews.com\/site\/wp-content\/uploads\/2025\/10\/Policia-Civil.jpeg","contentUrl":"https:\/\/ubanews.com\/site\/wp-content\/uploads\/2025\/10\/Policia-Civil.jpeg","width":800,"height":630,"caption":"Pol\u00edcia Civil"},{"@type":"BreadcrumbList","@id":"https:\/\/ubanews.com\/site\/2025\/10\/09\/policia_civil_realiza_palestra_sobre_seguranca_digital_em_vicosa\/#breadcrumb","itemListElement":[{"@type":"ListItem","position":1,"name":"Home","item":"https:\/\/ubanews.com\/site\/"},{"@type":"ListItem","position":2,"name":"Pol\u00edcia Civil realiza palestra sobre seguran\u00e7a digital em Vi\u00e7osa"}]},{"@type":"WebSite","@id":"https:\/\/ubanews.com\/site\/#website","url":"https:\/\/ubanews.com\/site\/","name":"Ub\u00e1 News","description":"","publisher":{"@id":"https:\/\/ubanews.com\/site\/#organization"},"potentialAction":[{"@type":"SearchAction","target":{"@type":"EntryPoint","urlTemplate":"https:\/\/ubanews.com\/site\/?s={search_term_string}"},"query-input":{"@type":"PropertyValueSpecification","valueRequired":true,"valueName":"search_term_string"}}],"inLanguage":"pt-BR"},{"@type":"Organization","@id":"https:\/\/ubanews.com\/site\/#organization","name":"Ub\u00e1 News","url":"https:\/\/ubanews.com\/site\/","logo":{"@type":"ImageObject","inLanguage":"pt-BR","@id":"https:\/\/ubanews.com\/site\/#\/schema\/logo\/image\/","url":"https:\/\/ubanews.com\/site\/wp-content\/uploads\/2018\/01\/logoubanews.png","contentUrl":"https:\/\/ubanews.com\/site\/wp-content\/uploads\/2018\/01\/logoubanews.png","width":261,"height":99,"caption":"Ub\u00e1 News"},"image":{"@id":"https:\/\/ubanews.com\/site\/#\/schema\/logo\/image\/"},"sameAs":["https:\/\/www.facebook.com\/Ub\u00e1News-Carlos-Roberto-Sodr\u00e9-418778301977370"]},{"@type":"Person","@id":"https:\/\/ubanews.com\/site\/#\/schema\/person\/9d8da9ec3c8d00640ab6e8c81e103310","name":"Carlos Roberto Sodr\u00e9","image":{"@type":"ImageObject","inLanguage":"pt-BR","@id":"https:\/\/secure.gravatar.com\/avatar\/aab322e8555b56c468614fafdab8a8f924e394cdc6cfd8232f77e9e4d123a133?s=96&d=mm&r=g","url":"https:\/\/secure.gravatar.com\/avatar\/aab322e8555b56c468614fafdab8a8f924e394cdc6cfd8232f77e9e4d123a133?s=96&d=mm&r=g","contentUrl":"https:\/\/secure.gravatar.com\/avatar\/aab322e8555b56c468614fafdab8a8f924e394cdc6cfd8232f77e9e4d123a133?s=96&d=mm&r=g","caption":"Carlos Roberto Sodr\u00e9"},"url":"https:\/\/ubanews.com\/site\/author\/sodre\/"}]}},"_links":{"self":[{"href":"https:\/\/ubanews.com\/site\/wp-json\/wp\/v2\/posts\/23133","targetHints":{"allow":["GET"]}}],"collection":[{"href":"https:\/\/ubanews.com\/site\/wp-json\/wp\/v2\/posts"}],"about":[{"href":"https:\/\/ubanews.com\/site\/wp-json\/wp\/v2\/types\/post"}],"author":[{"embeddable":true,"href":"https:\/\/ubanews.com\/site\/wp-json\/wp\/v2\/users\/4"}],"replies":[{"embeddable":true,"href":"https:\/\/ubanews.com\/site\/wp-json\/wp\/v2\/comments?post=23133"}],"version-history":[{"count":0,"href":"https:\/\/ubanews.com\/site\/wp-json\/wp\/v2\/posts\/23133\/revisions"}],"wp:attachment":[{"href":"https:\/\/ubanews.com\/site\/wp-json\/wp\/v2\/media?parent=23133"}],"wp:term":[{"taxonomy":"category","embeddable":true,"href":"https:\/\/ubanews.com\/site\/wp-json\/wp\/v2\/categories?post=23133"},{"taxonomy":"post_tag","embeddable":true,"href":"https:\/\/ubanews.com\/site\/wp-json\/wp\/v2\/tags?post=23133"}],"curies":[{"name":"wp","href":"https:\/\/api.w.org\/{rel}","templated":true}]}}