{"id":23129,"date":"2025-10-09T13:41:46","date_gmt":"2025-10-09T16:41:46","guid":{"rendered":"https:\/\/ubanews.com\/site\/?p=23129"},"modified":"2025-10-09T14:38:44","modified_gmt":"2025-10-09T17:38:44","slug":"fala-sodre-recebe-o-prefeito-jose-damato-e-o-vice-prefeito-cb-rominho","status":"publish","type":"post","link":"https:\/\/ubanews.com\/site\/2025\/10\/09\/fala-sodre-recebe-o-prefeito-jose-damato-e-o-vice-prefeito-cb-rominho\/","title":{"rendered":"Fala Sodr\u00e9 recebe o prefeito Jos\u00e9 Damato e o vice-prefeito CB Rominho"},"content":{"rendered":"<p data-start=\"450\" data-end=\"584\">Fala Sodr\u00e9 recebe o prefeito Jos\u00e9 Damato e o vice-prefeito CB Rominho: di\u00e1logo aberto sobre Ub\u00e1, gest\u00e3o e desafios da Cidade Carinho.\u00a0O <strong data-start=\"588\" data-end=\"611\">programa Fala Sodr\u00e9<\/strong>, apresentado por <strong data-start=\"629\" data-end=\"653\">Carlos Roberto Sodr\u00e9<\/strong>, recebeu nesta edi\u00e7\u00e3o especial o <strong data-start=\"687\" data-end=\"729\">prefeito de Ub\u00e1, Professor Jos\u00e9 Damato<\/strong>, e o <strong data-start=\"735\" data-end=\"764\">vice-prefeito, CB Rominho<\/strong>.<br data-start=\"765\" data-end=\"768\" \/>A conversa, registrada pelas <strong data-start=\"797\" data-end=\"823\">imagens de Laisa Sodr\u00e9<\/strong> e com <strong data-start=\"830\" data-end=\"886\">gera\u00e7\u00e3o de conte\u00fado de Pedro Henriques (INDICCA.COM)<\/strong>, reuniu temas que v\u00e3o desde o cotidiano da Prefeitura at\u00e9 pautas pol\u00eamicas que movimentam as redes sociais da cidade.<\/p>\n<h2 data-start=\"450\" data-end=\"584\">Fala Sodr\u00e9 recebe o prefeito Jos\u00e9 Damato e o vice-prefeito CB Rominho<\/h2>\n<p><a href=\"https:\/\/www.youtube.com\/live\/rMwE9ZEfgqY?si=AvVxKyfPaRt8-KQh\" target=\"_blank\" rel=\"noopener\"><img decoding=\"async\" class=\"aligncenter size-medium wp-image-23131 lazyload\" data-src=\"https:\/\/ubanews.com\/site\/wp-content\/uploads\/2025\/10\/Fala-Sodre-com-Damato-e-Rominho-300x159.jpg\" alt=\"Fala Sodr\u00e9 recebe o prefeito Jos\u00e9 Damato e o vice-prefeito CB Rominho\" width=\"300\" height=\"159\" data-srcset=\"https:\/\/ubanews.com\/site\/wp-content\/uploads\/2025\/10\/Fala-Sodre-com-Damato-e-Rominho-300x159.jpg 300w, https:\/\/ubanews.com\/site\/wp-content\/uploads\/2025\/10\/Fala-Sodre-com-Damato-e-Rominho-1024x541.jpg 1024w, https:\/\/ubanews.com\/site\/wp-content\/uploads\/2025\/10\/Fala-Sodre-com-Damato-e-Rominho-768x406.jpg 768w, https:\/\/ubanews.com\/site\/wp-content\/uploads\/2025\/10\/Fala-Sodre-com-Damato-e-Rominho.jpg 1415w\" data-sizes=\"(max-width: 300px) 100vw, 300px\" src=\"data:image\/svg+xml;base64,PHN2ZyB3aWR0aD0iMSIgaGVpZ2h0PSIxIiB4bWxucz0iaHR0cDovL3d3dy53My5vcmcvMjAwMC9zdmciPjwvc3ZnPg==\" style=\"--smush-placeholder-width: 300px; --smush-placeholder-aspect-ratio: 300\/159;\" \/><\/a><\/p>\n<p data-start=\"1006\" data-end=\"1140\">Mais que uma entrevista, o encontro foi um exerc\u00edcio de <strong data-start=\"1062\" data-end=\"1089\">transpar\u00eancia e di\u00e1logo<\/strong>, aproximando o poder p\u00fablico da popula\u00e7\u00e3o ubaense.<\/p>\n<hr data-start=\"1142\" data-end=\"1145\" \/>\n<h2 data-start=\"1147\" data-end=\"1188\">A import\u00e2ncia de comunicar com verdade<\/h2>\n<p data-start=\"1190\" data-end=\"1343\">Logo no in\u00edcio, <strong data-start=\"1206\" data-end=\"1215\">Sodr\u00e9<\/strong> destacou o papel da comunica\u00e7\u00e3o local como elo entre o governo e o cidad\u00e3o.<br data-start=\"1291\" data-end=\"1294\" \/>O <strong data-start=\"1296\" data-end=\"1320\">prefeito Jos\u00e9 Damato<\/strong> refor\u00e7ou essa vis\u00e3o:<\/p>\n<blockquote data-start=\"1344\" data-end=\"1531\">\n<p data-start=\"1346\" data-end=\"1531\">\u201cA transpar\u00eancia hoje n\u00e3o \u00e9 uma op\u00e7\u00e3o, \u00e9 uma exig\u00eancia. As pessoas querem saber o que est\u00e1 acontecendo, e n\u00f3s temos a obriga\u00e7\u00e3o de mostrar o que fazemos com clareza e responsabilidade.\u201d<\/p>\n<\/blockquote>\n<p data-start=\"1533\" data-end=\"1668\">Ele explicou que a Prefeitura tem buscado <strong data-start=\"1575\" data-end=\"1605\">comunicar-se mais e melhor<\/strong>, enfrentando com serenidade os debates que surgem nas redes.<\/p>\n<blockquote data-start=\"1669\" data-end=\"1846\">\n<p data-start=\"1671\" data-end=\"1846\">\u201cN\u00e3o trabalhamos com fake news. Mostramos a realidade, mesmo quando ela exige explica\u00e7\u00f5es t\u00e9cnicas ou decis\u00f5es dif\u00edceis. Nosso compromisso \u00e9 com a verdade e com o bem de Ub\u00e1.\u201d<\/p>\n<\/blockquote>\n<p data-start=\"1848\" data-end=\"1996\">Para o prefeito, a <strong data-start=\"1867\" data-end=\"1889\">informa\u00e7\u00e3o correta<\/strong> \u00e9 uma das formas mais eficazes de combater distor\u00e7\u00f5es e fortalecer a confian\u00e7a entre governo e comunidade.<\/p>\n<hr data-start=\"1998\" data-end=\"2001\" \/>\n<h2 data-start=\"2003\" data-end=\"2043\">Desafios e decis\u00f5es da gest\u00e3o p\u00fablica<\/h2>\n<p data-start=\"2045\" data-end=\"2194\">Falando sobre os desafios da administra\u00e7\u00e3o municipal, <strong data-start=\"2099\" data-end=\"2109\">Damato<\/strong> destacou o equil\u00edbrio necess\u00e1rio entre demandas populares e limites or\u00e7ament\u00e1rios.<\/p>\n<blockquote data-start=\"2195\" data-end=\"2393\">\n<p data-start=\"2197\" data-end=\"2393\">\u201cTemos que decidir com base t\u00e9cnica e dentro da legalidade. \u00c0s vezes, uma decis\u00e3o demora porque precisa estar bem fundamentada. Fazemos o poss\u00edvel para causar o menor impacto e o maior benef\u00edcio.\u201d<\/p>\n<\/blockquote>\n<p data-start=\"2395\" data-end=\"2548\">Entre os projetos em andamento, o prefeito citou <strong data-start=\"2444\" data-end=\"2496\">investimentos em asfalto e abastecimento de \u00e1gua<\/strong>, temas que geram grande expectativa na popula\u00e7\u00e3o.<\/p>\n<blockquote data-start=\"2549\" data-end=\"2696\">\n<p data-start=\"2551\" data-end=\"2696\">\u201cEstamos atentos \u00e0s necessidades dos bairros e buscando solu\u00e7\u00f5es que cheguem a todos. Trabalhamos com planejamento, estudo e di\u00e1logo permanente.\u201d<\/p>\n<\/blockquote>\n<hr data-start=\"2698\" data-end=\"2701\" \/>\n<h2 data-start=\"2703\" data-end=\"2757\">CB Rominho: prop\u00f3sito e lealdade no servi\u00e7o p\u00fablico<\/h2>\n<p data-start=\"2759\" data-end=\"2858\">O <strong data-start=\"2761\" data-end=\"2789\">vice-prefeito CB Rominho<\/strong> refor\u00e7ou a import\u00e2ncia da \u00e9tica e do compromisso dentro da gest\u00e3o.<\/p>\n<blockquote data-start=\"2859\" data-end=\"3003\">\n<p data-start=\"2861\" data-end=\"3003\">\u201cQuem se dedica ao servi\u00e7o p\u00fablico precisa ter prop\u00f3sito e serenidade. A gente escuta, enfrenta cr\u00edticas e segue em frente com o que \u00e9 certo.\u201d<\/p>\n<\/blockquote>\n<p data-start=\"3005\" data-end=\"3076\">Ele tamb\u00e9m destacou a parceria e o alinhamento com o prefeito Damato:<\/p>\n<blockquote data-start=\"3077\" data-end=\"3239\">\n<p data-start=\"3079\" data-end=\"3239\">\u201cA pol\u00edtica precisa ser feita com empatia, sem vaidades. Trabalhamos com lealdade e responsabilidade, porque Ub\u00e1 merece gestores comprometidos e transparentes.\u201d<\/p>\n<\/blockquote>\n<hr data-start=\"3241\" data-end=\"3244\" \/>\n<h2 data-start=\"3246\" data-end=\"3278\">Sa\u00fade: a prioridade n\u00famero um<\/h2>\n<p data-start=\"3280\" data-end=\"3368\">Durante o di\u00e1logo, o prefeito foi direto ao ponto quando o tema foi <strong data-start=\"3348\" data-end=\"3365\">sa\u00fade p\u00fablica<\/strong>.<\/p>\n<blockquote data-start=\"3369\" data-end=\"3543\">\n<p data-start=\"3371\" data-end=\"3543\">\u201cA sa\u00fade \u00e9 o nosso principal foco. Estamos investindo nas unidades, nas equipes e na melhoria do atendimento. Esse \u00e9 o compromisso mais sens\u00edvel que temos com a popula\u00e7\u00e3o.\u201d<\/p>\n<\/blockquote>\n<p data-start=\"3545\" data-end=\"3716\">Ele lembrou que o <strong data-start=\"3563\" data-end=\"3601\">maior investimento da atual gest\u00e3o<\/strong> est\u00e1 concentrado justamente nesta \u00e1rea, refor\u00e7ando a necessidade de cuidar das pessoas com aten\u00e7\u00e3o e humanidade.<\/p>\n<blockquote data-start=\"3717\" data-end=\"3830\">\n<p data-start=\"3719\" data-end=\"3830\">\u201cAndamos nas ruas, ouvimos as pessoas, e \u00e9 assim que definimos nossas prioridades. \u00c9 um trabalho que n\u00e3o para.\u201d<\/p>\n<\/blockquote>\n<hr data-start=\"3832\" data-end=\"3835\" \/>\n<h2 data-start=\"3837\" data-end=\"3894\">Comunica\u00e7\u00e3o direta e responsabilidade com a informa\u00e7\u00e3o<\/h2>\n<p data-start=\"3896\" data-end=\"4011\">O apresentador <strong data-start=\"3911\" data-end=\"3935\">Carlos Roberto Sodr\u00e9<\/strong> destacou a import\u00e2ncia do jornalismo local como instrumento de cidadania.<\/p>\n<blockquote data-start=\"4012\" data-end=\"4139\">\n<p data-start=\"4014\" data-end=\"4139\">\u201cSer jornalista \u00e9 estar a servi\u00e7o da verdade. Perguntas dif\u00edceis tamb\u00e9m precisam ser feitas, e respostas precisam ser dadas.\u201d<\/p>\n<\/blockquote>\n<p data-start=\"4141\" data-end=\"4187\">O prefeito <strong data-start=\"4152\" data-end=\"4162\">Damato<\/strong> concordou e completou:<\/p>\n<blockquote data-start=\"4188\" data-end=\"4336\">\n<p data-start=\"4190\" data-end=\"4336\">\u201cAs perguntas dif\u00edceis precisam ser feitas. E n\u00f3s temos que ter tranquilidade para respond\u00ea-las com a consci\u00eancia de quem trabalha com seriedade.\u201d<\/p>\n<\/blockquote>\n<p data-start=\"4338\" data-end=\"4479\">Esse tom de di\u00e1logo e respeito marcou toda a entrevista, evidenciando o compromisso da gest\u00e3o em se comunicar com clareza e responsabilidade.<\/p>\n<hr data-start=\"4481\" data-end=\"4484\" \/>\n<h2 data-start=\"4486\" data-end=\"4528\">Uma conversa que fortalece a democracia<\/h2>\n<p data-start=\"4530\" data-end=\"4698\">Ao final, <strong data-start=\"4540\" data-end=\"4550\">Damato<\/strong> e <strong data-start=\"4553\" data-end=\"4567\">CB Rominho<\/strong> agradeceram o espa\u00e7o, refor\u00e7ando o compromisso com o desenvolvimento da cidade e a transpar\u00eancia na condu\u00e7\u00e3o das a\u00e7\u00f5es p\u00fablicas.<\/p>\n<blockquote data-start=\"4699\" data-end=\"4812\">\n<p data-start=\"4701\" data-end=\"4812\">\u201cUb\u00e1 \u00e9 a Cidade Carinho. Nossa miss\u00e3o \u00e9 cuidar dela com amor, respeito e trabalho di\u00e1rio\u201d, concluiu o prefeito.<\/p>\n<\/blockquote>\n<p data-start=\"4814\" data-end=\"4984\">A edi\u00e7\u00e3o do <strong data-start=\"4826\" data-end=\"4840\">Fala Sodr\u00e9<\/strong> reafirmou o papel do programa como <strong data-start=\"4876\" data-end=\"4925\">canal de di\u00e1logo entre autoridades e cidad\u00e3os<\/strong>, fortalecendo a democracia e valorizando a boa informa\u00e7\u00e3o.<\/p>\n<p><iframe title=\"Fala Sodr\u00e9: recebe o prefeito de Ub\u00e1 e o vice-prefeito, Professor Jos\u00e9 Damato e CB Rominho\" width=\"840\" height=\"473\" data-src=\"https:\/\/www.youtube.com\/embed\/rMwE9ZEfgqY?feature=oembed\" frameborder=\"0\" allow=\"accelerometer; autoplay; clipboard-write; encrypted-media; gyroscope; picture-in-picture; web-share\" referrerpolicy=\"strict-origin-when-cross-origin\" allowfullscreen src=\"data:image\/svg+xml;base64,PHN2ZyB3aWR0aD0iMSIgaGVpZ2h0PSIxIiB4bWxucz0iaHR0cDovL3d3dy53My5vcmcvMjAwMC9zdmciPjwvc3ZnPg==\" class=\"lazyload\" data-load-mode=\"1\"><\/iframe><\/p>\n<p style=\"margin: 0in; font-size: 20.0pt;\"><span style=\"font-family: 'Segoe UI Emoji';\">&#x1f4da; <\/span><span style=\"font-weight: bold; font-family: Calibri;\">Cobertura:<\/span><span style=\"font-family: Calibri;\"> Carlos Roberto Sodr\u00e9 <\/span><a href=\"https:\/\/wa.me\/553298481334\"><span style=\"font-family: Calibri;\">WhatsApp<\/span><\/a><\/p>\n<p style=\"margin: 0in; font-size: 20.0pt;\"><span style=\"font-family: 'Segoe UI Emoji';\">&#x1f4f8; <\/span><span style=\"font-weight: bold; font-family: Calibri;\">Imagens:<\/span><span style=\"font-family: Calibri;\"> Laisa Sodr\u00e9<\/span><\/p>\n<p style=\"margin: 0in; font-size: 20.0pt;\"><span style=\"font-family: 'Segoe UI Emoji';\">&#x1f4dd; <\/span><span style=\"font-weight: bold; font-family: Calibri;\">Conte\u00fado: <\/span><a href=\"https:\/\/www.linkedin.com\/in\/pedrohgf\/\"><span style=\"font-family: Calibri;\">Pedro Henriques<\/span><\/a><span style=\"font-family: Calibri;\"> \u2013 <\/span><a href=\"https:\/\/indicca.com.br\/blog\/\"><span style=\"font-family: Calibri;\">INDICCA.COM<\/span><\/a><span style=\"font-family: Calibri;\">\u00a0 <\/span><a href=\"https:\/\/wa.me\/5532988020057\"><span style=\"font-family: Calibri;\">WhatsApp<\/span><\/a><\/p>\n<p style=\"margin: 0in; font-size: 20.0pt;\"><span style=\"font-family: 'Segoe UI Emoji';\">&#x1f393; <\/span><span style=\"font-weight: bold; font-family: Calibri;\">Evento: Fala Sodr\u00e9 recebe o prefeito Jos\u00e9 Damato e o vice-prefeito CB Rominho<\/span><\/p>\n","protected":false},"excerpt":{"rendered":"<p>Fala Sodr\u00e9 recebe o prefeito Jos\u00e9 Damato e o vice-prefeito<\/p>\n","protected":false},"author":4,"featured_media":23131,"comment_status":"open","ping_status":"open","sticky":false,"template":"","format":"standard","meta":{"footnotes":""},"categories":[1,3],"tags":[63,59,62,147,148,60],"class_list":["post-23129","post","type-post","status-publish","format-standard","has-post-thumbnail","hentry","category-sem-categoria","category-slide","tag-cabo-rominho","tag-fala-sodre","tag-jose-damato","tag-prefeito","tag-rominho","tag-ubanews"],"yoast_head":"<!-- This site is optimized with the Yoast SEO plugin v27.2 - https:\/\/yoast.com\/product\/yoast-seo-wordpress\/ -->\n<title>Fala Sodr\u00e9 recebe o prefeito Jos\u00e9 Damato e o vice-prefeito CB Rominho - Ub\u00e1 News<\/title>\n<meta name=\"description\" content=\"Fala Sodr\u00e9 recebe o prefeito Jos\u00e9 Damato e o vice-prefeito CB Rominho: di\u00e1logo aberto sobre Ub\u00e1, gest\u00e3o e desafios da Cidade Carinho.\u00a0\" \/>\n<meta name=\"robots\" content=\"index, follow, max-snippet:-1, max-image-preview:large, max-video-preview:-1\" \/>\n<link rel=\"canonical\" href=\"https:\/\/ubanews.com\/site\/2025\/10\/09\/fala-sodre-recebe-o-prefeito-jose-damato-e-o-vice-prefeito-cb-rominho\/\" \/>\n<meta property=\"og:locale\" content=\"pt_BR\" \/>\n<meta property=\"og:type\" content=\"article\" \/>\n<meta property=\"og:title\" content=\"Fala Sodr\u00e9 recebe o prefeito Jos\u00e9 Damato e o vice-prefeito CB Rominho - Ub\u00e1 News\" \/>\n<meta property=\"og:description\" content=\"Fala Sodr\u00e9 recebe o prefeito Jos\u00e9 Damato e o vice-prefeito CB Rominho: di\u00e1logo aberto sobre Ub\u00e1, gest\u00e3o e desafios da Cidade Carinho.\u00a0\" \/>\n<meta property=\"og:url\" content=\"https:\/\/ubanews.com\/site\/2025\/10\/09\/fala-sodre-recebe-o-prefeito-jose-damato-e-o-vice-prefeito-cb-rominho\/\" \/>\n<meta property=\"og:site_name\" content=\"Ub\u00e1 News\" \/>\n<meta property=\"article:publisher\" content=\"https:\/\/www.facebook.com\/Ub%c3%a1News-Carlos-Roberto-Sodr%c3%a9-418778301977370\" \/>\n<meta property=\"article:published_time\" content=\"2025-10-09T16:41:46+00:00\" \/>\n<meta property=\"article:modified_time\" content=\"2025-10-09T17:38:44+00:00\" \/>\n<meta property=\"og:image\" content=\"https:\/\/ubanews.com\/site\/wp-content\/uploads\/2025\/10\/Fala-Sodre-com-Damato-e-Rominho.jpg\" \/>\n\t<meta property=\"og:image:width\" content=\"1415\" \/>\n\t<meta property=\"og:image:height\" content=\"748\" \/>\n\t<meta property=\"og:image:type\" content=\"image\/jpeg\" \/>\n<meta name=\"author\" content=\"Carlos Roberto Sodr\u00e9\" \/>\n<meta name=\"twitter:card\" content=\"summary_large_image\" \/>\n<meta name=\"twitter:label1\" content=\"Escrito por\" \/>\n\t<meta name=\"twitter:data1\" content=\"Carlos Roberto Sodr\u00e9\" \/>\n\t<meta name=\"twitter:label2\" content=\"Est. tempo de leitura\" \/>\n\t<meta name=\"twitter:data2\" content=\"3 minutos\" \/>\n<script type=\"application\/ld+json\" class=\"yoast-schema-graph\">{\"@context\":\"https:\/\/schema.org\",\"@graph\":[{\"@type\":\"Article\",\"@id\":\"https:\/\/ubanews.com\/site\/2025\/10\/09\/fala-sodre-recebe-o-prefeito-jose-damato-e-o-vice-prefeito-cb-rominho\/#article\",\"isPartOf\":{\"@id\":\"https:\/\/ubanews.com\/site\/2025\/10\/09\/fala-sodre-recebe-o-prefeito-jose-damato-e-o-vice-prefeito-cb-rominho\/\"},\"author\":{\"name\":\"Carlos Roberto Sodr\u00e9\",\"@id\":\"https:\/\/ubanews.com\/site\/#\/schema\/person\/9d8da9ec3c8d00640ab6e8c81e103310\"},\"headline\":\"Fala Sodr\u00e9 recebe o prefeito Jos\u00e9 Damato e o vice-prefeito CB Rominho\",\"datePublished\":\"2025-10-09T16:41:46+00:00\",\"dateModified\":\"2025-10-09T17:38:44+00:00\",\"mainEntityOfPage\":{\"@id\":\"https:\/\/ubanews.com\/site\/2025\/10\/09\/fala-sodre-recebe-o-prefeito-jose-damato-e-o-vice-prefeito-cb-rominho\/\"},\"wordCount\":834,\"commentCount\":0,\"publisher\":{\"@id\":\"https:\/\/ubanews.com\/site\/#organization\"},\"image\":{\"@id\":\"https:\/\/ubanews.com\/site\/2025\/10\/09\/fala-sodre-recebe-o-prefeito-jose-damato-e-o-vice-prefeito-cb-rominho\/#primaryimage\"},\"thumbnailUrl\":\"https:\/\/ubanews.com\/site\/wp-content\/uploads\/2025\/10\/Fala-Sodre-com-Damato-e-Rominho.jpg\",\"keywords\":[\"Cabo Rominho\",\"Fala Sodr\u00e9\",\"Jos\u00e9 Damato\",\"Prefeito\",\"Rominho\",\"UBANEWS\"],\"articleSection\":[\"Geral\",\"Slide\"],\"inLanguage\":\"pt-BR\",\"potentialAction\":[{\"@type\":\"CommentAction\",\"name\":\"Comment\",\"target\":[\"https:\/\/ubanews.com\/site\/2025\/10\/09\/fala-sodre-recebe-o-prefeito-jose-damato-e-o-vice-prefeito-cb-rominho\/#respond\"]}]},{\"@type\":\"WebPage\",\"@id\":\"https:\/\/ubanews.com\/site\/2025\/10\/09\/fala-sodre-recebe-o-prefeito-jose-damato-e-o-vice-prefeito-cb-rominho\/\",\"url\":\"https:\/\/ubanews.com\/site\/2025\/10\/09\/fala-sodre-recebe-o-prefeito-jose-damato-e-o-vice-prefeito-cb-rominho\/\",\"name\":\"Fala Sodr\u00e9 recebe o prefeito Jos\u00e9 Damato e o vice-prefeito CB Rominho - Ub\u00e1 News\",\"isPartOf\":{\"@id\":\"https:\/\/ubanews.com\/site\/#website\"},\"primaryImageOfPage\":{\"@id\":\"https:\/\/ubanews.com\/site\/2025\/10\/09\/fala-sodre-recebe-o-prefeito-jose-damato-e-o-vice-prefeito-cb-rominho\/#primaryimage\"},\"image\":{\"@id\":\"https:\/\/ubanews.com\/site\/2025\/10\/09\/fala-sodre-recebe-o-prefeito-jose-damato-e-o-vice-prefeito-cb-rominho\/#primaryimage\"},\"thumbnailUrl\":\"https:\/\/ubanews.com\/site\/wp-content\/uploads\/2025\/10\/Fala-Sodre-com-Damato-e-Rominho.jpg\",\"datePublished\":\"2025-10-09T16:41:46+00:00\",\"dateModified\":\"2025-10-09T17:38:44+00:00\",\"description\":\"Fala Sodr\u00e9 recebe o prefeito Jos\u00e9 Damato e o vice-prefeito CB Rominho: di\u00e1logo aberto sobre Ub\u00e1, gest\u00e3o e desafios da Cidade Carinho.\u00a0\",\"breadcrumb\":{\"@id\":\"https:\/\/ubanews.com\/site\/2025\/10\/09\/fala-sodre-recebe-o-prefeito-jose-damato-e-o-vice-prefeito-cb-rominho\/#breadcrumb\"},\"inLanguage\":\"pt-BR\",\"potentialAction\":[{\"@type\":\"ReadAction\",\"target\":[\"https:\/\/ubanews.com\/site\/2025\/10\/09\/fala-sodre-recebe-o-prefeito-jose-damato-e-o-vice-prefeito-cb-rominho\/\"]}]},{\"@type\":\"ImageObject\",\"inLanguage\":\"pt-BR\",\"@id\":\"https:\/\/ubanews.com\/site\/2025\/10\/09\/fala-sodre-recebe-o-prefeito-jose-damato-e-o-vice-prefeito-cb-rominho\/#primaryimage\",\"url\":\"https:\/\/ubanews.com\/site\/wp-content\/uploads\/2025\/10\/Fala-Sodre-com-Damato-e-Rominho.jpg\",\"contentUrl\":\"https:\/\/ubanews.com\/site\/wp-content\/uploads\/2025\/10\/Fala-Sodre-com-Damato-e-Rominho.jpg\",\"width\":1415,\"height\":748,\"caption\":\"Fala Sodr\u00e9 recebe o prefeito Jos\u00e9 Damato e o vice-prefeito CB Rominho\"},{\"@type\":\"BreadcrumbList\",\"@id\":\"https:\/\/ubanews.com\/site\/2025\/10\/09\/fala-sodre-recebe-o-prefeito-jose-damato-e-o-vice-prefeito-cb-rominho\/#breadcrumb\",\"itemListElement\":[{\"@type\":\"ListItem\",\"position\":1,\"name\":\"Home\",\"item\":\"https:\/\/ubanews.com\/site\/\"},{\"@type\":\"ListItem\",\"position\":2,\"name\":\"Fala Sodr\u00e9 recebe o prefeito Jos\u00e9 Damato e o vice-prefeito CB Rominho\"}]},{\"@type\":\"WebSite\",\"@id\":\"https:\/\/ubanews.com\/site\/#website\",\"url\":\"https:\/\/ubanews.com\/site\/\",\"name\":\"Ub\u00e1 News\",\"description\":\"\",\"publisher\":{\"@id\":\"https:\/\/ubanews.com\/site\/#organization\"},\"potentialAction\":[{\"@type\":\"SearchAction\",\"target\":{\"@type\":\"EntryPoint\",\"urlTemplate\":\"https:\/\/ubanews.com\/site\/?s={search_term_string}\"},\"query-input\":{\"@type\":\"PropertyValueSpecification\",\"valueRequired\":true,\"valueName\":\"search_term_string\"}}],\"inLanguage\":\"pt-BR\"},{\"@type\":\"Organization\",\"@id\":\"https:\/\/ubanews.com\/site\/#organization\",\"name\":\"Ub\u00e1 News\",\"url\":\"https:\/\/ubanews.com\/site\/\",\"logo\":{\"@type\":\"ImageObject\",\"inLanguage\":\"pt-BR\",\"@id\":\"https:\/\/ubanews.com\/site\/#\/schema\/logo\/image\/\",\"url\":\"https:\/\/ubanews.com\/site\/wp-content\/uploads\/2018\/01\/logoubanews.png\",\"contentUrl\":\"https:\/\/ubanews.com\/site\/wp-content\/uploads\/2018\/01\/logoubanews.png\",\"width\":261,\"height\":99,\"caption\":\"Ub\u00e1 News\"},\"image\":{\"@id\":\"https:\/\/ubanews.com\/site\/#\/schema\/logo\/image\/\"},\"sameAs\":[\"https:\/\/www.facebook.com\/Ub\u00e1News-Carlos-Roberto-Sodr\u00e9-418778301977370\"]},{\"@type\":\"Person\",\"@id\":\"https:\/\/ubanews.com\/site\/#\/schema\/person\/9d8da9ec3c8d00640ab6e8c81e103310\",\"name\":\"Carlos Roberto Sodr\u00e9\",\"image\":{\"@type\":\"ImageObject\",\"inLanguage\":\"pt-BR\",\"@id\":\"https:\/\/secure.gravatar.com\/avatar\/aab322e8555b56c468614fafdab8a8f924e394cdc6cfd8232f77e9e4d123a133?s=96&d=mm&r=g\",\"url\":\"https:\/\/secure.gravatar.com\/avatar\/aab322e8555b56c468614fafdab8a8f924e394cdc6cfd8232f77e9e4d123a133?s=96&d=mm&r=g\",\"contentUrl\":\"https:\/\/secure.gravatar.com\/avatar\/aab322e8555b56c468614fafdab8a8f924e394cdc6cfd8232f77e9e4d123a133?s=96&d=mm&r=g\",\"caption\":\"Carlos Roberto Sodr\u00e9\"},\"url\":\"https:\/\/ubanews.com\/site\/author\/sodre\/\"}]}<\/script>\n<!-- \/ Yoast SEO plugin. -->","yoast_head_json":{"title":"Fala Sodr\u00e9 recebe o prefeito Jos\u00e9 Damato e o vice-prefeito CB Rominho - Ub\u00e1 News","description":"Fala Sodr\u00e9 recebe o prefeito Jos\u00e9 Damato e o vice-prefeito CB Rominho: di\u00e1logo aberto sobre Ub\u00e1, gest\u00e3o e desafios da Cidade Carinho.\u00a0","robots":{"index":"index","follow":"follow","max-snippet":"max-snippet:-1","max-image-preview":"max-image-preview:large","max-video-preview":"max-video-preview:-1"},"canonical":"https:\/\/ubanews.com\/site\/2025\/10\/09\/fala-sodre-recebe-o-prefeito-jose-damato-e-o-vice-prefeito-cb-rominho\/","og_locale":"pt_BR","og_type":"article","og_title":"Fala Sodr\u00e9 recebe o prefeito Jos\u00e9 Damato e o vice-prefeito CB Rominho - Ub\u00e1 News","og_description":"Fala Sodr\u00e9 recebe o prefeito Jos\u00e9 Damato e o vice-prefeito CB Rominho: di\u00e1logo aberto sobre Ub\u00e1, gest\u00e3o e desafios da Cidade Carinho.\u00a0","og_url":"https:\/\/ubanews.com\/site\/2025\/10\/09\/fala-sodre-recebe-o-prefeito-jose-damato-e-o-vice-prefeito-cb-rominho\/","og_site_name":"Ub\u00e1 News","article_publisher":"https:\/\/www.facebook.com\/Ub%c3%a1News-Carlos-Roberto-Sodr%c3%a9-418778301977370","article_published_time":"2025-10-09T16:41:46+00:00","article_modified_time":"2025-10-09T17:38:44+00:00","og_image":[{"width":1415,"height":748,"url":"https:\/\/ubanews.com\/site\/wp-content\/uploads\/2025\/10\/Fala-Sodre-com-Damato-e-Rominho.jpg","type":"image\/jpeg"}],"author":"Carlos Roberto Sodr\u00e9","twitter_card":"summary_large_image","twitter_misc":{"Escrito por":"Carlos Roberto Sodr\u00e9","Est. tempo de leitura":"3 minutos"},"schema":{"@context":"https:\/\/schema.org","@graph":[{"@type":"Article","@id":"https:\/\/ubanews.com\/site\/2025\/10\/09\/fala-sodre-recebe-o-prefeito-jose-damato-e-o-vice-prefeito-cb-rominho\/#article","isPartOf":{"@id":"https:\/\/ubanews.com\/site\/2025\/10\/09\/fala-sodre-recebe-o-prefeito-jose-damato-e-o-vice-prefeito-cb-rominho\/"},"author":{"name":"Carlos Roberto Sodr\u00e9","@id":"https:\/\/ubanews.com\/site\/#\/schema\/person\/9d8da9ec3c8d00640ab6e8c81e103310"},"headline":"Fala Sodr\u00e9 recebe o prefeito Jos\u00e9 Damato e o vice-prefeito CB Rominho","datePublished":"2025-10-09T16:41:46+00:00","dateModified":"2025-10-09T17:38:44+00:00","mainEntityOfPage":{"@id":"https:\/\/ubanews.com\/site\/2025\/10\/09\/fala-sodre-recebe-o-prefeito-jose-damato-e-o-vice-prefeito-cb-rominho\/"},"wordCount":834,"commentCount":0,"publisher":{"@id":"https:\/\/ubanews.com\/site\/#organization"},"image":{"@id":"https:\/\/ubanews.com\/site\/2025\/10\/09\/fala-sodre-recebe-o-prefeito-jose-damato-e-o-vice-prefeito-cb-rominho\/#primaryimage"},"thumbnailUrl":"https:\/\/ubanews.com\/site\/wp-content\/uploads\/2025\/10\/Fala-Sodre-com-Damato-e-Rominho.jpg","keywords":["Cabo Rominho","Fala Sodr\u00e9","Jos\u00e9 Damato","Prefeito","Rominho","UBANEWS"],"articleSection":["Geral","Slide"],"inLanguage":"pt-BR","potentialAction":[{"@type":"CommentAction","name":"Comment","target":["https:\/\/ubanews.com\/site\/2025\/10\/09\/fala-sodre-recebe-o-prefeito-jose-damato-e-o-vice-prefeito-cb-rominho\/#respond"]}]},{"@type":"WebPage","@id":"https:\/\/ubanews.com\/site\/2025\/10\/09\/fala-sodre-recebe-o-prefeito-jose-damato-e-o-vice-prefeito-cb-rominho\/","url":"https:\/\/ubanews.com\/site\/2025\/10\/09\/fala-sodre-recebe-o-prefeito-jose-damato-e-o-vice-prefeito-cb-rominho\/","name":"Fala Sodr\u00e9 recebe o prefeito Jos\u00e9 Damato e o vice-prefeito CB Rominho - Ub\u00e1 News","isPartOf":{"@id":"https:\/\/ubanews.com\/site\/#website"},"primaryImageOfPage":{"@id":"https:\/\/ubanews.com\/site\/2025\/10\/09\/fala-sodre-recebe-o-prefeito-jose-damato-e-o-vice-prefeito-cb-rominho\/#primaryimage"},"image":{"@id":"https:\/\/ubanews.com\/site\/2025\/10\/09\/fala-sodre-recebe-o-prefeito-jose-damato-e-o-vice-prefeito-cb-rominho\/#primaryimage"},"thumbnailUrl":"https:\/\/ubanews.com\/site\/wp-content\/uploads\/2025\/10\/Fala-Sodre-com-Damato-e-Rominho.jpg","datePublished":"2025-10-09T16:41:46+00:00","dateModified":"2025-10-09T17:38:44+00:00","description":"Fala Sodr\u00e9 recebe o prefeito Jos\u00e9 Damato e o vice-prefeito CB Rominho: di\u00e1logo aberto sobre Ub\u00e1, gest\u00e3o e desafios da Cidade Carinho.\u00a0","breadcrumb":{"@id":"https:\/\/ubanews.com\/site\/2025\/10\/09\/fala-sodre-recebe-o-prefeito-jose-damato-e-o-vice-prefeito-cb-rominho\/#breadcrumb"},"inLanguage":"pt-BR","potentialAction":[{"@type":"ReadAction","target":["https:\/\/ubanews.com\/site\/2025\/10\/09\/fala-sodre-recebe-o-prefeito-jose-damato-e-o-vice-prefeito-cb-rominho\/"]}]},{"@type":"ImageObject","inLanguage":"pt-BR","@id":"https:\/\/ubanews.com\/site\/2025\/10\/09\/fala-sodre-recebe-o-prefeito-jose-damato-e-o-vice-prefeito-cb-rominho\/#primaryimage","url":"https:\/\/ubanews.com\/site\/wp-content\/uploads\/2025\/10\/Fala-Sodre-com-Damato-e-Rominho.jpg","contentUrl":"https:\/\/ubanews.com\/site\/wp-content\/uploads\/2025\/10\/Fala-Sodre-com-Damato-e-Rominho.jpg","width":1415,"height":748,"caption":"Fala Sodr\u00e9 recebe o prefeito Jos\u00e9 Damato e o vice-prefeito CB Rominho"},{"@type":"BreadcrumbList","@id":"https:\/\/ubanews.com\/site\/2025\/10\/09\/fala-sodre-recebe-o-prefeito-jose-damato-e-o-vice-prefeito-cb-rominho\/#breadcrumb","itemListElement":[{"@type":"ListItem","position":1,"name":"Home","item":"https:\/\/ubanews.com\/site\/"},{"@type":"ListItem","position":2,"name":"Fala Sodr\u00e9 recebe o prefeito Jos\u00e9 Damato e o vice-prefeito CB Rominho"}]},{"@type":"WebSite","@id":"https:\/\/ubanews.com\/site\/#website","url":"https:\/\/ubanews.com\/site\/","name":"Ub\u00e1 News","description":"","publisher":{"@id":"https:\/\/ubanews.com\/site\/#organization"},"potentialAction":[{"@type":"SearchAction","target":{"@type":"EntryPoint","urlTemplate":"https:\/\/ubanews.com\/site\/?s={search_term_string}"},"query-input":{"@type":"PropertyValueSpecification","valueRequired":true,"valueName":"search_term_string"}}],"inLanguage":"pt-BR"},{"@type":"Organization","@id":"https:\/\/ubanews.com\/site\/#organization","name":"Ub\u00e1 News","url":"https:\/\/ubanews.com\/site\/","logo":{"@type":"ImageObject","inLanguage":"pt-BR","@id":"https:\/\/ubanews.com\/site\/#\/schema\/logo\/image\/","url":"https:\/\/ubanews.com\/site\/wp-content\/uploads\/2018\/01\/logoubanews.png","contentUrl":"https:\/\/ubanews.com\/site\/wp-content\/uploads\/2018\/01\/logoubanews.png","width":261,"height":99,"caption":"Ub\u00e1 News"},"image":{"@id":"https:\/\/ubanews.com\/site\/#\/schema\/logo\/image\/"},"sameAs":["https:\/\/www.facebook.com\/Ub\u00e1News-Carlos-Roberto-Sodr\u00e9-418778301977370"]},{"@type":"Person","@id":"https:\/\/ubanews.com\/site\/#\/schema\/person\/9d8da9ec3c8d00640ab6e8c81e103310","name":"Carlos Roberto Sodr\u00e9","image":{"@type":"ImageObject","inLanguage":"pt-BR","@id":"https:\/\/secure.gravatar.com\/avatar\/aab322e8555b56c468614fafdab8a8f924e394cdc6cfd8232f77e9e4d123a133?s=96&d=mm&r=g","url":"https:\/\/secure.gravatar.com\/avatar\/aab322e8555b56c468614fafdab8a8f924e394cdc6cfd8232f77e9e4d123a133?s=96&d=mm&r=g","contentUrl":"https:\/\/secure.gravatar.com\/avatar\/aab322e8555b56c468614fafdab8a8f924e394cdc6cfd8232f77e9e4d123a133?s=96&d=mm&r=g","caption":"Carlos Roberto Sodr\u00e9"},"url":"https:\/\/ubanews.com\/site\/author\/sodre\/"}]}},"_links":{"self":[{"href":"https:\/\/ubanews.com\/site\/wp-json\/wp\/v2\/posts\/23129","targetHints":{"allow":["GET"]}}],"collection":[{"href":"https:\/\/ubanews.com\/site\/wp-json\/wp\/v2\/posts"}],"about":[{"href":"https:\/\/ubanews.com\/site\/wp-json\/wp\/v2\/types\/post"}],"author":[{"embeddable":true,"href":"https:\/\/ubanews.com\/site\/wp-json\/wp\/v2\/users\/4"}],"replies":[{"embeddable":true,"href":"https:\/\/ubanews.com\/site\/wp-json\/wp\/v2\/comments?post=23129"}],"version-history":[{"count":0,"href":"https:\/\/ubanews.com\/site\/wp-json\/wp\/v2\/posts\/23129\/revisions"}],"wp:featuredmedia":[{"embeddable":true,"href":"https:\/\/ubanews.com\/site\/wp-json\/wp\/v2\/media\/23131"}],"wp:attachment":[{"href":"https:\/\/ubanews.com\/site\/wp-json\/wp\/v2\/media?parent=23129"}],"wp:term":[{"taxonomy":"category","embeddable":true,"href":"https:\/\/ubanews.com\/site\/wp-json\/wp\/v2\/categories?post=23129"},{"taxonomy":"post_tag","embeddable":true,"href":"https:\/\/ubanews.com\/site\/wp-json\/wp\/v2\/tags?post=23129"}],"curies":[{"name":"wp","href":"https:\/\/api.w.org\/{rel}","templated":true}]}}