{"id":23109,"date":"2025-10-07T11:59:12","date_gmt":"2025-10-07T14:59:12","guid":{"rendered":"https:\/\/ubanews.com\/site\/?p=23109"},"modified":"2025-10-07T11:59:12","modified_gmt":"2025-10-07T14:59:12","slug":"trafico_de_drogas","status":"publish","type":"post","link":"https:\/\/ubanews.com\/site\/2025\/10\/07\/trafico_de_drogas\/","title":{"rendered":"TRAFICO DE DROGAS"},"content":{"rendered":"<p>I04033 \u2013 TRAFICO DE DROGAS<br \/>\nE03012 &#8211; POSSE ILEGAL DE ARMA DE FOGO DE USO PERMITIDO<\/p>\n<p><img decoding=\"async\" class=\"aligncenter size-medium wp-image-23111 lazyload\" data-src=\"https:\/\/ubanews.com\/site\/wp-content\/uploads\/2025\/10\/Fala-Sodre-Fato-Policial-300x187.jpeg\" alt=\"TRAFICO DE DROGAS\" width=\"300\" height=\"187\" data-srcset=\"https:\/\/ubanews.com\/site\/wp-content\/uploads\/2025\/10\/Fala-Sodre-Fato-Policial-300x187.jpeg 300w, https:\/\/ubanews.com\/site\/wp-content\/uploads\/2025\/10\/Fala-Sodre-Fato-Policial-1024x637.jpeg 1024w, https:\/\/ubanews.com\/site\/wp-content\/uploads\/2025\/10\/Fala-Sodre-Fato-Policial-768x478.jpeg 768w, https:\/\/ubanews.com\/site\/wp-content\/uploads\/2025\/10\/Fala-Sodre-Fato-Policial.jpeg 1079w\" data-sizes=\"(max-width: 300px) 100vw, 300px\" src=\"data:image\/svg+xml;base64,PHN2ZyB3aWR0aD0iMSIgaGVpZ2h0PSIxIiB4bWxucz0iaHR0cDovL3d3dy53My5vcmcvMjAwMC9zdmciPjwvc3ZnPg==\" style=\"--smush-placeholder-width: 300px; --smush-placeholder-aspect-ratio: 300\/187;\" \/><\/p>\n<p>Data: 06\/10\/2025<br \/>\nHor\u00e1rio: 16h00min<br \/>\nLocal: BR 265, km 256, S\u00e3o Jo\u00e3o del Rei\/MG.<\/p>\n<p>EQUIPES:<br \/>\nGTR 36718<br \/>\nSgt Conrado<br \/>\nSgt Braga<br \/>\nSgt Nascimento<\/p>\n<p>Incurs\u00e3o em \u00e1rea de plantio de drogas e estouro de laborat\u00f3rio de preparo de entorpecentes em S\u00e3o Jo\u00e3o Del Rey<\/p>\n<p>Produtividade<\/p>\n<p>&#8211; 01 Autor preso<br \/>\n&#8211; 03 Armas de fogo<br \/>\n&#8211; 27 P\u00e9s de maconha<br \/>\n&#8211; 16 Potes de Skunk<br \/>\n&#8211; 07 Bolas de Haxixe<br \/>\n&#8211; 24 Mudas de Maconha<br \/>\n&#8211; 05 Pacotes de sementes de Maconha<br \/>\n&#8211; 05 Por\u00e7\u00f5es de maconha prensada<br \/>\n&#8211; 01 Balan\u00e7a de precis\u00e3o<br \/>\n&#8211; 01 Prensa Hidr\u00e1ulica<\/p>\n<p><img decoding=\"async\" class=\"aligncenter size-medium wp-image-23110 lazyload\" data-src=\"https:\/\/ubanews.com\/site\/wp-content\/uploads\/2025\/10\/Fala-Sodre-Fato-Policial-2-300x187.jpeg\" alt=\"TRAFICO DE DROGAS\" width=\"300\" height=\"187\" data-srcset=\"https:\/\/ubanews.com\/site\/wp-content\/uploads\/2025\/10\/Fala-Sodre-Fato-Policial-2-300x187.jpeg 300w, https:\/\/ubanews.com\/site\/wp-content\/uploads\/2025\/10\/Fala-Sodre-Fato-Policial-2-1024x639.jpeg 1024w, https:\/\/ubanews.com\/site\/wp-content\/uploads\/2025\/10\/Fala-Sodre-Fato-Policial-2-768x479.jpeg 768w, https:\/\/ubanews.com\/site\/wp-content\/uploads\/2025\/10\/Fala-Sodre-Fato-Policial-2.jpeg 1079w\" data-sizes=\"(max-width: 300px) 100vw, 300px\" src=\"data:image\/svg+xml;base64,PHN2ZyB3aWR0aD0iMSIgaGVpZ2h0PSIxIiB4bWxucz0iaHR0cDovL3d3dy53My5vcmcvMjAwMC9zdmciPjwvc3ZnPg==\" style=\"--smush-placeholder-width: 300px; --smush-placeholder-aspect-ratio: 300\/187;\" \/><\/p>\n<p>A equipe do GTR, ap\u00f3s levantamento de informa\u00e7\u00f5es provenientes de den\u00fancia an\u00f4nima sobre poss\u00edvel tr\u00e1fico de drogas em uma propriedade rural situada \u00e0s margens decrescentes da rodovia BR-265, munic\u00edpio de S\u00e3o Jo\u00e3o del Rei, incursionaram no local, logrando \u00eaxito em localizar a referida propriedade.<\/p>\n<p>No momento da abordagem, o autor tentou evadir-se, por\u00e9m foi contido e abordado. Durante as buscas, a equipe localizou uma planta\u00e7\u00e3o de maconha\/skunk e um laborat\u00f3rio destinado ao preparo e cultivo de entorpecentes, contendo prensa hidr\u00e1ulica, balan\u00e7a de precis\u00e3o, materiais e insumos diversos utilizados para o cultivo e beneficiamento da droga, al\u00e9m de por\u00e7\u00f5es de haxixe prontas para venda.<\/p>\n<p>Tamb\u00e9m foram apreendidas tr\u00eas armas de fogo do tipo garrucha\/pistoletes, sem qualquer documenta\u00e7\u00e3o de origem ou autoriza\u00e7\u00e3o para posse.<\/p>\n<p>O autor foi preso e encaminhado \u00e0 Delegacia de Pol\u00edcia Civil de plant\u00e3o, juntamente com os entorpecentes, armas, equipamentos e demais materiais apreendidos.<\/p>\n<p>Reds 2025-046444751-001<\/p>\n<p>&#x1f694;&#x1f53a; CPE\/BPMRv: Os Anjos da Guarda dos Caminhos de Minas &#x1f694;&#x1f53a;<\/p>\n<p>&#x1f694;&#x1f396; 1971\/2025: 54 ANOS CUIDANDO DA SUA SEGURAN\u00c7A NOS CAMINHOS DE MINAS*&#x1f694;&#x1f53a;<\/p>\n","protected":false},"excerpt":{"rendered":"<p>I04033 \u2013 TRAFICO DE DROGAS E03012 &#8211; POSSE ILEGAL DE<\/p>\n","protected":false},"author":4,"featured_media":23111,"comment_status":"open","ping_status":"open","sticky":false,"template":"","format":"standard","meta":{"footnotes":""},"categories":[1],"tags":[59,146,60],"class_list":["post-23109","post","type-post","status-publish","format-standard","has-post-thumbnail","hentry","category-sem-categoria","tag-fala-sodre","tag-trafico-de-drogas","tag-ubanews"],"yoast_head":"<!-- This site is optimized with the Yoast SEO plugin v27.2 - https:\/\/yoast.com\/product\/yoast-seo-wordpress\/ -->\n<title>TRAFICO DE DROGAS - Ub\u00e1 News<\/title>\n<meta name=\"description\" content=\"TRAFICO DE DROGAS\" \/>\n<meta name=\"robots\" content=\"index, follow, max-snippet:-1, max-image-preview:large, max-video-preview:-1\" \/>\n<link rel=\"canonical\" href=\"https:\/\/ubanews.com\/site\/2025\/10\/07\/trafico_de_drogas\/\" \/>\n<meta property=\"og:locale\" content=\"pt_BR\" \/>\n<meta property=\"og:type\" content=\"article\" \/>\n<meta property=\"og:title\" content=\"TRAFICO DE DROGAS - Ub\u00e1 News\" \/>\n<meta property=\"og:description\" content=\"TRAFICO DE DROGAS\" \/>\n<meta property=\"og:url\" content=\"https:\/\/ubanews.com\/site\/2025\/10\/07\/trafico_de_drogas\/\" \/>\n<meta property=\"og:site_name\" content=\"Ub\u00e1 News\" \/>\n<meta property=\"article:publisher\" content=\"https:\/\/www.facebook.com\/Ub%c3%a1News-Carlos-Roberto-Sodr%c3%a9-418778301977370\" \/>\n<meta property=\"article:published_time\" content=\"2025-10-07T14:59:12+00:00\" \/>\n<meta property=\"og:image\" content=\"https:\/\/ubanews.com\/site\/wp-content\/uploads\/2025\/10\/Fala-Sodre-Fato-Policial.jpeg\" \/>\n\t<meta property=\"og:image:width\" content=\"1079\" \/>\n\t<meta property=\"og:image:height\" content=\"671\" \/>\n\t<meta property=\"og:image:type\" content=\"image\/jpeg\" \/>\n<meta name=\"author\" content=\"Carlos Roberto Sodr\u00e9\" \/>\n<meta name=\"twitter:card\" content=\"summary_large_image\" \/>\n<meta name=\"twitter:label1\" content=\"Escrito por\" \/>\n\t<meta name=\"twitter:data1\" content=\"Carlos Roberto Sodr\u00e9\" \/>\n\t<meta name=\"twitter:label2\" content=\"Est. tempo de leitura\" \/>\n\t<meta name=\"twitter:data2\" content=\"3 minutos\" \/>\n<script type=\"application\/ld+json\" class=\"yoast-schema-graph\">{\"@context\":\"https:\/\/schema.org\",\"@graph\":[{\"@type\":\"Article\",\"@id\":\"https:\/\/ubanews.com\/site\/2025\/10\/07\/trafico_de_drogas\/#article\",\"isPartOf\":{\"@id\":\"https:\/\/ubanews.com\/site\/2025\/10\/07\/trafico_de_drogas\/\"},\"author\":{\"name\":\"Carlos Roberto Sodr\u00e9\",\"@id\":\"https:\/\/ubanews.com\/site\/#\/schema\/person\/9d8da9ec3c8d00640ab6e8c81e103310\"},\"headline\":\"TRAFICO DE DROGAS\",\"datePublished\":\"2025-10-07T14:59:12+00:00\",\"mainEntityOfPage\":{\"@id\":\"https:\/\/ubanews.com\/site\/2025\/10\/07\/trafico_de_drogas\/\"},\"wordCount\":323,\"commentCount\":0,\"publisher\":{\"@id\":\"https:\/\/ubanews.com\/site\/#organization\"},\"image\":{\"@id\":\"https:\/\/ubanews.com\/site\/2025\/10\/07\/trafico_de_drogas\/#primaryimage\"},\"thumbnailUrl\":\"https:\/\/ubanews.com\/site\/wp-content\/uploads\/2025\/10\/Fala-Sodre-Fato-Policial.jpeg\",\"keywords\":[\"Fala Sodr\u00e9\",\"Tr\u00e1fico de Drogas\",\"UBANEWS\"],\"articleSection\":[\"Geral\"],\"inLanguage\":\"pt-BR\",\"potentialAction\":[{\"@type\":\"CommentAction\",\"name\":\"Comment\",\"target\":[\"https:\/\/ubanews.com\/site\/2025\/10\/07\/trafico_de_drogas\/#respond\"]}]},{\"@type\":\"WebPage\",\"@id\":\"https:\/\/ubanews.com\/site\/2025\/10\/07\/trafico_de_drogas\/\",\"url\":\"https:\/\/ubanews.com\/site\/2025\/10\/07\/trafico_de_drogas\/\",\"name\":\"TRAFICO DE DROGAS - Ub\u00e1 News\",\"isPartOf\":{\"@id\":\"https:\/\/ubanews.com\/site\/#website\"},\"primaryImageOfPage\":{\"@id\":\"https:\/\/ubanews.com\/site\/2025\/10\/07\/trafico_de_drogas\/#primaryimage\"},\"image\":{\"@id\":\"https:\/\/ubanews.com\/site\/2025\/10\/07\/trafico_de_drogas\/#primaryimage\"},\"thumbnailUrl\":\"https:\/\/ubanews.com\/site\/wp-content\/uploads\/2025\/10\/Fala-Sodre-Fato-Policial.jpeg\",\"datePublished\":\"2025-10-07T14:59:12+00:00\",\"description\":\"TRAFICO DE DROGAS\",\"breadcrumb\":{\"@id\":\"https:\/\/ubanews.com\/site\/2025\/10\/07\/trafico_de_drogas\/#breadcrumb\"},\"inLanguage\":\"pt-BR\",\"potentialAction\":[{\"@type\":\"ReadAction\",\"target\":[\"https:\/\/ubanews.com\/site\/2025\/10\/07\/trafico_de_drogas\/\"]}]},{\"@type\":\"ImageObject\",\"inLanguage\":\"pt-BR\",\"@id\":\"https:\/\/ubanews.com\/site\/2025\/10\/07\/trafico_de_drogas\/#primaryimage\",\"url\":\"https:\/\/ubanews.com\/site\/wp-content\/uploads\/2025\/10\/Fala-Sodre-Fato-Policial.jpeg\",\"contentUrl\":\"https:\/\/ubanews.com\/site\/wp-content\/uploads\/2025\/10\/Fala-Sodre-Fato-Policial.jpeg\",\"width\":1079,\"height\":671,\"caption\":\"TRAFICO DE DROGAS\"},{\"@type\":\"BreadcrumbList\",\"@id\":\"https:\/\/ubanews.com\/site\/2025\/10\/07\/trafico_de_drogas\/#breadcrumb\",\"itemListElement\":[{\"@type\":\"ListItem\",\"position\":1,\"name\":\"Home\",\"item\":\"https:\/\/ubanews.com\/site\/\"},{\"@type\":\"ListItem\",\"position\":2,\"name\":\"TRAFICO DE DROGAS\"}]},{\"@type\":\"WebSite\",\"@id\":\"https:\/\/ubanews.com\/site\/#website\",\"url\":\"https:\/\/ubanews.com\/site\/\",\"name\":\"Ub\u00e1 News\",\"description\":\"\",\"publisher\":{\"@id\":\"https:\/\/ubanews.com\/site\/#organization\"},\"potentialAction\":[{\"@type\":\"SearchAction\",\"target\":{\"@type\":\"EntryPoint\",\"urlTemplate\":\"https:\/\/ubanews.com\/site\/?s={search_term_string}\"},\"query-input\":{\"@type\":\"PropertyValueSpecification\",\"valueRequired\":true,\"valueName\":\"search_term_string\"}}],\"inLanguage\":\"pt-BR\"},{\"@type\":\"Organization\",\"@id\":\"https:\/\/ubanews.com\/site\/#organization\",\"name\":\"Ub\u00e1 News\",\"url\":\"https:\/\/ubanews.com\/site\/\",\"logo\":{\"@type\":\"ImageObject\",\"inLanguage\":\"pt-BR\",\"@id\":\"https:\/\/ubanews.com\/site\/#\/schema\/logo\/image\/\",\"url\":\"https:\/\/ubanews.com\/site\/wp-content\/uploads\/2018\/01\/logoubanews.png\",\"contentUrl\":\"https:\/\/ubanews.com\/site\/wp-content\/uploads\/2018\/01\/logoubanews.png\",\"width\":261,\"height\":99,\"caption\":\"Ub\u00e1 News\"},\"image\":{\"@id\":\"https:\/\/ubanews.com\/site\/#\/schema\/logo\/image\/\"},\"sameAs\":[\"https:\/\/www.facebook.com\/Ub\u00e1News-Carlos-Roberto-Sodr\u00e9-418778301977370\"]},{\"@type\":\"Person\",\"@id\":\"https:\/\/ubanews.com\/site\/#\/schema\/person\/9d8da9ec3c8d00640ab6e8c81e103310\",\"name\":\"Carlos Roberto Sodr\u00e9\",\"image\":{\"@type\":\"ImageObject\",\"inLanguage\":\"pt-BR\",\"@id\":\"https:\/\/secure.gravatar.com\/avatar\/aab322e8555b56c468614fafdab8a8f924e394cdc6cfd8232f77e9e4d123a133?s=96&d=mm&r=g\",\"url\":\"https:\/\/secure.gravatar.com\/avatar\/aab322e8555b56c468614fafdab8a8f924e394cdc6cfd8232f77e9e4d123a133?s=96&d=mm&r=g\",\"contentUrl\":\"https:\/\/secure.gravatar.com\/avatar\/aab322e8555b56c468614fafdab8a8f924e394cdc6cfd8232f77e9e4d123a133?s=96&d=mm&r=g\",\"caption\":\"Carlos Roberto Sodr\u00e9\"},\"url\":\"https:\/\/ubanews.com\/site\/author\/sodre\/\"}]}<\/script>\n<!-- \/ Yoast SEO plugin. -->","yoast_head_json":{"title":"TRAFICO DE DROGAS - Ub\u00e1 News","description":"TRAFICO DE DROGAS","robots":{"index":"index","follow":"follow","max-snippet":"max-snippet:-1","max-image-preview":"max-image-preview:large","max-video-preview":"max-video-preview:-1"},"canonical":"https:\/\/ubanews.com\/site\/2025\/10\/07\/trafico_de_drogas\/","og_locale":"pt_BR","og_type":"article","og_title":"TRAFICO DE DROGAS - Ub\u00e1 News","og_description":"TRAFICO DE DROGAS","og_url":"https:\/\/ubanews.com\/site\/2025\/10\/07\/trafico_de_drogas\/","og_site_name":"Ub\u00e1 News","article_publisher":"https:\/\/www.facebook.com\/Ub%c3%a1News-Carlos-Roberto-Sodr%c3%a9-418778301977370","article_published_time":"2025-10-07T14:59:12+00:00","og_image":[{"width":1079,"height":671,"url":"https:\/\/ubanews.com\/site\/wp-content\/uploads\/2025\/10\/Fala-Sodre-Fato-Policial.jpeg","type":"image\/jpeg"}],"author":"Carlos Roberto Sodr\u00e9","twitter_card":"summary_large_image","twitter_misc":{"Escrito por":"Carlos Roberto Sodr\u00e9","Est. tempo de leitura":"3 minutos"},"schema":{"@context":"https:\/\/schema.org","@graph":[{"@type":"Article","@id":"https:\/\/ubanews.com\/site\/2025\/10\/07\/trafico_de_drogas\/#article","isPartOf":{"@id":"https:\/\/ubanews.com\/site\/2025\/10\/07\/trafico_de_drogas\/"},"author":{"name":"Carlos Roberto Sodr\u00e9","@id":"https:\/\/ubanews.com\/site\/#\/schema\/person\/9d8da9ec3c8d00640ab6e8c81e103310"},"headline":"TRAFICO DE DROGAS","datePublished":"2025-10-07T14:59:12+00:00","mainEntityOfPage":{"@id":"https:\/\/ubanews.com\/site\/2025\/10\/07\/trafico_de_drogas\/"},"wordCount":323,"commentCount":0,"publisher":{"@id":"https:\/\/ubanews.com\/site\/#organization"},"image":{"@id":"https:\/\/ubanews.com\/site\/2025\/10\/07\/trafico_de_drogas\/#primaryimage"},"thumbnailUrl":"https:\/\/ubanews.com\/site\/wp-content\/uploads\/2025\/10\/Fala-Sodre-Fato-Policial.jpeg","keywords":["Fala Sodr\u00e9","Tr\u00e1fico de Drogas","UBANEWS"],"articleSection":["Geral"],"inLanguage":"pt-BR","potentialAction":[{"@type":"CommentAction","name":"Comment","target":["https:\/\/ubanews.com\/site\/2025\/10\/07\/trafico_de_drogas\/#respond"]}]},{"@type":"WebPage","@id":"https:\/\/ubanews.com\/site\/2025\/10\/07\/trafico_de_drogas\/","url":"https:\/\/ubanews.com\/site\/2025\/10\/07\/trafico_de_drogas\/","name":"TRAFICO DE DROGAS - Ub\u00e1 News","isPartOf":{"@id":"https:\/\/ubanews.com\/site\/#website"},"primaryImageOfPage":{"@id":"https:\/\/ubanews.com\/site\/2025\/10\/07\/trafico_de_drogas\/#primaryimage"},"image":{"@id":"https:\/\/ubanews.com\/site\/2025\/10\/07\/trafico_de_drogas\/#primaryimage"},"thumbnailUrl":"https:\/\/ubanews.com\/site\/wp-content\/uploads\/2025\/10\/Fala-Sodre-Fato-Policial.jpeg","datePublished":"2025-10-07T14:59:12+00:00","description":"TRAFICO DE DROGAS","breadcrumb":{"@id":"https:\/\/ubanews.com\/site\/2025\/10\/07\/trafico_de_drogas\/#breadcrumb"},"inLanguage":"pt-BR","potentialAction":[{"@type":"ReadAction","target":["https:\/\/ubanews.com\/site\/2025\/10\/07\/trafico_de_drogas\/"]}]},{"@type":"ImageObject","inLanguage":"pt-BR","@id":"https:\/\/ubanews.com\/site\/2025\/10\/07\/trafico_de_drogas\/#primaryimage","url":"https:\/\/ubanews.com\/site\/wp-content\/uploads\/2025\/10\/Fala-Sodre-Fato-Policial.jpeg","contentUrl":"https:\/\/ubanews.com\/site\/wp-content\/uploads\/2025\/10\/Fala-Sodre-Fato-Policial.jpeg","width":1079,"height":671,"caption":"TRAFICO DE DROGAS"},{"@type":"BreadcrumbList","@id":"https:\/\/ubanews.com\/site\/2025\/10\/07\/trafico_de_drogas\/#breadcrumb","itemListElement":[{"@type":"ListItem","position":1,"name":"Home","item":"https:\/\/ubanews.com\/site\/"},{"@type":"ListItem","position":2,"name":"TRAFICO DE DROGAS"}]},{"@type":"WebSite","@id":"https:\/\/ubanews.com\/site\/#website","url":"https:\/\/ubanews.com\/site\/","name":"Ub\u00e1 News","description":"","publisher":{"@id":"https:\/\/ubanews.com\/site\/#organization"},"potentialAction":[{"@type":"SearchAction","target":{"@type":"EntryPoint","urlTemplate":"https:\/\/ubanews.com\/site\/?s={search_term_string}"},"query-input":{"@type":"PropertyValueSpecification","valueRequired":true,"valueName":"search_term_string"}}],"inLanguage":"pt-BR"},{"@type":"Organization","@id":"https:\/\/ubanews.com\/site\/#organization","name":"Ub\u00e1 News","url":"https:\/\/ubanews.com\/site\/","logo":{"@type":"ImageObject","inLanguage":"pt-BR","@id":"https:\/\/ubanews.com\/site\/#\/schema\/logo\/image\/","url":"https:\/\/ubanews.com\/site\/wp-content\/uploads\/2018\/01\/logoubanews.png","contentUrl":"https:\/\/ubanews.com\/site\/wp-content\/uploads\/2018\/01\/logoubanews.png","width":261,"height":99,"caption":"Ub\u00e1 News"},"image":{"@id":"https:\/\/ubanews.com\/site\/#\/schema\/logo\/image\/"},"sameAs":["https:\/\/www.facebook.com\/Ub\u00e1News-Carlos-Roberto-Sodr\u00e9-418778301977370"]},{"@type":"Person","@id":"https:\/\/ubanews.com\/site\/#\/schema\/person\/9d8da9ec3c8d00640ab6e8c81e103310","name":"Carlos Roberto Sodr\u00e9","image":{"@type":"ImageObject","inLanguage":"pt-BR","@id":"https:\/\/secure.gravatar.com\/avatar\/aab322e8555b56c468614fafdab8a8f924e394cdc6cfd8232f77e9e4d123a133?s=96&d=mm&r=g","url":"https:\/\/secure.gravatar.com\/avatar\/aab322e8555b56c468614fafdab8a8f924e394cdc6cfd8232f77e9e4d123a133?s=96&d=mm&r=g","contentUrl":"https:\/\/secure.gravatar.com\/avatar\/aab322e8555b56c468614fafdab8a8f924e394cdc6cfd8232f77e9e4d123a133?s=96&d=mm&r=g","caption":"Carlos Roberto Sodr\u00e9"},"url":"https:\/\/ubanews.com\/site\/author\/sodre\/"}]}},"_links":{"self":[{"href":"https:\/\/ubanews.com\/site\/wp-json\/wp\/v2\/posts\/23109","targetHints":{"allow":["GET"]}}],"collection":[{"href":"https:\/\/ubanews.com\/site\/wp-json\/wp\/v2\/posts"}],"about":[{"href":"https:\/\/ubanews.com\/site\/wp-json\/wp\/v2\/types\/post"}],"author":[{"embeddable":true,"href":"https:\/\/ubanews.com\/site\/wp-json\/wp\/v2\/users\/4"}],"replies":[{"embeddable":true,"href":"https:\/\/ubanews.com\/site\/wp-json\/wp\/v2\/comments?post=23109"}],"version-history":[{"count":0,"href":"https:\/\/ubanews.com\/site\/wp-json\/wp\/v2\/posts\/23109\/revisions"}],"wp:featuredmedia":[{"embeddable":true,"href":"https:\/\/ubanews.com\/site\/wp-json\/wp\/v2\/media\/23111"}],"wp:attachment":[{"href":"https:\/\/ubanews.com\/site\/wp-json\/wp\/v2\/media?parent=23109"}],"wp:term":[{"taxonomy":"category","embeddable":true,"href":"https:\/\/ubanews.com\/site\/wp-json\/wp\/v2\/categories?post=23109"},{"taxonomy":"post_tag","embeddable":true,"href":"https:\/\/ubanews.com\/site\/wp-json\/wp\/v2\/tags?post=23109"}],"curies":[{"name":"wp","href":"https:\/\/api.w.org\/{rel}","templated":true}]}}