{"id":23079,"date":"2025-10-03T11:08:04","date_gmt":"2025-10-03T14:08:04","guid":{"rendered":"https:\/\/ubanews.com\/site\/?p=23079"},"modified":"2025-10-03T11:08:04","modified_gmt":"2025-10-03T14:08:04","slug":"a-policia-civil-de-minas-gerais-pcmg-e-a-policia-militar-pmmg","status":"publish","type":"post","link":"https:\/\/ubanews.com\/site\/2025\/10\/03\/a-policia-civil-de-minas-gerais-pcmg-e-a-policia-militar-pmmg\/","title":{"rendered":"A Pol\u00edcia Civil de Minas Gerais (PCMG) e Pol\u00edcia Militar (PMMG)"},"content":{"rendered":"<p>Opera\u00e7\u00e3o Sentinela combate ataques a pessoas em situa\u00e7\u00e3o de rua<br \/>\nSete mandados de busca foram cumpridos em Cataguases nesta quinta-feira (2\/10).<\/p>\n<h2>A Pol\u00edcia Civil de Minas Gerais (PCMG) e Pol\u00edcia Militar (PMMG)<\/h2>\n<p><img decoding=\"async\" class=\"aligncenter size-medium wp-image-23012 lazyload\" data-src=\"https:\/\/ubanews.com\/site\/wp-content\/uploads\/2025\/09\/Fala-Sodre-Policia-Civil-300x236.jpeg\" alt=\"Pol\u00edcia Civil - Fala Sodr\u00e9\" width=\"300\" height=\"236\" data-srcset=\"https:\/\/ubanews.com\/site\/wp-content\/uploads\/2025\/09\/Fala-Sodre-Policia-Civil-300x236.jpeg 300w, https:\/\/ubanews.com\/site\/wp-content\/uploads\/2025\/09\/Fala-Sodre-Policia-Civil-768x605.jpeg 768w, https:\/\/ubanews.com\/site\/wp-content\/uploads\/2025\/09\/Fala-Sodre-Policia-Civil.jpeg 800w\" data-sizes=\"(max-width: 300px) 100vw, 300px\" src=\"data:image\/svg+xml;base64,PHN2ZyB3aWR0aD0iMSIgaGVpZ2h0PSIxIiB4bWxucz0iaHR0cDovL3d3dy53My5vcmcvMjAwMC9zdmciPjwvc3ZnPg==\" style=\"--smush-placeholder-width: 300px; --smush-placeholder-aspect-ratio: 300\/236;\" \/><\/p>\n<p>A Pol\u00edcia Civil de Minas Gerais (PCMG), com apoio da Pol\u00edcia Militar (PMMG), deflagrou, nesta quinta-feira (2\/10), a opera\u00e7\u00e3o Sentinela, em Cataguases, para combater uma s\u00e9rie de ataques cometidos nos \u00faltimos meses contra pessoas em situa\u00e7\u00e3o de rua no munic\u00edpio da Zona da Mata. Foram cumpridos sete mandados de busca e apreens\u00e3o em endere\u00e7os ligados a tr\u00eas investigados.<\/p>\n<p>Os ataques eram praticados mediante disparos de arma de press\u00e3o, resultando em les\u00f5es corporais e abalo psicol\u00f3gico nas v\u00edtimas. O objetivo das buscas executadas hoje foi arrecadar elementos de prova que reforcem as investiga\u00e7\u00f5es em andamento.<\/p>\n<p>Segundo o delegado Marcelo Manna, respons\u00e1vel pela coordena\u00e7\u00e3o da opera\u00e7\u00e3o, &#8220;as investiga\u00e7\u00f5es prosseguem com a an\u00e1lise dos materiais apreendidos, para que seja poss\u00edvel identificar todos os envolvidos, elucidar os fatos e responsabilizar os autores dessa pr\u00e1tica criminosa&#8221;.<\/p>\n<p>Sentinela<br \/>\n&#8220;O nome da opera\u00e7\u00e3o faz refer\u00eancia \u00e0 vigil\u00e2ncia permanente do Estado e \u00e0 resposta firme diante da viol\u00eancia dirigida a cidad\u00e3os em extrema vulnerabilidade social&#8221;, explica o delegado.<br \/>\nAl\u00e9m da PMMG, a a\u00e7\u00e3o contou com o apoio de policiais civis da Delegacia Regional em Leopoldina, reunindo cerca de 35 agentes de seguran\u00e7a.<\/p>\n","protected":false},"excerpt":{"rendered":"<p>Opera\u00e7\u00e3o Sentinela combate ataques a pessoas em situa\u00e7\u00e3o de rua<\/p>\n","protected":false},"author":4,"featured_media":23012,"comment_status":"open","ping_status":"open","sticky":false,"template":"","format":"standard","meta":{"footnotes":""},"categories":[1],"tags":[],"class_list":["post-23079","post","type-post","status-publish","format-standard","has-post-thumbnail","hentry","category-sem-categoria"],"yoast_head":"<!-- This site is optimized with the Yoast SEO plugin v27.2 - https:\/\/yoast.com\/product\/yoast-seo-wordpress\/ -->\n<title>A Pol\u00edcia Civil de Minas Gerais (PCMG) e Pol\u00edcia Militar (PMMG) - Ub\u00e1 News<\/title>\n<meta name=\"description\" content=\"A Pol\u00edcia Civil de Minas Gerais (PCMG), com apoio da Pol\u00edcia Militar (PMMG)\" \/>\n<meta name=\"robots\" content=\"index, follow, max-snippet:-1, max-image-preview:large, max-video-preview:-1\" \/>\n<link rel=\"canonical\" href=\"https:\/\/ubanews.com\/site\/2025\/10\/03\/a-policia-civil-de-minas-gerais-pcmg-e-a-policia-militar-pmmg\/\" \/>\n<meta property=\"og:locale\" content=\"pt_BR\" \/>\n<meta property=\"og:type\" content=\"article\" \/>\n<meta property=\"og:title\" content=\"A Pol\u00edcia Civil de Minas Gerais (PCMG) e Pol\u00edcia Militar (PMMG) - Ub\u00e1 News\" \/>\n<meta property=\"og:description\" content=\"A Pol\u00edcia Civil de Minas Gerais (PCMG), com apoio da Pol\u00edcia Militar (PMMG)\" \/>\n<meta property=\"og:url\" content=\"https:\/\/ubanews.com\/site\/2025\/10\/03\/a-policia-civil-de-minas-gerais-pcmg-e-a-policia-militar-pmmg\/\" \/>\n<meta property=\"og:site_name\" content=\"Ub\u00e1 News\" \/>\n<meta property=\"article:publisher\" content=\"https:\/\/www.facebook.com\/Ub%c3%a1News-Carlos-Roberto-Sodr%c3%a9-418778301977370\" \/>\n<meta property=\"article:published_time\" content=\"2025-10-03T14:08:04+00:00\" \/>\n<meta property=\"og:image\" content=\"https:\/\/ubanews.com\/site\/wp-content\/uploads\/2025\/09\/Fala-Sodre-Policia-Civil.jpeg\" \/>\n\t<meta property=\"og:image:width\" content=\"800\" \/>\n\t<meta property=\"og:image:height\" content=\"630\" \/>\n\t<meta property=\"og:image:type\" content=\"image\/jpeg\" \/>\n<meta name=\"author\" content=\"Carlos Roberto Sodr\u00e9\" \/>\n<meta name=\"twitter:card\" content=\"summary_large_image\" \/>\n<meta name=\"twitter:label1\" content=\"Escrito por\" \/>\n\t<meta name=\"twitter:data1\" content=\"Carlos Roberto Sodr\u00e9\" \/>\n\t<meta name=\"twitter:label2\" content=\"Est. tempo de leitura\" \/>\n\t<meta name=\"twitter:data2\" content=\"2 minutos\" \/>\n<script type=\"application\/ld+json\" class=\"yoast-schema-graph\">{\"@context\":\"https:\/\/schema.org\",\"@graph\":[{\"@type\":\"Article\",\"@id\":\"https:\/\/ubanews.com\/site\/2025\/10\/03\/a-policia-civil-de-minas-gerais-pcmg-e-a-policia-militar-pmmg\/#article\",\"isPartOf\":{\"@id\":\"https:\/\/ubanews.com\/site\/2025\/10\/03\/a-policia-civil-de-minas-gerais-pcmg-e-a-policia-militar-pmmg\/\"},\"author\":{\"name\":\"Carlos Roberto Sodr\u00e9\",\"@id\":\"https:\/\/ubanews.com\/site\/#\/schema\/person\/9d8da9ec3c8d00640ab6e8c81e103310\"},\"headline\":\"A Pol\u00edcia Civil de Minas Gerais (PCMG) e Pol\u00edcia Militar (PMMG)\",\"datePublished\":\"2025-10-03T14:08:04+00:00\",\"mainEntityOfPage\":{\"@id\":\"https:\/\/ubanews.com\/site\/2025\/10\/03\/a-policia-civil-de-minas-gerais-pcmg-e-a-policia-militar-pmmg\/\"},\"wordCount\":257,\"commentCount\":0,\"publisher\":{\"@id\":\"https:\/\/ubanews.com\/site\/#organization\"},\"image\":{\"@id\":\"https:\/\/ubanews.com\/site\/2025\/10\/03\/a-policia-civil-de-minas-gerais-pcmg-e-a-policia-militar-pmmg\/#primaryimage\"},\"thumbnailUrl\":\"https:\/\/ubanews.com\/site\/wp-content\/uploads\/2025\/09\/Fala-Sodre-Policia-Civil.jpeg\",\"articleSection\":[\"Geral\"],\"inLanguage\":\"pt-BR\",\"potentialAction\":[{\"@type\":\"CommentAction\",\"name\":\"Comment\",\"target\":[\"https:\/\/ubanews.com\/site\/2025\/10\/03\/a-policia-civil-de-minas-gerais-pcmg-e-a-policia-militar-pmmg\/#respond\"]}]},{\"@type\":\"WebPage\",\"@id\":\"https:\/\/ubanews.com\/site\/2025\/10\/03\/a-policia-civil-de-minas-gerais-pcmg-e-a-policia-militar-pmmg\/\",\"url\":\"https:\/\/ubanews.com\/site\/2025\/10\/03\/a-policia-civil-de-minas-gerais-pcmg-e-a-policia-militar-pmmg\/\",\"name\":\"A Pol\u00edcia Civil de Minas Gerais (PCMG) e Pol\u00edcia Militar (PMMG) - Ub\u00e1 News\",\"isPartOf\":{\"@id\":\"https:\/\/ubanews.com\/site\/#website\"},\"primaryImageOfPage\":{\"@id\":\"https:\/\/ubanews.com\/site\/2025\/10\/03\/a-policia-civil-de-minas-gerais-pcmg-e-a-policia-militar-pmmg\/#primaryimage\"},\"image\":{\"@id\":\"https:\/\/ubanews.com\/site\/2025\/10\/03\/a-policia-civil-de-minas-gerais-pcmg-e-a-policia-militar-pmmg\/#primaryimage\"},\"thumbnailUrl\":\"https:\/\/ubanews.com\/site\/wp-content\/uploads\/2025\/09\/Fala-Sodre-Policia-Civil.jpeg\",\"datePublished\":\"2025-10-03T14:08:04+00:00\",\"description\":\"A Pol\u00edcia Civil de Minas Gerais (PCMG), com apoio da Pol\u00edcia Militar (PMMG)\",\"breadcrumb\":{\"@id\":\"https:\/\/ubanews.com\/site\/2025\/10\/03\/a-policia-civil-de-minas-gerais-pcmg-e-a-policia-militar-pmmg\/#breadcrumb\"},\"inLanguage\":\"pt-BR\",\"potentialAction\":[{\"@type\":\"ReadAction\",\"target\":[\"https:\/\/ubanews.com\/site\/2025\/10\/03\/a-policia-civil-de-minas-gerais-pcmg-e-a-policia-militar-pmmg\/\"]}]},{\"@type\":\"ImageObject\",\"inLanguage\":\"pt-BR\",\"@id\":\"https:\/\/ubanews.com\/site\/2025\/10\/03\/a-policia-civil-de-minas-gerais-pcmg-e-a-policia-militar-pmmg\/#primaryimage\",\"url\":\"https:\/\/ubanews.com\/site\/wp-content\/uploads\/2025\/09\/Fala-Sodre-Policia-Civil.jpeg\",\"contentUrl\":\"https:\/\/ubanews.com\/site\/wp-content\/uploads\/2025\/09\/Fala-Sodre-Policia-Civil.jpeg\",\"width\":800,\"height\":630,\"caption\":\"Pol\u00edcia Civil - Fala Sodr\u00e9\"},{\"@type\":\"BreadcrumbList\",\"@id\":\"https:\/\/ubanews.com\/site\/2025\/10\/03\/a-policia-civil-de-minas-gerais-pcmg-e-a-policia-militar-pmmg\/#breadcrumb\",\"itemListElement\":[{\"@type\":\"ListItem\",\"position\":1,\"name\":\"Home\",\"item\":\"https:\/\/ubanews.com\/site\/\"},{\"@type\":\"ListItem\",\"position\":2,\"name\":\"A Pol\u00edcia Civil de Minas Gerais (PCMG) e Pol\u00edcia Militar (PMMG)\"}]},{\"@type\":\"WebSite\",\"@id\":\"https:\/\/ubanews.com\/site\/#website\",\"url\":\"https:\/\/ubanews.com\/site\/\",\"name\":\"Ub\u00e1 News\",\"description\":\"\",\"publisher\":{\"@id\":\"https:\/\/ubanews.com\/site\/#organization\"},\"potentialAction\":[{\"@type\":\"SearchAction\",\"target\":{\"@type\":\"EntryPoint\",\"urlTemplate\":\"https:\/\/ubanews.com\/site\/?s={search_term_string}\"},\"query-input\":{\"@type\":\"PropertyValueSpecification\",\"valueRequired\":true,\"valueName\":\"search_term_string\"}}],\"inLanguage\":\"pt-BR\"},{\"@type\":\"Organization\",\"@id\":\"https:\/\/ubanews.com\/site\/#organization\",\"name\":\"Ub\u00e1 News\",\"url\":\"https:\/\/ubanews.com\/site\/\",\"logo\":{\"@type\":\"ImageObject\",\"inLanguage\":\"pt-BR\",\"@id\":\"https:\/\/ubanews.com\/site\/#\/schema\/logo\/image\/\",\"url\":\"https:\/\/ubanews.com\/site\/wp-content\/uploads\/2018\/01\/logoubanews.png\",\"contentUrl\":\"https:\/\/ubanews.com\/site\/wp-content\/uploads\/2018\/01\/logoubanews.png\",\"width\":261,\"height\":99,\"caption\":\"Ub\u00e1 News\"},\"image\":{\"@id\":\"https:\/\/ubanews.com\/site\/#\/schema\/logo\/image\/\"},\"sameAs\":[\"https:\/\/www.facebook.com\/Ub\u00e1News-Carlos-Roberto-Sodr\u00e9-418778301977370\"]},{\"@type\":\"Person\",\"@id\":\"https:\/\/ubanews.com\/site\/#\/schema\/person\/9d8da9ec3c8d00640ab6e8c81e103310\",\"name\":\"Carlos Roberto Sodr\u00e9\",\"image\":{\"@type\":\"ImageObject\",\"inLanguage\":\"pt-BR\",\"@id\":\"https:\/\/secure.gravatar.com\/avatar\/aab322e8555b56c468614fafdab8a8f924e394cdc6cfd8232f77e9e4d123a133?s=96&d=mm&r=g\",\"url\":\"https:\/\/secure.gravatar.com\/avatar\/aab322e8555b56c468614fafdab8a8f924e394cdc6cfd8232f77e9e4d123a133?s=96&d=mm&r=g\",\"contentUrl\":\"https:\/\/secure.gravatar.com\/avatar\/aab322e8555b56c468614fafdab8a8f924e394cdc6cfd8232f77e9e4d123a133?s=96&d=mm&r=g\",\"caption\":\"Carlos Roberto Sodr\u00e9\"},\"url\":\"https:\/\/ubanews.com\/site\/author\/sodre\/\"}]}<\/script>\n<!-- \/ Yoast SEO plugin. -->","yoast_head_json":{"title":"A Pol\u00edcia Civil de Minas Gerais (PCMG) e Pol\u00edcia Militar (PMMG) - Ub\u00e1 News","description":"A Pol\u00edcia Civil de Minas Gerais (PCMG), com apoio da Pol\u00edcia Militar (PMMG)","robots":{"index":"index","follow":"follow","max-snippet":"max-snippet:-1","max-image-preview":"max-image-preview:large","max-video-preview":"max-video-preview:-1"},"canonical":"https:\/\/ubanews.com\/site\/2025\/10\/03\/a-policia-civil-de-minas-gerais-pcmg-e-a-policia-militar-pmmg\/","og_locale":"pt_BR","og_type":"article","og_title":"A Pol\u00edcia Civil de Minas Gerais (PCMG) e Pol\u00edcia Militar (PMMG) - Ub\u00e1 News","og_description":"A Pol\u00edcia Civil de Minas Gerais (PCMG), com apoio da Pol\u00edcia Militar (PMMG)","og_url":"https:\/\/ubanews.com\/site\/2025\/10\/03\/a-policia-civil-de-minas-gerais-pcmg-e-a-policia-militar-pmmg\/","og_site_name":"Ub\u00e1 News","article_publisher":"https:\/\/www.facebook.com\/Ub%c3%a1News-Carlos-Roberto-Sodr%c3%a9-418778301977370","article_published_time":"2025-10-03T14:08:04+00:00","og_image":[{"width":800,"height":630,"url":"https:\/\/ubanews.com\/site\/wp-content\/uploads\/2025\/09\/Fala-Sodre-Policia-Civil.jpeg","type":"image\/jpeg"}],"author":"Carlos Roberto Sodr\u00e9","twitter_card":"summary_large_image","twitter_misc":{"Escrito por":"Carlos Roberto Sodr\u00e9","Est. tempo de leitura":"2 minutos"},"schema":{"@context":"https:\/\/schema.org","@graph":[{"@type":"Article","@id":"https:\/\/ubanews.com\/site\/2025\/10\/03\/a-policia-civil-de-minas-gerais-pcmg-e-a-policia-militar-pmmg\/#article","isPartOf":{"@id":"https:\/\/ubanews.com\/site\/2025\/10\/03\/a-policia-civil-de-minas-gerais-pcmg-e-a-policia-militar-pmmg\/"},"author":{"name":"Carlos Roberto Sodr\u00e9","@id":"https:\/\/ubanews.com\/site\/#\/schema\/person\/9d8da9ec3c8d00640ab6e8c81e103310"},"headline":"A Pol\u00edcia Civil de Minas Gerais (PCMG) e Pol\u00edcia Militar (PMMG)","datePublished":"2025-10-03T14:08:04+00:00","mainEntityOfPage":{"@id":"https:\/\/ubanews.com\/site\/2025\/10\/03\/a-policia-civil-de-minas-gerais-pcmg-e-a-policia-militar-pmmg\/"},"wordCount":257,"commentCount":0,"publisher":{"@id":"https:\/\/ubanews.com\/site\/#organization"},"image":{"@id":"https:\/\/ubanews.com\/site\/2025\/10\/03\/a-policia-civil-de-minas-gerais-pcmg-e-a-policia-militar-pmmg\/#primaryimage"},"thumbnailUrl":"https:\/\/ubanews.com\/site\/wp-content\/uploads\/2025\/09\/Fala-Sodre-Policia-Civil.jpeg","articleSection":["Geral"],"inLanguage":"pt-BR","potentialAction":[{"@type":"CommentAction","name":"Comment","target":["https:\/\/ubanews.com\/site\/2025\/10\/03\/a-policia-civil-de-minas-gerais-pcmg-e-a-policia-militar-pmmg\/#respond"]}]},{"@type":"WebPage","@id":"https:\/\/ubanews.com\/site\/2025\/10\/03\/a-policia-civil-de-minas-gerais-pcmg-e-a-policia-militar-pmmg\/","url":"https:\/\/ubanews.com\/site\/2025\/10\/03\/a-policia-civil-de-minas-gerais-pcmg-e-a-policia-militar-pmmg\/","name":"A Pol\u00edcia Civil de Minas Gerais (PCMG) e Pol\u00edcia Militar (PMMG) - Ub\u00e1 News","isPartOf":{"@id":"https:\/\/ubanews.com\/site\/#website"},"primaryImageOfPage":{"@id":"https:\/\/ubanews.com\/site\/2025\/10\/03\/a-policia-civil-de-minas-gerais-pcmg-e-a-policia-militar-pmmg\/#primaryimage"},"image":{"@id":"https:\/\/ubanews.com\/site\/2025\/10\/03\/a-policia-civil-de-minas-gerais-pcmg-e-a-policia-militar-pmmg\/#primaryimage"},"thumbnailUrl":"https:\/\/ubanews.com\/site\/wp-content\/uploads\/2025\/09\/Fala-Sodre-Policia-Civil.jpeg","datePublished":"2025-10-03T14:08:04+00:00","description":"A Pol\u00edcia Civil de Minas Gerais (PCMG), com apoio da Pol\u00edcia Militar (PMMG)","breadcrumb":{"@id":"https:\/\/ubanews.com\/site\/2025\/10\/03\/a-policia-civil-de-minas-gerais-pcmg-e-a-policia-militar-pmmg\/#breadcrumb"},"inLanguage":"pt-BR","potentialAction":[{"@type":"ReadAction","target":["https:\/\/ubanews.com\/site\/2025\/10\/03\/a-policia-civil-de-minas-gerais-pcmg-e-a-policia-militar-pmmg\/"]}]},{"@type":"ImageObject","inLanguage":"pt-BR","@id":"https:\/\/ubanews.com\/site\/2025\/10\/03\/a-policia-civil-de-minas-gerais-pcmg-e-a-policia-militar-pmmg\/#primaryimage","url":"https:\/\/ubanews.com\/site\/wp-content\/uploads\/2025\/09\/Fala-Sodre-Policia-Civil.jpeg","contentUrl":"https:\/\/ubanews.com\/site\/wp-content\/uploads\/2025\/09\/Fala-Sodre-Policia-Civil.jpeg","width":800,"height":630,"caption":"Pol\u00edcia Civil - Fala Sodr\u00e9"},{"@type":"BreadcrumbList","@id":"https:\/\/ubanews.com\/site\/2025\/10\/03\/a-policia-civil-de-minas-gerais-pcmg-e-a-policia-militar-pmmg\/#breadcrumb","itemListElement":[{"@type":"ListItem","position":1,"name":"Home","item":"https:\/\/ubanews.com\/site\/"},{"@type":"ListItem","position":2,"name":"A Pol\u00edcia Civil de Minas Gerais (PCMG) e Pol\u00edcia Militar (PMMG)"}]},{"@type":"WebSite","@id":"https:\/\/ubanews.com\/site\/#website","url":"https:\/\/ubanews.com\/site\/","name":"Ub\u00e1 News","description":"","publisher":{"@id":"https:\/\/ubanews.com\/site\/#organization"},"potentialAction":[{"@type":"SearchAction","target":{"@type":"EntryPoint","urlTemplate":"https:\/\/ubanews.com\/site\/?s={search_term_string}"},"query-input":{"@type":"PropertyValueSpecification","valueRequired":true,"valueName":"search_term_string"}}],"inLanguage":"pt-BR"},{"@type":"Organization","@id":"https:\/\/ubanews.com\/site\/#organization","name":"Ub\u00e1 News","url":"https:\/\/ubanews.com\/site\/","logo":{"@type":"ImageObject","inLanguage":"pt-BR","@id":"https:\/\/ubanews.com\/site\/#\/schema\/logo\/image\/","url":"https:\/\/ubanews.com\/site\/wp-content\/uploads\/2018\/01\/logoubanews.png","contentUrl":"https:\/\/ubanews.com\/site\/wp-content\/uploads\/2018\/01\/logoubanews.png","width":261,"height":99,"caption":"Ub\u00e1 News"},"image":{"@id":"https:\/\/ubanews.com\/site\/#\/schema\/logo\/image\/"},"sameAs":["https:\/\/www.facebook.com\/Ub\u00e1News-Carlos-Roberto-Sodr\u00e9-418778301977370"]},{"@type":"Person","@id":"https:\/\/ubanews.com\/site\/#\/schema\/person\/9d8da9ec3c8d00640ab6e8c81e103310","name":"Carlos Roberto Sodr\u00e9","image":{"@type":"ImageObject","inLanguage":"pt-BR","@id":"https:\/\/secure.gravatar.com\/avatar\/aab322e8555b56c468614fafdab8a8f924e394cdc6cfd8232f77e9e4d123a133?s=96&d=mm&r=g","url":"https:\/\/secure.gravatar.com\/avatar\/aab322e8555b56c468614fafdab8a8f924e394cdc6cfd8232f77e9e4d123a133?s=96&d=mm&r=g","contentUrl":"https:\/\/secure.gravatar.com\/avatar\/aab322e8555b56c468614fafdab8a8f924e394cdc6cfd8232f77e9e4d123a133?s=96&d=mm&r=g","caption":"Carlos Roberto Sodr\u00e9"},"url":"https:\/\/ubanews.com\/site\/author\/sodre\/"}]}},"_links":{"self":[{"href":"https:\/\/ubanews.com\/site\/wp-json\/wp\/v2\/posts\/23079","targetHints":{"allow":["GET"]}}],"collection":[{"href":"https:\/\/ubanews.com\/site\/wp-json\/wp\/v2\/posts"}],"about":[{"href":"https:\/\/ubanews.com\/site\/wp-json\/wp\/v2\/types\/post"}],"author":[{"embeddable":true,"href":"https:\/\/ubanews.com\/site\/wp-json\/wp\/v2\/users\/4"}],"replies":[{"embeddable":true,"href":"https:\/\/ubanews.com\/site\/wp-json\/wp\/v2\/comments?post=23079"}],"version-history":[{"count":0,"href":"https:\/\/ubanews.com\/site\/wp-json\/wp\/v2\/posts\/23079\/revisions"}],"wp:featuredmedia":[{"embeddable":true,"href":"https:\/\/ubanews.com\/site\/wp-json\/wp\/v2\/media\/23012"}],"wp:attachment":[{"href":"https:\/\/ubanews.com\/site\/wp-json\/wp\/v2\/media?parent=23079"}],"wp:term":[{"taxonomy":"category","embeddable":true,"href":"https:\/\/ubanews.com\/site\/wp-json\/wp\/v2\/categories?post=23079"},{"taxonomy":"post_tag","embeddable":true,"href":"https:\/\/ubanews.com\/site\/wp-json\/wp\/v2\/tags?post=23079"}],"curies":[{"name":"wp","href":"https:\/\/api.w.org\/{rel}","templated":true}]}}