{"id":23056,"date":"2025-10-01T09:04:52","date_gmt":"2025-10-01T12:04:52","guid":{"rendered":"https:\/\/ubanews.com\/site\/?p=23056"},"modified":"2025-10-01T09:04:52","modified_gmt":"2025-10-01T12:04:52","slug":"acidente_de_transito_com_vitima_fatal","status":"publish","type":"post","link":"https:\/\/ubanews.com\/site\/2025\/10\/01\/acidente_de_transito_com_vitima_fatal\/","title":{"rendered":"ACIDENTE DE TR\u00c2NSITO COM V\u00cdTIMA FATAL"},"content":{"rendered":"<p><img decoding=\"async\" class=\"wp-image-23058 alignleft lazyload\" data-src=\"https:\/\/ubanews.com\/site\/wp-content\/uploads\/2025\/10\/Logo-Policia-Militar-300x300.jpg\" alt=\"Logo Policia Militar Rodovi\u00e1ria\" width=\"126\" height=\"126\" data-srcset=\"https:\/\/ubanews.com\/site\/wp-content\/uploads\/2025\/10\/Logo-Policia-Militar-300x300.jpg 300w, https:\/\/ubanews.com\/site\/wp-content\/uploads\/2025\/10\/Logo-Policia-Militar-1024x1024.jpg 1024w, https:\/\/ubanews.com\/site\/wp-content\/uploads\/2025\/10\/Logo-Policia-Militar-150x150.jpg 150w, https:\/\/ubanews.com\/site\/wp-content\/uploads\/2025\/10\/Logo-Policia-Militar-768x768.jpg 768w, https:\/\/ubanews.com\/site\/wp-content\/uploads\/2025\/10\/Logo-Policia-Militar-600x600.jpg 600w, https:\/\/ubanews.com\/site\/wp-content\/uploads\/2025\/10\/Logo-Policia-Militar.jpg 1080w\" data-sizes=\"(max-width: 126px) 100vw, 126px\" src=\"data:image\/svg+xml;base64,PHN2ZyB3aWR0aD0iMSIgaGVpZ2h0PSIxIiB4bWxucz0iaHR0cDovL3d3dy53My5vcmcvMjAwMC9zdmciPjwvc3ZnPg==\" style=\"--smush-placeholder-width: 126px; --smush-placeholder-aspect-ratio: 126\/126;\" \/>&#x1f6a7; CPE \/ BPMRv \/ 4\u00aa CIA PRv \/ 1\u00ba PEL Rv \/ 1\u00b0 GPRv \/ &#x1f6a7;<\/p>\n<p>T00009 &#8211; ACIDENTE DE TR\u00c2NSITO COM V\u00cdTIMA FATAL \/\u00a0Data: 30\/09\/2025 \/ Hor\u00e1rio: 10:45 min<br \/>\nLocal: MG 133 KM 12 &#8211; TABULEIRO.\u00a0EQUIPEvVPRV 31833<\/p>\n<p><img decoding=\"async\" class=\"aligncenter size-medium wp-image-23057 lazyload\" data-src=\"https:\/\/ubanews.com\/site\/wp-content\/uploads\/2025\/10\/Policia-Militar-Rodoviaria-225x300.jpg\" alt=\"Pol\u00edcia Militar Rodovi\u00e1ria - Fala Sodr\u00e9\" width=\"225\" height=\"300\" data-srcset=\"https:\/\/ubanews.com\/site\/wp-content\/uploads\/2025\/10\/Policia-Militar-Rodoviaria-225x300.jpg 225w, https:\/\/ubanews.com\/site\/wp-content\/uploads\/2025\/10\/Policia-Militar-Rodoviaria-768x1024.jpg 768w, https:\/\/ubanews.com\/site\/wp-content\/uploads\/2025\/10\/Policia-Militar-Rodoviaria-1152x1536.jpg 1152w, https:\/\/ubanews.com\/site\/wp-content\/uploads\/2025\/10\/Policia-Militar-Rodoviaria.jpg 1200w\" data-sizes=\"(max-width: 225px) 100vw, 225px\" src=\"data:image\/svg+xml;base64,PHN2ZyB3aWR0aD0iMSIgaGVpZ2h0PSIxIiB4bWxucz0iaHR0cDovL3d3dy53My5vcmcvMjAwMC9zdmciPjwvc3ZnPg==\" style=\"--smush-placeholder-width: 225px; --smush-placeholder-aspect-ratio: 225\/300;\" \/><\/p>\n<p><strong>Agente Policial relata ocorr\u00eancia de acidente com v\u00edtima fatal na regi\u00e3o<\/strong><\/p>\n<p>Acionado pelo COPOM de Juiz de Fora, o agente policial compareceu ao local do sinistro, onde constatou o tombamento de uma combina\u00e7\u00e3o de ve\u00edculos \u2014 um caminh\u00e3o trator e um semirreboque transportando um container \u2014 \u00e0s margens da via. No interior da cabine, foi identificado o condutor, preso \u00e0s ferragens e j\u00e1 sem sinais vitais.<\/p>\n<p>A causa do acidente permanece desconhecida. A per\u00edcia t\u00e9cnica esteve presente e, ap\u00f3s os trabalhos periciais, uma equipe do Corpo de Bombeiros realizou o desencarceramento da v\u00edtima. Nenhuma outra pessoa se apresentou como envolvida ou testemunha dos fatos.<\/p>\n<p>Os ve\u00edculos, devidamente licenciados e fora da pista de rolamento, foram liberados no local para futura remo\u00e7\u00e3o. O tr\u00e2nsito foi restabelecido em ambos os sentidos.<\/p>\n<p>Reds 2025 045415947 001<\/p>\n<p>&#x1f694;&#x1f53a; CPE\/BPMRv: Os Anjos da Guarda dos Caminhos de Minas &#x1f694;&#x1f53a;<\/p>\n<p>&#x1f694;&#x1f396; 1971\/2025: 54 ANOS CUIDANDO DA SUA SEGURAN\u00c7A NOS CAMINHOS DE MINAS*&#x1f694;&#x1f53a;<br \/>\nhttps:\/\/www.instagram.com\/pmmg.rodoviaria?igsh=NnR6OGkwdGdiOTRm<\/p>\n","protected":false},"excerpt":{"rendered":"<p>&#x1f6a7; CPE \/ BPMRv \/ 4\u00aa CIA PRv \/ 1\u00ba<\/p>\n","protected":false},"author":4,"featured_media":23057,"comment_status":"open","ping_status":"open","sticky":false,"template":"","format":"standard","meta":{"footnotes":""},"categories":[1],"tags":[59,73,119,67,60],"class_list":["post-23056","post","type-post","status-publish","format-standard","has-post-thumbnail","hentry","category-sem-categoria","tag-fala-sodre","tag-policia-militar","tag-policia-militar-rodoviaria","tag-sodre","tag-ubanews"],"yoast_head":"<!-- This site is optimized with the Yoast SEO plugin v27.2 - https:\/\/yoast.com\/product\/yoast-seo-wordpress\/ -->\n<title>ACIDENTE DE TR\u00c2NSITO COM V\u00cdTIMA FATAL - Ub\u00e1 News<\/title>\n<meta name=\"description\" content=\"Agente Policial relata ocorr\u00eancia de acidente com v\u00edtima fatal na regi\u00e3o.\" \/>\n<meta name=\"robots\" content=\"index, follow, max-snippet:-1, max-image-preview:large, max-video-preview:-1\" \/>\n<link rel=\"canonical\" href=\"https:\/\/ubanews.com\/site\/2025\/10\/01\/acidente_de_transito_com_vitima_fatal\/\" \/>\n<meta property=\"og:locale\" content=\"pt_BR\" \/>\n<meta property=\"og:type\" content=\"article\" \/>\n<meta property=\"og:title\" content=\"ACIDENTE DE TR\u00c2NSITO COM V\u00cdTIMA FATAL - Ub\u00e1 News\" \/>\n<meta property=\"og:description\" content=\"Agente Policial relata ocorr\u00eancia de acidente com v\u00edtima fatal na regi\u00e3o.\" \/>\n<meta property=\"og:url\" content=\"https:\/\/ubanews.com\/site\/2025\/10\/01\/acidente_de_transito_com_vitima_fatal\/\" \/>\n<meta property=\"og:site_name\" content=\"Ub\u00e1 News\" \/>\n<meta property=\"article:publisher\" content=\"https:\/\/www.facebook.com\/Ub%c3%a1News-Carlos-Roberto-Sodr%c3%a9-418778301977370\" \/>\n<meta property=\"article:published_time\" content=\"2025-10-01T12:04:52+00:00\" \/>\n<meta property=\"og:image\" content=\"https:\/\/ubanews.com\/site\/wp-content\/uploads\/2025\/10\/Policia-Militar-Rodoviaria.jpg\" \/>\n\t<meta property=\"og:image:width\" content=\"1200\" \/>\n\t<meta property=\"og:image:height\" content=\"1600\" \/>\n\t<meta property=\"og:image:type\" content=\"image\/jpeg\" \/>\n<meta name=\"author\" content=\"Carlos Roberto Sodr\u00e9\" \/>\n<meta name=\"twitter:card\" content=\"summary_large_image\" \/>\n<meta name=\"twitter:label1\" content=\"Escrito por\" \/>\n\t<meta name=\"twitter:data1\" content=\"Carlos Roberto Sodr\u00e9\" \/>\n\t<meta name=\"twitter:label2\" content=\"Est. tempo de leitura\" \/>\n\t<meta name=\"twitter:data2\" content=\"2 minutos\" \/>\n<script type=\"application\/ld+json\" class=\"yoast-schema-graph\">{\"@context\":\"https:\/\/schema.org\",\"@graph\":[{\"@type\":\"Article\",\"@id\":\"https:\/\/ubanews.com\/site\/2025\/10\/01\/acidente_de_transito_com_vitima_fatal\/#article\",\"isPartOf\":{\"@id\":\"https:\/\/ubanews.com\/site\/2025\/10\/01\/acidente_de_transito_com_vitima_fatal\/\"},\"author\":{\"name\":\"Carlos Roberto Sodr\u00e9\",\"@id\":\"https:\/\/ubanews.com\/site\/#\/schema\/person\/9d8da9ec3c8d00640ab6e8c81e103310\"},\"headline\":\"ACIDENTE DE TR\u00c2NSITO COM V\u00cdTIMA FATAL\",\"datePublished\":\"2025-10-01T12:04:52+00:00\",\"mainEntityOfPage\":{\"@id\":\"https:\/\/ubanews.com\/site\/2025\/10\/01\/acidente_de_transito_com_vitima_fatal\/\"},\"wordCount\":230,\"commentCount\":0,\"publisher\":{\"@id\":\"https:\/\/ubanews.com\/site\/#organization\"},\"image\":{\"@id\":\"https:\/\/ubanews.com\/site\/2025\/10\/01\/acidente_de_transito_com_vitima_fatal\/#primaryimage\"},\"thumbnailUrl\":\"https:\/\/ubanews.com\/site\/wp-content\/uploads\/2025\/10\/Policia-Militar-Rodoviaria.jpg\",\"keywords\":[\"Fala Sodr\u00e9\",\"Pol\u00edcia Militar\",\"Pol\u00edcia Militar Rodovi\u00e1ria\",\"Sodr\u00e9\",\"UBANEWS\"],\"articleSection\":[\"Geral\"],\"inLanguage\":\"pt-BR\",\"potentialAction\":[{\"@type\":\"CommentAction\",\"name\":\"Comment\",\"target\":[\"https:\/\/ubanews.com\/site\/2025\/10\/01\/acidente_de_transito_com_vitima_fatal\/#respond\"]}]},{\"@type\":\"WebPage\",\"@id\":\"https:\/\/ubanews.com\/site\/2025\/10\/01\/acidente_de_transito_com_vitima_fatal\/\",\"url\":\"https:\/\/ubanews.com\/site\/2025\/10\/01\/acidente_de_transito_com_vitima_fatal\/\",\"name\":\"ACIDENTE DE TR\u00c2NSITO COM V\u00cdTIMA FATAL - Ub\u00e1 News\",\"isPartOf\":{\"@id\":\"https:\/\/ubanews.com\/site\/#website\"},\"primaryImageOfPage\":{\"@id\":\"https:\/\/ubanews.com\/site\/2025\/10\/01\/acidente_de_transito_com_vitima_fatal\/#primaryimage\"},\"image\":{\"@id\":\"https:\/\/ubanews.com\/site\/2025\/10\/01\/acidente_de_transito_com_vitima_fatal\/#primaryimage\"},\"thumbnailUrl\":\"https:\/\/ubanews.com\/site\/wp-content\/uploads\/2025\/10\/Policia-Militar-Rodoviaria.jpg\",\"datePublished\":\"2025-10-01T12:04:52+00:00\",\"description\":\"Agente Policial relata ocorr\u00eancia de acidente com v\u00edtima fatal na regi\u00e3o.\",\"breadcrumb\":{\"@id\":\"https:\/\/ubanews.com\/site\/2025\/10\/01\/acidente_de_transito_com_vitima_fatal\/#breadcrumb\"},\"inLanguage\":\"pt-BR\",\"potentialAction\":[{\"@type\":\"ReadAction\",\"target\":[\"https:\/\/ubanews.com\/site\/2025\/10\/01\/acidente_de_transito_com_vitima_fatal\/\"]}]},{\"@type\":\"ImageObject\",\"inLanguage\":\"pt-BR\",\"@id\":\"https:\/\/ubanews.com\/site\/2025\/10\/01\/acidente_de_transito_com_vitima_fatal\/#primaryimage\",\"url\":\"https:\/\/ubanews.com\/site\/wp-content\/uploads\/2025\/10\/Policia-Militar-Rodoviaria.jpg\",\"contentUrl\":\"https:\/\/ubanews.com\/site\/wp-content\/uploads\/2025\/10\/Policia-Militar-Rodoviaria.jpg\",\"width\":1200,\"height\":1600,\"caption\":\"Pol\u00edcia Militar Rodovi\u00e1ria - Fala Sodr\u00e9\"},{\"@type\":\"BreadcrumbList\",\"@id\":\"https:\/\/ubanews.com\/site\/2025\/10\/01\/acidente_de_transito_com_vitima_fatal\/#breadcrumb\",\"itemListElement\":[{\"@type\":\"ListItem\",\"position\":1,\"name\":\"Home\",\"item\":\"https:\/\/ubanews.com\/site\/\"},{\"@type\":\"ListItem\",\"position\":2,\"name\":\"ACIDENTE DE TR\u00c2NSITO COM V\u00cdTIMA FATAL\"}]},{\"@type\":\"WebSite\",\"@id\":\"https:\/\/ubanews.com\/site\/#website\",\"url\":\"https:\/\/ubanews.com\/site\/\",\"name\":\"Ub\u00e1 News\",\"description\":\"\",\"publisher\":{\"@id\":\"https:\/\/ubanews.com\/site\/#organization\"},\"potentialAction\":[{\"@type\":\"SearchAction\",\"target\":{\"@type\":\"EntryPoint\",\"urlTemplate\":\"https:\/\/ubanews.com\/site\/?s={search_term_string}\"},\"query-input\":{\"@type\":\"PropertyValueSpecification\",\"valueRequired\":true,\"valueName\":\"search_term_string\"}}],\"inLanguage\":\"pt-BR\"},{\"@type\":\"Organization\",\"@id\":\"https:\/\/ubanews.com\/site\/#organization\",\"name\":\"Ub\u00e1 News\",\"url\":\"https:\/\/ubanews.com\/site\/\",\"logo\":{\"@type\":\"ImageObject\",\"inLanguage\":\"pt-BR\",\"@id\":\"https:\/\/ubanews.com\/site\/#\/schema\/logo\/image\/\",\"url\":\"https:\/\/ubanews.com\/site\/wp-content\/uploads\/2018\/01\/logoubanews.png\",\"contentUrl\":\"https:\/\/ubanews.com\/site\/wp-content\/uploads\/2018\/01\/logoubanews.png\",\"width\":261,\"height\":99,\"caption\":\"Ub\u00e1 News\"},\"image\":{\"@id\":\"https:\/\/ubanews.com\/site\/#\/schema\/logo\/image\/\"},\"sameAs\":[\"https:\/\/www.facebook.com\/Ub\u00e1News-Carlos-Roberto-Sodr\u00e9-418778301977370\"]},{\"@type\":\"Person\",\"@id\":\"https:\/\/ubanews.com\/site\/#\/schema\/person\/9d8da9ec3c8d00640ab6e8c81e103310\",\"name\":\"Carlos Roberto Sodr\u00e9\",\"image\":{\"@type\":\"ImageObject\",\"inLanguage\":\"pt-BR\",\"@id\":\"https:\/\/secure.gravatar.com\/avatar\/aab322e8555b56c468614fafdab8a8f924e394cdc6cfd8232f77e9e4d123a133?s=96&d=mm&r=g\",\"url\":\"https:\/\/secure.gravatar.com\/avatar\/aab322e8555b56c468614fafdab8a8f924e394cdc6cfd8232f77e9e4d123a133?s=96&d=mm&r=g\",\"contentUrl\":\"https:\/\/secure.gravatar.com\/avatar\/aab322e8555b56c468614fafdab8a8f924e394cdc6cfd8232f77e9e4d123a133?s=96&d=mm&r=g\",\"caption\":\"Carlos Roberto Sodr\u00e9\"},\"url\":\"https:\/\/ubanews.com\/site\/author\/sodre\/\"}]}<\/script>\n<!-- \/ Yoast SEO plugin. -->","yoast_head_json":{"title":"ACIDENTE DE TR\u00c2NSITO COM V\u00cdTIMA FATAL - Ub\u00e1 News","description":"Agente Policial relata ocorr\u00eancia de acidente com v\u00edtima fatal na regi\u00e3o.","robots":{"index":"index","follow":"follow","max-snippet":"max-snippet:-1","max-image-preview":"max-image-preview:large","max-video-preview":"max-video-preview:-1"},"canonical":"https:\/\/ubanews.com\/site\/2025\/10\/01\/acidente_de_transito_com_vitima_fatal\/","og_locale":"pt_BR","og_type":"article","og_title":"ACIDENTE DE TR\u00c2NSITO COM V\u00cdTIMA FATAL - Ub\u00e1 News","og_description":"Agente Policial relata ocorr\u00eancia de acidente com v\u00edtima fatal na regi\u00e3o.","og_url":"https:\/\/ubanews.com\/site\/2025\/10\/01\/acidente_de_transito_com_vitima_fatal\/","og_site_name":"Ub\u00e1 News","article_publisher":"https:\/\/www.facebook.com\/Ub%c3%a1News-Carlos-Roberto-Sodr%c3%a9-418778301977370","article_published_time":"2025-10-01T12:04:52+00:00","og_image":[{"width":1200,"height":1600,"url":"https:\/\/ubanews.com\/site\/wp-content\/uploads\/2025\/10\/Policia-Militar-Rodoviaria.jpg","type":"image\/jpeg"}],"author":"Carlos Roberto Sodr\u00e9","twitter_card":"summary_large_image","twitter_misc":{"Escrito por":"Carlos Roberto Sodr\u00e9","Est. tempo de leitura":"2 minutos"},"schema":{"@context":"https:\/\/schema.org","@graph":[{"@type":"Article","@id":"https:\/\/ubanews.com\/site\/2025\/10\/01\/acidente_de_transito_com_vitima_fatal\/#article","isPartOf":{"@id":"https:\/\/ubanews.com\/site\/2025\/10\/01\/acidente_de_transito_com_vitima_fatal\/"},"author":{"name":"Carlos Roberto Sodr\u00e9","@id":"https:\/\/ubanews.com\/site\/#\/schema\/person\/9d8da9ec3c8d00640ab6e8c81e103310"},"headline":"ACIDENTE DE TR\u00c2NSITO COM V\u00cdTIMA FATAL","datePublished":"2025-10-01T12:04:52+00:00","mainEntityOfPage":{"@id":"https:\/\/ubanews.com\/site\/2025\/10\/01\/acidente_de_transito_com_vitima_fatal\/"},"wordCount":230,"commentCount":0,"publisher":{"@id":"https:\/\/ubanews.com\/site\/#organization"},"image":{"@id":"https:\/\/ubanews.com\/site\/2025\/10\/01\/acidente_de_transito_com_vitima_fatal\/#primaryimage"},"thumbnailUrl":"https:\/\/ubanews.com\/site\/wp-content\/uploads\/2025\/10\/Policia-Militar-Rodoviaria.jpg","keywords":["Fala Sodr\u00e9","Pol\u00edcia Militar","Pol\u00edcia Militar Rodovi\u00e1ria","Sodr\u00e9","UBANEWS"],"articleSection":["Geral"],"inLanguage":"pt-BR","potentialAction":[{"@type":"CommentAction","name":"Comment","target":["https:\/\/ubanews.com\/site\/2025\/10\/01\/acidente_de_transito_com_vitima_fatal\/#respond"]}]},{"@type":"WebPage","@id":"https:\/\/ubanews.com\/site\/2025\/10\/01\/acidente_de_transito_com_vitima_fatal\/","url":"https:\/\/ubanews.com\/site\/2025\/10\/01\/acidente_de_transito_com_vitima_fatal\/","name":"ACIDENTE DE TR\u00c2NSITO COM V\u00cdTIMA FATAL - Ub\u00e1 News","isPartOf":{"@id":"https:\/\/ubanews.com\/site\/#website"},"primaryImageOfPage":{"@id":"https:\/\/ubanews.com\/site\/2025\/10\/01\/acidente_de_transito_com_vitima_fatal\/#primaryimage"},"image":{"@id":"https:\/\/ubanews.com\/site\/2025\/10\/01\/acidente_de_transito_com_vitima_fatal\/#primaryimage"},"thumbnailUrl":"https:\/\/ubanews.com\/site\/wp-content\/uploads\/2025\/10\/Policia-Militar-Rodoviaria.jpg","datePublished":"2025-10-01T12:04:52+00:00","description":"Agente Policial relata ocorr\u00eancia de acidente com v\u00edtima fatal na regi\u00e3o.","breadcrumb":{"@id":"https:\/\/ubanews.com\/site\/2025\/10\/01\/acidente_de_transito_com_vitima_fatal\/#breadcrumb"},"inLanguage":"pt-BR","potentialAction":[{"@type":"ReadAction","target":["https:\/\/ubanews.com\/site\/2025\/10\/01\/acidente_de_transito_com_vitima_fatal\/"]}]},{"@type":"ImageObject","inLanguage":"pt-BR","@id":"https:\/\/ubanews.com\/site\/2025\/10\/01\/acidente_de_transito_com_vitima_fatal\/#primaryimage","url":"https:\/\/ubanews.com\/site\/wp-content\/uploads\/2025\/10\/Policia-Militar-Rodoviaria.jpg","contentUrl":"https:\/\/ubanews.com\/site\/wp-content\/uploads\/2025\/10\/Policia-Militar-Rodoviaria.jpg","width":1200,"height":1600,"caption":"Pol\u00edcia Militar Rodovi\u00e1ria - Fala Sodr\u00e9"},{"@type":"BreadcrumbList","@id":"https:\/\/ubanews.com\/site\/2025\/10\/01\/acidente_de_transito_com_vitima_fatal\/#breadcrumb","itemListElement":[{"@type":"ListItem","position":1,"name":"Home","item":"https:\/\/ubanews.com\/site\/"},{"@type":"ListItem","position":2,"name":"ACIDENTE DE TR\u00c2NSITO COM V\u00cdTIMA FATAL"}]},{"@type":"WebSite","@id":"https:\/\/ubanews.com\/site\/#website","url":"https:\/\/ubanews.com\/site\/","name":"Ub\u00e1 News","description":"","publisher":{"@id":"https:\/\/ubanews.com\/site\/#organization"},"potentialAction":[{"@type":"SearchAction","target":{"@type":"EntryPoint","urlTemplate":"https:\/\/ubanews.com\/site\/?s={search_term_string}"},"query-input":{"@type":"PropertyValueSpecification","valueRequired":true,"valueName":"search_term_string"}}],"inLanguage":"pt-BR"},{"@type":"Organization","@id":"https:\/\/ubanews.com\/site\/#organization","name":"Ub\u00e1 News","url":"https:\/\/ubanews.com\/site\/","logo":{"@type":"ImageObject","inLanguage":"pt-BR","@id":"https:\/\/ubanews.com\/site\/#\/schema\/logo\/image\/","url":"https:\/\/ubanews.com\/site\/wp-content\/uploads\/2018\/01\/logoubanews.png","contentUrl":"https:\/\/ubanews.com\/site\/wp-content\/uploads\/2018\/01\/logoubanews.png","width":261,"height":99,"caption":"Ub\u00e1 News"},"image":{"@id":"https:\/\/ubanews.com\/site\/#\/schema\/logo\/image\/"},"sameAs":["https:\/\/www.facebook.com\/Ub\u00e1News-Carlos-Roberto-Sodr\u00e9-418778301977370"]},{"@type":"Person","@id":"https:\/\/ubanews.com\/site\/#\/schema\/person\/9d8da9ec3c8d00640ab6e8c81e103310","name":"Carlos Roberto Sodr\u00e9","image":{"@type":"ImageObject","inLanguage":"pt-BR","@id":"https:\/\/secure.gravatar.com\/avatar\/aab322e8555b56c468614fafdab8a8f924e394cdc6cfd8232f77e9e4d123a133?s=96&d=mm&r=g","url":"https:\/\/secure.gravatar.com\/avatar\/aab322e8555b56c468614fafdab8a8f924e394cdc6cfd8232f77e9e4d123a133?s=96&d=mm&r=g","contentUrl":"https:\/\/secure.gravatar.com\/avatar\/aab322e8555b56c468614fafdab8a8f924e394cdc6cfd8232f77e9e4d123a133?s=96&d=mm&r=g","caption":"Carlos Roberto Sodr\u00e9"},"url":"https:\/\/ubanews.com\/site\/author\/sodre\/"}]}},"_links":{"self":[{"href":"https:\/\/ubanews.com\/site\/wp-json\/wp\/v2\/posts\/23056","targetHints":{"allow":["GET"]}}],"collection":[{"href":"https:\/\/ubanews.com\/site\/wp-json\/wp\/v2\/posts"}],"about":[{"href":"https:\/\/ubanews.com\/site\/wp-json\/wp\/v2\/types\/post"}],"author":[{"embeddable":true,"href":"https:\/\/ubanews.com\/site\/wp-json\/wp\/v2\/users\/4"}],"replies":[{"embeddable":true,"href":"https:\/\/ubanews.com\/site\/wp-json\/wp\/v2\/comments?post=23056"}],"version-history":[{"count":0,"href":"https:\/\/ubanews.com\/site\/wp-json\/wp\/v2\/posts\/23056\/revisions"}],"wp:featuredmedia":[{"embeddable":true,"href":"https:\/\/ubanews.com\/site\/wp-json\/wp\/v2\/media\/23057"}],"wp:attachment":[{"href":"https:\/\/ubanews.com\/site\/wp-json\/wp\/v2\/media?parent=23056"}],"wp:term":[{"taxonomy":"category","embeddable":true,"href":"https:\/\/ubanews.com\/site\/wp-json\/wp\/v2\/categories?post=23056"},{"taxonomy":"post_tag","embeddable":true,"href":"https:\/\/ubanews.com\/site\/wp-json\/wp\/v2\/tags?post=23056"}],"curies":[{"name":"wp","href":"https:\/\/api.w.org\/{rel}","templated":true}]}}