{"id":23051,"date":"2025-09-30T12:25:34","date_gmt":"2025-09-30T15:25:34","guid":{"rendered":"https:\/\/ubanews.com\/site\/?p=23051"},"modified":"2025-09-30T12:25:49","modified_gmt":"2025-09-30T15:25:49","slug":"pcmg-indicia-suspeito-de-feminicidio-em-uba","status":"publish","type":"post","link":"https:\/\/ubanews.com\/site\/2025\/09\/30\/pcmg-indicia-suspeito-de-feminicidio-em-uba\/","title":{"rendered":"PCMG indicia suspeito de feminic\u00eddio em Ub\u00e1"},"content":{"rendered":"<p>PCMG indicia suspeito de feminic\u00eddio em Ub\u00e1<br \/>\nInvestiga\u00e7\u00e3o revelou fetiches por viol\u00eancia sexual e posse de pornografia infantil.<\/p>\n<p>A Pol\u00edcia Civil de Minas Gerais (PCMG) concluiu o inqu\u00e9rito policial sobre o feminic\u00eddio de uma jovem de 19 anos, ocorrido em 7 de setembro, em Ub\u00e1, na Zona da Mata. O investigado, de 29 anos, foi indiciado pelos crimes de feminic\u00eddio, tentativa de estupro e posse e distribui\u00e7\u00e3o de material de pornografia infantil.<\/p>\n<p><img decoding=\"async\" class=\"aligncenter size-medium wp-image-23012 lazyload\" data-src=\"https:\/\/ubanews.com\/site\/wp-content\/uploads\/2025\/09\/Fala-Sodre-Policia-Civil-300x236.jpeg\" alt=\"Pol\u00edcia Civil - Fala Sodr\u00e9\" width=\"300\" height=\"236\" data-srcset=\"https:\/\/ubanews.com\/site\/wp-content\/uploads\/2025\/09\/Fala-Sodre-Policia-Civil-300x236.jpeg 300w, https:\/\/ubanews.com\/site\/wp-content\/uploads\/2025\/09\/Fala-Sodre-Policia-Civil-768x605.jpeg 768w, https:\/\/ubanews.com\/site\/wp-content\/uploads\/2025\/09\/Fala-Sodre-Policia-Civil.jpeg 800w\" data-sizes=\"(max-width: 300px) 100vw, 300px\" src=\"data:image\/svg+xml;base64,PHN2ZyB3aWR0aD0iMSIgaGVpZ2h0PSIxIiB4bWxucz0iaHR0cDovL3d3dy53My5vcmcvMjAwMC9zdmciPjwvc3ZnPg==\" style=\"--smush-placeholder-width: 300px; --smush-placeholder-aspect-ratio: 300\/236;\" \/><\/p>\n<p>O crime e as investiga\u00e7\u00f5es<br \/>\nO corpo da v\u00edtima foi encontrado em um beco no bairro Industrial, em 8 de setembro de 2025. Durante as dilig\u00eancias, a equipe de homic\u00eddios localizou manchas de sangue na resid\u00eancia do suspeito, que foi preso em flagrante no mesmo dia. Ele apresentava arranh\u00f5es no rosto, supostamente causados pela v\u00edtima em tentativa de defesa, e confessou a autoria do crime.<br \/>\nA investiga\u00e7\u00e3o reuniu provas como imagens de c\u00e2meras de seguran\u00e7a, laudos periciais, depoimentos de testemunhas e a an\u00e1lise de dados do celular do investigado. O material indicou ainda que, horas antes do feminic\u00eddio, o suspeito tentou abusar sexualmente de outra mulher, que conseguiu escapar com ajuda de populares.<br \/>\nOs levantamentos tamb\u00e9m revelaram que o investigado buscava encontros sexuais pagos, envolvendo pr\u00e1ticas violentas, enquanto consumia v\u00eddeos de abuso sexual, incluindo pornografia infantil, que ele possu\u00eda e compartilhava.<\/p>\n<p>Indiciamento e conclus\u00e3o<br \/>\nAl\u00e9m do feminic\u00eddio e da tentativa de estupro, o homem foi indiciado com base nos artigos 241-A e 241-B do Estatuto da Crian\u00e7a e do Adolescente (Lei 8.069\/90), referentes \u00e0 posse e distribui\u00e7\u00e3o de pornografia infantil.<br \/>\nSegundo o delegado Giovane Rodrigues de Faria Dantas, &#8220;a investiga\u00e7\u00e3o aprofundada foi essencial para revelar a totalidade dos crimes e a periculosidade do suspeito. O trabalho investigativo comprovou n\u00e3o apenas a autoria e materialidade do feminic\u00eddio, mas tamb\u00e9m um padr\u00e3o de conduta marcado por fantasias criminosas previstas no ECA. O caso evidencia o empenho da Pol\u00edcia Civil na apura\u00e7\u00e3o e responsabiliza\u00e7\u00e3o de autores, protegendo a sociedade, sobretudo os grupos mais vulner\u00e1veis&#8221;.<br \/>\nO inqu\u00e9rito foi encaminhado \u00e0 Justi\u00e7a, e o investigado permanece preso \u00e0 disposi\u00e7\u00e3o do Poder Judici\u00e1rio.<\/p>\n","protected":false},"excerpt":{"rendered":"<p>PCMG indicia suspeito de feminic\u00eddio em Ub\u00e1 Investiga\u00e7\u00e3o revelou fetiches<\/p>\n","protected":false},"author":4,"featured_media":23012,"comment_status":"open","ping_status":"open","sticky":false,"template":"","format":"standard","meta":{"footnotes":""},"categories":[1],"tags":[59,90,107,60],"class_list":["post-23051","post","type-post","status-publish","format-standard","has-post-thumbnail","hentry","category-sem-categoria","tag-fala-sodre","tag-pcmg","tag-policia-civil","tag-ubanews"],"yoast_head":"<!-- This site is optimized with the Yoast SEO plugin v27.2 - https:\/\/yoast.com\/product\/yoast-seo-wordpress\/ -->\n<title>PCMG indicia suspeito de feminic\u00eddio em Ub\u00e1 - Ub\u00e1 News<\/title>\n<meta name=\"robots\" content=\"index, follow, max-snippet:-1, max-image-preview:large, max-video-preview:-1\" \/>\n<link rel=\"canonical\" href=\"https:\/\/ubanews.com\/site\/2025\/09\/30\/pcmg-indicia-suspeito-de-feminicidio-em-uba\/\" \/>\n<meta property=\"og:locale\" content=\"pt_BR\" \/>\n<meta property=\"og:type\" content=\"article\" \/>\n<meta property=\"og:title\" content=\"PCMG indicia suspeito de feminic\u00eddio em Ub\u00e1 - Ub\u00e1 News\" \/>\n<meta property=\"og:description\" content=\"PCMG indicia suspeito de feminic\u00eddio em Ub\u00e1 Investiga\u00e7\u00e3o revelou fetiches\" \/>\n<meta property=\"og:url\" content=\"https:\/\/ubanews.com\/site\/2025\/09\/30\/pcmg-indicia-suspeito-de-feminicidio-em-uba\/\" \/>\n<meta property=\"og:site_name\" content=\"Ub\u00e1 News\" \/>\n<meta property=\"article:publisher\" content=\"https:\/\/www.facebook.com\/Ub%c3%a1News-Carlos-Roberto-Sodr%c3%a9-418778301977370\" \/>\n<meta property=\"article:published_time\" content=\"2025-09-30T15:25:34+00:00\" \/>\n<meta property=\"article:modified_time\" content=\"2025-09-30T15:25:49+00:00\" \/>\n<meta property=\"og:image\" content=\"https:\/\/ubanews.com\/site\/wp-content\/uploads\/2025\/09\/Fala-Sodre-Policia-Civil.jpeg\" \/>\n\t<meta property=\"og:image:width\" content=\"800\" \/>\n\t<meta property=\"og:image:height\" content=\"630\" \/>\n\t<meta property=\"og:image:type\" content=\"image\/jpeg\" \/>\n<meta name=\"author\" content=\"Carlos Roberto Sodr\u00e9\" \/>\n<meta name=\"twitter:card\" content=\"summary_large_image\" \/>\n<meta name=\"twitter:label1\" content=\"Escrito por\" \/>\n\t<meta name=\"twitter:data1\" content=\"Carlos Roberto Sodr\u00e9\" \/>\n\t<meta name=\"twitter:label2\" content=\"Est. tempo de leitura\" \/>\n\t<meta name=\"twitter:data2\" content=\"3 minutos\" \/>\n<script type=\"application\/ld+json\" class=\"yoast-schema-graph\">{\"@context\":\"https:\/\/schema.org\",\"@graph\":[{\"@type\":\"Article\",\"@id\":\"https:\/\/ubanews.com\/site\/2025\/09\/30\/pcmg-indicia-suspeito-de-feminicidio-em-uba\/#article\",\"isPartOf\":{\"@id\":\"https:\/\/ubanews.com\/site\/2025\/09\/30\/pcmg-indicia-suspeito-de-feminicidio-em-uba\/\"},\"author\":{\"name\":\"Carlos Roberto Sodr\u00e9\",\"@id\":\"https:\/\/ubanews.com\/site\/#\/schema\/person\/9d8da9ec3c8d00640ab6e8c81e103310\"},\"headline\":\"PCMG indicia suspeito de feminic\u00eddio em Ub\u00e1\",\"datePublished\":\"2025-09-30T15:25:34+00:00\",\"dateModified\":\"2025-09-30T15:25:49+00:00\",\"mainEntityOfPage\":{\"@id\":\"https:\/\/ubanews.com\/site\/2025\/09\/30\/pcmg-indicia-suspeito-de-feminicidio-em-uba\/\"},\"wordCount\":380,\"commentCount\":0,\"publisher\":{\"@id\":\"https:\/\/ubanews.com\/site\/#organization\"},\"image\":{\"@id\":\"https:\/\/ubanews.com\/site\/2025\/09\/30\/pcmg-indicia-suspeito-de-feminicidio-em-uba\/#primaryimage\"},\"thumbnailUrl\":\"https:\/\/ubanews.com\/site\/wp-content\/uploads\/2025\/09\/Fala-Sodre-Policia-Civil.jpeg\",\"keywords\":[\"Fala Sodr\u00e9\",\"PCMG\",\"Pol\u00edcia Civil\",\"UBANEWS\"],\"articleSection\":[\"Geral\"],\"inLanguage\":\"pt-BR\",\"potentialAction\":[{\"@type\":\"CommentAction\",\"name\":\"Comment\",\"target\":[\"https:\/\/ubanews.com\/site\/2025\/09\/30\/pcmg-indicia-suspeito-de-feminicidio-em-uba\/#respond\"]}]},{\"@type\":\"WebPage\",\"@id\":\"https:\/\/ubanews.com\/site\/2025\/09\/30\/pcmg-indicia-suspeito-de-feminicidio-em-uba\/\",\"url\":\"https:\/\/ubanews.com\/site\/2025\/09\/30\/pcmg-indicia-suspeito-de-feminicidio-em-uba\/\",\"name\":\"PCMG indicia suspeito de feminic\u00eddio em Ub\u00e1 - Ub\u00e1 News\",\"isPartOf\":{\"@id\":\"https:\/\/ubanews.com\/site\/#website\"},\"primaryImageOfPage\":{\"@id\":\"https:\/\/ubanews.com\/site\/2025\/09\/30\/pcmg-indicia-suspeito-de-feminicidio-em-uba\/#primaryimage\"},\"image\":{\"@id\":\"https:\/\/ubanews.com\/site\/2025\/09\/30\/pcmg-indicia-suspeito-de-feminicidio-em-uba\/#primaryimage\"},\"thumbnailUrl\":\"https:\/\/ubanews.com\/site\/wp-content\/uploads\/2025\/09\/Fala-Sodre-Policia-Civil.jpeg\",\"datePublished\":\"2025-09-30T15:25:34+00:00\",\"dateModified\":\"2025-09-30T15:25:49+00:00\",\"breadcrumb\":{\"@id\":\"https:\/\/ubanews.com\/site\/2025\/09\/30\/pcmg-indicia-suspeito-de-feminicidio-em-uba\/#breadcrumb\"},\"inLanguage\":\"pt-BR\",\"potentialAction\":[{\"@type\":\"ReadAction\",\"target\":[\"https:\/\/ubanews.com\/site\/2025\/09\/30\/pcmg-indicia-suspeito-de-feminicidio-em-uba\/\"]}]},{\"@type\":\"ImageObject\",\"inLanguage\":\"pt-BR\",\"@id\":\"https:\/\/ubanews.com\/site\/2025\/09\/30\/pcmg-indicia-suspeito-de-feminicidio-em-uba\/#primaryimage\",\"url\":\"https:\/\/ubanews.com\/site\/wp-content\/uploads\/2025\/09\/Fala-Sodre-Policia-Civil.jpeg\",\"contentUrl\":\"https:\/\/ubanews.com\/site\/wp-content\/uploads\/2025\/09\/Fala-Sodre-Policia-Civil.jpeg\",\"width\":800,\"height\":630,\"caption\":\"Pol\u00edcia Civil - Fala Sodr\u00e9\"},{\"@type\":\"BreadcrumbList\",\"@id\":\"https:\/\/ubanews.com\/site\/2025\/09\/30\/pcmg-indicia-suspeito-de-feminicidio-em-uba\/#breadcrumb\",\"itemListElement\":[{\"@type\":\"ListItem\",\"position\":1,\"name\":\"Home\",\"item\":\"https:\/\/ubanews.com\/site\/\"},{\"@type\":\"ListItem\",\"position\":2,\"name\":\"PCMG indicia suspeito de feminic\u00eddio em Ub\u00e1\"}]},{\"@type\":\"WebSite\",\"@id\":\"https:\/\/ubanews.com\/site\/#website\",\"url\":\"https:\/\/ubanews.com\/site\/\",\"name\":\"Ub\u00e1 News\",\"description\":\"\",\"publisher\":{\"@id\":\"https:\/\/ubanews.com\/site\/#organization\"},\"potentialAction\":[{\"@type\":\"SearchAction\",\"target\":{\"@type\":\"EntryPoint\",\"urlTemplate\":\"https:\/\/ubanews.com\/site\/?s={search_term_string}\"},\"query-input\":{\"@type\":\"PropertyValueSpecification\",\"valueRequired\":true,\"valueName\":\"search_term_string\"}}],\"inLanguage\":\"pt-BR\"},{\"@type\":\"Organization\",\"@id\":\"https:\/\/ubanews.com\/site\/#organization\",\"name\":\"Ub\u00e1 News\",\"url\":\"https:\/\/ubanews.com\/site\/\",\"logo\":{\"@type\":\"ImageObject\",\"inLanguage\":\"pt-BR\",\"@id\":\"https:\/\/ubanews.com\/site\/#\/schema\/logo\/image\/\",\"url\":\"https:\/\/ubanews.com\/site\/wp-content\/uploads\/2018\/01\/logoubanews.png\",\"contentUrl\":\"https:\/\/ubanews.com\/site\/wp-content\/uploads\/2018\/01\/logoubanews.png\",\"width\":261,\"height\":99,\"caption\":\"Ub\u00e1 News\"},\"image\":{\"@id\":\"https:\/\/ubanews.com\/site\/#\/schema\/logo\/image\/\"},\"sameAs\":[\"https:\/\/www.facebook.com\/Ub\u00e1News-Carlos-Roberto-Sodr\u00e9-418778301977370\"]},{\"@type\":\"Person\",\"@id\":\"https:\/\/ubanews.com\/site\/#\/schema\/person\/9d8da9ec3c8d00640ab6e8c81e103310\",\"name\":\"Carlos Roberto Sodr\u00e9\",\"image\":{\"@type\":\"ImageObject\",\"inLanguage\":\"pt-BR\",\"@id\":\"https:\/\/secure.gravatar.com\/avatar\/aab322e8555b56c468614fafdab8a8f924e394cdc6cfd8232f77e9e4d123a133?s=96&d=mm&r=g\",\"url\":\"https:\/\/secure.gravatar.com\/avatar\/aab322e8555b56c468614fafdab8a8f924e394cdc6cfd8232f77e9e4d123a133?s=96&d=mm&r=g\",\"contentUrl\":\"https:\/\/secure.gravatar.com\/avatar\/aab322e8555b56c468614fafdab8a8f924e394cdc6cfd8232f77e9e4d123a133?s=96&d=mm&r=g\",\"caption\":\"Carlos Roberto Sodr\u00e9\"},\"url\":\"https:\/\/ubanews.com\/site\/author\/sodre\/\"}]}<\/script>\n<!-- \/ Yoast SEO plugin. -->","yoast_head_json":{"title":"PCMG indicia suspeito de feminic\u00eddio em Ub\u00e1 - Ub\u00e1 News","robots":{"index":"index","follow":"follow","max-snippet":"max-snippet:-1","max-image-preview":"max-image-preview:large","max-video-preview":"max-video-preview:-1"},"canonical":"https:\/\/ubanews.com\/site\/2025\/09\/30\/pcmg-indicia-suspeito-de-feminicidio-em-uba\/","og_locale":"pt_BR","og_type":"article","og_title":"PCMG indicia suspeito de feminic\u00eddio em Ub\u00e1 - Ub\u00e1 News","og_description":"PCMG indicia suspeito de feminic\u00eddio em Ub\u00e1 Investiga\u00e7\u00e3o revelou fetiches","og_url":"https:\/\/ubanews.com\/site\/2025\/09\/30\/pcmg-indicia-suspeito-de-feminicidio-em-uba\/","og_site_name":"Ub\u00e1 News","article_publisher":"https:\/\/www.facebook.com\/Ub%c3%a1News-Carlos-Roberto-Sodr%c3%a9-418778301977370","article_published_time":"2025-09-30T15:25:34+00:00","article_modified_time":"2025-09-30T15:25:49+00:00","og_image":[{"width":800,"height":630,"url":"https:\/\/ubanews.com\/site\/wp-content\/uploads\/2025\/09\/Fala-Sodre-Policia-Civil.jpeg","type":"image\/jpeg"}],"author":"Carlos Roberto Sodr\u00e9","twitter_card":"summary_large_image","twitter_misc":{"Escrito por":"Carlos Roberto Sodr\u00e9","Est. tempo de leitura":"3 minutos"},"schema":{"@context":"https:\/\/schema.org","@graph":[{"@type":"Article","@id":"https:\/\/ubanews.com\/site\/2025\/09\/30\/pcmg-indicia-suspeito-de-feminicidio-em-uba\/#article","isPartOf":{"@id":"https:\/\/ubanews.com\/site\/2025\/09\/30\/pcmg-indicia-suspeito-de-feminicidio-em-uba\/"},"author":{"name":"Carlos Roberto Sodr\u00e9","@id":"https:\/\/ubanews.com\/site\/#\/schema\/person\/9d8da9ec3c8d00640ab6e8c81e103310"},"headline":"PCMG indicia suspeito de feminic\u00eddio em Ub\u00e1","datePublished":"2025-09-30T15:25:34+00:00","dateModified":"2025-09-30T15:25:49+00:00","mainEntityOfPage":{"@id":"https:\/\/ubanews.com\/site\/2025\/09\/30\/pcmg-indicia-suspeito-de-feminicidio-em-uba\/"},"wordCount":380,"commentCount":0,"publisher":{"@id":"https:\/\/ubanews.com\/site\/#organization"},"image":{"@id":"https:\/\/ubanews.com\/site\/2025\/09\/30\/pcmg-indicia-suspeito-de-feminicidio-em-uba\/#primaryimage"},"thumbnailUrl":"https:\/\/ubanews.com\/site\/wp-content\/uploads\/2025\/09\/Fala-Sodre-Policia-Civil.jpeg","keywords":["Fala Sodr\u00e9","PCMG","Pol\u00edcia Civil","UBANEWS"],"articleSection":["Geral"],"inLanguage":"pt-BR","potentialAction":[{"@type":"CommentAction","name":"Comment","target":["https:\/\/ubanews.com\/site\/2025\/09\/30\/pcmg-indicia-suspeito-de-feminicidio-em-uba\/#respond"]}]},{"@type":"WebPage","@id":"https:\/\/ubanews.com\/site\/2025\/09\/30\/pcmg-indicia-suspeito-de-feminicidio-em-uba\/","url":"https:\/\/ubanews.com\/site\/2025\/09\/30\/pcmg-indicia-suspeito-de-feminicidio-em-uba\/","name":"PCMG indicia suspeito de feminic\u00eddio em Ub\u00e1 - Ub\u00e1 News","isPartOf":{"@id":"https:\/\/ubanews.com\/site\/#website"},"primaryImageOfPage":{"@id":"https:\/\/ubanews.com\/site\/2025\/09\/30\/pcmg-indicia-suspeito-de-feminicidio-em-uba\/#primaryimage"},"image":{"@id":"https:\/\/ubanews.com\/site\/2025\/09\/30\/pcmg-indicia-suspeito-de-feminicidio-em-uba\/#primaryimage"},"thumbnailUrl":"https:\/\/ubanews.com\/site\/wp-content\/uploads\/2025\/09\/Fala-Sodre-Policia-Civil.jpeg","datePublished":"2025-09-30T15:25:34+00:00","dateModified":"2025-09-30T15:25:49+00:00","breadcrumb":{"@id":"https:\/\/ubanews.com\/site\/2025\/09\/30\/pcmg-indicia-suspeito-de-feminicidio-em-uba\/#breadcrumb"},"inLanguage":"pt-BR","potentialAction":[{"@type":"ReadAction","target":["https:\/\/ubanews.com\/site\/2025\/09\/30\/pcmg-indicia-suspeito-de-feminicidio-em-uba\/"]}]},{"@type":"ImageObject","inLanguage":"pt-BR","@id":"https:\/\/ubanews.com\/site\/2025\/09\/30\/pcmg-indicia-suspeito-de-feminicidio-em-uba\/#primaryimage","url":"https:\/\/ubanews.com\/site\/wp-content\/uploads\/2025\/09\/Fala-Sodre-Policia-Civil.jpeg","contentUrl":"https:\/\/ubanews.com\/site\/wp-content\/uploads\/2025\/09\/Fala-Sodre-Policia-Civil.jpeg","width":800,"height":630,"caption":"Pol\u00edcia Civil - Fala Sodr\u00e9"},{"@type":"BreadcrumbList","@id":"https:\/\/ubanews.com\/site\/2025\/09\/30\/pcmg-indicia-suspeito-de-feminicidio-em-uba\/#breadcrumb","itemListElement":[{"@type":"ListItem","position":1,"name":"Home","item":"https:\/\/ubanews.com\/site\/"},{"@type":"ListItem","position":2,"name":"PCMG indicia suspeito de feminic\u00eddio em Ub\u00e1"}]},{"@type":"WebSite","@id":"https:\/\/ubanews.com\/site\/#website","url":"https:\/\/ubanews.com\/site\/","name":"Ub\u00e1 News","description":"","publisher":{"@id":"https:\/\/ubanews.com\/site\/#organization"},"potentialAction":[{"@type":"SearchAction","target":{"@type":"EntryPoint","urlTemplate":"https:\/\/ubanews.com\/site\/?s={search_term_string}"},"query-input":{"@type":"PropertyValueSpecification","valueRequired":true,"valueName":"search_term_string"}}],"inLanguage":"pt-BR"},{"@type":"Organization","@id":"https:\/\/ubanews.com\/site\/#organization","name":"Ub\u00e1 News","url":"https:\/\/ubanews.com\/site\/","logo":{"@type":"ImageObject","inLanguage":"pt-BR","@id":"https:\/\/ubanews.com\/site\/#\/schema\/logo\/image\/","url":"https:\/\/ubanews.com\/site\/wp-content\/uploads\/2018\/01\/logoubanews.png","contentUrl":"https:\/\/ubanews.com\/site\/wp-content\/uploads\/2018\/01\/logoubanews.png","width":261,"height":99,"caption":"Ub\u00e1 News"},"image":{"@id":"https:\/\/ubanews.com\/site\/#\/schema\/logo\/image\/"},"sameAs":["https:\/\/www.facebook.com\/Ub\u00e1News-Carlos-Roberto-Sodr\u00e9-418778301977370"]},{"@type":"Person","@id":"https:\/\/ubanews.com\/site\/#\/schema\/person\/9d8da9ec3c8d00640ab6e8c81e103310","name":"Carlos Roberto Sodr\u00e9","image":{"@type":"ImageObject","inLanguage":"pt-BR","@id":"https:\/\/secure.gravatar.com\/avatar\/aab322e8555b56c468614fafdab8a8f924e394cdc6cfd8232f77e9e4d123a133?s=96&d=mm&r=g","url":"https:\/\/secure.gravatar.com\/avatar\/aab322e8555b56c468614fafdab8a8f924e394cdc6cfd8232f77e9e4d123a133?s=96&d=mm&r=g","contentUrl":"https:\/\/secure.gravatar.com\/avatar\/aab322e8555b56c468614fafdab8a8f924e394cdc6cfd8232f77e9e4d123a133?s=96&d=mm&r=g","caption":"Carlos Roberto Sodr\u00e9"},"url":"https:\/\/ubanews.com\/site\/author\/sodre\/"}]}},"_links":{"self":[{"href":"https:\/\/ubanews.com\/site\/wp-json\/wp\/v2\/posts\/23051","targetHints":{"allow":["GET"]}}],"collection":[{"href":"https:\/\/ubanews.com\/site\/wp-json\/wp\/v2\/posts"}],"about":[{"href":"https:\/\/ubanews.com\/site\/wp-json\/wp\/v2\/types\/post"}],"author":[{"embeddable":true,"href":"https:\/\/ubanews.com\/site\/wp-json\/wp\/v2\/users\/4"}],"replies":[{"embeddable":true,"href":"https:\/\/ubanews.com\/site\/wp-json\/wp\/v2\/comments?post=23051"}],"version-history":[{"count":0,"href":"https:\/\/ubanews.com\/site\/wp-json\/wp\/v2\/posts\/23051\/revisions"}],"wp:featuredmedia":[{"embeddable":true,"href":"https:\/\/ubanews.com\/site\/wp-json\/wp\/v2\/media\/23012"}],"wp:attachment":[{"href":"https:\/\/ubanews.com\/site\/wp-json\/wp\/v2\/media?parent=23051"}],"wp:term":[{"taxonomy":"category","embeddable":true,"href":"https:\/\/ubanews.com\/site\/wp-json\/wp\/v2\/categories?post=23051"},{"taxonomy":"post_tag","embeddable":true,"href":"https:\/\/ubanews.com\/site\/wp-json\/wp\/v2\/tags?post=23051"}],"curies":[{"name":"wp","href":"https:\/\/api.w.org\/{rel}","templated":true}]}}