{"id":23049,"date":"2025-09-30T11:46:20","date_gmt":"2025-09-30T14:46:20","guid":{"rendered":"https:\/\/ubanews.com\/site\/?p=23049"},"modified":"2025-09-30T11:46:20","modified_gmt":"2025-09-30T14:46:20","slug":"cabo-rominho-fala-sobre-mudancas-no-transito","status":"publish","type":"post","link":"https:\/\/ubanews.com\/site\/2025\/09\/30\/cabo-rominho-fala-sobre-mudancas-no-transito\/","title":{"rendered":"Cabo Rominho fala sobre mudan\u00e7as no tr\u00e2nsito"},"content":{"rendered":"<p data-start=\"230\" data-end=\"299\">Cabo Rominho fala sobre mudan\u00e7as no tr\u00e2nsito no programa Fala Sodr\u00e9.\u00a0O vice-prefeito <strong data-start=\"317\" data-end=\"333\">Cabo Rominho<\/strong> participou do programa <strong data-start=\"357\" data-end=\"371\">Fala Sodr\u00e9<\/strong>, conduzido pelo rep\u00f3rter <strong data-start=\"397\" data-end=\"421\">Carlos Roberto Sodr\u00e9<\/strong>, com imagens de <strong data-start=\"438\" data-end=\"453\">Laisa Sodr\u00e9<\/strong> e conte\u00fado de <strong data-start=\"468\" data-end=\"501\">Pedro Henriques (INDICCA.COM)<\/strong>. Durante a entrevista, ele destacou as recentes mudan\u00e7as no tr\u00e2nsito de Ub\u00e1 e discutiu tamb\u00e9m outros temas ligados \u00e0 mobilidade e seguran\u00e7a da popula\u00e7\u00e3o.<\/p>\n<h1 data-start=\"230\" data-end=\"299\">Cabo Rominho fala sobre mudan\u00e7as no tr\u00e2nsito<\/h1>\n<p><img decoding=\"async\" class=\"aligncenter size-medium wp-image-23050 lazyload\" data-src=\"https:\/\/ubanews.com\/site\/wp-content\/uploads\/2025\/09\/Fala-Sodre-Cabo-Romulo-Romin-Vice-Prefeito-de-Uba-300x156.jpg\" alt=\"Fala Sodr\u00e9 - Cabo Romin\" width=\"300\" height=\"156\" data-srcset=\"https:\/\/ubanews.com\/site\/wp-content\/uploads\/2025\/09\/Fala-Sodre-Cabo-Romulo-Romin-Vice-Prefeito-de-Uba-300x156.jpg 300w, https:\/\/ubanews.com\/site\/wp-content\/uploads\/2025\/09\/Fala-Sodre-Cabo-Romulo-Romin-Vice-Prefeito-de-Uba-768x400.jpg 768w, https:\/\/ubanews.com\/site\/wp-content\/uploads\/2025\/09\/Fala-Sodre-Cabo-Romulo-Romin-Vice-Prefeito-de-Uba.jpg 1005w\" data-sizes=\"(max-width: 300px) 100vw, 300px\" src=\"data:image\/svg+xml;base64,PHN2ZyB3aWR0aD0iMSIgaGVpZ2h0PSIxIiB4bWxucz0iaHR0cDovL3d3dy53My5vcmcvMjAwMC9zdmciPjwvc3ZnPg==\" style=\"--smush-placeholder-width: 300px; --smush-placeholder-aspect-ratio: 300\/156;\" \/><\/p>\n<h2 data-start=\"657\" data-end=\"699\">Mudan\u00e7as no tr\u00e2nsito e impacto imediato<\/h2>\n<p data-start=\"701\" data-end=\"979\">As altera\u00e7\u00f5es come\u00e7aram a ser sentidas em vias importantes, como a <strong data-start=\"768\" data-end=\"792\">Rua Sete de Setembro<\/strong>, um dos pontos mais movimentados do munic\u00edpio. Segundo Cabo Rominho, o objetivo \u00e9 melhorar o fluxo de ve\u00edculos, reduzir acidentes e garantir mais seguran\u00e7a para motoristas e pedestres.<\/p>\n<p data-start=\"981\" data-end=\"1330\">Ele destacou que muitos moradores ainda est\u00e3o se adaptando \u00e0s novas regras e sinaliza\u00e7\u00f5es, mas refor\u00e7ou que a medida busca prevenir situa\u00e7\u00f5es graves. Como exemplo, citou um acidente recente envolvendo uma crian\u00e7a, felizmente sem consequ\u00eancias mais s\u00e9rias, que refor\u00e7a a necessidade de maior aten\u00e7\u00e3o \u00e0s faixas de pedestres e \u00e0 disciplina no tr\u00e2nsito.<\/p>\n<h2 data-start=\"1332\" data-end=\"1368\">Educa\u00e7\u00e3o e respeito \u00e0 sinaliza\u00e7\u00e3o<\/h2>\n<p data-start=\"1370\" data-end=\"1720\">O vice-prefeito frisou que a <strong data-start=\"1399\" data-end=\"1423\">educa\u00e7\u00e3o no tr\u00e2nsito<\/strong> \u00e9 um desafio permanente. Muitos condutores ainda desrespeitam agentes de tr\u00e2nsito, sem\u00e1foros e faixas de pedestres, o que contribui para a inseguran\u00e7a. Ele pediu a colabora\u00e7\u00e3o da popula\u00e7\u00e3o para respeitar as orienta\u00e7\u00f5es dos guardas e seguir as normas, evitando assim multas e situa\u00e7\u00f5es de risco.<\/p>\n<p data-start=\"1722\" data-end=\"1938\">Al\u00e9m disso, Cabo Rominho explicou que o poder p\u00fablico vem estudando os impactos das altera\u00e7\u00f5es antes de implement\u00e1-las, para garantir que as mudan\u00e7as tragam resultados positivos sem causar transtornos desnecess\u00e1rios.<\/p>\n<h2 data-start=\"1940\" data-end=\"1978\">Estacionamentos e mobilidade urbana<\/h2>\n<p data-start=\"1980\" data-end=\"2258\">Outro ponto abordado foi a reorganiza\u00e7\u00e3o dos <strong data-start=\"2025\" data-end=\"2057\">estacionamentos na Beira Rio<\/strong>, onde a prefeitura pretende liberar mais vagas e melhorar o acesso ao com\u00e9rcio. A medida visa facilitar a rotina de quem depende do carro diariamente e reduzir congestionamentos em hor\u00e1rios de pico.<\/p>\n<p data-start=\"2260\" data-end=\"2453\">O vice-prefeito reconheceu que algumas decis\u00f5es exigem tempo de adapta\u00e7\u00e3o, mas destacou que os resultados j\u00e1 come\u00e7am a aparecer, com maior fluidez em trechos antes marcados por engarrafamentos.<\/p>\n<h2 data-start=\"2455\" data-end=\"2486\">Projetos futuros e seguran\u00e7a<\/h2>\n<p data-start=\"2488\" data-end=\"2805\">Cabo Rominho comentou tamb\u00e9m sobre investimentos em <strong data-start=\"2540\" data-end=\"2586\">ciclovias, sem\u00e1foros e faixas de pedestres<\/strong>, refor\u00e7ando o compromisso da gest\u00e3o municipal com a seguran\u00e7a e a mobilidade sustent\u00e1vel. Ele reconheceu que alguns projetos ainda aguardam recursos e licita\u00e7\u00f5es, mas garantiu que est\u00e3o no planejamento da prefeitura.<\/p>\n<p data-start=\"2807\" data-end=\"2984\">A entrevista mostrou que a administra\u00e7\u00e3o busca equilibrar agilidade e seguran\u00e7a, ao mesmo tempo em que ouve a comunidade e ajusta as medidas de acordo com a realidade da cidade.<\/p>\n<hr data-start=\"2986\" data-end=\"2989\" \/>\n<p data-start=\"2991\" data-end=\"3176\">&#x1f449; As mudan\u00e7as no tr\u00e2nsito fazem parte de um projeto maior de <strong data-start=\"3053\" data-end=\"3081\">mobilidade urbana em Ub\u00e1<\/strong>, que pretende trazer mais qualidade de vida, seguran\u00e7a e organiza\u00e7\u00e3o para todos os cidad\u00e3os.<\/p>\n<p style=\"margin: 0in; font-size: 20.0pt;\"><span style=\"font-family: 'Segoe UI Emoji';\">&#x1f4da; <\/span><span style=\"font-weight: bold; font-family: Calibri;\">Cobertura:<\/span><span style=\"font-family: Calibri;\"> Carlos Roberto Sodr\u00e9 <\/span><a href=\"https:\/\/wa.me\/553298481334\"><span style=\"font-family: Calibri;\">WhatsApp<\/span><\/a><\/p>\n<p style=\"margin: 0in; font-size: 20.0pt;\"><span style=\"font-family: 'Segoe UI Emoji';\">&#x1f4f8; <\/span><span style=\"font-weight: bold; font-family: Calibri;\">Imagens:<\/span><span style=\"font-family: Calibri;\"> Laisa Sodr\u00e9<\/span><\/p>\n<p style=\"margin: 0in; font-size: 20.0pt;\"><span style=\"font-family: 'Segoe UI Emoji';\">&#x1f4dd; <\/span><span style=\"font-weight: bold; font-family: Calibri;\">Conte\u00fado: <\/span><a href=\"https:\/\/www.linkedin.com\/in\/pedrohgf\/\"><span style=\"font-family: Calibri;\">Pedro Henriques<\/span><\/a><span style=\"font-family: Calibri;\"> \u2013 <\/span><a href=\"https:\/\/indicca.com.br\/blog\/\"><span style=\"font-family: Calibri;\">INDICCA.COM<\/span><\/a><span style=\"font-family: Calibri;\">\u00a0 <\/span><a href=\"https:\/\/wa.me\/5532988020057\"><span style=\"font-family: Calibri;\">WhatsApp<\/span><\/a><\/p>\n<p style=\"margin: 0in; font-size: 20.0pt;\"><span style=\"font-family: 'Segoe UI Emoji';\">&#x1f393; <\/span><span style=\"font-weight: bold; font-family: Calibri;\">Evento: Cabo Rominho fala sobre mudan\u00e7as no tr\u00e2nsito<\/span><\/p>\n","protected":false},"excerpt":{"rendered":"<p>Cabo Rominho fala sobre mudan\u00e7as no tr\u00e2nsito no programa Fala<\/p>\n","protected":false},"author":4,"featured_media":23050,"comment_status":"open","ping_status":"open","sticky":false,"template":"","format":"standard","meta":{"footnotes":""},"categories":[1,3],"tags":[118,59,60],"class_list":["post-23049","post","type-post","status-publish","format-standard","has-post-thumbnail","hentry","category-sem-categoria","category-slide","tag-cabo-romin","tag-fala-sodre","tag-ubanews"],"yoast_head":"<!-- This site is optimized with the Yoast SEO plugin v27.2 - https:\/\/yoast.com\/product\/yoast-seo-wordpress\/ -->\n<title>Cabo Rominho fala sobre mudan\u00e7as no tr\u00e2nsito - Ub\u00e1 News<\/title>\n<meta name=\"description\" content=\"Cabo Rominho fala sobre mudan\u00e7as no tr\u00e2nsito. O vice-prefeito Cabo Rominho participou do programa Fala Sodr\u00e9\" \/>\n<meta name=\"robots\" content=\"index, follow, max-snippet:-1, max-image-preview:large, max-video-preview:-1\" \/>\n<link rel=\"canonical\" href=\"https:\/\/ubanews.com\/site\/2025\/09\/30\/cabo-rominho-fala-sobre-mudancas-no-transito\/\" \/>\n<meta property=\"og:locale\" content=\"pt_BR\" \/>\n<meta property=\"og:type\" content=\"article\" \/>\n<meta property=\"og:title\" content=\"Cabo Rominho fala sobre mudan\u00e7as no tr\u00e2nsito - Ub\u00e1 News\" \/>\n<meta property=\"og:description\" content=\"Cabo Rominho fala sobre mudan\u00e7as no tr\u00e2nsito. O vice-prefeito Cabo Rominho participou do programa Fala Sodr\u00e9\" \/>\n<meta property=\"og:url\" content=\"https:\/\/ubanews.com\/site\/2025\/09\/30\/cabo-rominho-fala-sobre-mudancas-no-transito\/\" \/>\n<meta property=\"og:site_name\" content=\"Ub\u00e1 News\" \/>\n<meta property=\"article:publisher\" content=\"https:\/\/www.facebook.com\/Ub%c3%a1News-Carlos-Roberto-Sodr%c3%a9-418778301977370\" \/>\n<meta property=\"article:published_time\" content=\"2025-09-30T14:46:20+00:00\" \/>\n<meta property=\"og:image\" content=\"https:\/\/ubanews.com\/site\/wp-content\/uploads\/2025\/09\/Fala-Sodre-Cabo-Romulo-Romin-Vice-Prefeito-de-Uba.jpg\" \/>\n\t<meta property=\"og:image:width\" content=\"1005\" \/>\n\t<meta property=\"og:image:height\" content=\"523\" \/>\n\t<meta property=\"og:image:type\" content=\"image\/jpeg\" \/>\n<meta name=\"author\" content=\"Carlos Roberto Sodr\u00e9\" \/>\n<meta name=\"twitter:card\" content=\"summary_large_image\" \/>\n<meta name=\"twitter:label1\" content=\"Escrito por\" \/>\n\t<meta name=\"twitter:data1\" content=\"Carlos Roberto Sodr\u00e9\" \/>\n\t<meta name=\"twitter:label2\" content=\"Est. tempo de leitura\" \/>\n\t<meta name=\"twitter:data2\" content=\"3 minutos\" \/>\n<script type=\"application\/ld+json\" class=\"yoast-schema-graph\">{\"@context\":\"https:\/\/schema.org\",\"@graph\":[{\"@type\":\"Article\",\"@id\":\"https:\/\/ubanews.com\/site\/2025\/09\/30\/cabo-rominho-fala-sobre-mudancas-no-transito\/#article\",\"isPartOf\":{\"@id\":\"https:\/\/ubanews.com\/site\/2025\/09\/30\/cabo-rominho-fala-sobre-mudancas-no-transito\/\"},\"author\":{\"name\":\"Carlos Roberto Sodr\u00e9\",\"@id\":\"https:\/\/ubanews.com\/site\/#\/schema\/person\/9d8da9ec3c8d00640ab6e8c81e103310\"},\"headline\":\"Cabo Rominho fala sobre mudan\u00e7as no tr\u00e2nsito\",\"datePublished\":\"2025-09-30T14:46:20+00:00\",\"mainEntityOfPage\":{\"@id\":\"https:\/\/ubanews.com\/site\/2025\/09\/30\/cabo-rominho-fala-sobre-mudancas-no-transito\/\"},\"wordCount\":550,\"commentCount\":0,\"publisher\":{\"@id\":\"https:\/\/ubanews.com\/site\/#organization\"},\"image\":{\"@id\":\"https:\/\/ubanews.com\/site\/2025\/09\/30\/cabo-rominho-fala-sobre-mudancas-no-transito\/#primaryimage\"},\"thumbnailUrl\":\"https:\/\/ubanews.com\/site\/wp-content\/uploads\/2025\/09\/Fala-Sodre-Cabo-Romulo-Romin-Vice-Prefeito-de-Uba.jpg\",\"keywords\":[\"Cabo Romin\",\"Fala Sodr\u00e9\",\"UBANEWS\"],\"articleSection\":[\"Geral\",\"Slide\"],\"inLanguage\":\"pt-BR\",\"potentialAction\":[{\"@type\":\"CommentAction\",\"name\":\"Comment\",\"target\":[\"https:\/\/ubanews.com\/site\/2025\/09\/30\/cabo-rominho-fala-sobre-mudancas-no-transito\/#respond\"]}]},{\"@type\":\"WebPage\",\"@id\":\"https:\/\/ubanews.com\/site\/2025\/09\/30\/cabo-rominho-fala-sobre-mudancas-no-transito\/\",\"url\":\"https:\/\/ubanews.com\/site\/2025\/09\/30\/cabo-rominho-fala-sobre-mudancas-no-transito\/\",\"name\":\"Cabo Rominho fala sobre mudan\u00e7as no tr\u00e2nsito - Ub\u00e1 News\",\"isPartOf\":{\"@id\":\"https:\/\/ubanews.com\/site\/#website\"},\"primaryImageOfPage\":{\"@id\":\"https:\/\/ubanews.com\/site\/2025\/09\/30\/cabo-rominho-fala-sobre-mudancas-no-transito\/#primaryimage\"},\"image\":{\"@id\":\"https:\/\/ubanews.com\/site\/2025\/09\/30\/cabo-rominho-fala-sobre-mudancas-no-transito\/#primaryimage\"},\"thumbnailUrl\":\"https:\/\/ubanews.com\/site\/wp-content\/uploads\/2025\/09\/Fala-Sodre-Cabo-Romulo-Romin-Vice-Prefeito-de-Uba.jpg\",\"datePublished\":\"2025-09-30T14:46:20+00:00\",\"description\":\"Cabo Rominho fala sobre mudan\u00e7as no tr\u00e2nsito. O vice-prefeito Cabo Rominho participou do programa Fala Sodr\u00e9\",\"breadcrumb\":{\"@id\":\"https:\/\/ubanews.com\/site\/2025\/09\/30\/cabo-rominho-fala-sobre-mudancas-no-transito\/#breadcrumb\"},\"inLanguage\":\"pt-BR\",\"potentialAction\":[{\"@type\":\"ReadAction\",\"target\":[\"https:\/\/ubanews.com\/site\/2025\/09\/30\/cabo-rominho-fala-sobre-mudancas-no-transito\/\"]}]},{\"@type\":\"ImageObject\",\"inLanguage\":\"pt-BR\",\"@id\":\"https:\/\/ubanews.com\/site\/2025\/09\/30\/cabo-rominho-fala-sobre-mudancas-no-transito\/#primaryimage\",\"url\":\"https:\/\/ubanews.com\/site\/wp-content\/uploads\/2025\/09\/Fala-Sodre-Cabo-Romulo-Romin-Vice-Prefeito-de-Uba.jpg\",\"contentUrl\":\"https:\/\/ubanews.com\/site\/wp-content\/uploads\/2025\/09\/Fala-Sodre-Cabo-Romulo-Romin-Vice-Prefeito-de-Uba.jpg\",\"width\":1005,\"height\":523,\"caption\":\"Fala Sodr\u00e9 - Cabo Romin\"},{\"@type\":\"BreadcrumbList\",\"@id\":\"https:\/\/ubanews.com\/site\/2025\/09\/30\/cabo-rominho-fala-sobre-mudancas-no-transito\/#breadcrumb\",\"itemListElement\":[{\"@type\":\"ListItem\",\"position\":1,\"name\":\"Home\",\"item\":\"https:\/\/ubanews.com\/site\/\"},{\"@type\":\"ListItem\",\"position\":2,\"name\":\"Cabo Rominho fala sobre mudan\u00e7as no tr\u00e2nsito\"}]},{\"@type\":\"WebSite\",\"@id\":\"https:\/\/ubanews.com\/site\/#website\",\"url\":\"https:\/\/ubanews.com\/site\/\",\"name\":\"Ub\u00e1 News\",\"description\":\"\",\"publisher\":{\"@id\":\"https:\/\/ubanews.com\/site\/#organization\"},\"potentialAction\":[{\"@type\":\"SearchAction\",\"target\":{\"@type\":\"EntryPoint\",\"urlTemplate\":\"https:\/\/ubanews.com\/site\/?s={search_term_string}\"},\"query-input\":{\"@type\":\"PropertyValueSpecification\",\"valueRequired\":true,\"valueName\":\"search_term_string\"}}],\"inLanguage\":\"pt-BR\"},{\"@type\":\"Organization\",\"@id\":\"https:\/\/ubanews.com\/site\/#organization\",\"name\":\"Ub\u00e1 News\",\"url\":\"https:\/\/ubanews.com\/site\/\",\"logo\":{\"@type\":\"ImageObject\",\"inLanguage\":\"pt-BR\",\"@id\":\"https:\/\/ubanews.com\/site\/#\/schema\/logo\/image\/\",\"url\":\"https:\/\/ubanews.com\/site\/wp-content\/uploads\/2018\/01\/logoubanews.png\",\"contentUrl\":\"https:\/\/ubanews.com\/site\/wp-content\/uploads\/2018\/01\/logoubanews.png\",\"width\":261,\"height\":99,\"caption\":\"Ub\u00e1 News\"},\"image\":{\"@id\":\"https:\/\/ubanews.com\/site\/#\/schema\/logo\/image\/\"},\"sameAs\":[\"https:\/\/www.facebook.com\/Ub\u00e1News-Carlos-Roberto-Sodr\u00e9-418778301977370\"]},{\"@type\":\"Person\",\"@id\":\"https:\/\/ubanews.com\/site\/#\/schema\/person\/9d8da9ec3c8d00640ab6e8c81e103310\",\"name\":\"Carlos Roberto Sodr\u00e9\",\"image\":{\"@type\":\"ImageObject\",\"inLanguage\":\"pt-BR\",\"@id\":\"https:\/\/secure.gravatar.com\/avatar\/aab322e8555b56c468614fafdab8a8f924e394cdc6cfd8232f77e9e4d123a133?s=96&d=mm&r=g\",\"url\":\"https:\/\/secure.gravatar.com\/avatar\/aab322e8555b56c468614fafdab8a8f924e394cdc6cfd8232f77e9e4d123a133?s=96&d=mm&r=g\",\"contentUrl\":\"https:\/\/secure.gravatar.com\/avatar\/aab322e8555b56c468614fafdab8a8f924e394cdc6cfd8232f77e9e4d123a133?s=96&d=mm&r=g\",\"caption\":\"Carlos Roberto Sodr\u00e9\"},\"url\":\"https:\/\/ubanews.com\/site\/author\/sodre\/\"}]}<\/script>\n<!-- \/ Yoast SEO plugin. -->","yoast_head_json":{"title":"Cabo Rominho fala sobre mudan\u00e7as no tr\u00e2nsito - Ub\u00e1 News","description":"Cabo Rominho fala sobre mudan\u00e7as no tr\u00e2nsito. O vice-prefeito Cabo Rominho participou do programa Fala Sodr\u00e9","robots":{"index":"index","follow":"follow","max-snippet":"max-snippet:-1","max-image-preview":"max-image-preview:large","max-video-preview":"max-video-preview:-1"},"canonical":"https:\/\/ubanews.com\/site\/2025\/09\/30\/cabo-rominho-fala-sobre-mudancas-no-transito\/","og_locale":"pt_BR","og_type":"article","og_title":"Cabo Rominho fala sobre mudan\u00e7as no tr\u00e2nsito - Ub\u00e1 News","og_description":"Cabo Rominho fala sobre mudan\u00e7as no tr\u00e2nsito. O vice-prefeito Cabo Rominho participou do programa Fala Sodr\u00e9","og_url":"https:\/\/ubanews.com\/site\/2025\/09\/30\/cabo-rominho-fala-sobre-mudancas-no-transito\/","og_site_name":"Ub\u00e1 News","article_publisher":"https:\/\/www.facebook.com\/Ub%c3%a1News-Carlos-Roberto-Sodr%c3%a9-418778301977370","article_published_time":"2025-09-30T14:46:20+00:00","og_image":[{"width":1005,"height":523,"url":"https:\/\/ubanews.com\/site\/wp-content\/uploads\/2025\/09\/Fala-Sodre-Cabo-Romulo-Romin-Vice-Prefeito-de-Uba.jpg","type":"image\/jpeg"}],"author":"Carlos Roberto Sodr\u00e9","twitter_card":"summary_large_image","twitter_misc":{"Escrito por":"Carlos Roberto Sodr\u00e9","Est. tempo de leitura":"3 minutos"},"schema":{"@context":"https:\/\/schema.org","@graph":[{"@type":"Article","@id":"https:\/\/ubanews.com\/site\/2025\/09\/30\/cabo-rominho-fala-sobre-mudancas-no-transito\/#article","isPartOf":{"@id":"https:\/\/ubanews.com\/site\/2025\/09\/30\/cabo-rominho-fala-sobre-mudancas-no-transito\/"},"author":{"name":"Carlos Roberto Sodr\u00e9","@id":"https:\/\/ubanews.com\/site\/#\/schema\/person\/9d8da9ec3c8d00640ab6e8c81e103310"},"headline":"Cabo Rominho fala sobre mudan\u00e7as no tr\u00e2nsito","datePublished":"2025-09-30T14:46:20+00:00","mainEntityOfPage":{"@id":"https:\/\/ubanews.com\/site\/2025\/09\/30\/cabo-rominho-fala-sobre-mudancas-no-transito\/"},"wordCount":550,"commentCount":0,"publisher":{"@id":"https:\/\/ubanews.com\/site\/#organization"},"image":{"@id":"https:\/\/ubanews.com\/site\/2025\/09\/30\/cabo-rominho-fala-sobre-mudancas-no-transito\/#primaryimage"},"thumbnailUrl":"https:\/\/ubanews.com\/site\/wp-content\/uploads\/2025\/09\/Fala-Sodre-Cabo-Romulo-Romin-Vice-Prefeito-de-Uba.jpg","keywords":["Cabo Romin","Fala Sodr\u00e9","UBANEWS"],"articleSection":["Geral","Slide"],"inLanguage":"pt-BR","potentialAction":[{"@type":"CommentAction","name":"Comment","target":["https:\/\/ubanews.com\/site\/2025\/09\/30\/cabo-rominho-fala-sobre-mudancas-no-transito\/#respond"]}]},{"@type":"WebPage","@id":"https:\/\/ubanews.com\/site\/2025\/09\/30\/cabo-rominho-fala-sobre-mudancas-no-transito\/","url":"https:\/\/ubanews.com\/site\/2025\/09\/30\/cabo-rominho-fala-sobre-mudancas-no-transito\/","name":"Cabo Rominho fala sobre mudan\u00e7as no tr\u00e2nsito - Ub\u00e1 News","isPartOf":{"@id":"https:\/\/ubanews.com\/site\/#website"},"primaryImageOfPage":{"@id":"https:\/\/ubanews.com\/site\/2025\/09\/30\/cabo-rominho-fala-sobre-mudancas-no-transito\/#primaryimage"},"image":{"@id":"https:\/\/ubanews.com\/site\/2025\/09\/30\/cabo-rominho-fala-sobre-mudancas-no-transito\/#primaryimage"},"thumbnailUrl":"https:\/\/ubanews.com\/site\/wp-content\/uploads\/2025\/09\/Fala-Sodre-Cabo-Romulo-Romin-Vice-Prefeito-de-Uba.jpg","datePublished":"2025-09-30T14:46:20+00:00","description":"Cabo Rominho fala sobre mudan\u00e7as no tr\u00e2nsito. O vice-prefeito Cabo Rominho participou do programa Fala Sodr\u00e9","breadcrumb":{"@id":"https:\/\/ubanews.com\/site\/2025\/09\/30\/cabo-rominho-fala-sobre-mudancas-no-transito\/#breadcrumb"},"inLanguage":"pt-BR","potentialAction":[{"@type":"ReadAction","target":["https:\/\/ubanews.com\/site\/2025\/09\/30\/cabo-rominho-fala-sobre-mudancas-no-transito\/"]}]},{"@type":"ImageObject","inLanguage":"pt-BR","@id":"https:\/\/ubanews.com\/site\/2025\/09\/30\/cabo-rominho-fala-sobre-mudancas-no-transito\/#primaryimage","url":"https:\/\/ubanews.com\/site\/wp-content\/uploads\/2025\/09\/Fala-Sodre-Cabo-Romulo-Romin-Vice-Prefeito-de-Uba.jpg","contentUrl":"https:\/\/ubanews.com\/site\/wp-content\/uploads\/2025\/09\/Fala-Sodre-Cabo-Romulo-Romin-Vice-Prefeito-de-Uba.jpg","width":1005,"height":523,"caption":"Fala Sodr\u00e9 - Cabo Romin"},{"@type":"BreadcrumbList","@id":"https:\/\/ubanews.com\/site\/2025\/09\/30\/cabo-rominho-fala-sobre-mudancas-no-transito\/#breadcrumb","itemListElement":[{"@type":"ListItem","position":1,"name":"Home","item":"https:\/\/ubanews.com\/site\/"},{"@type":"ListItem","position":2,"name":"Cabo Rominho fala sobre mudan\u00e7as no tr\u00e2nsito"}]},{"@type":"WebSite","@id":"https:\/\/ubanews.com\/site\/#website","url":"https:\/\/ubanews.com\/site\/","name":"Ub\u00e1 News","description":"","publisher":{"@id":"https:\/\/ubanews.com\/site\/#organization"},"potentialAction":[{"@type":"SearchAction","target":{"@type":"EntryPoint","urlTemplate":"https:\/\/ubanews.com\/site\/?s={search_term_string}"},"query-input":{"@type":"PropertyValueSpecification","valueRequired":true,"valueName":"search_term_string"}}],"inLanguage":"pt-BR"},{"@type":"Organization","@id":"https:\/\/ubanews.com\/site\/#organization","name":"Ub\u00e1 News","url":"https:\/\/ubanews.com\/site\/","logo":{"@type":"ImageObject","inLanguage":"pt-BR","@id":"https:\/\/ubanews.com\/site\/#\/schema\/logo\/image\/","url":"https:\/\/ubanews.com\/site\/wp-content\/uploads\/2018\/01\/logoubanews.png","contentUrl":"https:\/\/ubanews.com\/site\/wp-content\/uploads\/2018\/01\/logoubanews.png","width":261,"height":99,"caption":"Ub\u00e1 News"},"image":{"@id":"https:\/\/ubanews.com\/site\/#\/schema\/logo\/image\/"},"sameAs":["https:\/\/www.facebook.com\/Ub\u00e1News-Carlos-Roberto-Sodr\u00e9-418778301977370"]},{"@type":"Person","@id":"https:\/\/ubanews.com\/site\/#\/schema\/person\/9d8da9ec3c8d00640ab6e8c81e103310","name":"Carlos Roberto Sodr\u00e9","image":{"@type":"ImageObject","inLanguage":"pt-BR","@id":"https:\/\/secure.gravatar.com\/avatar\/aab322e8555b56c468614fafdab8a8f924e394cdc6cfd8232f77e9e4d123a133?s=96&d=mm&r=g","url":"https:\/\/secure.gravatar.com\/avatar\/aab322e8555b56c468614fafdab8a8f924e394cdc6cfd8232f77e9e4d123a133?s=96&d=mm&r=g","contentUrl":"https:\/\/secure.gravatar.com\/avatar\/aab322e8555b56c468614fafdab8a8f924e394cdc6cfd8232f77e9e4d123a133?s=96&d=mm&r=g","caption":"Carlos Roberto Sodr\u00e9"},"url":"https:\/\/ubanews.com\/site\/author\/sodre\/"}]}},"_links":{"self":[{"href":"https:\/\/ubanews.com\/site\/wp-json\/wp\/v2\/posts\/23049","targetHints":{"allow":["GET"]}}],"collection":[{"href":"https:\/\/ubanews.com\/site\/wp-json\/wp\/v2\/posts"}],"about":[{"href":"https:\/\/ubanews.com\/site\/wp-json\/wp\/v2\/types\/post"}],"author":[{"embeddable":true,"href":"https:\/\/ubanews.com\/site\/wp-json\/wp\/v2\/users\/4"}],"replies":[{"embeddable":true,"href":"https:\/\/ubanews.com\/site\/wp-json\/wp\/v2\/comments?post=23049"}],"version-history":[{"count":0,"href":"https:\/\/ubanews.com\/site\/wp-json\/wp\/v2\/posts\/23049\/revisions"}],"wp:featuredmedia":[{"embeddable":true,"href":"https:\/\/ubanews.com\/site\/wp-json\/wp\/v2\/media\/23050"}],"wp:attachment":[{"href":"https:\/\/ubanews.com\/site\/wp-json\/wp\/v2\/media?parent=23049"}],"wp:term":[{"taxonomy":"category","embeddable":true,"href":"https:\/\/ubanews.com\/site\/wp-json\/wp\/v2\/categories?post=23049"},{"taxonomy":"post_tag","embeddable":true,"href":"https:\/\/ubanews.com\/site\/wp-json\/wp\/v2\/tags?post=23049"}],"curies":[{"name":"wp","href":"https:\/\/api.w.org\/{rel}","templated":true}]}}