{"id":23028,"date":"2025-09-29T11:15:18","date_gmt":"2025-09-29T14:15:18","guid":{"rendered":"https:\/\/ubanews.com\/site\/?p=23028"},"modified":"2025-09-29T11:15:18","modified_gmt":"2025-09-29T14:15:18","slug":"incendio-em-ubari-e-visconde-do-rio-branco","status":"publish","type":"post","link":"https:\/\/ubanews.com\/site\/2025\/09\/29\/incendio-em-ubari-e-visconde-do-rio-branco\/","title":{"rendered":"Inc\u00eandio em Ubari e Visconde do Rio Branco"},"content":{"rendered":"<h3>Bombeiro: O amigo certo, nas horas incerta<\/h3>\n<p><img decoding=\"async\" class=\"aligncenter size-medium wp-image-23029 lazyload\" data-src=\"https:\/\/ubanews.com\/site\/wp-content\/uploads\/2025\/09\/Corpo-de-Bombeiros-Fala-Sodre-1-300x169.jpg\" alt=\"Fala Sodr\u00e9 - Inc\u00eandio em Ubari e Visconde do Rio Branco.\n\" width=\"300\" height=\"169\" data-srcset=\"https:\/\/ubanews.com\/site\/wp-content\/uploads\/2025\/09\/Corpo-de-Bombeiros-Fala-Sodre-1-300x169.jpg 300w, https:\/\/ubanews.com\/site\/wp-content\/uploads\/2025\/09\/Corpo-de-Bombeiros-Fala-Sodre-1-1024x576.jpg 1024w, https:\/\/ubanews.com\/site\/wp-content\/uploads\/2025\/09\/Corpo-de-Bombeiros-Fala-Sodre-1-768x432.jpg 768w, https:\/\/ubanews.com\/site\/wp-content\/uploads\/2025\/09\/Corpo-de-Bombeiros-Fala-Sodre-1-1536x864.jpg 1536w, https:\/\/ubanews.com\/site\/wp-content\/uploads\/2025\/09\/Corpo-de-Bombeiros-Fala-Sodre-1.jpg 1600w\" data-sizes=\"(max-width: 300px) 100vw, 300px\" src=\"data:image\/svg+xml;base64,PHN2ZyB3aWR0aD0iMSIgaGVpZ2h0PSIxIiB4bWxucz0iaHR0cDovL3d3dy53My5vcmcvMjAwMC9zdmciPjwvc3ZnPg==\" style=\"--smush-placeholder-width: 300px; --smush-placeholder-aspect-ratio: 300\/169;\" \/> <img decoding=\"async\" class=\"aligncenter size-medium wp-image-23030 lazyload\" data-src=\"https:\/\/ubanews.com\/site\/wp-content\/uploads\/2025\/09\/Corpo-de-Bombeiros-Fala-Sodre-2-300x225.jpg\" alt=\"Fala Sodr\u00e9 - Inc\u00eandio em Ubari e Visconde do Rio Branco.\" width=\"300\" height=\"225\" data-srcset=\"https:\/\/ubanews.com\/site\/wp-content\/uploads\/2025\/09\/Corpo-de-Bombeiros-Fala-Sodre-2-300x225.jpg 300w, https:\/\/ubanews.com\/site\/wp-content\/uploads\/2025\/09\/Corpo-de-Bombeiros-Fala-Sodre-2-1024x768.jpg 1024w, https:\/\/ubanews.com\/site\/wp-content\/uploads\/2025\/09\/Corpo-de-Bombeiros-Fala-Sodre-2-768x576.jpg 768w, https:\/\/ubanews.com\/site\/wp-content\/uploads\/2025\/09\/Corpo-de-Bombeiros-Fala-Sodre-2-1536x1152.jpg 1536w, https:\/\/ubanews.com\/site\/wp-content\/uploads\/2025\/09\/Corpo-de-Bombeiros-Fala-Sodre-2.jpg 1600w\" data-sizes=\"(max-width: 300px) 100vw, 300px\" src=\"data:image\/svg+xml;base64,PHN2ZyB3aWR0aD0iMSIgaGVpZ2h0PSIxIiB4bWxucz0iaHR0cDovL3d3dy53My5vcmcvMjAwMC9zdmciPjwvc3ZnPg==\" style=\"--smush-placeholder-width: 300px; --smush-placeholder-aspect-ratio: 300\/225;\" \/> <img decoding=\"async\" class=\"aligncenter size-medium wp-image-23031 lazyload\" data-src=\"https:\/\/ubanews.com\/site\/wp-content\/uploads\/2025\/09\/Corpo-de-Bombeiros-Fala-Sodre-3-300x169.jpg\" alt=\"Fala Sodr\u00e9 - Inc\u00eandio em Ubari e Visconde do Rio Branco.\" width=\"300\" height=\"169\" data-srcset=\"https:\/\/ubanews.com\/site\/wp-content\/uploads\/2025\/09\/Corpo-de-Bombeiros-Fala-Sodre-3-300x169.jpg 300w, https:\/\/ubanews.com\/site\/wp-content\/uploads\/2025\/09\/Corpo-de-Bombeiros-Fala-Sodre-3-1024x576.jpg 1024w, https:\/\/ubanews.com\/site\/wp-content\/uploads\/2025\/09\/Corpo-de-Bombeiros-Fala-Sodre-3-768x432.jpg 768w, https:\/\/ubanews.com\/site\/wp-content\/uploads\/2025\/09\/Corpo-de-Bombeiros-Fala-Sodre-3-1536x864.jpg 1536w, https:\/\/ubanews.com\/site\/wp-content\/uploads\/2025\/09\/Corpo-de-Bombeiros-Fala-Sodre-3.jpg 1600w\" data-sizes=\"(max-width: 300px) 100vw, 300px\" src=\"data:image\/svg+xml;base64,PHN2ZyB3aWR0aD0iMSIgaGVpZ2h0PSIxIiB4bWxucz0iaHR0cDovL3d3dy53My5vcmcvMjAwMC9zdmciPjwvc3ZnPg==\" style=\"--smush-placeholder-width: 300px; --smush-placeholder-aspect-ratio: 300\/169;\" \/> <img decoding=\"async\" class=\"aligncenter size-medium wp-image-23032 lazyload\" data-src=\"https:\/\/ubanews.com\/site\/wp-content\/uploads\/2025\/09\/Corpo-de-Bombeiros-Fala-Sodre-4-300x225.jpg\" alt=\"Fala Sodr\u00e9 - Inc\u00eandio em Ubari e Visconde do Rio Branco.\" width=\"300\" height=\"225\" data-srcset=\"https:\/\/ubanews.com\/site\/wp-content\/uploads\/2025\/09\/Corpo-de-Bombeiros-Fala-Sodre-4-300x225.jpg 300w, https:\/\/ubanews.com\/site\/wp-content\/uploads\/2025\/09\/Corpo-de-Bombeiros-Fala-Sodre-4-1024x768.jpg 1024w, https:\/\/ubanews.com\/site\/wp-content\/uploads\/2025\/09\/Corpo-de-Bombeiros-Fala-Sodre-4-768x576.jpg 768w, https:\/\/ubanews.com\/site\/wp-content\/uploads\/2025\/09\/Corpo-de-Bombeiros-Fala-Sodre-4-1536x1152.jpg 1536w, https:\/\/ubanews.com\/site\/wp-content\/uploads\/2025\/09\/Corpo-de-Bombeiros-Fala-Sodre-4.jpg 1600w\" data-sizes=\"(max-width: 300px) 100vw, 300px\" src=\"data:image\/svg+xml;base64,PHN2ZyB3aWR0aD0iMSIgaGVpZ2h0PSIxIiB4bWxucz0iaHR0cDovL3d3dy53My5vcmcvMjAwMC9zdmciPjwvc3ZnPg==\" style=\"--smush-placeholder-width: 300px; --smush-placeholder-aspect-ratio: 300\/225;\" \/> <img decoding=\"async\" class=\"aligncenter size-medium wp-image-23033 lazyload\" data-src=\"https:\/\/ubanews.com\/site\/wp-content\/uploads\/2025\/09\/Corpo-de-Bombeiros-Fala-Sodre-5-300x169.jpg\" alt=\"Fala Sodr\u00e9 - Inc\u00eandio em Ubari e Visconde do Rio Branco.\" width=\"300\" height=\"169\" data-srcset=\"https:\/\/ubanews.com\/site\/wp-content\/uploads\/2025\/09\/Corpo-de-Bombeiros-Fala-Sodre-5-300x169.jpg 300w, https:\/\/ubanews.com\/site\/wp-content\/uploads\/2025\/09\/Corpo-de-Bombeiros-Fala-Sodre-5-1024x576.jpg 1024w, https:\/\/ubanews.com\/site\/wp-content\/uploads\/2025\/09\/Corpo-de-Bombeiros-Fala-Sodre-5-768x432.jpg 768w, https:\/\/ubanews.com\/site\/wp-content\/uploads\/2025\/09\/Corpo-de-Bombeiros-Fala-Sodre-5-1536x864.jpg 1536w, https:\/\/ubanews.com\/site\/wp-content\/uploads\/2025\/09\/Corpo-de-Bombeiros-Fala-Sodre-5.jpg 1600w\" data-sizes=\"(max-width: 300px) 100vw, 300px\" src=\"data:image\/svg+xml;base64,PHN2ZyB3aWR0aD0iMSIgaGVpZ2h0PSIxIiB4bWxucz0iaHR0cDovL3d3dy53My5vcmcvMjAwMC9zdmciPjwvc3ZnPg==\" style=\"--smush-placeholder-width: 300px; --smush-placeholder-aspect-ratio: 300\/169;\" \/> <img decoding=\"async\" class=\"aligncenter size-medium wp-image-23034 lazyload\" data-src=\"https:\/\/ubanews.com\/site\/wp-content\/uploads\/2025\/09\/Corpo-de-Bombeiros-Fala-Sodre-6-300x169.jpg\" alt=\"Fala Sodr\u00e9 - Inc\u00eandio em Ubari e Visconde do Rio Branco.\" width=\"300\" height=\"169\" data-srcset=\"https:\/\/ubanews.com\/site\/wp-content\/uploads\/2025\/09\/Corpo-de-Bombeiros-Fala-Sodre-6-300x169.jpg 300w, https:\/\/ubanews.com\/site\/wp-content\/uploads\/2025\/09\/Corpo-de-Bombeiros-Fala-Sodre-6-1024x576.jpg 1024w, https:\/\/ubanews.com\/site\/wp-content\/uploads\/2025\/09\/Corpo-de-Bombeiros-Fala-Sodre-6-768x432.jpg 768w, https:\/\/ubanews.com\/site\/wp-content\/uploads\/2025\/09\/Corpo-de-Bombeiros-Fala-Sodre-6.jpg 1280w\" data-sizes=\"(max-width: 300px) 100vw, 300px\" src=\"data:image\/svg+xml;base64,PHN2ZyB3aWR0aD0iMSIgaGVpZ2h0PSIxIiB4bWxucz0iaHR0cDovL3d3dy53My5vcmcvMjAwMC9zdmciPjwvc3ZnPg==\" style=\"--smush-placeholder-width: 300px; --smush-placeholder-aspect-ratio: 300\/169;\" \/> <img decoding=\"async\" class=\"aligncenter size-medium wp-image-23035 lazyload\" data-src=\"https:\/\/ubanews.com\/site\/wp-content\/uploads\/2025\/09\/Corpo-de-Bombeiros-Fala-Sodre-7-300x169.jpg\" alt=\"Fala Sodr\u00e9 - Inc\u00eandio em Ubari e Visconde do Rio Branco.\" width=\"300\" height=\"169\" data-srcset=\"https:\/\/ubanews.com\/site\/wp-content\/uploads\/2025\/09\/Corpo-de-Bombeiros-Fala-Sodre-7-300x169.jpg 300w, https:\/\/ubanews.com\/site\/wp-content\/uploads\/2025\/09\/Corpo-de-Bombeiros-Fala-Sodre-7-1024x576.jpg 1024w, https:\/\/ubanews.com\/site\/wp-content\/uploads\/2025\/09\/Corpo-de-Bombeiros-Fala-Sodre-7-768x432.jpg 768w, https:\/\/ubanews.com\/site\/wp-content\/uploads\/2025\/09\/Corpo-de-Bombeiros-Fala-Sodre-7-1536x864.jpg 1536w, https:\/\/ubanews.com\/site\/wp-content\/uploads\/2025\/09\/Corpo-de-Bombeiros-Fala-Sodre-7.jpg 1600w\" data-sizes=\"(max-width: 300px) 100vw, 300px\" src=\"data:image\/svg+xml;base64,PHN2ZyB3aWR0aD0iMSIgaGVpZ2h0PSIxIiB4bWxucz0iaHR0cDovL3d3dy53My5vcmcvMjAwMC9zdmciPjwvc3ZnPg==\" style=\"--smush-placeholder-width: 300px; --smush-placeholder-aspect-ratio: 300\/169;\" \/> <img decoding=\"async\" class=\"aligncenter size-medium wp-image-23036 lazyload\" data-src=\"https:\/\/ubanews.com\/site\/wp-content\/uploads\/2025\/09\/Corpo-de-Bombeiros-Fala-Sodre-8-300x169.jpg\" alt=\"Fala Sodr\u00e9 - Inc\u00eandio em Ubari e Visconde do Rio Branco.\" width=\"300\" height=\"169\" data-srcset=\"https:\/\/ubanews.com\/site\/wp-content\/uploads\/2025\/09\/Corpo-de-Bombeiros-Fala-Sodre-8-300x169.jpg 300w, https:\/\/ubanews.com\/site\/wp-content\/uploads\/2025\/09\/Corpo-de-Bombeiros-Fala-Sodre-8-1024x576.jpg 1024w, https:\/\/ubanews.com\/site\/wp-content\/uploads\/2025\/09\/Corpo-de-Bombeiros-Fala-Sodre-8-768x432.jpg 768w, https:\/\/ubanews.com\/site\/wp-content\/uploads\/2025\/09\/Corpo-de-Bombeiros-Fala-Sodre-8-1536x864.jpg 1536w, https:\/\/ubanews.com\/site\/wp-content\/uploads\/2025\/09\/Corpo-de-Bombeiros-Fala-Sodre-8.jpg 1600w\" data-sizes=\"(max-width: 300px) 100vw, 300px\" src=\"data:image\/svg+xml;base64,PHN2ZyB3aWR0aD0iMSIgaGVpZ2h0PSIxIiB4bWxucz0iaHR0cDovL3d3dy53My5vcmcvMjAwMC9zdmciPjwvc3ZnPg==\" style=\"--smush-placeholder-width: 300px; --smush-placeholder-aspect-ratio: 300\/169;\" \/> <img decoding=\"async\" class=\"aligncenter size-medium wp-image-23037 lazyload\" data-src=\"https:\/\/ubanews.com\/site\/wp-content\/uploads\/2025\/09\/Corpo-de-Bombeiros-Fala-Sodre-9-300x169.jpg\" alt=\"Fala Sodr\u00e9 - Inc\u00eandio em Ubari e Visconde do Rio Branco.\" width=\"300\" height=\"169\" data-srcset=\"https:\/\/ubanews.com\/site\/wp-content\/uploads\/2025\/09\/Corpo-de-Bombeiros-Fala-Sodre-9-300x169.jpg 300w, https:\/\/ubanews.com\/site\/wp-content\/uploads\/2025\/09\/Corpo-de-Bombeiros-Fala-Sodre-9-1024x576.jpg 1024w, https:\/\/ubanews.com\/site\/wp-content\/uploads\/2025\/09\/Corpo-de-Bombeiros-Fala-Sodre-9-768x432.jpg 768w, https:\/\/ubanews.com\/site\/wp-content\/uploads\/2025\/09\/Corpo-de-Bombeiros-Fala-Sodre-9-1536x864.jpg 1536w, https:\/\/ubanews.com\/site\/wp-content\/uploads\/2025\/09\/Corpo-de-Bombeiros-Fala-Sodre-9.jpg 1600w\" data-sizes=\"(max-width: 300px) 100vw, 300px\" src=\"data:image\/svg+xml;base64,PHN2ZyB3aWR0aD0iMSIgaGVpZ2h0PSIxIiB4bWxucz0iaHR0cDovL3d3dy53My5vcmcvMjAwMC9zdmciPjwvc3ZnPg==\" style=\"--smush-placeholder-width: 300px; --smush-placeholder-aspect-ratio: 300\/169;\" \/> <img decoding=\"async\" class=\"aligncenter size-medium wp-image-23038 lazyload\" data-src=\"https:\/\/ubanews.com\/site\/wp-content\/uploads\/2025\/09\/Corpo-de-Bombeiros-Fala-Sodre-10-300x169.jpg\" alt=\"Fala Sodr\u00e9 - Inc\u00eandio em Ubari e Visconde do Rio Branco.\" width=\"300\" height=\"169\" data-srcset=\"https:\/\/ubanews.com\/site\/wp-content\/uploads\/2025\/09\/Corpo-de-Bombeiros-Fala-Sodre-10-300x169.jpg 300w, https:\/\/ubanews.com\/site\/wp-content\/uploads\/2025\/09\/Corpo-de-Bombeiros-Fala-Sodre-10-1024x576.jpg 1024w, https:\/\/ubanews.com\/site\/wp-content\/uploads\/2025\/09\/Corpo-de-Bombeiros-Fala-Sodre-10-768x432.jpg 768w, https:\/\/ubanews.com\/site\/wp-content\/uploads\/2025\/09\/Corpo-de-Bombeiros-Fala-Sodre-10-1536x864.jpg 1536w, https:\/\/ubanews.com\/site\/wp-content\/uploads\/2025\/09\/Corpo-de-Bombeiros-Fala-Sodre-10.jpg 1600w\" data-sizes=\"(max-width: 300px) 100vw, 300px\" src=\"data:image\/svg+xml;base64,PHN2ZyB3aWR0aD0iMSIgaGVpZ2h0PSIxIiB4bWxucz0iaHR0cDovL3d3dy53My5vcmcvMjAwMC9zdmciPjwvc3ZnPg==\" style=\"--smush-placeholder-width: 300px; --smush-placeholder-aspect-ratio: 300\/169;\" \/> <img decoding=\"async\" class=\"aligncenter size-medium wp-image-23039 lazyload\" data-src=\"https:\/\/ubanews.com\/site\/wp-content\/uploads\/2025\/09\/Corpo-de-Bombeiros-Fala-Sodre-11-300x169.jpg\" alt=\"Fala Sodr\u00e9 - Inc\u00eandio em Ubari e Visconde do Rio Branco.\" width=\"300\" height=\"169\" data-srcset=\"https:\/\/ubanews.com\/site\/wp-content\/uploads\/2025\/09\/Corpo-de-Bombeiros-Fala-Sodre-11-300x169.jpg 300w, https:\/\/ubanews.com\/site\/wp-content\/uploads\/2025\/09\/Corpo-de-Bombeiros-Fala-Sodre-11-1024x576.jpg 1024w, https:\/\/ubanews.com\/site\/wp-content\/uploads\/2025\/09\/Corpo-de-Bombeiros-Fala-Sodre-11-768x432.jpg 768w, https:\/\/ubanews.com\/site\/wp-content\/uploads\/2025\/09\/Corpo-de-Bombeiros-Fala-Sodre-11-1536x864.jpg 1536w, https:\/\/ubanews.com\/site\/wp-content\/uploads\/2025\/09\/Corpo-de-Bombeiros-Fala-Sodre-11.jpg 1600w\" data-sizes=\"(max-width: 300px) 100vw, 300px\" src=\"data:image\/svg+xml;base64,PHN2ZyB3aWR0aD0iMSIgaGVpZ2h0PSIxIiB4bWxucz0iaHR0cDovL3d3dy53My5vcmcvMjAwMC9zdmciPjwvc3ZnPg==\" style=\"--smush-placeholder-width: 300px; --smush-placeholder-aspect-ratio: 300\/169;\" \/><\/p>\n<p><strong>Ubari<\/strong><\/p>\n<p><strong>Inc\u00eandio em Edifica\u00e7\u00e3o Industrial<\/strong><\/p>\n<p><strong>\u00a0<\/strong>Na noite do dia 28 de setembro, por volta das 19:00, um inc\u00eandio foi registrado em uma f\u00e1brica de m\u00f3veis localizada na Estrada Ub\u00e1-Ubari.<\/p>\n<p>Empenhados via 193 (COBOM), a equipe do 1\u00ba Pelot\u00e3o de Bombeiros Militar foi acionada para combater as chamas, que se iniciaram devido a um curto-circuito na rede el\u00e9trica. Ao chegarem no local, os bombeiros encontraram o galp\u00e3o de aproximadamente 400 m\u00b2.<\/p>\n<p>O propriet\u00e1rio da f\u00e1brica relatou que recebeu avisos de pessoas que passavam pela \u00e1rea e notaram a fuma\u00e7a. Ele informou que os equipamentos estavam desligados no momento do incidente e n\u00e3o possu\u00eda o n\u00famero do CNPJ da empresa. Tamb\u00e9m revelou que a f\u00e1brica n\u00e3o possu\u00eda o Auto de Vistoria do Corpo de Bombeiros (AVCB).<\/p>\n<p>Os bombeiros, utilizando uma adutora e mangueiras, conseguiram controlar o inc\u00eandio, evitando que se propagasse. Focos de brasas que n\u00e3o representavam risco foram isolados para que o ciclo de queima se encerrasse.<\/p>\n<p>O propriet\u00e1rio foi orientado a providenciar uma escavadeira e um caminh\u00e3o ca\u00e7amba para a retirada dos materiais, garantindo que n\u00e3o houvesse risco de novos inc\u00eandios. O Corpo de Bombeiros destacou a import\u00e2ncia da regulariza\u00e7\u00e3o da documenta\u00e7\u00e3o da empresa e que o relat\u00f3rio do incidente ser\u00e1 encaminhado ao setor respons\u00e1vel por vistorias.<\/p>\n<p>Felizmente, n\u00e3o houve registro de v\u00edtimas no incidente.<\/p>\n<p><strong>Visconde do Rio Branco<\/strong><\/p>\n<p><strong>Inc\u00eandio em Galp\u00e3o de Materiais Recicl\u00e1veis<\/strong><\/p>\n<p><strong>\u00a0<\/strong>Na tarde do dia 28 de setembro, \u00e0s 14:50, o Corpo de Bombeiros Militar de Ub\u00e1 foi acionado para combater um inc\u00eandio em um galp\u00e3o de materiais recicl\u00e1veis e ferro-velho, localizado na Rodovia Deputado Luis Soares da Rocha, sentido Ub\u00e1 x Visconde do Rio Branco.<\/p>\n<p>Ao chegarem no local, os bombeiros constataram que as chamas atingiam diversos materiais armazenados no interior do dep\u00f3sito.<\/p>\n<p>Imediatamente, a guarni\u00e7\u00e3o estabeleceu duas linhas de ataque com mangueiras, aplicando \u00e1gua sobre as chamas na entrada do galp\u00e3o, o que permitiu o acesso ao interior. Ap\u00f3s controlar o fogo na entrada, uma das linhas de ataque foi ampliada, possibilitando a extin\u00e7\u00e3o completa do inc\u00eandio.<\/p>\n<p>Devido \u00e0 grande quantidade de sucata acumulada, alguns focos isolados de pequeno porte permaneceram, mas n\u00e3o representavam risco imediato. Os bombeiros orientaram o propriet\u00e1rio a providenciar uma retroescavadeira e caminh\u00f5es para a retirada do material, a fim de garantir o completo rescaldo e evitar novos incidentes.<\/p>\n<p style=\"margin: 0in; font-size: 20.0pt;\">\n","protected":false},"excerpt":{"rendered":"<p>Bombeiro: O amigo certo, nas horas incerta Ubari Inc\u00eandio em<\/p>\n","protected":false},"author":4,"featured_media":23033,"comment_status":"open","ping_status":"open","sticky":false,"template":"","format":"standard","meta":{"footnotes":""},"categories":[1],"tags":[117,59,116,60],"class_list":["post-23028","post","type-post","status-publish","format-standard","has-post-thumbnail","hentry","category-sem-categoria","tag-corpo-de-bombeiros","tag-fala-sodre","tag-incendio","tag-ubanews"],"yoast_head":"<!-- This site is optimized with the Yoast SEO plugin v27.2 - https:\/\/yoast.com\/product\/yoast-seo-wordpress\/ -->\n<title>Inc\u00eandio em Ubari e Visconde do Rio Branco - Ub\u00e1 News<\/title>\n<meta name=\"description\" content=\"Inc\u00eandio em Ubari e Visconde do Rio Branco. Bombeiro: O amigo certo, nas horas incerta. Fala Sodr\u00e9 Portal UbaNews.\" \/>\n<meta name=\"robots\" content=\"index, follow, max-snippet:-1, max-image-preview:large, max-video-preview:-1\" \/>\n<link rel=\"canonical\" href=\"https:\/\/ubanews.com\/site\/2025\/09\/29\/incendio-em-ubari-e-visconde-do-rio-branco\/\" \/>\n<meta property=\"og:locale\" content=\"pt_BR\" \/>\n<meta property=\"og:type\" content=\"article\" \/>\n<meta property=\"og:title\" content=\"Inc\u00eandio em Ubari e Visconde do Rio Branco - Ub\u00e1 News\" \/>\n<meta property=\"og:description\" content=\"Inc\u00eandio em Ubari e Visconde do Rio Branco. Bombeiro: O amigo certo, nas horas incerta. Fala Sodr\u00e9 Portal UbaNews.\" \/>\n<meta property=\"og:url\" content=\"https:\/\/ubanews.com\/site\/2025\/09\/29\/incendio-em-ubari-e-visconde-do-rio-branco\/\" \/>\n<meta property=\"og:site_name\" content=\"Ub\u00e1 News\" \/>\n<meta property=\"article:publisher\" content=\"https:\/\/www.facebook.com\/Ub%c3%a1News-Carlos-Roberto-Sodr%c3%a9-418778301977370\" \/>\n<meta property=\"article:published_time\" content=\"2025-09-29T14:15:18+00:00\" \/>\n<meta property=\"og:image\" content=\"https:\/\/ubanews.com\/site\/wp-content\/uploads\/2025\/09\/Corpo-de-Bombeiros-Fala-Sodre-5.jpg\" \/>\n\t<meta property=\"og:image:width\" content=\"1600\" \/>\n\t<meta property=\"og:image:height\" content=\"900\" \/>\n\t<meta property=\"og:image:type\" content=\"image\/jpeg\" \/>\n<meta name=\"author\" content=\"Carlos Roberto Sodr\u00e9\" \/>\n<meta name=\"twitter:card\" content=\"summary_large_image\" \/>\n<meta name=\"twitter:label1\" content=\"Escrito por\" \/>\n\t<meta name=\"twitter:data1\" content=\"Carlos Roberto Sodr\u00e9\" \/>\n\t<meta name=\"twitter:label2\" content=\"Est. tempo de leitura\" \/>\n\t<meta name=\"twitter:data2\" content=\"5 minutos\" \/>\n<script type=\"application\/ld+json\" class=\"yoast-schema-graph\">{\"@context\":\"https:\/\/schema.org\",\"@graph\":[{\"@type\":\"Article\",\"@id\":\"https:\/\/ubanews.com\/site\/2025\/09\/29\/incendio-em-ubari-e-visconde-do-rio-branco\/#article\",\"isPartOf\":{\"@id\":\"https:\/\/ubanews.com\/site\/2025\/09\/29\/incendio-em-ubari-e-visconde-do-rio-branco\/\"},\"author\":{\"name\":\"Carlos Roberto Sodr\u00e9\",\"@id\":\"https:\/\/ubanews.com\/site\/#\/schema\/person\/9d8da9ec3c8d00640ab6e8c81e103310\"},\"headline\":\"Inc\u00eandio em Ubari e Visconde do Rio Branco\",\"datePublished\":\"2025-09-29T14:15:18+00:00\",\"mainEntityOfPage\":{\"@id\":\"https:\/\/ubanews.com\/site\/2025\/09\/29\/incendio-em-ubari-e-visconde-do-rio-branco\/\"},\"wordCount\":435,\"commentCount\":0,\"publisher\":{\"@id\":\"https:\/\/ubanews.com\/site\/#organization\"},\"image\":{\"@id\":\"https:\/\/ubanews.com\/site\/2025\/09\/29\/incendio-em-ubari-e-visconde-do-rio-branco\/#primaryimage\"},\"thumbnailUrl\":\"https:\/\/ubanews.com\/site\/wp-content\/uploads\/2025\/09\/Corpo-de-Bombeiros-Fala-Sodre-5.jpg\",\"keywords\":[\"Corpo de Bombeiros\",\"Fala Sodr\u00e9\",\"Inc\u00eandio\",\"UBANEWS\"],\"articleSection\":[\"Geral\"],\"inLanguage\":\"pt-BR\",\"potentialAction\":[{\"@type\":\"CommentAction\",\"name\":\"Comment\",\"target\":[\"https:\/\/ubanews.com\/site\/2025\/09\/29\/incendio-em-ubari-e-visconde-do-rio-branco\/#respond\"]}]},{\"@type\":\"WebPage\",\"@id\":\"https:\/\/ubanews.com\/site\/2025\/09\/29\/incendio-em-ubari-e-visconde-do-rio-branco\/\",\"url\":\"https:\/\/ubanews.com\/site\/2025\/09\/29\/incendio-em-ubari-e-visconde-do-rio-branco\/\",\"name\":\"Inc\u00eandio em Ubari e Visconde do Rio Branco - Ub\u00e1 News\",\"isPartOf\":{\"@id\":\"https:\/\/ubanews.com\/site\/#website\"},\"primaryImageOfPage\":{\"@id\":\"https:\/\/ubanews.com\/site\/2025\/09\/29\/incendio-em-ubari-e-visconde-do-rio-branco\/#primaryimage\"},\"image\":{\"@id\":\"https:\/\/ubanews.com\/site\/2025\/09\/29\/incendio-em-ubari-e-visconde-do-rio-branco\/#primaryimage\"},\"thumbnailUrl\":\"https:\/\/ubanews.com\/site\/wp-content\/uploads\/2025\/09\/Corpo-de-Bombeiros-Fala-Sodre-5.jpg\",\"datePublished\":\"2025-09-29T14:15:18+00:00\",\"description\":\"Inc\u00eandio em Ubari e Visconde do Rio Branco. Bombeiro: O amigo certo, nas horas incerta. Fala Sodr\u00e9 Portal UbaNews.\",\"breadcrumb\":{\"@id\":\"https:\/\/ubanews.com\/site\/2025\/09\/29\/incendio-em-ubari-e-visconde-do-rio-branco\/#breadcrumb\"},\"inLanguage\":\"pt-BR\",\"potentialAction\":[{\"@type\":\"ReadAction\",\"target\":[\"https:\/\/ubanews.com\/site\/2025\/09\/29\/incendio-em-ubari-e-visconde-do-rio-branco\/\"]}]},{\"@type\":\"ImageObject\",\"inLanguage\":\"pt-BR\",\"@id\":\"https:\/\/ubanews.com\/site\/2025\/09\/29\/incendio-em-ubari-e-visconde-do-rio-branco\/#primaryimage\",\"url\":\"https:\/\/ubanews.com\/site\/wp-content\/uploads\/2025\/09\/Corpo-de-Bombeiros-Fala-Sodre-5.jpg\",\"contentUrl\":\"https:\/\/ubanews.com\/site\/wp-content\/uploads\/2025\/09\/Corpo-de-Bombeiros-Fala-Sodre-5.jpg\",\"width\":1600,\"height\":900,\"caption\":\"Fala Sodr\u00e9 - Inc\u00eandio em Ubari e Visconde do Rio Branco.\"},{\"@type\":\"BreadcrumbList\",\"@id\":\"https:\/\/ubanews.com\/site\/2025\/09\/29\/incendio-em-ubari-e-visconde-do-rio-branco\/#breadcrumb\",\"itemListElement\":[{\"@type\":\"ListItem\",\"position\":1,\"name\":\"Home\",\"item\":\"https:\/\/ubanews.com\/site\/\"},{\"@type\":\"ListItem\",\"position\":2,\"name\":\"Inc\u00eandio em Ubari e Visconde do Rio Branco\"}]},{\"@type\":\"WebSite\",\"@id\":\"https:\/\/ubanews.com\/site\/#website\",\"url\":\"https:\/\/ubanews.com\/site\/\",\"name\":\"Ub\u00e1 News\",\"description\":\"\",\"publisher\":{\"@id\":\"https:\/\/ubanews.com\/site\/#organization\"},\"potentialAction\":[{\"@type\":\"SearchAction\",\"target\":{\"@type\":\"EntryPoint\",\"urlTemplate\":\"https:\/\/ubanews.com\/site\/?s={search_term_string}\"},\"query-input\":{\"@type\":\"PropertyValueSpecification\",\"valueRequired\":true,\"valueName\":\"search_term_string\"}}],\"inLanguage\":\"pt-BR\"},{\"@type\":\"Organization\",\"@id\":\"https:\/\/ubanews.com\/site\/#organization\",\"name\":\"Ub\u00e1 News\",\"url\":\"https:\/\/ubanews.com\/site\/\",\"logo\":{\"@type\":\"ImageObject\",\"inLanguage\":\"pt-BR\",\"@id\":\"https:\/\/ubanews.com\/site\/#\/schema\/logo\/image\/\",\"url\":\"https:\/\/ubanews.com\/site\/wp-content\/uploads\/2018\/01\/logoubanews.png\",\"contentUrl\":\"https:\/\/ubanews.com\/site\/wp-content\/uploads\/2018\/01\/logoubanews.png\",\"width\":261,\"height\":99,\"caption\":\"Ub\u00e1 News\"},\"image\":{\"@id\":\"https:\/\/ubanews.com\/site\/#\/schema\/logo\/image\/\"},\"sameAs\":[\"https:\/\/www.facebook.com\/Ub\u00e1News-Carlos-Roberto-Sodr\u00e9-418778301977370\"]},{\"@type\":\"Person\",\"@id\":\"https:\/\/ubanews.com\/site\/#\/schema\/person\/9d8da9ec3c8d00640ab6e8c81e103310\",\"name\":\"Carlos Roberto Sodr\u00e9\",\"image\":{\"@type\":\"ImageObject\",\"inLanguage\":\"pt-BR\",\"@id\":\"https:\/\/secure.gravatar.com\/avatar\/aab322e8555b56c468614fafdab8a8f924e394cdc6cfd8232f77e9e4d123a133?s=96&d=mm&r=g\",\"url\":\"https:\/\/secure.gravatar.com\/avatar\/aab322e8555b56c468614fafdab8a8f924e394cdc6cfd8232f77e9e4d123a133?s=96&d=mm&r=g\",\"contentUrl\":\"https:\/\/secure.gravatar.com\/avatar\/aab322e8555b56c468614fafdab8a8f924e394cdc6cfd8232f77e9e4d123a133?s=96&d=mm&r=g\",\"caption\":\"Carlos Roberto Sodr\u00e9\"},\"url\":\"https:\/\/ubanews.com\/site\/author\/sodre\/\"}]}<\/script>\n<!-- \/ Yoast SEO plugin. -->","yoast_head_json":{"title":"Inc\u00eandio em Ubari e Visconde do Rio Branco - Ub\u00e1 News","description":"Inc\u00eandio em Ubari e Visconde do Rio Branco. Bombeiro: O amigo certo, nas horas incerta. Fala Sodr\u00e9 Portal UbaNews.","robots":{"index":"index","follow":"follow","max-snippet":"max-snippet:-1","max-image-preview":"max-image-preview:large","max-video-preview":"max-video-preview:-1"},"canonical":"https:\/\/ubanews.com\/site\/2025\/09\/29\/incendio-em-ubari-e-visconde-do-rio-branco\/","og_locale":"pt_BR","og_type":"article","og_title":"Inc\u00eandio em Ubari e Visconde do Rio Branco - Ub\u00e1 News","og_description":"Inc\u00eandio em Ubari e Visconde do Rio Branco. Bombeiro: O amigo certo, nas horas incerta. Fala Sodr\u00e9 Portal UbaNews.","og_url":"https:\/\/ubanews.com\/site\/2025\/09\/29\/incendio-em-ubari-e-visconde-do-rio-branco\/","og_site_name":"Ub\u00e1 News","article_publisher":"https:\/\/www.facebook.com\/Ub%c3%a1News-Carlos-Roberto-Sodr%c3%a9-418778301977370","article_published_time":"2025-09-29T14:15:18+00:00","og_image":[{"width":1600,"height":900,"url":"https:\/\/ubanews.com\/site\/wp-content\/uploads\/2025\/09\/Corpo-de-Bombeiros-Fala-Sodre-5.jpg","type":"image\/jpeg"}],"author":"Carlos Roberto Sodr\u00e9","twitter_card":"summary_large_image","twitter_misc":{"Escrito por":"Carlos Roberto Sodr\u00e9","Est. tempo de leitura":"5 minutos"},"schema":{"@context":"https:\/\/schema.org","@graph":[{"@type":"Article","@id":"https:\/\/ubanews.com\/site\/2025\/09\/29\/incendio-em-ubari-e-visconde-do-rio-branco\/#article","isPartOf":{"@id":"https:\/\/ubanews.com\/site\/2025\/09\/29\/incendio-em-ubari-e-visconde-do-rio-branco\/"},"author":{"name":"Carlos Roberto Sodr\u00e9","@id":"https:\/\/ubanews.com\/site\/#\/schema\/person\/9d8da9ec3c8d00640ab6e8c81e103310"},"headline":"Inc\u00eandio em Ubari e Visconde do Rio Branco","datePublished":"2025-09-29T14:15:18+00:00","mainEntityOfPage":{"@id":"https:\/\/ubanews.com\/site\/2025\/09\/29\/incendio-em-ubari-e-visconde-do-rio-branco\/"},"wordCount":435,"commentCount":0,"publisher":{"@id":"https:\/\/ubanews.com\/site\/#organization"},"image":{"@id":"https:\/\/ubanews.com\/site\/2025\/09\/29\/incendio-em-ubari-e-visconde-do-rio-branco\/#primaryimage"},"thumbnailUrl":"https:\/\/ubanews.com\/site\/wp-content\/uploads\/2025\/09\/Corpo-de-Bombeiros-Fala-Sodre-5.jpg","keywords":["Corpo de Bombeiros","Fala Sodr\u00e9","Inc\u00eandio","UBANEWS"],"articleSection":["Geral"],"inLanguage":"pt-BR","potentialAction":[{"@type":"CommentAction","name":"Comment","target":["https:\/\/ubanews.com\/site\/2025\/09\/29\/incendio-em-ubari-e-visconde-do-rio-branco\/#respond"]}]},{"@type":"WebPage","@id":"https:\/\/ubanews.com\/site\/2025\/09\/29\/incendio-em-ubari-e-visconde-do-rio-branco\/","url":"https:\/\/ubanews.com\/site\/2025\/09\/29\/incendio-em-ubari-e-visconde-do-rio-branco\/","name":"Inc\u00eandio em Ubari e Visconde do Rio Branco - Ub\u00e1 News","isPartOf":{"@id":"https:\/\/ubanews.com\/site\/#website"},"primaryImageOfPage":{"@id":"https:\/\/ubanews.com\/site\/2025\/09\/29\/incendio-em-ubari-e-visconde-do-rio-branco\/#primaryimage"},"image":{"@id":"https:\/\/ubanews.com\/site\/2025\/09\/29\/incendio-em-ubari-e-visconde-do-rio-branco\/#primaryimage"},"thumbnailUrl":"https:\/\/ubanews.com\/site\/wp-content\/uploads\/2025\/09\/Corpo-de-Bombeiros-Fala-Sodre-5.jpg","datePublished":"2025-09-29T14:15:18+00:00","description":"Inc\u00eandio em Ubari e Visconde do Rio Branco. Bombeiro: O amigo certo, nas horas incerta. Fala Sodr\u00e9 Portal UbaNews.","breadcrumb":{"@id":"https:\/\/ubanews.com\/site\/2025\/09\/29\/incendio-em-ubari-e-visconde-do-rio-branco\/#breadcrumb"},"inLanguage":"pt-BR","potentialAction":[{"@type":"ReadAction","target":["https:\/\/ubanews.com\/site\/2025\/09\/29\/incendio-em-ubari-e-visconde-do-rio-branco\/"]}]},{"@type":"ImageObject","inLanguage":"pt-BR","@id":"https:\/\/ubanews.com\/site\/2025\/09\/29\/incendio-em-ubari-e-visconde-do-rio-branco\/#primaryimage","url":"https:\/\/ubanews.com\/site\/wp-content\/uploads\/2025\/09\/Corpo-de-Bombeiros-Fala-Sodre-5.jpg","contentUrl":"https:\/\/ubanews.com\/site\/wp-content\/uploads\/2025\/09\/Corpo-de-Bombeiros-Fala-Sodre-5.jpg","width":1600,"height":900,"caption":"Fala Sodr\u00e9 - Inc\u00eandio em Ubari e Visconde do Rio Branco."},{"@type":"BreadcrumbList","@id":"https:\/\/ubanews.com\/site\/2025\/09\/29\/incendio-em-ubari-e-visconde-do-rio-branco\/#breadcrumb","itemListElement":[{"@type":"ListItem","position":1,"name":"Home","item":"https:\/\/ubanews.com\/site\/"},{"@type":"ListItem","position":2,"name":"Inc\u00eandio em Ubari e Visconde do Rio Branco"}]},{"@type":"WebSite","@id":"https:\/\/ubanews.com\/site\/#website","url":"https:\/\/ubanews.com\/site\/","name":"Ub\u00e1 News","description":"","publisher":{"@id":"https:\/\/ubanews.com\/site\/#organization"},"potentialAction":[{"@type":"SearchAction","target":{"@type":"EntryPoint","urlTemplate":"https:\/\/ubanews.com\/site\/?s={search_term_string}"},"query-input":{"@type":"PropertyValueSpecification","valueRequired":true,"valueName":"search_term_string"}}],"inLanguage":"pt-BR"},{"@type":"Organization","@id":"https:\/\/ubanews.com\/site\/#organization","name":"Ub\u00e1 News","url":"https:\/\/ubanews.com\/site\/","logo":{"@type":"ImageObject","inLanguage":"pt-BR","@id":"https:\/\/ubanews.com\/site\/#\/schema\/logo\/image\/","url":"https:\/\/ubanews.com\/site\/wp-content\/uploads\/2018\/01\/logoubanews.png","contentUrl":"https:\/\/ubanews.com\/site\/wp-content\/uploads\/2018\/01\/logoubanews.png","width":261,"height":99,"caption":"Ub\u00e1 News"},"image":{"@id":"https:\/\/ubanews.com\/site\/#\/schema\/logo\/image\/"},"sameAs":["https:\/\/www.facebook.com\/Ub\u00e1News-Carlos-Roberto-Sodr\u00e9-418778301977370"]},{"@type":"Person","@id":"https:\/\/ubanews.com\/site\/#\/schema\/person\/9d8da9ec3c8d00640ab6e8c81e103310","name":"Carlos Roberto Sodr\u00e9","image":{"@type":"ImageObject","inLanguage":"pt-BR","@id":"https:\/\/secure.gravatar.com\/avatar\/aab322e8555b56c468614fafdab8a8f924e394cdc6cfd8232f77e9e4d123a133?s=96&d=mm&r=g","url":"https:\/\/secure.gravatar.com\/avatar\/aab322e8555b56c468614fafdab8a8f924e394cdc6cfd8232f77e9e4d123a133?s=96&d=mm&r=g","contentUrl":"https:\/\/secure.gravatar.com\/avatar\/aab322e8555b56c468614fafdab8a8f924e394cdc6cfd8232f77e9e4d123a133?s=96&d=mm&r=g","caption":"Carlos Roberto Sodr\u00e9"},"url":"https:\/\/ubanews.com\/site\/author\/sodre\/"}]}},"_links":{"self":[{"href":"https:\/\/ubanews.com\/site\/wp-json\/wp\/v2\/posts\/23028","targetHints":{"allow":["GET"]}}],"collection":[{"href":"https:\/\/ubanews.com\/site\/wp-json\/wp\/v2\/posts"}],"about":[{"href":"https:\/\/ubanews.com\/site\/wp-json\/wp\/v2\/types\/post"}],"author":[{"embeddable":true,"href":"https:\/\/ubanews.com\/site\/wp-json\/wp\/v2\/users\/4"}],"replies":[{"embeddable":true,"href":"https:\/\/ubanews.com\/site\/wp-json\/wp\/v2\/comments?post=23028"}],"version-history":[{"count":0,"href":"https:\/\/ubanews.com\/site\/wp-json\/wp\/v2\/posts\/23028\/revisions"}],"wp:featuredmedia":[{"embeddable":true,"href":"https:\/\/ubanews.com\/site\/wp-json\/wp\/v2\/media\/23033"}],"wp:attachment":[{"href":"https:\/\/ubanews.com\/site\/wp-json\/wp\/v2\/media?parent=23028"}],"wp:term":[{"taxonomy":"category","embeddable":true,"href":"https:\/\/ubanews.com\/site\/wp-json\/wp\/v2\/categories?post=23028"},{"taxonomy":"post_tag","embeddable":true,"href":"https:\/\/ubanews.com\/site\/wp-json\/wp\/v2\/tags?post=23028"}],"curies":[{"name":"wp","href":"https:\/\/api.w.org\/{rel}","templated":true}]}}