{"id":23011,"date":"2025-09-26T10:32:54","date_gmt":"2025-09-26T13:32:54","guid":{"rendered":"https:\/\/ubanews.com\/site\/?p=23011"},"modified":"2025-09-26T10:34:53","modified_gmt":"2025-09-26T13:34:53","slug":"pcmg-prende-suspeito-de-roubos-na-zona-da-mata-e-no-rio-de-janeiro","status":"publish","type":"post","link":"https:\/\/ubanews.com\/site\/2025\/09\/26\/pcmg-prende-suspeito-de-roubos-na-zona-da-mata-e-no-rio-de-janeiro\/","title":{"rendered":"PCMG prende suspeito de roubos na Zona da Mata e no Rio de Janeiro"},"content":{"rendered":"<p>PCMG prende suspeito de roubos na Zona da Mata e no Rio de Janeiro<br \/>\nNo mesmo dia, homem teria cometido dois assaltos na cidade mineira de Rio Pomba.<\/p>\n<p>A Pol\u00edcia Civil de Minas Gerais (PCMG) prendeu, nesta quinta-feira (25\/9), em Merc\u00eas, na Zona da Mata, um homem, de 28 anos, investigado por diversos roubos cometidos no munic\u00edpio de Rio Pomba, na mesma regi\u00e3o, e tamb\u00e9m no estado do Rio de Janeiro.<\/p>\n<h2>PCMG prende suspeito de roubos na Zona da Mata e no Rio de Janeiro<img decoding=\"async\" class=\"aligncenter size-medium wp-image-23012 lazyload\" data-src=\"https:\/\/ubanews.com\/site\/wp-content\/uploads\/2025\/09\/Fala-Sodre-Policia-Civil-300x236.jpeg\" alt=\"Pol\u00edcia Civil - Fala Sodr\u00e9\" width=\"300\" height=\"236\" data-srcset=\"https:\/\/ubanews.com\/site\/wp-content\/uploads\/2025\/09\/Fala-Sodre-Policia-Civil-300x236.jpeg 300w, https:\/\/ubanews.com\/site\/wp-content\/uploads\/2025\/09\/Fala-Sodre-Policia-Civil-768x605.jpeg 768w, https:\/\/ubanews.com\/site\/wp-content\/uploads\/2025\/09\/Fala-Sodre-Policia-Civil.jpeg 800w\" data-sizes=\"(max-width: 300px) 100vw, 300px\" src=\"data:image\/svg+xml;base64,PHN2ZyB3aWR0aD0iMSIgaGVpZ2h0PSIxIiB4bWxucz0iaHR0cDovL3d3dy53My5vcmcvMjAwMC9zdmciPjwvc3ZnPg==\" style=\"--smush-placeholder-width: 300px; --smush-placeholder-aspect-ratio: 300\/236;\" \/><\/h2>\n<p>As investiga\u00e7\u00f5es apontam que v\u00edtimas de um roubo \u00e0 m\u00e3o armada, ocorrido na Avenida Dr. Jos\u00e9 Neves, em Rio Pomba, no m\u00eas de agosto deste ano, compareceram \u00e0 delegacia e, em reconhecimento fotogr\u00e1fico, identificaram o suspeito. Outra v\u00edtima relatou ter sido amea\u00e7ada pelo investigado no mesmo dia, em via p\u00fablica, ocasi\u00e3o em que ele portava um rev\u00f3lver.<\/p>\n<p>Durante as apura\u00e7\u00f5es, a equipe policial constatou a exist\u00eancia de boletim de ocorr\u00eancia sobre um ve\u00edculo roubado na cidade do Rio de Janeiro. O propriet\u00e1rio do autom\u00f3vel, ouvido por videoconfer\u00eancia, reconheceu o suspeito e relatou que, al\u00e9m do carro, tamb\u00e9m foram levados dois celulares.<\/p>\n<p>Segundo a delegada Fabr\u00edcia Nunes Noronha, &#8220;a soma das provas e os reconhecimentos realizados pelas v\u00edtimas n\u00e3o deixam d\u00favidas quanto \u00e0 autoria dos crimes de roubo e amea\u00e7a praticados pelo investigado&#8221;.<\/p>\n<p>O homem foi encaminhado ao sistema prisional. As investiga\u00e7\u00f5es prosseguem para apurar outros poss\u00edveis delitos cometidos pelo suspeito.<\/p>\n<p>&nbsp;<\/p>\n","protected":false},"excerpt":{"rendered":"<p>PCMG prende suspeito de roubos na Zona da Mata e<\/p>\n","protected":false},"author":4,"featured_media":0,"comment_status":"open","ping_status":"open","sticky":false,"template":"","format":"standard","meta":{"footnotes":""},"categories":[1],"tags":[],"class_list":["post-23011","post","type-post","status-publish","format-standard","hentry","category-sem-categoria"],"yoast_head":"<!-- This site is optimized with the Yoast SEO plugin v27.2 - https:\/\/yoast.com\/product\/yoast-seo-wordpress\/ -->\n<title>PCMG prende suspeito de roubos na Zona da Mata e no Rio de Janeiro - Ub\u00e1 News<\/title>\n<meta name=\"description\" content=\"PCMG prende suspeito de roubos na Zona da Mata e no Rio de Janeiro\" \/>\n<meta name=\"robots\" content=\"index, follow, max-snippet:-1, max-image-preview:large, max-video-preview:-1\" \/>\n<link rel=\"canonical\" href=\"https:\/\/ubanews.com\/site\/2025\/09\/26\/pcmg-prende-suspeito-de-roubos-na-zona-da-mata-e-no-rio-de-janeiro\/\" \/>\n<meta property=\"og:locale\" content=\"pt_BR\" \/>\n<meta property=\"og:type\" content=\"article\" \/>\n<meta property=\"og:title\" content=\"PCMG prende suspeito de roubos na Zona da Mata e no Rio de Janeiro - Ub\u00e1 News\" \/>\n<meta property=\"og:description\" content=\"PCMG prende suspeito de roubos na Zona da Mata e no Rio de Janeiro\" \/>\n<meta property=\"og:url\" content=\"https:\/\/ubanews.com\/site\/2025\/09\/26\/pcmg-prende-suspeito-de-roubos-na-zona-da-mata-e-no-rio-de-janeiro\/\" \/>\n<meta property=\"og:site_name\" content=\"Ub\u00e1 News\" \/>\n<meta property=\"article:publisher\" content=\"https:\/\/www.facebook.com\/Ub%c3%a1News-Carlos-Roberto-Sodr%c3%a9-418778301977370\" \/>\n<meta property=\"article:published_time\" content=\"2025-09-26T13:32:54+00:00\" \/>\n<meta property=\"article:modified_time\" content=\"2025-09-26T13:34:53+00:00\" \/>\n<meta property=\"og:image\" content=\"http:\/\/ubanews.com\/site\/wp-content\/uploads\/2025\/09\/Fala-Sodre-Policia-Civil-300x236.jpeg\" \/>\n<meta name=\"author\" content=\"Carlos Roberto Sodr\u00e9\" \/>\n<meta name=\"twitter:card\" content=\"summary_large_image\" \/>\n<meta name=\"twitter:label1\" content=\"Escrito por\" \/>\n\t<meta name=\"twitter:data1\" content=\"Carlos Roberto Sodr\u00e9\" \/>\n\t<meta name=\"twitter:label2\" content=\"Est. tempo de leitura\" \/>\n\t<meta name=\"twitter:data2\" content=\"2 minutos\" \/>\n<script type=\"application\/ld+json\" class=\"yoast-schema-graph\">{\"@context\":\"https:\/\/schema.org\",\"@graph\":[{\"@type\":\"Article\",\"@id\":\"https:\/\/ubanews.com\/site\/2025\/09\/26\/pcmg-prende-suspeito-de-roubos-na-zona-da-mata-e-no-rio-de-janeiro\/#article\",\"isPartOf\":{\"@id\":\"https:\/\/ubanews.com\/site\/2025\/09\/26\/pcmg-prende-suspeito-de-roubos-na-zona-da-mata-e-no-rio-de-janeiro\/\"},\"author\":{\"name\":\"Carlos Roberto Sodr\u00e9\",\"@id\":\"https:\/\/ubanews.com\/site\/#\/schema\/person\/9d8da9ec3c8d00640ab6e8c81e103310\"},\"headline\":\"PCMG prende suspeito de roubos na Zona da Mata e no Rio de Janeiro\",\"datePublished\":\"2025-09-26T13:32:54+00:00\",\"dateModified\":\"2025-09-26T13:34:53+00:00\",\"mainEntityOfPage\":{\"@id\":\"https:\/\/ubanews.com\/site\/2025\/09\/26\/pcmg-prende-suspeito-de-roubos-na-zona-da-mata-e-no-rio-de-janeiro\/\"},\"wordCount\":276,\"commentCount\":0,\"publisher\":{\"@id\":\"https:\/\/ubanews.com\/site\/#organization\"},\"image\":{\"@id\":\"https:\/\/ubanews.com\/site\/2025\/09\/26\/pcmg-prende-suspeito-de-roubos-na-zona-da-mata-e-no-rio-de-janeiro\/#primaryimage\"},\"thumbnailUrl\":\"http:\/\/ubanews.com\/site\/wp-content\/uploads\/2025\/09\/Fala-Sodre-Policia-Civil-300x236.jpeg\",\"articleSection\":[\"Geral\"],\"inLanguage\":\"pt-BR\",\"potentialAction\":[{\"@type\":\"CommentAction\",\"name\":\"Comment\",\"target\":[\"https:\/\/ubanews.com\/site\/2025\/09\/26\/pcmg-prende-suspeito-de-roubos-na-zona-da-mata-e-no-rio-de-janeiro\/#respond\"]}]},{\"@type\":\"WebPage\",\"@id\":\"https:\/\/ubanews.com\/site\/2025\/09\/26\/pcmg-prende-suspeito-de-roubos-na-zona-da-mata-e-no-rio-de-janeiro\/\",\"url\":\"https:\/\/ubanews.com\/site\/2025\/09\/26\/pcmg-prende-suspeito-de-roubos-na-zona-da-mata-e-no-rio-de-janeiro\/\",\"name\":\"PCMG prende suspeito de roubos na Zona da Mata e no Rio de Janeiro - Ub\u00e1 News\",\"isPartOf\":{\"@id\":\"https:\/\/ubanews.com\/site\/#website\"},\"primaryImageOfPage\":{\"@id\":\"https:\/\/ubanews.com\/site\/2025\/09\/26\/pcmg-prende-suspeito-de-roubos-na-zona-da-mata-e-no-rio-de-janeiro\/#primaryimage\"},\"image\":{\"@id\":\"https:\/\/ubanews.com\/site\/2025\/09\/26\/pcmg-prende-suspeito-de-roubos-na-zona-da-mata-e-no-rio-de-janeiro\/#primaryimage\"},\"thumbnailUrl\":\"http:\/\/ubanews.com\/site\/wp-content\/uploads\/2025\/09\/Fala-Sodre-Policia-Civil-300x236.jpeg\",\"datePublished\":\"2025-09-26T13:32:54+00:00\",\"dateModified\":\"2025-09-26T13:34:53+00:00\",\"description\":\"PCMG prende suspeito de roubos na Zona da Mata e no Rio de Janeiro\",\"breadcrumb\":{\"@id\":\"https:\/\/ubanews.com\/site\/2025\/09\/26\/pcmg-prende-suspeito-de-roubos-na-zona-da-mata-e-no-rio-de-janeiro\/#breadcrumb\"},\"inLanguage\":\"pt-BR\",\"potentialAction\":[{\"@type\":\"ReadAction\",\"target\":[\"https:\/\/ubanews.com\/site\/2025\/09\/26\/pcmg-prende-suspeito-de-roubos-na-zona-da-mata-e-no-rio-de-janeiro\/\"]}]},{\"@type\":\"ImageObject\",\"inLanguage\":\"pt-BR\",\"@id\":\"https:\/\/ubanews.com\/site\/2025\/09\/26\/pcmg-prende-suspeito-de-roubos-na-zona-da-mata-e-no-rio-de-janeiro\/#primaryimage\",\"url\":\"https:\/\/ubanews.com\/site\/wp-content\/uploads\/2025\/09\/Fala-Sodre-Policia-Civil.jpeg\",\"contentUrl\":\"https:\/\/ubanews.com\/site\/wp-content\/uploads\/2025\/09\/Fala-Sodre-Policia-Civil.jpeg\",\"width\":800,\"height\":630,\"caption\":\"Pol\u00edcia Civil - Fala Sodr\u00e9\"},{\"@type\":\"BreadcrumbList\",\"@id\":\"https:\/\/ubanews.com\/site\/2025\/09\/26\/pcmg-prende-suspeito-de-roubos-na-zona-da-mata-e-no-rio-de-janeiro\/#breadcrumb\",\"itemListElement\":[{\"@type\":\"ListItem\",\"position\":1,\"name\":\"Home\",\"item\":\"https:\/\/ubanews.com\/site\/\"},{\"@type\":\"ListItem\",\"position\":2,\"name\":\"PCMG prende suspeito de roubos na Zona da Mata e no Rio de Janeiro\"}]},{\"@type\":\"WebSite\",\"@id\":\"https:\/\/ubanews.com\/site\/#website\",\"url\":\"https:\/\/ubanews.com\/site\/\",\"name\":\"Ub\u00e1 News\",\"description\":\"\",\"publisher\":{\"@id\":\"https:\/\/ubanews.com\/site\/#organization\"},\"potentialAction\":[{\"@type\":\"SearchAction\",\"target\":{\"@type\":\"EntryPoint\",\"urlTemplate\":\"https:\/\/ubanews.com\/site\/?s={search_term_string}\"},\"query-input\":{\"@type\":\"PropertyValueSpecification\",\"valueRequired\":true,\"valueName\":\"search_term_string\"}}],\"inLanguage\":\"pt-BR\"},{\"@type\":\"Organization\",\"@id\":\"https:\/\/ubanews.com\/site\/#organization\",\"name\":\"Ub\u00e1 News\",\"url\":\"https:\/\/ubanews.com\/site\/\",\"logo\":{\"@type\":\"ImageObject\",\"inLanguage\":\"pt-BR\",\"@id\":\"https:\/\/ubanews.com\/site\/#\/schema\/logo\/image\/\",\"url\":\"https:\/\/ubanews.com\/site\/wp-content\/uploads\/2018\/01\/logoubanews.png\",\"contentUrl\":\"https:\/\/ubanews.com\/site\/wp-content\/uploads\/2018\/01\/logoubanews.png\",\"width\":261,\"height\":99,\"caption\":\"Ub\u00e1 News\"},\"image\":{\"@id\":\"https:\/\/ubanews.com\/site\/#\/schema\/logo\/image\/\"},\"sameAs\":[\"https:\/\/www.facebook.com\/Ub\u00e1News-Carlos-Roberto-Sodr\u00e9-418778301977370\"]},{\"@type\":\"Person\",\"@id\":\"https:\/\/ubanews.com\/site\/#\/schema\/person\/9d8da9ec3c8d00640ab6e8c81e103310\",\"name\":\"Carlos Roberto Sodr\u00e9\",\"image\":{\"@type\":\"ImageObject\",\"inLanguage\":\"pt-BR\",\"@id\":\"https:\/\/secure.gravatar.com\/avatar\/aab322e8555b56c468614fafdab8a8f924e394cdc6cfd8232f77e9e4d123a133?s=96&d=mm&r=g\",\"url\":\"https:\/\/secure.gravatar.com\/avatar\/aab322e8555b56c468614fafdab8a8f924e394cdc6cfd8232f77e9e4d123a133?s=96&d=mm&r=g\",\"contentUrl\":\"https:\/\/secure.gravatar.com\/avatar\/aab322e8555b56c468614fafdab8a8f924e394cdc6cfd8232f77e9e4d123a133?s=96&d=mm&r=g\",\"caption\":\"Carlos Roberto Sodr\u00e9\"},\"url\":\"https:\/\/ubanews.com\/site\/author\/sodre\/\"}]}<\/script>\n<!-- \/ Yoast SEO plugin. -->","yoast_head_json":{"title":"PCMG prende suspeito de roubos na Zona da Mata e no Rio de Janeiro - Ub\u00e1 News","description":"PCMG prende suspeito de roubos na Zona da Mata e no Rio de Janeiro","robots":{"index":"index","follow":"follow","max-snippet":"max-snippet:-1","max-image-preview":"max-image-preview:large","max-video-preview":"max-video-preview:-1"},"canonical":"https:\/\/ubanews.com\/site\/2025\/09\/26\/pcmg-prende-suspeito-de-roubos-na-zona-da-mata-e-no-rio-de-janeiro\/","og_locale":"pt_BR","og_type":"article","og_title":"PCMG prende suspeito de roubos na Zona da Mata e no Rio de Janeiro - Ub\u00e1 News","og_description":"PCMG prende suspeito de roubos na Zona da Mata e no Rio de Janeiro","og_url":"https:\/\/ubanews.com\/site\/2025\/09\/26\/pcmg-prende-suspeito-de-roubos-na-zona-da-mata-e-no-rio-de-janeiro\/","og_site_name":"Ub\u00e1 News","article_publisher":"https:\/\/www.facebook.com\/Ub%c3%a1News-Carlos-Roberto-Sodr%c3%a9-418778301977370","article_published_time":"2025-09-26T13:32:54+00:00","article_modified_time":"2025-09-26T13:34:53+00:00","og_image":[{"url":"http:\/\/ubanews.com\/site\/wp-content\/uploads\/2025\/09\/Fala-Sodre-Policia-Civil-300x236.jpeg","type":"","width":"","height":""}],"author":"Carlos Roberto Sodr\u00e9","twitter_card":"summary_large_image","twitter_misc":{"Escrito por":"Carlos Roberto Sodr\u00e9","Est. tempo de leitura":"2 minutos"},"schema":{"@context":"https:\/\/schema.org","@graph":[{"@type":"Article","@id":"https:\/\/ubanews.com\/site\/2025\/09\/26\/pcmg-prende-suspeito-de-roubos-na-zona-da-mata-e-no-rio-de-janeiro\/#article","isPartOf":{"@id":"https:\/\/ubanews.com\/site\/2025\/09\/26\/pcmg-prende-suspeito-de-roubos-na-zona-da-mata-e-no-rio-de-janeiro\/"},"author":{"name":"Carlos Roberto Sodr\u00e9","@id":"https:\/\/ubanews.com\/site\/#\/schema\/person\/9d8da9ec3c8d00640ab6e8c81e103310"},"headline":"PCMG prende suspeito de roubos na Zona da Mata e no Rio de Janeiro","datePublished":"2025-09-26T13:32:54+00:00","dateModified":"2025-09-26T13:34:53+00:00","mainEntityOfPage":{"@id":"https:\/\/ubanews.com\/site\/2025\/09\/26\/pcmg-prende-suspeito-de-roubos-na-zona-da-mata-e-no-rio-de-janeiro\/"},"wordCount":276,"commentCount":0,"publisher":{"@id":"https:\/\/ubanews.com\/site\/#organization"},"image":{"@id":"https:\/\/ubanews.com\/site\/2025\/09\/26\/pcmg-prende-suspeito-de-roubos-na-zona-da-mata-e-no-rio-de-janeiro\/#primaryimage"},"thumbnailUrl":"http:\/\/ubanews.com\/site\/wp-content\/uploads\/2025\/09\/Fala-Sodre-Policia-Civil-300x236.jpeg","articleSection":["Geral"],"inLanguage":"pt-BR","potentialAction":[{"@type":"CommentAction","name":"Comment","target":["https:\/\/ubanews.com\/site\/2025\/09\/26\/pcmg-prende-suspeito-de-roubos-na-zona-da-mata-e-no-rio-de-janeiro\/#respond"]}]},{"@type":"WebPage","@id":"https:\/\/ubanews.com\/site\/2025\/09\/26\/pcmg-prende-suspeito-de-roubos-na-zona-da-mata-e-no-rio-de-janeiro\/","url":"https:\/\/ubanews.com\/site\/2025\/09\/26\/pcmg-prende-suspeito-de-roubos-na-zona-da-mata-e-no-rio-de-janeiro\/","name":"PCMG prende suspeito de roubos na Zona da Mata e no Rio de Janeiro - Ub\u00e1 News","isPartOf":{"@id":"https:\/\/ubanews.com\/site\/#website"},"primaryImageOfPage":{"@id":"https:\/\/ubanews.com\/site\/2025\/09\/26\/pcmg-prende-suspeito-de-roubos-na-zona-da-mata-e-no-rio-de-janeiro\/#primaryimage"},"image":{"@id":"https:\/\/ubanews.com\/site\/2025\/09\/26\/pcmg-prende-suspeito-de-roubos-na-zona-da-mata-e-no-rio-de-janeiro\/#primaryimage"},"thumbnailUrl":"http:\/\/ubanews.com\/site\/wp-content\/uploads\/2025\/09\/Fala-Sodre-Policia-Civil-300x236.jpeg","datePublished":"2025-09-26T13:32:54+00:00","dateModified":"2025-09-26T13:34:53+00:00","description":"PCMG prende suspeito de roubos na Zona da Mata e no Rio de Janeiro","breadcrumb":{"@id":"https:\/\/ubanews.com\/site\/2025\/09\/26\/pcmg-prende-suspeito-de-roubos-na-zona-da-mata-e-no-rio-de-janeiro\/#breadcrumb"},"inLanguage":"pt-BR","potentialAction":[{"@type":"ReadAction","target":["https:\/\/ubanews.com\/site\/2025\/09\/26\/pcmg-prende-suspeito-de-roubos-na-zona-da-mata-e-no-rio-de-janeiro\/"]}]},{"@type":"ImageObject","inLanguage":"pt-BR","@id":"https:\/\/ubanews.com\/site\/2025\/09\/26\/pcmg-prende-suspeito-de-roubos-na-zona-da-mata-e-no-rio-de-janeiro\/#primaryimage","url":"https:\/\/ubanews.com\/site\/wp-content\/uploads\/2025\/09\/Fala-Sodre-Policia-Civil.jpeg","contentUrl":"https:\/\/ubanews.com\/site\/wp-content\/uploads\/2025\/09\/Fala-Sodre-Policia-Civil.jpeg","width":800,"height":630,"caption":"Pol\u00edcia Civil - Fala Sodr\u00e9"},{"@type":"BreadcrumbList","@id":"https:\/\/ubanews.com\/site\/2025\/09\/26\/pcmg-prende-suspeito-de-roubos-na-zona-da-mata-e-no-rio-de-janeiro\/#breadcrumb","itemListElement":[{"@type":"ListItem","position":1,"name":"Home","item":"https:\/\/ubanews.com\/site\/"},{"@type":"ListItem","position":2,"name":"PCMG prende suspeito de roubos na Zona da Mata e no Rio de Janeiro"}]},{"@type":"WebSite","@id":"https:\/\/ubanews.com\/site\/#website","url":"https:\/\/ubanews.com\/site\/","name":"Ub\u00e1 News","description":"","publisher":{"@id":"https:\/\/ubanews.com\/site\/#organization"},"potentialAction":[{"@type":"SearchAction","target":{"@type":"EntryPoint","urlTemplate":"https:\/\/ubanews.com\/site\/?s={search_term_string}"},"query-input":{"@type":"PropertyValueSpecification","valueRequired":true,"valueName":"search_term_string"}}],"inLanguage":"pt-BR"},{"@type":"Organization","@id":"https:\/\/ubanews.com\/site\/#organization","name":"Ub\u00e1 News","url":"https:\/\/ubanews.com\/site\/","logo":{"@type":"ImageObject","inLanguage":"pt-BR","@id":"https:\/\/ubanews.com\/site\/#\/schema\/logo\/image\/","url":"https:\/\/ubanews.com\/site\/wp-content\/uploads\/2018\/01\/logoubanews.png","contentUrl":"https:\/\/ubanews.com\/site\/wp-content\/uploads\/2018\/01\/logoubanews.png","width":261,"height":99,"caption":"Ub\u00e1 News"},"image":{"@id":"https:\/\/ubanews.com\/site\/#\/schema\/logo\/image\/"},"sameAs":["https:\/\/www.facebook.com\/Ub\u00e1News-Carlos-Roberto-Sodr\u00e9-418778301977370"]},{"@type":"Person","@id":"https:\/\/ubanews.com\/site\/#\/schema\/person\/9d8da9ec3c8d00640ab6e8c81e103310","name":"Carlos Roberto Sodr\u00e9","image":{"@type":"ImageObject","inLanguage":"pt-BR","@id":"https:\/\/secure.gravatar.com\/avatar\/aab322e8555b56c468614fafdab8a8f924e394cdc6cfd8232f77e9e4d123a133?s=96&d=mm&r=g","url":"https:\/\/secure.gravatar.com\/avatar\/aab322e8555b56c468614fafdab8a8f924e394cdc6cfd8232f77e9e4d123a133?s=96&d=mm&r=g","contentUrl":"https:\/\/secure.gravatar.com\/avatar\/aab322e8555b56c468614fafdab8a8f924e394cdc6cfd8232f77e9e4d123a133?s=96&d=mm&r=g","caption":"Carlos Roberto Sodr\u00e9"},"url":"https:\/\/ubanews.com\/site\/author\/sodre\/"}]}},"_links":{"self":[{"href":"https:\/\/ubanews.com\/site\/wp-json\/wp\/v2\/posts\/23011","targetHints":{"allow":["GET"]}}],"collection":[{"href":"https:\/\/ubanews.com\/site\/wp-json\/wp\/v2\/posts"}],"about":[{"href":"https:\/\/ubanews.com\/site\/wp-json\/wp\/v2\/types\/post"}],"author":[{"embeddable":true,"href":"https:\/\/ubanews.com\/site\/wp-json\/wp\/v2\/users\/4"}],"replies":[{"embeddable":true,"href":"https:\/\/ubanews.com\/site\/wp-json\/wp\/v2\/comments?post=23011"}],"version-history":[{"count":0,"href":"https:\/\/ubanews.com\/site\/wp-json\/wp\/v2\/posts\/23011\/revisions"}],"wp:attachment":[{"href":"https:\/\/ubanews.com\/site\/wp-json\/wp\/v2\/media?parent=23011"}],"wp:term":[{"taxonomy":"category","embeddable":true,"href":"https:\/\/ubanews.com\/site\/wp-json\/wp\/v2\/categories?post=23011"},{"taxonomy":"post_tag","embeddable":true,"href":"https:\/\/ubanews.com\/site\/wp-json\/wp\/v2\/tags?post=23011"}],"curies":[{"name":"wp","href":"https:\/\/api.w.org\/{rel}","templated":true}]}}