{"id":23007,"date":"2025-09-26T10:03:53","date_gmt":"2025-09-26T13:03:53","guid":{"rendered":"https:\/\/ubanews.com\/site\/?p=23007"},"modified":"2025-09-26T11:31:10","modified_gmt":"2025-09-26T14:31:10","slug":"debate-e-manifestacao-pacifica","status":"publish","type":"post","link":"https:\/\/ubanews.com\/site\/2025\/09\/26\/debate-e-manifestacao-pacifica\/","title":{"rendered":"Debate e manifesta\u00e7\u00e3o pac\u00edfica"},"content":{"rendered":"<p data-start=\"294\" data-end=\"367\"><strong>Reforma Tribut\u00e1ria Municipal em Ub\u00e1 gera debate e manifesta\u00e7\u00e3o pac\u00edfica<\/strong>.\u00a0Aprovada na C\u00e2mara, proposta divide opini\u00f5es.\u00a0A C\u00e2mara Municipal de Ub\u00e1 aprovou a <strong data-start=\"456\" data-end=\"488\">Reforma Tribut\u00e1ria Municipal<\/strong> em sess\u00e3o marcada por pol\u00eamica. O projeto recebeu apoio da maioria, mas gerou forte resist\u00eancia de alguns vereadores e de setores da sociedade civil.<\/p>\n<h1 data-start=\"294\" data-end=\"367\">Debate e manifesta\u00e7\u00e3o pac\u00edfica<\/h1>\n<p><img decoding=\"async\" class=\"aligncenter size-medium wp-image-23008 lazyload\" data-src=\"https:\/\/ubanews.com\/site\/wp-content\/uploads\/2025\/09\/Fala-Sodre-UbaNews-300x161.jpg\" alt=\"Fala Sodr\u00e9 - Manifesta\u00e7\u00e3o Pac\u00edfica\" width=\"300\" height=\"161\" data-srcset=\"https:\/\/ubanews.com\/site\/wp-content\/uploads\/2025\/09\/Fala-Sodre-UbaNews-300x161.jpg 300w, https:\/\/ubanews.com\/site\/wp-content\/uploads\/2025\/09\/Fala-Sodre-UbaNews-1024x549.jpg 1024w, https:\/\/ubanews.com\/site\/wp-content\/uploads\/2025\/09\/Fala-Sodre-UbaNews-768x412.jpg 768w, https:\/\/ubanews.com\/site\/wp-content\/uploads\/2025\/09\/Fala-Sodre-UbaNews-780x420.jpg 780w, https:\/\/ubanews.com\/site\/wp-content\/uploads\/2025\/09\/Fala-Sodre-UbaNews.jpg 1353w\" data-sizes=\"(max-width: 300px) 100vw, 300px\" src=\"data:image\/svg+xml;base64,PHN2ZyB3aWR0aD0iMSIgaGVpZ2h0PSIxIiB4bWxucz0iaHR0cDovL3d3dy53My5vcmcvMjAwMC9zdmciPjwvc3ZnPg==\" style=\"--smush-placeholder-width: 300px; --smush-placeholder-aspect-ratio: 300\/161;\" \/><\/p>\n<p data-start=\"642\" data-end=\"930\">De acordo com os cr\u00edticos, a proposta foi votada sem a realiza\u00e7\u00e3o de <strong data-start=\"711\" data-end=\"734\">audi\u00eancias p\u00fablicas<\/strong> e sem apresentar um estudo detalhado sobre o impacto financeiro. Esse cen\u00e1rio aumentou a insatisfa\u00e7\u00e3o de comerciantes e moradores, que temem novas taxas e maior press\u00e3o sobre o setor produtivo.<\/p>\n<h2 data-start=\"932\" data-end=\"974\">Movimento em frente ao Pa\u00e7o Municipal<\/h2>\n<p data-start=\"976\" data-end=\"1193\">Na manh\u00e3 desta sexta-feira, manifestantes se reuniram em frente ao <strong data-start=\"1043\" data-end=\"1068\">Pa\u00e7o Municipal de Ub\u00e1<\/strong>. O ato pac\u00edfico reuniu cidad\u00e3os, representantes de entidades e vereadores contr\u00e1rios \u00e0 forma como a reforma foi conduzida.<\/p>\n<p data-start=\"1195\" data-end=\"1344\">O rep\u00f3rter <strong data-start=\"1206\" data-end=\"1230\">Carlos Roberto Sodr\u00e9<\/strong> fez a cobertura completa, com imagens de <strong data-start=\"1272\" data-end=\"1287\">Laisa Sodr\u00e9<\/strong> e conte\u00fado de <strong data-start=\"1302\" data-end=\"1321\">Pedro Henriques<\/strong>, da <strong data-start=\"1326\" data-end=\"1341\">INDICCA.COM<\/strong>.<\/p>\n<p data-start=\"1346\" data-end=\"1465\">Segundo os organizadores, o movimento buscou alertar a popula\u00e7\u00e3o e pressionar a Prefeitura a rever pontos da reforma.<\/p>\n<h2 data-start=\"1467\" data-end=\"1512\">Principais cr\u00edticas \u00e0 Reforma Tribut\u00e1ria<\/h2>\n<p data-start=\"1514\" data-end=\"1566\">Entre as principais preocupa\u00e7\u00f5es levantadas est\u00e3o:<\/p>\n<ul data-start=\"1568\" data-end=\"1998\">\n<li data-start=\"1568\" data-end=\"1725\">\n<p data-start=\"1570\" data-end=\"1725\"><strong data-start=\"1570\" data-end=\"1601\">Aumento de taxas e impostos<\/strong>: comerciantes afirmam que j\u00e1 enfrentam alta carga tribut\u00e1ria e novos encargos podem dificultar a manuten\u00e7\u00e3o dos neg\u00f3cios.<\/p>\n<\/li>\n<li data-start=\"1726\" data-end=\"1869\">\n<p data-start=\"1728\" data-end=\"1869\"><strong data-start=\"1728\" data-end=\"1764\">Falta de di\u00e1logo com a sociedade<\/strong>: vereadores de oposi\u00e7\u00e3o e manifestantes cobram a realiza\u00e7\u00e3o de audi\u00eancias p\u00fablicas antes da aprova\u00e7\u00e3o.<\/p>\n<\/li>\n<li data-start=\"1870\" data-end=\"1998\">\n<p data-start=\"1872\" data-end=\"1998\"><strong data-start=\"1872\" data-end=\"1911\">Impacto sobre o com\u00e9rcio e servi\u00e7os<\/strong>: empres\u00e1rios temem perda de competitividade e repasse de custos ao consumidor final.<\/p>\n<\/li>\n<\/ul>\n<h2 data-start=\"2000\" data-end=\"2045\">O que disseram os vereadores de oposi\u00e7\u00e3o<\/h2>\n<p data-start=\"2047\" data-end=\"2119\">Dois vereadores se posicionaram de forma clara durante a manifesta\u00e7\u00e3o.<\/p>\n<p data-start=\"2121\" data-end=\"2195\">O vereador <strong data-start=\"2132\" data-end=\"2148\">Jos\u00e9 Roberto<\/strong> destacou a aus\u00eancia de participa\u00e7\u00e3o popular:<\/p>\n<blockquote data-start=\"2197\" data-end=\"2370\">\n<p data-start=\"2199\" data-end=\"2370\"><em data-start=\"2199\" data-end=\"2368\">\u201cN\u00e3o houve audi\u00eancia p\u00fablica. A popula\u00e7\u00e3o precisava ser ouvida antes de uma decis\u00e3o t\u00e3o importante, que impacta diretamente comerciantes, empres\u00e1rios e trabalhadores.\u201d<\/em><\/p>\n<\/blockquote>\n<p data-start=\"2372\" data-end=\"2416\">Ele tamb\u00e9m criticou a condu\u00e7\u00e3o da vota\u00e7\u00e3o:<\/p>\n<blockquote data-start=\"2418\" data-end=\"2599\">\n<p data-start=\"2420\" data-end=\"2599\"><em data-start=\"2420\" data-end=\"2597\">\u201cA sess\u00e3o foi marcada por desorganiza\u00e7\u00e3o. N\u00e3o conseguimos garantir que todos os pontos fossem debatidos de forma transparente. O projeto entrou em pauta sem o devido di\u00e1logo.\u201d<\/em><\/p>\n<\/blockquote>\n<p data-start=\"2601\" data-end=\"2681\">J\u00e1 o vereador <strong data-start=\"2615\" data-end=\"2634\">Gilson Pica Pau<\/strong> chamou aten\u00e7\u00e3o para os impactos financeiros:<\/p>\n<blockquote data-start=\"2683\" data-end=\"2866\">\n<p data-start=\"2685\" data-end=\"2866\"><em data-start=\"2685\" data-end=\"2864\">\u201cO projeto foi aprovado sem apresentar de forma clara quais ser\u00e3o os custos para a popula\u00e7\u00e3o. Isso fere o princ\u00edpio da transpar\u00eancia e coloca em risco a confian\u00e7a da sociedade.\u201d<\/em><\/p>\n<\/blockquote>\n<p data-start=\"2868\" data-end=\"2945\">E completou, refor\u00e7ando a necessidade de maior aproxima\u00e7\u00e3o com os cidad\u00e3os:<\/p>\n<blockquote data-start=\"2947\" data-end=\"3141\">\n<p data-start=\"2949\" data-end=\"3141\"><em data-start=\"2949\" data-end=\"3139\">\u201cA Prefeitura precisa ouvir mais e impor menos. N\u00e3o \u00e9 justo aprovar uma reforma tribut\u00e1ria que aumenta taxas e dificulta a vida do pequeno comerciante sem antes dialogar com a comunidade.\u201d<\/em><\/p>\n<\/blockquote>\n<h2 data-start=\"3143\" data-end=\"3171\">A posi\u00e7\u00e3o da Prefeitura<\/h2>\n<p data-start=\"3173\" data-end=\"3350\">A Prefeitura, por sua vez, argumenta que a atualiza\u00e7\u00e3o do c\u00f3digo tribut\u00e1rio \u00e9 necess\u00e1ria para modernizar a arrecada\u00e7\u00e3o municipal e atender recomenda\u00e7\u00f5es de \u00f3rg\u00e3os de controle.<\/p>\n<p data-start=\"3352\" data-end=\"3507\">Mesmo assim, a insatisfa\u00e7\u00e3o popular cresceu, refor\u00e7ando a necessidade de <strong data-start=\"3425\" data-end=\"3447\">mais transpar\u00eancia<\/strong> e <strong data-start=\"3450\" data-end=\"3473\">participa\u00e7\u00e3o social<\/strong> nos pr\u00f3ximos passos da reforma.<\/p>\n<p><iframe title=\"Fala Sodr\u00e9: Manifesta\u00e7\u00e3o Pac\u00edfica Contra o Novo C\u00f3digo Tribut\u00e1rio Municipal em frente \u00e0 prefeitura\" width=\"840\" height=\"473\" data-src=\"https:\/\/www.youtube.com\/embed\/keaO1-hefJM?feature=oembed\" frameborder=\"0\" allow=\"accelerometer; autoplay; clipboard-write; encrypted-media; gyroscope; picture-in-picture; web-share\" referrerpolicy=\"strict-origin-when-cross-origin\" allowfullscreen src=\"data:image\/svg+xml;base64,PHN2ZyB3aWR0aD0iMSIgaGVpZ2h0PSIxIiB4bWxucz0iaHR0cDovL3d3dy53My5vcmcvMjAwMC9zdmciPjwvc3ZnPg==\" class=\"lazyload\" data-load-mode=\"1\"><\/iframe><\/p>\n<p style=\"margin: 0in; font-size: 20.0pt;\"><span style=\"font-family: 'Segoe UI Emoji';\">&#x1f4da; <\/span><span style=\"font-weight: bold; font-family: Calibri;\">Cobertura:<\/span><span style=\"font-family: Calibri;\"> Carlos Roberto Sodr\u00e9 <\/span><a href=\"https:\/\/wa.me\/553298481334\"><span style=\"font-family: Calibri;\">WhatsApp<\/span><\/a><\/p>\n<p style=\"margin: 0in; font-size: 20.0pt;\"><span style=\"font-family: 'Segoe UI Emoji';\">&#x1f4f8; <\/span><span style=\"font-weight: bold; font-family: Calibri;\">Imagens:<\/span><span style=\"font-family: Calibri;\"> Laisa Sodr\u00e9<\/span><\/p>\n<p style=\"margin: 0in; font-size: 20.0pt;\"><span style=\"font-family: 'Segoe UI Emoji';\">&#x1f4dd; <\/span><span style=\"font-weight: bold; font-family: Calibri;\">Conte\u00fado: <\/span><a href=\"https:\/\/www.linkedin.com\/in\/pedrohgf\/\"><span style=\"font-family: Calibri;\">Pedro Henriques<\/span><\/a><span style=\"font-family: Calibri;\"> \u2013 <\/span><a href=\"https:\/\/indicca.com.br\/blog\/\"><span style=\"font-family: Calibri;\">INDICCA.COM<\/span><\/a><span style=\"font-family: Calibri;\">\u00a0 <\/span><a href=\"https:\/\/wa.me\/5532988020057\"><span style=\"font-family: Calibri;\">WhatsApp<\/span><\/a><\/p>\n<p style=\"margin: 0in; font-size: 20.0pt;\"><span style=\"font-family: 'Segoe UI Emoji';\">&#x1f393; <\/span><span style=\"font-weight: bold; font-family: Calibri;\">Evento: <strong>Reforma Tribut\u00e1ria Municipal em Ub\u00e1 gera debate e manifesta\u00e7\u00e3o pac\u00edfica<\/strong><\/span><\/p>\n","protected":false},"excerpt":{"rendered":"<p>Reforma Tribut\u00e1ria Municipal em Ub\u00e1 gera debate e manifesta\u00e7\u00e3o pac\u00edfica.\u00a0Aprovada<\/p>\n","protected":false},"author":4,"featured_media":23008,"comment_status":"open","ping_status":"open","sticky":false,"template":"","format":"standard","meta":{"footnotes":""},"categories":[1,3],"tags":[111,59,113,112,114,110,67,60],"class_list":["post-23007","post","type-post","status-publish","format-standard","has-post-thumbnail","hentry","category-sem-categoria","category-slide","tag-camara-municipal","tag-fala-sodre","tag-impostos-municipais","tag-manifestacao-pacifica","tag-paco-municipal-de-uba","tag-reforma-tributaria","tag-sodre","tag-ubanews"],"yoast_head":"<!-- This site is optimized with the Yoast SEO plugin v27.2 - https:\/\/yoast.com\/product\/yoast-seo-wordpress\/ -->\n<title>Debate e manifesta\u00e7\u00e3o pac\u00edfica - Ub\u00e1 News<\/title>\n<meta name=\"description\" content=\"Reforma Tribut\u00e1ria em Ub\u00e1 \u00e9 aprovada na C\u00e2mara e gera manifesta\u00e7\u00e3o pac\u00edfica. Vereadores Jos\u00e9 Roberto e Gilson Pica Pau criticam.\" \/>\n<meta name=\"robots\" content=\"index, follow, max-snippet:-1, max-image-preview:large, max-video-preview:-1\" \/>\n<link rel=\"canonical\" href=\"https:\/\/ubanews.com\/site\/2025\/09\/26\/debate-e-manifestacao-pacifica\/\" \/>\n<meta property=\"og:locale\" content=\"pt_BR\" \/>\n<meta property=\"og:type\" content=\"article\" \/>\n<meta property=\"og:title\" content=\"Debate e manifesta\u00e7\u00e3o pac\u00edfica - Ub\u00e1 News\" \/>\n<meta property=\"og:description\" content=\"Reforma Tribut\u00e1ria em Ub\u00e1 \u00e9 aprovada na C\u00e2mara e gera manifesta\u00e7\u00e3o pac\u00edfica. Vereadores Jos\u00e9 Roberto e Gilson Pica Pau criticam.\" \/>\n<meta property=\"og:url\" content=\"https:\/\/ubanews.com\/site\/2025\/09\/26\/debate-e-manifestacao-pacifica\/\" \/>\n<meta property=\"og:site_name\" content=\"Ub\u00e1 News\" \/>\n<meta property=\"article:publisher\" content=\"https:\/\/www.facebook.com\/Ub%c3%a1News-Carlos-Roberto-Sodr%c3%a9-418778301977370\" \/>\n<meta property=\"article:published_time\" content=\"2025-09-26T13:03:53+00:00\" \/>\n<meta property=\"article:modified_time\" content=\"2025-09-26T14:31:10+00:00\" \/>\n<meta property=\"og:image\" content=\"https:\/\/ubanews.com\/site\/wp-content\/uploads\/2025\/09\/Fala-Sodre-UbaNews.jpg\" \/>\n\t<meta property=\"og:image:width\" content=\"1353\" \/>\n\t<meta property=\"og:image:height\" content=\"725\" \/>\n\t<meta property=\"og:image:type\" content=\"image\/jpeg\" \/>\n<meta name=\"author\" content=\"Carlos Roberto Sodr\u00e9\" \/>\n<meta name=\"twitter:card\" content=\"summary_large_image\" \/>\n<meta name=\"twitter:label1\" content=\"Escrito por\" \/>\n\t<meta name=\"twitter:data1\" content=\"Carlos Roberto Sodr\u00e9\" \/>\n\t<meta name=\"twitter:label2\" content=\"Est. tempo de leitura\" \/>\n\t<meta name=\"twitter:data2\" content=\"3 minutos\" \/>\n<script type=\"application\/ld+json\" class=\"yoast-schema-graph\">{\"@context\":\"https:\/\/schema.org\",\"@graph\":[{\"@type\":\"Article\",\"@id\":\"https:\/\/ubanews.com\/site\/2025\/09\/26\/debate-e-manifestacao-pacifica\/#article\",\"isPartOf\":{\"@id\":\"https:\/\/ubanews.com\/site\/2025\/09\/26\/debate-e-manifestacao-pacifica\/\"},\"author\":{\"name\":\"Carlos Roberto Sodr\u00e9\",\"@id\":\"https:\/\/ubanews.com\/site\/#\/schema\/person\/9d8da9ec3c8d00640ab6e8c81e103310\"},\"headline\":\"Debate e manifesta\u00e7\u00e3o pac\u00edfica\",\"datePublished\":\"2025-09-26T13:03:53+00:00\",\"dateModified\":\"2025-09-26T14:31:10+00:00\",\"mainEntityOfPage\":{\"@id\":\"https:\/\/ubanews.com\/site\/2025\/09\/26\/debate-e-manifestacao-pacifica\/\"},\"wordCount\":605,\"commentCount\":0,\"publisher\":{\"@id\":\"https:\/\/ubanews.com\/site\/#organization\"},\"image\":{\"@id\":\"https:\/\/ubanews.com\/site\/2025\/09\/26\/debate-e-manifestacao-pacifica\/#primaryimage\"},\"thumbnailUrl\":\"https:\/\/ubanews.com\/site\/wp-content\/uploads\/2025\/09\/Fala-Sodre-UbaNews.jpg\",\"keywords\":[\"C\u00e2mara Municipal\",\"Fala Sodr\u00e9\",\"Impostos Municipais\",\"Manifesta\u00e7\u00e3o Pac\u00edfica\",\"Pa\u00e7o Municipal de Ub\u00e1\",\"Reforma Tribut\u00e1ria\",\"Sodr\u00e9\",\"UBANEWS\"],\"articleSection\":[\"Geral\",\"Slide\"],\"inLanguage\":\"pt-BR\",\"potentialAction\":[{\"@type\":\"CommentAction\",\"name\":\"Comment\",\"target\":[\"https:\/\/ubanews.com\/site\/2025\/09\/26\/debate-e-manifestacao-pacifica\/#respond\"]}]},{\"@type\":\"WebPage\",\"@id\":\"https:\/\/ubanews.com\/site\/2025\/09\/26\/debate-e-manifestacao-pacifica\/\",\"url\":\"https:\/\/ubanews.com\/site\/2025\/09\/26\/debate-e-manifestacao-pacifica\/\",\"name\":\"Debate e manifesta\u00e7\u00e3o pac\u00edfica - Ub\u00e1 News\",\"isPartOf\":{\"@id\":\"https:\/\/ubanews.com\/site\/#website\"},\"primaryImageOfPage\":{\"@id\":\"https:\/\/ubanews.com\/site\/2025\/09\/26\/debate-e-manifestacao-pacifica\/#primaryimage\"},\"image\":{\"@id\":\"https:\/\/ubanews.com\/site\/2025\/09\/26\/debate-e-manifestacao-pacifica\/#primaryimage\"},\"thumbnailUrl\":\"https:\/\/ubanews.com\/site\/wp-content\/uploads\/2025\/09\/Fala-Sodre-UbaNews.jpg\",\"datePublished\":\"2025-09-26T13:03:53+00:00\",\"dateModified\":\"2025-09-26T14:31:10+00:00\",\"description\":\"Reforma Tribut\u00e1ria em Ub\u00e1 \u00e9 aprovada na C\u00e2mara e gera manifesta\u00e7\u00e3o pac\u00edfica. Vereadores Jos\u00e9 Roberto e Gilson Pica Pau criticam.\",\"breadcrumb\":{\"@id\":\"https:\/\/ubanews.com\/site\/2025\/09\/26\/debate-e-manifestacao-pacifica\/#breadcrumb\"},\"inLanguage\":\"pt-BR\",\"potentialAction\":[{\"@type\":\"ReadAction\",\"target\":[\"https:\/\/ubanews.com\/site\/2025\/09\/26\/debate-e-manifestacao-pacifica\/\"]}]},{\"@type\":\"ImageObject\",\"inLanguage\":\"pt-BR\",\"@id\":\"https:\/\/ubanews.com\/site\/2025\/09\/26\/debate-e-manifestacao-pacifica\/#primaryimage\",\"url\":\"https:\/\/ubanews.com\/site\/wp-content\/uploads\/2025\/09\/Fala-Sodre-UbaNews.jpg\",\"contentUrl\":\"https:\/\/ubanews.com\/site\/wp-content\/uploads\/2025\/09\/Fala-Sodre-UbaNews.jpg\",\"width\":1353,\"height\":725,\"caption\":\"Fala Sodr\u00e9 - Manifesta\u00e7\u00e3o Pac\u00edfica\"},{\"@type\":\"BreadcrumbList\",\"@id\":\"https:\/\/ubanews.com\/site\/2025\/09\/26\/debate-e-manifestacao-pacifica\/#breadcrumb\",\"itemListElement\":[{\"@type\":\"ListItem\",\"position\":1,\"name\":\"Home\",\"item\":\"https:\/\/ubanews.com\/site\/\"},{\"@type\":\"ListItem\",\"position\":2,\"name\":\"Debate e manifesta\u00e7\u00e3o pac\u00edfica\"}]},{\"@type\":\"WebSite\",\"@id\":\"https:\/\/ubanews.com\/site\/#website\",\"url\":\"https:\/\/ubanews.com\/site\/\",\"name\":\"Ub\u00e1 News\",\"description\":\"\",\"publisher\":{\"@id\":\"https:\/\/ubanews.com\/site\/#organization\"},\"potentialAction\":[{\"@type\":\"SearchAction\",\"target\":{\"@type\":\"EntryPoint\",\"urlTemplate\":\"https:\/\/ubanews.com\/site\/?s={search_term_string}\"},\"query-input\":{\"@type\":\"PropertyValueSpecification\",\"valueRequired\":true,\"valueName\":\"search_term_string\"}}],\"inLanguage\":\"pt-BR\"},{\"@type\":\"Organization\",\"@id\":\"https:\/\/ubanews.com\/site\/#organization\",\"name\":\"Ub\u00e1 News\",\"url\":\"https:\/\/ubanews.com\/site\/\",\"logo\":{\"@type\":\"ImageObject\",\"inLanguage\":\"pt-BR\",\"@id\":\"https:\/\/ubanews.com\/site\/#\/schema\/logo\/image\/\",\"url\":\"https:\/\/ubanews.com\/site\/wp-content\/uploads\/2018\/01\/logoubanews.png\",\"contentUrl\":\"https:\/\/ubanews.com\/site\/wp-content\/uploads\/2018\/01\/logoubanews.png\",\"width\":261,\"height\":99,\"caption\":\"Ub\u00e1 News\"},\"image\":{\"@id\":\"https:\/\/ubanews.com\/site\/#\/schema\/logo\/image\/\"},\"sameAs\":[\"https:\/\/www.facebook.com\/Ub\u00e1News-Carlos-Roberto-Sodr\u00e9-418778301977370\"]},{\"@type\":\"Person\",\"@id\":\"https:\/\/ubanews.com\/site\/#\/schema\/person\/9d8da9ec3c8d00640ab6e8c81e103310\",\"name\":\"Carlos Roberto Sodr\u00e9\",\"image\":{\"@type\":\"ImageObject\",\"inLanguage\":\"pt-BR\",\"@id\":\"https:\/\/secure.gravatar.com\/avatar\/aab322e8555b56c468614fafdab8a8f924e394cdc6cfd8232f77e9e4d123a133?s=96&d=mm&r=g\",\"url\":\"https:\/\/secure.gravatar.com\/avatar\/aab322e8555b56c468614fafdab8a8f924e394cdc6cfd8232f77e9e4d123a133?s=96&d=mm&r=g\",\"contentUrl\":\"https:\/\/secure.gravatar.com\/avatar\/aab322e8555b56c468614fafdab8a8f924e394cdc6cfd8232f77e9e4d123a133?s=96&d=mm&r=g\",\"caption\":\"Carlos Roberto Sodr\u00e9\"},\"url\":\"https:\/\/ubanews.com\/site\/author\/sodre\/\"}]}<\/script>\n<!-- \/ Yoast SEO plugin. -->","yoast_head_json":{"title":"Debate e manifesta\u00e7\u00e3o pac\u00edfica - Ub\u00e1 News","description":"Reforma Tribut\u00e1ria em Ub\u00e1 \u00e9 aprovada na C\u00e2mara e gera manifesta\u00e7\u00e3o pac\u00edfica. Vereadores Jos\u00e9 Roberto e Gilson Pica Pau criticam.","robots":{"index":"index","follow":"follow","max-snippet":"max-snippet:-1","max-image-preview":"max-image-preview:large","max-video-preview":"max-video-preview:-1"},"canonical":"https:\/\/ubanews.com\/site\/2025\/09\/26\/debate-e-manifestacao-pacifica\/","og_locale":"pt_BR","og_type":"article","og_title":"Debate e manifesta\u00e7\u00e3o pac\u00edfica - Ub\u00e1 News","og_description":"Reforma Tribut\u00e1ria em Ub\u00e1 \u00e9 aprovada na C\u00e2mara e gera manifesta\u00e7\u00e3o pac\u00edfica. Vereadores Jos\u00e9 Roberto e Gilson Pica Pau criticam.","og_url":"https:\/\/ubanews.com\/site\/2025\/09\/26\/debate-e-manifestacao-pacifica\/","og_site_name":"Ub\u00e1 News","article_publisher":"https:\/\/www.facebook.com\/Ub%c3%a1News-Carlos-Roberto-Sodr%c3%a9-418778301977370","article_published_time":"2025-09-26T13:03:53+00:00","article_modified_time":"2025-09-26T14:31:10+00:00","og_image":[{"width":1353,"height":725,"url":"https:\/\/ubanews.com\/site\/wp-content\/uploads\/2025\/09\/Fala-Sodre-UbaNews.jpg","type":"image\/jpeg"}],"author":"Carlos Roberto Sodr\u00e9","twitter_card":"summary_large_image","twitter_misc":{"Escrito por":"Carlos Roberto Sodr\u00e9","Est. tempo de leitura":"3 minutos"},"schema":{"@context":"https:\/\/schema.org","@graph":[{"@type":"Article","@id":"https:\/\/ubanews.com\/site\/2025\/09\/26\/debate-e-manifestacao-pacifica\/#article","isPartOf":{"@id":"https:\/\/ubanews.com\/site\/2025\/09\/26\/debate-e-manifestacao-pacifica\/"},"author":{"name":"Carlos Roberto Sodr\u00e9","@id":"https:\/\/ubanews.com\/site\/#\/schema\/person\/9d8da9ec3c8d00640ab6e8c81e103310"},"headline":"Debate e manifesta\u00e7\u00e3o pac\u00edfica","datePublished":"2025-09-26T13:03:53+00:00","dateModified":"2025-09-26T14:31:10+00:00","mainEntityOfPage":{"@id":"https:\/\/ubanews.com\/site\/2025\/09\/26\/debate-e-manifestacao-pacifica\/"},"wordCount":605,"commentCount":0,"publisher":{"@id":"https:\/\/ubanews.com\/site\/#organization"},"image":{"@id":"https:\/\/ubanews.com\/site\/2025\/09\/26\/debate-e-manifestacao-pacifica\/#primaryimage"},"thumbnailUrl":"https:\/\/ubanews.com\/site\/wp-content\/uploads\/2025\/09\/Fala-Sodre-UbaNews.jpg","keywords":["C\u00e2mara Municipal","Fala Sodr\u00e9","Impostos Municipais","Manifesta\u00e7\u00e3o Pac\u00edfica","Pa\u00e7o Municipal de Ub\u00e1","Reforma Tribut\u00e1ria","Sodr\u00e9","UBANEWS"],"articleSection":["Geral","Slide"],"inLanguage":"pt-BR","potentialAction":[{"@type":"CommentAction","name":"Comment","target":["https:\/\/ubanews.com\/site\/2025\/09\/26\/debate-e-manifestacao-pacifica\/#respond"]}]},{"@type":"WebPage","@id":"https:\/\/ubanews.com\/site\/2025\/09\/26\/debate-e-manifestacao-pacifica\/","url":"https:\/\/ubanews.com\/site\/2025\/09\/26\/debate-e-manifestacao-pacifica\/","name":"Debate e manifesta\u00e7\u00e3o pac\u00edfica - Ub\u00e1 News","isPartOf":{"@id":"https:\/\/ubanews.com\/site\/#website"},"primaryImageOfPage":{"@id":"https:\/\/ubanews.com\/site\/2025\/09\/26\/debate-e-manifestacao-pacifica\/#primaryimage"},"image":{"@id":"https:\/\/ubanews.com\/site\/2025\/09\/26\/debate-e-manifestacao-pacifica\/#primaryimage"},"thumbnailUrl":"https:\/\/ubanews.com\/site\/wp-content\/uploads\/2025\/09\/Fala-Sodre-UbaNews.jpg","datePublished":"2025-09-26T13:03:53+00:00","dateModified":"2025-09-26T14:31:10+00:00","description":"Reforma Tribut\u00e1ria em Ub\u00e1 \u00e9 aprovada na C\u00e2mara e gera manifesta\u00e7\u00e3o pac\u00edfica. Vereadores Jos\u00e9 Roberto e Gilson Pica Pau criticam.","breadcrumb":{"@id":"https:\/\/ubanews.com\/site\/2025\/09\/26\/debate-e-manifestacao-pacifica\/#breadcrumb"},"inLanguage":"pt-BR","potentialAction":[{"@type":"ReadAction","target":["https:\/\/ubanews.com\/site\/2025\/09\/26\/debate-e-manifestacao-pacifica\/"]}]},{"@type":"ImageObject","inLanguage":"pt-BR","@id":"https:\/\/ubanews.com\/site\/2025\/09\/26\/debate-e-manifestacao-pacifica\/#primaryimage","url":"https:\/\/ubanews.com\/site\/wp-content\/uploads\/2025\/09\/Fala-Sodre-UbaNews.jpg","contentUrl":"https:\/\/ubanews.com\/site\/wp-content\/uploads\/2025\/09\/Fala-Sodre-UbaNews.jpg","width":1353,"height":725,"caption":"Fala Sodr\u00e9 - Manifesta\u00e7\u00e3o Pac\u00edfica"},{"@type":"BreadcrumbList","@id":"https:\/\/ubanews.com\/site\/2025\/09\/26\/debate-e-manifestacao-pacifica\/#breadcrumb","itemListElement":[{"@type":"ListItem","position":1,"name":"Home","item":"https:\/\/ubanews.com\/site\/"},{"@type":"ListItem","position":2,"name":"Debate e manifesta\u00e7\u00e3o pac\u00edfica"}]},{"@type":"WebSite","@id":"https:\/\/ubanews.com\/site\/#website","url":"https:\/\/ubanews.com\/site\/","name":"Ub\u00e1 News","description":"","publisher":{"@id":"https:\/\/ubanews.com\/site\/#organization"},"potentialAction":[{"@type":"SearchAction","target":{"@type":"EntryPoint","urlTemplate":"https:\/\/ubanews.com\/site\/?s={search_term_string}"},"query-input":{"@type":"PropertyValueSpecification","valueRequired":true,"valueName":"search_term_string"}}],"inLanguage":"pt-BR"},{"@type":"Organization","@id":"https:\/\/ubanews.com\/site\/#organization","name":"Ub\u00e1 News","url":"https:\/\/ubanews.com\/site\/","logo":{"@type":"ImageObject","inLanguage":"pt-BR","@id":"https:\/\/ubanews.com\/site\/#\/schema\/logo\/image\/","url":"https:\/\/ubanews.com\/site\/wp-content\/uploads\/2018\/01\/logoubanews.png","contentUrl":"https:\/\/ubanews.com\/site\/wp-content\/uploads\/2018\/01\/logoubanews.png","width":261,"height":99,"caption":"Ub\u00e1 News"},"image":{"@id":"https:\/\/ubanews.com\/site\/#\/schema\/logo\/image\/"},"sameAs":["https:\/\/www.facebook.com\/Ub\u00e1News-Carlos-Roberto-Sodr\u00e9-418778301977370"]},{"@type":"Person","@id":"https:\/\/ubanews.com\/site\/#\/schema\/person\/9d8da9ec3c8d00640ab6e8c81e103310","name":"Carlos Roberto Sodr\u00e9","image":{"@type":"ImageObject","inLanguage":"pt-BR","@id":"https:\/\/secure.gravatar.com\/avatar\/aab322e8555b56c468614fafdab8a8f924e394cdc6cfd8232f77e9e4d123a133?s=96&d=mm&r=g","url":"https:\/\/secure.gravatar.com\/avatar\/aab322e8555b56c468614fafdab8a8f924e394cdc6cfd8232f77e9e4d123a133?s=96&d=mm&r=g","contentUrl":"https:\/\/secure.gravatar.com\/avatar\/aab322e8555b56c468614fafdab8a8f924e394cdc6cfd8232f77e9e4d123a133?s=96&d=mm&r=g","caption":"Carlos Roberto Sodr\u00e9"},"url":"https:\/\/ubanews.com\/site\/author\/sodre\/"}]}},"_links":{"self":[{"href":"https:\/\/ubanews.com\/site\/wp-json\/wp\/v2\/posts\/23007","targetHints":{"allow":["GET"]}}],"collection":[{"href":"https:\/\/ubanews.com\/site\/wp-json\/wp\/v2\/posts"}],"about":[{"href":"https:\/\/ubanews.com\/site\/wp-json\/wp\/v2\/types\/post"}],"author":[{"embeddable":true,"href":"https:\/\/ubanews.com\/site\/wp-json\/wp\/v2\/users\/4"}],"replies":[{"embeddable":true,"href":"https:\/\/ubanews.com\/site\/wp-json\/wp\/v2\/comments?post=23007"}],"version-history":[{"count":0,"href":"https:\/\/ubanews.com\/site\/wp-json\/wp\/v2\/posts\/23007\/revisions"}],"wp:featuredmedia":[{"embeddable":true,"href":"https:\/\/ubanews.com\/site\/wp-json\/wp\/v2\/media\/23008"}],"wp:attachment":[{"href":"https:\/\/ubanews.com\/site\/wp-json\/wp\/v2\/media?parent=23007"}],"wp:term":[{"taxonomy":"category","embeddable":true,"href":"https:\/\/ubanews.com\/site\/wp-json\/wp\/v2\/categories?post=23007"},{"taxonomy":"post_tag","embeddable":true,"href":"https:\/\/ubanews.com\/site\/wp-json\/wp\/v2\/tags?post=23007"}],"curies":[{"name":"wp","href":"https:\/\/api.w.org\/{rel}","templated":true}]}}