{"id":22998,"date":"2025-09-25T11:27:11","date_gmt":"2025-09-25T14:27:11","guid":{"rendered":"https:\/\/ubanews.com\/site\/?p=22998"},"modified":"2025-09-25T11:27:11","modified_gmt":"2025-09-25T14:27:11","slug":"pcmg-localiza-em-juiz-de-fora-maquinas-furtadas-na-grande-sao-paulo","status":"publish","type":"post","link":"https:\/\/ubanews.com\/site\/2025\/09\/25\/pcmg-localiza-em-juiz-de-fora-maquinas-furtadas-na-grande-sao-paulo\/","title":{"rendered":"PCMG localiza em Juiz de Fora m\u00e1quinas furtadas na Grande S\u00e3o Paulo"},"content":{"rendered":"<p>PCMG localiza em Juiz de Fora m\u00e1quinas furtadas na Grande S\u00e3o Paulo<br \/>\nEquipamentos avaliados em R$ 280 mil ser\u00e3o restitu\u00eddos \u00e0s v\u00edtimas, de Mogi das Cruzes (SP).<\/p>\n<p>Em Juiz de Fora, na Zona da Mata, a Pol\u00edcia Civil de Minas Gerais (PCMG) localizou, nessa ter\u00e7a-feira (23\/9), duas m\u00e1quinas compactadoras de solo furtadas no munic\u00edpio de Mogi das Cruzes, na Grande S\u00e3o Paulo. Os equipamentos, avaliados em aproximadamente R$ 140 mil cada, foram encontrados em uma empresa no bairro Floresta e ser\u00e3o restitu\u00eddos \u00e0s v\u00edtimas.<\/p>\n<p>PCMG localiza em Juiz de Fora m\u00e1quinas furtadas na Grande S\u00e3o Paulo<\/p>\n<p><img decoding=\"async\" class=\"aligncenter size-medium wp-image-22999 lazyload\" data-src=\"https:\/\/ubanews.com\/site\/wp-content\/uploads\/2025\/09\/Fala-Sodre-Policia-Militar-300x236.jpeg\" alt=\"Fala Sodr\u00e9 - Pol\u00edcia Civil \" width=\"300\" height=\"236\" data-srcset=\"https:\/\/ubanews.com\/site\/wp-content\/uploads\/2025\/09\/Fala-Sodre-Policia-Militar-300x236.jpeg 300w, https:\/\/ubanews.com\/site\/wp-content\/uploads\/2025\/09\/Fala-Sodre-Policia-Militar-768x605.jpeg 768w, https:\/\/ubanews.com\/site\/wp-content\/uploads\/2025\/09\/Fala-Sodre-Policia-Militar.jpeg 800w\" data-sizes=\"(max-width: 300px) 100vw, 300px\" src=\"data:image\/svg+xml;base64,PHN2ZyB3aWR0aD0iMSIgaGVpZ2h0PSIxIiB4bWxucz0iaHR0cDovL3d3dy53My5vcmcvMjAwMC9zdmciPjwvc3ZnPg==\" style=\"--smush-placeholder-width: 300px; --smush-placeholder-aspect-ratio: 300\/236;\" \/><\/p>\n<p>As investiga\u00e7\u00f5es foram conduzidas pela 3\u00aa Delegacia de Pol\u00edcia Civil em Juiz de Fora, ap\u00f3s informa\u00e7\u00f5es repassadas \u00e0 equipe sobre a poss\u00edvel presen\u00e7a das m\u00e1quinas na cidade. Com base em levantamentos de intelig\u00eancia, os policiais chegaram ao endere\u00e7o, onde identificaram os equipamentos por meio dos n\u00fameros de s\u00e9rie e chassi.<\/p>\n<p>Segundo apurado, as m\u00e1quinas foram vendidas por R$ 65 mil cada a um empres\u00e1rio de Juiz de Fora, que alegou ter adquirido o maquin\u00e1rio de boa-f\u00e9. Ele foi ouvido na condi\u00e7\u00e3o de testemunha.<\/p>\n<p>&#8220;A coopera\u00e7\u00e3o entre investiga\u00e7\u00f5es de diferentes estados refor\u00e7a a capacidade da Pol\u00edcia Civil de enfrentar o crime em territ\u00f3rio mineiro, garantindo a recupera\u00e7\u00e3o de bens e a responsabiliza\u00e7\u00e3o dos envolvidos&#8221;, destaca o delegado Daniel Buchmuller.<\/p>\n<p>As investiga\u00e7\u00f5es prosseguem para identificar e localizar os respons\u00e1veis pelo crime. Os equipamentos ser\u00e3o encaminhados \u00e0s v\u00edtimas em Mogi\u00a0das\u00a0Cruzes.<\/p>\n<p>&nbsp;<\/p>\n","protected":false},"excerpt":{"rendered":"<p>PCMG localiza em Juiz de Fora m\u00e1quinas furtadas na Grande<\/p>\n","protected":false},"author":4,"featured_media":0,"comment_status":"open","ping_status":"open","sticky":false,"template":"","format":"standard","meta":{"footnotes":""},"categories":[1],"tags":[59,90,107,60],"class_list":["post-22998","post","type-post","status-publish","format-standard","hentry","category-sem-categoria","tag-fala-sodre","tag-pcmg","tag-policia-civil","tag-ubanews"],"yoast_head":"<!-- This site is optimized with the Yoast SEO plugin v27.2 - https:\/\/yoast.com\/product\/yoast-seo-wordpress\/ -->\n<title>PCMG localiza em Juiz de Fora m\u00e1quinas furtadas na Grande S\u00e3o Paulo - Ub\u00e1 News<\/title>\n<meta name=\"description\" content=\"PCMG localiza em Juiz de Fora m\u00e1quinas furtadas na Grande S\u00e3o Paulo\" \/>\n<meta name=\"robots\" content=\"index, follow, max-snippet:-1, max-image-preview:large, max-video-preview:-1\" \/>\n<link rel=\"canonical\" href=\"https:\/\/ubanews.com\/site\/2025\/09\/25\/pcmg-localiza-em-juiz-de-fora-maquinas-furtadas-na-grande-sao-paulo\/\" \/>\n<meta property=\"og:locale\" content=\"pt_BR\" \/>\n<meta property=\"og:type\" content=\"article\" \/>\n<meta property=\"og:title\" content=\"PCMG localiza em Juiz de Fora m\u00e1quinas furtadas na Grande S\u00e3o Paulo - Ub\u00e1 News\" \/>\n<meta property=\"og:description\" content=\"PCMG localiza em Juiz de Fora m\u00e1quinas furtadas na Grande S\u00e3o Paulo\" \/>\n<meta property=\"og:url\" content=\"https:\/\/ubanews.com\/site\/2025\/09\/25\/pcmg-localiza-em-juiz-de-fora-maquinas-furtadas-na-grande-sao-paulo\/\" \/>\n<meta property=\"og:site_name\" content=\"Ub\u00e1 News\" \/>\n<meta property=\"article:publisher\" content=\"https:\/\/www.facebook.com\/Ub%c3%a1News-Carlos-Roberto-Sodr%c3%a9-418778301977370\" \/>\n<meta property=\"article:published_time\" content=\"2025-09-25T14:27:11+00:00\" \/>\n<meta property=\"og:image\" content=\"http:\/\/ubanews.com\/site\/wp-content\/uploads\/2025\/09\/Fala-Sodre-Policia-Militar-300x236.jpeg\" \/>\n<meta name=\"author\" content=\"Carlos Roberto Sodr\u00e9\" \/>\n<meta name=\"twitter:card\" content=\"summary_large_image\" \/>\n<meta name=\"twitter:label1\" content=\"Escrito por\" \/>\n\t<meta name=\"twitter:data1\" content=\"Carlos Roberto Sodr\u00e9\" \/>\n\t<meta name=\"twitter:label2\" content=\"Est. tempo de leitura\" \/>\n\t<meta name=\"twitter:data2\" content=\"2 minutos\" \/>\n<script type=\"application\/ld+json\" class=\"yoast-schema-graph\">{\"@context\":\"https:\/\/schema.org\",\"@graph\":[{\"@type\":\"Article\",\"@id\":\"https:\/\/ubanews.com\/site\/2025\/09\/25\/pcmg-localiza-em-juiz-de-fora-maquinas-furtadas-na-grande-sao-paulo\/#article\",\"isPartOf\":{\"@id\":\"https:\/\/ubanews.com\/site\/2025\/09\/25\/pcmg-localiza-em-juiz-de-fora-maquinas-furtadas-na-grande-sao-paulo\/\"},\"author\":{\"name\":\"Carlos Roberto Sodr\u00e9\",\"@id\":\"https:\/\/ubanews.com\/site\/#\/schema\/person\/9d8da9ec3c8d00640ab6e8c81e103310\"},\"headline\":\"PCMG localiza em Juiz de Fora m\u00e1quinas furtadas na Grande S\u00e3o Paulo\",\"datePublished\":\"2025-09-25T14:27:11+00:00\",\"mainEntityOfPage\":{\"@id\":\"https:\/\/ubanews.com\/site\/2025\/09\/25\/pcmg-localiza-em-juiz-de-fora-maquinas-furtadas-na-grande-sao-paulo\/\"},\"wordCount\":285,\"commentCount\":0,\"publisher\":{\"@id\":\"https:\/\/ubanews.com\/site\/#organization\"},\"image\":{\"@id\":\"https:\/\/ubanews.com\/site\/2025\/09\/25\/pcmg-localiza-em-juiz-de-fora-maquinas-furtadas-na-grande-sao-paulo\/#primaryimage\"},\"thumbnailUrl\":\"http:\/\/ubanews.com\/site\/wp-content\/uploads\/2025\/09\/Fala-Sodre-Policia-Militar-300x236.jpeg\",\"keywords\":[\"Fala Sodr\u00e9\",\"PCMG\",\"Pol\u00edcia Civil\",\"UBANEWS\"],\"articleSection\":[\"Geral\"],\"inLanguage\":\"pt-BR\",\"potentialAction\":[{\"@type\":\"CommentAction\",\"name\":\"Comment\",\"target\":[\"https:\/\/ubanews.com\/site\/2025\/09\/25\/pcmg-localiza-em-juiz-de-fora-maquinas-furtadas-na-grande-sao-paulo\/#respond\"]}]},{\"@type\":\"WebPage\",\"@id\":\"https:\/\/ubanews.com\/site\/2025\/09\/25\/pcmg-localiza-em-juiz-de-fora-maquinas-furtadas-na-grande-sao-paulo\/\",\"url\":\"https:\/\/ubanews.com\/site\/2025\/09\/25\/pcmg-localiza-em-juiz-de-fora-maquinas-furtadas-na-grande-sao-paulo\/\",\"name\":\"PCMG localiza em Juiz de Fora m\u00e1quinas furtadas na Grande S\u00e3o Paulo - Ub\u00e1 News\",\"isPartOf\":{\"@id\":\"https:\/\/ubanews.com\/site\/#website\"},\"primaryImageOfPage\":{\"@id\":\"https:\/\/ubanews.com\/site\/2025\/09\/25\/pcmg-localiza-em-juiz-de-fora-maquinas-furtadas-na-grande-sao-paulo\/#primaryimage\"},\"image\":{\"@id\":\"https:\/\/ubanews.com\/site\/2025\/09\/25\/pcmg-localiza-em-juiz-de-fora-maquinas-furtadas-na-grande-sao-paulo\/#primaryimage\"},\"thumbnailUrl\":\"http:\/\/ubanews.com\/site\/wp-content\/uploads\/2025\/09\/Fala-Sodre-Policia-Militar-300x236.jpeg\",\"datePublished\":\"2025-09-25T14:27:11+00:00\",\"description\":\"PCMG localiza em Juiz de Fora m\u00e1quinas furtadas na Grande S\u00e3o Paulo\",\"breadcrumb\":{\"@id\":\"https:\/\/ubanews.com\/site\/2025\/09\/25\/pcmg-localiza-em-juiz-de-fora-maquinas-furtadas-na-grande-sao-paulo\/#breadcrumb\"},\"inLanguage\":\"pt-BR\",\"potentialAction\":[{\"@type\":\"ReadAction\",\"target\":[\"https:\/\/ubanews.com\/site\/2025\/09\/25\/pcmg-localiza-em-juiz-de-fora-maquinas-furtadas-na-grande-sao-paulo\/\"]}]},{\"@type\":\"ImageObject\",\"inLanguage\":\"pt-BR\",\"@id\":\"https:\/\/ubanews.com\/site\/2025\/09\/25\/pcmg-localiza-em-juiz-de-fora-maquinas-furtadas-na-grande-sao-paulo\/#primaryimage\",\"url\":\"https:\/\/ubanews.com\/site\/wp-content\/uploads\/2025\/09\/Fala-Sodre-Policia-Militar.jpeg\",\"contentUrl\":\"https:\/\/ubanews.com\/site\/wp-content\/uploads\/2025\/09\/Fala-Sodre-Policia-Militar.jpeg\",\"width\":800,\"height\":630,\"caption\":\"Fala Sodr\u00e9 - Pol\u00edcia Civil\"},{\"@type\":\"BreadcrumbList\",\"@id\":\"https:\/\/ubanews.com\/site\/2025\/09\/25\/pcmg-localiza-em-juiz-de-fora-maquinas-furtadas-na-grande-sao-paulo\/#breadcrumb\",\"itemListElement\":[{\"@type\":\"ListItem\",\"position\":1,\"name\":\"Home\",\"item\":\"https:\/\/ubanews.com\/site\/\"},{\"@type\":\"ListItem\",\"position\":2,\"name\":\"PCMG localiza em Juiz de Fora m\u00e1quinas furtadas na Grande S\u00e3o Paulo\"}]},{\"@type\":\"WebSite\",\"@id\":\"https:\/\/ubanews.com\/site\/#website\",\"url\":\"https:\/\/ubanews.com\/site\/\",\"name\":\"Ub\u00e1 News\",\"description\":\"\",\"publisher\":{\"@id\":\"https:\/\/ubanews.com\/site\/#organization\"},\"potentialAction\":[{\"@type\":\"SearchAction\",\"target\":{\"@type\":\"EntryPoint\",\"urlTemplate\":\"https:\/\/ubanews.com\/site\/?s={search_term_string}\"},\"query-input\":{\"@type\":\"PropertyValueSpecification\",\"valueRequired\":true,\"valueName\":\"search_term_string\"}}],\"inLanguage\":\"pt-BR\"},{\"@type\":\"Organization\",\"@id\":\"https:\/\/ubanews.com\/site\/#organization\",\"name\":\"Ub\u00e1 News\",\"url\":\"https:\/\/ubanews.com\/site\/\",\"logo\":{\"@type\":\"ImageObject\",\"inLanguage\":\"pt-BR\",\"@id\":\"https:\/\/ubanews.com\/site\/#\/schema\/logo\/image\/\",\"url\":\"https:\/\/ubanews.com\/site\/wp-content\/uploads\/2018\/01\/logoubanews.png\",\"contentUrl\":\"https:\/\/ubanews.com\/site\/wp-content\/uploads\/2018\/01\/logoubanews.png\",\"width\":261,\"height\":99,\"caption\":\"Ub\u00e1 News\"},\"image\":{\"@id\":\"https:\/\/ubanews.com\/site\/#\/schema\/logo\/image\/\"},\"sameAs\":[\"https:\/\/www.facebook.com\/Ub\u00e1News-Carlos-Roberto-Sodr\u00e9-418778301977370\"]},{\"@type\":\"Person\",\"@id\":\"https:\/\/ubanews.com\/site\/#\/schema\/person\/9d8da9ec3c8d00640ab6e8c81e103310\",\"name\":\"Carlos Roberto Sodr\u00e9\",\"image\":{\"@type\":\"ImageObject\",\"inLanguage\":\"pt-BR\",\"@id\":\"https:\/\/secure.gravatar.com\/avatar\/aab322e8555b56c468614fafdab8a8f924e394cdc6cfd8232f77e9e4d123a133?s=96&d=mm&r=g\",\"url\":\"https:\/\/secure.gravatar.com\/avatar\/aab322e8555b56c468614fafdab8a8f924e394cdc6cfd8232f77e9e4d123a133?s=96&d=mm&r=g\",\"contentUrl\":\"https:\/\/secure.gravatar.com\/avatar\/aab322e8555b56c468614fafdab8a8f924e394cdc6cfd8232f77e9e4d123a133?s=96&d=mm&r=g\",\"caption\":\"Carlos Roberto Sodr\u00e9\"},\"url\":\"https:\/\/ubanews.com\/site\/author\/sodre\/\"}]}<\/script>\n<!-- \/ Yoast SEO plugin. -->","yoast_head_json":{"title":"PCMG localiza em Juiz de Fora m\u00e1quinas furtadas na Grande S\u00e3o Paulo - Ub\u00e1 News","description":"PCMG localiza em Juiz de Fora m\u00e1quinas furtadas na Grande S\u00e3o Paulo","robots":{"index":"index","follow":"follow","max-snippet":"max-snippet:-1","max-image-preview":"max-image-preview:large","max-video-preview":"max-video-preview:-1"},"canonical":"https:\/\/ubanews.com\/site\/2025\/09\/25\/pcmg-localiza-em-juiz-de-fora-maquinas-furtadas-na-grande-sao-paulo\/","og_locale":"pt_BR","og_type":"article","og_title":"PCMG localiza em Juiz de Fora m\u00e1quinas furtadas na Grande S\u00e3o Paulo - Ub\u00e1 News","og_description":"PCMG localiza em Juiz de Fora m\u00e1quinas furtadas na Grande S\u00e3o Paulo","og_url":"https:\/\/ubanews.com\/site\/2025\/09\/25\/pcmg-localiza-em-juiz-de-fora-maquinas-furtadas-na-grande-sao-paulo\/","og_site_name":"Ub\u00e1 News","article_publisher":"https:\/\/www.facebook.com\/Ub%c3%a1News-Carlos-Roberto-Sodr%c3%a9-418778301977370","article_published_time":"2025-09-25T14:27:11+00:00","og_image":[{"url":"http:\/\/ubanews.com\/site\/wp-content\/uploads\/2025\/09\/Fala-Sodre-Policia-Militar-300x236.jpeg","type":"","width":"","height":""}],"author":"Carlos Roberto Sodr\u00e9","twitter_card":"summary_large_image","twitter_misc":{"Escrito por":"Carlos Roberto Sodr\u00e9","Est. tempo de leitura":"2 minutos"},"schema":{"@context":"https:\/\/schema.org","@graph":[{"@type":"Article","@id":"https:\/\/ubanews.com\/site\/2025\/09\/25\/pcmg-localiza-em-juiz-de-fora-maquinas-furtadas-na-grande-sao-paulo\/#article","isPartOf":{"@id":"https:\/\/ubanews.com\/site\/2025\/09\/25\/pcmg-localiza-em-juiz-de-fora-maquinas-furtadas-na-grande-sao-paulo\/"},"author":{"name":"Carlos Roberto Sodr\u00e9","@id":"https:\/\/ubanews.com\/site\/#\/schema\/person\/9d8da9ec3c8d00640ab6e8c81e103310"},"headline":"PCMG localiza em Juiz de Fora m\u00e1quinas furtadas na Grande S\u00e3o Paulo","datePublished":"2025-09-25T14:27:11+00:00","mainEntityOfPage":{"@id":"https:\/\/ubanews.com\/site\/2025\/09\/25\/pcmg-localiza-em-juiz-de-fora-maquinas-furtadas-na-grande-sao-paulo\/"},"wordCount":285,"commentCount":0,"publisher":{"@id":"https:\/\/ubanews.com\/site\/#organization"},"image":{"@id":"https:\/\/ubanews.com\/site\/2025\/09\/25\/pcmg-localiza-em-juiz-de-fora-maquinas-furtadas-na-grande-sao-paulo\/#primaryimage"},"thumbnailUrl":"http:\/\/ubanews.com\/site\/wp-content\/uploads\/2025\/09\/Fala-Sodre-Policia-Militar-300x236.jpeg","keywords":["Fala Sodr\u00e9","PCMG","Pol\u00edcia Civil","UBANEWS"],"articleSection":["Geral"],"inLanguage":"pt-BR","potentialAction":[{"@type":"CommentAction","name":"Comment","target":["https:\/\/ubanews.com\/site\/2025\/09\/25\/pcmg-localiza-em-juiz-de-fora-maquinas-furtadas-na-grande-sao-paulo\/#respond"]}]},{"@type":"WebPage","@id":"https:\/\/ubanews.com\/site\/2025\/09\/25\/pcmg-localiza-em-juiz-de-fora-maquinas-furtadas-na-grande-sao-paulo\/","url":"https:\/\/ubanews.com\/site\/2025\/09\/25\/pcmg-localiza-em-juiz-de-fora-maquinas-furtadas-na-grande-sao-paulo\/","name":"PCMG localiza em Juiz de Fora m\u00e1quinas furtadas na Grande S\u00e3o Paulo - Ub\u00e1 News","isPartOf":{"@id":"https:\/\/ubanews.com\/site\/#website"},"primaryImageOfPage":{"@id":"https:\/\/ubanews.com\/site\/2025\/09\/25\/pcmg-localiza-em-juiz-de-fora-maquinas-furtadas-na-grande-sao-paulo\/#primaryimage"},"image":{"@id":"https:\/\/ubanews.com\/site\/2025\/09\/25\/pcmg-localiza-em-juiz-de-fora-maquinas-furtadas-na-grande-sao-paulo\/#primaryimage"},"thumbnailUrl":"http:\/\/ubanews.com\/site\/wp-content\/uploads\/2025\/09\/Fala-Sodre-Policia-Militar-300x236.jpeg","datePublished":"2025-09-25T14:27:11+00:00","description":"PCMG localiza em Juiz de Fora m\u00e1quinas furtadas na Grande S\u00e3o Paulo","breadcrumb":{"@id":"https:\/\/ubanews.com\/site\/2025\/09\/25\/pcmg-localiza-em-juiz-de-fora-maquinas-furtadas-na-grande-sao-paulo\/#breadcrumb"},"inLanguage":"pt-BR","potentialAction":[{"@type":"ReadAction","target":["https:\/\/ubanews.com\/site\/2025\/09\/25\/pcmg-localiza-em-juiz-de-fora-maquinas-furtadas-na-grande-sao-paulo\/"]}]},{"@type":"ImageObject","inLanguage":"pt-BR","@id":"https:\/\/ubanews.com\/site\/2025\/09\/25\/pcmg-localiza-em-juiz-de-fora-maquinas-furtadas-na-grande-sao-paulo\/#primaryimage","url":"https:\/\/ubanews.com\/site\/wp-content\/uploads\/2025\/09\/Fala-Sodre-Policia-Militar.jpeg","contentUrl":"https:\/\/ubanews.com\/site\/wp-content\/uploads\/2025\/09\/Fala-Sodre-Policia-Militar.jpeg","width":800,"height":630,"caption":"Fala Sodr\u00e9 - Pol\u00edcia Civil"},{"@type":"BreadcrumbList","@id":"https:\/\/ubanews.com\/site\/2025\/09\/25\/pcmg-localiza-em-juiz-de-fora-maquinas-furtadas-na-grande-sao-paulo\/#breadcrumb","itemListElement":[{"@type":"ListItem","position":1,"name":"Home","item":"https:\/\/ubanews.com\/site\/"},{"@type":"ListItem","position":2,"name":"PCMG localiza em Juiz de Fora m\u00e1quinas furtadas na Grande S\u00e3o Paulo"}]},{"@type":"WebSite","@id":"https:\/\/ubanews.com\/site\/#website","url":"https:\/\/ubanews.com\/site\/","name":"Ub\u00e1 News","description":"","publisher":{"@id":"https:\/\/ubanews.com\/site\/#organization"},"potentialAction":[{"@type":"SearchAction","target":{"@type":"EntryPoint","urlTemplate":"https:\/\/ubanews.com\/site\/?s={search_term_string}"},"query-input":{"@type":"PropertyValueSpecification","valueRequired":true,"valueName":"search_term_string"}}],"inLanguage":"pt-BR"},{"@type":"Organization","@id":"https:\/\/ubanews.com\/site\/#organization","name":"Ub\u00e1 News","url":"https:\/\/ubanews.com\/site\/","logo":{"@type":"ImageObject","inLanguage":"pt-BR","@id":"https:\/\/ubanews.com\/site\/#\/schema\/logo\/image\/","url":"https:\/\/ubanews.com\/site\/wp-content\/uploads\/2018\/01\/logoubanews.png","contentUrl":"https:\/\/ubanews.com\/site\/wp-content\/uploads\/2018\/01\/logoubanews.png","width":261,"height":99,"caption":"Ub\u00e1 News"},"image":{"@id":"https:\/\/ubanews.com\/site\/#\/schema\/logo\/image\/"},"sameAs":["https:\/\/www.facebook.com\/Ub\u00e1News-Carlos-Roberto-Sodr\u00e9-418778301977370"]},{"@type":"Person","@id":"https:\/\/ubanews.com\/site\/#\/schema\/person\/9d8da9ec3c8d00640ab6e8c81e103310","name":"Carlos Roberto Sodr\u00e9","image":{"@type":"ImageObject","inLanguage":"pt-BR","@id":"https:\/\/secure.gravatar.com\/avatar\/aab322e8555b56c468614fafdab8a8f924e394cdc6cfd8232f77e9e4d123a133?s=96&d=mm&r=g","url":"https:\/\/secure.gravatar.com\/avatar\/aab322e8555b56c468614fafdab8a8f924e394cdc6cfd8232f77e9e4d123a133?s=96&d=mm&r=g","contentUrl":"https:\/\/secure.gravatar.com\/avatar\/aab322e8555b56c468614fafdab8a8f924e394cdc6cfd8232f77e9e4d123a133?s=96&d=mm&r=g","caption":"Carlos Roberto Sodr\u00e9"},"url":"https:\/\/ubanews.com\/site\/author\/sodre\/"}]}},"_links":{"self":[{"href":"https:\/\/ubanews.com\/site\/wp-json\/wp\/v2\/posts\/22998","targetHints":{"allow":["GET"]}}],"collection":[{"href":"https:\/\/ubanews.com\/site\/wp-json\/wp\/v2\/posts"}],"about":[{"href":"https:\/\/ubanews.com\/site\/wp-json\/wp\/v2\/types\/post"}],"author":[{"embeddable":true,"href":"https:\/\/ubanews.com\/site\/wp-json\/wp\/v2\/users\/4"}],"replies":[{"embeddable":true,"href":"https:\/\/ubanews.com\/site\/wp-json\/wp\/v2\/comments?post=22998"}],"version-history":[{"count":0,"href":"https:\/\/ubanews.com\/site\/wp-json\/wp\/v2\/posts\/22998\/revisions"}],"wp:attachment":[{"href":"https:\/\/ubanews.com\/site\/wp-json\/wp\/v2\/media?parent=22998"}],"wp:term":[{"taxonomy":"category","embeddable":true,"href":"https:\/\/ubanews.com\/site\/wp-json\/wp\/v2\/categories?post=22998"},{"taxonomy":"post_tag","embeddable":true,"href":"https:\/\/ubanews.com\/site\/wp-json\/wp\/v2\/tags?post=22998"}],"curies":[{"name":"wp","href":"https:\/\/api.w.org\/{rel}","templated":true}]}}