{"id":22995,"date":"2025-09-25T10:45:06","date_gmt":"2025-09-25T13:45:06","guid":{"rendered":"https:\/\/ubanews.com\/site\/?p=22995"},"modified":"2025-09-26T10:33:42","modified_gmt":"2025-09-26T13:33:42","slug":"escuta-ativa-e-setembro-amarelo-em-uba","status":"publish","type":"post","link":"https:\/\/ubanews.com\/site\/2025\/09\/25\/escuta-ativa-e-setembro-amarelo-em-uba\/","title":{"rendered":"Escuta Ativa e Setembro Amarelo em Ub\u00e1"},"content":{"rendered":"<p data-start=\"218\" data-end=\"302\">Escuta Ativa e Setembro Amarelo em Ub\u00e1: Tecnologia e Valoriza\u00e7\u00e3o da Vida em Debate.\u00a0O programa Fala Sodr\u00e9 trouxe dois temas de grande relev\u00e2ncia para a comunidade ubaense. O primeiro destacou a <a href=\"https:\/\/app.somosivy.com.br\/chat?origin_tag=indicca-nomeempresa\" target=\"_blank\" rel=\"noopener\"><strong data-start=\"414\" data-end=\"430\">Escuta Ativa<\/strong><\/a>, apresentada por Gustavo Alberti, da <a href=\"https:\/\/app.somosivy.com.br\/chat?origin_tag=indicca-nomeempresa\" target=\"_blank\" rel=\"noopener\"><strong data-start=\"468\" data-end=\"480\">SomosIVY<\/strong><\/a>, empresa de Caxias do Sul que agora chega a Minas Gerais por meio de parceria com a <a href=\"https:\/\/indicca.com.br\/blog\/\" target=\"_blank\" rel=\"noopener\"><strong data-start=\"565\" data-end=\"580\">INDICCA.COM<\/strong><\/a>.<\/p>\n<h2 data-start=\"218\" data-end=\"302\">Escuta Ativa e Setembro Amarelo em Ub\u00e1: Tecnologia e Valoriza\u00e7\u00e3o da Vida em Debate.<\/h2>\n<p><a href=\"https:\/\/www.youtube.com\/live\/D3M554hnrVA?si=0AeRTdqXcitwkvr_\" target=\"_blank\" rel=\"noopener\"><img decoding=\"async\" class=\"aligncenter size-medium wp-image-22996 lazyload\" data-src=\"https:\/\/ubanews.com\/site\/wp-content\/uploads\/2025\/09\/Fala-Sodre-Pedro-Henriques--300x155.jpg\" alt=\"Fala Sodr\u00e9 \" width=\"300\" height=\"155\" data-srcset=\"https:\/\/ubanews.com\/site\/wp-content\/uploads\/2025\/09\/Fala-Sodre-Pedro-Henriques--300x155.jpg 300w, https:\/\/ubanews.com\/site\/wp-content\/uploads\/2025\/09\/Fala-Sodre-Pedro-Henriques--768x396.jpg 768w, https:\/\/ubanews.com\/site\/wp-content\/uploads\/2025\/09\/Fala-Sodre-Pedro-Henriques-.jpg 1007w\" data-sizes=\"(max-width: 300px) 100vw, 300px\" src=\"data:image\/svg+xml;base64,PHN2ZyB3aWR0aD0iMSIgaGVpZ2h0PSIxIiB4bWxucz0iaHR0cDovL3d3dy53My5vcmcvMjAwMC9zdmciPjwvc3ZnPg==\" style=\"--smush-placeholder-width: 300px; --smush-placeholder-aspect-ratio: 300\/155;\" \/><\/a><\/p>\n<p data-start=\"585\" data-end=\"794\">Na segunda parte, o destaque foi a <strong data-start=\"620\" data-end=\"661\">mesa redonda sobre o Setembro Amarelo<\/strong>, realizada no Rotary Club de Ub\u00e1 Ary Barroso. O encontro refor\u00e7ou a import\u00e2ncia da preven\u00e7\u00e3o ao suic\u00eddio e da valoriza\u00e7\u00e3o da vida.<\/p>\n<h2 data-start=\"796\" data-end=\"837\">Escuta Ativa: Tecnologia e Humaniza\u00e7\u00e3o<\/h2>\n<p data-start=\"839\" data-end=\"1048\">A Escuta Ativa \u00e9 uma ferramenta que une tecnologia e empatia. A plataforma da SomosIVY oferece um espa\u00e7o seguro e an\u00f4nimo para que as pessoas possam se expressar, conversar e refletir sobre seus sentimentos.<\/p>\n<p data-start=\"1050\" data-end=\"1352\">A proposta n\u00e3o substitui a atua\u00e7\u00e3o de profissionais de sa\u00fade, mas serve como <strong data-start=\"1127\" data-end=\"1151\">primeiro acolhimento<\/strong>. A intelig\u00eancia artificial reconhece sinais emocionais e direciona para caminhos de apoio, ajudando tanto <strong data-start=\"1258\" data-end=\"1272\">indiv\u00edduos<\/strong> quanto <strong data-start=\"1280\" data-end=\"1292\">empresas<\/strong> a compreenderem melhor o ambiente em que est\u00e3o inseridos.<\/p>\n<p data-start=\"1354\" data-end=\"1622\">Segundo Gustavo Alberti, o objetivo \u00e9 promover di\u00e1logos mais humanos, reduzir sil\u00eancios nocivos e abrir espa\u00e7o para que cada pessoa se sinta ouvida. A parceria com a INDICCA.COM traz essa inova\u00e7\u00e3o para Minas Gerais, fortalecendo o cuidado com pessoas e organiza\u00e7\u00f5es.<\/p>\n<h2 data-start=\"1624\" data-end=\"1664\">Setembro Amarelo: Valoriza\u00e7\u00e3o da Vida<\/h2>\n<p data-start=\"1666\" data-end=\"1949\">Em seguida, o programa acompanhou a <strong data-start=\"1702\" data-end=\"1738\">mesa redonda do Setembro Amarelo<\/strong>, realizada no Rotary Ub\u00e1 Ary Barroso. O evento foi moderado pela m\u00e9dica <strong data-start=\"1811\" data-end=\"1832\">Graciele Apar\u00edcio<\/strong> e contou com profissionais e convidados que compartilharam suas experi\u00eancias e vis\u00f5es sobre a valoriza\u00e7\u00e3o da vida.<\/p>\n<p data-start=\"1951\" data-end=\"1986\">Entre os participantes estiveram:<\/p>\n<ul data-start=\"1987\" data-end=\"2439\">\n<li data-start=\"1987\" data-end=\"2076\">\n<p data-start=\"1989\" data-end=\"2076\"><a href=\"https:\/\/www.instagram.com\/migliorinilinamara\/\" target=\"_blank\" rel=\"noopener\"><strong data-start=\"1989\" data-end=\"2013\">Lina Mara Migliorini<\/strong><\/a>, advogada e terapeuta integrativa, especialista em mulheres.<\/p>\n<\/li>\n<li data-start=\"2077\" data-end=\"2138\">\n<p data-start=\"2079\" data-end=\"2138\"><strong data-start=\"2079\" data-end=\"2114\">Thais Oliveira Bomfim Rosignoli<\/strong>, psic\u00f3loga sist\u00eamica.<\/p>\n<\/li>\n<li data-start=\"2139\" data-end=\"2201\">\n<p data-start=\"2141\" data-end=\"2201\"><strong data-start=\"2141\" data-end=\"2160\">Eraldo Teixeira<\/strong>, familiar que trouxe relatos pessoais.<\/p>\n<\/li>\n<li data-start=\"2202\" data-end=\"2255\">\n<p data-start=\"2204\" data-end=\"2255\"><strong data-start=\"2204\" data-end=\"2233\">Jos\u00e9 Alencar Ribeiro Neto<\/strong>, m\u00e9dico psiquiatra.<\/p>\n<\/li>\n<li data-start=\"2256\" data-end=\"2309\">\n<p data-start=\"2258\" data-end=\"2309\"><a href=\"https:\/\/www.linkedin.com\/in\/lu%C3%ADza-esp%C3%B3sito-83788546\/\" target=\"_blank\" rel=\"noopener\"><strong data-start=\"2258\" data-end=\"2276\">Luiza Esposito<\/strong><\/a>, psic\u00f3loga de relacionamentos.<\/p>\n<\/li>\n<li data-start=\"2310\" data-end=\"2364\">\n<p data-start=\"2312\" data-end=\"2364\"><strong data-start=\"2312\" data-end=\"2336\">Bianca Pereira Gomes<\/strong>, acad\u00eamica de Psicologia.<\/p>\n<\/li>\n<li data-start=\"2365\" data-end=\"2439\">\n<p data-start=\"2367\" data-end=\"2439\"><strong data-start=\"2367\" data-end=\"2400\">Dilermando Gon\u00e7alves da Neiva<\/strong>, psic\u00f3logo cl\u00ednico e neuropsic\u00f3logo.<\/p>\n<\/li>\n<\/ul>\n<p data-start=\"2441\" data-end=\"2660\">O debate refor\u00e7ou que falar sobre sa\u00fade mental salva vidas. Acolher, ouvir e oferecer apoio s\u00e3o atitudes que fazem diferen\u00e7a. O <strong data-start=\"2569\" data-end=\"2589\">setembro amarelo<\/strong> \u00e9 um lembrete de que todos podem ser agentes de valoriza\u00e7\u00e3o da vida.<\/p>\n<h2 data-start=\"2662\" data-end=\"2686\">Um Chamado \u00e0 Reflex\u00e3o<\/h2>\n<p data-start=\"2688\" data-end=\"2904\">O encontro mostrou que <strong data-start=\"2711\" data-end=\"2760\">tecnologia e humanidade podem caminhar juntas<\/strong>. A Escuta Ativa abre portas para novos modelos de cuidado, enquanto iniciativas como o Setembro Amarelo fortalecem a rede de apoio emocional.<\/p>\n<p data-start=\"2906\" data-end=\"3057\">Em Ub\u00e1, a uni\u00e3o de empresas, entidades e profissionais refor\u00e7a o compromisso com a vida, com a escuta e com a constru\u00e7\u00e3o de um futuro mais solid\u00e1rio.<\/p>\n<p><iframe title=\"Fala Sodr\u00e9: Rotary Ary Barroso - Setembro Amarelo - valoriza\u00e7\u00e3o da vida, preven\u00e7\u00e3o ao suic\u00eddio\" width=\"840\" height=\"473\" data-src=\"https:\/\/www.youtube.com\/embed\/D3M554hnrVA?feature=oembed\" frameborder=\"0\" allow=\"accelerometer; autoplay; clipboard-write; encrypted-media; gyroscope; picture-in-picture; web-share\" referrerpolicy=\"strict-origin-when-cross-origin\" allowfullscreen src=\"data:image\/svg+xml;base64,PHN2ZyB3aWR0aD0iMSIgaGVpZ2h0PSIxIiB4bWxucz0iaHR0cDovL3d3dy53My5vcmcvMjAwMC9zdmciPjwvc3ZnPg==\" class=\"lazyload\" data-load-mode=\"1\"><\/iframe><\/p>\n<p>&nbsp;<\/p>\n<p style=\"margin: 0in; font-size: 20.0pt;\"><span style=\"font-family: 'Segoe UI Emoji';\">&#x1f4da; <\/span><span style=\"font-weight: bold; font-family: Calibri;\">Cobertura:<\/span><span style=\"font-family: Calibri;\"> Carlos Roberto Sodr\u00e9 <\/span><a href=\"https:\/\/wa.me\/553298481334\"><span style=\"font-family: Calibri;\">WhatsApp<\/span><\/a><\/p>\n<p style=\"margin: 0in; font-size: 20.0pt;\"><span style=\"font-family: 'Segoe UI Emoji';\">&#x1f4f8; <\/span><span style=\"font-weight: bold; font-family: Calibri;\">Imagens:<\/span><span style=\"font-family: Calibri;\"> Laisa Sodr\u00e9<\/span><\/p>\n<p style=\"margin: 0in; font-size: 20.0pt;\"><span style=\"font-family: 'Segoe UI Emoji';\">&#x1f4dd; <\/span><span style=\"font-weight: bold; font-family: Calibri;\">Conte\u00fado: <\/span><a href=\"https:\/\/www.linkedin.com\/in\/pedrohgf\/\"><span style=\"font-family: Calibri;\">Pedro Henriques<\/span><\/a><span style=\"font-family: Calibri;\"> \u2013 <\/span><a href=\"https:\/\/indicca.com.br\/blog\/\"><span style=\"font-family: Calibri;\">INDICCA.COM<\/span><\/a><span style=\"font-family: Calibri;\">\u00a0 <\/span><a href=\"https:\/\/wa.me\/5532988020057\"><span style=\"font-family: Calibri;\">WhatsApp<\/span><\/a><\/p>\n<p style=\"margin: 0in; font-size: 20.0pt;\"><span style=\"font-family: 'Segoe UI Emoji';\">&#x1f393; <\/span><span style=\"font-weight: bold; font-family: Calibri;\">Evento: <\/span>Escuta Ativa e Setembro Amarelo em Ub\u00e1: Tecnologia e Valoriza\u00e7\u00e3o da Vida em Debate.<\/p>\n","protected":false},"excerpt":{"rendered":"<p>Escuta Ativa e Setembro Amarelo em Ub\u00e1: Tecnologia e Valoriza\u00e7\u00e3o<\/p>\n","protected":false},"author":4,"featured_media":22996,"comment_status":"open","ping_status":"open","sticky":false,"template":"","format":"standard","meta":{"footnotes":""},"categories":[1,3],"tags":[59,106,105,60],"class_list":["post-22995","post","type-post","status-publish","format-standard","has-post-thumbnail","hentry","category-sem-categoria","category-slide","tag-fala-sodre","tag-rotary-uba-ary-barroso","tag-setembro-amarelo","tag-ubanews"],"yoast_head":"<!-- This site is optimized with the Yoast SEO plugin v27.2 - https:\/\/yoast.com\/product\/yoast-seo-wordpress\/ -->\n<title>Escuta Ativa e Setembro Amarelo em Ub\u00e1 - Ub\u00e1 News<\/title>\n<meta name=\"description\" content=\"Escuta Ativa chega a Minas pela parceria SomosIVY e INDICCA.COM. Em Ub\u00e1, mesa redonda do Setembro Amarelo refor\u00e7a a valoriza\u00e7\u00e3o da vida.\" \/>\n<meta name=\"robots\" content=\"index, follow, max-snippet:-1, max-image-preview:large, max-video-preview:-1\" \/>\n<link rel=\"canonical\" href=\"https:\/\/ubanews.com\/site\/2025\/09\/25\/escuta-ativa-e-setembro-amarelo-em-uba\/\" \/>\n<meta property=\"og:locale\" content=\"pt_BR\" \/>\n<meta property=\"og:type\" content=\"article\" \/>\n<meta property=\"og:title\" content=\"Escuta Ativa e Setembro Amarelo em Ub\u00e1 - Ub\u00e1 News\" \/>\n<meta property=\"og:description\" content=\"Escuta Ativa chega a Minas pela parceria SomosIVY e INDICCA.COM. Em Ub\u00e1, mesa redonda do Setembro Amarelo refor\u00e7a a valoriza\u00e7\u00e3o da vida.\" \/>\n<meta property=\"og:url\" content=\"https:\/\/ubanews.com\/site\/2025\/09\/25\/escuta-ativa-e-setembro-amarelo-em-uba\/\" \/>\n<meta property=\"og:site_name\" content=\"Ub\u00e1 News\" \/>\n<meta property=\"article:publisher\" content=\"https:\/\/www.facebook.com\/Ub%c3%a1News-Carlos-Roberto-Sodr%c3%a9-418778301977370\" \/>\n<meta property=\"article:published_time\" content=\"2025-09-25T13:45:06+00:00\" \/>\n<meta property=\"article:modified_time\" content=\"2025-09-26T13:33:42+00:00\" \/>\n<meta property=\"og:image\" content=\"https:\/\/ubanews.com\/site\/wp-content\/uploads\/2025\/09\/Fala-Sodre-Pedro-Henriques-.jpg\" \/>\n\t<meta property=\"og:image:width\" content=\"1007\" \/>\n\t<meta property=\"og:image:height\" content=\"519\" \/>\n\t<meta property=\"og:image:type\" content=\"image\/jpeg\" \/>\n<meta name=\"author\" content=\"Carlos Roberto Sodr\u00e9\" \/>\n<meta name=\"twitter:card\" content=\"summary_large_image\" \/>\n<meta name=\"twitter:label1\" content=\"Escrito por\" \/>\n\t<meta name=\"twitter:data1\" content=\"Carlos Roberto Sodr\u00e9\" \/>\n\t<meta name=\"twitter:label2\" content=\"Est. tempo de leitura\" \/>\n\t<meta name=\"twitter:data2\" content=\"3 minutos\" \/>\n<script type=\"application\/ld+json\" class=\"yoast-schema-graph\">{\"@context\":\"https:\/\/schema.org\",\"@graph\":[{\"@type\":\"Article\",\"@id\":\"https:\/\/ubanews.com\/site\/2025\/09\/25\/escuta-ativa-e-setembro-amarelo-em-uba\/#article\",\"isPartOf\":{\"@id\":\"https:\/\/ubanews.com\/site\/2025\/09\/25\/escuta-ativa-e-setembro-amarelo-em-uba\/\"},\"author\":{\"name\":\"Carlos Roberto Sodr\u00e9\",\"@id\":\"https:\/\/ubanews.com\/site\/#\/schema\/person\/9d8da9ec3c8d00640ab6e8c81e103310\"},\"headline\":\"Escuta Ativa e Setembro Amarelo em Ub\u00e1\",\"datePublished\":\"2025-09-25T13:45:06+00:00\",\"dateModified\":\"2025-09-26T13:33:42+00:00\",\"mainEntityOfPage\":{\"@id\":\"https:\/\/ubanews.com\/site\/2025\/09\/25\/escuta-ativa-e-setembro-amarelo-em-uba\/\"},\"wordCount\":531,\"commentCount\":0,\"publisher\":{\"@id\":\"https:\/\/ubanews.com\/site\/#organization\"},\"image\":{\"@id\":\"https:\/\/ubanews.com\/site\/2025\/09\/25\/escuta-ativa-e-setembro-amarelo-em-uba\/#primaryimage\"},\"thumbnailUrl\":\"https:\/\/ubanews.com\/site\/wp-content\/uploads\/2025\/09\/Fala-Sodre-Pedro-Henriques-.jpg\",\"keywords\":[\"Fala Sodr\u00e9\",\"Rotary Ub\u00e1 Ary Barroso\",\"Setembro Amarelo\",\"UBANEWS\"],\"articleSection\":[\"Geral\",\"Slide\"],\"inLanguage\":\"pt-BR\",\"potentialAction\":[{\"@type\":\"CommentAction\",\"name\":\"Comment\",\"target\":[\"https:\/\/ubanews.com\/site\/2025\/09\/25\/escuta-ativa-e-setembro-amarelo-em-uba\/#respond\"]}]},{\"@type\":\"WebPage\",\"@id\":\"https:\/\/ubanews.com\/site\/2025\/09\/25\/escuta-ativa-e-setembro-amarelo-em-uba\/\",\"url\":\"https:\/\/ubanews.com\/site\/2025\/09\/25\/escuta-ativa-e-setembro-amarelo-em-uba\/\",\"name\":\"Escuta Ativa e Setembro Amarelo em Ub\u00e1 - Ub\u00e1 News\",\"isPartOf\":{\"@id\":\"https:\/\/ubanews.com\/site\/#website\"},\"primaryImageOfPage\":{\"@id\":\"https:\/\/ubanews.com\/site\/2025\/09\/25\/escuta-ativa-e-setembro-amarelo-em-uba\/#primaryimage\"},\"image\":{\"@id\":\"https:\/\/ubanews.com\/site\/2025\/09\/25\/escuta-ativa-e-setembro-amarelo-em-uba\/#primaryimage\"},\"thumbnailUrl\":\"https:\/\/ubanews.com\/site\/wp-content\/uploads\/2025\/09\/Fala-Sodre-Pedro-Henriques-.jpg\",\"datePublished\":\"2025-09-25T13:45:06+00:00\",\"dateModified\":\"2025-09-26T13:33:42+00:00\",\"description\":\"Escuta Ativa chega a Minas pela parceria SomosIVY e INDICCA.COM. Em Ub\u00e1, mesa redonda do Setembro Amarelo refor\u00e7a a valoriza\u00e7\u00e3o da vida.\",\"breadcrumb\":{\"@id\":\"https:\/\/ubanews.com\/site\/2025\/09\/25\/escuta-ativa-e-setembro-amarelo-em-uba\/#breadcrumb\"},\"inLanguage\":\"pt-BR\",\"potentialAction\":[{\"@type\":\"ReadAction\",\"target\":[\"https:\/\/ubanews.com\/site\/2025\/09\/25\/escuta-ativa-e-setembro-amarelo-em-uba\/\"]}]},{\"@type\":\"ImageObject\",\"inLanguage\":\"pt-BR\",\"@id\":\"https:\/\/ubanews.com\/site\/2025\/09\/25\/escuta-ativa-e-setembro-amarelo-em-uba\/#primaryimage\",\"url\":\"https:\/\/ubanews.com\/site\/wp-content\/uploads\/2025\/09\/Fala-Sodre-Pedro-Henriques-.jpg\",\"contentUrl\":\"https:\/\/ubanews.com\/site\/wp-content\/uploads\/2025\/09\/Fala-Sodre-Pedro-Henriques-.jpg\",\"width\":1007,\"height\":519,\"caption\":\"Fala Sodr\u00e9\"},{\"@type\":\"BreadcrumbList\",\"@id\":\"https:\/\/ubanews.com\/site\/2025\/09\/25\/escuta-ativa-e-setembro-amarelo-em-uba\/#breadcrumb\",\"itemListElement\":[{\"@type\":\"ListItem\",\"position\":1,\"name\":\"Home\",\"item\":\"https:\/\/ubanews.com\/site\/\"},{\"@type\":\"ListItem\",\"position\":2,\"name\":\"Escuta Ativa e Setembro Amarelo em Ub\u00e1\"}]},{\"@type\":\"WebSite\",\"@id\":\"https:\/\/ubanews.com\/site\/#website\",\"url\":\"https:\/\/ubanews.com\/site\/\",\"name\":\"Ub\u00e1 News\",\"description\":\"\",\"publisher\":{\"@id\":\"https:\/\/ubanews.com\/site\/#organization\"},\"potentialAction\":[{\"@type\":\"SearchAction\",\"target\":{\"@type\":\"EntryPoint\",\"urlTemplate\":\"https:\/\/ubanews.com\/site\/?s={search_term_string}\"},\"query-input\":{\"@type\":\"PropertyValueSpecification\",\"valueRequired\":true,\"valueName\":\"search_term_string\"}}],\"inLanguage\":\"pt-BR\"},{\"@type\":\"Organization\",\"@id\":\"https:\/\/ubanews.com\/site\/#organization\",\"name\":\"Ub\u00e1 News\",\"url\":\"https:\/\/ubanews.com\/site\/\",\"logo\":{\"@type\":\"ImageObject\",\"inLanguage\":\"pt-BR\",\"@id\":\"https:\/\/ubanews.com\/site\/#\/schema\/logo\/image\/\",\"url\":\"https:\/\/ubanews.com\/site\/wp-content\/uploads\/2018\/01\/logoubanews.png\",\"contentUrl\":\"https:\/\/ubanews.com\/site\/wp-content\/uploads\/2018\/01\/logoubanews.png\",\"width\":261,\"height\":99,\"caption\":\"Ub\u00e1 News\"},\"image\":{\"@id\":\"https:\/\/ubanews.com\/site\/#\/schema\/logo\/image\/\"},\"sameAs\":[\"https:\/\/www.facebook.com\/Ub\u00e1News-Carlos-Roberto-Sodr\u00e9-418778301977370\"]},{\"@type\":\"Person\",\"@id\":\"https:\/\/ubanews.com\/site\/#\/schema\/person\/9d8da9ec3c8d00640ab6e8c81e103310\",\"name\":\"Carlos Roberto Sodr\u00e9\",\"image\":{\"@type\":\"ImageObject\",\"inLanguage\":\"pt-BR\",\"@id\":\"https:\/\/secure.gravatar.com\/avatar\/aab322e8555b56c468614fafdab8a8f924e394cdc6cfd8232f77e9e4d123a133?s=96&d=mm&r=g\",\"url\":\"https:\/\/secure.gravatar.com\/avatar\/aab322e8555b56c468614fafdab8a8f924e394cdc6cfd8232f77e9e4d123a133?s=96&d=mm&r=g\",\"contentUrl\":\"https:\/\/secure.gravatar.com\/avatar\/aab322e8555b56c468614fafdab8a8f924e394cdc6cfd8232f77e9e4d123a133?s=96&d=mm&r=g\",\"caption\":\"Carlos Roberto Sodr\u00e9\"},\"url\":\"https:\/\/ubanews.com\/site\/author\/sodre\/\"}]}<\/script>\n<!-- \/ Yoast SEO plugin. -->","yoast_head_json":{"title":"Escuta Ativa e Setembro Amarelo em Ub\u00e1 - Ub\u00e1 News","description":"Escuta Ativa chega a Minas pela parceria SomosIVY e INDICCA.COM. Em Ub\u00e1, mesa redonda do Setembro Amarelo refor\u00e7a a valoriza\u00e7\u00e3o da vida.","robots":{"index":"index","follow":"follow","max-snippet":"max-snippet:-1","max-image-preview":"max-image-preview:large","max-video-preview":"max-video-preview:-1"},"canonical":"https:\/\/ubanews.com\/site\/2025\/09\/25\/escuta-ativa-e-setembro-amarelo-em-uba\/","og_locale":"pt_BR","og_type":"article","og_title":"Escuta Ativa e Setembro Amarelo em Ub\u00e1 - Ub\u00e1 News","og_description":"Escuta Ativa chega a Minas pela parceria SomosIVY e INDICCA.COM. Em Ub\u00e1, mesa redonda do Setembro Amarelo refor\u00e7a a valoriza\u00e7\u00e3o da vida.","og_url":"https:\/\/ubanews.com\/site\/2025\/09\/25\/escuta-ativa-e-setembro-amarelo-em-uba\/","og_site_name":"Ub\u00e1 News","article_publisher":"https:\/\/www.facebook.com\/Ub%c3%a1News-Carlos-Roberto-Sodr%c3%a9-418778301977370","article_published_time":"2025-09-25T13:45:06+00:00","article_modified_time":"2025-09-26T13:33:42+00:00","og_image":[{"width":1007,"height":519,"url":"https:\/\/ubanews.com\/site\/wp-content\/uploads\/2025\/09\/Fala-Sodre-Pedro-Henriques-.jpg","type":"image\/jpeg"}],"author":"Carlos Roberto Sodr\u00e9","twitter_card":"summary_large_image","twitter_misc":{"Escrito por":"Carlos Roberto Sodr\u00e9","Est. tempo de leitura":"3 minutos"},"schema":{"@context":"https:\/\/schema.org","@graph":[{"@type":"Article","@id":"https:\/\/ubanews.com\/site\/2025\/09\/25\/escuta-ativa-e-setembro-amarelo-em-uba\/#article","isPartOf":{"@id":"https:\/\/ubanews.com\/site\/2025\/09\/25\/escuta-ativa-e-setembro-amarelo-em-uba\/"},"author":{"name":"Carlos Roberto Sodr\u00e9","@id":"https:\/\/ubanews.com\/site\/#\/schema\/person\/9d8da9ec3c8d00640ab6e8c81e103310"},"headline":"Escuta Ativa e Setembro Amarelo em Ub\u00e1","datePublished":"2025-09-25T13:45:06+00:00","dateModified":"2025-09-26T13:33:42+00:00","mainEntityOfPage":{"@id":"https:\/\/ubanews.com\/site\/2025\/09\/25\/escuta-ativa-e-setembro-amarelo-em-uba\/"},"wordCount":531,"commentCount":0,"publisher":{"@id":"https:\/\/ubanews.com\/site\/#organization"},"image":{"@id":"https:\/\/ubanews.com\/site\/2025\/09\/25\/escuta-ativa-e-setembro-amarelo-em-uba\/#primaryimage"},"thumbnailUrl":"https:\/\/ubanews.com\/site\/wp-content\/uploads\/2025\/09\/Fala-Sodre-Pedro-Henriques-.jpg","keywords":["Fala Sodr\u00e9","Rotary Ub\u00e1 Ary Barroso","Setembro Amarelo","UBANEWS"],"articleSection":["Geral","Slide"],"inLanguage":"pt-BR","potentialAction":[{"@type":"CommentAction","name":"Comment","target":["https:\/\/ubanews.com\/site\/2025\/09\/25\/escuta-ativa-e-setembro-amarelo-em-uba\/#respond"]}]},{"@type":"WebPage","@id":"https:\/\/ubanews.com\/site\/2025\/09\/25\/escuta-ativa-e-setembro-amarelo-em-uba\/","url":"https:\/\/ubanews.com\/site\/2025\/09\/25\/escuta-ativa-e-setembro-amarelo-em-uba\/","name":"Escuta Ativa e Setembro Amarelo em Ub\u00e1 - Ub\u00e1 News","isPartOf":{"@id":"https:\/\/ubanews.com\/site\/#website"},"primaryImageOfPage":{"@id":"https:\/\/ubanews.com\/site\/2025\/09\/25\/escuta-ativa-e-setembro-amarelo-em-uba\/#primaryimage"},"image":{"@id":"https:\/\/ubanews.com\/site\/2025\/09\/25\/escuta-ativa-e-setembro-amarelo-em-uba\/#primaryimage"},"thumbnailUrl":"https:\/\/ubanews.com\/site\/wp-content\/uploads\/2025\/09\/Fala-Sodre-Pedro-Henriques-.jpg","datePublished":"2025-09-25T13:45:06+00:00","dateModified":"2025-09-26T13:33:42+00:00","description":"Escuta Ativa chega a Minas pela parceria SomosIVY e INDICCA.COM. Em Ub\u00e1, mesa redonda do Setembro Amarelo refor\u00e7a a valoriza\u00e7\u00e3o da vida.","breadcrumb":{"@id":"https:\/\/ubanews.com\/site\/2025\/09\/25\/escuta-ativa-e-setembro-amarelo-em-uba\/#breadcrumb"},"inLanguage":"pt-BR","potentialAction":[{"@type":"ReadAction","target":["https:\/\/ubanews.com\/site\/2025\/09\/25\/escuta-ativa-e-setembro-amarelo-em-uba\/"]}]},{"@type":"ImageObject","inLanguage":"pt-BR","@id":"https:\/\/ubanews.com\/site\/2025\/09\/25\/escuta-ativa-e-setembro-amarelo-em-uba\/#primaryimage","url":"https:\/\/ubanews.com\/site\/wp-content\/uploads\/2025\/09\/Fala-Sodre-Pedro-Henriques-.jpg","contentUrl":"https:\/\/ubanews.com\/site\/wp-content\/uploads\/2025\/09\/Fala-Sodre-Pedro-Henriques-.jpg","width":1007,"height":519,"caption":"Fala Sodr\u00e9"},{"@type":"BreadcrumbList","@id":"https:\/\/ubanews.com\/site\/2025\/09\/25\/escuta-ativa-e-setembro-amarelo-em-uba\/#breadcrumb","itemListElement":[{"@type":"ListItem","position":1,"name":"Home","item":"https:\/\/ubanews.com\/site\/"},{"@type":"ListItem","position":2,"name":"Escuta Ativa e Setembro Amarelo em Ub\u00e1"}]},{"@type":"WebSite","@id":"https:\/\/ubanews.com\/site\/#website","url":"https:\/\/ubanews.com\/site\/","name":"Ub\u00e1 News","description":"","publisher":{"@id":"https:\/\/ubanews.com\/site\/#organization"},"potentialAction":[{"@type":"SearchAction","target":{"@type":"EntryPoint","urlTemplate":"https:\/\/ubanews.com\/site\/?s={search_term_string}"},"query-input":{"@type":"PropertyValueSpecification","valueRequired":true,"valueName":"search_term_string"}}],"inLanguage":"pt-BR"},{"@type":"Organization","@id":"https:\/\/ubanews.com\/site\/#organization","name":"Ub\u00e1 News","url":"https:\/\/ubanews.com\/site\/","logo":{"@type":"ImageObject","inLanguage":"pt-BR","@id":"https:\/\/ubanews.com\/site\/#\/schema\/logo\/image\/","url":"https:\/\/ubanews.com\/site\/wp-content\/uploads\/2018\/01\/logoubanews.png","contentUrl":"https:\/\/ubanews.com\/site\/wp-content\/uploads\/2018\/01\/logoubanews.png","width":261,"height":99,"caption":"Ub\u00e1 News"},"image":{"@id":"https:\/\/ubanews.com\/site\/#\/schema\/logo\/image\/"},"sameAs":["https:\/\/www.facebook.com\/Ub\u00e1News-Carlos-Roberto-Sodr\u00e9-418778301977370"]},{"@type":"Person","@id":"https:\/\/ubanews.com\/site\/#\/schema\/person\/9d8da9ec3c8d00640ab6e8c81e103310","name":"Carlos Roberto Sodr\u00e9","image":{"@type":"ImageObject","inLanguage":"pt-BR","@id":"https:\/\/secure.gravatar.com\/avatar\/aab322e8555b56c468614fafdab8a8f924e394cdc6cfd8232f77e9e4d123a133?s=96&d=mm&r=g","url":"https:\/\/secure.gravatar.com\/avatar\/aab322e8555b56c468614fafdab8a8f924e394cdc6cfd8232f77e9e4d123a133?s=96&d=mm&r=g","contentUrl":"https:\/\/secure.gravatar.com\/avatar\/aab322e8555b56c468614fafdab8a8f924e394cdc6cfd8232f77e9e4d123a133?s=96&d=mm&r=g","caption":"Carlos Roberto Sodr\u00e9"},"url":"https:\/\/ubanews.com\/site\/author\/sodre\/"}]}},"_links":{"self":[{"href":"https:\/\/ubanews.com\/site\/wp-json\/wp\/v2\/posts\/22995","targetHints":{"allow":["GET"]}}],"collection":[{"href":"https:\/\/ubanews.com\/site\/wp-json\/wp\/v2\/posts"}],"about":[{"href":"https:\/\/ubanews.com\/site\/wp-json\/wp\/v2\/types\/post"}],"author":[{"embeddable":true,"href":"https:\/\/ubanews.com\/site\/wp-json\/wp\/v2\/users\/4"}],"replies":[{"embeddable":true,"href":"https:\/\/ubanews.com\/site\/wp-json\/wp\/v2\/comments?post=22995"}],"version-history":[{"count":0,"href":"https:\/\/ubanews.com\/site\/wp-json\/wp\/v2\/posts\/22995\/revisions"}],"wp:featuredmedia":[{"embeddable":true,"href":"https:\/\/ubanews.com\/site\/wp-json\/wp\/v2\/media\/22996"}],"wp:attachment":[{"href":"https:\/\/ubanews.com\/site\/wp-json\/wp\/v2\/media?parent=22995"}],"wp:term":[{"taxonomy":"category","embeddable":true,"href":"https:\/\/ubanews.com\/site\/wp-json\/wp\/v2\/categories?post=22995"},{"taxonomy":"post_tag","embeddable":true,"href":"https:\/\/ubanews.com\/site\/wp-json\/wp\/v2\/tags?post=22995"}],"curies":[{"name":"wp","href":"https:\/\/api.w.org\/{rel}","templated":true}]}}