{"id":22992,"date":"2025-09-24T14:38:22","date_gmt":"2025-09-24T17:38:22","guid":{"rendered":"https:\/\/ubanews.com\/site\/?p=22992"},"modified":"2025-09-24T14:38:22","modified_gmt":"2025-09-24T17:38:22","slug":"pcmg-conclui-investigacao-de-roubo-violento-em-sao-geraldo","status":"publish","type":"post","link":"https:\/\/ubanews.com\/site\/2025\/09\/24\/pcmg-conclui-investigacao-de-roubo-violento-em-sao-geraldo\/","title":{"rendered":"PCMG conclui investiga\u00e7\u00e3o de roubo violento em S\u00e3o Geraldo"},"content":{"rendered":"<p>PCMG conclui investiga\u00e7\u00e3o de roubo violento em S\u00e3o Geraldo. Pris\u00f5es tempor\u00e1rias dos suspeitos foram convertidas em preventivas; v\u00edtimas sofreram agress\u00f5es e fam\u00edlia foi amea\u00e7ada .<\/p>\n<p>A Pol\u00edcia Civil de Minas Gerais (PCMG) concluiu investiga\u00e7\u00e3o que resultou, nesta ter\u00e7a-feira (23\/9), na convers\u00e3o em pris\u00e3o preventiva de dois suspeitos de um roubo ocorrido em julho, no munic\u00edpio de S\u00e3o Geraldo, na Zona da Mata. Os investigados foram indiciados por roubo majorado em raz\u00e3o das les\u00f5es graves causadas \u00e0s v\u00edtimas.<\/p>\n<p>PCMG conclui investiga\u00e7\u00e3o de roubo violento em S\u00e3o Geraldo<\/p>\n<p><img decoding=\"async\" class=\"aligncenter size-medium wp-image-22993 lazyload\" data-src=\"https:\/\/ubanews.com\/site\/wp-content\/uploads\/2025\/09\/Fala-Sodre-Policia-Militar-3-300x236.jpg\" alt=\"Policia Civil Minas Gerais\" width=\"300\" height=\"236\" data-srcset=\"https:\/\/ubanews.com\/site\/wp-content\/uploads\/2025\/09\/Fala-Sodre-Policia-Militar-3-300x236.jpg 300w, https:\/\/ubanews.com\/site\/wp-content\/uploads\/2025\/09\/Fala-Sodre-Policia-Militar-3-768x605.jpg 768w, https:\/\/ubanews.com\/site\/wp-content\/uploads\/2025\/09\/Fala-Sodre-Policia-Militar-3.jpg 800w\" data-sizes=\"(max-width: 300px) 100vw, 300px\" src=\"data:image\/svg+xml;base64,PHN2ZyB3aWR0aD0iMSIgaGVpZ2h0PSIxIiB4bWxucz0iaHR0cDovL3d3dy53My5vcmcvMjAwMC9zdmciPjwvc3ZnPg==\" style=\"--smush-placeholder-width: 300px; --smush-placeholder-aspect-ratio: 300\/236;\" \/><\/p>\n<p>Os levantamentos foram conduzidos pela Delegacia de Pol\u00edcia Civil em Visconde do Rio Branco, que identificou e indiciou o mentor do crime, um homem de 40 anos, e um dos executores, de 26. Ambos foram presos temporariamente, e, com o avan\u00e7o das investiga\u00e7\u00f5es, as pris\u00f5es foram convertidas em preventiva.<\/p>\n<p>Durante as buscas, foram apreendidos celulares e outros itens que contribuir\u00e3o para a instru\u00e7\u00e3o do inqu\u00e9rito.<\/p>\n<h3>O crime<\/h3>\n<p>O crime ocorreu em 21 de julho deste ano, na zona rural do munic\u00edpio, quando quatro indiv\u00edduos encapuzados e armados invadiram uma ch\u00e1cara. As v\u00edtimas \u2014 um homem de 39 anos, sua companheira, gestante de sete meses, e dois filhos menores, de 4 e 9 anos \u2014 foram amea\u00e7adas e agredidas. O homem sofreu les\u00f5es graves, incluindo fratura no nariz e cortes na cabe\u00e7a. Do local foram levados um ve\u00edculo, dinheiro, cheques e celulares.<\/p>\n<h3>Investiga\u00e7\u00e3o<\/h3>\n<p>As apura\u00e7\u00f5es apontaram que o crime foi motivado por desacordo financeiro envolvendo compra e venda de gado e desaven\u00e7as entre um dos suspeitos e a v\u00edtima.<\/p>\n<p>A PCMG realizou levantamentos de campo, ouviu testemunhas e diversos outros procedimentos investigativos.<\/p>\n<p>&#8220;Conseguimos, em pouco tempo, finalizar a apura\u00e7\u00e3o quanto \u00e0s autorias e garantir a pris\u00e3o preventiva dos principais envolvidos, trazendo respostas \u00e0 sociedade&#8221;, ressaltou o delegado Pedro Henrique Vasques Fernandes.<\/p>\n<p>As investiga\u00e7\u00f5es prosseguem para identificar e responsabilizar os demais envolvidos. Os presos permanecem \u00e0 disposi\u00e7\u00e3o da Justi\u00e7a no sistema prisional.<\/p>\n","protected":false},"excerpt":{"rendered":"<p>PCMG conclui investiga\u00e7\u00e3o de roubo violento em S\u00e3o Geraldo. Pris\u00f5es<\/p>\n","protected":false},"author":4,"featured_media":22993,"comment_status":"open","ping_status":"open","sticky":false,"template":"","format":"standard","meta":{"footnotes":""},"categories":[1],"tags":[],"class_list":["post-22992","post","type-post","status-publish","format-standard","has-post-thumbnail","hentry","category-sem-categoria"],"yoast_head":"<!-- This site is optimized with the Yoast SEO plugin v27.2 - https:\/\/yoast.com\/product\/yoast-seo-wordpress\/ -->\n<title>PCMG conclui investiga\u00e7\u00e3o de roubo violento em S\u00e3o Geraldo - Ub\u00e1 News<\/title>\n<meta name=\"description\" content=\"PCMG conclui investiga\u00e7\u00e3o de roubo violento em S\u00e3o GeraldoPris\u00f5es tempor\u00e1rias dos suspeitos foram convertidas em preventivas.\" \/>\n<meta name=\"robots\" content=\"index, follow, max-snippet:-1, max-image-preview:large, max-video-preview:-1\" \/>\n<link rel=\"canonical\" href=\"https:\/\/ubanews.com\/site\/2025\/09\/24\/pcmg-conclui-investigacao-de-roubo-violento-em-sao-geraldo\/\" \/>\n<meta property=\"og:locale\" content=\"pt_BR\" \/>\n<meta property=\"og:type\" content=\"article\" \/>\n<meta property=\"og:title\" content=\"PCMG conclui investiga\u00e7\u00e3o de roubo violento em S\u00e3o Geraldo - Ub\u00e1 News\" \/>\n<meta property=\"og:description\" content=\"PCMG conclui investiga\u00e7\u00e3o de roubo violento em S\u00e3o GeraldoPris\u00f5es tempor\u00e1rias dos suspeitos foram convertidas em preventivas.\" \/>\n<meta property=\"og:url\" content=\"https:\/\/ubanews.com\/site\/2025\/09\/24\/pcmg-conclui-investigacao-de-roubo-violento-em-sao-geraldo\/\" \/>\n<meta property=\"og:site_name\" content=\"Ub\u00e1 News\" \/>\n<meta property=\"article:publisher\" content=\"https:\/\/www.facebook.com\/Ub%c3%a1News-Carlos-Roberto-Sodr%c3%a9-418778301977370\" \/>\n<meta property=\"article:published_time\" content=\"2025-09-24T17:38:22+00:00\" \/>\n<meta property=\"og:image\" content=\"https:\/\/ubanews.com\/site\/wp-content\/uploads\/2025\/09\/Fala-Sodre-Policia-Militar-3.jpg\" \/>\n\t<meta property=\"og:image:width\" content=\"800\" \/>\n\t<meta property=\"og:image:height\" content=\"630\" \/>\n\t<meta property=\"og:image:type\" content=\"image\/jpeg\" \/>\n<meta name=\"author\" content=\"Carlos Roberto Sodr\u00e9\" \/>\n<meta name=\"twitter:card\" content=\"summary_large_image\" \/>\n<meta name=\"twitter:label1\" content=\"Escrito por\" \/>\n\t<meta name=\"twitter:data1\" content=\"Carlos Roberto Sodr\u00e9\" \/>\n\t<meta name=\"twitter:label2\" content=\"Est. tempo de leitura\" \/>\n\t<meta name=\"twitter:data2\" content=\"3 minutos\" \/>\n<script type=\"application\/ld+json\" class=\"yoast-schema-graph\">{\"@context\":\"https:\/\/schema.org\",\"@graph\":[{\"@type\":\"Article\",\"@id\":\"https:\/\/ubanews.com\/site\/2025\/09\/24\/pcmg-conclui-investigacao-de-roubo-violento-em-sao-geraldo\/#article\",\"isPartOf\":{\"@id\":\"https:\/\/ubanews.com\/site\/2025\/09\/24\/pcmg-conclui-investigacao-de-roubo-violento-em-sao-geraldo\/\"},\"author\":{\"name\":\"Carlos Roberto Sodr\u00e9\",\"@id\":\"https:\/\/ubanews.com\/site\/#\/schema\/person\/9d8da9ec3c8d00640ab6e8c81e103310\"},\"headline\":\"PCMG conclui investiga\u00e7\u00e3o de roubo violento em S\u00e3o Geraldo\",\"datePublished\":\"2025-09-24T17:38:22+00:00\",\"mainEntityOfPage\":{\"@id\":\"https:\/\/ubanews.com\/site\/2025\/09\/24\/pcmg-conclui-investigacao-de-roubo-violento-em-sao-geraldo\/\"},\"wordCount\":359,\"commentCount\":0,\"publisher\":{\"@id\":\"https:\/\/ubanews.com\/site\/#organization\"},\"image\":{\"@id\":\"https:\/\/ubanews.com\/site\/2025\/09\/24\/pcmg-conclui-investigacao-de-roubo-violento-em-sao-geraldo\/#primaryimage\"},\"thumbnailUrl\":\"https:\/\/ubanews.com\/site\/wp-content\/uploads\/2025\/09\/Fala-Sodre-Policia-Militar-3.jpg\",\"articleSection\":[\"Geral\"],\"inLanguage\":\"pt-BR\",\"potentialAction\":[{\"@type\":\"CommentAction\",\"name\":\"Comment\",\"target\":[\"https:\/\/ubanews.com\/site\/2025\/09\/24\/pcmg-conclui-investigacao-de-roubo-violento-em-sao-geraldo\/#respond\"]}]},{\"@type\":\"WebPage\",\"@id\":\"https:\/\/ubanews.com\/site\/2025\/09\/24\/pcmg-conclui-investigacao-de-roubo-violento-em-sao-geraldo\/\",\"url\":\"https:\/\/ubanews.com\/site\/2025\/09\/24\/pcmg-conclui-investigacao-de-roubo-violento-em-sao-geraldo\/\",\"name\":\"PCMG conclui investiga\u00e7\u00e3o de roubo violento em S\u00e3o Geraldo - Ub\u00e1 News\",\"isPartOf\":{\"@id\":\"https:\/\/ubanews.com\/site\/#website\"},\"primaryImageOfPage\":{\"@id\":\"https:\/\/ubanews.com\/site\/2025\/09\/24\/pcmg-conclui-investigacao-de-roubo-violento-em-sao-geraldo\/#primaryimage\"},\"image\":{\"@id\":\"https:\/\/ubanews.com\/site\/2025\/09\/24\/pcmg-conclui-investigacao-de-roubo-violento-em-sao-geraldo\/#primaryimage\"},\"thumbnailUrl\":\"https:\/\/ubanews.com\/site\/wp-content\/uploads\/2025\/09\/Fala-Sodre-Policia-Militar-3.jpg\",\"datePublished\":\"2025-09-24T17:38:22+00:00\",\"description\":\"PCMG conclui investiga\u00e7\u00e3o de roubo violento em S\u00e3o GeraldoPris\u00f5es tempor\u00e1rias dos suspeitos foram convertidas em preventivas.\",\"breadcrumb\":{\"@id\":\"https:\/\/ubanews.com\/site\/2025\/09\/24\/pcmg-conclui-investigacao-de-roubo-violento-em-sao-geraldo\/#breadcrumb\"},\"inLanguage\":\"pt-BR\",\"potentialAction\":[{\"@type\":\"ReadAction\",\"target\":[\"https:\/\/ubanews.com\/site\/2025\/09\/24\/pcmg-conclui-investigacao-de-roubo-violento-em-sao-geraldo\/\"]}]},{\"@type\":\"ImageObject\",\"inLanguage\":\"pt-BR\",\"@id\":\"https:\/\/ubanews.com\/site\/2025\/09\/24\/pcmg-conclui-investigacao-de-roubo-violento-em-sao-geraldo\/#primaryimage\",\"url\":\"https:\/\/ubanews.com\/site\/wp-content\/uploads\/2025\/09\/Fala-Sodre-Policia-Militar-3.jpg\",\"contentUrl\":\"https:\/\/ubanews.com\/site\/wp-content\/uploads\/2025\/09\/Fala-Sodre-Policia-Militar-3.jpg\",\"width\":800,\"height\":630,\"caption\":\"Policia Civil Minas Gerais\"},{\"@type\":\"BreadcrumbList\",\"@id\":\"https:\/\/ubanews.com\/site\/2025\/09\/24\/pcmg-conclui-investigacao-de-roubo-violento-em-sao-geraldo\/#breadcrumb\",\"itemListElement\":[{\"@type\":\"ListItem\",\"position\":1,\"name\":\"Home\",\"item\":\"https:\/\/ubanews.com\/site\/\"},{\"@type\":\"ListItem\",\"position\":2,\"name\":\"PCMG conclui investiga\u00e7\u00e3o de roubo violento em S\u00e3o Geraldo\"}]},{\"@type\":\"WebSite\",\"@id\":\"https:\/\/ubanews.com\/site\/#website\",\"url\":\"https:\/\/ubanews.com\/site\/\",\"name\":\"Ub\u00e1 News\",\"description\":\"\",\"publisher\":{\"@id\":\"https:\/\/ubanews.com\/site\/#organization\"},\"potentialAction\":[{\"@type\":\"SearchAction\",\"target\":{\"@type\":\"EntryPoint\",\"urlTemplate\":\"https:\/\/ubanews.com\/site\/?s={search_term_string}\"},\"query-input\":{\"@type\":\"PropertyValueSpecification\",\"valueRequired\":true,\"valueName\":\"search_term_string\"}}],\"inLanguage\":\"pt-BR\"},{\"@type\":\"Organization\",\"@id\":\"https:\/\/ubanews.com\/site\/#organization\",\"name\":\"Ub\u00e1 News\",\"url\":\"https:\/\/ubanews.com\/site\/\",\"logo\":{\"@type\":\"ImageObject\",\"inLanguage\":\"pt-BR\",\"@id\":\"https:\/\/ubanews.com\/site\/#\/schema\/logo\/image\/\",\"url\":\"https:\/\/ubanews.com\/site\/wp-content\/uploads\/2018\/01\/logoubanews.png\",\"contentUrl\":\"https:\/\/ubanews.com\/site\/wp-content\/uploads\/2018\/01\/logoubanews.png\",\"width\":261,\"height\":99,\"caption\":\"Ub\u00e1 News\"},\"image\":{\"@id\":\"https:\/\/ubanews.com\/site\/#\/schema\/logo\/image\/\"},\"sameAs\":[\"https:\/\/www.facebook.com\/Ub\u00e1News-Carlos-Roberto-Sodr\u00e9-418778301977370\"]},{\"@type\":\"Person\",\"@id\":\"https:\/\/ubanews.com\/site\/#\/schema\/person\/9d8da9ec3c8d00640ab6e8c81e103310\",\"name\":\"Carlos Roberto Sodr\u00e9\",\"image\":{\"@type\":\"ImageObject\",\"inLanguage\":\"pt-BR\",\"@id\":\"https:\/\/secure.gravatar.com\/avatar\/aab322e8555b56c468614fafdab8a8f924e394cdc6cfd8232f77e9e4d123a133?s=96&d=mm&r=g\",\"url\":\"https:\/\/secure.gravatar.com\/avatar\/aab322e8555b56c468614fafdab8a8f924e394cdc6cfd8232f77e9e4d123a133?s=96&d=mm&r=g\",\"contentUrl\":\"https:\/\/secure.gravatar.com\/avatar\/aab322e8555b56c468614fafdab8a8f924e394cdc6cfd8232f77e9e4d123a133?s=96&d=mm&r=g\",\"caption\":\"Carlos Roberto Sodr\u00e9\"},\"url\":\"https:\/\/ubanews.com\/site\/author\/sodre\/\"}]}<\/script>\n<!-- \/ Yoast SEO plugin. -->","yoast_head_json":{"title":"PCMG conclui investiga\u00e7\u00e3o de roubo violento em S\u00e3o Geraldo - Ub\u00e1 News","description":"PCMG conclui investiga\u00e7\u00e3o de roubo violento em S\u00e3o GeraldoPris\u00f5es tempor\u00e1rias dos suspeitos foram convertidas em preventivas.","robots":{"index":"index","follow":"follow","max-snippet":"max-snippet:-1","max-image-preview":"max-image-preview:large","max-video-preview":"max-video-preview:-1"},"canonical":"https:\/\/ubanews.com\/site\/2025\/09\/24\/pcmg-conclui-investigacao-de-roubo-violento-em-sao-geraldo\/","og_locale":"pt_BR","og_type":"article","og_title":"PCMG conclui investiga\u00e7\u00e3o de roubo violento em S\u00e3o Geraldo - Ub\u00e1 News","og_description":"PCMG conclui investiga\u00e7\u00e3o de roubo violento em S\u00e3o GeraldoPris\u00f5es tempor\u00e1rias dos suspeitos foram convertidas em preventivas.","og_url":"https:\/\/ubanews.com\/site\/2025\/09\/24\/pcmg-conclui-investigacao-de-roubo-violento-em-sao-geraldo\/","og_site_name":"Ub\u00e1 News","article_publisher":"https:\/\/www.facebook.com\/Ub%c3%a1News-Carlos-Roberto-Sodr%c3%a9-418778301977370","article_published_time":"2025-09-24T17:38:22+00:00","og_image":[{"width":800,"height":630,"url":"https:\/\/ubanews.com\/site\/wp-content\/uploads\/2025\/09\/Fala-Sodre-Policia-Militar-3.jpg","type":"image\/jpeg"}],"author":"Carlos Roberto Sodr\u00e9","twitter_card":"summary_large_image","twitter_misc":{"Escrito por":"Carlos Roberto Sodr\u00e9","Est. tempo de leitura":"3 minutos"},"schema":{"@context":"https:\/\/schema.org","@graph":[{"@type":"Article","@id":"https:\/\/ubanews.com\/site\/2025\/09\/24\/pcmg-conclui-investigacao-de-roubo-violento-em-sao-geraldo\/#article","isPartOf":{"@id":"https:\/\/ubanews.com\/site\/2025\/09\/24\/pcmg-conclui-investigacao-de-roubo-violento-em-sao-geraldo\/"},"author":{"name":"Carlos Roberto Sodr\u00e9","@id":"https:\/\/ubanews.com\/site\/#\/schema\/person\/9d8da9ec3c8d00640ab6e8c81e103310"},"headline":"PCMG conclui investiga\u00e7\u00e3o de roubo violento em S\u00e3o Geraldo","datePublished":"2025-09-24T17:38:22+00:00","mainEntityOfPage":{"@id":"https:\/\/ubanews.com\/site\/2025\/09\/24\/pcmg-conclui-investigacao-de-roubo-violento-em-sao-geraldo\/"},"wordCount":359,"commentCount":0,"publisher":{"@id":"https:\/\/ubanews.com\/site\/#organization"},"image":{"@id":"https:\/\/ubanews.com\/site\/2025\/09\/24\/pcmg-conclui-investigacao-de-roubo-violento-em-sao-geraldo\/#primaryimage"},"thumbnailUrl":"https:\/\/ubanews.com\/site\/wp-content\/uploads\/2025\/09\/Fala-Sodre-Policia-Militar-3.jpg","articleSection":["Geral"],"inLanguage":"pt-BR","potentialAction":[{"@type":"CommentAction","name":"Comment","target":["https:\/\/ubanews.com\/site\/2025\/09\/24\/pcmg-conclui-investigacao-de-roubo-violento-em-sao-geraldo\/#respond"]}]},{"@type":"WebPage","@id":"https:\/\/ubanews.com\/site\/2025\/09\/24\/pcmg-conclui-investigacao-de-roubo-violento-em-sao-geraldo\/","url":"https:\/\/ubanews.com\/site\/2025\/09\/24\/pcmg-conclui-investigacao-de-roubo-violento-em-sao-geraldo\/","name":"PCMG conclui investiga\u00e7\u00e3o de roubo violento em S\u00e3o Geraldo - Ub\u00e1 News","isPartOf":{"@id":"https:\/\/ubanews.com\/site\/#website"},"primaryImageOfPage":{"@id":"https:\/\/ubanews.com\/site\/2025\/09\/24\/pcmg-conclui-investigacao-de-roubo-violento-em-sao-geraldo\/#primaryimage"},"image":{"@id":"https:\/\/ubanews.com\/site\/2025\/09\/24\/pcmg-conclui-investigacao-de-roubo-violento-em-sao-geraldo\/#primaryimage"},"thumbnailUrl":"https:\/\/ubanews.com\/site\/wp-content\/uploads\/2025\/09\/Fala-Sodre-Policia-Militar-3.jpg","datePublished":"2025-09-24T17:38:22+00:00","description":"PCMG conclui investiga\u00e7\u00e3o de roubo violento em S\u00e3o GeraldoPris\u00f5es tempor\u00e1rias dos suspeitos foram convertidas em preventivas.","breadcrumb":{"@id":"https:\/\/ubanews.com\/site\/2025\/09\/24\/pcmg-conclui-investigacao-de-roubo-violento-em-sao-geraldo\/#breadcrumb"},"inLanguage":"pt-BR","potentialAction":[{"@type":"ReadAction","target":["https:\/\/ubanews.com\/site\/2025\/09\/24\/pcmg-conclui-investigacao-de-roubo-violento-em-sao-geraldo\/"]}]},{"@type":"ImageObject","inLanguage":"pt-BR","@id":"https:\/\/ubanews.com\/site\/2025\/09\/24\/pcmg-conclui-investigacao-de-roubo-violento-em-sao-geraldo\/#primaryimage","url":"https:\/\/ubanews.com\/site\/wp-content\/uploads\/2025\/09\/Fala-Sodre-Policia-Militar-3.jpg","contentUrl":"https:\/\/ubanews.com\/site\/wp-content\/uploads\/2025\/09\/Fala-Sodre-Policia-Militar-3.jpg","width":800,"height":630,"caption":"Policia Civil Minas Gerais"},{"@type":"BreadcrumbList","@id":"https:\/\/ubanews.com\/site\/2025\/09\/24\/pcmg-conclui-investigacao-de-roubo-violento-em-sao-geraldo\/#breadcrumb","itemListElement":[{"@type":"ListItem","position":1,"name":"Home","item":"https:\/\/ubanews.com\/site\/"},{"@type":"ListItem","position":2,"name":"PCMG conclui investiga\u00e7\u00e3o de roubo violento em S\u00e3o Geraldo"}]},{"@type":"WebSite","@id":"https:\/\/ubanews.com\/site\/#website","url":"https:\/\/ubanews.com\/site\/","name":"Ub\u00e1 News","description":"","publisher":{"@id":"https:\/\/ubanews.com\/site\/#organization"},"potentialAction":[{"@type":"SearchAction","target":{"@type":"EntryPoint","urlTemplate":"https:\/\/ubanews.com\/site\/?s={search_term_string}"},"query-input":{"@type":"PropertyValueSpecification","valueRequired":true,"valueName":"search_term_string"}}],"inLanguage":"pt-BR"},{"@type":"Organization","@id":"https:\/\/ubanews.com\/site\/#organization","name":"Ub\u00e1 News","url":"https:\/\/ubanews.com\/site\/","logo":{"@type":"ImageObject","inLanguage":"pt-BR","@id":"https:\/\/ubanews.com\/site\/#\/schema\/logo\/image\/","url":"https:\/\/ubanews.com\/site\/wp-content\/uploads\/2018\/01\/logoubanews.png","contentUrl":"https:\/\/ubanews.com\/site\/wp-content\/uploads\/2018\/01\/logoubanews.png","width":261,"height":99,"caption":"Ub\u00e1 News"},"image":{"@id":"https:\/\/ubanews.com\/site\/#\/schema\/logo\/image\/"},"sameAs":["https:\/\/www.facebook.com\/Ub\u00e1News-Carlos-Roberto-Sodr\u00e9-418778301977370"]},{"@type":"Person","@id":"https:\/\/ubanews.com\/site\/#\/schema\/person\/9d8da9ec3c8d00640ab6e8c81e103310","name":"Carlos Roberto Sodr\u00e9","image":{"@type":"ImageObject","inLanguage":"pt-BR","@id":"https:\/\/secure.gravatar.com\/avatar\/aab322e8555b56c468614fafdab8a8f924e394cdc6cfd8232f77e9e4d123a133?s=96&d=mm&r=g","url":"https:\/\/secure.gravatar.com\/avatar\/aab322e8555b56c468614fafdab8a8f924e394cdc6cfd8232f77e9e4d123a133?s=96&d=mm&r=g","contentUrl":"https:\/\/secure.gravatar.com\/avatar\/aab322e8555b56c468614fafdab8a8f924e394cdc6cfd8232f77e9e4d123a133?s=96&d=mm&r=g","caption":"Carlos Roberto Sodr\u00e9"},"url":"https:\/\/ubanews.com\/site\/author\/sodre\/"}]}},"_links":{"self":[{"href":"https:\/\/ubanews.com\/site\/wp-json\/wp\/v2\/posts\/22992","targetHints":{"allow":["GET"]}}],"collection":[{"href":"https:\/\/ubanews.com\/site\/wp-json\/wp\/v2\/posts"}],"about":[{"href":"https:\/\/ubanews.com\/site\/wp-json\/wp\/v2\/types\/post"}],"author":[{"embeddable":true,"href":"https:\/\/ubanews.com\/site\/wp-json\/wp\/v2\/users\/4"}],"replies":[{"embeddable":true,"href":"https:\/\/ubanews.com\/site\/wp-json\/wp\/v2\/comments?post=22992"}],"version-history":[{"count":0,"href":"https:\/\/ubanews.com\/site\/wp-json\/wp\/v2\/posts\/22992\/revisions"}],"wp:featuredmedia":[{"embeddable":true,"href":"https:\/\/ubanews.com\/site\/wp-json\/wp\/v2\/media\/22993"}],"wp:attachment":[{"href":"https:\/\/ubanews.com\/site\/wp-json\/wp\/v2\/media?parent=22992"}],"wp:term":[{"taxonomy":"category","embeddable":true,"href":"https:\/\/ubanews.com\/site\/wp-json\/wp\/v2\/categories?post=22992"},{"taxonomy":"post_tag","embeddable":true,"href":"https:\/\/ubanews.com\/site\/wp-json\/wp\/v2\/tags?post=22992"}],"curies":[{"name":"wp","href":"https:\/\/api.w.org\/{rel}","templated":true}]}}