{"id":22987,"date":"2025-09-24T12:08:00","date_gmt":"2025-09-24T15:08:00","guid":{"rendered":"https:\/\/ubanews.com\/site\/?p=22987"},"modified":"2025-09-24T12:19:41","modified_gmt":"2025-09-24T15:19:41","slug":"28_cafe_compartilhado","status":"publish","type":"post","link":"https:\/\/ubanews.com\/site\/2025\/09\/24\/28_cafe_compartilhado\/","title":{"rendered":"28\u00ba Caf\u00e9 Compartilhado"},"content":{"rendered":"<p>28\u00ba Caf\u00e9 Compartilhado destaca o papel estrat\u00e9gico do Produtor de \u00c1gua. O Grupo Conex\u00e3o Rural realizou mais uma edi\u00e7\u00e3o do Caf\u00e9 Compartilhado. O encontro aconteceu no s\u00e1bado, 20 de julho de 2025, e reuniu produtores rurais, lideran\u00e7as comunit\u00e1rias e apaixonados pelo campo. O evento teve como foco a valoriza\u00e7\u00e3o do <strong>Produtor de \u00c1gua<\/strong>, figura essencial para o futuro sustent\u00e1vel da regi\u00e3o.<\/p>\n<h2>28\u00ba Caf\u00e9 Compartilhado destaca o papel estrat\u00e9gico do Produtor de \u00c1gua<\/h2>\n<p><a href=\"https:\/\/www.youtube.com\/live\/t5hn1SQigpg?si=z2wmuSjuN11jOW79\" target=\"_blank\" rel=\"noopener\"><img decoding=\"async\" class=\"aligncenter size-medium wp-image-22988 lazyload\" data-src=\"https:\/\/ubanews.com\/site\/wp-content\/uploads\/2025\/09\/Fala-Sodre-Cafe-Compartilhado-Amaral-300x154.jpg\" alt=\"Fala Sodr\u00e9 - Caf\u00e9 Compartilhado na Fazenda do Paulo Gaucho \" width=\"300\" height=\"154\" data-srcset=\"https:\/\/ubanews.com\/site\/wp-content\/uploads\/2025\/09\/Fala-Sodre-Cafe-Compartilhado-Amaral-300x154.jpg 300w, https:\/\/ubanews.com\/site\/wp-content\/uploads\/2025\/09\/Fala-Sodre-Cafe-Compartilhado-Amaral-768x395.jpg 768w, https:\/\/ubanews.com\/site\/wp-content\/uploads\/2025\/09\/Fala-Sodre-Cafe-Compartilhado-Amaral.jpg 1012w\" data-sizes=\"(max-width: 300px) 100vw, 300px\" src=\"data:image\/svg+xml;base64,PHN2ZyB3aWR0aD0iMSIgaGVpZ2h0PSIxIiB4bWxucz0iaHR0cDovL3d3dy53My5vcmcvMjAwMC9zdmciPjwvc3ZnPg==\" style=\"--smush-placeholder-width: 300px; --smush-placeholder-aspect-ratio: 300\/154;\" \/><\/a> <a href=\"https:\/\/www.youtube.com\/live\/t5hn1SQigpg?si=z2wmuSjuN11jOW79\" target=\"_blank\" rel=\"noopener\"><img decoding=\"async\" class=\"aligncenter size-medium wp-image-22989 lazyload\" data-src=\"https:\/\/ubanews.com\/site\/wp-content\/uploads\/2025\/09\/Fala-Sodre-Cafe-Compartilhado-Daca-Rino-300x158.jpg\" alt=\"Fala Sodr\u00e9 Caf\u00e9 Compartilhado na Fazenda do Paulo Gaucho \" width=\"300\" height=\"158\" data-srcset=\"https:\/\/ubanews.com\/site\/wp-content\/uploads\/2025\/09\/Fala-Sodre-Cafe-Compartilhado-Daca-Rino-300x158.jpg 300w, https:\/\/ubanews.com\/site\/wp-content\/uploads\/2025\/09\/Fala-Sodre-Cafe-Compartilhado-Daca-Rino-768x403.jpg 768w, https:\/\/ubanews.com\/site\/wp-content\/uploads\/2025\/09\/Fala-Sodre-Cafe-Compartilhado-Daca-Rino.jpg 1005w\" data-sizes=\"(max-width: 300px) 100vw, 300px\" src=\"data:image\/svg+xml;base64,PHN2ZyB3aWR0aD0iMSIgaGVpZ2h0PSIxIiB4bWxucz0iaHR0cDovL3d3dy53My5vcmcvMjAwMC9zdmciPjwvc3ZnPg==\" style=\"--smush-placeholder-width: 300px; --smush-placeholder-aspect-ratio: 300\/158;\" \/><\/a> <a href=\"https:\/\/www.youtube.com\/live\/t5hn1SQigpg?si=z2wmuSjuN11jOW79\" target=\"_blank\" rel=\"noopener\"><img decoding=\"async\" class=\"aligncenter size-medium wp-image-22990 lazyload\" data-src=\"https:\/\/ubanews.com\/site\/wp-content\/uploads\/2025\/09\/Fala-Sodre-Cafe-Compartilhado-Paulo-Gaucho-300x157.jpg\" alt=\"Fala Sodr\u00e9 - Caf\u00e9 compartilhado na Fazenda do Paulo Gaucho \" width=\"300\" height=\"157\" data-srcset=\"https:\/\/ubanews.com\/site\/wp-content\/uploads\/2025\/09\/Fala-Sodre-Cafe-Compartilhado-Paulo-Gaucho-300x157.jpg 300w, https:\/\/ubanews.com\/site\/wp-content\/uploads\/2025\/09\/Fala-Sodre-Cafe-Compartilhado-Paulo-Gaucho-768x403.jpg 768w, https:\/\/ubanews.com\/site\/wp-content\/uploads\/2025\/09\/Fala-Sodre-Cafe-Compartilhado-Paulo-Gaucho.jpg 999w\" data-sizes=\"(max-width: 300px) 100vw, 300px\" src=\"data:image\/svg+xml;base64,PHN2ZyB3aWR0aD0iMSIgaGVpZ2h0PSIxIiB4bWxucz0iaHR0cDovL3d3dy53My5vcmcvMjAwMC9zdmciPjwvc3ZnPg==\" style=\"--smush-placeholder-width: 300px; --smush-placeholder-aspect-ratio: 300\/157;\" \/><\/a><\/p>\n<h2>\u00c1gua como bem coletivo<\/h2>\n<p>Durante o encontro, os participantes refletiram sobre o papel do produtor rural na preserva\u00e7\u00e3o dos recursos h\u00eddricos. A produ\u00e7\u00e3o de \u00e1gua foi reconhecida como uma atividade estrat\u00e9gica, muitas vezes invis\u00edvel, mas vital. \u201cEstamos produzindo \u00e1gua. Isso \u00e9 muito maior do que parece\u201d, afirmou um dos presentes.<\/p>\n<p>O projeto foi descrito como um exemplo de esperan\u00e7a e de fortalecimento da comunidade. \u201c\u00c9 devolver \u00e0 natureza o que ela nos d\u00e1\u201d, comentou outro participante, destacando a import\u00e2ncia de pr\u00e1ticas sustent\u00e1veis no campo.<\/p>\n<h2>Hist\u00f3rias que inspiram<\/h2>\n<p>A produtora rural <strong>Dar\u00e7a<\/strong> emocionou o p\u00fablico ao contar que criou seus tr\u00eas filhos na ro\u00e7a, fazendo doces e bolos. \u201cNa cidade, eu n\u00e3o teria conseguido. O aluguel \u00e9 caro. Aqui, eu conquistei tudo com minhas m\u00e3os\u201d, disse. Seu relato refor\u00e7a o valor da perman\u00eancia no campo e da autonomia conquistada com trabalho e dedica\u00e7\u00e3o.<\/p>\n<p>J\u00e1 <strong>Paulo Ga\u00facho<\/strong>, conhecido por sua atua\u00e7\u00e3o comunit\u00e1ria, destacou o papel dos encontros como espa\u00e7o de amizade e troca. \u201cVoc\u00ea encontra no mundo em dia, faz amigos. O prazer \u00e9 chamado de carrea\u00e7\u00e3o com presidente, n\u00e3o \u00e9 dentro do grupo\u201d, comentou, refor\u00e7ando o esp\u00edrito de confraterniza\u00e7\u00e3o que marca o Caf\u00e9 Compartilhado.<\/p>\n<p><strong>Amaral<\/strong>, por sua vez, trouxe uma reflex\u00e3o sobre o equil\u00edbrio entre natureza e comunidade. \u201cEsse projeto \u00e9 esperan\u00e7a. \u00c9 comunidade. \u00c9 devolver \u00e0 natureza o que ela nos d\u00e1\u201d, afirmou, destacando o valor das a\u00e7\u00f5es coletivas e da consci\u00eancia ambiental.<\/p>\n<h2>Comunidade que transforma<\/h2>\n<p>O Caf\u00e9 Compartilhado \u00e9 mais do que um evento. \u00c9 uma rede de apoio, aprendizado e transforma\u00e7\u00e3o. A cada edi\u00e7\u00e3o, novas hist\u00f3rias se somam \u00e0 caminhada do Grupo Conex\u00e3o Rural. \u201cNossos netos s\u00e3o nossa continuidade. Precisamos deixar um legado\u201d, concluiu uma das participantes.<\/p>\n<p><iframe title=\"Fala Sodr\u00e9 - Grupo Conex\u00e3o Rural promove a 28\u00aa Edi\u00e7\u00e3o do Caf\u00e9 Compartilhado 29\/07\/2025\" width=\"840\" height=\"473\" data-src=\"https:\/\/www.youtube.com\/embed\/t5hn1SQigpg?feature=oembed\" frameborder=\"0\" allow=\"accelerometer; autoplay; clipboard-write; encrypted-media; gyroscope; picture-in-picture; web-share\" referrerpolicy=\"strict-origin-when-cross-origin\" allowfullscreen src=\"data:image\/svg+xml;base64,PHN2ZyB3aWR0aD0iMSIgaGVpZ2h0PSIxIiB4bWxucz0iaHR0cDovL3d3dy53My5vcmcvMjAwMC9zdmciPjwvc3ZnPg==\" class=\"lazyload\" data-load-mode=\"1\"><\/iframe><\/p>\n<p style=\"margin: 0in; font-size: 20.0pt;\"><span style=\"font-family: 'Segoe UI Emoji';\">&#x1f4da; <\/span><span style=\"font-weight: bold; font-family: Calibri;\">Cobertura:<\/span><span style=\"font-family: Calibri;\"> Carlos Roberto Sodr\u00e9 <\/span><a href=\"https:\/\/wa.me\/553298481334\"><span style=\"font-family: Calibri;\">WhatsApp<\/span><\/a><\/p>\n<p style=\"margin: 0in; font-size: 20.0pt;\"><span style=\"font-family: 'Segoe UI Emoji';\">&#x1f4f8; <\/span><span style=\"font-weight: bold; font-family: Calibri;\">Imagens:<\/span><span style=\"font-family: Calibri;\"> Laisa Sodr\u00e9<\/span><\/p>\n<p style=\"margin: 0in; font-size: 20.0pt;\"><span style=\"font-family: 'Segoe UI Emoji';\">&#x1f4dd; <\/span><span style=\"font-weight: bold; font-family: Calibri;\">Conte\u00fado: <\/span><a href=\"https:\/\/www.linkedin.com\/in\/pedrohgf\/\"><span style=\"font-family: Calibri;\">Pedro Henriques<\/span><\/a><span style=\"font-family: Calibri;\"> \u2013 <\/span><a href=\"https:\/\/indicca.com.br\/blog\/\"><span style=\"font-family: Calibri;\">INDICCA.COM<\/span><\/a><span style=\"font-family: Calibri;\">\u00a0 <\/span><a href=\"https:\/\/wa.me\/5532988020057\"><span style=\"font-family: Calibri;\">WhatsApp<\/span><\/a><\/p>\n<p style=\"margin: 0in; font-size: 20.0pt;\"><span style=\"font-family: 'Segoe UI Emoji';\">&#x1f393; <\/span><span style=\"font-weight: bold; font-family: Calibri;\">Evento: <\/span>28\u00ba Caf\u00e9 Compartilhado destaca o papel estrat\u00e9gico do Produtor de \u00c1gua<\/p>\n<p style=\"margin: 0in; font-size: 11.0pt;\">\n","protected":false},"excerpt":{"rendered":"<p>28\u00ba Caf\u00e9 Compartilhado destaca o papel estrat\u00e9gico do Produtor de<\/p>\n","protected":false},"author":4,"featured_media":22990,"comment_status":"open","ping_status":"open","sticky":false,"template":"","format":"standard","meta":{"footnotes":""},"categories":[1,3],"tags":[103,59,102,104,60],"class_list":["post-22987","post","type-post","status-publish","format-standard","has-post-thumbnail","hentry","category-sem-categoria","category-slide","tag-conexao-rural","tag-fala-sodre","tag-paulo-gaucho","tag-produtor-de-agua","tag-ubanews"],"yoast_head":"<!-- This site is optimized with the Yoast SEO plugin v27.2 - https:\/\/yoast.com\/product\/yoast-seo-wordpress\/ -->\n<title>28\u00ba Caf\u00e9 Compartilhado - Ub\u00e1 News<\/title>\n<meta name=\"description\" content=\"Evento Caf\u00e9 Compartilhado destaca o Produtor de \u00c1gua e hist\u00f3rias inspiradoras do campo, fortalecendo o turismo rural e a comunidade.\" \/>\n<meta name=\"robots\" content=\"index, follow, max-snippet:-1, max-image-preview:large, max-video-preview:-1\" \/>\n<link rel=\"canonical\" href=\"https:\/\/ubanews.com\/site\/2025\/09\/24\/28_cafe_compartilhado\/\" \/>\n<meta property=\"og:locale\" content=\"pt_BR\" \/>\n<meta property=\"og:type\" content=\"article\" \/>\n<meta property=\"og:title\" content=\"28\u00ba Caf\u00e9 Compartilhado - Ub\u00e1 News\" \/>\n<meta property=\"og:description\" content=\"Evento Caf\u00e9 Compartilhado destaca o Produtor de \u00c1gua e hist\u00f3rias inspiradoras do campo, fortalecendo o turismo rural e a comunidade.\" \/>\n<meta property=\"og:url\" content=\"https:\/\/ubanews.com\/site\/2025\/09\/24\/28_cafe_compartilhado\/\" \/>\n<meta property=\"og:site_name\" content=\"Ub\u00e1 News\" \/>\n<meta property=\"article:publisher\" content=\"https:\/\/www.facebook.com\/Ub%c3%a1News-Carlos-Roberto-Sodr%c3%a9-418778301977370\" \/>\n<meta property=\"article:published_time\" content=\"2025-09-24T15:08:00+00:00\" \/>\n<meta property=\"article:modified_time\" content=\"2025-09-24T15:19:41+00:00\" \/>\n<meta property=\"og:image\" content=\"https:\/\/ubanews.com\/site\/wp-content\/uploads\/2025\/09\/Fala-Sodre-Cafe-Compartilhado-Paulo-Gaucho.jpg\" \/>\n\t<meta property=\"og:image:width\" content=\"999\" \/>\n\t<meta property=\"og:image:height\" content=\"524\" \/>\n\t<meta property=\"og:image:type\" content=\"image\/jpeg\" \/>\n<meta name=\"author\" content=\"Carlos Roberto Sodr\u00e9\" \/>\n<meta name=\"twitter:card\" content=\"summary_large_image\" \/>\n<meta name=\"twitter:label1\" content=\"Escrito por\" \/>\n\t<meta name=\"twitter:data1\" content=\"Carlos Roberto Sodr\u00e9\" \/>\n\t<meta name=\"twitter:label2\" content=\"Est. tempo de leitura\" \/>\n\t<meta name=\"twitter:data2\" content=\"3 minutos\" \/>\n<script type=\"application\/ld+json\" class=\"yoast-schema-graph\">{\"@context\":\"https:\/\/schema.org\",\"@graph\":[{\"@type\":\"Article\",\"@id\":\"https:\/\/ubanews.com\/site\/2025\/09\/24\/28_cafe_compartilhado\/#article\",\"isPartOf\":{\"@id\":\"https:\/\/ubanews.com\/site\/2025\/09\/24\/28_cafe_compartilhado\/\"},\"author\":{\"name\":\"Carlos Roberto Sodr\u00e9\",\"@id\":\"https:\/\/ubanews.com\/site\/#\/schema\/person\/9d8da9ec3c8d00640ab6e8c81e103310\"},\"headline\":\"28\u00ba Caf\u00e9 Compartilhado\",\"datePublished\":\"2025-09-24T15:08:00+00:00\",\"dateModified\":\"2025-09-24T15:19:41+00:00\",\"mainEntityOfPage\":{\"@id\":\"https:\/\/ubanews.com\/site\/2025\/09\/24\/28_cafe_compartilhado\/\"},\"wordCount\":434,\"commentCount\":0,\"publisher\":{\"@id\":\"https:\/\/ubanews.com\/site\/#organization\"},\"image\":{\"@id\":\"https:\/\/ubanews.com\/site\/2025\/09\/24\/28_cafe_compartilhado\/#primaryimage\"},\"thumbnailUrl\":\"https:\/\/ubanews.com\/site\/wp-content\/uploads\/2025\/09\/Fala-Sodre-Cafe-Compartilhado-Paulo-Gaucho.jpg\",\"keywords\":[\"Conex\u00e3o Rural\",\"Fala Sodr\u00e9\",\"Paulo Gaucho\",\"Produtor de \u00e1gua\",\"UBANEWS\"],\"articleSection\":[\"Geral\",\"Slide\"],\"inLanguage\":\"pt-BR\",\"potentialAction\":[{\"@type\":\"CommentAction\",\"name\":\"Comment\",\"target\":[\"https:\/\/ubanews.com\/site\/2025\/09\/24\/28_cafe_compartilhado\/#respond\"]}]},{\"@type\":\"WebPage\",\"@id\":\"https:\/\/ubanews.com\/site\/2025\/09\/24\/28_cafe_compartilhado\/\",\"url\":\"https:\/\/ubanews.com\/site\/2025\/09\/24\/28_cafe_compartilhado\/\",\"name\":\"28\u00ba Caf\u00e9 Compartilhado - Ub\u00e1 News\",\"isPartOf\":{\"@id\":\"https:\/\/ubanews.com\/site\/#website\"},\"primaryImageOfPage\":{\"@id\":\"https:\/\/ubanews.com\/site\/2025\/09\/24\/28_cafe_compartilhado\/#primaryimage\"},\"image\":{\"@id\":\"https:\/\/ubanews.com\/site\/2025\/09\/24\/28_cafe_compartilhado\/#primaryimage\"},\"thumbnailUrl\":\"https:\/\/ubanews.com\/site\/wp-content\/uploads\/2025\/09\/Fala-Sodre-Cafe-Compartilhado-Paulo-Gaucho.jpg\",\"datePublished\":\"2025-09-24T15:08:00+00:00\",\"dateModified\":\"2025-09-24T15:19:41+00:00\",\"description\":\"Evento Caf\u00e9 Compartilhado destaca o Produtor de \u00c1gua e hist\u00f3rias inspiradoras do campo, fortalecendo o turismo rural e a comunidade.\",\"breadcrumb\":{\"@id\":\"https:\/\/ubanews.com\/site\/2025\/09\/24\/28_cafe_compartilhado\/#breadcrumb\"},\"inLanguage\":\"pt-BR\",\"potentialAction\":[{\"@type\":\"ReadAction\",\"target\":[\"https:\/\/ubanews.com\/site\/2025\/09\/24\/28_cafe_compartilhado\/\"]}]},{\"@type\":\"ImageObject\",\"inLanguage\":\"pt-BR\",\"@id\":\"https:\/\/ubanews.com\/site\/2025\/09\/24\/28_cafe_compartilhado\/#primaryimage\",\"url\":\"https:\/\/ubanews.com\/site\/wp-content\/uploads\/2025\/09\/Fala-Sodre-Cafe-Compartilhado-Paulo-Gaucho.jpg\",\"contentUrl\":\"https:\/\/ubanews.com\/site\/wp-content\/uploads\/2025\/09\/Fala-Sodre-Cafe-Compartilhado-Paulo-Gaucho.jpg\",\"width\":999,\"height\":524,\"caption\":\"Fala Sodr\u00e9 - Caf\u00e9 compartilhado na Fazenda do Paulo Gaucho\"},{\"@type\":\"BreadcrumbList\",\"@id\":\"https:\/\/ubanews.com\/site\/2025\/09\/24\/28_cafe_compartilhado\/#breadcrumb\",\"itemListElement\":[{\"@type\":\"ListItem\",\"position\":1,\"name\":\"Home\",\"item\":\"https:\/\/ubanews.com\/site\/\"},{\"@type\":\"ListItem\",\"position\":2,\"name\":\"28\u00ba Caf\u00e9 Compartilhado\"}]},{\"@type\":\"WebSite\",\"@id\":\"https:\/\/ubanews.com\/site\/#website\",\"url\":\"https:\/\/ubanews.com\/site\/\",\"name\":\"Ub\u00e1 News\",\"description\":\"\",\"publisher\":{\"@id\":\"https:\/\/ubanews.com\/site\/#organization\"},\"potentialAction\":[{\"@type\":\"SearchAction\",\"target\":{\"@type\":\"EntryPoint\",\"urlTemplate\":\"https:\/\/ubanews.com\/site\/?s={search_term_string}\"},\"query-input\":{\"@type\":\"PropertyValueSpecification\",\"valueRequired\":true,\"valueName\":\"search_term_string\"}}],\"inLanguage\":\"pt-BR\"},{\"@type\":\"Organization\",\"@id\":\"https:\/\/ubanews.com\/site\/#organization\",\"name\":\"Ub\u00e1 News\",\"url\":\"https:\/\/ubanews.com\/site\/\",\"logo\":{\"@type\":\"ImageObject\",\"inLanguage\":\"pt-BR\",\"@id\":\"https:\/\/ubanews.com\/site\/#\/schema\/logo\/image\/\",\"url\":\"https:\/\/ubanews.com\/site\/wp-content\/uploads\/2018\/01\/logoubanews.png\",\"contentUrl\":\"https:\/\/ubanews.com\/site\/wp-content\/uploads\/2018\/01\/logoubanews.png\",\"width\":261,\"height\":99,\"caption\":\"Ub\u00e1 News\"},\"image\":{\"@id\":\"https:\/\/ubanews.com\/site\/#\/schema\/logo\/image\/\"},\"sameAs\":[\"https:\/\/www.facebook.com\/Ub\u00e1News-Carlos-Roberto-Sodr\u00e9-418778301977370\"]},{\"@type\":\"Person\",\"@id\":\"https:\/\/ubanews.com\/site\/#\/schema\/person\/9d8da9ec3c8d00640ab6e8c81e103310\",\"name\":\"Carlos Roberto Sodr\u00e9\",\"image\":{\"@type\":\"ImageObject\",\"inLanguage\":\"pt-BR\",\"@id\":\"https:\/\/secure.gravatar.com\/avatar\/aab322e8555b56c468614fafdab8a8f924e394cdc6cfd8232f77e9e4d123a133?s=96&d=mm&r=g\",\"url\":\"https:\/\/secure.gravatar.com\/avatar\/aab322e8555b56c468614fafdab8a8f924e394cdc6cfd8232f77e9e4d123a133?s=96&d=mm&r=g\",\"contentUrl\":\"https:\/\/secure.gravatar.com\/avatar\/aab322e8555b56c468614fafdab8a8f924e394cdc6cfd8232f77e9e4d123a133?s=96&d=mm&r=g\",\"caption\":\"Carlos Roberto Sodr\u00e9\"},\"url\":\"https:\/\/ubanews.com\/site\/author\/sodre\/\"}]}<\/script>\n<!-- \/ Yoast SEO plugin. -->","yoast_head_json":{"title":"28\u00ba Caf\u00e9 Compartilhado - Ub\u00e1 News","description":"Evento Caf\u00e9 Compartilhado destaca o Produtor de \u00c1gua e hist\u00f3rias inspiradoras do campo, fortalecendo o turismo rural e a comunidade.","robots":{"index":"index","follow":"follow","max-snippet":"max-snippet:-1","max-image-preview":"max-image-preview:large","max-video-preview":"max-video-preview:-1"},"canonical":"https:\/\/ubanews.com\/site\/2025\/09\/24\/28_cafe_compartilhado\/","og_locale":"pt_BR","og_type":"article","og_title":"28\u00ba Caf\u00e9 Compartilhado - Ub\u00e1 News","og_description":"Evento Caf\u00e9 Compartilhado destaca o Produtor de \u00c1gua e hist\u00f3rias inspiradoras do campo, fortalecendo o turismo rural e a comunidade.","og_url":"https:\/\/ubanews.com\/site\/2025\/09\/24\/28_cafe_compartilhado\/","og_site_name":"Ub\u00e1 News","article_publisher":"https:\/\/www.facebook.com\/Ub%c3%a1News-Carlos-Roberto-Sodr%c3%a9-418778301977370","article_published_time":"2025-09-24T15:08:00+00:00","article_modified_time":"2025-09-24T15:19:41+00:00","og_image":[{"width":999,"height":524,"url":"https:\/\/ubanews.com\/site\/wp-content\/uploads\/2025\/09\/Fala-Sodre-Cafe-Compartilhado-Paulo-Gaucho.jpg","type":"image\/jpeg"}],"author":"Carlos Roberto Sodr\u00e9","twitter_card":"summary_large_image","twitter_misc":{"Escrito por":"Carlos Roberto Sodr\u00e9","Est. tempo de leitura":"3 minutos"},"schema":{"@context":"https:\/\/schema.org","@graph":[{"@type":"Article","@id":"https:\/\/ubanews.com\/site\/2025\/09\/24\/28_cafe_compartilhado\/#article","isPartOf":{"@id":"https:\/\/ubanews.com\/site\/2025\/09\/24\/28_cafe_compartilhado\/"},"author":{"name":"Carlos Roberto Sodr\u00e9","@id":"https:\/\/ubanews.com\/site\/#\/schema\/person\/9d8da9ec3c8d00640ab6e8c81e103310"},"headline":"28\u00ba Caf\u00e9 Compartilhado","datePublished":"2025-09-24T15:08:00+00:00","dateModified":"2025-09-24T15:19:41+00:00","mainEntityOfPage":{"@id":"https:\/\/ubanews.com\/site\/2025\/09\/24\/28_cafe_compartilhado\/"},"wordCount":434,"commentCount":0,"publisher":{"@id":"https:\/\/ubanews.com\/site\/#organization"},"image":{"@id":"https:\/\/ubanews.com\/site\/2025\/09\/24\/28_cafe_compartilhado\/#primaryimage"},"thumbnailUrl":"https:\/\/ubanews.com\/site\/wp-content\/uploads\/2025\/09\/Fala-Sodre-Cafe-Compartilhado-Paulo-Gaucho.jpg","keywords":["Conex\u00e3o Rural","Fala Sodr\u00e9","Paulo Gaucho","Produtor de \u00e1gua","UBANEWS"],"articleSection":["Geral","Slide"],"inLanguage":"pt-BR","potentialAction":[{"@type":"CommentAction","name":"Comment","target":["https:\/\/ubanews.com\/site\/2025\/09\/24\/28_cafe_compartilhado\/#respond"]}]},{"@type":"WebPage","@id":"https:\/\/ubanews.com\/site\/2025\/09\/24\/28_cafe_compartilhado\/","url":"https:\/\/ubanews.com\/site\/2025\/09\/24\/28_cafe_compartilhado\/","name":"28\u00ba Caf\u00e9 Compartilhado - Ub\u00e1 News","isPartOf":{"@id":"https:\/\/ubanews.com\/site\/#website"},"primaryImageOfPage":{"@id":"https:\/\/ubanews.com\/site\/2025\/09\/24\/28_cafe_compartilhado\/#primaryimage"},"image":{"@id":"https:\/\/ubanews.com\/site\/2025\/09\/24\/28_cafe_compartilhado\/#primaryimage"},"thumbnailUrl":"https:\/\/ubanews.com\/site\/wp-content\/uploads\/2025\/09\/Fala-Sodre-Cafe-Compartilhado-Paulo-Gaucho.jpg","datePublished":"2025-09-24T15:08:00+00:00","dateModified":"2025-09-24T15:19:41+00:00","description":"Evento Caf\u00e9 Compartilhado destaca o Produtor de \u00c1gua e hist\u00f3rias inspiradoras do campo, fortalecendo o turismo rural e a comunidade.","breadcrumb":{"@id":"https:\/\/ubanews.com\/site\/2025\/09\/24\/28_cafe_compartilhado\/#breadcrumb"},"inLanguage":"pt-BR","potentialAction":[{"@type":"ReadAction","target":["https:\/\/ubanews.com\/site\/2025\/09\/24\/28_cafe_compartilhado\/"]}]},{"@type":"ImageObject","inLanguage":"pt-BR","@id":"https:\/\/ubanews.com\/site\/2025\/09\/24\/28_cafe_compartilhado\/#primaryimage","url":"https:\/\/ubanews.com\/site\/wp-content\/uploads\/2025\/09\/Fala-Sodre-Cafe-Compartilhado-Paulo-Gaucho.jpg","contentUrl":"https:\/\/ubanews.com\/site\/wp-content\/uploads\/2025\/09\/Fala-Sodre-Cafe-Compartilhado-Paulo-Gaucho.jpg","width":999,"height":524,"caption":"Fala Sodr\u00e9 - Caf\u00e9 compartilhado na Fazenda do Paulo Gaucho"},{"@type":"BreadcrumbList","@id":"https:\/\/ubanews.com\/site\/2025\/09\/24\/28_cafe_compartilhado\/#breadcrumb","itemListElement":[{"@type":"ListItem","position":1,"name":"Home","item":"https:\/\/ubanews.com\/site\/"},{"@type":"ListItem","position":2,"name":"28\u00ba Caf\u00e9 Compartilhado"}]},{"@type":"WebSite","@id":"https:\/\/ubanews.com\/site\/#website","url":"https:\/\/ubanews.com\/site\/","name":"Ub\u00e1 News","description":"","publisher":{"@id":"https:\/\/ubanews.com\/site\/#organization"},"potentialAction":[{"@type":"SearchAction","target":{"@type":"EntryPoint","urlTemplate":"https:\/\/ubanews.com\/site\/?s={search_term_string}"},"query-input":{"@type":"PropertyValueSpecification","valueRequired":true,"valueName":"search_term_string"}}],"inLanguage":"pt-BR"},{"@type":"Organization","@id":"https:\/\/ubanews.com\/site\/#organization","name":"Ub\u00e1 News","url":"https:\/\/ubanews.com\/site\/","logo":{"@type":"ImageObject","inLanguage":"pt-BR","@id":"https:\/\/ubanews.com\/site\/#\/schema\/logo\/image\/","url":"https:\/\/ubanews.com\/site\/wp-content\/uploads\/2018\/01\/logoubanews.png","contentUrl":"https:\/\/ubanews.com\/site\/wp-content\/uploads\/2018\/01\/logoubanews.png","width":261,"height":99,"caption":"Ub\u00e1 News"},"image":{"@id":"https:\/\/ubanews.com\/site\/#\/schema\/logo\/image\/"},"sameAs":["https:\/\/www.facebook.com\/Ub\u00e1News-Carlos-Roberto-Sodr\u00e9-418778301977370"]},{"@type":"Person","@id":"https:\/\/ubanews.com\/site\/#\/schema\/person\/9d8da9ec3c8d00640ab6e8c81e103310","name":"Carlos Roberto Sodr\u00e9","image":{"@type":"ImageObject","inLanguage":"pt-BR","@id":"https:\/\/secure.gravatar.com\/avatar\/aab322e8555b56c468614fafdab8a8f924e394cdc6cfd8232f77e9e4d123a133?s=96&d=mm&r=g","url":"https:\/\/secure.gravatar.com\/avatar\/aab322e8555b56c468614fafdab8a8f924e394cdc6cfd8232f77e9e4d123a133?s=96&d=mm&r=g","contentUrl":"https:\/\/secure.gravatar.com\/avatar\/aab322e8555b56c468614fafdab8a8f924e394cdc6cfd8232f77e9e4d123a133?s=96&d=mm&r=g","caption":"Carlos Roberto Sodr\u00e9"},"url":"https:\/\/ubanews.com\/site\/author\/sodre\/"}]}},"_links":{"self":[{"href":"https:\/\/ubanews.com\/site\/wp-json\/wp\/v2\/posts\/22987","targetHints":{"allow":["GET"]}}],"collection":[{"href":"https:\/\/ubanews.com\/site\/wp-json\/wp\/v2\/posts"}],"about":[{"href":"https:\/\/ubanews.com\/site\/wp-json\/wp\/v2\/types\/post"}],"author":[{"embeddable":true,"href":"https:\/\/ubanews.com\/site\/wp-json\/wp\/v2\/users\/4"}],"replies":[{"embeddable":true,"href":"https:\/\/ubanews.com\/site\/wp-json\/wp\/v2\/comments?post=22987"}],"version-history":[{"count":0,"href":"https:\/\/ubanews.com\/site\/wp-json\/wp\/v2\/posts\/22987\/revisions"}],"wp:featuredmedia":[{"embeddable":true,"href":"https:\/\/ubanews.com\/site\/wp-json\/wp\/v2\/media\/22990"}],"wp:attachment":[{"href":"https:\/\/ubanews.com\/site\/wp-json\/wp\/v2\/media?parent=22987"}],"wp:term":[{"taxonomy":"category","embeddable":true,"href":"https:\/\/ubanews.com\/site\/wp-json\/wp\/v2\/categories?post=22987"},{"taxonomy":"post_tag","embeddable":true,"href":"https:\/\/ubanews.com\/site\/wp-json\/wp\/v2\/tags?post=22987"}],"curies":[{"name":"wp","href":"https:\/\/api.w.org\/{rel}","templated":true}]}}