{"id":22983,"date":"2025-09-23T11:05:58","date_gmt":"2025-09-23T14:05:58","guid":{"rendered":"https:\/\/ubanews.com\/site\/?p=22983"},"modified":"2025-09-23T13:32:40","modified_gmt":"2025-09-23T16:32:40","slug":"lancamento-do-livro-joao-pede-feijao","status":"publish","type":"post","link":"https:\/\/ubanews.com\/site\/2025\/09\/23\/lancamento-do-livro-joao-pede-feijao\/","title":{"rendered":"Lan\u00e7amento do Livro Jo\u00e3o Pede Feij\u00e3o"},"content":{"rendered":"<p>Lan\u00e7amento do Livro Jo\u00e3o Pede Feij\u00e3o Celebra Educa\u00e7\u00e3o e Criatividade. O lan\u00e7amento do livro <strong>\u201cJo\u00e3o Pede Feij\u00e3o\u201d<\/strong>, do professor e autor <strong>Carlos Gomes<\/strong>, aconteceu no dia 17 de setembro de 2025, no Centro Cultural. O evento reuniu educadores, artistas e jornalistas, com cobertura de <strong>Carlos Roberto Sodr\u00e9<\/strong>, imagens de <strong>Laisa Sodr\u00e9<\/strong> e conte\u00fado por <strong>Pedro Henriques (INDICCA.COM)<\/strong>.<\/p>\n<h2>Lan\u00e7amento do Livro Jo\u00e3o Pede Feij\u00e3o<\/h2>\n<p><a href=\"https:\/\/www.youtube.com\/live\/eIOnrEnmEEU?si=mQI8z8SmrJ6uvuII\" target=\"_blank\" rel=\"noopener\"><img decoding=\"async\" class=\"aligncenter size-medium wp-image-22984 lazyload\" data-src=\"https:\/\/ubanews.com\/site\/wp-content\/uploads\/2025\/09\/Fala-Sodre-Carlos-Gomes-Joao-Pe-de-Feijao-e-o-Livro-e-o-Lancamento-300x157.jpg\" alt=\"Livro Jo\u00e3o P\u00e9 de Feij\u00e3o \" width=\"300\" height=\"157\" data-srcset=\"https:\/\/ubanews.com\/site\/wp-content\/uploads\/2025\/09\/Fala-Sodre-Carlos-Gomes-Joao-Pe-de-Feijao-e-o-Livro-e-o-Lancamento-300x157.jpg 300w, https:\/\/ubanews.com\/site\/wp-content\/uploads\/2025\/09\/Fala-Sodre-Carlos-Gomes-Joao-Pe-de-Feijao-e-o-Livro-e-o-Lancamento-768x401.jpg 768w, https:\/\/ubanews.com\/site\/wp-content\/uploads\/2025\/09\/Fala-Sodre-Carlos-Gomes-Joao-Pe-de-Feijao-e-o-Livro-e-o-Lancamento.jpg 1010w\" data-sizes=\"(max-width: 300px) 100vw, 300px\" src=\"data:image\/svg+xml;base64,PHN2ZyB3aWR0aD0iMSIgaGVpZ2h0PSIxIiB4bWxucz0iaHR0cDovL3d3dy53My5vcmcvMjAwMC9zdmciPjwvc3ZnPg==\" style=\"--smush-placeholder-width: 300px; --smush-placeholder-aspect-ratio: 300\/157;\" \/><\/a><\/p>\n<h2>Um Livro Que Nasce da Escola<\/h2>\n<p>Desde o in\u00edcio, Carlos Gomes destacou que o livro surgiu de um projeto escolar. Ele trabalhou com seus alunos durante anos, incentivando a escrita criativa. O resultado \u00e9 uma obra voltada para crian\u00e7as, com linguagem acess\u00edvel e est\u00e9tica envolvente.<\/p>\n<blockquote><p>\u201cO livro \u00e9 mais est\u00e9tico, voltado para crian\u00e7as e para incentivar pessoas. Foi resultado de um trabalho de anos na escola\u201d, afirmou o autor.<\/p><\/blockquote>\n<h2>Inclus\u00e3o Social Atrav\u00e9s da Literatura<\/h2>\n<p>Al\u00e9m de promover a leitura, o livro tamb\u00e9m cumpre um papel social. Carlos utiliza seus pr\u00f3prios alunos como personagens, criando um v\u00ednculo afetivo com a obra. Isso fortalece a autoestima das crian\u00e7as e estimula o interesse pela educa\u00e7\u00e3o.<\/p>\n<blockquote><p>\u201cUma crian\u00e7a que est\u00e1 nesse livro vai carregar isso para a vida toda. Isso \u00e9 fundamental\u201d, disse Carlos.<\/p><\/blockquote>\n<h2>Ilustra\u00e7\u00f5es Que Encantam<\/h2>\n<p>O projeto gr\u00e1fico tamb\u00e9m merece destaque. As ilustra\u00e7\u00f5es foram feitas por um artista parceiro, que j\u00e1 colaborou com o autor em outras obras. As imagens s\u00e3o pensadas para despertar a imagina\u00e7\u00e3o dos leitores e tornar a experi\u00eancia mais rica.<\/p>\n<blockquote><p>\u201cAs ilustra\u00e7\u00f5es s\u00e3o valiosas lembran\u00e7as que precisam ser olhadas. Elas ajudam a come\u00e7ar a imaginar\u201d, explicou Carlos.<\/p><\/blockquote>\n<h2>Incentivo \u00e0 Leitura nas Escolas<\/h2>\n<p>Carlos Gomes defende que seu livro seja adotado pelas escolas, especialmente no ensino fundamental. Ele acredita que a obra pode ser usada para ensinar l\u00edngua portuguesa, al\u00e9m de estimular a criatividade e o pensamento cr\u00edtico.<\/p>\n<blockquote><p>\u201cAs escolas precisam passar os livros para incentivar, principalmente no ensino fundamental\u201d, refor\u00e7ou.<\/p><\/blockquote>\n<h2>Literatura Para Todas as Idades<\/h2>\n<p>Embora o foco seja o p\u00fablico infantil, o autor revelou que est\u00e1 desenvolvendo um novo projeto voltado para adultos. A ideia \u00e9 criar uma ponte entre gera\u00e7\u00f5es, mostrando que a leitura \u00e9 uma ferramenta poderosa em qualquer fase da vida.<\/p>\n<blockquote><p>\u201cEstou criando um livro de leitores para adultos tamb\u00e9m. A leitura pode ensinar mais e mais\u201d, concluiu.<\/p><\/blockquote>\n<p><iframe title=\"Fala Sodr\u00e9: Exclusivo - lan\u00e7amento do livro \u201cJo\u00e3o Pede Feij\u00e3o\u201d de autoria do professor C\u00e1ssius Lopes\" width=\"840\" height=\"473\" data-src=\"https:\/\/www.youtube.com\/embed\/eIOnrEnmEEU?feature=oembed\" frameborder=\"0\" allow=\"accelerometer; autoplay; clipboard-write; encrypted-media; gyroscope; picture-in-picture; web-share\" referrerpolicy=\"strict-origin-when-cross-origin\" allowfullscreen src=\"data:image\/svg+xml;base64,PHN2ZyB3aWR0aD0iMSIgaGVpZ2h0PSIxIiB4bWxucz0iaHR0cDovL3d3dy53My5vcmcvMjAwMC9zdmciPjwvc3ZnPg==\" class=\"lazyload\" data-load-mode=\"1\"><\/iframe><\/p>\n<p>&nbsp;<\/p>\n<p>&#x1f4da; <strong>Cobertura:<\/strong> Carlos Roberto Sodr\u00e9 <a href=\"https:\/\/wa.me\/553298481334\">WhatsApp<\/a><br \/>\n&#x1f4f8; <strong>Imagens:<\/strong> Laisa Sodr\u00e9<br \/>\n&#x1f4dd; <strong>Conte\u00fado:<\/strong> <a href=\"https:\/\/www.linkedin.com\/in\/pedrohgf\/\" target=\"_blank\" rel=\"noopener\">Pedro Henriques<\/a> \u2013 <a href=\"https:\/\/indicca.com.br\/blog\/\" target=\"_blank\" rel=\"noopener\">INDICCA.COM<\/a>\u00a0 <a href=\"https:\/\/wa.me\/5532988020057\">WhatsApp<\/a><br \/>\n&#x1f393; <strong>Evento:<\/strong> Lan\u00e7amento do livro <em>Jo\u00e3o Pede Feij\u00e3o<\/em>, Centro Cultural, 17 de setembro de 2025<\/p>\n","protected":false},"excerpt":{"rendered":"<p>Lan\u00e7amento do Livro Jo\u00e3o Pede Feij\u00e3o Celebra Educa\u00e7\u00e3o e Criatividade.<\/p>\n","protected":false},"author":4,"featured_media":22984,"comment_status":"open","ping_status":"open","sticky":false,"template":"","format":"standard","meta":{"footnotes":""},"categories":[1,3],"tags":[100,59,101,99,67,60],"class_list":["post-22983","post","type-post","status-publish","format-standard","has-post-thumbnail","hentry","category-sem-categoria","category-slide","tag-aule","tag-fala-sodre","tag-joao-pe-de-feijao","tag-livro","tag-sodre","tag-ubanews"],"yoast_head":"<!-- This site is optimized with the Yoast SEO plugin v27.2 - https:\/\/yoast.com\/product\/yoast-seo-wordpress\/ -->\n<title>Lan\u00e7amento do Livro Jo\u00e3o Pede Feij\u00e3o - Ub\u00e1 News<\/title>\n<meta name=\"description\" content=\"Lan\u00e7amento do livro Jo\u00e3o Pede Feij\u00e3o celebra educa\u00e7\u00e3o, criatividade e inclus\u00e3o social. Evento re\u00fane artistas, educadores e jornalistas.\" \/>\n<meta name=\"robots\" content=\"index, follow, max-snippet:-1, max-image-preview:large, max-video-preview:-1\" \/>\n<link rel=\"canonical\" href=\"https:\/\/ubanews.com\/site\/2025\/09\/23\/lancamento-do-livro-joao-pede-feijao\/\" \/>\n<meta property=\"og:locale\" content=\"pt_BR\" \/>\n<meta property=\"og:type\" content=\"article\" \/>\n<meta property=\"og:title\" content=\"Lan\u00e7amento do Livro Jo\u00e3o Pede Feij\u00e3o - Ub\u00e1 News\" \/>\n<meta property=\"og:description\" content=\"Lan\u00e7amento do livro Jo\u00e3o Pede Feij\u00e3o celebra educa\u00e7\u00e3o, criatividade e inclus\u00e3o social. Evento re\u00fane artistas, educadores e jornalistas.\" \/>\n<meta property=\"og:url\" content=\"https:\/\/ubanews.com\/site\/2025\/09\/23\/lancamento-do-livro-joao-pede-feijao\/\" \/>\n<meta property=\"og:site_name\" content=\"Ub\u00e1 News\" \/>\n<meta property=\"article:publisher\" content=\"https:\/\/www.facebook.com\/Ub%c3%a1News-Carlos-Roberto-Sodr%c3%a9-418778301977370\" \/>\n<meta property=\"article:published_time\" content=\"2025-09-23T14:05:58+00:00\" \/>\n<meta property=\"article:modified_time\" content=\"2025-09-23T16:32:40+00:00\" \/>\n<meta property=\"og:image\" content=\"https:\/\/ubanews.com\/site\/wp-content\/uploads\/2025\/09\/Fala-Sodre-Carlos-Gomes-Joao-Pe-de-Feijao-e-o-Livro-e-o-Lancamento.jpg\" \/>\n\t<meta property=\"og:image:width\" content=\"1010\" \/>\n\t<meta property=\"og:image:height\" content=\"528\" \/>\n\t<meta property=\"og:image:type\" content=\"image\/jpeg\" \/>\n<meta name=\"author\" content=\"Carlos Roberto Sodr\u00e9\" \/>\n<meta name=\"twitter:card\" content=\"summary_large_image\" \/>\n<meta name=\"twitter:label1\" content=\"Escrito por\" \/>\n\t<meta name=\"twitter:data1\" content=\"Carlos Roberto Sodr\u00e9\" \/>\n\t<meta name=\"twitter:label2\" content=\"Est. tempo de leitura\" \/>\n\t<meta name=\"twitter:data2\" content=\"3 minutos\" \/>\n<script type=\"application\/ld+json\" class=\"yoast-schema-graph\">{\"@context\":\"https:\/\/schema.org\",\"@graph\":[{\"@type\":\"Article\",\"@id\":\"https:\/\/ubanews.com\/site\/2025\/09\/23\/lancamento-do-livro-joao-pede-feijao\/#article\",\"isPartOf\":{\"@id\":\"https:\/\/ubanews.com\/site\/2025\/09\/23\/lancamento-do-livro-joao-pede-feijao\/\"},\"author\":{\"name\":\"Carlos Roberto Sodr\u00e9\",\"@id\":\"https:\/\/ubanews.com\/site\/#\/schema\/person\/9d8da9ec3c8d00640ab6e8c81e103310\"},\"headline\":\"Lan\u00e7amento do Livro Jo\u00e3o Pede Feij\u00e3o\",\"datePublished\":\"2025-09-23T14:05:58+00:00\",\"dateModified\":\"2025-09-23T16:32:40+00:00\",\"mainEntityOfPage\":{\"@id\":\"https:\/\/ubanews.com\/site\/2025\/09\/23\/lancamento-do-livro-joao-pede-feijao\/\"},\"wordCount\":465,\"commentCount\":0,\"publisher\":{\"@id\":\"https:\/\/ubanews.com\/site\/#organization\"},\"image\":{\"@id\":\"https:\/\/ubanews.com\/site\/2025\/09\/23\/lancamento-do-livro-joao-pede-feijao\/#primaryimage\"},\"thumbnailUrl\":\"https:\/\/ubanews.com\/site\/wp-content\/uploads\/2025\/09\/Fala-Sodre-Carlos-Gomes-Joao-Pe-de-Feijao-e-o-Livro-e-o-Lancamento.jpg\",\"keywords\":[\"AULE\",\"Fala Sodr\u00e9\",\"Jo\u00e3o P\u00e9 de Feij\u00e3o\",\"Livro\",\"Sodr\u00e9\",\"UBANEWS\"],\"articleSection\":[\"Geral\",\"Slide\"],\"inLanguage\":\"pt-BR\",\"potentialAction\":[{\"@type\":\"CommentAction\",\"name\":\"Comment\",\"target\":[\"https:\/\/ubanews.com\/site\/2025\/09\/23\/lancamento-do-livro-joao-pede-feijao\/#respond\"]}]},{\"@type\":\"WebPage\",\"@id\":\"https:\/\/ubanews.com\/site\/2025\/09\/23\/lancamento-do-livro-joao-pede-feijao\/\",\"url\":\"https:\/\/ubanews.com\/site\/2025\/09\/23\/lancamento-do-livro-joao-pede-feijao\/\",\"name\":\"Lan\u00e7amento do Livro Jo\u00e3o Pede Feij\u00e3o - Ub\u00e1 News\",\"isPartOf\":{\"@id\":\"https:\/\/ubanews.com\/site\/#website\"},\"primaryImageOfPage\":{\"@id\":\"https:\/\/ubanews.com\/site\/2025\/09\/23\/lancamento-do-livro-joao-pede-feijao\/#primaryimage\"},\"image\":{\"@id\":\"https:\/\/ubanews.com\/site\/2025\/09\/23\/lancamento-do-livro-joao-pede-feijao\/#primaryimage\"},\"thumbnailUrl\":\"https:\/\/ubanews.com\/site\/wp-content\/uploads\/2025\/09\/Fala-Sodre-Carlos-Gomes-Joao-Pe-de-Feijao-e-o-Livro-e-o-Lancamento.jpg\",\"datePublished\":\"2025-09-23T14:05:58+00:00\",\"dateModified\":\"2025-09-23T16:32:40+00:00\",\"description\":\"Lan\u00e7amento do livro Jo\u00e3o Pede Feij\u00e3o celebra educa\u00e7\u00e3o, criatividade e inclus\u00e3o social. Evento re\u00fane artistas, educadores e jornalistas.\",\"breadcrumb\":{\"@id\":\"https:\/\/ubanews.com\/site\/2025\/09\/23\/lancamento-do-livro-joao-pede-feijao\/#breadcrumb\"},\"inLanguage\":\"pt-BR\",\"potentialAction\":[{\"@type\":\"ReadAction\",\"target\":[\"https:\/\/ubanews.com\/site\/2025\/09\/23\/lancamento-do-livro-joao-pede-feijao\/\"]}]},{\"@type\":\"ImageObject\",\"inLanguage\":\"pt-BR\",\"@id\":\"https:\/\/ubanews.com\/site\/2025\/09\/23\/lancamento-do-livro-joao-pede-feijao\/#primaryimage\",\"url\":\"https:\/\/ubanews.com\/site\/wp-content\/uploads\/2025\/09\/Fala-Sodre-Carlos-Gomes-Joao-Pe-de-Feijao-e-o-Livro-e-o-Lancamento.jpg\",\"contentUrl\":\"https:\/\/ubanews.com\/site\/wp-content\/uploads\/2025\/09\/Fala-Sodre-Carlos-Gomes-Joao-Pe-de-Feijao-e-o-Livro-e-o-Lancamento.jpg\",\"width\":1010,\"height\":528,\"caption\":\"Livro Jo\u00e3o P\u00e9 de Feij\u00e3o\"},{\"@type\":\"BreadcrumbList\",\"@id\":\"https:\/\/ubanews.com\/site\/2025\/09\/23\/lancamento-do-livro-joao-pede-feijao\/#breadcrumb\",\"itemListElement\":[{\"@type\":\"ListItem\",\"position\":1,\"name\":\"Home\",\"item\":\"https:\/\/ubanews.com\/site\/\"},{\"@type\":\"ListItem\",\"position\":2,\"name\":\"Lan\u00e7amento do Livro Jo\u00e3o Pede Feij\u00e3o\"}]},{\"@type\":\"WebSite\",\"@id\":\"https:\/\/ubanews.com\/site\/#website\",\"url\":\"https:\/\/ubanews.com\/site\/\",\"name\":\"Ub\u00e1 News\",\"description\":\"\",\"publisher\":{\"@id\":\"https:\/\/ubanews.com\/site\/#organization\"},\"potentialAction\":[{\"@type\":\"SearchAction\",\"target\":{\"@type\":\"EntryPoint\",\"urlTemplate\":\"https:\/\/ubanews.com\/site\/?s={search_term_string}\"},\"query-input\":{\"@type\":\"PropertyValueSpecification\",\"valueRequired\":true,\"valueName\":\"search_term_string\"}}],\"inLanguage\":\"pt-BR\"},{\"@type\":\"Organization\",\"@id\":\"https:\/\/ubanews.com\/site\/#organization\",\"name\":\"Ub\u00e1 News\",\"url\":\"https:\/\/ubanews.com\/site\/\",\"logo\":{\"@type\":\"ImageObject\",\"inLanguage\":\"pt-BR\",\"@id\":\"https:\/\/ubanews.com\/site\/#\/schema\/logo\/image\/\",\"url\":\"https:\/\/ubanews.com\/site\/wp-content\/uploads\/2018\/01\/logoubanews.png\",\"contentUrl\":\"https:\/\/ubanews.com\/site\/wp-content\/uploads\/2018\/01\/logoubanews.png\",\"width\":261,\"height\":99,\"caption\":\"Ub\u00e1 News\"},\"image\":{\"@id\":\"https:\/\/ubanews.com\/site\/#\/schema\/logo\/image\/\"},\"sameAs\":[\"https:\/\/www.facebook.com\/Ub\u00e1News-Carlos-Roberto-Sodr\u00e9-418778301977370\"]},{\"@type\":\"Person\",\"@id\":\"https:\/\/ubanews.com\/site\/#\/schema\/person\/9d8da9ec3c8d00640ab6e8c81e103310\",\"name\":\"Carlos Roberto Sodr\u00e9\",\"image\":{\"@type\":\"ImageObject\",\"inLanguage\":\"pt-BR\",\"@id\":\"https:\/\/secure.gravatar.com\/avatar\/aab322e8555b56c468614fafdab8a8f924e394cdc6cfd8232f77e9e4d123a133?s=96&d=mm&r=g\",\"url\":\"https:\/\/secure.gravatar.com\/avatar\/aab322e8555b56c468614fafdab8a8f924e394cdc6cfd8232f77e9e4d123a133?s=96&d=mm&r=g\",\"contentUrl\":\"https:\/\/secure.gravatar.com\/avatar\/aab322e8555b56c468614fafdab8a8f924e394cdc6cfd8232f77e9e4d123a133?s=96&d=mm&r=g\",\"caption\":\"Carlos Roberto Sodr\u00e9\"},\"url\":\"https:\/\/ubanews.com\/site\/author\/sodre\/\"}]}<\/script>\n<!-- \/ Yoast SEO plugin. -->","yoast_head_json":{"title":"Lan\u00e7amento do Livro Jo\u00e3o Pede Feij\u00e3o - Ub\u00e1 News","description":"Lan\u00e7amento do livro Jo\u00e3o Pede Feij\u00e3o celebra educa\u00e7\u00e3o, criatividade e inclus\u00e3o social. Evento re\u00fane artistas, educadores e jornalistas.","robots":{"index":"index","follow":"follow","max-snippet":"max-snippet:-1","max-image-preview":"max-image-preview:large","max-video-preview":"max-video-preview:-1"},"canonical":"https:\/\/ubanews.com\/site\/2025\/09\/23\/lancamento-do-livro-joao-pede-feijao\/","og_locale":"pt_BR","og_type":"article","og_title":"Lan\u00e7amento do Livro Jo\u00e3o Pede Feij\u00e3o - Ub\u00e1 News","og_description":"Lan\u00e7amento do livro Jo\u00e3o Pede Feij\u00e3o celebra educa\u00e7\u00e3o, criatividade e inclus\u00e3o social. Evento re\u00fane artistas, educadores e jornalistas.","og_url":"https:\/\/ubanews.com\/site\/2025\/09\/23\/lancamento-do-livro-joao-pede-feijao\/","og_site_name":"Ub\u00e1 News","article_publisher":"https:\/\/www.facebook.com\/Ub%c3%a1News-Carlos-Roberto-Sodr%c3%a9-418778301977370","article_published_time":"2025-09-23T14:05:58+00:00","article_modified_time":"2025-09-23T16:32:40+00:00","og_image":[{"width":1010,"height":528,"url":"https:\/\/ubanews.com\/site\/wp-content\/uploads\/2025\/09\/Fala-Sodre-Carlos-Gomes-Joao-Pe-de-Feijao-e-o-Livro-e-o-Lancamento.jpg","type":"image\/jpeg"}],"author":"Carlos Roberto Sodr\u00e9","twitter_card":"summary_large_image","twitter_misc":{"Escrito por":"Carlos Roberto Sodr\u00e9","Est. tempo de leitura":"3 minutos"},"schema":{"@context":"https:\/\/schema.org","@graph":[{"@type":"Article","@id":"https:\/\/ubanews.com\/site\/2025\/09\/23\/lancamento-do-livro-joao-pede-feijao\/#article","isPartOf":{"@id":"https:\/\/ubanews.com\/site\/2025\/09\/23\/lancamento-do-livro-joao-pede-feijao\/"},"author":{"name":"Carlos Roberto Sodr\u00e9","@id":"https:\/\/ubanews.com\/site\/#\/schema\/person\/9d8da9ec3c8d00640ab6e8c81e103310"},"headline":"Lan\u00e7amento do Livro Jo\u00e3o Pede Feij\u00e3o","datePublished":"2025-09-23T14:05:58+00:00","dateModified":"2025-09-23T16:32:40+00:00","mainEntityOfPage":{"@id":"https:\/\/ubanews.com\/site\/2025\/09\/23\/lancamento-do-livro-joao-pede-feijao\/"},"wordCount":465,"commentCount":0,"publisher":{"@id":"https:\/\/ubanews.com\/site\/#organization"},"image":{"@id":"https:\/\/ubanews.com\/site\/2025\/09\/23\/lancamento-do-livro-joao-pede-feijao\/#primaryimage"},"thumbnailUrl":"https:\/\/ubanews.com\/site\/wp-content\/uploads\/2025\/09\/Fala-Sodre-Carlos-Gomes-Joao-Pe-de-Feijao-e-o-Livro-e-o-Lancamento.jpg","keywords":["AULE","Fala Sodr\u00e9","Jo\u00e3o P\u00e9 de Feij\u00e3o","Livro","Sodr\u00e9","UBANEWS"],"articleSection":["Geral","Slide"],"inLanguage":"pt-BR","potentialAction":[{"@type":"CommentAction","name":"Comment","target":["https:\/\/ubanews.com\/site\/2025\/09\/23\/lancamento-do-livro-joao-pede-feijao\/#respond"]}]},{"@type":"WebPage","@id":"https:\/\/ubanews.com\/site\/2025\/09\/23\/lancamento-do-livro-joao-pede-feijao\/","url":"https:\/\/ubanews.com\/site\/2025\/09\/23\/lancamento-do-livro-joao-pede-feijao\/","name":"Lan\u00e7amento do Livro Jo\u00e3o Pede Feij\u00e3o - Ub\u00e1 News","isPartOf":{"@id":"https:\/\/ubanews.com\/site\/#website"},"primaryImageOfPage":{"@id":"https:\/\/ubanews.com\/site\/2025\/09\/23\/lancamento-do-livro-joao-pede-feijao\/#primaryimage"},"image":{"@id":"https:\/\/ubanews.com\/site\/2025\/09\/23\/lancamento-do-livro-joao-pede-feijao\/#primaryimage"},"thumbnailUrl":"https:\/\/ubanews.com\/site\/wp-content\/uploads\/2025\/09\/Fala-Sodre-Carlos-Gomes-Joao-Pe-de-Feijao-e-o-Livro-e-o-Lancamento.jpg","datePublished":"2025-09-23T14:05:58+00:00","dateModified":"2025-09-23T16:32:40+00:00","description":"Lan\u00e7amento do livro Jo\u00e3o Pede Feij\u00e3o celebra educa\u00e7\u00e3o, criatividade e inclus\u00e3o social. Evento re\u00fane artistas, educadores e jornalistas.","breadcrumb":{"@id":"https:\/\/ubanews.com\/site\/2025\/09\/23\/lancamento-do-livro-joao-pede-feijao\/#breadcrumb"},"inLanguage":"pt-BR","potentialAction":[{"@type":"ReadAction","target":["https:\/\/ubanews.com\/site\/2025\/09\/23\/lancamento-do-livro-joao-pede-feijao\/"]}]},{"@type":"ImageObject","inLanguage":"pt-BR","@id":"https:\/\/ubanews.com\/site\/2025\/09\/23\/lancamento-do-livro-joao-pede-feijao\/#primaryimage","url":"https:\/\/ubanews.com\/site\/wp-content\/uploads\/2025\/09\/Fala-Sodre-Carlos-Gomes-Joao-Pe-de-Feijao-e-o-Livro-e-o-Lancamento.jpg","contentUrl":"https:\/\/ubanews.com\/site\/wp-content\/uploads\/2025\/09\/Fala-Sodre-Carlos-Gomes-Joao-Pe-de-Feijao-e-o-Livro-e-o-Lancamento.jpg","width":1010,"height":528,"caption":"Livro Jo\u00e3o P\u00e9 de Feij\u00e3o"},{"@type":"BreadcrumbList","@id":"https:\/\/ubanews.com\/site\/2025\/09\/23\/lancamento-do-livro-joao-pede-feijao\/#breadcrumb","itemListElement":[{"@type":"ListItem","position":1,"name":"Home","item":"https:\/\/ubanews.com\/site\/"},{"@type":"ListItem","position":2,"name":"Lan\u00e7amento do Livro Jo\u00e3o Pede Feij\u00e3o"}]},{"@type":"WebSite","@id":"https:\/\/ubanews.com\/site\/#website","url":"https:\/\/ubanews.com\/site\/","name":"Ub\u00e1 News","description":"","publisher":{"@id":"https:\/\/ubanews.com\/site\/#organization"},"potentialAction":[{"@type":"SearchAction","target":{"@type":"EntryPoint","urlTemplate":"https:\/\/ubanews.com\/site\/?s={search_term_string}"},"query-input":{"@type":"PropertyValueSpecification","valueRequired":true,"valueName":"search_term_string"}}],"inLanguage":"pt-BR"},{"@type":"Organization","@id":"https:\/\/ubanews.com\/site\/#organization","name":"Ub\u00e1 News","url":"https:\/\/ubanews.com\/site\/","logo":{"@type":"ImageObject","inLanguage":"pt-BR","@id":"https:\/\/ubanews.com\/site\/#\/schema\/logo\/image\/","url":"https:\/\/ubanews.com\/site\/wp-content\/uploads\/2018\/01\/logoubanews.png","contentUrl":"https:\/\/ubanews.com\/site\/wp-content\/uploads\/2018\/01\/logoubanews.png","width":261,"height":99,"caption":"Ub\u00e1 News"},"image":{"@id":"https:\/\/ubanews.com\/site\/#\/schema\/logo\/image\/"},"sameAs":["https:\/\/www.facebook.com\/Ub\u00e1News-Carlos-Roberto-Sodr\u00e9-418778301977370"]},{"@type":"Person","@id":"https:\/\/ubanews.com\/site\/#\/schema\/person\/9d8da9ec3c8d00640ab6e8c81e103310","name":"Carlos Roberto Sodr\u00e9","image":{"@type":"ImageObject","inLanguage":"pt-BR","@id":"https:\/\/secure.gravatar.com\/avatar\/aab322e8555b56c468614fafdab8a8f924e394cdc6cfd8232f77e9e4d123a133?s=96&d=mm&r=g","url":"https:\/\/secure.gravatar.com\/avatar\/aab322e8555b56c468614fafdab8a8f924e394cdc6cfd8232f77e9e4d123a133?s=96&d=mm&r=g","contentUrl":"https:\/\/secure.gravatar.com\/avatar\/aab322e8555b56c468614fafdab8a8f924e394cdc6cfd8232f77e9e4d123a133?s=96&d=mm&r=g","caption":"Carlos Roberto Sodr\u00e9"},"url":"https:\/\/ubanews.com\/site\/author\/sodre\/"}]}},"_links":{"self":[{"href":"https:\/\/ubanews.com\/site\/wp-json\/wp\/v2\/posts\/22983","targetHints":{"allow":["GET"]}}],"collection":[{"href":"https:\/\/ubanews.com\/site\/wp-json\/wp\/v2\/posts"}],"about":[{"href":"https:\/\/ubanews.com\/site\/wp-json\/wp\/v2\/types\/post"}],"author":[{"embeddable":true,"href":"https:\/\/ubanews.com\/site\/wp-json\/wp\/v2\/users\/4"}],"replies":[{"embeddable":true,"href":"https:\/\/ubanews.com\/site\/wp-json\/wp\/v2\/comments?post=22983"}],"version-history":[{"count":0,"href":"https:\/\/ubanews.com\/site\/wp-json\/wp\/v2\/posts\/22983\/revisions"}],"wp:featuredmedia":[{"embeddable":true,"href":"https:\/\/ubanews.com\/site\/wp-json\/wp\/v2\/media\/22984"}],"wp:attachment":[{"href":"https:\/\/ubanews.com\/site\/wp-json\/wp\/v2\/media?parent=22983"}],"wp:term":[{"taxonomy":"category","embeddable":true,"href":"https:\/\/ubanews.com\/site\/wp-json\/wp\/v2\/categories?post=22983"},{"taxonomy":"post_tag","embeddable":true,"href":"https:\/\/ubanews.com\/site\/wp-json\/wp\/v2\/tags?post=22983"}],"curies":[{"name":"wp","href":"https:\/\/api.w.org\/{rel}","templated":true}]}}