{"id":22977,"date":"2025-09-22T14:36:40","date_gmt":"2025-09-22T17:36:40","guid":{"rendered":"https:\/\/ubanews.com\/site\/?p=22977"},"modified":"2025-09-22T14:43:10","modified_gmt":"2025-09-22T17:43:10","slug":"ary-barroso-encanta-novamente-a-praca-sao-januario-em-uba","status":"publish","type":"post","link":"https:\/\/ubanews.com\/site\/2025\/09\/22\/ary-barroso-encanta-novamente-a-praca-sao-januario-em-uba\/","title":{"rendered":"Ary Barroso encanta novamente a Pra\u00e7a S\u00e3o Janu\u00e1rio em Ub\u00e1"},"content":{"rendered":"<p>Ary Barroso encanta novamente a Pra\u00e7a S\u00e3o Janu\u00e1rio em Ub\u00e1.\u00a0<strong>Ub\u00e1 viveu um momento hist\u00f3rico no dia 3 de julho, data em que comemorou mais um anivers\u00e1rio como a Cidade Carinho.<\/strong> A celebra\u00e7\u00e3o foi marcada por eventos culturais e inaugura\u00e7\u00f5es que refor\u00e7am o compromisso da gest\u00e3o municipal com a valoriza\u00e7\u00e3o da hist\u00f3ria, da sa\u00fade e da educa\u00e7\u00e3o. O monumento de Ary Barroso, acompanhado de seu ic\u00f4nico piano, voltou a brilhar na Pra\u00e7a S\u00e3o Janu\u00e1rio, emocionando moradores e visitantes.<\/p>\n<h1>Ary Barroso encanta novamente a Pra\u00e7a S\u00e3o Janu\u00e1rio em Ub\u00e1<\/h1>\n<p><img decoding=\"async\" class=\"aligncenter size-medium wp-image-22978 lazyload\" data-src=\"https:\/\/ubanews.com\/site\/wp-content\/uploads\/2025\/09\/Fala-Sodre-Ary-Barroso-300x154.jpg\" alt=\"Ary Barroso\" width=\"300\" height=\"154\" data-srcset=\"https:\/\/ubanews.com\/site\/wp-content\/uploads\/2025\/09\/Fala-Sodre-Ary-Barroso-300x154.jpg 300w, https:\/\/ubanews.com\/site\/wp-content\/uploads\/2025\/09\/Fala-Sodre-Ary-Barroso-768x394.jpg 768w, https:\/\/ubanews.com\/site\/wp-content\/uploads\/2025\/09\/Fala-Sodre-Ary-Barroso.jpg 1007w\" data-sizes=\"(max-width: 300px) 100vw, 300px\" src=\"data:image\/svg+xml;base64,PHN2ZyB3aWR0aD0iMSIgaGVpZ2h0PSIxIiB4bWxucz0iaHR0cDovL3d3dy53My5vcmcvMjAwMC9zdmciPjwvc3ZnPg==\" style=\"--smush-placeholder-width: 300px; --smush-placeholder-aspect-ratio: 300\/154;\" \/><\/p>\n<p>A cerim\u00f4nia foi promovida pela gest\u00e3o do Prefeito Professor Jos\u00e9 Damato e do Vice Cabo Rominho, com lideran\u00e7a da Secret\u00e1ria de Cultura e Turismo, Alessandra Labanca. O registro foi ao ar no dia 4 de julho pelo <strong>Portal UbaNews \u2013 Canal Fala Sodr\u00e9<\/strong>, atrav\u00e9s do rep\u00f3rter <strong>Carlos Roberto Sodr\u00e9<\/strong>, com imagens de <strong>Laisa Sodr\u00e9<\/strong>. A produ\u00e7\u00e3o de conte\u00fado ficou por conta de <strong>Pedro Henriques (INDICCA.COM)<\/strong>.<\/p>\n<h1>Monumento de Ary Barroso refor\u00e7a identidade cultural de Ub\u00e1<\/h1>\n<p>A presen\u00e7a do monumento de Ary Barroso na Pra\u00e7a S\u00e3o Janu\u00e1rio representa mais do que uma homenagem. \u00c9 um s\u00edmbolo da identidade cultural de Ub\u00e1, cidade natal de um dos maiores nomes da m\u00fasica brasileira. A revitaliza\u00e7\u00e3o do espa\u00e7o p\u00fablico transforma a pra\u00e7a em um ambiente de conviv\u00eancia, aprendizado e inspira\u00e7\u00e3o.<\/p>\n<p>A obra de Ary Barroso atravessa gera\u00e7\u00f5es e continua influenciando artistas, educadores e amantes da m\u00fasica. A cerim\u00f4nia destacou a import\u00e2ncia de preservar a mem\u00f3ria cultural e incentivar a arte como ferramenta de transforma\u00e7\u00e3o social.<\/p>\n<h1>Inaugura\u00e7\u00e3o da Pediatria 24h fortalece sa\u00fade p\u00fablica em Ub\u00e1<\/h1>\n<p>No mesmo dia festivo, a cidade celebrou a inaugura\u00e7\u00e3o da nova unidade de <strong>Pediatria 24 horas<\/strong> no Hospital S\u00e3o Vicente de Paulo. O servi\u00e7o garante atendimento cont\u00ednuo para crian\u00e7as e adolescentes, inclusive aos s\u00e1bados, domingos e feriados. A iniciativa representa um avan\u00e7o significativo na sa\u00fade p\u00fablica de Ub\u00e1.<\/p>\n<p>Autoridades locais ressaltaram que a unidade j\u00e1 se destaca como uma das melhores do estado de Minas Gerais. A estrutura moderna e a equipe especializada oferecem atendimento humanizado, refor\u00e7ando o cuidado com as fam\u00edlias ubaenses.<\/p>\n<p><img decoding=\"async\" class=\"aligncenter size-medium wp-image-22979 lazyload\" data-src=\"https:\/\/ubanews.com\/site\/wp-content\/uploads\/2025\/09\/Fala-Sodre-Prefeito-Prof-Jose-Damato-e-Vice-Prefeito-Cabo-Rominho-dia-de-aniversario-da-cidade-e-muitas-inauguracoes-300x154.jpg\" alt=\"Fala Sodr\u00e9 - Prefeito Prof Jos\u00e9 Damato e Vice Prefeito Cabo Rominho dia de anivers\u00e3rio da cidade e muitas inaugura\u00e7\u00f5es\" width=\"300\" height=\"154\" data-srcset=\"https:\/\/ubanews.com\/site\/wp-content\/uploads\/2025\/09\/Fala-Sodre-Prefeito-Prof-Jose-Damato-e-Vice-Prefeito-Cabo-Rominho-dia-de-aniversario-da-cidade-e-muitas-inauguracoes-300x154.jpg 300w, https:\/\/ubanews.com\/site\/wp-content\/uploads\/2025\/09\/Fala-Sodre-Prefeito-Prof-Jose-Damato-e-Vice-Prefeito-Cabo-Rominho-dia-de-aniversario-da-cidade-e-muitas-inauguracoes-768x395.jpg 768w, https:\/\/ubanews.com\/site\/wp-content\/uploads\/2025\/09\/Fala-Sodre-Prefeito-Prof-Jose-Damato-e-Vice-Prefeito-Cabo-Rominho-dia-de-aniversario-da-cidade-e-muitas-inauguracoes.jpg 1007w\" data-sizes=\"(max-width: 300px) 100vw, 300px\" src=\"data:image\/svg+xml;base64,PHN2ZyB3aWR0aD0iMSIgaGVpZ2h0PSIxIiB4bWxucz0iaHR0cDovL3d3dy53My5vcmcvMjAwMC9zdmciPjwvc3ZnPg==\" style=\"--smush-placeholder-width: 300px; --smush-placeholder-aspect-ratio: 300\/154;\" \/><\/p>\n<h1>Cultura, sa\u00fade e educa\u00e7\u00e3o caminham juntas em Ub\u00e1<\/h1>\n<p>A uni\u00e3o entre cultura, sa\u00fade e educa\u00e7\u00e3o foi celebrada como essencial para o desenvolvimento da cidade. Ub\u00e1 investe em centros de atendimento educacional, inclus\u00e3o de crian\u00e7as neuroat\u00edpicas e parcerias com institui\u00e7\u00f5es p\u00fablicas e privadas. A comunidade reconhece que o progresso depende da colabora\u00e7\u00e3o entre governo, sociedade civil e iniciativa privada.<\/p>\n<p>Empres\u00e1rios, educadores e artistas participaram ativamente das celebra\u00e7\u00f5es. A Secretaria de Cultura busca constantemente apoio para realizar eventos e projetos que valorizem o patrim\u00f4nio local e promovam cidadania.<\/p>\n<h1>Ub\u00e1 celebra conquistas com orgulho e esperan\u00e7a<\/h1>\n<p>Ub\u00e1 reafirma seu orgulho de ser ber\u00e7o de Ary Barroso e de tantas outras hist\u00f3rias que constroem sua identidade. A cidade celebra seu anivers\u00e1rio com coragem, garra e esperan\u00e7a. O monumento na Pra\u00e7a S\u00e3o Janu\u00e1rio e a inaugura\u00e7\u00e3o da Pediatria 24h s\u00e3o marcos de uma gest\u00e3o que acredita na for\u00e7a da arte, da sa\u00fade e da educa\u00e7\u00e3o para transformar vidas.<\/p>\n<p><iframe title=\"Fala Sodr\u00e9 - Ub\u00e1 168 anos, Damato e Rominho devolvem Ary Barroso \u00e0 pra\u00e7a S\u00e3o Janu\u00e1rio 04\/07\/2025\" width=\"840\" height=\"473\" data-src=\"https:\/\/www.youtube.com\/embed\/ImKRvXSPO_I?feature=oembed\" frameborder=\"0\" allow=\"accelerometer; autoplay; clipboard-write; encrypted-media; gyroscope; picture-in-picture; web-share\" referrerpolicy=\"strict-origin-when-cross-origin\" allowfullscreen src=\"data:image\/svg+xml;base64,PHN2ZyB3aWR0aD0iMSIgaGVpZ2h0PSIxIiB4bWxucz0iaHR0cDovL3d3dy53My5vcmcvMjAwMC9zdmciPjwvc3ZnPg==\" class=\"lazyload\" data-load-mode=\"1\"><\/iframe><\/p>\n<p><strong data-start=\"3080\" data-end=\"3095\">Assinatura:<\/strong><br data-start=\"3095\" data-end=\"3098\" \/><em data-start=\"3098\" data-end=\"3199\">Reportagem de Carlos Roberto Sodr\u00e9 | Imagens: Laisa Sodr\u00e9 | Conte\u00fado:\u00a0<a href=\"https:\/\/www.linkedin.com\/in\/pedrohgf\/\" target=\"_blank\" rel=\"noopener\">Pedro Henriques<\/a>\u00a0\u2013\u00a0<a href=\"https:\/\/www.linkedin.com\/company\/indicca-tecnologia\/\" target=\"_blank\" rel=\"noopener\">INDICCA.COM<\/a><\/em><\/p>\n","protected":false},"excerpt":{"rendered":"<p>Ary Barroso encanta novamente a Pra\u00e7a S\u00e3o Janu\u00e1rio em Ub\u00e1.\u00a0Ub\u00e1<\/p>\n","protected":false},"author":4,"featured_media":22978,"comment_status":"open","ping_status":"open","sticky":false,"template":"","format":"standard","meta":{"footnotes":""},"categories":[1,3],"tags":[96,59,97,67,60],"class_list":["post-22977","post","type-post","status-publish","format-standard","has-post-thumbnail","hentry","category-sem-categoria","category-slide","tag-ary-barroso","tag-fala-sodre","tag-praca-sao-januario","tag-sodre","tag-ubanews"],"yoast_head":"<!-- This site is optimized with the Yoast SEO plugin v27.2 - https:\/\/yoast.com\/product\/yoast-seo-wordpress\/ -->\n<title>Ary Barroso encanta novamente a Pra\u00e7a S\u00e3o Janu\u00e1rio em Ub\u00e1 - Ub\u00e1 News<\/title>\n<meta name=\"description\" content=\"Ub\u00e1 celebra anivers\u00e1rio com retorno do monumento de Ary Barroso \u00e0 Pra\u00e7a S\u00e3o Janu\u00e1rio e inaugura\u00e7\u00e3o da Pediatria 24h.\" \/>\n<meta name=\"robots\" content=\"index, follow, max-snippet:-1, max-image-preview:large, max-video-preview:-1\" \/>\n<link rel=\"canonical\" href=\"https:\/\/ubanews.com\/site\/2025\/09\/22\/ary-barroso-encanta-novamente-a-praca-sao-januario-em-uba\/\" \/>\n<meta property=\"og:locale\" content=\"pt_BR\" \/>\n<meta property=\"og:type\" content=\"article\" \/>\n<meta property=\"og:title\" content=\"Ary Barroso encanta novamente a Pra\u00e7a S\u00e3o Janu\u00e1rio em Ub\u00e1 - Ub\u00e1 News\" \/>\n<meta property=\"og:description\" content=\"Ub\u00e1 celebra anivers\u00e1rio com retorno do monumento de Ary Barroso \u00e0 Pra\u00e7a S\u00e3o Janu\u00e1rio e inaugura\u00e7\u00e3o da Pediatria 24h.\" \/>\n<meta property=\"og:url\" content=\"https:\/\/ubanews.com\/site\/2025\/09\/22\/ary-barroso-encanta-novamente-a-praca-sao-januario-em-uba\/\" \/>\n<meta property=\"og:site_name\" content=\"Ub\u00e1 News\" \/>\n<meta property=\"article:publisher\" content=\"https:\/\/www.facebook.com\/Ub%c3%a1News-Carlos-Roberto-Sodr%c3%a9-418778301977370\" \/>\n<meta property=\"article:published_time\" content=\"2025-09-22T17:36:40+00:00\" \/>\n<meta property=\"article:modified_time\" content=\"2025-09-22T17:43:10+00:00\" \/>\n<meta property=\"og:image\" content=\"https:\/\/ubanews.com\/site\/wp-content\/uploads\/2025\/09\/Fala-Sodre-Ary-Barroso.jpg\" \/>\n\t<meta property=\"og:image:width\" content=\"1007\" \/>\n\t<meta property=\"og:image:height\" content=\"516\" \/>\n\t<meta property=\"og:image:type\" content=\"image\/jpeg\" \/>\n<meta name=\"author\" content=\"Carlos Roberto Sodr\u00e9\" \/>\n<meta name=\"twitter:card\" content=\"summary_large_image\" \/>\n<meta name=\"twitter:label1\" content=\"Escrito por\" \/>\n\t<meta name=\"twitter:data1\" content=\"Carlos Roberto Sodr\u00e9\" \/>\n\t<meta name=\"twitter:label2\" content=\"Est. tempo de leitura\" \/>\n\t<meta name=\"twitter:data2\" content=\"4 minutos\" \/>\n<script type=\"application\/ld+json\" class=\"yoast-schema-graph\">{\"@context\":\"https:\/\/schema.org\",\"@graph\":[{\"@type\":\"Article\",\"@id\":\"https:\/\/ubanews.com\/site\/2025\/09\/22\/ary-barroso-encanta-novamente-a-praca-sao-januario-em-uba\/#article\",\"isPartOf\":{\"@id\":\"https:\/\/ubanews.com\/site\/2025\/09\/22\/ary-barroso-encanta-novamente-a-praca-sao-januario-em-uba\/\"},\"author\":{\"name\":\"Carlos Roberto Sodr\u00e9\",\"@id\":\"https:\/\/ubanews.com\/site\/#\/schema\/person\/9d8da9ec3c8d00640ab6e8c81e103310\"},\"headline\":\"Ary Barroso encanta novamente a Pra\u00e7a S\u00e3o Janu\u00e1rio em Ub\u00e1\",\"datePublished\":\"2025-09-22T17:36:40+00:00\",\"dateModified\":\"2025-09-22T17:43:10+00:00\",\"mainEntityOfPage\":{\"@id\":\"https:\/\/ubanews.com\/site\/2025\/09\/22\/ary-barroso-encanta-novamente-a-praca-sao-januario-em-uba\/\"},\"wordCount\":617,\"commentCount\":0,\"publisher\":{\"@id\":\"https:\/\/ubanews.com\/site\/#organization\"},\"image\":{\"@id\":\"https:\/\/ubanews.com\/site\/2025\/09\/22\/ary-barroso-encanta-novamente-a-praca-sao-januario-em-uba\/#primaryimage\"},\"thumbnailUrl\":\"https:\/\/ubanews.com\/site\/wp-content\/uploads\/2025\/09\/Fala-Sodre-Ary-Barroso.jpg\",\"keywords\":[\"Ary Barroso\",\"Fala Sodr\u00e9\",\"Pra\u00e7a S\u00e3o Janu\u00e1rio\",\"Sodr\u00e9\",\"UBANEWS\"],\"articleSection\":[\"Geral\",\"Slide\"],\"inLanguage\":\"pt-BR\",\"potentialAction\":[{\"@type\":\"CommentAction\",\"name\":\"Comment\",\"target\":[\"https:\/\/ubanews.com\/site\/2025\/09\/22\/ary-barroso-encanta-novamente-a-praca-sao-januario-em-uba\/#respond\"]}]},{\"@type\":\"WebPage\",\"@id\":\"https:\/\/ubanews.com\/site\/2025\/09\/22\/ary-barroso-encanta-novamente-a-praca-sao-januario-em-uba\/\",\"url\":\"https:\/\/ubanews.com\/site\/2025\/09\/22\/ary-barroso-encanta-novamente-a-praca-sao-januario-em-uba\/\",\"name\":\"Ary Barroso encanta novamente a Pra\u00e7a S\u00e3o Janu\u00e1rio em Ub\u00e1 - Ub\u00e1 News\",\"isPartOf\":{\"@id\":\"https:\/\/ubanews.com\/site\/#website\"},\"primaryImageOfPage\":{\"@id\":\"https:\/\/ubanews.com\/site\/2025\/09\/22\/ary-barroso-encanta-novamente-a-praca-sao-januario-em-uba\/#primaryimage\"},\"image\":{\"@id\":\"https:\/\/ubanews.com\/site\/2025\/09\/22\/ary-barroso-encanta-novamente-a-praca-sao-januario-em-uba\/#primaryimage\"},\"thumbnailUrl\":\"https:\/\/ubanews.com\/site\/wp-content\/uploads\/2025\/09\/Fala-Sodre-Ary-Barroso.jpg\",\"datePublished\":\"2025-09-22T17:36:40+00:00\",\"dateModified\":\"2025-09-22T17:43:10+00:00\",\"description\":\"Ub\u00e1 celebra anivers\u00e1rio com retorno do monumento de Ary Barroso \u00e0 Pra\u00e7a S\u00e3o Janu\u00e1rio e inaugura\u00e7\u00e3o da Pediatria 24h.\",\"breadcrumb\":{\"@id\":\"https:\/\/ubanews.com\/site\/2025\/09\/22\/ary-barroso-encanta-novamente-a-praca-sao-januario-em-uba\/#breadcrumb\"},\"inLanguage\":\"pt-BR\",\"potentialAction\":[{\"@type\":\"ReadAction\",\"target\":[\"https:\/\/ubanews.com\/site\/2025\/09\/22\/ary-barroso-encanta-novamente-a-praca-sao-januario-em-uba\/\"]}]},{\"@type\":\"ImageObject\",\"inLanguage\":\"pt-BR\",\"@id\":\"https:\/\/ubanews.com\/site\/2025\/09\/22\/ary-barroso-encanta-novamente-a-praca-sao-januario-em-uba\/#primaryimage\",\"url\":\"https:\/\/ubanews.com\/site\/wp-content\/uploads\/2025\/09\/Fala-Sodre-Ary-Barroso.jpg\",\"contentUrl\":\"https:\/\/ubanews.com\/site\/wp-content\/uploads\/2025\/09\/Fala-Sodre-Ary-Barroso.jpg\",\"width\":1007,\"height\":516,\"caption\":\"Ary Barroso\"},{\"@type\":\"BreadcrumbList\",\"@id\":\"https:\/\/ubanews.com\/site\/2025\/09\/22\/ary-barroso-encanta-novamente-a-praca-sao-januario-em-uba\/#breadcrumb\",\"itemListElement\":[{\"@type\":\"ListItem\",\"position\":1,\"name\":\"Home\",\"item\":\"https:\/\/ubanews.com\/site\/\"},{\"@type\":\"ListItem\",\"position\":2,\"name\":\"Ary Barroso encanta novamente a Pra\u00e7a S\u00e3o Janu\u00e1rio em Ub\u00e1\"}]},{\"@type\":\"WebSite\",\"@id\":\"https:\/\/ubanews.com\/site\/#website\",\"url\":\"https:\/\/ubanews.com\/site\/\",\"name\":\"Ub\u00e1 News\",\"description\":\"\",\"publisher\":{\"@id\":\"https:\/\/ubanews.com\/site\/#organization\"},\"potentialAction\":[{\"@type\":\"SearchAction\",\"target\":{\"@type\":\"EntryPoint\",\"urlTemplate\":\"https:\/\/ubanews.com\/site\/?s={search_term_string}\"},\"query-input\":{\"@type\":\"PropertyValueSpecification\",\"valueRequired\":true,\"valueName\":\"search_term_string\"}}],\"inLanguage\":\"pt-BR\"},{\"@type\":\"Organization\",\"@id\":\"https:\/\/ubanews.com\/site\/#organization\",\"name\":\"Ub\u00e1 News\",\"url\":\"https:\/\/ubanews.com\/site\/\",\"logo\":{\"@type\":\"ImageObject\",\"inLanguage\":\"pt-BR\",\"@id\":\"https:\/\/ubanews.com\/site\/#\/schema\/logo\/image\/\",\"url\":\"https:\/\/ubanews.com\/site\/wp-content\/uploads\/2018\/01\/logoubanews.png\",\"contentUrl\":\"https:\/\/ubanews.com\/site\/wp-content\/uploads\/2018\/01\/logoubanews.png\",\"width\":261,\"height\":99,\"caption\":\"Ub\u00e1 News\"},\"image\":{\"@id\":\"https:\/\/ubanews.com\/site\/#\/schema\/logo\/image\/\"},\"sameAs\":[\"https:\/\/www.facebook.com\/Ub\u00e1News-Carlos-Roberto-Sodr\u00e9-418778301977370\"]},{\"@type\":\"Person\",\"@id\":\"https:\/\/ubanews.com\/site\/#\/schema\/person\/9d8da9ec3c8d00640ab6e8c81e103310\",\"name\":\"Carlos Roberto Sodr\u00e9\",\"image\":{\"@type\":\"ImageObject\",\"inLanguage\":\"pt-BR\",\"@id\":\"https:\/\/secure.gravatar.com\/avatar\/aab322e8555b56c468614fafdab8a8f924e394cdc6cfd8232f77e9e4d123a133?s=96&d=mm&r=g\",\"url\":\"https:\/\/secure.gravatar.com\/avatar\/aab322e8555b56c468614fafdab8a8f924e394cdc6cfd8232f77e9e4d123a133?s=96&d=mm&r=g\",\"contentUrl\":\"https:\/\/secure.gravatar.com\/avatar\/aab322e8555b56c468614fafdab8a8f924e394cdc6cfd8232f77e9e4d123a133?s=96&d=mm&r=g\",\"caption\":\"Carlos Roberto Sodr\u00e9\"},\"url\":\"https:\/\/ubanews.com\/site\/author\/sodre\/\"}]}<\/script>\n<!-- \/ Yoast SEO plugin. -->","yoast_head_json":{"title":"Ary Barroso encanta novamente a Pra\u00e7a S\u00e3o Janu\u00e1rio em Ub\u00e1 - Ub\u00e1 News","description":"Ub\u00e1 celebra anivers\u00e1rio com retorno do monumento de Ary Barroso \u00e0 Pra\u00e7a S\u00e3o Janu\u00e1rio e inaugura\u00e7\u00e3o da Pediatria 24h.","robots":{"index":"index","follow":"follow","max-snippet":"max-snippet:-1","max-image-preview":"max-image-preview:large","max-video-preview":"max-video-preview:-1"},"canonical":"https:\/\/ubanews.com\/site\/2025\/09\/22\/ary-barroso-encanta-novamente-a-praca-sao-januario-em-uba\/","og_locale":"pt_BR","og_type":"article","og_title":"Ary Barroso encanta novamente a Pra\u00e7a S\u00e3o Janu\u00e1rio em Ub\u00e1 - Ub\u00e1 News","og_description":"Ub\u00e1 celebra anivers\u00e1rio com retorno do monumento de Ary Barroso \u00e0 Pra\u00e7a S\u00e3o Janu\u00e1rio e inaugura\u00e7\u00e3o da Pediatria 24h.","og_url":"https:\/\/ubanews.com\/site\/2025\/09\/22\/ary-barroso-encanta-novamente-a-praca-sao-januario-em-uba\/","og_site_name":"Ub\u00e1 News","article_publisher":"https:\/\/www.facebook.com\/Ub%c3%a1News-Carlos-Roberto-Sodr%c3%a9-418778301977370","article_published_time":"2025-09-22T17:36:40+00:00","article_modified_time":"2025-09-22T17:43:10+00:00","og_image":[{"width":1007,"height":516,"url":"https:\/\/ubanews.com\/site\/wp-content\/uploads\/2025\/09\/Fala-Sodre-Ary-Barroso.jpg","type":"image\/jpeg"}],"author":"Carlos Roberto Sodr\u00e9","twitter_card":"summary_large_image","twitter_misc":{"Escrito por":"Carlos Roberto Sodr\u00e9","Est. tempo de leitura":"4 minutos"},"schema":{"@context":"https:\/\/schema.org","@graph":[{"@type":"Article","@id":"https:\/\/ubanews.com\/site\/2025\/09\/22\/ary-barroso-encanta-novamente-a-praca-sao-januario-em-uba\/#article","isPartOf":{"@id":"https:\/\/ubanews.com\/site\/2025\/09\/22\/ary-barroso-encanta-novamente-a-praca-sao-januario-em-uba\/"},"author":{"name":"Carlos Roberto Sodr\u00e9","@id":"https:\/\/ubanews.com\/site\/#\/schema\/person\/9d8da9ec3c8d00640ab6e8c81e103310"},"headline":"Ary Barroso encanta novamente a Pra\u00e7a S\u00e3o Janu\u00e1rio em Ub\u00e1","datePublished":"2025-09-22T17:36:40+00:00","dateModified":"2025-09-22T17:43:10+00:00","mainEntityOfPage":{"@id":"https:\/\/ubanews.com\/site\/2025\/09\/22\/ary-barroso-encanta-novamente-a-praca-sao-januario-em-uba\/"},"wordCount":617,"commentCount":0,"publisher":{"@id":"https:\/\/ubanews.com\/site\/#organization"},"image":{"@id":"https:\/\/ubanews.com\/site\/2025\/09\/22\/ary-barroso-encanta-novamente-a-praca-sao-januario-em-uba\/#primaryimage"},"thumbnailUrl":"https:\/\/ubanews.com\/site\/wp-content\/uploads\/2025\/09\/Fala-Sodre-Ary-Barroso.jpg","keywords":["Ary Barroso","Fala Sodr\u00e9","Pra\u00e7a S\u00e3o Janu\u00e1rio","Sodr\u00e9","UBANEWS"],"articleSection":["Geral","Slide"],"inLanguage":"pt-BR","potentialAction":[{"@type":"CommentAction","name":"Comment","target":["https:\/\/ubanews.com\/site\/2025\/09\/22\/ary-barroso-encanta-novamente-a-praca-sao-januario-em-uba\/#respond"]}]},{"@type":"WebPage","@id":"https:\/\/ubanews.com\/site\/2025\/09\/22\/ary-barroso-encanta-novamente-a-praca-sao-januario-em-uba\/","url":"https:\/\/ubanews.com\/site\/2025\/09\/22\/ary-barroso-encanta-novamente-a-praca-sao-januario-em-uba\/","name":"Ary Barroso encanta novamente a Pra\u00e7a S\u00e3o Janu\u00e1rio em Ub\u00e1 - Ub\u00e1 News","isPartOf":{"@id":"https:\/\/ubanews.com\/site\/#website"},"primaryImageOfPage":{"@id":"https:\/\/ubanews.com\/site\/2025\/09\/22\/ary-barroso-encanta-novamente-a-praca-sao-januario-em-uba\/#primaryimage"},"image":{"@id":"https:\/\/ubanews.com\/site\/2025\/09\/22\/ary-barroso-encanta-novamente-a-praca-sao-januario-em-uba\/#primaryimage"},"thumbnailUrl":"https:\/\/ubanews.com\/site\/wp-content\/uploads\/2025\/09\/Fala-Sodre-Ary-Barroso.jpg","datePublished":"2025-09-22T17:36:40+00:00","dateModified":"2025-09-22T17:43:10+00:00","description":"Ub\u00e1 celebra anivers\u00e1rio com retorno do monumento de Ary Barroso \u00e0 Pra\u00e7a S\u00e3o Janu\u00e1rio e inaugura\u00e7\u00e3o da Pediatria 24h.","breadcrumb":{"@id":"https:\/\/ubanews.com\/site\/2025\/09\/22\/ary-barroso-encanta-novamente-a-praca-sao-januario-em-uba\/#breadcrumb"},"inLanguage":"pt-BR","potentialAction":[{"@type":"ReadAction","target":["https:\/\/ubanews.com\/site\/2025\/09\/22\/ary-barroso-encanta-novamente-a-praca-sao-januario-em-uba\/"]}]},{"@type":"ImageObject","inLanguage":"pt-BR","@id":"https:\/\/ubanews.com\/site\/2025\/09\/22\/ary-barroso-encanta-novamente-a-praca-sao-januario-em-uba\/#primaryimage","url":"https:\/\/ubanews.com\/site\/wp-content\/uploads\/2025\/09\/Fala-Sodre-Ary-Barroso.jpg","contentUrl":"https:\/\/ubanews.com\/site\/wp-content\/uploads\/2025\/09\/Fala-Sodre-Ary-Barroso.jpg","width":1007,"height":516,"caption":"Ary Barroso"},{"@type":"BreadcrumbList","@id":"https:\/\/ubanews.com\/site\/2025\/09\/22\/ary-barroso-encanta-novamente-a-praca-sao-januario-em-uba\/#breadcrumb","itemListElement":[{"@type":"ListItem","position":1,"name":"Home","item":"https:\/\/ubanews.com\/site\/"},{"@type":"ListItem","position":2,"name":"Ary Barroso encanta novamente a Pra\u00e7a S\u00e3o Janu\u00e1rio em Ub\u00e1"}]},{"@type":"WebSite","@id":"https:\/\/ubanews.com\/site\/#website","url":"https:\/\/ubanews.com\/site\/","name":"Ub\u00e1 News","description":"","publisher":{"@id":"https:\/\/ubanews.com\/site\/#organization"},"potentialAction":[{"@type":"SearchAction","target":{"@type":"EntryPoint","urlTemplate":"https:\/\/ubanews.com\/site\/?s={search_term_string}"},"query-input":{"@type":"PropertyValueSpecification","valueRequired":true,"valueName":"search_term_string"}}],"inLanguage":"pt-BR"},{"@type":"Organization","@id":"https:\/\/ubanews.com\/site\/#organization","name":"Ub\u00e1 News","url":"https:\/\/ubanews.com\/site\/","logo":{"@type":"ImageObject","inLanguage":"pt-BR","@id":"https:\/\/ubanews.com\/site\/#\/schema\/logo\/image\/","url":"https:\/\/ubanews.com\/site\/wp-content\/uploads\/2018\/01\/logoubanews.png","contentUrl":"https:\/\/ubanews.com\/site\/wp-content\/uploads\/2018\/01\/logoubanews.png","width":261,"height":99,"caption":"Ub\u00e1 News"},"image":{"@id":"https:\/\/ubanews.com\/site\/#\/schema\/logo\/image\/"},"sameAs":["https:\/\/www.facebook.com\/Ub\u00e1News-Carlos-Roberto-Sodr\u00e9-418778301977370"]},{"@type":"Person","@id":"https:\/\/ubanews.com\/site\/#\/schema\/person\/9d8da9ec3c8d00640ab6e8c81e103310","name":"Carlos Roberto Sodr\u00e9","image":{"@type":"ImageObject","inLanguage":"pt-BR","@id":"https:\/\/secure.gravatar.com\/avatar\/aab322e8555b56c468614fafdab8a8f924e394cdc6cfd8232f77e9e4d123a133?s=96&d=mm&r=g","url":"https:\/\/secure.gravatar.com\/avatar\/aab322e8555b56c468614fafdab8a8f924e394cdc6cfd8232f77e9e4d123a133?s=96&d=mm&r=g","contentUrl":"https:\/\/secure.gravatar.com\/avatar\/aab322e8555b56c468614fafdab8a8f924e394cdc6cfd8232f77e9e4d123a133?s=96&d=mm&r=g","caption":"Carlos Roberto Sodr\u00e9"},"url":"https:\/\/ubanews.com\/site\/author\/sodre\/"}]}},"_links":{"self":[{"href":"https:\/\/ubanews.com\/site\/wp-json\/wp\/v2\/posts\/22977","targetHints":{"allow":["GET"]}}],"collection":[{"href":"https:\/\/ubanews.com\/site\/wp-json\/wp\/v2\/posts"}],"about":[{"href":"https:\/\/ubanews.com\/site\/wp-json\/wp\/v2\/types\/post"}],"author":[{"embeddable":true,"href":"https:\/\/ubanews.com\/site\/wp-json\/wp\/v2\/users\/4"}],"replies":[{"embeddable":true,"href":"https:\/\/ubanews.com\/site\/wp-json\/wp\/v2\/comments?post=22977"}],"version-history":[{"count":0,"href":"https:\/\/ubanews.com\/site\/wp-json\/wp\/v2\/posts\/22977\/revisions"}],"wp:featuredmedia":[{"embeddable":true,"href":"https:\/\/ubanews.com\/site\/wp-json\/wp\/v2\/media\/22978"}],"wp:attachment":[{"href":"https:\/\/ubanews.com\/site\/wp-json\/wp\/v2\/media?parent=22977"}],"wp:term":[{"taxonomy":"category","embeddable":true,"href":"https:\/\/ubanews.com\/site\/wp-json\/wp\/v2\/categories?post=22977"},{"taxonomy":"post_tag","embeddable":true,"href":"https:\/\/ubanews.com\/site\/wp-json\/wp\/v2\/tags?post=22977"}],"curies":[{"name":"wp","href":"https:\/\/api.w.org\/{rel}","templated":true}]}}