{"id":22973,"date":"2025-09-20T10:07:02","date_gmt":"2025-09-20T13:07:02","guid":{"rendered":"https:\/\/ubanews.com\/site\/?p=22973"},"modified":"2025-09-20T10:14:47","modified_gmt":"2025-09-20T13:14:47","slug":"entrevista-com-o-secretario-de-planejamento-de-uba-antonio-geraldo","status":"publish","type":"post","link":"https:\/\/ubanews.com\/site\/2025\/09\/20\/entrevista-com-o-secretario-de-planejamento-de-uba-antonio-geraldo\/","title":{"rendered":"Entrevista com o Secret\u00e1rio de Planejamento de Ub\u00e1: Ant\u00f4nio Geraldo"},"content":{"rendered":"<p data-start=\"178\" data-end=\"283\">Entrevista com o Secret\u00e1rio de Planejamento de Ub\u00e1: Ant\u00f4nio Geraldo Alves fala sobre avan\u00e7os e desafios.\u00a0O <strong data-start=\"287\" data-end=\"307\">Canal Fala Sodr\u00e9<\/strong>, do Portal UbaNews, trouxe uma entrevista exclusiva com o <strong data-start=\"366\" data-end=\"426\">Secret\u00e1rio de Planejamento de Ub\u00e1, Ant\u00f4nio Geraldo Alves<\/strong>. A conversa foi conduzida pelo rep\u00f3rter <strong data-start=\"467\" data-end=\"491\">Carlos Roberto Sodr\u00e9<\/strong>, com imagens de <strong data-start=\"508\" data-end=\"523\">Laisa Sodr\u00e9<\/strong> e apoio de conte\u00fado de <strong data-start=\"547\" data-end=\"580\">Pedro Henriques (Indicca.com)<\/strong>. O encontro destacou a trajet\u00f3ria pol\u00edtica do secret\u00e1rio, os avan\u00e7os na gest\u00e3o atual e os principais investimentos que est\u00e3o em andamento no munic\u00edpio.<\/p>\n<h2 data-start=\"178\" data-end=\"283\">Entrevista com o Secret\u00e1rio de Planejamento de Ub\u00e1: Ant\u00f4nio Geraldo Alves fala sobre avan\u00e7os e desafios<\/h2>\n<p><a href=\"https:\/\/www.youtube.com\/live\/nP1dIiQrCuU?si=GS0vpOw8XQ7WDqo6\" target=\"_blank\" rel=\"noopener\"><img decoding=\"async\" class=\"aligncenter size-medium wp-image-22974 lazyload\" data-src=\"https:\/\/ubanews.com\/site\/wp-content\/uploads\/2025\/09\/Fala-Sodre-Secretario-Municipal-de-Planejamento-da-Cidade-de-Uba-Antonio-Geraldo-Alves-300x158.jpg\" alt=\"Fala Sodr\u00e9 - O Secret\u00e1rio de Planejamento Ant\u00f4nio Geraldo Alves \u00e9 o entrevistado hoje 18\/08\/2025\" width=\"300\" height=\"158\" data-srcset=\"https:\/\/ubanews.com\/site\/wp-content\/uploads\/2025\/09\/Fala-Sodre-Secretario-Municipal-de-Planejamento-da-Cidade-de-Uba-Antonio-Geraldo-Alves-300x158.jpg 300w, https:\/\/ubanews.com\/site\/wp-content\/uploads\/2025\/09\/Fala-Sodre-Secretario-Municipal-de-Planejamento-da-Cidade-de-Uba-Antonio-Geraldo-Alves-1024x539.jpg 1024w, https:\/\/ubanews.com\/site\/wp-content\/uploads\/2025\/09\/Fala-Sodre-Secretario-Municipal-de-Planejamento-da-Cidade-de-Uba-Antonio-Geraldo-Alves-768x405.jpg 768w, https:\/\/ubanews.com\/site\/wp-content\/uploads\/2025\/09\/Fala-Sodre-Secretario-Municipal-de-Planejamento-da-Cidade-de-Uba-Antonio-Geraldo-Alves.jpg 1344w\" data-sizes=\"(max-width: 300px) 100vw, 300px\" src=\"data:image\/svg+xml;base64,PHN2ZyB3aWR0aD0iMSIgaGVpZ2h0PSIxIiB4bWxucz0iaHR0cDovL3d3dy53My5vcmcvMjAwMC9zdmciPjwvc3ZnPg==\" style=\"--smush-placeholder-width: 300px; --smush-placeholder-aspect-ratio: 300\/158;\" \/><\/a><\/p>\n<h2 data-start=\"736\" data-end=\"773\">Uma vida dedicada \u00e0 gest\u00e3o p\u00fablica<\/h2>\n<p data-start=\"774\" data-end=\"1108\">Ant\u00f4nio Geraldo Alves relembrou sua trajet\u00f3ria pol\u00edtica. Ele come\u00e7ou como vereador, foi secret\u00e1rio de sa\u00fade e ocupou diferentes cargos de lideran\u00e7a. Com experi\u00eancia acumulada em d\u00e9cadas de vida p\u00fablica, o secret\u00e1rio refor\u00e7ou sua preocupa\u00e7\u00e3o em tomar decis\u00f5es baseadas em conhecimento t\u00e9cnico e em di\u00e1logo constante com a comunidade.<\/p>\n<h2 data-start=\"1110\" data-end=\"1143\">Avan\u00e7os no planejamento urbano<\/h2>\n<p data-start=\"1144\" data-end=\"1411\">Durante a entrevista, o secret\u00e1rio destacou a\u00e7\u00f5es na \u00e1rea de <strong data-start=\"1205\" data-end=\"1232\">regulariza\u00e7\u00e3o fundi\u00e1ria<\/strong>. Em apenas seis meses, o n\u00famero de im\u00f3veis sem documenta\u00e7\u00e3o foi reduzido pela metade. Esse avan\u00e7o representa seguran\u00e7a para os moradores e abre espa\u00e7o para novos investimentos.<\/p>\n<p data-start=\"1413\" data-end=\"1733\">Al\u00e9m disso, ele explicou que houve uma grande redu\u00e7\u00e3o no tempo de an\u00e1lise de projetos. Com uma equipe t\u00e9cnica dedicada, a Secretaria de Planejamento conseguiu dar agilidade \u00e0s demandas de empreendedores e cidad\u00e3os. Isso facilita o crescimento ordenado da cidade e fortalece a confian\u00e7a no trabalho da gest\u00e3o municipal.<\/p>\n<h2 data-start=\"1735\" data-end=\"1777\">Investimentos em sa\u00fade e infraestrutura<\/h2>\n<p data-start=\"1778\" data-end=\"2115\">Outro ponto de destaque foi o volume de <strong data-start=\"1818\" data-end=\"1849\">recursos destinados \u00e0 sa\u00fade<\/strong>. O secret\u00e1rio ressaltou o apoio do deputado federal <strong data-start=\"1902\" data-end=\"1921\">Reginaldo Lopes<\/strong>, que viabilizou investimentos importantes junto ao governo federal. Entre as obras em andamento est\u00e3o a constru\u00e7\u00e3o de novas unidades de atendimento e a moderniza\u00e7\u00e3o de servi\u00e7os j\u00e1 existentes.<\/p>\n<p data-start=\"2117\" data-end=\"2412\">Ele tamb\u00e9m lembrou que a cidade se prepara para receber projetos de infraestrutura capazes de gerar impacto positivo na qualidade de vida da popula\u00e7\u00e3o. Essas iniciativas incluem melhorias na mobilidade, amplia\u00e7\u00e3o de servi\u00e7os p\u00fablicos e parcerias estrat\u00e9gicas para atrair novos empreendimentos.<\/p>\n<h2 data-start=\"2414\" data-end=\"2442\">Parcerias e credibilidade<\/h2>\n<p data-start=\"2443\" data-end=\"2767\">Segundo Ant\u00f4nio Geraldo, os resultados conquistados at\u00e9 agora n\u00e3o seriam poss\u00edveis sem parcerias s\u00f3lidas. O di\u00e1logo com universidades, o governo estadual e o governo federal tem garantido avan\u00e7os importantes. Ele refor\u00e7ou que a credibilidade da gest\u00e3o e a transpar\u00eancia nos processos fortalecem a busca por novos recursos.<\/p>\n<h2 data-start=\"2769\" data-end=\"2791\">Compromisso com Ub\u00e1<\/h2>\n<p data-start=\"2792\" data-end=\"3073\">Ao encerrar a entrevista, o secret\u00e1rio reafirmou seu compromisso com a cidade. Para ele, cada conquista \u00e9 fruto de esfor\u00e7o coletivo e representa mais qualidade de vida para os moradores. Ele destacou que o planejamento \u00e9 o caminho para transformar ideias em resultados concretos.<\/p>\n<hr data-start=\"3075\" data-end=\"3078\" \/>\n<p data-start=\"3080\" data-end=\"3201\"><strong data-start=\"3080\" data-end=\"3095\">Assinatura:<\/strong><br data-start=\"3095\" data-end=\"3098\" \/><em data-start=\"3098\" data-end=\"3199\">Reportagem de Carlos Roberto Sodr\u00e9 | Imagens: Laisa Sodr\u00e9 | Conte\u00fado: <a href=\"https:\/\/www.linkedin.com\/in\/pedrohgf\/\" target=\"_blank\" rel=\"noopener\">Pedro Henriques<\/a> \u2013 <a href=\"https:\/\/www.linkedin.com\/company\/indicca-tecnologia\/\" target=\"_blank\" rel=\"noopener\">INDICCA.COM<\/a><\/em><\/p>\n<p><iframe title=\"Fala Sodr\u00e9 - O Secret\u00e1rio de Planejamento Ant\u00f4nio Geraldo Alves \u00e9 o entrevistado hoje 18\/08\/2025\" width=\"840\" height=\"473\" data-src=\"https:\/\/www.youtube.com\/embed\/nP1dIiQrCuU?feature=oembed\" frameborder=\"0\" allow=\"accelerometer; autoplay; clipboard-write; encrypted-media; gyroscope; picture-in-picture; web-share\" referrerpolicy=\"strict-origin-when-cross-origin\" allowfullscreen src=\"data:image\/svg+xml;base64,PHN2ZyB3aWR0aD0iMSIgaGVpZ2h0PSIxIiB4bWxucz0iaHR0cDovL3d3dy53My5vcmcvMjAwMC9zdmciPjwvc3ZnPg==\" class=\"lazyload\" data-load-mode=\"1\"><\/iframe><\/p>\n","protected":false},"excerpt":{"rendered":"<p>Entrevista com o Secret\u00e1rio de Planejamento de Ub\u00e1: Ant\u00f4nio Geraldo<\/p>\n","protected":false},"author":4,"featured_media":22974,"comment_status":"open","ping_status":"open","sticky":false,"template":"","format":"standard","meta":{"footnotes":""},"categories":[1,3],"tags":[94,59,95,60],"class_list":["post-22973","post","type-post","status-publish","format-standard","has-post-thumbnail","hentry","category-sem-categoria","category-slide","tag-antonio-geraldo","tag-fala-sodre","tag-secretario-de-desenvolvimento","tag-ubanews"],"yoast_head":"<!-- This site is optimized with the Yoast SEO plugin v27.2 - https:\/\/yoast.com\/product\/yoast-seo-wordpress\/ -->\n<title>Entrevista com o Secret\u00e1rio de Planejamento de Ub\u00e1: Ant\u00f4nio Geraldo<\/title>\n<meta name=\"description\" content=\"Entrevista do Secret\u00e1rio de Planejamento Ub\u00e1, Ant\u00f4nio Geraldo Alves, fala sobre avan\u00e7os em sa\u00fade, infraestrutura e regulariza\u00e7\u00e3o fundi\u00e1ria.\" \/>\n<meta name=\"robots\" content=\"index, follow, max-snippet:-1, max-image-preview:large, max-video-preview:-1\" \/>\n<link rel=\"canonical\" href=\"https:\/\/ubanews.com\/site\/2025\/09\/20\/entrevista-com-o-secretario-de-planejamento-de-uba-antonio-geraldo\/\" \/>\n<meta property=\"og:locale\" content=\"pt_BR\" \/>\n<meta property=\"og:type\" content=\"article\" \/>\n<meta property=\"og:title\" content=\"Entrevista com o Secret\u00e1rio de Planejamento de Ub\u00e1: Ant\u00f4nio Geraldo\" \/>\n<meta property=\"og:description\" content=\"Entrevista do Secret\u00e1rio de Planejamento Ub\u00e1, Ant\u00f4nio Geraldo Alves, fala sobre avan\u00e7os em sa\u00fade, infraestrutura e regulariza\u00e7\u00e3o fundi\u00e1ria.\" \/>\n<meta property=\"og:url\" content=\"https:\/\/ubanews.com\/site\/2025\/09\/20\/entrevista-com-o-secretario-de-planejamento-de-uba-antonio-geraldo\/\" \/>\n<meta property=\"og:site_name\" content=\"Ub\u00e1 News\" \/>\n<meta property=\"article:publisher\" content=\"https:\/\/www.facebook.com\/Ub%c3%a1News-Carlos-Roberto-Sodr%c3%a9-418778301977370\" \/>\n<meta property=\"article:published_time\" content=\"2025-09-20T13:07:02+00:00\" \/>\n<meta property=\"article:modified_time\" content=\"2025-09-20T13:14:47+00:00\" \/>\n<meta property=\"og:image\" content=\"https:\/\/ubanews.com\/site\/wp-content\/uploads\/2025\/09\/Fala-Sodre-Secretario-Municipal-de-Planejamento-da-Cidade-de-Uba-Antonio-Geraldo-Alves.jpg\" \/>\n\t<meta property=\"og:image:width\" content=\"1344\" \/>\n\t<meta property=\"og:image:height\" content=\"708\" \/>\n\t<meta property=\"og:image:type\" content=\"image\/jpeg\" \/>\n<meta name=\"author\" content=\"Carlos Roberto Sodr\u00e9\" \/>\n<meta name=\"twitter:card\" content=\"summary_large_image\" \/>\n<meta name=\"twitter:label1\" content=\"Escrito por\" \/>\n\t<meta name=\"twitter:data1\" content=\"Carlos Roberto Sodr\u00e9\" \/>\n\t<meta name=\"twitter:label2\" content=\"Est. tempo de leitura\" \/>\n\t<meta name=\"twitter:data2\" content=\"3 minutos\" \/>\n<script type=\"application\/ld+json\" class=\"yoast-schema-graph\">{\"@context\":\"https:\/\/schema.org\",\"@graph\":[{\"@type\":\"Article\",\"@id\":\"https:\/\/ubanews.com\/site\/2025\/09\/20\/entrevista-com-o-secretario-de-planejamento-de-uba-antonio-geraldo\/#article\",\"isPartOf\":{\"@id\":\"https:\/\/ubanews.com\/site\/2025\/09\/20\/entrevista-com-o-secretario-de-planejamento-de-uba-antonio-geraldo\/\"},\"author\":{\"name\":\"Carlos Roberto Sodr\u00e9\",\"@id\":\"https:\/\/ubanews.com\/site\/#\/schema\/person\/9d8da9ec3c8d00640ab6e8c81e103310\"},\"headline\":\"Entrevista com o Secret\u00e1rio de Planejamento de Ub\u00e1: Ant\u00f4nio Geraldo\",\"datePublished\":\"2025-09-20T13:07:02+00:00\",\"dateModified\":\"2025-09-20T13:14:47+00:00\",\"mainEntityOfPage\":{\"@id\":\"https:\/\/ubanews.com\/site\/2025\/09\/20\/entrevista-com-o-secretario-de-planejamento-de-uba-antonio-geraldo\/\"},\"wordCount\":549,\"commentCount\":0,\"publisher\":{\"@id\":\"https:\/\/ubanews.com\/site\/#organization\"},\"image\":{\"@id\":\"https:\/\/ubanews.com\/site\/2025\/09\/20\/entrevista-com-o-secretario-de-planejamento-de-uba-antonio-geraldo\/#primaryimage\"},\"thumbnailUrl\":\"https:\/\/ubanews.com\/site\/wp-content\/uploads\/2025\/09\/Fala-Sodre-Secretario-Municipal-de-Planejamento-da-Cidade-de-Uba-Antonio-Geraldo-Alves.jpg\",\"keywords\":[\"Ant\u00f4nio Geraldo\",\"Fala Sodr\u00e9\",\"Secret\u00e1rio de Desenvolvimento\",\"UBANEWS\"],\"articleSection\":[\"Geral\",\"Slide\"],\"inLanguage\":\"pt-BR\",\"potentialAction\":[{\"@type\":\"CommentAction\",\"name\":\"Comment\",\"target\":[\"https:\/\/ubanews.com\/site\/2025\/09\/20\/entrevista-com-o-secretario-de-planejamento-de-uba-antonio-geraldo\/#respond\"]}]},{\"@type\":\"WebPage\",\"@id\":\"https:\/\/ubanews.com\/site\/2025\/09\/20\/entrevista-com-o-secretario-de-planejamento-de-uba-antonio-geraldo\/\",\"url\":\"https:\/\/ubanews.com\/site\/2025\/09\/20\/entrevista-com-o-secretario-de-planejamento-de-uba-antonio-geraldo\/\",\"name\":\"Entrevista com o Secret\u00e1rio de Planejamento de Ub\u00e1: Ant\u00f4nio Geraldo\",\"isPartOf\":{\"@id\":\"https:\/\/ubanews.com\/site\/#website\"},\"primaryImageOfPage\":{\"@id\":\"https:\/\/ubanews.com\/site\/2025\/09\/20\/entrevista-com-o-secretario-de-planejamento-de-uba-antonio-geraldo\/#primaryimage\"},\"image\":{\"@id\":\"https:\/\/ubanews.com\/site\/2025\/09\/20\/entrevista-com-o-secretario-de-planejamento-de-uba-antonio-geraldo\/#primaryimage\"},\"thumbnailUrl\":\"https:\/\/ubanews.com\/site\/wp-content\/uploads\/2025\/09\/Fala-Sodre-Secretario-Municipal-de-Planejamento-da-Cidade-de-Uba-Antonio-Geraldo-Alves.jpg\",\"datePublished\":\"2025-09-20T13:07:02+00:00\",\"dateModified\":\"2025-09-20T13:14:47+00:00\",\"description\":\"Entrevista do Secret\u00e1rio de Planejamento Ub\u00e1, Ant\u00f4nio Geraldo Alves, fala sobre avan\u00e7os em sa\u00fade, infraestrutura e regulariza\u00e7\u00e3o fundi\u00e1ria.\",\"breadcrumb\":{\"@id\":\"https:\/\/ubanews.com\/site\/2025\/09\/20\/entrevista-com-o-secretario-de-planejamento-de-uba-antonio-geraldo\/#breadcrumb\"},\"inLanguage\":\"pt-BR\",\"potentialAction\":[{\"@type\":\"ReadAction\",\"target\":[\"https:\/\/ubanews.com\/site\/2025\/09\/20\/entrevista-com-o-secretario-de-planejamento-de-uba-antonio-geraldo\/\"]}]},{\"@type\":\"ImageObject\",\"inLanguage\":\"pt-BR\",\"@id\":\"https:\/\/ubanews.com\/site\/2025\/09\/20\/entrevista-com-o-secretario-de-planejamento-de-uba-antonio-geraldo\/#primaryimage\",\"url\":\"https:\/\/ubanews.com\/site\/wp-content\/uploads\/2025\/09\/Fala-Sodre-Secretario-Municipal-de-Planejamento-da-Cidade-de-Uba-Antonio-Geraldo-Alves.jpg\",\"contentUrl\":\"https:\/\/ubanews.com\/site\/wp-content\/uploads\/2025\/09\/Fala-Sodre-Secretario-Municipal-de-Planejamento-da-Cidade-de-Uba-Antonio-Geraldo-Alves.jpg\",\"width\":1344,\"height\":708,\"caption\":\"Fala Sodr\u00e9 - O Secret\u00e1rio de Planejamento Ant\u00f4nio Geraldo Alves \u00e9 o entrevistado hoje 18\/08\/2025\"},{\"@type\":\"BreadcrumbList\",\"@id\":\"https:\/\/ubanews.com\/site\/2025\/09\/20\/entrevista-com-o-secretario-de-planejamento-de-uba-antonio-geraldo\/#breadcrumb\",\"itemListElement\":[{\"@type\":\"ListItem\",\"position\":1,\"name\":\"Home\",\"item\":\"https:\/\/ubanews.com\/site\/\"},{\"@type\":\"ListItem\",\"position\":2,\"name\":\"Entrevista com o Secret\u00e1rio de Planejamento de Ub\u00e1: Ant\u00f4nio Geraldo\"}]},{\"@type\":\"WebSite\",\"@id\":\"https:\/\/ubanews.com\/site\/#website\",\"url\":\"https:\/\/ubanews.com\/site\/\",\"name\":\"Ub\u00e1 News\",\"description\":\"\",\"publisher\":{\"@id\":\"https:\/\/ubanews.com\/site\/#organization\"},\"potentialAction\":[{\"@type\":\"SearchAction\",\"target\":{\"@type\":\"EntryPoint\",\"urlTemplate\":\"https:\/\/ubanews.com\/site\/?s={search_term_string}\"},\"query-input\":{\"@type\":\"PropertyValueSpecification\",\"valueRequired\":true,\"valueName\":\"search_term_string\"}}],\"inLanguage\":\"pt-BR\"},{\"@type\":\"Organization\",\"@id\":\"https:\/\/ubanews.com\/site\/#organization\",\"name\":\"Ub\u00e1 News\",\"url\":\"https:\/\/ubanews.com\/site\/\",\"logo\":{\"@type\":\"ImageObject\",\"inLanguage\":\"pt-BR\",\"@id\":\"https:\/\/ubanews.com\/site\/#\/schema\/logo\/image\/\",\"url\":\"https:\/\/ubanews.com\/site\/wp-content\/uploads\/2018\/01\/logoubanews.png\",\"contentUrl\":\"https:\/\/ubanews.com\/site\/wp-content\/uploads\/2018\/01\/logoubanews.png\",\"width\":261,\"height\":99,\"caption\":\"Ub\u00e1 News\"},\"image\":{\"@id\":\"https:\/\/ubanews.com\/site\/#\/schema\/logo\/image\/\"},\"sameAs\":[\"https:\/\/www.facebook.com\/Ub\u00e1News-Carlos-Roberto-Sodr\u00e9-418778301977370\"]},{\"@type\":\"Person\",\"@id\":\"https:\/\/ubanews.com\/site\/#\/schema\/person\/9d8da9ec3c8d00640ab6e8c81e103310\",\"name\":\"Carlos Roberto Sodr\u00e9\",\"image\":{\"@type\":\"ImageObject\",\"inLanguage\":\"pt-BR\",\"@id\":\"https:\/\/secure.gravatar.com\/avatar\/aab322e8555b56c468614fafdab8a8f924e394cdc6cfd8232f77e9e4d123a133?s=96&d=mm&r=g\",\"url\":\"https:\/\/secure.gravatar.com\/avatar\/aab322e8555b56c468614fafdab8a8f924e394cdc6cfd8232f77e9e4d123a133?s=96&d=mm&r=g\",\"contentUrl\":\"https:\/\/secure.gravatar.com\/avatar\/aab322e8555b56c468614fafdab8a8f924e394cdc6cfd8232f77e9e4d123a133?s=96&d=mm&r=g\",\"caption\":\"Carlos Roberto Sodr\u00e9\"},\"url\":\"https:\/\/ubanews.com\/site\/author\/sodre\/\"}]}<\/script>\n<!-- \/ Yoast SEO plugin. -->","yoast_head_json":{"title":"Entrevista com o Secret\u00e1rio de Planejamento de Ub\u00e1: Ant\u00f4nio Geraldo","description":"Entrevista do Secret\u00e1rio de Planejamento Ub\u00e1, Ant\u00f4nio Geraldo Alves, fala sobre avan\u00e7os em sa\u00fade, infraestrutura e regulariza\u00e7\u00e3o fundi\u00e1ria.","robots":{"index":"index","follow":"follow","max-snippet":"max-snippet:-1","max-image-preview":"max-image-preview:large","max-video-preview":"max-video-preview:-1"},"canonical":"https:\/\/ubanews.com\/site\/2025\/09\/20\/entrevista-com-o-secretario-de-planejamento-de-uba-antonio-geraldo\/","og_locale":"pt_BR","og_type":"article","og_title":"Entrevista com o Secret\u00e1rio de Planejamento de Ub\u00e1: Ant\u00f4nio Geraldo","og_description":"Entrevista do Secret\u00e1rio de Planejamento Ub\u00e1, Ant\u00f4nio Geraldo Alves, fala sobre avan\u00e7os em sa\u00fade, infraestrutura e regulariza\u00e7\u00e3o fundi\u00e1ria.","og_url":"https:\/\/ubanews.com\/site\/2025\/09\/20\/entrevista-com-o-secretario-de-planejamento-de-uba-antonio-geraldo\/","og_site_name":"Ub\u00e1 News","article_publisher":"https:\/\/www.facebook.com\/Ub%c3%a1News-Carlos-Roberto-Sodr%c3%a9-418778301977370","article_published_time":"2025-09-20T13:07:02+00:00","article_modified_time":"2025-09-20T13:14:47+00:00","og_image":[{"width":1344,"height":708,"url":"https:\/\/ubanews.com\/site\/wp-content\/uploads\/2025\/09\/Fala-Sodre-Secretario-Municipal-de-Planejamento-da-Cidade-de-Uba-Antonio-Geraldo-Alves.jpg","type":"image\/jpeg"}],"author":"Carlos Roberto Sodr\u00e9","twitter_card":"summary_large_image","twitter_misc":{"Escrito por":"Carlos Roberto Sodr\u00e9","Est. tempo de leitura":"3 minutos"},"schema":{"@context":"https:\/\/schema.org","@graph":[{"@type":"Article","@id":"https:\/\/ubanews.com\/site\/2025\/09\/20\/entrevista-com-o-secretario-de-planejamento-de-uba-antonio-geraldo\/#article","isPartOf":{"@id":"https:\/\/ubanews.com\/site\/2025\/09\/20\/entrevista-com-o-secretario-de-planejamento-de-uba-antonio-geraldo\/"},"author":{"name":"Carlos Roberto Sodr\u00e9","@id":"https:\/\/ubanews.com\/site\/#\/schema\/person\/9d8da9ec3c8d00640ab6e8c81e103310"},"headline":"Entrevista com o Secret\u00e1rio de Planejamento de Ub\u00e1: Ant\u00f4nio Geraldo","datePublished":"2025-09-20T13:07:02+00:00","dateModified":"2025-09-20T13:14:47+00:00","mainEntityOfPage":{"@id":"https:\/\/ubanews.com\/site\/2025\/09\/20\/entrevista-com-o-secretario-de-planejamento-de-uba-antonio-geraldo\/"},"wordCount":549,"commentCount":0,"publisher":{"@id":"https:\/\/ubanews.com\/site\/#organization"},"image":{"@id":"https:\/\/ubanews.com\/site\/2025\/09\/20\/entrevista-com-o-secretario-de-planejamento-de-uba-antonio-geraldo\/#primaryimage"},"thumbnailUrl":"https:\/\/ubanews.com\/site\/wp-content\/uploads\/2025\/09\/Fala-Sodre-Secretario-Municipal-de-Planejamento-da-Cidade-de-Uba-Antonio-Geraldo-Alves.jpg","keywords":["Ant\u00f4nio Geraldo","Fala Sodr\u00e9","Secret\u00e1rio de Desenvolvimento","UBANEWS"],"articleSection":["Geral","Slide"],"inLanguage":"pt-BR","potentialAction":[{"@type":"CommentAction","name":"Comment","target":["https:\/\/ubanews.com\/site\/2025\/09\/20\/entrevista-com-o-secretario-de-planejamento-de-uba-antonio-geraldo\/#respond"]}]},{"@type":"WebPage","@id":"https:\/\/ubanews.com\/site\/2025\/09\/20\/entrevista-com-o-secretario-de-planejamento-de-uba-antonio-geraldo\/","url":"https:\/\/ubanews.com\/site\/2025\/09\/20\/entrevista-com-o-secretario-de-planejamento-de-uba-antonio-geraldo\/","name":"Entrevista com o Secret\u00e1rio de Planejamento de Ub\u00e1: Ant\u00f4nio Geraldo","isPartOf":{"@id":"https:\/\/ubanews.com\/site\/#website"},"primaryImageOfPage":{"@id":"https:\/\/ubanews.com\/site\/2025\/09\/20\/entrevista-com-o-secretario-de-planejamento-de-uba-antonio-geraldo\/#primaryimage"},"image":{"@id":"https:\/\/ubanews.com\/site\/2025\/09\/20\/entrevista-com-o-secretario-de-planejamento-de-uba-antonio-geraldo\/#primaryimage"},"thumbnailUrl":"https:\/\/ubanews.com\/site\/wp-content\/uploads\/2025\/09\/Fala-Sodre-Secretario-Municipal-de-Planejamento-da-Cidade-de-Uba-Antonio-Geraldo-Alves.jpg","datePublished":"2025-09-20T13:07:02+00:00","dateModified":"2025-09-20T13:14:47+00:00","description":"Entrevista do Secret\u00e1rio de Planejamento Ub\u00e1, Ant\u00f4nio Geraldo Alves, fala sobre avan\u00e7os em sa\u00fade, infraestrutura e regulariza\u00e7\u00e3o fundi\u00e1ria.","breadcrumb":{"@id":"https:\/\/ubanews.com\/site\/2025\/09\/20\/entrevista-com-o-secretario-de-planejamento-de-uba-antonio-geraldo\/#breadcrumb"},"inLanguage":"pt-BR","potentialAction":[{"@type":"ReadAction","target":["https:\/\/ubanews.com\/site\/2025\/09\/20\/entrevista-com-o-secretario-de-planejamento-de-uba-antonio-geraldo\/"]}]},{"@type":"ImageObject","inLanguage":"pt-BR","@id":"https:\/\/ubanews.com\/site\/2025\/09\/20\/entrevista-com-o-secretario-de-planejamento-de-uba-antonio-geraldo\/#primaryimage","url":"https:\/\/ubanews.com\/site\/wp-content\/uploads\/2025\/09\/Fala-Sodre-Secretario-Municipal-de-Planejamento-da-Cidade-de-Uba-Antonio-Geraldo-Alves.jpg","contentUrl":"https:\/\/ubanews.com\/site\/wp-content\/uploads\/2025\/09\/Fala-Sodre-Secretario-Municipal-de-Planejamento-da-Cidade-de-Uba-Antonio-Geraldo-Alves.jpg","width":1344,"height":708,"caption":"Fala Sodr\u00e9 - O Secret\u00e1rio de Planejamento Ant\u00f4nio Geraldo Alves \u00e9 o entrevistado hoje 18\/08\/2025"},{"@type":"BreadcrumbList","@id":"https:\/\/ubanews.com\/site\/2025\/09\/20\/entrevista-com-o-secretario-de-planejamento-de-uba-antonio-geraldo\/#breadcrumb","itemListElement":[{"@type":"ListItem","position":1,"name":"Home","item":"https:\/\/ubanews.com\/site\/"},{"@type":"ListItem","position":2,"name":"Entrevista com o Secret\u00e1rio de Planejamento de Ub\u00e1: Ant\u00f4nio Geraldo"}]},{"@type":"WebSite","@id":"https:\/\/ubanews.com\/site\/#website","url":"https:\/\/ubanews.com\/site\/","name":"Ub\u00e1 News","description":"","publisher":{"@id":"https:\/\/ubanews.com\/site\/#organization"},"potentialAction":[{"@type":"SearchAction","target":{"@type":"EntryPoint","urlTemplate":"https:\/\/ubanews.com\/site\/?s={search_term_string}"},"query-input":{"@type":"PropertyValueSpecification","valueRequired":true,"valueName":"search_term_string"}}],"inLanguage":"pt-BR"},{"@type":"Organization","@id":"https:\/\/ubanews.com\/site\/#organization","name":"Ub\u00e1 News","url":"https:\/\/ubanews.com\/site\/","logo":{"@type":"ImageObject","inLanguage":"pt-BR","@id":"https:\/\/ubanews.com\/site\/#\/schema\/logo\/image\/","url":"https:\/\/ubanews.com\/site\/wp-content\/uploads\/2018\/01\/logoubanews.png","contentUrl":"https:\/\/ubanews.com\/site\/wp-content\/uploads\/2018\/01\/logoubanews.png","width":261,"height":99,"caption":"Ub\u00e1 News"},"image":{"@id":"https:\/\/ubanews.com\/site\/#\/schema\/logo\/image\/"},"sameAs":["https:\/\/www.facebook.com\/Ub\u00e1News-Carlos-Roberto-Sodr\u00e9-418778301977370"]},{"@type":"Person","@id":"https:\/\/ubanews.com\/site\/#\/schema\/person\/9d8da9ec3c8d00640ab6e8c81e103310","name":"Carlos Roberto Sodr\u00e9","image":{"@type":"ImageObject","inLanguage":"pt-BR","@id":"https:\/\/secure.gravatar.com\/avatar\/aab322e8555b56c468614fafdab8a8f924e394cdc6cfd8232f77e9e4d123a133?s=96&d=mm&r=g","url":"https:\/\/secure.gravatar.com\/avatar\/aab322e8555b56c468614fafdab8a8f924e394cdc6cfd8232f77e9e4d123a133?s=96&d=mm&r=g","contentUrl":"https:\/\/secure.gravatar.com\/avatar\/aab322e8555b56c468614fafdab8a8f924e394cdc6cfd8232f77e9e4d123a133?s=96&d=mm&r=g","caption":"Carlos Roberto Sodr\u00e9"},"url":"https:\/\/ubanews.com\/site\/author\/sodre\/"}]}},"_links":{"self":[{"href":"https:\/\/ubanews.com\/site\/wp-json\/wp\/v2\/posts\/22973","targetHints":{"allow":["GET"]}}],"collection":[{"href":"https:\/\/ubanews.com\/site\/wp-json\/wp\/v2\/posts"}],"about":[{"href":"https:\/\/ubanews.com\/site\/wp-json\/wp\/v2\/types\/post"}],"author":[{"embeddable":true,"href":"https:\/\/ubanews.com\/site\/wp-json\/wp\/v2\/users\/4"}],"replies":[{"embeddable":true,"href":"https:\/\/ubanews.com\/site\/wp-json\/wp\/v2\/comments?post=22973"}],"version-history":[{"count":0,"href":"https:\/\/ubanews.com\/site\/wp-json\/wp\/v2\/posts\/22973\/revisions"}],"wp:featuredmedia":[{"embeddable":true,"href":"https:\/\/ubanews.com\/site\/wp-json\/wp\/v2\/media\/22974"}],"wp:attachment":[{"href":"https:\/\/ubanews.com\/site\/wp-json\/wp\/v2\/media?parent=22973"}],"wp:term":[{"taxonomy":"category","embeddable":true,"href":"https:\/\/ubanews.com\/site\/wp-json\/wp\/v2\/categories?post=22973"},{"taxonomy":"post_tag","embeddable":true,"href":"https:\/\/ubanews.com\/site\/wp-json\/wp\/v2\/tags?post=22973"}],"curies":[{"name":"wp","href":"https:\/\/api.w.org\/{rel}","templated":true}]}}