{"id":22960,"date":"2025-09-18T14:13:16","date_gmt":"2025-09-18T17:13:16","guid":{"rendered":"https:\/\/ubanews.com\/site\/?p=22960"},"modified":"2025-09-18T14:13:16","modified_gmt":"2025-09-18T17:13:16","slug":"pcmg-prende-tres-suspeitos-de-homicidio-em-visconde-do-rio-branco","status":"publish","type":"post","link":"https:\/\/ubanews.com\/site\/2025\/09\/18\/pcmg-prende-tres-suspeitos-de-homicidio-em-visconde-do-rio-branco\/","title":{"rendered":"PCMG prende tr\u00eas suspeitos de homic\u00eddio em Visconde do Rio Branco"},"content":{"rendered":"<p>PCMG prende tr\u00eas suspeitos de homic\u00eddio em Visconde do Rio Branco<br \/>\n4\u00aa fase da Opera\u00e7\u00e3o Lutando pela Vida refor\u00e7a combate a crimes contra a vida na regi\u00e3o.<\/p>\n<p>A Pol\u00edcia Civil de Minas Gerais (PCMG) deflagrou, nessa quarta-feira (17\/09), a 4\u00aa fase da opera\u00e7\u00e3o Lutando pela Vida, que tem como foco o combate qualificado aos crimes contra a vida em Visconde do Rio Branco, na Zona da Mata. Durante a a\u00e7\u00e3o, tr\u00eas suspeitos de envolvimento em um homic\u00eddio ocorrido no ano passado foram presos.<\/p>\n<p>Pris\u00f5es<\/p>\n<p>O trio foi detido por meio de mandados de pris\u00e3o tempor\u00e1ria. Um dos investigados, de 43 anos, foi localizado em sua resid\u00eancia na cidade de Guarani, tamb\u00e9m na Zona da Mata. Os outros dois suspeitos, de 26 e 30 anos, j\u00e1 estavam recolhidos em unidades prisionais por outros delitos, e os mandados foram cumpridos em seus respectivos pres\u00eddios.<\/p>\n<p>Durante a a\u00e7\u00e3o, celulares e objetos de interesse para o inqu\u00e9rito tamb\u00e9m foram apreendidos.<\/p>\n<p>Crime<\/p>\n<p>O homic\u00eddio em apura\u00e7\u00e3o vitimou um jovem de 19 anos em 21 de fevereiro de 2024, em Visconde do Rio Branco. O crime ocorreu em plena avenida central da cidade, quando a v\u00edtima, que estava em uma motocicleta, foi atingida por diversos disparos efetuados por quatro atiradores que se encontravam em um ve\u00edculo. O epis\u00f3dio, de grande repercuss\u00e3o local, chamou aten\u00e7\u00e3o pela viol\u00eancia empregada.<\/p>\n<p>De acordo com o delegado respons\u00e1vel, Pedro Henrique Vasques, a a\u00e7\u00e3o integra uma estrat\u00e9gia permanente da PCMG de enfrentamento aos homic\u00eddios na regi\u00e3o. &#8220;Cada fase da opera\u00e7\u00e3o Lutando pela Vida representa o empenho da institui\u00e7\u00e3o em esclarecer crimes graves, trazer respostas \u00e0 sociedade e responsabilizar seus autores&#8221;, destacou Vasques.<\/p>\n<p>As apura\u00e7\u00f5es continuam, com o objetivo de identificar outros envolvidos e esclarecer todas as circunst\u00e2ncias do crime.<\/p>\n<p><img decoding=\"async\" class=\"aligncenter size-medium wp-image-22961 lazyload\" data-src=\"https:\/\/ubanews.com\/site\/wp-content\/uploads\/2025\/09\/Policia-Militar-5-300x224.jpg\" alt=\"Policia Militar\" width=\"300\" height=\"224\" data-srcset=\"https:\/\/ubanews.com\/site\/wp-content\/uploads\/2025\/09\/Policia-Militar-5-300x224.jpg 300w, https:\/\/ubanews.com\/site\/wp-content\/uploads\/2025\/09\/Policia-Militar-5-1024x766.jpg 1024w, https:\/\/ubanews.com\/site\/wp-content\/uploads\/2025\/09\/Policia-Militar-5-768x575.jpg 768w, https:\/\/ubanews.com\/site\/wp-content\/uploads\/2025\/09\/Policia-Militar-5.jpg 1044w\" data-sizes=\"(max-width: 300px) 100vw, 300px\" src=\"data:image\/svg+xml;base64,PHN2ZyB3aWR0aD0iMSIgaGVpZ2h0PSIxIiB4bWxucz0iaHR0cDovL3d3dy53My5vcmcvMjAwMC9zdmciPjwvc3ZnPg==\" style=\"--smush-placeholder-width: 300px; --smush-placeholder-aspect-ratio: 300\/224;\" \/><\/p>\n","protected":false},"excerpt":{"rendered":"<p>PCMG prende tr\u00eas suspeitos de homic\u00eddio em Visconde do Rio<\/p>\n","protected":false},"author":4,"featured_media":22961,"comment_status":"open","ping_status":"open","sticky":false,"template":"","format":"standard","meta":{"footnotes":""},"categories":[1],"tags":[],"class_list":["post-22960","post","type-post","status-publish","format-standard","has-post-thumbnail","hentry","category-sem-categoria"],"yoast_head":"<!-- This site is optimized with the Yoast SEO plugin v27.2 - https:\/\/yoast.com\/product\/yoast-seo-wordpress\/ -->\n<title>PCMG prende tr\u00eas suspeitos de homic\u00eddio em Visconde do Rio Branco - Ub\u00e1 News<\/title>\n<meta name=\"description\" content=\"PCMG prende tr\u00eas suspeitos. O homic\u00eddio em apura\u00e7\u00e3o vitimou um jovem de 19 anos em 21 de fevereiro de 2024, em Visconde do Rio Branco.\" \/>\n<meta name=\"robots\" content=\"index, follow, max-snippet:-1, max-image-preview:large, max-video-preview:-1\" \/>\n<link rel=\"canonical\" href=\"https:\/\/ubanews.com\/site\/2025\/09\/18\/pcmg-prende-tres-suspeitos-de-homicidio-em-visconde-do-rio-branco\/\" \/>\n<meta property=\"og:locale\" content=\"pt_BR\" \/>\n<meta property=\"og:type\" content=\"article\" \/>\n<meta property=\"og:title\" content=\"PCMG prende tr\u00eas suspeitos de homic\u00eddio em Visconde do Rio Branco - Ub\u00e1 News\" \/>\n<meta property=\"og:description\" content=\"PCMG prende tr\u00eas suspeitos. O homic\u00eddio em apura\u00e7\u00e3o vitimou um jovem de 19 anos em 21 de fevereiro de 2024, em Visconde do Rio Branco.\" \/>\n<meta property=\"og:url\" content=\"https:\/\/ubanews.com\/site\/2025\/09\/18\/pcmg-prende-tres-suspeitos-de-homicidio-em-visconde-do-rio-branco\/\" \/>\n<meta property=\"og:site_name\" content=\"Ub\u00e1 News\" \/>\n<meta property=\"article:publisher\" content=\"https:\/\/www.facebook.com\/Ub%c3%a1News-Carlos-Roberto-Sodr%c3%a9-418778301977370\" \/>\n<meta property=\"article:published_time\" content=\"2025-09-18T17:13:16+00:00\" \/>\n<meta property=\"og:image\" content=\"https:\/\/ubanews.com\/site\/wp-content\/uploads\/2025\/09\/Policia-Militar-5.jpg\" \/>\n\t<meta property=\"og:image:width\" content=\"1044\" \/>\n\t<meta property=\"og:image:height\" content=\"781\" \/>\n\t<meta property=\"og:image:type\" content=\"image\/jpeg\" \/>\n<meta name=\"author\" content=\"Carlos Roberto Sodr\u00e9\" \/>\n<meta name=\"twitter:card\" content=\"summary_large_image\" \/>\n<meta name=\"twitter:label1\" content=\"Escrito por\" \/>\n\t<meta name=\"twitter:data1\" content=\"Carlos Roberto Sodr\u00e9\" \/>\n\t<meta name=\"twitter:label2\" content=\"Est. tempo de leitura\" \/>\n\t<meta name=\"twitter:data2\" content=\"2 minutos\" \/>\n<script type=\"application\/ld+json\" class=\"yoast-schema-graph\">{\"@context\":\"https:\/\/schema.org\",\"@graph\":[{\"@type\":\"Article\",\"@id\":\"https:\/\/ubanews.com\/site\/2025\/09\/18\/pcmg-prende-tres-suspeitos-de-homicidio-em-visconde-do-rio-branco\/#article\",\"isPartOf\":{\"@id\":\"https:\/\/ubanews.com\/site\/2025\/09\/18\/pcmg-prende-tres-suspeitos-de-homicidio-em-visconde-do-rio-branco\/\"},\"author\":{\"name\":\"Carlos Roberto Sodr\u00e9\",\"@id\":\"https:\/\/ubanews.com\/site\/#\/schema\/person\/9d8da9ec3c8d00640ab6e8c81e103310\"},\"headline\":\"PCMG prende tr\u00eas suspeitos de homic\u00eddio em Visconde do Rio Branco\",\"datePublished\":\"2025-09-18T17:13:16+00:00\",\"mainEntityOfPage\":{\"@id\":\"https:\/\/ubanews.com\/site\/2025\/09\/18\/pcmg-prende-tres-suspeitos-de-homicidio-em-visconde-do-rio-branco\/\"},\"wordCount\":326,\"commentCount\":0,\"publisher\":{\"@id\":\"https:\/\/ubanews.com\/site\/#organization\"},\"image\":{\"@id\":\"https:\/\/ubanews.com\/site\/2025\/09\/18\/pcmg-prende-tres-suspeitos-de-homicidio-em-visconde-do-rio-branco\/#primaryimage\"},\"thumbnailUrl\":\"https:\/\/ubanews.com\/site\/wp-content\/uploads\/2025\/09\/Policia-Militar-5.jpg\",\"articleSection\":[\"Geral\"],\"inLanguage\":\"pt-BR\",\"potentialAction\":[{\"@type\":\"CommentAction\",\"name\":\"Comment\",\"target\":[\"https:\/\/ubanews.com\/site\/2025\/09\/18\/pcmg-prende-tres-suspeitos-de-homicidio-em-visconde-do-rio-branco\/#respond\"]}]},{\"@type\":\"WebPage\",\"@id\":\"https:\/\/ubanews.com\/site\/2025\/09\/18\/pcmg-prende-tres-suspeitos-de-homicidio-em-visconde-do-rio-branco\/\",\"url\":\"https:\/\/ubanews.com\/site\/2025\/09\/18\/pcmg-prende-tres-suspeitos-de-homicidio-em-visconde-do-rio-branco\/\",\"name\":\"PCMG prende tr\u00eas suspeitos de homic\u00eddio em Visconde do Rio Branco - Ub\u00e1 News\",\"isPartOf\":{\"@id\":\"https:\/\/ubanews.com\/site\/#website\"},\"primaryImageOfPage\":{\"@id\":\"https:\/\/ubanews.com\/site\/2025\/09\/18\/pcmg-prende-tres-suspeitos-de-homicidio-em-visconde-do-rio-branco\/#primaryimage\"},\"image\":{\"@id\":\"https:\/\/ubanews.com\/site\/2025\/09\/18\/pcmg-prende-tres-suspeitos-de-homicidio-em-visconde-do-rio-branco\/#primaryimage\"},\"thumbnailUrl\":\"https:\/\/ubanews.com\/site\/wp-content\/uploads\/2025\/09\/Policia-Militar-5.jpg\",\"datePublished\":\"2025-09-18T17:13:16+00:00\",\"description\":\"PCMG prende tr\u00eas suspeitos. O homic\u00eddio em apura\u00e7\u00e3o vitimou um jovem de 19 anos em 21 de fevereiro de 2024, em Visconde do Rio Branco.\",\"breadcrumb\":{\"@id\":\"https:\/\/ubanews.com\/site\/2025\/09\/18\/pcmg-prende-tres-suspeitos-de-homicidio-em-visconde-do-rio-branco\/#breadcrumb\"},\"inLanguage\":\"pt-BR\",\"potentialAction\":[{\"@type\":\"ReadAction\",\"target\":[\"https:\/\/ubanews.com\/site\/2025\/09\/18\/pcmg-prende-tres-suspeitos-de-homicidio-em-visconde-do-rio-branco\/\"]}]},{\"@type\":\"ImageObject\",\"inLanguage\":\"pt-BR\",\"@id\":\"https:\/\/ubanews.com\/site\/2025\/09\/18\/pcmg-prende-tres-suspeitos-de-homicidio-em-visconde-do-rio-branco\/#primaryimage\",\"url\":\"https:\/\/ubanews.com\/site\/wp-content\/uploads\/2025\/09\/Policia-Militar-5.jpg\",\"contentUrl\":\"https:\/\/ubanews.com\/site\/wp-content\/uploads\/2025\/09\/Policia-Militar-5.jpg\",\"width\":1044,\"height\":781,\"caption\":\"Policia Militar\"},{\"@type\":\"BreadcrumbList\",\"@id\":\"https:\/\/ubanews.com\/site\/2025\/09\/18\/pcmg-prende-tres-suspeitos-de-homicidio-em-visconde-do-rio-branco\/#breadcrumb\",\"itemListElement\":[{\"@type\":\"ListItem\",\"position\":1,\"name\":\"Home\",\"item\":\"https:\/\/ubanews.com\/site\/\"},{\"@type\":\"ListItem\",\"position\":2,\"name\":\"PCMG prende tr\u00eas suspeitos de homic\u00eddio em Visconde do Rio Branco\"}]},{\"@type\":\"WebSite\",\"@id\":\"https:\/\/ubanews.com\/site\/#website\",\"url\":\"https:\/\/ubanews.com\/site\/\",\"name\":\"Ub\u00e1 News\",\"description\":\"\",\"publisher\":{\"@id\":\"https:\/\/ubanews.com\/site\/#organization\"},\"potentialAction\":[{\"@type\":\"SearchAction\",\"target\":{\"@type\":\"EntryPoint\",\"urlTemplate\":\"https:\/\/ubanews.com\/site\/?s={search_term_string}\"},\"query-input\":{\"@type\":\"PropertyValueSpecification\",\"valueRequired\":true,\"valueName\":\"search_term_string\"}}],\"inLanguage\":\"pt-BR\"},{\"@type\":\"Organization\",\"@id\":\"https:\/\/ubanews.com\/site\/#organization\",\"name\":\"Ub\u00e1 News\",\"url\":\"https:\/\/ubanews.com\/site\/\",\"logo\":{\"@type\":\"ImageObject\",\"inLanguage\":\"pt-BR\",\"@id\":\"https:\/\/ubanews.com\/site\/#\/schema\/logo\/image\/\",\"url\":\"https:\/\/ubanews.com\/site\/wp-content\/uploads\/2018\/01\/logoubanews.png\",\"contentUrl\":\"https:\/\/ubanews.com\/site\/wp-content\/uploads\/2018\/01\/logoubanews.png\",\"width\":261,\"height\":99,\"caption\":\"Ub\u00e1 News\"},\"image\":{\"@id\":\"https:\/\/ubanews.com\/site\/#\/schema\/logo\/image\/\"},\"sameAs\":[\"https:\/\/www.facebook.com\/Ub\u00e1News-Carlos-Roberto-Sodr\u00e9-418778301977370\"]},{\"@type\":\"Person\",\"@id\":\"https:\/\/ubanews.com\/site\/#\/schema\/person\/9d8da9ec3c8d00640ab6e8c81e103310\",\"name\":\"Carlos Roberto Sodr\u00e9\",\"image\":{\"@type\":\"ImageObject\",\"inLanguage\":\"pt-BR\",\"@id\":\"https:\/\/secure.gravatar.com\/avatar\/aab322e8555b56c468614fafdab8a8f924e394cdc6cfd8232f77e9e4d123a133?s=96&d=mm&r=g\",\"url\":\"https:\/\/secure.gravatar.com\/avatar\/aab322e8555b56c468614fafdab8a8f924e394cdc6cfd8232f77e9e4d123a133?s=96&d=mm&r=g\",\"contentUrl\":\"https:\/\/secure.gravatar.com\/avatar\/aab322e8555b56c468614fafdab8a8f924e394cdc6cfd8232f77e9e4d123a133?s=96&d=mm&r=g\",\"caption\":\"Carlos Roberto Sodr\u00e9\"},\"url\":\"https:\/\/ubanews.com\/site\/author\/sodre\/\"}]}<\/script>\n<!-- \/ Yoast SEO plugin. -->","yoast_head_json":{"title":"PCMG prende tr\u00eas suspeitos de homic\u00eddio em Visconde do Rio Branco - Ub\u00e1 News","description":"PCMG prende tr\u00eas suspeitos. O homic\u00eddio em apura\u00e7\u00e3o vitimou um jovem de 19 anos em 21 de fevereiro de 2024, em Visconde do Rio Branco.","robots":{"index":"index","follow":"follow","max-snippet":"max-snippet:-1","max-image-preview":"max-image-preview:large","max-video-preview":"max-video-preview:-1"},"canonical":"https:\/\/ubanews.com\/site\/2025\/09\/18\/pcmg-prende-tres-suspeitos-de-homicidio-em-visconde-do-rio-branco\/","og_locale":"pt_BR","og_type":"article","og_title":"PCMG prende tr\u00eas suspeitos de homic\u00eddio em Visconde do Rio Branco - Ub\u00e1 News","og_description":"PCMG prende tr\u00eas suspeitos. O homic\u00eddio em apura\u00e7\u00e3o vitimou um jovem de 19 anos em 21 de fevereiro de 2024, em Visconde do Rio Branco.","og_url":"https:\/\/ubanews.com\/site\/2025\/09\/18\/pcmg-prende-tres-suspeitos-de-homicidio-em-visconde-do-rio-branco\/","og_site_name":"Ub\u00e1 News","article_publisher":"https:\/\/www.facebook.com\/Ub%c3%a1News-Carlos-Roberto-Sodr%c3%a9-418778301977370","article_published_time":"2025-09-18T17:13:16+00:00","og_image":[{"width":1044,"height":781,"url":"https:\/\/ubanews.com\/site\/wp-content\/uploads\/2025\/09\/Policia-Militar-5.jpg","type":"image\/jpeg"}],"author":"Carlos Roberto Sodr\u00e9","twitter_card":"summary_large_image","twitter_misc":{"Escrito por":"Carlos Roberto Sodr\u00e9","Est. tempo de leitura":"2 minutos"},"schema":{"@context":"https:\/\/schema.org","@graph":[{"@type":"Article","@id":"https:\/\/ubanews.com\/site\/2025\/09\/18\/pcmg-prende-tres-suspeitos-de-homicidio-em-visconde-do-rio-branco\/#article","isPartOf":{"@id":"https:\/\/ubanews.com\/site\/2025\/09\/18\/pcmg-prende-tres-suspeitos-de-homicidio-em-visconde-do-rio-branco\/"},"author":{"name":"Carlos Roberto Sodr\u00e9","@id":"https:\/\/ubanews.com\/site\/#\/schema\/person\/9d8da9ec3c8d00640ab6e8c81e103310"},"headline":"PCMG prende tr\u00eas suspeitos de homic\u00eddio em Visconde do Rio Branco","datePublished":"2025-09-18T17:13:16+00:00","mainEntityOfPage":{"@id":"https:\/\/ubanews.com\/site\/2025\/09\/18\/pcmg-prende-tres-suspeitos-de-homicidio-em-visconde-do-rio-branco\/"},"wordCount":326,"commentCount":0,"publisher":{"@id":"https:\/\/ubanews.com\/site\/#organization"},"image":{"@id":"https:\/\/ubanews.com\/site\/2025\/09\/18\/pcmg-prende-tres-suspeitos-de-homicidio-em-visconde-do-rio-branco\/#primaryimage"},"thumbnailUrl":"https:\/\/ubanews.com\/site\/wp-content\/uploads\/2025\/09\/Policia-Militar-5.jpg","articleSection":["Geral"],"inLanguage":"pt-BR","potentialAction":[{"@type":"CommentAction","name":"Comment","target":["https:\/\/ubanews.com\/site\/2025\/09\/18\/pcmg-prende-tres-suspeitos-de-homicidio-em-visconde-do-rio-branco\/#respond"]}]},{"@type":"WebPage","@id":"https:\/\/ubanews.com\/site\/2025\/09\/18\/pcmg-prende-tres-suspeitos-de-homicidio-em-visconde-do-rio-branco\/","url":"https:\/\/ubanews.com\/site\/2025\/09\/18\/pcmg-prende-tres-suspeitos-de-homicidio-em-visconde-do-rio-branco\/","name":"PCMG prende tr\u00eas suspeitos de homic\u00eddio em Visconde do Rio Branco - Ub\u00e1 News","isPartOf":{"@id":"https:\/\/ubanews.com\/site\/#website"},"primaryImageOfPage":{"@id":"https:\/\/ubanews.com\/site\/2025\/09\/18\/pcmg-prende-tres-suspeitos-de-homicidio-em-visconde-do-rio-branco\/#primaryimage"},"image":{"@id":"https:\/\/ubanews.com\/site\/2025\/09\/18\/pcmg-prende-tres-suspeitos-de-homicidio-em-visconde-do-rio-branco\/#primaryimage"},"thumbnailUrl":"https:\/\/ubanews.com\/site\/wp-content\/uploads\/2025\/09\/Policia-Militar-5.jpg","datePublished":"2025-09-18T17:13:16+00:00","description":"PCMG prende tr\u00eas suspeitos. O homic\u00eddio em apura\u00e7\u00e3o vitimou um jovem de 19 anos em 21 de fevereiro de 2024, em Visconde do Rio Branco.","breadcrumb":{"@id":"https:\/\/ubanews.com\/site\/2025\/09\/18\/pcmg-prende-tres-suspeitos-de-homicidio-em-visconde-do-rio-branco\/#breadcrumb"},"inLanguage":"pt-BR","potentialAction":[{"@type":"ReadAction","target":["https:\/\/ubanews.com\/site\/2025\/09\/18\/pcmg-prende-tres-suspeitos-de-homicidio-em-visconde-do-rio-branco\/"]}]},{"@type":"ImageObject","inLanguage":"pt-BR","@id":"https:\/\/ubanews.com\/site\/2025\/09\/18\/pcmg-prende-tres-suspeitos-de-homicidio-em-visconde-do-rio-branco\/#primaryimage","url":"https:\/\/ubanews.com\/site\/wp-content\/uploads\/2025\/09\/Policia-Militar-5.jpg","contentUrl":"https:\/\/ubanews.com\/site\/wp-content\/uploads\/2025\/09\/Policia-Militar-5.jpg","width":1044,"height":781,"caption":"Policia Militar"},{"@type":"BreadcrumbList","@id":"https:\/\/ubanews.com\/site\/2025\/09\/18\/pcmg-prende-tres-suspeitos-de-homicidio-em-visconde-do-rio-branco\/#breadcrumb","itemListElement":[{"@type":"ListItem","position":1,"name":"Home","item":"https:\/\/ubanews.com\/site\/"},{"@type":"ListItem","position":2,"name":"PCMG prende tr\u00eas suspeitos de homic\u00eddio em Visconde do Rio Branco"}]},{"@type":"WebSite","@id":"https:\/\/ubanews.com\/site\/#website","url":"https:\/\/ubanews.com\/site\/","name":"Ub\u00e1 News","description":"","publisher":{"@id":"https:\/\/ubanews.com\/site\/#organization"},"potentialAction":[{"@type":"SearchAction","target":{"@type":"EntryPoint","urlTemplate":"https:\/\/ubanews.com\/site\/?s={search_term_string}"},"query-input":{"@type":"PropertyValueSpecification","valueRequired":true,"valueName":"search_term_string"}}],"inLanguage":"pt-BR"},{"@type":"Organization","@id":"https:\/\/ubanews.com\/site\/#organization","name":"Ub\u00e1 News","url":"https:\/\/ubanews.com\/site\/","logo":{"@type":"ImageObject","inLanguage":"pt-BR","@id":"https:\/\/ubanews.com\/site\/#\/schema\/logo\/image\/","url":"https:\/\/ubanews.com\/site\/wp-content\/uploads\/2018\/01\/logoubanews.png","contentUrl":"https:\/\/ubanews.com\/site\/wp-content\/uploads\/2018\/01\/logoubanews.png","width":261,"height":99,"caption":"Ub\u00e1 News"},"image":{"@id":"https:\/\/ubanews.com\/site\/#\/schema\/logo\/image\/"},"sameAs":["https:\/\/www.facebook.com\/Ub\u00e1News-Carlos-Roberto-Sodr\u00e9-418778301977370"]},{"@type":"Person","@id":"https:\/\/ubanews.com\/site\/#\/schema\/person\/9d8da9ec3c8d00640ab6e8c81e103310","name":"Carlos Roberto Sodr\u00e9","image":{"@type":"ImageObject","inLanguage":"pt-BR","@id":"https:\/\/secure.gravatar.com\/avatar\/aab322e8555b56c468614fafdab8a8f924e394cdc6cfd8232f77e9e4d123a133?s=96&d=mm&r=g","url":"https:\/\/secure.gravatar.com\/avatar\/aab322e8555b56c468614fafdab8a8f924e394cdc6cfd8232f77e9e4d123a133?s=96&d=mm&r=g","contentUrl":"https:\/\/secure.gravatar.com\/avatar\/aab322e8555b56c468614fafdab8a8f924e394cdc6cfd8232f77e9e4d123a133?s=96&d=mm&r=g","caption":"Carlos Roberto Sodr\u00e9"},"url":"https:\/\/ubanews.com\/site\/author\/sodre\/"}]}},"_links":{"self":[{"href":"https:\/\/ubanews.com\/site\/wp-json\/wp\/v2\/posts\/22960","targetHints":{"allow":["GET"]}}],"collection":[{"href":"https:\/\/ubanews.com\/site\/wp-json\/wp\/v2\/posts"}],"about":[{"href":"https:\/\/ubanews.com\/site\/wp-json\/wp\/v2\/types\/post"}],"author":[{"embeddable":true,"href":"https:\/\/ubanews.com\/site\/wp-json\/wp\/v2\/users\/4"}],"replies":[{"embeddable":true,"href":"https:\/\/ubanews.com\/site\/wp-json\/wp\/v2\/comments?post=22960"}],"version-history":[{"count":0,"href":"https:\/\/ubanews.com\/site\/wp-json\/wp\/v2\/posts\/22960\/revisions"}],"wp:featuredmedia":[{"embeddable":true,"href":"https:\/\/ubanews.com\/site\/wp-json\/wp\/v2\/media\/22961"}],"wp:attachment":[{"href":"https:\/\/ubanews.com\/site\/wp-json\/wp\/v2\/media?parent=22960"}],"wp:term":[{"taxonomy":"category","embeddable":true,"href":"https:\/\/ubanews.com\/site\/wp-json\/wp\/v2\/categories?post=22960"},{"taxonomy":"post_tag","embeddable":true,"href":"https:\/\/ubanews.com\/site\/wp-json\/wp\/v2\/tags?post=22960"}],"curies":[{"name":"wp","href":"https:\/\/api.w.org\/{rel}","templated":true}]}}