{"id":22957,"date":"2025-09-18T10:45:03","date_gmt":"2025-09-18T13:45:03","guid":{"rendered":"https:\/\/ubanews.com\/site\/?p=22957"},"modified":"2025-09-18T10:45:03","modified_gmt":"2025-09-18T13:45:03","slug":"policia-militar-pcmg-prende-suspeito-de-tentativa-de-homicidio-em-uba","status":"publish","type":"post","link":"https:\/\/ubanews.com\/site\/2025\/09\/18\/policia-militar-pcmg-prende-suspeito-de-tentativa-de-homicidio-em-uba\/","title":{"rendered":"POL\u00cdCIA MILITAR PCMG prende suspeito de tentativa de homic\u00eddio em Ub\u00e1"},"content":{"rendered":"<p>UB\u00c1 &#8211; POL\u00cdCIA MILITAR PCMG prende suspeito de tentativa de homic\u00eddio em Ub\u00e1.\u00a0Opera\u00e7\u00e3o Deslike tamb\u00e9m resultou na apreens\u00e3o de ve\u00edculos de luxo e materiais il\u00edcitos avaliados em mais de R$ 500 mil<\/p>\n<p><strong>UB\u00c1 &#8211; POL\u00cdCIA MILITAR PCMG prende suspeito de tentativa de homic\u00eddio em Ub\u00e1<\/strong><\/p>\n<p><img decoding=\"async\" class=\"aligncenter size-medium wp-image-22956 lazyload\" data-src=\"https:\/\/ubanews.com\/site\/wp-content\/uploads\/2025\/09\/Policia-Militar-300x169.jpeg\" alt=\"Fala Sodr\u00e9 - Policia Militar\" width=\"300\" height=\"169\" data-srcset=\"https:\/\/ubanews.com\/site\/wp-content\/uploads\/2025\/09\/Policia-Militar-300x169.jpeg 300w, https:\/\/ubanews.com\/site\/wp-content\/uploads\/2025\/09\/Policia-Militar-1024x576.jpeg 1024w, https:\/\/ubanews.com\/site\/wp-content\/uploads\/2025\/09\/Policia-Militar-768x432.jpeg 768w, https:\/\/ubanews.com\/site\/wp-content\/uploads\/2025\/09\/Policia-Militar-1536x864.jpeg 1536w, https:\/\/ubanews.com\/site\/wp-content\/uploads\/2025\/09\/Policia-Militar.jpeg 1600w\" data-sizes=\"(max-width: 300px) 100vw, 300px\" src=\"data:image\/svg+xml;base64,PHN2ZyB3aWR0aD0iMSIgaGVpZ2h0PSIxIiB4bWxucz0iaHR0cDovL3d3dy53My5vcmcvMjAwMC9zdmciPjwvc3ZnPg==\" style=\"--smush-placeholder-width: 300px; --smush-placeholder-aspect-ratio: 300\/169;\" \/> <img decoding=\"async\" class=\"aligncenter size-medium wp-image-22955 lazyload\" data-src=\"https:\/\/ubanews.com\/site\/wp-content\/uploads\/2025\/09\/Fala-Sodre-Policia-Militar-2-300x236.jpg\" alt=\"Fala Sodr\u00e9 - Policia Militar\" width=\"300\" height=\"236\" data-srcset=\"https:\/\/ubanews.com\/site\/wp-content\/uploads\/2025\/09\/Fala-Sodre-Policia-Militar-2-300x236.jpg 300w, https:\/\/ubanews.com\/site\/wp-content\/uploads\/2025\/09\/Fala-Sodre-Policia-Militar-2-768x605.jpg 768w, https:\/\/ubanews.com\/site\/wp-content\/uploads\/2025\/09\/Fala-Sodre-Policia-Militar-2.jpg 800w\" data-sizes=\"(max-width: 300px) 100vw, 300px\" src=\"data:image\/svg+xml;base64,PHN2ZyB3aWR0aD0iMSIgaGVpZ2h0PSIxIiB4bWxucz0iaHR0cDovL3d3dy53My5vcmcvMjAwMC9zdmciPjwvc3ZnPg==\" style=\"--smush-placeholder-width: 300px; --smush-placeholder-aspect-ratio: 300\/236;\" \/><\/p>\n<p>A Pol\u00edcia Civil de Minas Gerais (PCMG) realizou, nesta quarta-feira (17\/9), a opera\u00e7\u00e3o Deslike, em Ub\u00e1, na Zona da Mata, com o objetivo de cumprir mandado de pris\u00e3o tempor\u00e1ria contra um homem, de 24 anos, investigado por tentativa de homic\u00eddio contra uma v\u00edtima, de 37, ocorrida em 17 de agosto.<\/p>\n<p>Na a\u00e7\u00e3o, tamb\u00e9m foram cumpridos tr\u00eas mandados de busca e apreens\u00e3o domiciliar em endere\u00e7os ligados ao investigado.<\/p>\n<h3>Entenda o caso<\/h3>\n<p>De acordo com as investiga\u00e7\u00f5es, o suspeito, em companhia de outro indiv\u00edduo ainda n\u00e3o identificado, utilizou um ve\u00edculo de luxo para derrubar a v\u00edtima de sua motocicleta. Ap\u00f3s a queda, ela conseguiu fugir a p\u00e9, sendo perseguida pelos ocupantes do autom\u00f3vel, que abandonaram a motocicleta em via p\u00fablica.<\/p>\n<p>Em seguida, o investigado teria publicado em suas redes sociais um v\u00eddeo da fuga da v\u00edtima, acompanhado de coment\u00e1rios em tom de deboche sobre a situa\u00e7\u00e3o.<\/p>\n<p>Resultado das buscas<\/p>\n<p>Durante o cumprimento dos mandados, a PCMG apreendeu, em endere\u00e7o comercial do investigado, grande quantidade de produtos falsificados, como roupas, cal\u00e7ados, acess\u00f3rios, rel\u00f3gios, \u00f3culos e bebidas alco\u00f3licas. Na resid\u00eancia, foram localizados diversos aparelhos celulares e aproximadamente R$ 16 mil em esp\u00e9cie.<\/p>\n<p>Diante das circunst\u00e2ncias, al\u00e9m do cumprimento da pris\u00e3o tempor\u00e1ria, o investigado foi autuado em flagrante pelo crime de recepta\u00e7\u00e3o qualificada, por comercializar produtos de origem criminosa. Tamb\u00e9m foram apreendidos dois ve\u00edculos de luxo vinculados ao investigado.<\/p>\n<p>Deslike<\/p>\n<p>Segundo o delegado respons\u00e1vel pelas investiga\u00e7\u00f5es, Giovane Dantas, a opera\u00e7\u00e3o Deslike remete ao modo como o investigado utilizava suas redes sociais para ostentar bens e desferir ataques a agentes p\u00fablicos, buscando projetar uma imagem incompat\u00edvel com sua conduta criminosa.<\/p>\n<p>&#8220;As apreens\u00f5es desta data superam o valor de meio milh\u00e3o de reais, o que refor\u00e7a o compromisso da Pol\u00edcia Civil em descapitalizar atividades il\u00edcitas e responsabilizar seus autores&#8221;, destaca Dantas.<\/p>\n<p>As investiga\u00e7\u00f5es prosseguem a fim de identificar outros envolvidos e aprofundar a apura\u00e7\u00e3o das pr\u00e1ticas criminosas.<\/p>\n","protected":false},"excerpt":{"rendered":"<p>UB\u00c1 &#8211; POL\u00cdCIA MILITAR PCMG prende suspeito de tentativa de<\/p>\n","protected":false},"author":4,"featured_media":22955,"comment_status":"open","ping_status":"open","sticky":false,"template":"","format":"standard","meta":{"footnotes":""},"categories":[1],"tags":[59,90,73,67,60],"class_list":["post-22957","post","type-post","status-publish","format-standard","has-post-thumbnail","hentry","category-sem-categoria","tag-fala-sodre","tag-pcmg","tag-policia-militar","tag-sodre","tag-ubanews"],"yoast_head":"<!-- This site is optimized with the Yoast SEO plugin v27.2 - https:\/\/yoast.com\/product\/yoast-seo-wordpress\/ -->\n<title>POL\u00cdCIA MILITAR PCMG prende suspeito de tentativa de homic\u00eddio em Ub\u00e1 - Ub\u00e1 News<\/title>\n<meta name=\"description\" content=\"UB\u00c1 - POL\u00cdCIA MILITAR PCMG prende suspeito de tentativa de homic\u00eddio em Ub\u00e1\" \/>\n<meta name=\"robots\" content=\"index, follow, max-snippet:-1, max-image-preview:large, max-video-preview:-1\" \/>\n<link rel=\"canonical\" href=\"https:\/\/ubanews.com\/site\/2025\/09\/18\/policia-militar-pcmg-prende-suspeito-de-tentativa-de-homicidio-em-uba\/\" \/>\n<meta property=\"og:locale\" content=\"pt_BR\" \/>\n<meta property=\"og:type\" content=\"article\" \/>\n<meta property=\"og:title\" content=\"POL\u00cdCIA MILITAR PCMG prende suspeito de tentativa de homic\u00eddio em Ub\u00e1 - Ub\u00e1 News\" \/>\n<meta property=\"og:description\" content=\"UB\u00c1 - POL\u00cdCIA MILITAR PCMG prende suspeito de tentativa de homic\u00eddio em Ub\u00e1\" \/>\n<meta property=\"og:url\" content=\"https:\/\/ubanews.com\/site\/2025\/09\/18\/policia-militar-pcmg-prende-suspeito-de-tentativa-de-homicidio-em-uba\/\" \/>\n<meta property=\"og:site_name\" content=\"Ub\u00e1 News\" \/>\n<meta property=\"article:publisher\" content=\"https:\/\/www.facebook.com\/Ub%c3%a1News-Carlos-Roberto-Sodr%c3%a9-418778301977370\" \/>\n<meta property=\"article:published_time\" content=\"2025-09-18T13:45:03+00:00\" \/>\n<meta property=\"og:image\" content=\"https:\/\/ubanews.com\/site\/wp-content\/uploads\/2025\/09\/Fala-Sodre-Policia-Militar-2.jpg\" \/>\n\t<meta property=\"og:image:width\" content=\"800\" \/>\n\t<meta property=\"og:image:height\" content=\"630\" \/>\n\t<meta property=\"og:image:type\" content=\"image\/jpeg\" \/>\n<meta name=\"author\" content=\"Carlos Roberto Sodr\u00e9\" \/>\n<meta name=\"twitter:card\" content=\"summary_large_image\" \/>\n<meta name=\"twitter:label1\" content=\"Escrito por\" \/>\n\t<meta name=\"twitter:data1\" content=\"Carlos Roberto Sodr\u00e9\" \/>\n\t<meta name=\"twitter:label2\" content=\"Est. tempo de leitura\" \/>\n\t<meta name=\"twitter:data2\" content=\"3 minutos\" \/>\n<script type=\"application\/ld+json\" class=\"yoast-schema-graph\">{\"@context\":\"https:\/\/schema.org\",\"@graph\":[{\"@type\":\"Article\",\"@id\":\"https:\/\/ubanews.com\/site\/2025\/09\/18\/policia-militar-pcmg-prende-suspeito-de-tentativa-de-homicidio-em-uba\/#article\",\"isPartOf\":{\"@id\":\"https:\/\/ubanews.com\/site\/2025\/09\/18\/policia-militar-pcmg-prende-suspeito-de-tentativa-de-homicidio-em-uba\/\"},\"author\":{\"name\":\"Carlos Roberto Sodr\u00e9\",\"@id\":\"https:\/\/ubanews.com\/site\/#\/schema\/person\/9d8da9ec3c8d00640ab6e8c81e103310\"},\"headline\":\"POL\u00cdCIA MILITAR PCMG prende suspeito de tentativa de homic\u00eddio em Ub\u00e1\",\"datePublished\":\"2025-09-18T13:45:03+00:00\",\"mainEntityOfPage\":{\"@id\":\"https:\/\/ubanews.com\/site\/2025\/09\/18\/policia-militar-pcmg-prende-suspeito-de-tentativa-de-homicidio-em-uba\/\"},\"wordCount\":422,\"commentCount\":0,\"publisher\":{\"@id\":\"https:\/\/ubanews.com\/site\/#organization\"},\"image\":{\"@id\":\"https:\/\/ubanews.com\/site\/2025\/09\/18\/policia-militar-pcmg-prende-suspeito-de-tentativa-de-homicidio-em-uba\/#primaryimage\"},\"thumbnailUrl\":\"https:\/\/ubanews.com\/site\/wp-content\/uploads\/2025\/09\/Fala-Sodre-Policia-Militar-2.jpg\",\"keywords\":[\"Fala Sodr\u00e9\",\"PCMG\",\"Pol\u00edcia Militar\",\"Sodr\u00e9\",\"UBANEWS\"],\"articleSection\":[\"Geral\"],\"inLanguage\":\"pt-BR\",\"potentialAction\":[{\"@type\":\"CommentAction\",\"name\":\"Comment\",\"target\":[\"https:\/\/ubanews.com\/site\/2025\/09\/18\/policia-militar-pcmg-prende-suspeito-de-tentativa-de-homicidio-em-uba\/#respond\"]}]},{\"@type\":\"WebPage\",\"@id\":\"https:\/\/ubanews.com\/site\/2025\/09\/18\/policia-militar-pcmg-prende-suspeito-de-tentativa-de-homicidio-em-uba\/\",\"url\":\"https:\/\/ubanews.com\/site\/2025\/09\/18\/policia-militar-pcmg-prende-suspeito-de-tentativa-de-homicidio-em-uba\/\",\"name\":\"POL\u00cdCIA MILITAR PCMG prende suspeito de tentativa de homic\u00eddio em Ub\u00e1 - Ub\u00e1 News\",\"isPartOf\":{\"@id\":\"https:\/\/ubanews.com\/site\/#website\"},\"primaryImageOfPage\":{\"@id\":\"https:\/\/ubanews.com\/site\/2025\/09\/18\/policia-militar-pcmg-prende-suspeito-de-tentativa-de-homicidio-em-uba\/#primaryimage\"},\"image\":{\"@id\":\"https:\/\/ubanews.com\/site\/2025\/09\/18\/policia-militar-pcmg-prende-suspeito-de-tentativa-de-homicidio-em-uba\/#primaryimage\"},\"thumbnailUrl\":\"https:\/\/ubanews.com\/site\/wp-content\/uploads\/2025\/09\/Fala-Sodre-Policia-Militar-2.jpg\",\"datePublished\":\"2025-09-18T13:45:03+00:00\",\"description\":\"UB\u00c1 - POL\u00cdCIA MILITAR PCMG prende suspeito de tentativa de homic\u00eddio em Ub\u00e1\",\"breadcrumb\":{\"@id\":\"https:\/\/ubanews.com\/site\/2025\/09\/18\/policia-militar-pcmg-prende-suspeito-de-tentativa-de-homicidio-em-uba\/#breadcrumb\"},\"inLanguage\":\"pt-BR\",\"potentialAction\":[{\"@type\":\"ReadAction\",\"target\":[\"https:\/\/ubanews.com\/site\/2025\/09\/18\/policia-militar-pcmg-prende-suspeito-de-tentativa-de-homicidio-em-uba\/\"]}]},{\"@type\":\"ImageObject\",\"inLanguage\":\"pt-BR\",\"@id\":\"https:\/\/ubanews.com\/site\/2025\/09\/18\/policia-militar-pcmg-prende-suspeito-de-tentativa-de-homicidio-em-uba\/#primaryimage\",\"url\":\"https:\/\/ubanews.com\/site\/wp-content\/uploads\/2025\/09\/Fala-Sodre-Policia-Militar-2.jpg\",\"contentUrl\":\"https:\/\/ubanews.com\/site\/wp-content\/uploads\/2025\/09\/Fala-Sodre-Policia-Militar-2.jpg\",\"width\":800,\"height\":630,\"caption\":\"Fala Sodr\u00e9 - Policia Militar\"},{\"@type\":\"BreadcrumbList\",\"@id\":\"https:\/\/ubanews.com\/site\/2025\/09\/18\/policia-militar-pcmg-prende-suspeito-de-tentativa-de-homicidio-em-uba\/#breadcrumb\",\"itemListElement\":[{\"@type\":\"ListItem\",\"position\":1,\"name\":\"Home\",\"item\":\"https:\/\/ubanews.com\/site\/\"},{\"@type\":\"ListItem\",\"position\":2,\"name\":\"POL\u00cdCIA MILITAR PCMG prende suspeito de tentativa de homic\u00eddio em Ub\u00e1\"}]},{\"@type\":\"WebSite\",\"@id\":\"https:\/\/ubanews.com\/site\/#website\",\"url\":\"https:\/\/ubanews.com\/site\/\",\"name\":\"Ub\u00e1 News\",\"description\":\"\",\"publisher\":{\"@id\":\"https:\/\/ubanews.com\/site\/#organization\"},\"potentialAction\":[{\"@type\":\"SearchAction\",\"target\":{\"@type\":\"EntryPoint\",\"urlTemplate\":\"https:\/\/ubanews.com\/site\/?s={search_term_string}\"},\"query-input\":{\"@type\":\"PropertyValueSpecification\",\"valueRequired\":true,\"valueName\":\"search_term_string\"}}],\"inLanguage\":\"pt-BR\"},{\"@type\":\"Organization\",\"@id\":\"https:\/\/ubanews.com\/site\/#organization\",\"name\":\"Ub\u00e1 News\",\"url\":\"https:\/\/ubanews.com\/site\/\",\"logo\":{\"@type\":\"ImageObject\",\"inLanguage\":\"pt-BR\",\"@id\":\"https:\/\/ubanews.com\/site\/#\/schema\/logo\/image\/\",\"url\":\"https:\/\/ubanews.com\/site\/wp-content\/uploads\/2018\/01\/logoubanews.png\",\"contentUrl\":\"https:\/\/ubanews.com\/site\/wp-content\/uploads\/2018\/01\/logoubanews.png\",\"width\":261,\"height\":99,\"caption\":\"Ub\u00e1 News\"},\"image\":{\"@id\":\"https:\/\/ubanews.com\/site\/#\/schema\/logo\/image\/\"},\"sameAs\":[\"https:\/\/www.facebook.com\/Ub\u00e1News-Carlos-Roberto-Sodr\u00e9-418778301977370\"]},{\"@type\":\"Person\",\"@id\":\"https:\/\/ubanews.com\/site\/#\/schema\/person\/9d8da9ec3c8d00640ab6e8c81e103310\",\"name\":\"Carlos Roberto Sodr\u00e9\",\"image\":{\"@type\":\"ImageObject\",\"inLanguage\":\"pt-BR\",\"@id\":\"https:\/\/secure.gravatar.com\/avatar\/aab322e8555b56c468614fafdab8a8f924e394cdc6cfd8232f77e9e4d123a133?s=96&d=mm&r=g\",\"url\":\"https:\/\/secure.gravatar.com\/avatar\/aab322e8555b56c468614fafdab8a8f924e394cdc6cfd8232f77e9e4d123a133?s=96&d=mm&r=g\",\"contentUrl\":\"https:\/\/secure.gravatar.com\/avatar\/aab322e8555b56c468614fafdab8a8f924e394cdc6cfd8232f77e9e4d123a133?s=96&d=mm&r=g\",\"caption\":\"Carlos Roberto Sodr\u00e9\"},\"url\":\"https:\/\/ubanews.com\/site\/author\/sodre\/\"}]}<\/script>\n<!-- \/ Yoast SEO plugin. -->","yoast_head_json":{"title":"POL\u00cdCIA MILITAR PCMG prende suspeito de tentativa de homic\u00eddio em Ub\u00e1 - Ub\u00e1 News","description":"UB\u00c1 - POL\u00cdCIA MILITAR PCMG prende suspeito de tentativa de homic\u00eddio em Ub\u00e1","robots":{"index":"index","follow":"follow","max-snippet":"max-snippet:-1","max-image-preview":"max-image-preview:large","max-video-preview":"max-video-preview:-1"},"canonical":"https:\/\/ubanews.com\/site\/2025\/09\/18\/policia-militar-pcmg-prende-suspeito-de-tentativa-de-homicidio-em-uba\/","og_locale":"pt_BR","og_type":"article","og_title":"POL\u00cdCIA MILITAR PCMG prende suspeito de tentativa de homic\u00eddio em Ub\u00e1 - Ub\u00e1 News","og_description":"UB\u00c1 - POL\u00cdCIA MILITAR PCMG prende suspeito de tentativa de homic\u00eddio em Ub\u00e1","og_url":"https:\/\/ubanews.com\/site\/2025\/09\/18\/policia-militar-pcmg-prende-suspeito-de-tentativa-de-homicidio-em-uba\/","og_site_name":"Ub\u00e1 News","article_publisher":"https:\/\/www.facebook.com\/Ub%c3%a1News-Carlos-Roberto-Sodr%c3%a9-418778301977370","article_published_time":"2025-09-18T13:45:03+00:00","og_image":[{"width":800,"height":630,"url":"https:\/\/ubanews.com\/site\/wp-content\/uploads\/2025\/09\/Fala-Sodre-Policia-Militar-2.jpg","type":"image\/jpeg"}],"author":"Carlos Roberto Sodr\u00e9","twitter_card":"summary_large_image","twitter_misc":{"Escrito por":"Carlos Roberto Sodr\u00e9","Est. tempo de leitura":"3 minutos"},"schema":{"@context":"https:\/\/schema.org","@graph":[{"@type":"Article","@id":"https:\/\/ubanews.com\/site\/2025\/09\/18\/policia-militar-pcmg-prende-suspeito-de-tentativa-de-homicidio-em-uba\/#article","isPartOf":{"@id":"https:\/\/ubanews.com\/site\/2025\/09\/18\/policia-militar-pcmg-prende-suspeito-de-tentativa-de-homicidio-em-uba\/"},"author":{"name":"Carlos Roberto Sodr\u00e9","@id":"https:\/\/ubanews.com\/site\/#\/schema\/person\/9d8da9ec3c8d00640ab6e8c81e103310"},"headline":"POL\u00cdCIA MILITAR PCMG prende suspeito de tentativa de homic\u00eddio em Ub\u00e1","datePublished":"2025-09-18T13:45:03+00:00","mainEntityOfPage":{"@id":"https:\/\/ubanews.com\/site\/2025\/09\/18\/policia-militar-pcmg-prende-suspeito-de-tentativa-de-homicidio-em-uba\/"},"wordCount":422,"commentCount":0,"publisher":{"@id":"https:\/\/ubanews.com\/site\/#organization"},"image":{"@id":"https:\/\/ubanews.com\/site\/2025\/09\/18\/policia-militar-pcmg-prende-suspeito-de-tentativa-de-homicidio-em-uba\/#primaryimage"},"thumbnailUrl":"https:\/\/ubanews.com\/site\/wp-content\/uploads\/2025\/09\/Fala-Sodre-Policia-Militar-2.jpg","keywords":["Fala Sodr\u00e9","PCMG","Pol\u00edcia Militar","Sodr\u00e9","UBANEWS"],"articleSection":["Geral"],"inLanguage":"pt-BR","potentialAction":[{"@type":"CommentAction","name":"Comment","target":["https:\/\/ubanews.com\/site\/2025\/09\/18\/policia-militar-pcmg-prende-suspeito-de-tentativa-de-homicidio-em-uba\/#respond"]}]},{"@type":"WebPage","@id":"https:\/\/ubanews.com\/site\/2025\/09\/18\/policia-militar-pcmg-prende-suspeito-de-tentativa-de-homicidio-em-uba\/","url":"https:\/\/ubanews.com\/site\/2025\/09\/18\/policia-militar-pcmg-prende-suspeito-de-tentativa-de-homicidio-em-uba\/","name":"POL\u00cdCIA MILITAR PCMG prende suspeito de tentativa de homic\u00eddio em Ub\u00e1 - Ub\u00e1 News","isPartOf":{"@id":"https:\/\/ubanews.com\/site\/#website"},"primaryImageOfPage":{"@id":"https:\/\/ubanews.com\/site\/2025\/09\/18\/policia-militar-pcmg-prende-suspeito-de-tentativa-de-homicidio-em-uba\/#primaryimage"},"image":{"@id":"https:\/\/ubanews.com\/site\/2025\/09\/18\/policia-militar-pcmg-prende-suspeito-de-tentativa-de-homicidio-em-uba\/#primaryimage"},"thumbnailUrl":"https:\/\/ubanews.com\/site\/wp-content\/uploads\/2025\/09\/Fala-Sodre-Policia-Militar-2.jpg","datePublished":"2025-09-18T13:45:03+00:00","description":"UB\u00c1 - POL\u00cdCIA MILITAR PCMG prende suspeito de tentativa de homic\u00eddio em Ub\u00e1","breadcrumb":{"@id":"https:\/\/ubanews.com\/site\/2025\/09\/18\/policia-militar-pcmg-prende-suspeito-de-tentativa-de-homicidio-em-uba\/#breadcrumb"},"inLanguage":"pt-BR","potentialAction":[{"@type":"ReadAction","target":["https:\/\/ubanews.com\/site\/2025\/09\/18\/policia-militar-pcmg-prende-suspeito-de-tentativa-de-homicidio-em-uba\/"]}]},{"@type":"ImageObject","inLanguage":"pt-BR","@id":"https:\/\/ubanews.com\/site\/2025\/09\/18\/policia-militar-pcmg-prende-suspeito-de-tentativa-de-homicidio-em-uba\/#primaryimage","url":"https:\/\/ubanews.com\/site\/wp-content\/uploads\/2025\/09\/Fala-Sodre-Policia-Militar-2.jpg","contentUrl":"https:\/\/ubanews.com\/site\/wp-content\/uploads\/2025\/09\/Fala-Sodre-Policia-Militar-2.jpg","width":800,"height":630,"caption":"Fala Sodr\u00e9 - Policia Militar"},{"@type":"BreadcrumbList","@id":"https:\/\/ubanews.com\/site\/2025\/09\/18\/policia-militar-pcmg-prende-suspeito-de-tentativa-de-homicidio-em-uba\/#breadcrumb","itemListElement":[{"@type":"ListItem","position":1,"name":"Home","item":"https:\/\/ubanews.com\/site\/"},{"@type":"ListItem","position":2,"name":"POL\u00cdCIA MILITAR PCMG prende suspeito de tentativa de homic\u00eddio em Ub\u00e1"}]},{"@type":"WebSite","@id":"https:\/\/ubanews.com\/site\/#website","url":"https:\/\/ubanews.com\/site\/","name":"Ub\u00e1 News","description":"","publisher":{"@id":"https:\/\/ubanews.com\/site\/#organization"},"potentialAction":[{"@type":"SearchAction","target":{"@type":"EntryPoint","urlTemplate":"https:\/\/ubanews.com\/site\/?s={search_term_string}"},"query-input":{"@type":"PropertyValueSpecification","valueRequired":true,"valueName":"search_term_string"}}],"inLanguage":"pt-BR"},{"@type":"Organization","@id":"https:\/\/ubanews.com\/site\/#organization","name":"Ub\u00e1 News","url":"https:\/\/ubanews.com\/site\/","logo":{"@type":"ImageObject","inLanguage":"pt-BR","@id":"https:\/\/ubanews.com\/site\/#\/schema\/logo\/image\/","url":"https:\/\/ubanews.com\/site\/wp-content\/uploads\/2018\/01\/logoubanews.png","contentUrl":"https:\/\/ubanews.com\/site\/wp-content\/uploads\/2018\/01\/logoubanews.png","width":261,"height":99,"caption":"Ub\u00e1 News"},"image":{"@id":"https:\/\/ubanews.com\/site\/#\/schema\/logo\/image\/"},"sameAs":["https:\/\/www.facebook.com\/Ub\u00e1News-Carlos-Roberto-Sodr\u00e9-418778301977370"]},{"@type":"Person","@id":"https:\/\/ubanews.com\/site\/#\/schema\/person\/9d8da9ec3c8d00640ab6e8c81e103310","name":"Carlos Roberto Sodr\u00e9","image":{"@type":"ImageObject","inLanguage":"pt-BR","@id":"https:\/\/secure.gravatar.com\/avatar\/aab322e8555b56c468614fafdab8a8f924e394cdc6cfd8232f77e9e4d123a133?s=96&d=mm&r=g","url":"https:\/\/secure.gravatar.com\/avatar\/aab322e8555b56c468614fafdab8a8f924e394cdc6cfd8232f77e9e4d123a133?s=96&d=mm&r=g","contentUrl":"https:\/\/secure.gravatar.com\/avatar\/aab322e8555b56c468614fafdab8a8f924e394cdc6cfd8232f77e9e4d123a133?s=96&d=mm&r=g","caption":"Carlos Roberto Sodr\u00e9"},"url":"https:\/\/ubanews.com\/site\/author\/sodre\/"}]}},"_links":{"self":[{"href":"https:\/\/ubanews.com\/site\/wp-json\/wp\/v2\/posts\/22957","targetHints":{"allow":["GET"]}}],"collection":[{"href":"https:\/\/ubanews.com\/site\/wp-json\/wp\/v2\/posts"}],"about":[{"href":"https:\/\/ubanews.com\/site\/wp-json\/wp\/v2\/types\/post"}],"author":[{"embeddable":true,"href":"https:\/\/ubanews.com\/site\/wp-json\/wp\/v2\/users\/4"}],"replies":[{"embeddable":true,"href":"https:\/\/ubanews.com\/site\/wp-json\/wp\/v2\/comments?post=22957"}],"version-history":[{"count":0,"href":"https:\/\/ubanews.com\/site\/wp-json\/wp\/v2\/posts\/22957\/revisions"}],"wp:featuredmedia":[{"embeddable":true,"href":"https:\/\/ubanews.com\/site\/wp-json\/wp\/v2\/media\/22955"}],"wp:attachment":[{"href":"https:\/\/ubanews.com\/site\/wp-json\/wp\/v2\/media?parent=22957"}],"wp:term":[{"taxonomy":"category","embeddable":true,"href":"https:\/\/ubanews.com\/site\/wp-json\/wp\/v2\/categories?post=22957"},{"taxonomy":"post_tag","embeddable":true,"href":"https:\/\/ubanews.com\/site\/wp-json\/wp\/v2\/tags?post=22957"}],"curies":[{"name":"wp","href":"https:\/\/api.w.org\/{rel}","templated":true}]}}