{"id":22948,"date":"2025-09-18T09:54:20","date_gmt":"2025-09-18T12:54:20","guid":{"rendered":"https:\/\/ubanews.com\/site\/?p=22948"},"modified":"2025-09-18T09:54:20","modified_gmt":"2025-09-18T12:54:20","slug":"novos_advogados","status":"publish","type":"post","link":"https:\/\/ubanews.com\/site\/2025\/09\/18\/novos_advogados\/","title":{"rendered":"Novos Advogados S\u00e3o Recebidos com Honras em Cerim\u00f4nia na C\u00e2mara de Ub\u00e1"},"content":{"rendered":"<p>Novos Advogados S\u00e3o Recebidos com Honras em Cerim\u00f4nia na C\u00e2mara de Ub\u00e1.\u00a0Celebra\u00e7\u00e3o da conquista profissional.\u00a0Na manh\u00e3 de 18 de setembro de 2025, a C\u00e2mara Municipal de Ub\u00e1 foi palco de uma cerim\u00f4nia especial que marcou a entrega das carteiras da Ordem dos Advogados do Brasil (OAB) aos novos profissionais da advocacia. O evento foi acompanhado pelo rep\u00f3rter Carlos Roberto Sodr\u00e9 e registrado em imagens por Laisa Sodr\u00e9, reunindo familiares, autoridades e convidados em um momento de celebra\u00e7\u00e3o e reconhecimento.<\/p>\n<h2>Novos Advogados S\u00e3o Recebidos com Honras em Cerim\u00f4nia na C\u00e2mara de Ub\u00e1<\/h2>\n<p><a href=\"https:\/\/www.youtube.com\/live\/LDIkbFPugKw?si=LpGoOyp3Kyh39Jv9\" target=\"_blank\" rel=\"noopener\"><img decoding=\"async\" class=\"aligncenter wp-image-22949 size-medium lazyload\" data-src=\"https:\/\/ubanews.com\/site\/wp-content\/uploads\/2025\/09\/Fala-Sodre-Presidente-da-OAB-300x146.jpg\" alt=\"Novos Advogados S\u00e3o Recebidos com Honras em Cerim\u00f4nia na C\u00e2mara de Ub\u00e1\" width=\"300\" height=\"146\" data-srcset=\"https:\/\/ubanews.com\/site\/wp-content\/uploads\/2025\/09\/Fala-Sodre-Presidente-da-OAB-300x146.jpg 300w, https:\/\/ubanews.com\/site\/wp-content\/uploads\/2025\/09\/Fala-Sodre-Presidente-da-OAB-768x375.jpg 768w, https:\/\/ubanews.com\/site\/wp-content\/uploads\/2025\/09\/Fala-Sodre-Presidente-da-OAB.jpg 1002w\" data-sizes=\"(max-width: 300px) 100vw, 300px\" src=\"data:image\/svg+xml;base64,PHN2ZyB3aWR0aD0iMSIgaGVpZ2h0PSIxIiB4bWxucz0iaHR0cDovL3d3dy53My5vcmcvMjAwMC9zdmciPjwvc3ZnPg==\" style=\"--smush-placeholder-width: 300px; --smush-placeholder-aspect-ratio: 300\/146;\" \/><\/a><\/p>\n<h2>A fala do presidente da 30\u00aa Subse\u00e7\u00e3o da OAB de Ub\u00e1<\/h2>\n<p>Durante a solenidade, o presidente da OAB de Ub\u00e1, Dr. Luiz Tarc\u00edsio, fez um discurso inspirador e acolhedor aos novos advogados. Ele destacou:<\/p>\n<blockquote><p>\u201cA advocacia \u00e9 uma das \u00fanicas profiss\u00f5es mencionadas na Constitui\u00e7\u00e3o Federal como indispens\u00e1vel \u00e0 administra\u00e7\u00e3o da justi\u00e7a. A partir de hoje, voc\u00eas passam a integrar uma das carreiras mais importantes do pa\u00eds. Que nunca falte \u00e9tica, dedica\u00e7\u00e3o e estudo di\u00e1rio, pois a legisla\u00e7\u00e3o muda constantemente e exige aten\u00e7\u00e3o constante. A justi\u00e7a precisa de novas vozes, novas ideias e, acima de tudo, de profissionais comprometidos com a verdade.\u201d<\/p><\/blockquote>\n<h2><a href=\"https:\/\/www.youtube.com\/live\/LDIkbFPugKw?si=LpGoOyp3Kyh39Jv9\" target=\"_blank\" rel=\"noopener\"><img decoding=\"async\" class=\"aligncenter wp-image-22950 size-medium lazyload\" data-src=\"https:\/\/ubanews.com\/site\/wp-content\/uploads\/2025\/09\/Fala-Sodre-Dra-Vilma-Lucia-Goncalves-Carneiro-300x149.jpg\" alt=\"Novos Advogados S\u00e3o Recebidos com Honras em Cerim\u00f4nia na C\u00e2mara de Ub\u00e1\" width=\"300\" height=\"149\" data-srcset=\"https:\/\/ubanews.com\/site\/wp-content\/uploads\/2025\/09\/Fala-Sodre-Dra-Vilma-Lucia-Goncalves-Carneiro-300x149.jpg 300w, https:\/\/ubanews.com\/site\/wp-content\/uploads\/2025\/09\/Fala-Sodre-Dra-Vilma-Lucia-Goncalves-Carneiro-768x382.jpg 768w, https:\/\/ubanews.com\/site\/wp-content\/uploads\/2025\/09\/Fala-Sodre-Dra-Vilma-Lucia-Goncalves-Carneiro.jpg 980w\" data-sizes=\"(max-width: 300px) 100vw, 300px\" src=\"data:image\/svg+xml;base64,PHN2ZyB3aWR0aD0iMSIgaGVpZ2h0PSIxIiB4bWxucz0iaHR0cDovL3d3dy53My5vcmcvMjAwMC9zdmciPjwvc3ZnPg==\" style=\"--smush-placeholder-width: 300px; --smush-placeholder-aspect-ratio: 300\/149;\" \/><\/a><\/h2>\n<h2>A contribui\u00e7\u00e3o da Dra. Vilma Lucia Gon\u00e7alves Carneiro<\/h2>\n<p>A cerim\u00f4nia tamb\u00e9m contou com a presen\u00e7a marcante da ju\u00edza Dra. Vilma Lucia Gon\u00e7alves Carneiro, que compartilhou experi\u00eancias emocionantes vividas ao longo de sua carreira na magistratura. Em sua fala, ela relembrou casos que a tocaram profundamente, como o de uma m\u00e3e que abandonou seu filho na rua e o de uma vi\u00fava amea\u00e7ada de perder sua casa pelos pr\u00f3prios filhos.<\/p>\n<blockquote><p>\u201cA justi\u00e7a precisa de sensibilidade. Precisamos de profissionais que enxerguem o ser humano por tr\u00e1s de cada processo. A minha trajet\u00f3ria foi marcada por desafios, mas tamb\u00e9m por momentos em que pude fazer a diferen\u00e7a na vida das pessoas. A advocacia tem esse poder, e \u00e9 isso que desejo aos novos colegas: que sejam agentes de transforma\u00e7\u00e3o\u201d, afirmou a magistrada.<\/p><\/blockquote>\n<h2>\u00c9tica e atualiza\u00e7\u00e3o constante: fundamentos da profiss\u00e3o<\/h2>\n<p>Al\u00e9m da emo\u00e7\u00e3o da conquista, os novos advogados foram lembrados de que a jornada profissional exige responsabilidade e preparo cont\u00ednuo. A necessidade de manter-se atualizado diante das mudan\u00e7as legislativas foi enfatizada como um dos pilares da boa pr\u00e1tica jur\u00eddica.<\/p>\n<h2>M\u00faltiplas possibilidades de atua\u00e7\u00e3o<\/h2>\n<p>A cerim\u00f4nia tamb\u00e9m serviu para apresentar aos novos profissionais as diversas \u00e1reas em que podem atuar. Desde a advocacia p\u00fablica at\u00e9 comiss\u00f5es tem\u00e1ticas da OAB, passando por carreiras em seguran\u00e7a p\u00fablica e atua\u00e7\u00e3o nos entes federativos, os caminhos s\u00e3o variados e promissores. O sucesso, como foi refor\u00e7ado, depende do esfor\u00e7o pessoal e da dedica\u00e7\u00e3o ao estudo e \u00e0 \u00e9tica.<\/p>\n<h2>Hist\u00f3rias que emocionam e inspiram<\/h2>\n<p>Profissionais experientes compartilharam relatos marcantes vividos ao longo da carreira, envolvendo casos de crian\u00e7as, idosos e fam\u00edlias em situa\u00e7\u00e3o de vulnerabilidade. Esses depoimentos refor\u00e7aram o papel humano da advocacia e a import\u00e2ncia da sensibilidade no exerc\u00edcio da justi\u00e7a.<\/p>\n<h2>Um novo cap\u00edtulo para a advocacia em Ub\u00e1<\/h2>\n<p>Com a posse de 23 novos advogados, a cidade de Ub\u00e1 fortalece seu quadro jur\u00eddico e renova as esperan\u00e7as por uma justi\u00e7a mais acess\u00edvel, \u00e9tica e comprometida com os valores democr\u00e1ticos. A cerim\u00f4nia foi encerrada com votos de sucesso e incentivo \u00e0 perseveran\u00e7a, marcando o in\u00edcio de uma nova etapa na vida desses profissionais.<\/p>\n<p><iframe title=\"Fala Sodr\u00e9: acompanhe os melhores momentos da entrega das carteiras aos novos advogados da OAB\" width=\"840\" height=\"473\" data-src=\"https:\/\/www.youtube.com\/embed\/LDIkbFPugKw?feature=oembed\" frameborder=\"0\" allow=\"accelerometer; autoplay; clipboard-write; encrypted-media; gyroscope; picture-in-picture; web-share\" referrerpolicy=\"strict-origin-when-cross-origin\" allowfullscreen src=\"data:image\/svg+xml;base64,PHN2ZyB3aWR0aD0iMSIgaGVpZ2h0PSIxIiB4bWxucz0iaHR0cDovL3d3dy53My5vcmcvMjAwMC9zdmciPjwvc3ZnPg==\" class=\"lazyload\" data-load-mode=\"1\"><\/iframe><\/p>\n<p>&nbsp;<\/p>\n","protected":false},"excerpt":{"rendered":"<p>Novos Advogados S\u00e3o Recebidos com Honras em Cerim\u00f4nia na C\u00e2mara<\/p>\n","protected":false},"author":4,"featured_media":22949,"comment_status":"open","ping_status":"open","sticky":false,"template":"","format":"standard","meta":{"footnotes":""},"categories":[1,3],"tags":[59,88,67,60],"class_list":["post-22948","post","type-post","status-publish","format-standard","has-post-thumbnail","hentry","category-sem-categoria","category-slide","tag-fala-sodre","tag-oab-de-uba","tag-sodre","tag-ubanews"],"yoast_head":"<!-- This site is optimized with the Yoast SEO plugin v27.2 - https:\/\/yoast.com\/product\/yoast-seo-wordpress\/ -->\n<title>Novos Advogados S\u00e3o Recebidos com Honras em Cerim\u00f4nia na C\u00e2mara de Ub\u00e1 - Ub\u00e1 News<\/title>\n<meta name=\"description\" content=\"Cerim\u00f4nia na C\u00e2mara de Ub\u00e1 celebra entrega de carteiras da OAB a 23 novos advogados, com falas inspiradoras e hist\u00f3rias emocionantes.\" \/>\n<meta name=\"robots\" content=\"index, follow, max-snippet:-1, max-image-preview:large, max-video-preview:-1\" \/>\n<link rel=\"canonical\" href=\"https:\/\/ubanews.com\/site\/2025\/09\/18\/novos_advogados\/\" \/>\n<meta property=\"og:locale\" content=\"pt_BR\" \/>\n<meta property=\"og:type\" content=\"article\" \/>\n<meta property=\"og:title\" content=\"Novos Advogados S\u00e3o Recebidos com Honras em Cerim\u00f4nia na C\u00e2mara de Ub\u00e1 - Ub\u00e1 News\" \/>\n<meta property=\"og:description\" content=\"Cerim\u00f4nia na C\u00e2mara de Ub\u00e1 celebra entrega de carteiras da OAB a 23 novos advogados, com falas inspiradoras e hist\u00f3rias emocionantes.\" \/>\n<meta property=\"og:url\" content=\"https:\/\/ubanews.com\/site\/2025\/09\/18\/novos_advogados\/\" \/>\n<meta property=\"og:site_name\" content=\"Ub\u00e1 News\" \/>\n<meta property=\"article:publisher\" content=\"https:\/\/www.facebook.com\/Ub%c3%a1News-Carlos-Roberto-Sodr%c3%a9-418778301977370\" \/>\n<meta property=\"article:published_time\" content=\"2025-09-18T12:54:20+00:00\" \/>\n<meta property=\"og:image\" content=\"https:\/\/ubanews.com\/site\/wp-content\/uploads\/2025\/09\/Fala-Sodre-Presidente-da-OAB.jpg\" \/>\n\t<meta property=\"og:image:width\" content=\"1002\" \/>\n\t<meta property=\"og:image:height\" content=\"489\" \/>\n\t<meta property=\"og:image:type\" content=\"image\/jpeg\" \/>\n<meta name=\"author\" content=\"Carlos Roberto Sodr\u00e9\" \/>\n<meta name=\"twitter:card\" content=\"summary_large_image\" \/>\n<meta name=\"twitter:label1\" content=\"Escrito por\" \/>\n\t<meta name=\"twitter:data1\" content=\"Carlos Roberto Sodr\u00e9\" \/>\n\t<meta name=\"twitter:label2\" content=\"Est. tempo de leitura\" \/>\n\t<meta name=\"twitter:data2\" content=\"3 minutos\" \/>\n<script type=\"application\/ld+json\" class=\"yoast-schema-graph\">{\"@context\":\"https:\/\/schema.org\",\"@graph\":[{\"@type\":\"Article\",\"@id\":\"https:\/\/ubanews.com\/site\/2025\/09\/18\/novos_advogados\/#article\",\"isPartOf\":{\"@id\":\"https:\/\/ubanews.com\/site\/2025\/09\/18\/novos_advogados\/\"},\"author\":{\"name\":\"Carlos Roberto Sodr\u00e9\",\"@id\":\"https:\/\/ubanews.com\/site\/#\/schema\/person\/9d8da9ec3c8d00640ab6e8c81e103310\"},\"headline\":\"Novos Advogados S\u00e3o Recebidos com Honras em Cerim\u00f4nia na C\u00e2mara de Ub\u00e1\",\"datePublished\":\"2025-09-18T12:54:20+00:00\",\"mainEntityOfPage\":{\"@id\":\"https:\/\/ubanews.com\/site\/2025\/09\/18\/novos_advogados\/\"},\"wordCount\":638,\"commentCount\":0,\"publisher\":{\"@id\":\"https:\/\/ubanews.com\/site\/#organization\"},\"image\":{\"@id\":\"https:\/\/ubanews.com\/site\/2025\/09\/18\/novos_advogados\/#primaryimage\"},\"thumbnailUrl\":\"https:\/\/ubanews.com\/site\/wp-content\/uploads\/2025\/09\/Fala-Sodre-Presidente-da-OAB.jpg\",\"keywords\":[\"Fala Sodr\u00e9\",\"OAB de Ub\u00e1\",\"Sodr\u00e9\",\"UBANEWS\"],\"articleSection\":[\"Geral\",\"Slide\"],\"inLanguage\":\"pt-BR\",\"potentialAction\":[{\"@type\":\"CommentAction\",\"name\":\"Comment\",\"target\":[\"https:\/\/ubanews.com\/site\/2025\/09\/18\/novos_advogados\/#respond\"]}]},{\"@type\":\"WebPage\",\"@id\":\"https:\/\/ubanews.com\/site\/2025\/09\/18\/novos_advogados\/\",\"url\":\"https:\/\/ubanews.com\/site\/2025\/09\/18\/novos_advogados\/\",\"name\":\"Novos Advogados S\u00e3o Recebidos com Honras em Cerim\u00f4nia na C\u00e2mara de Ub\u00e1 - Ub\u00e1 News\",\"isPartOf\":{\"@id\":\"https:\/\/ubanews.com\/site\/#website\"},\"primaryImageOfPage\":{\"@id\":\"https:\/\/ubanews.com\/site\/2025\/09\/18\/novos_advogados\/#primaryimage\"},\"image\":{\"@id\":\"https:\/\/ubanews.com\/site\/2025\/09\/18\/novos_advogados\/#primaryimage\"},\"thumbnailUrl\":\"https:\/\/ubanews.com\/site\/wp-content\/uploads\/2025\/09\/Fala-Sodre-Presidente-da-OAB.jpg\",\"datePublished\":\"2025-09-18T12:54:20+00:00\",\"description\":\"Cerim\u00f4nia na C\u00e2mara de Ub\u00e1 celebra entrega de carteiras da OAB a 23 novos advogados, com falas inspiradoras e hist\u00f3rias emocionantes.\",\"breadcrumb\":{\"@id\":\"https:\/\/ubanews.com\/site\/2025\/09\/18\/novos_advogados\/#breadcrumb\"},\"inLanguage\":\"pt-BR\",\"potentialAction\":[{\"@type\":\"ReadAction\",\"target\":[\"https:\/\/ubanews.com\/site\/2025\/09\/18\/novos_advogados\/\"]}]},{\"@type\":\"ImageObject\",\"inLanguage\":\"pt-BR\",\"@id\":\"https:\/\/ubanews.com\/site\/2025\/09\/18\/novos_advogados\/#primaryimage\",\"url\":\"https:\/\/ubanews.com\/site\/wp-content\/uploads\/2025\/09\/Fala-Sodre-Presidente-da-OAB.jpg\",\"contentUrl\":\"https:\/\/ubanews.com\/site\/wp-content\/uploads\/2025\/09\/Fala-Sodre-Presidente-da-OAB.jpg\",\"width\":1002,\"height\":489,\"caption\":\"Novos Advogados S\u00e3o Recebidos com Honras em Cerim\u00f4nia na C\u00e2mara de Ub\u00e1\"},{\"@type\":\"BreadcrumbList\",\"@id\":\"https:\/\/ubanews.com\/site\/2025\/09\/18\/novos_advogados\/#breadcrumb\",\"itemListElement\":[{\"@type\":\"ListItem\",\"position\":1,\"name\":\"Home\",\"item\":\"https:\/\/ubanews.com\/site\/\"},{\"@type\":\"ListItem\",\"position\":2,\"name\":\"Novos Advogados S\u00e3o Recebidos com Honras em Cerim\u00f4nia na C\u00e2mara de Ub\u00e1\"}]},{\"@type\":\"WebSite\",\"@id\":\"https:\/\/ubanews.com\/site\/#website\",\"url\":\"https:\/\/ubanews.com\/site\/\",\"name\":\"Ub\u00e1 News\",\"description\":\"\",\"publisher\":{\"@id\":\"https:\/\/ubanews.com\/site\/#organization\"},\"potentialAction\":[{\"@type\":\"SearchAction\",\"target\":{\"@type\":\"EntryPoint\",\"urlTemplate\":\"https:\/\/ubanews.com\/site\/?s={search_term_string}\"},\"query-input\":{\"@type\":\"PropertyValueSpecification\",\"valueRequired\":true,\"valueName\":\"search_term_string\"}}],\"inLanguage\":\"pt-BR\"},{\"@type\":\"Organization\",\"@id\":\"https:\/\/ubanews.com\/site\/#organization\",\"name\":\"Ub\u00e1 News\",\"url\":\"https:\/\/ubanews.com\/site\/\",\"logo\":{\"@type\":\"ImageObject\",\"inLanguage\":\"pt-BR\",\"@id\":\"https:\/\/ubanews.com\/site\/#\/schema\/logo\/image\/\",\"url\":\"https:\/\/ubanews.com\/site\/wp-content\/uploads\/2018\/01\/logoubanews.png\",\"contentUrl\":\"https:\/\/ubanews.com\/site\/wp-content\/uploads\/2018\/01\/logoubanews.png\",\"width\":261,\"height\":99,\"caption\":\"Ub\u00e1 News\"},\"image\":{\"@id\":\"https:\/\/ubanews.com\/site\/#\/schema\/logo\/image\/\"},\"sameAs\":[\"https:\/\/www.facebook.com\/Ub\u00e1News-Carlos-Roberto-Sodr\u00e9-418778301977370\"]},{\"@type\":\"Person\",\"@id\":\"https:\/\/ubanews.com\/site\/#\/schema\/person\/9d8da9ec3c8d00640ab6e8c81e103310\",\"name\":\"Carlos Roberto Sodr\u00e9\",\"image\":{\"@type\":\"ImageObject\",\"inLanguage\":\"pt-BR\",\"@id\":\"https:\/\/secure.gravatar.com\/avatar\/aab322e8555b56c468614fafdab8a8f924e394cdc6cfd8232f77e9e4d123a133?s=96&d=mm&r=g\",\"url\":\"https:\/\/secure.gravatar.com\/avatar\/aab322e8555b56c468614fafdab8a8f924e394cdc6cfd8232f77e9e4d123a133?s=96&d=mm&r=g\",\"contentUrl\":\"https:\/\/secure.gravatar.com\/avatar\/aab322e8555b56c468614fafdab8a8f924e394cdc6cfd8232f77e9e4d123a133?s=96&d=mm&r=g\",\"caption\":\"Carlos Roberto Sodr\u00e9\"},\"url\":\"https:\/\/ubanews.com\/site\/author\/sodre\/\"}]}<\/script>\n<!-- \/ Yoast SEO plugin. -->","yoast_head_json":{"title":"Novos Advogados S\u00e3o Recebidos com Honras em Cerim\u00f4nia na C\u00e2mara de Ub\u00e1 - Ub\u00e1 News","description":"Cerim\u00f4nia na C\u00e2mara de Ub\u00e1 celebra entrega de carteiras da OAB a 23 novos advogados, com falas inspiradoras e hist\u00f3rias emocionantes.","robots":{"index":"index","follow":"follow","max-snippet":"max-snippet:-1","max-image-preview":"max-image-preview:large","max-video-preview":"max-video-preview:-1"},"canonical":"https:\/\/ubanews.com\/site\/2025\/09\/18\/novos_advogados\/","og_locale":"pt_BR","og_type":"article","og_title":"Novos Advogados S\u00e3o Recebidos com Honras em Cerim\u00f4nia na C\u00e2mara de Ub\u00e1 - Ub\u00e1 News","og_description":"Cerim\u00f4nia na C\u00e2mara de Ub\u00e1 celebra entrega de carteiras da OAB a 23 novos advogados, com falas inspiradoras e hist\u00f3rias emocionantes.","og_url":"https:\/\/ubanews.com\/site\/2025\/09\/18\/novos_advogados\/","og_site_name":"Ub\u00e1 News","article_publisher":"https:\/\/www.facebook.com\/Ub%c3%a1News-Carlos-Roberto-Sodr%c3%a9-418778301977370","article_published_time":"2025-09-18T12:54:20+00:00","og_image":[{"width":1002,"height":489,"url":"https:\/\/ubanews.com\/site\/wp-content\/uploads\/2025\/09\/Fala-Sodre-Presidente-da-OAB.jpg","type":"image\/jpeg"}],"author":"Carlos Roberto Sodr\u00e9","twitter_card":"summary_large_image","twitter_misc":{"Escrito por":"Carlos Roberto Sodr\u00e9","Est. tempo de leitura":"3 minutos"},"schema":{"@context":"https:\/\/schema.org","@graph":[{"@type":"Article","@id":"https:\/\/ubanews.com\/site\/2025\/09\/18\/novos_advogados\/#article","isPartOf":{"@id":"https:\/\/ubanews.com\/site\/2025\/09\/18\/novos_advogados\/"},"author":{"name":"Carlos Roberto Sodr\u00e9","@id":"https:\/\/ubanews.com\/site\/#\/schema\/person\/9d8da9ec3c8d00640ab6e8c81e103310"},"headline":"Novos Advogados S\u00e3o Recebidos com Honras em Cerim\u00f4nia na C\u00e2mara de Ub\u00e1","datePublished":"2025-09-18T12:54:20+00:00","mainEntityOfPage":{"@id":"https:\/\/ubanews.com\/site\/2025\/09\/18\/novos_advogados\/"},"wordCount":638,"commentCount":0,"publisher":{"@id":"https:\/\/ubanews.com\/site\/#organization"},"image":{"@id":"https:\/\/ubanews.com\/site\/2025\/09\/18\/novos_advogados\/#primaryimage"},"thumbnailUrl":"https:\/\/ubanews.com\/site\/wp-content\/uploads\/2025\/09\/Fala-Sodre-Presidente-da-OAB.jpg","keywords":["Fala Sodr\u00e9","OAB de Ub\u00e1","Sodr\u00e9","UBANEWS"],"articleSection":["Geral","Slide"],"inLanguage":"pt-BR","potentialAction":[{"@type":"CommentAction","name":"Comment","target":["https:\/\/ubanews.com\/site\/2025\/09\/18\/novos_advogados\/#respond"]}]},{"@type":"WebPage","@id":"https:\/\/ubanews.com\/site\/2025\/09\/18\/novos_advogados\/","url":"https:\/\/ubanews.com\/site\/2025\/09\/18\/novos_advogados\/","name":"Novos Advogados S\u00e3o Recebidos com Honras em Cerim\u00f4nia na C\u00e2mara de Ub\u00e1 - Ub\u00e1 News","isPartOf":{"@id":"https:\/\/ubanews.com\/site\/#website"},"primaryImageOfPage":{"@id":"https:\/\/ubanews.com\/site\/2025\/09\/18\/novos_advogados\/#primaryimage"},"image":{"@id":"https:\/\/ubanews.com\/site\/2025\/09\/18\/novos_advogados\/#primaryimage"},"thumbnailUrl":"https:\/\/ubanews.com\/site\/wp-content\/uploads\/2025\/09\/Fala-Sodre-Presidente-da-OAB.jpg","datePublished":"2025-09-18T12:54:20+00:00","description":"Cerim\u00f4nia na C\u00e2mara de Ub\u00e1 celebra entrega de carteiras da OAB a 23 novos advogados, com falas inspiradoras e hist\u00f3rias emocionantes.","breadcrumb":{"@id":"https:\/\/ubanews.com\/site\/2025\/09\/18\/novos_advogados\/#breadcrumb"},"inLanguage":"pt-BR","potentialAction":[{"@type":"ReadAction","target":["https:\/\/ubanews.com\/site\/2025\/09\/18\/novos_advogados\/"]}]},{"@type":"ImageObject","inLanguage":"pt-BR","@id":"https:\/\/ubanews.com\/site\/2025\/09\/18\/novos_advogados\/#primaryimage","url":"https:\/\/ubanews.com\/site\/wp-content\/uploads\/2025\/09\/Fala-Sodre-Presidente-da-OAB.jpg","contentUrl":"https:\/\/ubanews.com\/site\/wp-content\/uploads\/2025\/09\/Fala-Sodre-Presidente-da-OAB.jpg","width":1002,"height":489,"caption":"Novos Advogados S\u00e3o Recebidos com Honras em Cerim\u00f4nia na C\u00e2mara de Ub\u00e1"},{"@type":"BreadcrumbList","@id":"https:\/\/ubanews.com\/site\/2025\/09\/18\/novos_advogados\/#breadcrumb","itemListElement":[{"@type":"ListItem","position":1,"name":"Home","item":"https:\/\/ubanews.com\/site\/"},{"@type":"ListItem","position":2,"name":"Novos Advogados S\u00e3o Recebidos com Honras em Cerim\u00f4nia na C\u00e2mara de Ub\u00e1"}]},{"@type":"WebSite","@id":"https:\/\/ubanews.com\/site\/#website","url":"https:\/\/ubanews.com\/site\/","name":"Ub\u00e1 News","description":"","publisher":{"@id":"https:\/\/ubanews.com\/site\/#organization"},"potentialAction":[{"@type":"SearchAction","target":{"@type":"EntryPoint","urlTemplate":"https:\/\/ubanews.com\/site\/?s={search_term_string}"},"query-input":{"@type":"PropertyValueSpecification","valueRequired":true,"valueName":"search_term_string"}}],"inLanguage":"pt-BR"},{"@type":"Organization","@id":"https:\/\/ubanews.com\/site\/#organization","name":"Ub\u00e1 News","url":"https:\/\/ubanews.com\/site\/","logo":{"@type":"ImageObject","inLanguage":"pt-BR","@id":"https:\/\/ubanews.com\/site\/#\/schema\/logo\/image\/","url":"https:\/\/ubanews.com\/site\/wp-content\/uploads\/2018\/01\/logoubanews.png","contentUrl":"https:\/\/ubanews.com\/site\/wp-content\/uploads\/2018\/01\/logoubanews.png","width":261,"height":99,"caption":"Ub\u00e1 News"},"image":{"@id":"https:\/\/ubanews.com\/site\/#\/schema\/logo\/image\/"},"sameAs":["https:\/\/www.facebook.com\/Ub\u00e1News-Carlos-Roberto-Sodr\u00e9-418778301977370"]},{"@type":"Person","@id":"https:\/\/ubanews.com\/site\/#\/schema\/person\/9d8da9ec3c8d00640ab6e8c81e103310","name":"Carlos Roberto Sodr\u00e9","image":{"@type":"ImageObject","inLanguage":"pt-BR","@id":"https:\/\/secure.gravatar.com\/avatar\/aab322e8555b56c468614fafdab8a8f924e394cdc6cfd8232f77e9e4d123a133?s=96&d=mm&r=g","url":"https:\/\/secure.gravatar.com\/avatar\/aab322e8555b56c468614fafdab8a8f924e394cdc6cfd8232f77e9e4d123a133?s=96&d=mm&r=g","contentUrl":"https:\/\/secure.gravatar.com\/avatar\/aab322e8555b56c468614fafdab8a8f924e394cdc6cfd8232f77e9e4d123a133?s=96&d=mm&r=g","caption":"Carlos Roberto Sodr\u00e9"},"url":"https:\/\/ubanews.com\/site\/author\/sodre\/"}]}},"_links":{"self":[{"href":"https:\/\/ubanews.com\/site\/wp-json\/wp\/v2\/posts\/22948","targetHints":{"allow":["GET"]}}],"collection":[{"href":"https:\/\/ubanews.com\/site\/wp-json\/wp\/v2\/posts"}],"about":[{"href":"https:\/\/ubanews.com\/site\/wp-json\/wp\/v2\/types\/post"}],"author":[{"embeddable":true,"href":"https:\/\/ubanews.com\/site\/wp-json\/wp\/v2\/users\/4"}],"replies":[{"embeddable":true,"href":"https:\/\/ubanews.com\/site\/wp-json\/wp\/v2\/comments?post=22948"}],"version-history":[{"count":0,"href":"https:\/\/ubanews.com\/site\/wp-json\/wp\/v2\/posts\/22948\/revisions"}],"wp:featuredmedia":[{"embeddable":true,"href":"https:\/\/ubanews.com\/site\/wp-json\/wp\/v2\/media\/22949"}],"wp:attachment":[{"href":"https:\/\/ubanews.com\/site\/wp-json\/wp\/v2\/media?parent=22948"}],"wp:term":[{"taxonomy":"category","embeddable":true,"href":"https:\/\/ubanews.com\/site\/wp-json\/wp\/v2\/categories?post=22948"},{"taxonomy":"post_tag","embeddable":true,"href":"https:\/\/ubanews.com\/site\/wp-json\/wp\/v2\/tags?post=22948"}],"curies":[{"name":"wp","href":"https:\/\/api.w.org\/{rel}","templated":true}]}}