{"id":22944,"date":"2025-09-17T09:25:37","date_gmt":"2025-09-17T12:25:37","guid":{"rendered":"https:\/\/ubanews.com\/site\/?p=22944"},"modified":"2025-09-26T11:39:27","modified_gmt":"2025-09-26T14:39:27","slug":"camara-de-uba-debate-maus-tratos-aos-animais","status":"publish","type":"post","link":"https:\/\/ubanews.com\/site\/2025\/09\/17\/camara-de-uba-debate-maus-tratos-aos-animais\/","title":{"rendered":"C\u00e2mara de Ub\u00e1 debate maus-tratos aos animais"},"content":{"rendered":"<p>C\u00e2mara de Ub\u00e1 debate maus-tratos aos animais.\u00a0Audi\u00eancia P\u00fablica na C\u00e2mara de Ub\u00e1 debate maus-tratos aos animais.\u00a0Na manh\u00e3 de 17 de setembro, a C\u00e2mara Municipal de Ub\u00e1 foi palco de uma audi\u00eancia p\u00fablica com tema urgente: <strong>maus-tratos aos animais e suas consequ\u00eancias sociais e legais<\/strong>. O evento contou com a presen\u00e7a de autoridades, protetores independentes e cidad\u00e3os engajados, que trouxeram relatos emocionantes e propostas concretas.<\/p>\n<h3>C\u00e2mara de Ub\u00e1 debate maus-tratos aos animais<\/h3>\n<p><a href=\"https:\/\/youtu.be\/pzz3m5pdKp0\" target=\"_blank\" rel=\"noopener\"><img decoding=\"async\" class=\"aligncenter size-medium wp-image-22945 lazyload\" data-src=\"https:\/\/ubanews.com\/site\/wp-content\/uploads\/2025\/09\/Fala-Sodre-Maus-Tratos-de-Animais-300x147.jpg\" alt=\"Fala Sodr\u00e9: Audi\u00eancia P\u00fablica na C\u00e2mara Municipal - Maus-tratos aos animais e suas consequ\u00eancias\" width=\"300\" height=\"147\" data-srcset=\"https:\/\/ubanews.com\/site\/wp-content\/uploads\/2025\/09\/Fala-Sodre-Maus-Tratos-de-Animais-300x147.jpg 300w, https:\/\/ubanews.com\/site\/wp-content\/uploads\/2025\/09\/Fala-Sodre-Maus-Tratos-de-Animais-768x376.jpg 768w, https:\/\/ubanews.com\/site\/wp-content\/uploads\/2025\/09\/Fala-Sodre-Maus-Tratos-de-Animais.jpg 997w\" data-sizes=\"(max-width: 300px) 100vw, 300px\" src=\"data:image\/svg+xml;base64,PHN2ZyB3aWR0aD0iMSIgaGVpZ2h0PSIxIiB4bWxucz0iaHR0cDovL3d3dy53My5vcmcvMjAwMC9zdmciPjwvc3ZnPg==\" style=\"--smush-placeholder-width: 300px; --smush-placeholder-aspect-ratio: 300\/147;\" \/><\/a><\/p>\n<p><strong>Logo no in\u00edcio<\/strong>, o rep\u00f3rter Carlos Roberto Sodr\u00e9 destacou a import\u00e2ncia da pauta. A audi\u00eancia revelou um cen\u00e1rio preocupante: animais abandonados, canis clandestinos, falta de fiscaliza\u00e7\u00e3o e aus\u00eancia de pol\u00edticas p\u00fablicas efetivas.<\/p>\n<p><strong>Al\u00e9m disso<\/strong>, os participantes apontaram a necessidade de parcerias entre poder p\u00fablico e sociedade civil. A aus\u00eancia de atua\u00e7\u00e3o integrada entre pol\u00edcia, \u00f3rg\u00e3os ambientais e protetores dificulta o combate aos maus-tratos. Casos de neglig\u00eancia, abandono e viol\u00eancia contra animais s\u00e3o recorrentes, mas muitas vezes ignorados.<\/p>\n<p><strong>Por outro lado<\/strong>, houve destaque para iniciativas positivas. Protetores independentes relataram a\u00e7\u00f5es de resgate e cuidados com animais em situa\u00e7\u00e3o de risco. No entanto, sem apoio institucional, essas a\u00e7\u00f5es tornam-se limitadas.<\/p>\n<p><strong>Durante o debate<\/strong>, surgiram propostas como:<\/p>\n<ul>\n<li>Cria\u00e7\u00e3o de programas de conscientiza\u00e7\u00e3o nas escolas.<\/li>\n<li>Fiscaliza\u00e7\u00e3o de criadores e com\u00e9rcio de animais.<\/li>\n<li>Implanta\u00e7\u00e3o de um centro de acolhimento municipal.<\/li>\n<li>Fortalecimento da legisla\u00e7\u00e3o local.<\/li>\n<\/ul>\n<p><strong>Em seguida<\/strong>, foi abordada a responsabilidade individual. Muitos animais de ra\u00e7a s\u00e3o comprados e depois abandonados. A falta de compromisso dos tutores agrava o problema. A educa\u00e7\u00e3o e a empatia foram apontadas como caminhos para a mudan\u00e7a.<\/p>\n<p><strong>Por fim<\/strong>, a audi\u00eancia refor\u00e7ou que a causa animal \u00e9 tamb\u00e9m uma quest\u00e3o de sa\u00fade p\u00fablica, \u00e9tica e cidadania. A mobiliza\u00e7\u00e3o precisa continuar, com a\u00e7\u00f5es concretas e fiscaliza\u00e7\u00e3o rigorosa.<\/p>\n<p>Carlos Roberto Sodr\u00e9 registrou cada momento com sensibilidade, enquanto as imagens de <strong>Laisa Sodr\u00e9<\/strong> capturaram a emo\u00e7\u00e3o e a for\u00e7a dos depoimentos.<\/p>\n<p><strong>Quer saber mais?<\/strong> Acompanhe o Blog do Sodr\u00e9 e fique por dentro das pr\u00f3ximas a\u00e7\u00f5es em defesa dos animais em Ub\u00e1.<\/p>\n<p><iframe title=\"Fala Sodr\u00e9:  Audi\u00eancia P\u00fablica na C\u00e2mara Municipal - Maus-tratos aos animais e suas consequ\u00eancias\" width=\"840\" height=\"473\" data-src=\"https:\/\/www.youtube.com\/embed\/pzz3m5pdKp0?feature=oembed\" frameborder=\"0\" allow=\"accelerometer; autoplay; clipboard-write; encrypted-media; gyroscope; picture-in-picture; web-share\" referrerpolicy=\"strict-origin-when-cross-origin\" allowfullscreen src=\"data:image\/svg+xml;base64,PHN2ZyB3aWR0aD0iMSIgaGVpZ2h0PSIxIiB4bWxucz0iaHR0cDovL3d3dy53My5vcmcvMjAwMC9zdmciPjwvc3ZnPg==\" class=\"lazyload\" data-load-mode=\"1\"><\/iframe><\/p>\n<p style=\"margin: 0in; font-size: 20.0pt;\"><span style=\"font-family: 'Segoe UI Emoji';\">&#x1f4da; <\/span><span style=\"font-weight: bold; font-family: Calibri;\">Cobertura:<\/span><span style=\"font-family: Calibri;\"> Carlos Roberto Sodr\u00e9 <\/span><a href=\"https:\/\/wa.me\/553298481334\"><span style=\"font-family: Calibri;\">WhatsApp<\/span><\/a><\/p>\n<p style=\"margin: 0in; font-size: 20.0pt;\"><span style=\"font-family: 'Segoe UI Emoji';\">&#x1f4f8; <\/span><span style=\"font-weight: bold; font-family: Calibri;\">Imagens:<\/span><span style=\"font-family: Calibri;\"> Laisa Sodr\u00e9<\/span><\/p>\n<p style=\"margin: 0in; font-size: 20.0pt;\"><span style=\"font-family: 'Segoe UI Emoji';\">&#x1f4dd; <\/span><span style=\"font-weight: bold; font-family: Calibri;\">Conte\u00fado: <\/span><a href=\"https:\/\/www.linkedin.com\/in\/pedrohgf\/\"><span style=\"font-family: Calibri;\">Pedro Henriques<\/span><\/a><span style=\"font-family: Calibri;\"> \u2013 <\/span><a href=\"https:\/\/indicca.com.br\/blog\/\"><span style=\"font-family: Calibri;\">INDICCA.COM<\/span><\/a><span style=\"font-family: Calibri;\">\u00a0 <\/span><a href=\"https:\/\/wa.me\/5532988020057\"><span style=\"font-family: Calibri;\">WhatsApp<\/span><\/a><\/p>\n<p style=\"margin: 0in; font-size: 20.0pt;\"><span style=\"font-family: 'Segoe UI Emoji';\">&#x1f393; <\/span><span style=\"font-weight: bold; font-family: Calibri;\">Evento:\u00a0<\/span>C\u00e2mara de Ub\u00e1 debate maus-tratos aos animais<\/p>\n","protected":false},"excerpt":{"rendered":"<p>C\u00e2mara de Ub\u00e1 debate maus-tratos aos animais.\u00a0Audi\u00eancia P\u00fablica na C\u00e2mara<\/p>\n","protected":false},"author":4,"featured_media":22945,"comment_status":"open","ping_status":"open","sticky":false,"template":"","format":"standard","meta":{"footnotes":""},"categories":[1,3],"tags":[86,59,87,67,60],"class_list":["post-22944","post","type-post","status-publish","format-standard","has-post-thumbnail","hentry","category-sem-categoria","category-slide","tag-cuidado-com-animais","tag-fala-sodre","tag-pet","tag-sodre","tag-ubanews"],"yoast_head":"<!-- This site is optimized with the Yoast SEO plugin v27.2 - https:\/\/yoast.com\/product\/yoast-seo-wordpress\/ -->\n<title>C\u00e2mara de Ub\u00e1 debate maus-tratos aos animais - Ub\u00e1 News<\/title>\n<meta name=\"description\" content=\"A audi\u00eancia p\u00fablica realizada na C\u00e2mara Municipal trouxe \u00e0 tona relatos impactantes e propostas urgentes sobre os maus-tratos aos animais.\" \/>\n<meta name=\"robots\" content=\"index, follow, max-snippet:-1, max-image-preview:large, max-video-preview:-1\" \/>\n<link rel=\"canonical\" href=\"https:\/\/ubanews.com\/site\/2025\/09\/17\/camara-de-uba-debate-maus-tratos-aos-animais\/\" \/>\n<meta property=\"og:locale\" content=\"pt_BR\" \/>\n<meta property=\"og:type\" content=\"article\" \/>\n<meta property=\"og:title\" content=\"C\u00e2mara de Ub\u00e1 debate maus-tratos aos animais - Ub\u00e1 News\" \/>\n<meta property=\"og:description\" content=\"A audi\u00eancia p\u00fablica realizada na C\u00e2mara Municipal trouxe \u00e0 tona relatos impactantes e propostas urgentes sobre os maus-tratos aos animais.\" \/>\n<meta property=\"og:url\" content=\"https:\/\/ubanews.com\/site\/2025\/09\/17\/camara-de-uba-debate-maus-tratos-aos-animais\/\" \/>\n<meta property=\"og:site_name\" content=\"Ub\u00e1 News\" \/>\n<meta property=\"article:publisher\" content=\"https:\/\/www.facebook.com\/Ub%c3%a1News-Carlos-Roberto-Sodr%c3%a9-418778301977370\" \/>\n<meta property=\"article:published_time\" content=\"2025-09-17T12:25:37+00:00\" \/>\n<meta property=\"article:modified_time\" content=\"2025-09-26T14:39:27+00:00\" \/>\n<meta property=\"og:image\" content=\"https:\/\/ubanews.com\/site\/wp-content\/uploads\/2025\/09\/Fala-Sodre-Maus-Tratos-de-Animais.jpg\" \/>\n\t<meta property=\"og:image:width\" content=\"997\" \/>\n\t<meta property=\"og:image:height\" content=\"488\" \/>\n\t<meta property=\"og:image:type\" content=\"image\/jpeg\" \/>\n<meta name=\"author\" content=\"Carlos Roberto Sodr\u00e9\" \/>\n<meta name=\"twitter:card\" content=\"summary_large_image\" \/>\n<meta name=\"twitter:label1\" content=\"Escrito por\" \/>\n\t<meta name=\"twitter:data1\" content=\"Carlos Roberto Sodr\u00e9\" \/>\n\t<meta name=\"twitter:label2\" content=\"Est. tempo de leitura\" \/>\n\t<meta name=\"twitter:data2\" content=\"3 minutos\" \/>\n<script type=\"application\/ld+json\" class=\"yoast-schema-graph\">{\"@context\":\"https:\/\/schema.org\",\"@graph\":[{\"@type\":\"Article\",\"@id\":\"https:\/\/ubanews.com\/site\/2025\/09\/17\/camara-de-uba-debate-maus-tratos-aos-animais\/#article\",\"isPartOf\":{\"@id\":\"https:\/\/ubanews.com\/site\/2025\/09\/17\/camara-de-uba-debate-maus-tratos-aos-animais\/\"},\"author\":{\"name\":\"Carlos Roberto Sodr\u00e9\",\"@id\":\"https:\/\/ubanews.com\/site\/#\/schema\/person\/9d8da9ec3c8d00640ab6e8c81e103310\"},\"headline\":\"C\u00e2mara de Ub\u00e1 debate maus-tratos aos animais\",\"datePublished\":\"2025-09-17T12:25:37+00:00\",\"dateModified\":\"2025-09-26T14:39:27+00:00\",\"mainEntityOfPage\":{\"@id\":\"https:\/\/ubanews.com\/site\/2025\/09\/17\/camara-de-uba-debate-maus-tratos-aos-animais\/\"},\"wordCount\":430,\"commentCount\":0,\"publisher\":{\"@id\":\"https:\/\/ubanews.com\/site\/#organization\"},\"image\":{\"@id\":\"https:\/\/ubanews.com\/site\/2025\/09\/17\/camara-de-uba-debate-maus-tratos-aos-animais\/#primaryimage\"},\"thumbnailUrl\":\"https:\/\/ubanews.com\/site\/wp-content\/uploads\/2025\/09\/Fala-Sodre-Maus-Tratos-de-Animais.jpg\",\"keywords\":[\"Cuidado com Animais\",\"Fala Sodr\u00e9\",\"PET\",\"Sodr\u00e9\",\"UBANEWS\"],\"articleSection\":[\"Geral\",\"Slide\"],\"inLanguage\":\"pt-BR\",\"potentialAction\":[{\"@type\":\"CommentAction\",\"name\":\"Comment\",\"target\":[\"https:\/\/ubanews.com\/site\/2025\/09\/17\/camara-de-uba-debate-maus-tratos-aos-animais\/#respond\"]}]},{\"@type\":\"WebPage\",\"@id\":\"https:\/\/ubanews.com\/site\/2025\/09\/17\/camara-de-uba-debate-maus-tratos-aos-animais\/\",\"url\":\"https:\/\/ubanews.com\/site\/2025\/09\/17\/camara-de-uba-debate-maus-tratos-aos-animais\/\",\"name\":\"C\u00e2mara de Ub\u00e1 debate maus-tratos aos animais - Ub\u00e1 News\",\"isPartOf\":{\"@id\":\"https:\/\/ubanews.com\/site\/#website\"},\"primaryImageOfPage\":{\"@id\":\"https:\/\/ubanews.com\/site\/2025\/09\/17\/camara-de-uba-debate-maus-tratos-aos-animais\/#primaryimage\"},\"image\":{\"@id\":\"https:\/\/ubanews.com\/site\/2025\/09\/17\/camara-de-uba-debate-maus-tratos-aos-animais\/#primaryimage\"},\"thumbnailUrl\":\"https:\/\/ubanews.com\/site\/wp-content\/uploads\/2025\/09\/Fala-Sodre-Maus-Tratos-de-Animais.jpg\",\"datePublished\":\"2025-09-17T12:25:37+00:00\",\"dateModified\":\"2025-09-26T14:39:27+00:00\",\"description\":\"A audi\u00eancia p\u00fablica realizada na C\u00e2mara Municipal trouxe \u00e0 tona relatos impactantes e propostas urgentes sobre os maus-tratos aos animais.\",\"breadcrumb\":{\"@id\":\"https:\/\/ubanews.com\/site\/2025\/09\/17\/camara-de-uba-debate-maus-tratos-aos-animais\/#breadcrumb\"},\"inLanguage\":\"pt-BR\",\"potentialAction\":[{\"@type\":\"ReadAction\",\"target\":[\"https:\/\/ubanews.com\/site\/2025\/09\/17\/camara-de-uba-debate-maus-tratos-aos-animais\/\"]}]},{\"@type\":\"ImageObject\",\"inLanguage\":\"pt-BR\",\"@id\":\"https:\/\/ubanews.com\/site\/2025\/09\/17\/camara-de-uba-debate-maus-tratos-aos-animais\/#primaryimage\",\"url\":\"https:\/\/ubanews.com\/site\/wp-content\/uploads\/2025\/09\/Fala-Sodre-Maus-Tratos-de-Animais.jpg\",\"contentUrl\":\"https:\/\/ubanews.com\/site\/wp-content\/uploads\/2025\/09\/Fala-Sodre-Maus-Tratos-de-Animais.jpg\",\"width\":997,\"height\":488,\"caption\":\"Fala Sodr\u00e9: Audi\u00eancia P\u00fablica na C\u00e2mara Municipal - Maus-tratos aos animais e suas consequ\u00eancias\"},{\"@type\":\"BreadcrumbList\",\"@id\":\"https:\/\/ubanews.com\/site\/2025\/09\/17\/camara-de-uba-debate-maus-tratos-aos-animais\/#breadcrumb\",\"itemListElement\":[{\"@type\":\"ListItem\",\"position\":1,\"name\":\"Home\",\"item\":\"https:\/\/ubanews.com\/site\/\"},{\"@type\":\"ListItem\",\"position\":2,\"name\":\"C\u00e2mara de Ub\u00e1 debate maus-tratos aos animais\"}]},{\"@type\":\"WebSite\",\"@id\":\"https:\/\/ubanews.com\/site\/#website\",\"url\":\"https:\/\/ubanews.com\/site\/\",\"name\":\"Ub\u00e1 News\",\"description\":\"\",\"publisher\":{\"@id\":\"https:\/\/ubanews.com\/site\/#organization\"},\"potentialAction\":[{\"@type\":\"SearchAction\",\"target\":{\"@type\":\"EntryPoint\",\"urlTemplate\":\"https:\/\/ubanews.com\/site\/?s={search_term_string}\"},\"query-input\":{\"@type\":\"PropertyValueSpecification\",\"valueRequired\":true,\"valueName\":\"search_term_string\"}}],\"inLanguage\":\"pt-BR\"},{\"@type\":\"Organization\",\"@id\":\"https:\/\/ubanews.com\/site\/#organization\",\"name\":\"Ub\u00e1 News\",\"url\":\"https:\/\/ubanews.com\/site\/\",\"logo\":{\"@type\":\"ImageObject\",\"inLanguage\":\"pt-BR\",\"@id\":\"https:\/\/ubanews.com\/site\/#\/schema\/logo\/image\/\",\"url\":\"https:\/\/ubanews.com\/site\/wp-content\/uploads\/2018\/01\/logoubanews.png\",\"contentUrl\":\"https:\/\/ubanews.com\/site\/wp-content\/uploads\/2018\/01\/logoubanews.png\",\"width\":261,\"height\":99,\"caption\":\"Ub\u00e1 News\"},\"image\":{\"@id\":\"https:\/\/ubanews.com\/site\/#\/schema\/logo\/image\/\"},\"sameAs\":[\"https:\/\/www.facebook.com\/Ub\u00e1News-Carlos-Roberto-Sodr\u00e9-418778301977370\"]},{\"@type\":\"Person\",\"@id\":\"https:\/\/ubanews.com\/site\/#\/schema\/person\/9d8da9ec3c8d00640ab6e8c81e103310\",\"name\":\"Carlos Roberto Sodr\u00e9\",\"image\":{\"@type\":\"ImageObject\",\"inLanguage\":\"pt-BR\",\"@id\":\"https:\/\/secure.gravatar.com\/avatar\/aab322e8555b56c468614fafdab8a8f924e394cdc6cfd8232f77e9e4d123a133?s=96&d=mm&r=g\",\"url\":\"https:\/\/secure.gravatar.com\/avatar\/aab322e8555b56c468614fafdab8a8f924e394cdc6cfd8232f77e9e4d123a133?s=96&d=mm&r=g\",\"contentUrl\":\"https:\/\/secure.gravatar.com\/avatar\/aab322e8555b56c468614fafdab8a8f924e394cdc6cfd8232f77e9e4d123a133?s=96&d=mm&r=g\",\"caption\":\"Carlos Roberto Sodr\u00e9\"},\"url\":\"https:\/\/ubanews.com\/site\/author\/sodre\/\"}]}<\/script>\n<!-- \/ Yoast SEO plugin. -->","yoast_head_json":{"title":"C\u00e2mara de Ub\u00e1 debate maus-tratos aos animais - Ub\u00e1 News","description":"A audi\u00eancia p\u00fablica realizada na C\u00e2mara Municipal trouxe \u00e0 tona relatos impactantes e propostas urgentes sobre os maus-tratos aos animais.","robots":{"index":"index","follow":"follow","max-snippet":"max-snippet:-1","max-image-preview":"max-image-preview:large","max-video-preview":"max-video-preview:-1"},"canonical":"https:\/\/ubanews.com\/site\/2025\/09\/17\/camara-de-uba-debate-maus-tratos-aos-animais\/","og_locale":"pt_BR","og_type":"article","og_title":"C\u00e2mara de Ub\u00e1 debate maus-tratos aos animais - Ub\u00e1 News","og_description":"A audi\u00eancia p\u00fablica realizada na C\u00e2mara Municipal trouxe \u00e0 tona relatos impactantes e propostas urgentes sobre os maus-tratos aos animais.","og_url":"https:\/\/ubanews.com\/site\/2025\/09\/17\/camara-de-uba-debate-maus-tratos-aos-animais\/","og_site_name":"Ub\u00e1 News","article_publisher":"https:\/\/www.facebook.com\/Ub%c3%a1News-Carlos-Roberto-Sodr%c3%a9-418778301977370","article_published_time":"2025-09-17T12:25:37+00:00","article_modified_time":"2025-09-26T14:39:27+00:00","og_image":[{"width":997,"height":488,"url":"https:\/\/ubanews.com\/site\/wp-content\/uploads\/2025\/09\/Fala-Sodre-Maus-Tratos-de-Animais.jpg","type":"image\/jpeg"}],"author":"Carlos Roberto Sodr\u00e9","twitter_card":"summary_large_image","twitter_misc":{"Escrito por":"Carlos Roberto Sodr\u00e9","Est. tempo de leitura":"3 minutos"},"schema":{"@context":"https:\/\/schema.org","@graph":[{"@type":"Article","@id":"https:\/\/ubanews.com\/site\/2025\/09\/17\/camara-de-uba-debate-maus-tratos-aos-animais\/#article","isPartOf":{"@id":"https:\/\/ubanews.com\/site\/2025\/09\/17\/camara-de-uba-debate-maus-tratos-aos-animais\/"},"author":{"name":"Carlos Roberto Sodr\u00e9","@id":"https:\/\/ubanews.com\/site\/#\/schema\/person\/9d8da9ec3c8d00640ab6e8c81e103310"},"headline":"C\u00e2mara de Ub\u00e1 debate maus-tratos aos animais","datePublished":"2025-09-17T12:25:37+00:00","dateModified":"2025-09-26T14:39:27+00:00","mainEntityOfPage":{"@id":"https:\/\/ubanews.com\/site\/2025\/09\/17\/camara-de-uba-debate-maus-tratos-aos-animais\/"},"wordCount":430,"commentCount":0,"publisher":{"@id":"https:\/\/ubanews.com\/site\/#organization"},"image":{"@id":"https:\/\/ubanews.com\/site\/2025\/09\/17\/camara-de-uba-debate-maus-tratos-aos-animais\/#primaryimage"},"thumbnailUrl":"https:\/\/ubanews.com\/site\/wp-content\/uploads\/2025\/09\/Fala-Sodre-Maus-Tratos-de-Animais.jpg","keywords":["Cuidado com Animais","Fala Sodr\u00e9","PET","Sodr\u00e9","UBANEWS"],"articleSection":["Geral","Slide"],"inLanguage":"pt-BR","potentialAction":[{"@type":"CommentAction","name":"Comment","target":["https:\/\/ubanews.com\/site\/2025\/09\/17\/camara-de-uba-debate-maus-tratos-aos-animais\/#respond"]}]},{"@type":"WebPage","@id":"https:\/\/ubanews.com\/site\/2025\/09\/17\/camara-de-uba-debate-maus-tratos-aos-animais\/","url":"https:\/\/ubanews.com\/site\/2025\/09\/17\/camara-de-uba-debate-maus-tratos-aos-animais\/","name":"C\u00e2mara de Ub\u00e1 debate maus-tratos aos animais - Ub\u00e1 News","isPartOf":{"@id":"https:\/\/ubanews.com\/site\/#website"},"primaryImageOfPage":{"@id":"https:\/\/ubanews.com\/site\/2025\/09\/17\/camara-de-uba-debate-maus-tratos-aos-animais\/#primaryimage"},"image":{"@id":"https:\/\/ubanews.com\/site\/2025\/09\/17\/camara-de-uba-debate-maus-tratos-aos-animais\/#primaryimage"},"thumbnailUrl":"https:\/\/ubanews.com\/site\/wp-content\/uploads\/2025\/09\/Fala-Sodre-Maus-Tratos-de-Animais.jpg","datePublished":"2025-09-17T12:25:37+00:00","dateModified":"2025-09-26T14:39:27+00:00","description":"A audi\u00eancia p\u00fablica realizada na C\u00e2mara Municipal trouxe \u00e0 tona relatos impactantes e propostas urgentes sobre os maus-tratos aos animais.","breadcrumb":{"@id":"https:\/\/ubanews.com\/site\/2025\/09\/17\/camara-de-uba-debate-maus-tratos-aos-animais\/#breadcrumb"},"inLanguage":"pt-BR","potentialAction":[{"@type":"ReadAction","target":["https:\/\/ubanews.com\/site\/2025\/09\/17\/camara-de-uba-debate-maus-tratos-aos-animais\/"]}]},{"@type":"ImageObject","inLanguage":"pt-BR","@id":"https:\/\/ubanews.com\/site\/2025\/09\/17\/camara-de-uba-debate-maus-tratos-aos-animais\/#primaryimage","url":"https:\/\/ubanews.com\/site\/wp-content\/uploads\/2025\/09\/Fala-Sodre-Maus-Tratos-de-Animais.jpg","contentUrl":"https:\/\/ubanews.com\/site\/wp-content\/uploads\/2025\/09\/Fala-Sodre-Maus-Tratos-de-Animais.jpg","width":997,"height":488,"caption":"Fala Sodr\u00e9: Audi\u00eancia P\u00fablica na C\u00e2mara Municipal - Maus-tratos aos animais e suas consequ\u00eancias"},{"@type":"BreadcrumbList","@id":"https:\/\/ubanews.com\/site\/2025\/09\/17\/camara-de-uba-debate-maus-tratos-aos-animais\/#breadcrumb","itemListElement":[{"@type":"ListItem","position":1,"name":"Home","item":"https:\/\/ubanews.com\/site\/"},{"@type":"ListItem","position":2,"name":"C\u00e2mara de Ub\u00e1 debate maus-tratos aos animais"}]},{"@type":"WebSite","@id":"https:\/\/ubanews.com\/site\/#website","url":"https:\/\/ubanews.com\/site\/","name":"Ub\u00e1 News","description":"","publisher":{"@id":"https:\/\/ubanews.com\/site\/#organization"},"potentialAction":[{"@type":"SearchAction","target":{"@type":"EntryPoint","urlTemplate":"https:\/\/ubanews.com\/site\/?s={search_term_string}"},"query-input":{"@type":"PropertyValueSpecification","valueRequired":true,"valueName":"search_term_string"}}],"inLanguage":"pt-BR"},{"@type":"Organization","@id":"https:\/\/ubanews.com\/site\/#organization","name":"Ub\u00e1 News","url":"https:\/\/ubanews.com\/site\/","logo":{"@type":"ImageObject","inLanguage":"pt-BR","@id":"https:\/\/ubanews.com\/site\/#\/schema\/logo\/image\/","url":"https:\/\/ubanews.com\/site\/wp-content\/uploads\/2018\/01\/logoubanews.png","contentUrl":"https:\/\/ubanews.com\/site\/wp-content\/uploads\/2018\/01\/logoubanews.png","width":261,"height":99,"caption":"Ub\u00e1 News"},"image":{"@id":"https:\/\/ubanews.com\/site\/#\/schema\/logo\/image\/"},"sameAs":["https:\/\/www.facebook.com\/Ub\u00e1News-Carlos-Roberto-Sodr\u00e9-418778301977370"]},{"@type":"Person","@id":"https:\/\/ubanews.com\/site\/#\/schema\/person\/9d8da9ec3c8d00640ab6e8c81e103310","name":"Carlos Roberto Sodr\u00e9","image":{"@type":"ImageObject","inLanguage":"pt-BR","@id":"https:\/\/secure.gravatar.com\/avatar\/aab322e8555b56c468614fafdab8a8f924e394cdc6cfd8232f77e9e4d123a133?s=96&d=mm&r=g","url":"https:\/\/secure.gravatar.com\/avatar\/aab322e8555b56c468614fafdab8a8f924e394cdc6cfd8232f77e9e4d123a133?s=96&d=mm&r=g","contentUrl":"https:\/\/secure.gravatar.com\/avatar\/aab322e8555b56c468614fafdab8a8f924e394cdc6cfd8232f77e9e4d123a133?s=96&d=mm&r=g","caption":"Carlos Roberto Sodr\u00e9"},"url":"https:\/\/ubanews.com\/site\/author\/sodre\/"}]}},"_links":{"self":[{"href":"https:\/\/ubanews.com\/site\/wp-json\/wp\/v2\/posts\/22944","targetHints":{"allow":["GET"]}}],"collection":[{"href":"https:\/\/ubanews.com\/site\/wp-json\/wp\/v2\/posts"}],"about":[{"href":"https:\/\/ubanews.com\/site\/wp-json\/wp\/v2\/types\/post"}],"author":[{"embeddable":true,"href":"https:\/\/ubanews.com\/site\/wp-json\/wp\/v2\/users\/4"}],"replies":[{"embeddable":true,"href":"https:\/\/ubanews.com\/site\/wp-json\/wp\/v2\/comments?post=22944"}],"version-history":[{"count":0,"href":"https:\/\/ubanews.com\/site\/wp-json\/wp\/v2\/posts\/22944\/revisions"}],"wp:featuredmedia":[{"embeddable":true,"href":"https:\/\/ubanews.com\/site\/wp-json\/wp\/v2\/media\/22945"}],"wp:attachment":[{"href":"https:\/\/ubanews.com\/site\/wp-json\/wp\/v2\/media?parent=22944"}],"wp:term":[{"taxonomy":"category","embeddable":true,"href":"https:\/\/ubanews.com\/site\/wp-json\/wp\/v2\/categories?post=22944"},{"taxonomy":"post_tag","embeddable":true,"href":"https:\/\/ubanews.com\/site\/wp-json\/wp\/v2\/tags?post=22944"}],"curies":[{"name":"wp","href":"https:\/\/api.w.org\/{rel}","templated":true}]}}