{"id":22942,"date":"2025-09-17T09:09:03","date_gmt":"2025-09-17T12:09:03","guid":{"rendered":"https:\/\/ubanews.com\/site\/?p=22942"},"modified":"2025-09-17T09:09:03","modified_gmt":"2025-09-17T12:09:03","slug":"dejub-celebra-35-anos","status":"publish","type":"post","link":"https:\/\/ubanews.com\/site\/2025\/09\/17\/dejub-celebra-35-anos\/","title":{"rendered":"DEJUB celebra 35 anos"},"content":{"rendered":"<p>DEJUB celebra 35 anos de transforma\u00e7\u00e3o e esperan\u00e7a em Ub\u00e1.\u00a0Neste m\u00eas de setembro, o <strong>Desafio Jovem de Ub\u00e1 (DEJUB)<\/strong> comemora <strong>35 anos de atua\u00e7\u00e3o<\/strong> na cidade de Ub\u00e1, Minas Gerais. A institui\u00e7\u00e3o, refer\u00eancia regional no acolhimento e recupera\u00e7\u00e3o de pessoas com depend\u00eancia qu\u00edmica e transtornos mentais, vive um momento de renova\u00e7\u00e3o, reconhecimento e gratid\u00e3o.<\/p>\n<h2>DEJUB celebra 35 anos de transforma\u00e7\u00e3o e esperan\u00e7a em Ub\u00e1<\/h2>\n<p><img decoding=\"async\" class=\"aligncenter size-medium wp-image-22943 lazyload\" data-src=\"https:\/\/ubanews.com\/site\/wp-content\/uploads\/2025\/09\/Fala-Sodre-DEJUB-300x138.jpg\" alt=\"DEJUB celebra 35 anos de transforma\u00e7\u00e3o e esperan\u00e7a em Ub\u00e1\" width=\"300\" height=\"138\" data-srcset=\"https:\/\/ubanews.com\/site\/wp-content\/uploads\/2025\/09\/Fala-Sodre-DEJUB-300x138.jpg 300w, https:\/\/ubanews.com\/site\/wp-content\/uploads\/2025\/09\/Fala-Sodre-DEJUB-768x354.jpg 768w, https:\/\/ubanews.com\/site\/wp-content\/uploads\/2025\/09\/Fala-Sodre-DEJUB.jpg 777w\" data-sizes=\"(max-width: 300px) 100vw, 300px\" src=\"data:image\/svg+xml;base64,PHN2ZyB3aWR0aD0iMSIgaGVpZ2h0PSIxIiB4bWxucz0iaHR0cDovL3d3dy53My5vcmcvMjAwMC9zdmciPjwvc3ZnPg==\" style=\"--smush-placeholder-width: 300px; --smush-placeholder-aspect-ratio: 300\/138;\" \/><\/p>\n<h3>Uma hist\u00f3ria de supera\u00e7\u00e3o<\/h3>\n<p>Desde sua funda\u00e7\u00e3o em <strong>1990<\/strong>, o DEJUB tem sido um <strong>pilar de apoio<\/strong> para fam\u00edlias que enfrentam desafios relacionados \u00e0 sa\u00fade mental e \u00e0 depend\u00eancia. Ao longo dessas tr\u00eas d\u00e9cadas e meia, milhares de vidas foram transformadas por meio do trabalho dedicado de profissionais, volunt\u00e1rios e parceiros da institui\u00e7\u00e3o.<\/p>\n<p><strong>Carlos Roberto Sodr\u00e9<\/strong>, em sua reportagem especial, destacou a import\u00e2ncia do DEJUB para a comunidade. Com imagens sens\u00edveis captadas por <strong>Laisa Sodr\u00e9<\/strong>, o material registrou depoimentos emocionantes de pessoas que passaram pela casa e hoje celebram uma nova vida.<\/p>\n<h3>Um novo momento<\/h3>\n<p>Durante a cerim\u00f4nia de comemora\u00e7\u00e3o, realizada no \u00faltimo s\u00e1bado, lideran\u00e7as locais, ex-internos e familiares se reuniram para celebrar. O clima era de emo\u00e7\u00e3o e esperan\u00e7a. Muitos destacaram que o DEJUB n\u00e3o \u00e9 apenas uma institui\u00e7\u00e3o \u2014 \u00e9 uma <strong>fam\u00edlia que acolhe, cuida e transforma<\/strong>.<\/p>\n<p><strong>Pedro Henriques Guimar\u00e3es Filho<\/strong>, presente na ocasi\u00e3o, ressaltou: \u201cAquele que \u00e9 atendido aqui carrega consigo uma fam\u00edlia inteira. Valorizar o DEJUB \u00e9 valorizar a vida.\u201d<\/p>\n<h3>Compromisso com o futuro<\/h3>\n<p>Al\u00e9m de celebrar o passado, o evento tamb\u00e9m marcou o in\u00edcio de uma nova fase. Com investimentos em <strong>tecnologia, infraestrutura e capacita\u00e7\u00e3o<\/strong>, o DEJUB se prepara para ampliar sua atua\u00e7\u00e3o e oferecer ainda mais qualidade no atendimento.<\/p>\n<p>Frases como \u201cSomos 35 mais sa\u00fade, mais solu\u00e7\u00e3o, mais sustentabilidade\u201d ecoaram durante a cerim\u00f4nia, refor\u00e7ando o compromisso da institui\u00e7\u00e3o com a <strong>inova\u00e7\u00e3o e o cuidado humanizado<\/strong>.<\/p>\n<h3>Palavras que inspiram<\/h3>\n<p>Um dos momentos mais marcantes foi o depoimento de um ex-interno, que emocionou a todos ao dizer: \u201cN\u00e3o queira experimentar o que eu vivi. Eu sofri muito. Mas hoje, gra\u00e7as ao DEJUB, tenho uma nova chance.\u201d<\/p>\n<h3>Conclus\u00e3o<\/h3>\n<p>O DEJUB \u00e9 mais do que uma casa de recupera\u00e7\u00e3o. \u00c9 um <strong>s\u00edmbolo de esperan\u00e7a<\/strong>, um espa\u00e7o onde vidas s\u00e3o reconstru\u00eddas e onde o amor ao pr\u00f3ximo se manifesta em cada gesto. Celebrar seus 35 anos \u00e9 reconhecer o valor da solidariedade e da transforma\u00e7\u00e3o.<\/p>\n<p><iframe title=\"Fala Sodr\u00e9: O DEJUB celebra 35 anos de uma hist\u00f3ria marcada por f\u00e9 e conquistas 16\/09\/2025\" width=\"840\" height=\"473\" data-src=\"https:\/\/www.youtube.com\/embed\/4_GIdeTQCzk?feature=oembed\" frameborder=\"0\" allow=\"accelerometer; autoplay; clipboard-write; encrypted-media; gyroscope; picture-in-picture; web-share\" referrerpolicy=\"strict-origin-when-cross-origin\" allowfullscreen src=\"data:image\/svg+xml;base64,PHN2ZyB3aWR0aD0iMSIgaGVpZ2h0PSIxIiB4bWxucz0iaHR0cDovL3d3dy53My5vcmcvMjAwMC9zdmciPjwvc3ZnPg==\" class=\"lazyload\" data-load-mode=\"1\"><\/iframe><\/p>\n<p>&nbsp;<\/p>\n","protected":false},"excerpt":{"rendered":"<p>DEJUB celebra 35 anos de transforma\u00e7\u00e3o e esperan\u00e7a em Ub\u00e1.\u00a0Neste<\/p>\n","protected":false},"author":4,"featured_media":22943,"comment_status":"open","ping_status":"open","sticky":false,"template":"","format":"standard","meta":{"footnotes":""},"categories":[1,3],"tags":[85,59,67,60],"class_list":["post-22942","post","type-post","status-publish","format-standard","has-post-thumbnail","hentry","category-sem-categoria","category-slide","tag-dejub","tag-fala-sodre","tag-sodre","tag-ubanews"],"yoast_head":"<!-- This site is optimized with the Yoast SEO plugin v27.2 - https:\/\/yoast.com\/product\/yoast-seo-wordpress\/ -->\n<title>DEJUB celebra 35 anos - Ub\u00e1 News<\/title>\n<meta name=\"description\" content=\"DEJUB celebra 35 anos com hist\u00f3rias de supera\u00e7\u00e3o, acolhimento e transforma\u00e7\u00e3o. Evento destaca avan\u00e7os na sa\u00fade mental e depend\u00eancia qu\u00edmica.\" \/>\n<meta name=\"robots\" content=\"index, follow, max-snippet:-1, max-image-preview:large, max-video-preview:-1\" \/>\n<link rel=\"canonical\" href=\"https:\/\/ubanews.com\/site\/2025\/09\/17\/dejub-celebra-35-anos\/\" \/>\n<meta property=\"og:locale\" content=\"pt_BR\" \/>\n<meta property=\"og:type\" content=\"article\" \/>\n<meta property=\"og:title\" content=\"DEJUB celebra 35 anos - Ub\u00e1 News\" \/>\n<meta property=\"og:description\" content=\"DEJUB celebra 35 anos com hist\u00f3rias de supera\u00e7\u00e3o, acolhimento e transforma\u00e7\u00e3o. Evento destaca avan\u00e7os na sa\u00fade mental e depend\u00eancia qu\u00edmica.\" \/>\n<meta property=\"og:url\" content=\"https:\/\/ubanews.com\/site\/2025\/09\/17\/dejub-celebra-35-anos\/\" \/>\n<meta property=\"og:site_name\" content=\"Ub\u00e1 News\" \/>\n<meta property=\"article:publisher\" content=\"https:\/\/www.facebook.com\/Ub%c3%a1News-Carlos-Roberto-Sodr%c3%a9-418778301977370\" \/>\n<meta property=\"article:published_time\" content=\"2025-09-17T12:09:03+00:00\" \/>\n<meta property=\"og:image\" content=\"https:\/\/ubanews.com\/site\/wp-content\/uploads\/2025\/09\/Fala-Sodre-DEJUB.jpg\" \/>\n\t<meta property=\"og:image:width\" content=\"777\" \/>\n\t<meta property=\"og:image:height\" content=\"358\" \/>\n\t<meta property=\"og:image:type\" content=\"image\/jpeg\" \/>\n<meta name=\"author\" content=\"Carlos Roberto Sodr\u00e9\" \/>\n<meta name=\"twitter:card\" content=\"summary_large_image\" \/>\n<meta name=\"twitter:label1\" content=\"Escrito por\" \/>\n\t<meta name=\"twitter:data1\" content=\"Carlos Roberto Sodr\u00e9\" \/>\n\t<meta name=\"twitter:label2\" content=\"Est. tempo de leitura\" \/>\n\t<meta name=\"twitter:data2\" content=\"3 minutos\" \/>\n<script type=\"application\/ld+json\" class=\"yoast-schema-graph\">{\"@context\":\"https:\/\/schema.org\",\"@graph\":[{\"@type\":\"Article\",\"@id\":\"https:\/\/ubanews.com\/site\/2025\/09\/17\/dejub-celebra-35-anos\/#article\",\"isPartOf\":{\"@id\":\"https:\/\/ubanews.com\/site\/2025\/09\/17\/dejub-celebra-35-anos\/\"},\"author\":{\"name\":\"Carlos Roberto Sodr\u00e9\",\"@id\":\"https:\/\/ubanews.com\/site\/#\/schema\/person\/9d8da9ec3c8d00640ab6e8c81e103310\"},\"headline\":\"DEJUB celebra 35 anos\",\"datePublished\":\"2025-09-17T12:09:03+00:00\",\"mainEntityOfPage\":{\"@id\":\"https:\/\/ubanews.com\/site\/2025\/09\/17\/dejub-celebra-35-anos\/\"},\"wordCount\":438,\"commentCount\":0,\"publisher\":{\"@id\":\"https:\/\/ubanews.com\/site\/#organization\"},\"image\":{\"@id\":\"https:\/\/ubanews.com\/site\/2025\/09\/17\/dejub-celebra-35-anos\/#primaryimage\"},\"thumbnailUrl\":\"https:\/\/ubanews.com\/site\/wp-content\/uploads\/2025\/09\/Fala-Sodre-DEJUB.jpg\",\"keywords\":[\"DEJUB\",\"Fala Sodr\u00e9\",\"Sodr\u00e9\",\"UBANEWS\"],\"articleSection\":[\"Geral\",\"Slide\"],\"inLanguage\":\"pt-BR\",\"potentialAction\":[{\"@type\":\"CommentAction\",\"name\":\"Comment\",\"target\":[\"https:\/\/ubanews.com\/site\/2025\/09\/17\/dejub-celebra-35-anos\/#respond\"]}]},{\"@type\":\"WebPage\",\"@id\":\"https:\/\/ubanews.com\/site\/2025\/09\/17\/dejub-celebra-35-anos\/\",\"url\":\"https:\/\/ubanews.com\/site\/2025\/09\/17\/dejub-celebra-35-anos\/\",\"name\":\"DEJUB celebra 35 anos - Ub\u00e1 News\",\"isPartOf\":{\"@id\":\"https:\/\/ubanews.com\/site\/#website\"},\"primaryImageOfPage\":{\"@id\":\"https:\/\/ubanews.com\/site\/2025\/09\/17\/dejub-celebra-35-anos\/#primaryimage\"},\"image\":{\"@id\":\"https:\/\/ubanews.com\/site\/2025\/09\/17\/dejub-celebra-35-anos\/#primaryimage\"},\"thumbnailUrl\":\"https:\/\/ubanews.com\/site\/wp-content\/uploads\/2025\/09\/Fala-Sodre-DEJUB.jpg\",\"datePublished\":\"2025-09-17T12:09:03+00:00\",\"description\":\"DEJUB celebra 35 anos com hist\u00f3rias de supera\u00e7\u00e3o, acolhimento e transforma\u00e7\u00e3o. Evento destaca avan\u00e7os na sa\u00fade mental e depend\u00eancia qu\u00edmica.\",\"breadcrumb\":{\"@id\":\"https:\/\/ubanews.com\/site\/2025\/09\/17\/dejub-celebra-35-anos\/#breadcrumb\"},\"inLanguage\":\"pt-BR\",\"potentialAction\":[{\"@type\":\"ReadAction\",\"target\":[\"https:\/\/ubanews.com\/site\/2025\/09\/17\/dejub-celebra-35-anos\/\"]}]},{\"@type\":\"ImageObject\",\"inLanguage\":\"pt-BR\",\"@id\":\"https:\/\/ubanews.com\/site\/2025\/09\/17\/dejub-celebra-35-anos\/#primaryimage\",\"url\":\"https:\/\/ubanews.com\/site\/wp-content\/uploads\/2025\/09\/Fala-Sodre-DEJUB.jpg\",\"contentUrl\":\"https:\/\/ubanews.com\/site\/wp-content\/uploads\/2025\/09\/Fala-Sodre-DEJUB.jpg\",\"width\":777,\"height\":358,\"caption\":\"DEJUB celebra 35 anos de transforma\u00e7\u00e3o e esperan\u00e7a em Ub\u00e1\"},{\"@type\":\"BreadcrumbList\",\"@id\":\"https:\/\/ubanews.com\/site\/2025\/09\/17\/dejub-celebra-35-anos\/#breadcrumb\",\"itemListElement\":[{\"@type\":\"ListItem\",\"position\":1,\"name\":\"Home\",\"item\":\"https:\/\/ubanews.com\/site\/\"},{\"@type\":\"ListItem\",\"position\":2,\"name\":\"DEJUB celebra 35 anos\"}]},{\"@type\":\"WebSite\",\"@id\":\"https:\/\/ubanews.com\/site\/#website\",\"url\":\"https:\/\/ubanews.com\/site\/\",\"name\":\"Ub\u00e1 News\",\"description\":\"\",\"publisher\":{\"@id\":\"https:\/\/ubanews.com\/site\/#organization\"},\"potentialAction\":[{\"@type\":\"SearchAction\",\"target\":{\"@type\":\"EntryPoint\",\"urlTemplate\":\"https:\/\/ubanews.com\/site\/?s={search_term_string}\"},\"query-input\":{\"@type\":\"PropertyValueSpecification\",\"valueRequired\":true,\"valueName\":\"search_term_string\"}}],\"inLanguage\":\"pt-BR\"},{\"@type\":\"Organization\",\"@id\":\"https:\/\/ubanews.com\/site\/#organization\",\"name\":\"Ub\u00e1 News\",\"url\":\"https:\/\/ubanews.com\/site\/\",\"logo\":{\"@type\":\"ImageObject\",\"inLanguage\":\"pt-BR\",\"@id\":\"https:\/\/ubanews.com\/site\/#\/schema\/logo\/image\/\",\"url\":\"https:\/\/ubanews.com\/site\/wp-content\/uploads\/2018\/01\/logoubanews.png\",\"contentUrl\":\"https:\/\/ubanews.com\/site\/wp-content\/uploads\/2018\/01\/logoubanews.png\",\"width\":261,\"height\":99,\"caption\":\"Ub\u00e1 News\"},\"image\":{\"@id\":\"https:\/\/ubanews.com\/site\/#\/schema\/logo\/image\/\"},\"sameAs\":[\"https:\/\/www.facebook.com\/Ub\u00e1News-Carlos-Roberto-Sodr\u00e9-418778301977370\"]},{\"@type\":\"Person\",\"@id\":\"https:\/\/ubanews.com\/site\/#\/schema\/person\/9d8da9ec3c8d00640ab6e8c81e103310\",\"name\":\"Carlos Roberto Sodr\u00e9\",\"image\":{\"@type\":\"ImageObject\",\"inLanguage\":\"pt-BR\",\"@id\":\"https:\/\/secure.gravatar.com\/avatar\/aab322e8555b56c468614fafdab8a8f924e394cdc6cfd8232f77e9e4d123a133?s=96&d=mm&r=g\",\"url\":\"https:\/\/secure.gravatar.com\/avatar\/aab322e8555b56c468614fafdab8a8f924e394cdc6cfd8232f77e9e4d123a133?s=96&d=mm&r=g\",\"contentUrl\":\"https:\/\/secure.gravatar.com\/avatar\/aab322e8555b56c468614fafdab8a8f924e394cdc6cfd8232f77e9e4d123a133?s=96&d=mm&r=g\",\"caption\":\"Carlos Roberto Sodr\u00e9\"},\"url\":\"https:\/\/ubanews.com\/site\/author\/sodre\/\"}]}<\/script>\n<!-- \/ Yoast SEO plugin. -->","yoast_head_json":{"title":"DEJUB celebra 35 anos - Ub\u00e1 News","description":"DEJUB celebra 35 anos com hist\u00f3rias de supera\u00e7\u00e3o, acolhimento e transforma\u00e7\u00e3o. Evento destaca avan\u00e7os na sa\u00fade mental e depend\u00eancia qu\u00edmica.","robots":{"index":"index","follow":"follow","max-snippet":"max-snippet:-1","max-image-preview":"max-image-preview:large","max-video-preview":"max-video-preview:-1"},"canonical":"https:\/\/ubanews.com\/site\/2025\/09\/17\/dejub-celebra-35-anos\/","og_locale":"pt_BR","og_type":"article","og_title":"DEJUB celebra 35 anos - Ub\u00e1 News","og_description":"DEJUB celebra 35 anos com hist\u00f3rias de supera\u00e7\u00e3o, acolhimento e transforma\u00e7\u00e3o. Evento destaca avan\u00e7os na sa\u00fade mental e depend\u00eancia qu\u00edmica.","og_url":"https:\/\/ubanews.com\/site\/2025\/09\/17\/dejub-celebra-35-anos\/","og_site_name":"Ub\u00e1 News","article_publisher":"https:\/\/www.facebook.com\/Ub%c3%a1News-Carlos-Roberto-Sodr%c3%a9-418778301977370","article_published_time":"2025-09-17T12:09:03+00:00","og_image":[{"width":777,"height":358,"url":"https:\/\/ubanews.com\/site\/wp-content\/uploads\/2025\/09\/Fala-Sodre-DEJUB.jpg","type":"image\/jpeg"}],"author":"Carlos Roberto Sodr\u00e9","twitter_card":"summary_large_image","twitter_misc":{"Escrito por":"Carlos Roberto Sodr\u00e9","Est. tempo de leitura":"3 minutos"},"schema":{"@context":"https:\/\/schema.org","@graph":[{"@type":"Article","@id":"https:\/\/ubanews.com\/site\/2025\/09\/17\/dejub-celebra-35-anos\/#article","isPartOf":{"@id":"https:\/\/ubanews.com\/site\/2025\/09\/17\/dejub-celebra-35-anos\/"},"author":{"name":"Carlos Roberto Sodr\u00e9","@id":"https:\/\/ubanews.com\/site\/#\/schema\/person\/9d8da9ec3c8d00640ab6e8c81e103310"},"headline":"DEJUB celebra 35 anos","datePublished":"2025-09-17T12:09:03+00:00","mainEntityOfPage":{"@id":"https:\/\/ubanews.com\/site\/2025\/09\/17\/dejub-celebra-35-anos\/"},"wordCount":438,"commentCount":0,"publisher":{"@id":"https:\/\/ubanews.com\/site\/#organization"},"image":{"@id":"https:\/\/ubanews.com\/site\/2025\/09\/17\/dejub-celebra-35-anos\/#primaryimage"},"thumbnailUrl":"https:\/\/ubanews.com\/site\/wp-content\/uploads\/2025\/09\/Fala-Sodre-DEJUB.jpg","keywords":["DEJUB","Fala Sodr\u00e9","Sodr\u00e9","UBANEWS"],"articleSection":["Geral","Slide"],"inLanguage":"pt-BR","potentialAction":[{"@type":"CommentAction","name":"Comment","target":["https:\/\/ubanews.com\/site\/2025\/09\/17\/dejub-celebra-35-anos\/#respond"]}]},{"@type":"WebPage","@id":"https:\/\/ubanews.com\/site\/2025\/09\/17\/dejub-celebra-35-anos\/","url":"https:\/\/ubanews.com\/site\/2025\/09\/17\/dejub-celebra-35-anos\/","name":"DEJUB celebra 35 anos - Ub\u00e1 News","isPartOf":{"@id":"https:\/\/ubanews.com\/site\/#website"},"primaryImageOfPage":{"@id":"https:\/\/ubanews.com\/site\/2025\/09\/17\/dejub-celebra-35-anos\/#primaryimage"},"image":{"@id":"https:\/\/ubanews.com\/site\/2025\/09\/17\/dejub-celebra-35-anos\/#primaryimage"},"thumbnailUrl":"https:\/\/ubanews.com\/site\/wp-content\/uploads\/2025\/09\/Fala-Sodre-DEJUB.jpg","datePublished":"2025-09-17T12:09:03+00:00","description":"DEJUB celebra 35 anos com hist\u00f3rias de supera\u00e7\u00e3o, acolhimento e transforma\u00e7\u00e3o. Evento destaca avan\u00e7os na sa\u00fade mental e depend\u00eancia qu\u00edmica.","breadcrumb":{"@id":"https:\/\/ubanews.com\/site\/2025\/09\/17\/dejub-celebra-35-anos\/#breadcrumb"},"inLanguage":"pt-BR","potentialAction":[{"@type":"ReadAction","target":["https:\/\/ubanews.com\/site\/2025\/09\/17\/dejub-celebra-35-anos\/"]}]},{"@type":"ImageObject","inLanguage":"pt-BR","@id":"https:\/\/ubanews.com\/site\/2025\/09\/17\/dejub-celebra-35-anos\/#primaryimage","url":"https:\/\/ubanews.com\/site\/wp-content\/uploads\/2025\/09\/Fala-Sodre-DEJUB.jpg","contentUrl":"https:\/\/ubanews.com\/site\/wp-content\/uploads\/2025\/09\/Fala-Sodre-DEJUB.jpg","width":777,"height":358,"caption":"DEJUB celebra 35 anos de transforma\u00e7\u00e3o e esperan\u00e7a em Ub\u00e1"},{"@type":"BreadcrumbList","@id":"https:\/\/ubanews.com\/site\/2025\/09\/17\/dejub-celebra-35-anos\/#breadcrumb","itemListElement":[{"@type":"ListItem","position":1,"name":"Home","item":"https:\/\/ubanews.com\/site\/"},{"@type":"ListItem","position":2,"name":"DEJUB celebra 35 anos"}]},{"@type":"WebSite","@id":"https:\/\/ubanews.com\/site\/#website","url":"https:\/\/ubanews.com\/site\/","name":"Ub\u00e1 News","description":"","publisher":{"@id":"https:\/\/ubanews.com\/site\/#organization"},"potentialAction":[{"@type":"SearchAction","target":{"@type":"EntryPoint","urlTemplate":"https:\/\/ubanews.com\/site\/?s={search_term_string}"},"query-input":{"@type":"PropertyValueSpecification","valueRequired":true,"valueName":"search_term_string"}}],"inLanguage":"pt-BR"},{"@type":"Organization","@id":"https:\/\/ubanews.com\/site\/#organization","name":"Ub\u00e1 News","url":"https:\/\/ubanews.com\/site\/","logo":{"@type":"ImageObject","inLanguage":"pt-BR","@id":"https:\/\/ubanews.com\/site\/#\/schema\/logo\/image\/","url":"https:\/\/ubanews.com\/site\/wp-content\/uploads\/2018\/01\/logoubanews.png","contentUrl":"https:\/\/ubanews.com\/site\/wp-content\/uploads\/2018\/01\/logoubanews.png","width":261,"height":99,"caption":"Ub\u00e1 News"},"image":{"@id":"https:\/\/ubanews.com\/site\/#\/schema\/logo\/image\/"},"sameAs":["https:\/\/www.facebook.com\/Ub\u00e1News-Carlos-Roberto-Sodr\u00e9-418778301977370"]},{"@type":"Person","@id":"https:\/\/ubanews.com\/site\/#\/schema\/person\/9d8da9ec3c8d00640ab6e8c81e103310","name":"Carlos Roberto Sodr\u00e9","image":{"@type":"ImageObject","inLanguage":"pt-BR","@id":"https:\/\/secure.gravatar.com\/avatar\/aab322e8555b56c468614fafdab8a8f924e394cdc6cfd8232f77e9e4d123a133?s=96&d=mm&r=g","url":"https:\/\/secure.gravatar.com\/avatar\/aab322e8555b56c468614fafdab8a8f924e394cdc6cfd8232f77e9e4d123a133?s=96&d=mm&r=g","contentUrl":"https:\/\/secure.gravatar.com\/avatar\/aab322e8555b56c468614fafdab8a8f924e394cdc6cfd8232f77e9e4d123a133?s=96&d=mm&r=g","caption":"Carlos Roberto Sodr\u00e9"},"url":"https:\/\/ubanews.com\/site\/author\/sodre\/"}]}},"_links":{"self":[{"href":"https:\/\/ubanews.com\/site\/wp-json\/wp\/v2\/posts\/22942","targetHints":{"allow":["GET"]}}],"collection":[{"href":"https:\/\/ubanews.com\/site\/wp-json\/wp\/v2\/posts"}],"about":[{"href":"https:\/\/ubanews.com\/site\/wp-json\/wp\/v2\/types\/post"}],"author":[{"embeddable":true,"href":"https:\/\/ubanews.com\/site\/wp-json\/wp\/v2\/users\/4"}],"replies":[{"embeddable":true,"href":"https:\/\/ubanews.com\/site\/wp-json\/wp\/v2\/comments?post=22942"}],"version-history":[{"count":0,"href":"https:\/\/ubanews.com\/site\/wp-json\/wp\/v2\/posts\/22942\/revisions"}],"wp:featuredmedia":[{"embeddable":true,"href":"https:\/\/ubanews.com\/site\/wp-json\/wp\/v2\/media\/22943"}],"wp:attachment":[{"href":"https:\/\/ubanews.com\/site\/wp-json\/wp\/v2\/media?parent=22942"}],"wp:term":[{"taxonomy":"category","embeddable":true,"href":"https:\/\/ubanews.com\/site\/wp-json\/wp\/v2\/categories?post=22942"},{"taxonomy":"post_tag","embeddable":true,"href":"https:\/\/ubanews.com\/site\/wp-json\/wp\/v2\/tags?post=22942"}],"curies":[{"name":"wp","href":"https:\/\/api.w.org\/{rel}","templated":true}]}}