{"id":22938,"date":"2025-09-16T09:20:04","date_gmt":"2025-09-16T12:20:04","guid":{"rendered":"https:\/\/ubanews.com\/site\/?p=22938"},"modified":"2025-09-16T09:20:04","modified_gmt":"2025-09-16T12:20:04","slug":"unifagoc-apresenta-novos-cursos","status":"publish","type":"post","link":"https:\/\/ubanews.com\/site\/2025\/09\/16\/unifagoc-apresenta-novos-cursos\/","title":{"rendered":"UNIFAGOC apresenta novos cursos"},"content":{"rendered":"<p data-start=\"308\" data-end=\"375\">UNIFAGOC apresenta novos cursos em entrevista no Canal Fala Sodr\u00e9.\u00a0O <strong data-start=\"379\" data-end=\"397\">Portal UbaNews<\/strong>, atrav\u00e9s do <strong data-start=\"410\" data-end=\"430\">Canal Fala Sodr\u00e9<\/strong>, recebeu o apresentador <strong data-start=\"455\" data-end=\"479\">Carlos Roberto Sodr\u00e9<\/strong> para conduzir uma entrevista especial sobre os novos cursos da <strong data-start=\"543\" data-end=\"555\">UNIFAGOC<\/strong>. O programa contou com a presen\u00e7a do <strong data-start=\"593\" data-end=\"615\">Sr. Leonardo Couto<\/strong> e do <strong data-start=\"621\" data-end=\"642\">Sr. Tiago Tim\u00f3teo<\/strong>, que trouxeram informa\u00e7\u00f5es valiosas sobre a expans\u00e3o acad\u00eamica da institui\u00e7\u00e3o e os impactos dessa novidade para a regi\u00e3o.<\/p>\n<p data-start=\"308\" data-end=\"375\"><img decoding=\"async\" class=\"aligncenter wp-image-22939 size-full lazyload\" data-src=\"https:\/\/ubanews.com\/site\/wp-content\/uploads\/2025\/09\/Fala-Sodre-Ubanews-UNIFAGOC-Dois-novos-Cursos-chegando.jpg\" alt=\"UNIFAGOC apresenta novos cursos em entrevista no Canal Fala Sodr\u00e9\" width=\"633\" height=\"363\" data-srcset=\"https:\/\/ubanews.com\/site\/wp-content\/uploads\/2025\/09\/Fala-Sodre-Ubanews-UNIFAGOC-Dois-novos-Cursos-chegando.jpg 633w, https:\/\/ubanews.com\/site\/wp-content\/uploads\/2025\/09\/Fala-Sodre-Ubanews-UNIFAGOC-Dois-novos-Cursos-chegando-300x172.jpg 300w\" data-sizes=\"(max-width: 633px) 100vw, 633px\" src=\"data:image\/svg+xml;base64,PHN2ZyB3aWR0aD0iMSIgaGVpZ2h0PSIxIiB4bWxucz0iaHR0cDovL3d3dy53My5vcmcvMjAwMC9zdmciPjwvc3ZnPg==\" style=\"--smush-placeholder-width: 633px; --smush-placeholder-aspect-ratio: 633\/363;\" \/><\/p>\n<p data-start=\"768\" data-end=\"1072\">Logo no in\u00edcio, Sodr\u00e9 destacou a relev\u00e2ncia de levar esse debate ao p\u00fablico. Ele ressaltou que a educa\u00e7\u00e3o superior abre caminhos para o crescimento social e econ\u00f4mico. Para ele, informar a comunidade sobre novas oportunidades de forma\u00e7\u00e3o \u00e9 um compromisso que fortalece toda a cidade de Ub\u00e1 e o entorno.<\/p>\n<h2 data-start=\"768\" data-end=\"1072\">UNIFAGOC apresenta novos cursos em entrevista no Canal Fala Sodr\u00e9.<\/h2>\n<p data-start=\"1074\" data-end=\"1492\">Em seguida, <strong data-start=\"1086\" data-end=\"1104\">Leonardo Couto<\/strong> falou sobre o processo de cria\u00e7\u00e3o dos cursos. Ele explicou que a UNIFAGOC realizou um levantamento detalhado das demandas locais. Segundo ele, a comunidade enfrenta car\u00eancia de profissionais especializados em \u00e1reas essenciais, especialmente na sa\u00fade. Por isso, a institui\u00e7\u00e3o estruturou novos cursos presenciais que atendem tanto ao mercado quanto \u00e0s necessidades sociais mais urgentes.<\/p>\n<p data-start=\"1494\" data-end=\"1807\">Al\u00e9m disso, <strong>Leonardo<\/strong> refor\u00e7ou que os cursos chegam para reduzir desigualdades. Ele observou que, antes, muitos jovens precisavam se deslocar para outras cidades, como Belo Horizonte e Vi\u00e7osa, em busca de forma\u00e7\u00e3o. Agora, a regi\u00e3o ganha uma alternativa de qualidade, com o suporte de uma institui\u00e7\u00e3o consolidada.<\/p>\n<p data-start=\"1809\" data-end=\"2104\">Na sequ\u00eancia, <strong data-start=\"1823\" data-end=\"1840\">Tiago Tim\u00f3teo<\/strong> destacou a dimens\u00e3o social dos novos cursos. Ele explicou que a UNIFAGOC buscou criar forma\u00e7\u00f5es que dialogam com as necessidades reais da comunidade. Para ele, a educa\u00e7\u00e3o vai al\u00e9m do diploma. Ela deve gerar transforma\u00e7\u00e3o, inclus\u00e3o e novas oportunidades de vida.<\/p>\n<p data-start=\"2106\" data-end=\"2431\"><strong>Tiago<\/strong> tamb\u00e9m chamou aten\u00e7\u00e3o para a adapta\u00e7\u00e3o das forma\u00e7\u00f5es a diferentes perfis de estudantes. Ele citou a import\u00e2ncia de pensar em solu\u00e7\u00f5es que atendam pessoas com limita\u00e7\u00f5es, sejam elas f\u00edsicas ou cognitivas. Segundo ele, esse cuidado faz parte da miss\u00e3o social da institui\u00e7\u00e3o e contribui para uma educa\u00e7\u00e3o mais inclusiva.<\/p>\n<p data-start=\"2433\" data-end=\"2739\">Durante a conversa, <strong>Sodr\u00e9<\/strong> questionou os entrevistados sobre a ades\u00e3o da comunidade. Leonardo e Tiago responderam que j\u00e1 existe grande interesse, inclusive com apoio de prefeituras da regi\u00e3o. Eles acreditam que a conscientiza\u00e7\u00e3o dos jovens e das fam\u00edlias ser\u00e1 determinante para o sucesso dessa iniciativa.<\/p>\n<h3 data-start=\"2433\" data-end=\"2739\">Agradecimento<\/h3>\n<p data-start=\"2741\" data-end=\"2970\">Ao encerrar a entrevista, Sodr\u00e9 agradeceu a participa\u00e7\u00e3o dos representantes da UNIFAGOC. Ele ressaltou que o jornalismo local tem a miss\u00e3o de aproximar a popula\u00e7\u00e3o das boas not\u00edcias e das oportunidades que podem mudar o futuro.<\/p>\n<p data-start=\"2972\" data-end=\"3217\">Assim, a entrevista no Canal Fala Sodr\u00e9 refor\u00e7ou a import\u00e2ncia da educa\u00e7\u00e3o como motor de desenvolvimento. Com os novos cursos, a UNIFAGOC reafirma seu papel transformador e abre novas portas para a juventude e para a sociedade de Ub\u00e1 e regi\u00e3o.<\/p>\n<p><iframe title=\"Fala Sodr\u00e9: UNIFAGOC lan\u00e7a dois novos cursos na \u00e1rea da sa\u00fade: fonoaudiologia e terapia ocupacional\" width=\"840\" height=\"473\" data-src=\"https:\/\/www.youtube.com\/embed\/Em1a3tIMqHA?feature=oembed\" frameborder=\"0\" allow=\"accelerometer; autoplay; clipboard-write; encrypted-media; gyroscope; picture-in-picture; web-share\" referrerpolicy=\"strict-origin-when-cross-origin\" allowfullscreen src=\"data:image\/svg+xml;base64,PHN2ZyB3aWR0aD0iMSIgaGVpZ2h0PSIxIiB4bWxucz0iaHR0cDovL3d3dy53My5vcmcvMjAwMC9zdmciPjwvc3ZnPg==\" class=\"lazyload\" data-load-mode=\"1\"><\/iframe><\/p>\n","protected":false},"excerpt":{"rendered":"<p>UNIFAGOC apresenta novos cursos em entrevista no Canal Fala Sodr\u00e9.\u00a0O<\/p>\n","protected":false},"author":4,"featured_media":22939,"comment_status":"open","ping_status":"open","sticky":false,"template":"","format":"standard","meta":{"footnotes":""},"categories":[1,3],"tags":[],"class_list":["post-22938","post","type-post","status-publish","format-standard","has-post-thumbnail","hentry","category-sem-categoria","category-slide"],"yoast_head":"<!-- This site is optimized with the Yoast SEO plugin v27.2 - https:\/\/yoast.com\/product\/yoast-seo-wordpress\/ -->\n<title>UNIFAGOC apresenta novos cursos - Ub\u00e1 News<\/title>\n<meta name=\"description\" content=\"No Canal Fala Sodr\u00e9, Carlos Roberto Sodr\u00e9 entrevista Leonardo Couto e Tiago Tim\u00f3teo sobre os novos cursos da UNIFAGOC para Ub\u00e1 e regi\u00e3o\" \/>\n<meta name=\"robots\" content=\"index, follow, max-snippet:-1, max-image-preview:large, max-video-preview:-1\" \/>\n<link rel=\"canonical\" href=\"https:\/\/ubanews.com\/site\/2025\/09\/16\/unifagoc-apresenta-novos-cursos\/\" \/>\n<meta property=\"og:locale\" content=\"pt_BR\" \/>\n<meta property=\"og:type\" content=\"article\" \/>\n<meta property=\"og:title\" content=\"UNIFAGOC apresenta novos cursos - Ub\u00e1 News\" \/>\n<meta property=\"og:description\" content=\"No Canal Fala Sodr\u00e9, Carlos Roberto Sodr\u00e9 entrevista Leonardo Couto e Tiago Tim\u00f3teo sobre os novos cursos da UNIFAGOC para Ub\u00e1 e regi\u00e3o\" \/>\n<meta property=\"og:url\" content=\"https:\/\/ubanews.com\/site\/2025\/09\/16\/unifagoc-apresenta-novos-cursos\/\" \/>\n<meta property=\"og:site_name\" content=\"Ub\u00e1 News\" \/>\n<meta property=\"article:publisher\" content=\"https:\/\/www.facebook.com\/Ub%c3%a1News-Carlos-Roberto-Sodr%c3%a9-418778301977370\" \/>\n<meta property=\"article:published_time\" content=\"2025-09-16T12:20:04+00:00\" \/>\n<meta property=\"og:image\" content=\"https:\/\/ubanews.com\/site\/wp-content\/uploads\/2025\/09\/Fala-Sodre-Ubanews-UNIFAGOC-Dois-novos-Cursos-chegando.jpg\" \/>\n\t<meta property=\"og:image:width\" content=\"633\" \/>\n\t<meta property=\"og:image:height\" content=\"363\" \/>\n\t<meta property=\"og:image:type\" content=\"image\/jpeg\" \/>\n<meta name=\"author\" content=\"Carlos Roberto Sodr\u00e9\" \/>\n<meta name=\"twitter:card\" content=\"summary_large_image\" \/>\n<meta name=\"twitter:label1\" content=\"Escrito por\" \/>\n\t<meta name=\"twitter:data1\" content=\"Carlos Roberto Sodr\u00e9\" \/>\n\t<meta name=\"twitter:label2\" content=\"Est. tempo de leitura\" \/>\n\t<meta name=\"twitter:data2\" content=\"3 minutos\" \/>\n<script type=\"application\/ld+json\" class=\"yoast-schema-graph\">{\"@context\":\"https:\/\/schema.org\",\"@graph\":[{\"@type\":\"Article\",\"@id\":\"https:\/\/ubanews.com\/site\/2025\/09\/16\/unifagoc-apresenta-novos-cursos\/#article\",\"isPartOf\":{\"@id\":\"https:\/\/ubanews.com\/site\/2025\/09\/16\/unifagoc-apresenta-novos-cursos\/\"},\"author\":{\"name\":\"Carlos Roberto Sodr\u00e9\",\"@id\":\"https:\/\/ubanews.com\/site\/#\/schema\/person\/9d8da9ec3c8d00640ab6e8c81e103310\"},\"headline\":\"UNIFAGOC apresenta novos cursos\",\"datePublished\":\"2025-09-16T12:20:04+00:00\",\"mainEntityOfPage\":{\"@id\":\"https:\/\/ubanews.com\/site\/2025\/09\/16\/unifagoc-apresenta-novos-cursos\/\"},\"wordCount\":521,\"commentCount\":0,\"publisher\":{\"@id\":\"https:\/\/ubanews.com\/site\/#organization\"},\"image\":{\"@id\":\"https:\/\/ubanews.com\/site\/2025\/09\/16\/unifagoc-apresenta-novos-cursos\/#primaryimage\"},\"thumbnailUrl\":\"https:\/\/ubanews.com\/site\/wp-content\/uploads\/2025\/09\/Fala-Sodre-Ubanews-UNIFAGOC-Dois-novos-Cursos-chegando.jpg\",\"articleSection\":[\"Geral\",\"Slide\"],\"inLanguage\":\"pt-BR\",\"potentialAction\":[{\"@type\":\"CommentAction\",\"name\":\"Comment\",\"target\":[\"https:\/\/ubanews.com\/site\/2025\/09\/16\/unifagoc-apresenta-novos-cursos\/#respond\"]}]},{\"@type\":\"WebPage\",\"@id\":\"https:\/\/ubanews.com\/site\/2025\/09\/16\/unifagoc-apresenta-novos-cursos\/\",\"url\":\"https:\/\/ubanews.com\/site\/2025\/09\/16\/unifagoc-apresenta-novos-cursos\/\",\"name\":\"UNIFAGOC apresenta novos cursos - Ub\u00e1 News\",\"isPartOf\":{\"@id\":\"https:\/\/ubanews.com\/site\/#website\"},\"primaryImageOfPage\":{\"@id\":\"https:\/\/ubanews.com\/site\/2025\/09\/16\/unifagoc-apresenta-novos-cursos\/#primaryimage\"},\"image\":{\"@id\":\"https:\/\/ubanews.com\/site\/2025\/09\/16\/unifagoc-apresenta-novos-cursos\/#primaryimage\"},\"thumbnailUrl\":\"https:\/\/ubanews.com\/site\/wp-content\/uploads\/2025\/09\/Fala-Sodre-Ubanews-UNIFAGOC-Dois-novos-Cursos-chegando.jpg\",\"datePublished\":\"2025-09-16T12:20:04+00:00\",\"description\":\"No Canal Fala Sodr\u00e9, Carlos Roberto Sodr\u00e9 entrevista Leonardo Couto e Tiago Tim\u00f3teo sobre os novos cursos da UNIFAGOC para Ub\u00e1 e regi\u00e3o\",\"breadcrumb\":{\"@id\":\"https:\/\/ubanews.com\/site\/2025\/09\/16\/unifagoc-apresenta-novos-cursos\/#breadcrumb\"},\"inLanguage\":\"pt-BR\",\"potentialAction\":[{\"@type\":\"ReadAction\",\"target\":[\"https:\/\/ubanews.com\/site\/2025\/09\/16\/unifagoc-apresenta-novos-cursos\/\"]}]},{\"@type\":\"ImageObject\",\"inLanguage\":\"pt-BR\",\"@id\":\"https:\/\/ubanews.com\/site\/2025\/09\/16\/unifagoc-apresenta-novos-cursos\/#primaryimage\",\"url\":\"https:\/\/ubanews.com\/site\/wp-content\/uploads\/2025\/09\/Fala-Sodre-Ubanews-UNIFAGOC-Dois-novos-Cursos-chegando.jpg\",\"contentUrl\":\"https:\/\/ubanews.com\/site\/wp-content\/uploads\/2025\/09\/Fala-Sodre-Ubanews-UNIFAGOC-Dois-novos-Cursos-chegando.jpg\",\"width\":633,\"height\":363,\"caption\":\"UNIFAGOC apresenta novos cursos em entrevista no Canal Fala Sodr\u00e9\"},{\"@type\":\"BreadcrumbList\",\"@id\":\"https:\/\/ubanews.com\/site\/2025\/09\/16\/unifagoc-apresenta-novos-cursos\/#breadcrumb\",\"itemListElement\":[{\"@type\":\"ListItem\",\"position\":1,\"name\":\"Home\",\"item\":\"https:\/\/ubanews.com\/site\/\"},{\"@type\":\"ListItem\",\"position\":2,\"name\":\"UNIFAGOC apresenta novos cursos\"}]},{\"@type\":\"WebSite\",\"@id\":\"https:\/\/ubanews.com\/site\/#website\",\"url\":\"https:\/\/ubanews.com\/site\/\",\"name\":\"Ub\u00e1 News\",\"description\":\"\",\"publisher\":{\"@id\":\"https:\/\/ubanews.com\/site\/#organization\"},\"potentialAction\":[{\"@type\":\"SearchAction\",\"target\":{\"@type\":\"EntryPoint\",\"urlTemplate\":\"https:\/\/ubanews.com\/site\/?s={search_term_string}\"},\"query-input\":{\"@type\":\"PropertyValueSpecification\",\"valueRequired\":true,\"valueName\":\"search_term_string\"}}],\"inLanguage\":\"pt-BR\"},{\"@type\":\"Organization\",\"@id\":\"https:\/\/ubanews.com\/site\/#organization\",\"name\":\"Ub\u00e1 News\",\"url\":\"https:\/\/ubanews.com\/site\/\",\"logo\":{\"@type\":\"ImageObject\",\"inLanguage\":\"pt-BR\",\"@id\":\"https:\/\/ubanews.com\/site\/#\/schema\/logo\/image\/\",\"url\":\"https:\/\/ubanews.com\/site\/wp-content\/uploads\/2018\/01\/logoubanews.png\",\"contentUrl\":\"https:\/\/ubanews.com\/site\/wp-content\/uploads\/2018\/01\/logoubanews.png\",\"width\":261,\"height\":99,\"caption\":\"Ub\u00e1 News\"},\"image\":{\"@id\":\"https:\/\/ubanews.com\/site\/#\/schema\/logo\/image\/\"},\"sameAs\":[\"https:\/\/www.facebook.com\/Ub\u00e1News-Carlos-Roberto-Sodr\u00e9-418778301977370\"]},{\"@type\":\"Person\",\"@id\":\"https:\/\/ubanews.com\/site\/#\/schema\/person\/9d8da9ec3c8d00640ab6e8c81e103310\",\"name\":\"Carlos Roberto Sodr\u00e9\",\"image\":{\"@type\":\"ImageObject\",\"inLanguage\":\"pt-BR\",\"@id\":\"https:\/\/secure.gravatar.com\/avatar\/aab322e8555b56c468614fafdab8a8f924e394cdc6cfd8232f77e9e4d123a133?s=96&d=mm&r=g\",\"url\":\"https:\/\/secure.gravatar.com\/avatar\/aab322e8555b56c468614fafdab8a8f924e394cdc6cfd8232f77e9e4d123a133?s=96&d=mm&r=g\",\"contentUrl\":\"https:\/\/secure.gravatar.com\/avatar\/aab322e8555b56c468614fafdab8a8f924e394cdc6cfd8232f77e9e4d123a133?s=96&d=mm&r=g\",\"caption\":\"Carlos Roberto Sodr\u00e9\"},\"url\":\"https:\/\/ubanews.com\/site\/author\/sodre\/\"}]}<\/script>\n<!-- \/ Yoast SEO plugin. -->","yoast_head_json":{"title":"UNIFAGOC apresenta novos cursos - Ub\u00e1 News","description":"No Canal Fala Sodr\u00e9, Carlos Roberto Sodr\u00e9 entrevista Leonardo Couto e Tiago Tim\u00f3teo sobre os novos cursos da UNIFAGOC para Ub\u00e1 e regi\u00e3o","robots":{"index":"index","follow":"follow","max-snippet":"max-snippet:-1","max-image-preview":"max-image-preview:large","max-video-preview":"max-video-preview:-1"},"canonical":"https:\/\/ubanews.com\/site\/2025\/09\/16\/unifagoc-apresenta-novos-cursos\/","og_locale":"pt_BR","og_type":"article","og_title":"UNIFAGOC apresenta novos cursos - Ub\u00e1 News","og_description":"No Canal Fala Sodr\u00e9, Carlos Roberto Sodr\u00e9 entrevista Leonardo Couto e Tiago Tim\u00f3teo sobre os novos cursos da UNIFAGOC para Ub\u00e1 e regi\u00e3o","og_url":"https:\/\/ubanews.com\/site\/2025\/09\/16\/unifagoc-apresenta-novos-cursos\/","og_site_name":"Ub\u00e1 News","article_publisher":"https:\/\/www.facebook.com\/Ub%c3%a1News-Carlos-Roberto-Sodr%c3%a9-418778301977370","article_published_time":"2025-09-16T12:20:04+00:00","og_image":[{"width":633,"height":363,"url":"https:\/\/ubanews.com\/site\/wp-content\/uploads\/2025\/09\/Fala-Sodre-Ubanews-UNIFAGOC-Dois-novos-Cursos-chegando.jpg","type":"image\/jpeg"}],"author":"Carlos Roberto Sodr\u00e9","twitter_card":"summary_large_image","twitter_misc":{"Escrito por":"Carlos Roberto Sodr\u00e9","Est. tempo de leitura":"3 minutos"},"schema":{"@context":"https:\/\/schema.org","@graph":[{"@type":"Article","@id":"https:\/\/ubanews.com\/site\/2025\/09\/16\/unifagoc-apresenta-novos-cursos\/#article","isPartOf":{"@id":"https:\/\/ubanews.com\/site\/2025\/09\/16\/unifagoc-apresenta-novos-cursos\/"},"author":{"name":"Carlos Roberto Sodr\u00e9","@id":"https:\/\/ubanews.com\/site\/#\/schema\/person\/9d8da9ec3c8d00640ab6e8c81e103310"},"headline":"UNIFAGOC apresenta novos cursos","datePublished":"2025-09-16T12:20:04+00:00","mainEntityOfPage":{"@id":"https:\/\/ubanews.com\/site\/2025\/09\/16\/unifagoc-apresenta-novos-cursos\/"},"wordCount":521,"commentCount":0,"publisher":{"@id":"https:\/\/ubanews.com\/site\/#organization"},"image":{"@id":"https:\/\/ubanews.com\/site\/2025\/09\/16\/unifagoc-apresenta-novos-cursos\/#primaryimage"},"thumbnailUrl":"https:\/\/ubanews.com\/site\/wp-content\/uploads\/2025\/09\/Fala-Sodre-Ubanews-UNIFAGOC-Dois-novos-Cursos-chegando.jpg","articleSection":["Geral","Slide"],"inLanguage":"pt-BR","potentialAction":[{"@type":"CommentAction","name":"Comment","target":["https:\/\/ubanews.com\/site\/2025\/09\/16\/unifagoc-apresenta-novos-cursos\/#respond"]}]},{"@type":"WebPage","@id":"https:\/\/ubanews.com\/site\/2025\/09\/16\/unifagoc-apresenta-novos-cursos\/","url":"https:\/\/ubanews.com\/site\/2025\/09\/16\/unifagoc-apresenta-novos-cursos\/","name":"UNIFAGOC apresenta novos cursos - Ub\u00e1 News","isPartOf":{"@id":"https:\/\/ubanews.com\/site\/#website"},"primaryImageOfPage":{"@id":"https:\/\/ubanews.com\/site\/2025\/09\/16\/unifagoc-apresenta-novos-cursos\/#primaryimage"},"image":{"@id":"https:\/\/ubanews.com\/site\/2025\/09\/16\/unifagoc-apresenta-novos-cursos\/#primaryimage"},"thumbnailUrl":"https:\/\/ubanews.com\/site\/wp-content\/uploads\/2025\/09\/Fala-Sodre-Ubanews-UNIFAGOC-Dois-novos-Cursos-chegando.jpg","datePublished":"2025-09-16T12:20:04+00:00","description":"No Canal Fala Sodr\u00e9, Carlos Roberto Sodr\u00e9 entrevista Leonardo Couto e Tiago Tim\u00f3teo sobre os novos cursos da UNIFAGOC para Ub\u00e1 e regi\u00e3o","breadcrumb":{"@id":"https:\/\/ubanews.com\/site\/2025\/09\/16\/unifagoc-apresenta-novos-cursos\/#breadcrumb"},"inLanguage":"pt-BR","potentialAction":[{"@type":"ReadAction","target":["https:\/\/ubanews.com\/site\/2025\/09\/16\/unifagoc-apresenta-novos-cursos\/"]}]},{"@type":"ImageObject","inLanguage":"pt-BR","@id":"https:\/\/ubanews.com\/site\/2025\/09\/16\/unifagoc-apresenta-novos-cursos\/#primaryimage","url":"https:\/\/ubanews.com\/site\/wp-content\/uploads\/2025\/09\/Fala-Sodre-Ubanews-UNIFAGOC-Dois-novos-Cursos-chegando.jpg","contentUrl":"https:\/\/ubanews.com\/site\/wp-content\/uploads\/2025\/09\/Fala-Sodre-Ubanews-UNIFAGOC-Dois-novos-Cursos-chegando.jpg","width":633,"height":363,"caption":"UNIFAGOC apresenta novos cursos em entrevista no Canal Fala Sodr\u00e9"},{"@type":"BreadcrumbList","@id":"https:\/\/ubanews.com\/site\/2025\/09\/16\/unifagoc-apresenta-novos-cursos\/#breadcrumb","itemListElement":[{"@type":"ListItem","position":1,"name":"Home","item":"https:\/\/ubanews.com\/site\/"},{"@type":"ListItem","position":2,"name":"UNIFAGOC apresenta novos cursos"}]},{"@type":"WebSite","@id":"https:\/\/ubanews.com\/site\/#website","url":"https:\/\/ubanews.com\/site\/","name":"Ub\u00e1 News","description":"","publisher":{"@id":"https:\/\/ubanews.com\/site\/#organization"},"potentialAction":[{"@type":"SearchAction","target":{"@type":"EntryPoint","urlTemplate":"https:\/\/ubanews.com\/site\/?s={search_term_string}"},"query-input":{"@type":"PropertyValueSpecification","valueRequired":true,"valueName":"search_term_string"}}],"inLanguage":"pt-BR"},{"@type":"Organization","@id":"https:\/\/ubanews.com\/site\/#organization","name":"Ub\u00e1 News","url":"https:\/\/ubanews.com\/site\/","logo":{"@type":"ImageObject","inLanguage":"pt-BR","@id":"https:\/\/ubanews.com\/site\/#\/schema\/logo\/image\/","url":"https:\/\/ubanews.com\/site\/wp-content\/uploads\/2018\/01\/logoubanews.png","contentUrl":"https:\/\/ubanews.com\/site\/wp-content\/uploads\/2018\/01\/logoubanews.png","width":261,"height":99,"caption":"Ub\u00e1 News"},"image":{"@id":"https:\/\/ubanews.com\/site\/#\/schema\/logo\/image\/"},"sameAs":["https:\/\/www.facebook.com\/Ub\u00e1News-Carlos-Roberto-Sodr\u00e9-418778301977370"]},{"@type":"Person","@id":"https:\/\/ubanews.com\/site\/#\/schema\/person\/9d8da9ec3c8d00640ab6e8c81e103310","name":"Carlos Roberto Sodr\u00e9","image":{"@type":"ImageObject","inLanguage":"pt-BR","@id":"https:\/\/secure.gravatar.com\/avatar\/aab322e8555b56c468614fafdab8a8f924e394cdc6cfd8232f77e9e4d123a133?s=96&d=mm&r=g","url":"https:\/\/secure.gravatar.com\/avatar\/aab322e8555b56c468614fafdab8a8f924e394cdc6cfd8232f77e9e4d123a133?s=96&d=mm&r=g","contentUrl":"https:\/\/secure.gravatar.com\/avatar\/aab322e8555b56c468614fafdab8a8f924e394cdc6cfd8232f77e9e4d123a133?s=96&d=mm&r=g","caption":"Carlos Roberto Sodr\u00e9"},"url":"https:\/\/ubanews.com\/site\/author\/sodre\/"}]}},"_links":{"self":[{"href":"https:\/\/ubanews.com\/site\/wp-json\/wp\/v2\/posts\/22938","targetHints":{"allow":["GET"]}}],"collection":[{"href":"https:\/\/ubanews.com\/site\/wp-json\/wp\/v2\/posts"}],"about":[{"href":"https:\/\/ubanews.com\/site\/wp-json\/wp\/v2\/types\/post"}],"author":[{"embeddable":true,"href":"https:\/\/ubanews.com\/site\/wp-json\/wp\/v2\/users\/4"}],"replies":[{"embeddable":true,"href":"https:\/\/ubanews.com\/site\/wp-json\/wp\/v2\/comments?post=22938"}],"version-history":[{"count":0,"href":"https:\/\/ubanews.com\/site\/wp-json\/wp\/v2\/posts\/22938\/revisions"}],"wp:featuredmedia":[{"embeddable":true,"href":"https:\/\/ubanews.com\/site\/wp-json\/wp\/v2\/media\/22939"}],"wp:attachment":[{"href":"https:\/\/ubanews.com\/site\/wp-json\/wp\/v2\/media?parent=22938"}],"wp:term":[{"taxonomy":"category","embeddable":true,"href":"https:\/\/ubanews.com\/site\/wp-json\/wp\/v2\/categories?post=22938"},{"taxonomy":"post_tag","embeddable":true,"href":"https:\/\/ubanews.com\/site\/wp-json\/wp\/v2\/tags?post=22938"}],"curies":[{"name":"wp","href":"https:\/\/api.w.org\/{rel}","templated":true}]}}