{"id":22925,"date":"2025-09-15T12:39:48","date_gmt":"2025-09-15T15:39:48","guid":{"rendered":"https:\/\/ubanews.com\/site\/?p=22925"},"modified":"2025-09-15T13:40:33","modified_gmt":"2025-09-15T16:40:33","slug":"feira-multi-setorial-aciuba-2025","status":"publish","type":"post","link":"https:\/\/ubanews.com\/site\/2025\/09\/15\/feira-multi-setorial-aciuba-2025\/","title":{"rendered":"Feira Multi Setorial ACIUB\u00c1"},"content":{"rendered":"<p data-start=\"229\" data-end=\"317\">Feira Multi Setorial ACIUB\u00c1 \u00e9 lan\u00e7ada em Ub\u00e1 e promete movimentar neg\u00f3cios em novembro.\u00a0Ub\u00e1 se prepara para receber um dos maiores eventos de neg\u00f3cios da regi\u00e3o. A <a href=\"https:\/\/www.aciuba.com.br\/noticias:feira-multissetorial\" target=\"_blank\" rel=\"noopener\"><strong data-start=\"395\" data-end=\"426\">Feira Multi Setorial ACIUB\u00c1<\/strong><\/a>, promovida pela Associa\u00e7\u00e3o Comercial, Industrial e de Servi\u00e7os de Ub\u00e1 (<a href=\"https:\/\/wa.me\/553235315311\" target=\"_blank\" rel=\"noopener\">ACIUB\u00c1<\/a>), acontecer\u00e1 de <strong data-start=\"521\" data-end=\"550\">5 a 9 de novembro de 2025<\/strong>, no Parque de Exposi\u00e7\u00f5es. O lan\u00e7amento oficial ocorreu com cobertura do <strong data-start=\"623\" data-end=\"643\">canal Fala Sodr\u00e9<\/strong>, do portal <em data-start=\"655\" data-end=\"664\">UbaNews<\/em>, reunindo lideran\u00e7as empresariais, pol\u00edticas e comunit\u00e1rias em torno de um mesmo prop\u00f3sito: fortalecer o desenvolvimento econ\u00f4mico e social da cidade.<\/p>\n<h2 data-start=\"229\" data-end=\"317\">Feira Multi Setorial ACIUB\u00c1 \u00e9 lan\u00e7ada em Ub\u00e1 e promete movimentar neg\u00f3cios em novembro<\/h2>\n<p><img decoding=\"async\" class=\"aligncenter wp-image-22926 lazyload\" data-src=\"https:\/\/ubanews.com\/site\/wp-content\/uploads\/2025\/09\/Feira-Multi-Setorial-Aciuba-300x105.jpg\" alt=\"Feira Multi Setorial Aciub\u00e1\" width=\"437\" height=\"153\" data-srcset=\"https:\/\/ubanews.com\/site\/wp-content\/uploads\/2025\/09\/Feira-Multi-Setorial-Aciuba-300x105.jpg 300w, https:\/\/ubanews.com\/site\/wp-content\/uploads\/2025\/09\/Feira-Multi-Setorial-Aciuba-1024x360.jpg 1024w, https:\/\/ubanews.com\/site\/wp-content\/uploads\/2025\/09\/Feira-Multi-Setorial-Aciuba-768x270.jpg 768w, https:\/\/ubanews.com\/site\/wp-content\/uploads\/2025\/09\/Feira-Multi-Setorial-Aciuba.jpg 1438w\" data-sizes=\"(max-width: 437px) 100vw, 437px\" src=\"data:image\/svg+xml;base64,PHN2ZyB3aWR0aD0iMSIgaGVpZ2h0PSIxIiB4bWxucz0iaHR0cDovL3d3dy53My5vcmcvMjAwMC9zdmciPjwvc3ZnPg==\" style=\"--smush-placeholder-width: 437px; --smush-placeholder-aspect-ratio: 437\/153;\" \/><\/p>\n<p data-start=\"817\" data-end=\"1069\">Durante a abertura, os depoimentos captados pelo jornalista <strong data-start=\"877\" data-end=\"901\">Carlos Roberto Sodr\u00e9<\/strong> deram o tom do que a feira representa. O presidente do Intersind, <strong>Gilberto Teixeira Pereira Coelho\u00a0<\/strong>, destacou a coragem necess\u00e1ria para assumir a realiza\u00e7\u00e3o de um evento de grande porte:<\/p>\n<blockquote data-start=\"1070\" data-end=\"1277\">\n<p data-start=\"1072\" data-end=\"1277\"><em data-start=\"1072\" data-end=\"1277\">\u201cRealmente tem que ter coragem para fazer um evento como esse, que gera neg\u00f3cios, empregos e oportunidades. Eu acredito no empreendedorismo e na vontade de todos que lutam para transformar nossa cidade.\u201d<\/em><\/p>\n<\/blockquote>\n<p data-start=\"1279\" data-end=\"1523\">Na mesma linha, o presidente da ACIUB\u00c1, <strong data-start=\"1319\" data-end=\"1329\">Silber Silveira<\/strong>, ressaltou que o evento vai muito al\u00e9m das grandes empresas. Haver\u00e1 espa\u00e7o para <strong data-start=\"1410\" data-end=\"1455\">pequenos empreendedores e artes\u00e3os locais<\/strong>, que ter\u00e3o a oportunidade de apresentar seus produtos e servi\u00e7os:<\/p>\n<blockquote data-start=\"1524\" data-end=\"1704\">\n<p data-start=\"1526\" data-end=\"1704\"><em data-start=\"1526\" data-end=\"1704\">\u201cQueremos que todos participem. At\u00e9 aquele pequeno produtor que fabrica algo no quintal ter\u00e1 espa\u00e7o reservado. A Feira \u00e9 para todos os segmentos, do pequeno ao grande neg\u00f3cio.\u201d<\/em><\/p>\n<\/blockquote>\n<p data-start=\"1706\" data-end=\"2067\">Outro ponto de destaque foi a fala de representantes pol\u00edticos, que refor\u00e7aram a import\u00e2ncia da feira para posicionar Ub\u00e1 como <strong data-start=\"1833\" data-end=\"1886\">refer\u00eancia regional em neg\u00f3cios, educa\u00e7\u00e3o e sa\u00fade<\/strong>. Foi lembrado que a cidade j\u00e1 se tornou um polo importante no ensino superior e que o setor produtivo pode impulsionar ainda mais a economia local, com gera\u00e7\u00e3o de empregos e renda.<\/p>\n<p data-start=\"2069\" data-end=\"2137\">A programa\u00e7\u00e3o da <strong data-start=\"2086\" data-end=\"2122\">Feira Multi Setorial ACIUB\u00c1 2025<\/strong> vai incluir:<\/p>\n<ul data-start=\"2138\" data-end=\"2396\">\n<li data-start=\"2138\" data-end=\"2184\">\n<p data-start=\"2140\" data-end=\"2184\">Exposi\u00e7\u00e3o de empresas de diversos setores;<\/p>\n<\/li>\n<li data-start=\"2185\" data-end=\"2234\">\n<p data-start=\"2187\" data-end=\"2234\">Espa\u00e7os para startups, inova\u00e7\u00e3o e tecnologia;<\/p>\n<\/li>\n<li data-start=\"2235\" data-end=\"2289\">\n<p data-start=\"2237\" data-end=\"2289\">Rodadas de neg\u00f3cios e oportunidades de networking;<\/p>\n<\/li>\n<li data-start=\"2290\" data-end=\"2349\">\n<p data-start=\"2292\" data-end=\"2349\">\u00c1rea reservada para artes\u00e3os e pequenos empreendedores;<\/p>\n<\/li>\n<li data-start=\"2350\" data-end=\"2396\">\n<p data-start=\"2352\" data-end=\"2396\">Palestras, workshops e atra\u00e7\u00f5es culturais.<\/p>\n<\/li>\n<\/ul>\n<p data-start=\"2398\" data-end=\"2607\">Mais do que um evento de neg\u00f3cios, a feira nasce com a proposta de <strong data-start=\"2465\" data-end=\"2518\">integrar diferentes segmentos da economia ubaense<\/strong>, valorizando tanto os grandes investimentos quanto as iniciativas de base comunit\u00e1ria.<\/p>\n<p data-start=\"2609\" data-end=\"2678\">O esp\u00edrito de uni\u00e3o tamb\u00e9m foi ressaltado por lideran\u00e7as presentes:<\/p>\n<blockquote data-start=\"2679\" data-end=\"2845\">\n<p data-start=\"2681\" data-end=\"2845\"><em data-start=\"2681\" data-end=\"2843\">\u201c\u00c9 hora de somarmos for\u00e7as, independentemente de ideologias, para construir algo maior para nossa cidade. A Feira j\u00e1 nasceu grande e vai crescer junto com Ub\u00e1.\u201d<\/em><\/p>\n<\/blockquote>\n<p data-start=\"2847\" data-end=\"3028\">Com essa vis\u00e3o, a ACIUB\u00c1 e seus parceiros convidam empres\u00e1rios, empreendedores e toda a comunidade a participar dessa iniciativa que promete marcar a hist\u00f3ria econ\u00f4mica da cidade.<\/p>\n<p data-start=\"3030\" data-end=\"3215\">&#x1f4c5; <strong data-start=\"3033\" data-end=\"3047\">Agende-se:<\/strong> Feira Multi Setorial ACIUB\u00c1 \u2013 5 a 9 de novembro de 2025 \u2013 Parque de Exposi\u00e7\u00f5es de Ub\u00e1.<br data-start=\"3134\" data-end=\"3137\" \/>&#x1f517; Confira a cobertura completa no portal <em data-start=\"3179\" data-end=\"3188\">UbaNews<\/em> e no canal <em data-start=\"3200\" data-end=\"3212\">Fala Sodr\u00e9<\/em>.<\/p>\n<p><iframe title=\"Fala Sodr\u00e9: mostra detalhes do coquetel de lan\u00e7amento da Feira Multissensorial promo\u00e7\u00e3o ACIUB\u00c1\" width=\"840\" height=\"473\" data-src=\"https:\/\/www.youtube.com\/embed\/QSWdBRARX3o?feature=oembed\" frameborder=\"0\" allow=\"accelerometer; autoplay; clipboard-write; encrypted-media; gyroscope; picture-in-picture; web-share\" referrerpolicy=\"strict-origin-when-cross-origin\" allowfullscreen src=\"data:image\/svg+xml;base64,PHN2ZyB3aWR0aD0iMSIgaGVpZ2h0PSIxIiB4bWxucz0iaHR0cDovL3d3dy53My5vcmcvMjAwMC9zdmciPjwvc3ZnPg==\" class=\"lazyload\" data-load-mode=\"1\"><\/iframe><\/p>\n","protected":false},"excerpt":{"rendered":"<p>Feira Multi Setorial ACIUB\u00c1 \u00e9 lan\u00e7ada em Ub\u00e1 e promete<\/p>\n","protected":false},"author":4,"featured_media":22926,"comment_status":"open","ping_status":"open","sticky":false,"template":"","format":"standard","meta":{"footnotes":""},"categories":[1,3],"tags":[57,82,83],"class_list":["post-22925","post","type-post","status-publish","format-standard","has-post-thumbnail","hentry","category-sem-categoria","category-slide","tag-aciuba","tag-feira","tag-feira-multi-setorial"],"yoast_head":"<!-- This site is optimized with the Yoast SEO plugin v27.2 - https:\/\/yoast.com\/product\/yoast-seo-wordpress\/ -->\n<title>Feira Multi Setorial ACIUB\u00c1 - Ub\u00e1 News<\/title>\n<meta name=\"description\" content=\"Feira Multi Setorial ACIUB\u00c1: inova\u00e7\u00e3o, com\u00e9rcio local e oportunidades de networking em Ub\u00e1. Um evento que conecta empresas e pessoas.\" \/>\n<meta name=\"robots\" content=\"index, follow, max-snippet:-1, max-image-preview:large, max-video-preview:-1\" \/>\n<link rel=\"canonical\" href=\"https:\/\/ubanews.com\/site\/2025\/09\/15\/feira-multi-setorial-aciuba-2025\/\" \/>\n<meta property=\"og:locale\" content=\"pt_BR\" \/>\n<meta property=\"og:type\" content=\"article\" \/>\n<meta property=\"og:title\" content=\"Feira Multi Setorial ACIUB\u00c1 - Ub\u00e1 News\" \/>\n<meta property=\"og:description\" content=\"Feira Multi Setorial ACIUB\u00c1: inova\u00e7\u00e3o, com\u00e9rcio local e oportunidades de networking em Ub\u00e1. Um evento que conecta empresas e pessoas.\" \/>\n<meta property=\"og:url\" content=\"https:\/\/ubanews.com\/site\/2025\/09\/15\/feira-multi-setorial-aciuba-2025\/\" \/>\n<meta property=\"og:site_name\" content=\"Ub\u00e1 News\" \/>\n<meta property=\"article:publisher\" content=\"https:\/\/www.facebook.com\/Ub%c3%a1News-Carlos-Roberto-Sodr%c3%a9-418778301977370\" \/>\n<meta property=\"article:published_time\" content=\"2025-09-15T15:39:48+00:00\" \/>\n<meta property=\"article:modified_time\" content=\"2025-09-15T16:40:33+00:00\" \/>\n<meta property=\"og:image\" content=\"https:\/\/ubanews.com\/site\/wp-content\/uploads\/2025\/09\/Feira-Multi-Setorial-Aciuba.jpg\" \/>\n\t<meta property=\"og:image:width\" content=\"1438\" \/>\n\t<meta property=\"og:image:height\" content=\"505\" \/>\n\t<meta property=\"og:image:type\" content=\"image\/jpeg\" \/>\n<meta name=\"author\" content=\"Carlos Roberto Sodr\u00e9\" \/>\n<meta name=\"twitter:card\" content=\"summary_large_image\" \/>\n<meta name=\"twitter:label1\" content=\"Escrito por\" \/>\n\t<meta name=\"twitter:data1\" content=\"Carlos Roberto Sodr\u00e9\" \/>\n\t<meta name=\"twitter:label2\" content=\"Est. tempo de leitura\" \/>\n\t<meta name=\"twitter:data2\" content=\"3 minutos\" \/>\n<script type=\"application\/ld+json\" class=\"yoast-schema-graph\">{\"@context\":\"https:\/\/schema.org\",\"@graph\":[{\"@type\":\"Article\",\"@id\":\"https:\/\/ubanews.com\/site\/2025\/09\/15\/feira-multi-setorial-aciuba-2025\/#article\",\"isPartOf\":{\"@id\":\"https:\/\/ubanews.com\/site\/2025\/09\/15\/feira-multi-setorial-aciuba-2025\/\"},\"author\":{\"name\":\"Carlos Roberto Sodr\u00e9\",\"@id\":\"https:\/\/ubanews.com\/site\/#\/schema\/person\/9d8da9ec3c8d00640ab6e8c81e103310\"},\"headline\":\"Feira Multi Setorial ACIUB\u00c1\",\"datePublished\":\"2025-09-15T15:39:48+00:00\",\"dateModified\":\"2025-09-15T16:40:33+00:00\",\"mainEntityOfPage\":{\"@id\":\"https:\/\/ubanews.com\/site\/2025\/09\/15\/feira-multi-setorial-aciuba-2025\/\"},\"wordCount\":525,\"commentCount\":0,\"publisher\":{\"@id\":\"https:\/\/ubanews.com\/site\/#organization\"},\"image\":{\"@id\":\"https:\/\/ubanews.com\/site\/2025\/09\/15\/feira-multi-setorial-aciuba-2025\/#primaryimage\"},\"thumbnailUrl\":\"https:\/\/ubanews.com\/site\/wp-content\/uploads\/2025\/09\/Feira-Multi-Setorial-Aciuba.jpg\",\"keywords\":[\"ACIUB\u00c1\",\"Feira\",\"Feira Multi Setorial\"],\"articleSection\":[\"Geral\",\"Slide\"],\"inLanguage\":\"pt-BR\",\"potentialAction\":[{\"@type\":\"CommentAction\",\"name\":\"Comment\",\"target\":[\"https:\/\/ubanews.com\/site\/2025\/09\/15\/feira-multi-setorial-aciuba-2025\/#respond\"]}]},{\"@type\":\"WebPage\",\"@id\":\"https:\/\/ubanews.com\/site\/2025\/09\/15\/feira-multi-setorial-aciuba-2025\/\",\"url\":\"https:\/\/ubanews.com\/site\/2025\/09\/15\/feira-multi-setorial-aciuba-2025\/\",\"name\":\"Feira Multi Setorial ACIUB\u00c1 - Ub\u00e1 News\",\"isPartOf\":{\"@id\":\"https:\/\/ubanews.com\/site\/#website\"},\"primaryImageOfPage\":{\"@id\":\"https:\/\/ubanews.com\/site\/2025\/09\/15\/feira-multi-setorial-aciuba-2025\/#primaryimage\"},\"image\":{\"@id\":\"https:\/\/ubanews.com\/site\/2025\/09\/15\/feira-multi-setorial-aciuba-2025\/#primaryimage\"},\"thumbnailUrl\":\"https:\/\/ubanews.com\/site\/wp-content\/uploads\/2025\/09\/Feira-Multi-Setorial-Aciuba.jpg\",\"datePublished\":\"2025-09-15T15:39:48+00:00\",\"dateModified\":\"2025-09-15T16:40:33+00:00\",\"description\":\"Feira Multi Setorial ACIUB\u00c1: inova\u00e7\u00e3o, com\u00e9rcio local e oportunidades de networking em Ub\u00e1. Um evento que conecta empresas e pessoas.\",\"breadcrumb\":{\"@id\":\"https:\/\/ubanews.com\/site\/2025\/09\/15\/feira-multi-setorial-aciuba-2025\/#breadcrumb\"},\"inLanguage\":\"pt-BR\",\"potentialAction\":[{\"@type\":\"ReadAction\",\"target\":[\"https:\/\/ubanews.com\/site\/2025\/09\/15\/feira-multi-setorial-aciuba-2025\/\"]}]},{\"@type\":\"ImageObject\",\"inLanguage\":\"pt-BR\",\"@id\":\"https:\/\/ubanews.com\/site\/2025\/09\/15\/feira-multi-setorial-aciuba-2025\/#primaryimage\",\"url\":\"https:\/\/ubanews.com\/site\/wp-content\/uploads\/2025\/09\/Feira-Multi-Setorial-Aciuba.jpg\",\"contentUrl\":\"https:\/\/ubanews.com\/site\/wp-content\/uploads\/2025\/09\/Feira-Multi-Setorial-Aciuba.jpg\",\"width\":1438,\"height\":505,\"caption\":\"Feira Multi Setorial Aciub\u00e1\"},{\"@type\":\"BreadcrumbList\",\"@id\":\"https:\/\/ubanews.com\/site\/2025\/09\/15\/feira-multi-setorial-aciuba-2025\/#breadcrumb\",\"itemListElement\":[{\"@type\":\"ListItem\",\"position\":1,\"name\":\"Home\",\"item\":\"https:\/\/ubanews.com\/site\/\"},{\"@type\":\"ListItem\",\"position\":2,\"name\":\"Feira Multi Setorial ACIUB\u00c1\"}]},{\"@type\":\"WebSite\",\"@id\":\"https:\/\/ubanews.com\/site\/#website\",\"url\":\"https:\/\/ubanews.com\/site\/\",\"name\":\"Ub\u00e1 News\",\"description\":\"\",\"publisher\":{\"@id\":\"https:\/\/ubanews.com\/site\/#organization\"},\"potentialAction\":[{\"@type\":\"SearchAction\",\"target\":{\"@type\":\"EntryPoint\",\"urlTemplate\":\"https:\/\/ubanews.com\/site\/?s={search_term_string}\"},\"query-input\":{\"@type\":\"PropertyValueSpecification\",\"valueRequired\":true,\"valueName\":\"search_term_string\"}}],\"inLanguage\":\"pt-BR\"},{\"@type\":\"Organization\",\"@id\":\"https:\/\/ubanews.com\/site\/#organization\",\"name\":\"Ub\u00e1 News\",\"url\":\"https:\/\/ubanews.com\/site\/\",\"logo\":{\"@type\":\"ImageObject\",\"inLanguage\":\"pt-BR\",\"@id\":\"https:\/\/ubanews.com\/site\/#\/schema\/logo\/image\/\",\"url\":\"https:\/\/ubanews.com\/site\/wp-content\/uploads\/2018\/01\/logoubanews.png\",\"contentUrl\":\"https:\/\/ubanews.com\/site\/wp-content\/uploads\/2018\/01\/logoubanews.png\",\"width\":261,\"height\":99,\"caption\":\"Ub\u00e1 News\"},\"image\":{\"@id\":\"https:\/\/ubanews.com\/site\/#\/schema\/logo\/image\/\"},\"sameAs\":[\"https:\/\/www.facebook.com\/Ub\u00e1News-Carlos-Roberto-Sodr\u00e9-418778301977370\"]},{\"@type\":\"Person\",\"@id\":\"https:\/\/ubanews.com\/site\/#\/schema\/person\/9d8da9ec3c8d00640ab6e8c81e103310\",\"name\":\"Carlos Roberto Sodr\u00e9\",\"image\":{\"@type\":\"ImageObject\",\"inLanguage\":\"pt-BR\",\"@id\":\"https:\/\/secure.gravatar.com\/avatar\/aab322e8555b56c468614fafdab8a8f924e394cdc6cfd8232f77e9e4d123a133?s=96&d=mm&r=g\",\"url\":\"https:\/\/secure.gravatar.com\/avatar\/aab322e8555b56c468614fafdab8a8f924e394cdc6cfd8232f77e9e4d123a133?s=96&d=mm&r=g\",\"contentUrl\":\"https:\/\/secure.gravatar.com\/avatar\/aab322e8555b56c468614fafdab8a8f924e394cdc6cfd8232f77e9e4d123a133?s=96&d=mm&r=g\",\"caption\":\"Carlos Roberto Sodr\u00e9\"},\"url\":\"https:\/\/ubanews.com\/site\/author\/sodre\/\"}]}<\/script>\n<!-- \/ Yoast SEO plugin. -->","yoast_head_json":{"title":"Feira Multi Setorial ACIUB\u00c1 - Ub\u00e1 News","description":"Feira Multi Setorial ACIUB\u00c1: inova\u00e7\u00e3o, com\u00e9rcio local e oportunidades de networking em Ub\u00e1. Um evento que conecta empresas e pessoas.","robots":{"index":"index","follow":"follow","max-snippet":"max-snippet:-1","max-image-preview":"max-image-preview:large","max-video-preview":"max-video-preview:-1"},"canonical":"https:\/\/ubanews.com\/site\/2025\/09\/15\/feira-multi-setorial-aciuba-2025\/","og_locale":"pt_BR","og_type":"article","og_title":"Feira Multi Setorial ACIUB\u00c1 - Ub\u00e1 News","og_description":"Feira Multi Setorial ACIUB\u00c1: inova\u00e7\u00e3o, com\u00e9rcio local e oportunidades de networking em Ub\u00e1. Um evento que conecta empresas e pessoas.","og_url":"https:\/\/ubanews.com\/site\/2025\/09\/15\/feira-multi-setorial-aciuba-2025\/","og_site_name":"Ub\u00e1 News","article_publisher":"https:\/\/www.facebook.com\/Ub%c3%a1News-Carlos-Roberto-Sodr%c3%a9-418778301977370","article_published_time":"2025-09-15T15:39:48+00:00","article_modified_time":"2025-09-15T16:40:33+00:00","og_image":[{"width":1438,"height":505,"url":"https:\/\/ubanews.com\/site\/wp-content\/uploads\/2025\/09\/Feira-Multi-Setorial-Aciuba.jpg","type":"image\/jpeg"}],"author":"Carlos Roberto Sodr\u00e9","twitter_card":"summary_large_image","twitter_misc":{"Escrito por":"Carlos Roberto Sodr\u00e9","Est. tempo de leitura":"3 minutos"},"schema":{"@context":"https:\/\/schema.org","@graph":[{"@type":"Article","@id":"https:\/\/ubanews.com\/site\/2025\/09\/15\/feira-multi-setorial-aciuba-2025\/#article","isPartOf":{"@id":"https:\/\/ubanews.com\/site\/2025\/09\/15\/feira-multi-setorial-aciuba-2025\/"},"author":{"name":"Carlos Roberto Sodr\u00e9","@id":"https:\/\/ubanews.com\/site\/#\/schema\/person\/9d8da9ec3c8d00640ab6e8c81e103310"},"headline":"Feira Multi Setorial ACIUB\u00c1","datePublished":"2025-09-15T15:39:48+00:00","dateModified":"2025-09-15T16:40:33+00:00","mainEntityOfPage":{"@id":"https:\/\/ubanews.com\/site\/2025\/09\/15\/feira-multi-setorial-aciuba-2025\/"},"wordCount":525,"commentCount":0,"publisher":{"@id":"https:\/\/ubanews.com\/site\/#organization"},"image":{"@id":"https:\/\/ubanews.com\/site\/2025\/09\/15\/feira-multi-setorial-aciuba-2025\/#primaryimage"},"thumbnailUrl":"https:\/\/ubanews.com\/site\/wp-content\/uploads\/2025\/09\/Feira-Multi-Setorial-Aciuba.jpg","keywords":["ACIUB\u00c1","Feira","Feira Multi Setorial"],"articleSection":["Geral","Slide"],"inLanguage":"pt-BR","potentialAction":[{"@type":"CommentAction","name":"Comment","target":["https:\/\/ubanews.com\/site\/2025\/09\/15\/feira-multi-setorial-aciuba-2025\/#respond"]}]},{"@type":"WebPage","@id":"https:\/\/ubanews.com\/site\/2025\/09\/15\/feira-multi-setorial-aciuba-2025\/","url":"https:\/\/ubanews.com\/site\/2025\/09\/15\/feira-multi-setorial-aciuba-2025\/","name":"Feira Multi Setorial ACIUB\u00c1 - Ub\u00e1 News","isPartOf":{"@id":"https:\/\/ubanews.com\/site\/#website"},"primaryImageOfPage":{"@id":"https:\/\/ubanews.com\/site\/2025\/09\/15\/feira-multi-setorial-aciuba-2025\/#primaryimage"},"image":{"@id":"https:\/\/ubanews.com\/site\/2025\/09\/15\/feira-multi-setorial-aciuba-2025\/#primaryimage"},"thumbnailUrl":"https:\/\/ubanews.com\/site\/wp-content\/uploads\/2025\/09\/Feira-Multi-Setorial-Aciuba.jpg","datePublished":"2025-09-15T15:39:48+00:00","dateModified":"2025-09-15T16:40:33+00:00","description":"Feira Multi Setorial ACIUB\u00c1: inova\u00e7\u00e3o, com\u00e9rcio local e oportunidades de networking em Ub\u00e1. Um evento que conecta empresas e pessoas.","breadcrumb":{"@id":"https:\/\/ubanews.com\/site\/2025\/09\/15\/feira-multi-setorial-aciuba-2025\/#breadcrumb"},"inLanguage":"pt-BR","potentialAction":[{"@type":"ReadAction","target":["https:\/\/ubanews.com\/site\/2025\/09\/15\/feira-multi-setorial-aciuba-2025\/"]}]},{"@type":"ImageObject","inLanguage":"pt-BR","@id":"https:\/\/ubanews.com\/site\/2025\/09\/15\/feira-multi-setorial-aciuba-2025\/#primaryimage","url":"https:\/\/ubanews.com\/site\/wp-content\/uploads\/2025\/09\/Feira-Multi-Setorial-Aciuba.jpg","contentUrl":"https:\/\/ubanews.com\/site\/wp-content\/uploads\/2025\/09\/Feira-Multi-Setorial-Aciuba.jpg","width":1438,"height":505,"caption":"Feira Multi Setorial Aciub\u00e1"},{"@type":"BreadcrumbList","@id":"https:\/\/ubanews.com\/site\/2025\/09\/15\/feira-multi-setorial-aciuba-2025\/#breadcrumb","itemListElement":[{"@type":"ListItem","position":1,"name":"Home","item":"https:\/\/ubanews.com\/site\/"},{"@type":"ListItem","position":2,"name":"Feira Multi Setorial ACIUB\u00c1"}]},{"@type":"WebSite","@id":"https:\/\/ubanews.com\/site\/#website","url":"https:\/\/ubanews.com\/site\/","name":"Ub\u00e1 News","description":"","publisher":{"@id":"https:\/\/ubanews.com\/site\/#organization"},"potentialAction":[{"@type":"SearchAction","target":{"@type":"EntryPoint","urlTemplate":"https:\/\/ubanews.com\/site\/?s={search_term_string}"},"query-input":{"@type":"PropertyValueSpecification","valueRequired":true,"valueName":"search_term_string"}}],"inLanguage":"pt-BR"},{"@type":"Organization","@id":"https:\/\/ubanews.com\/site\/#organization","name":"Ub\u00e1 News","url":"https:\/\/ubanews.com\/site\/","logo":{"@type":"ImageObject","inLanguage":"pt-BR","@id":"https:\/\/ubanews.com\/site\/#\/schema\/logo\/image\/","url":"https:\/\/ubanews.com\/site\/wp-content\/uploads\/2018\/01\/logoubanews.png","contentUrl":"https:\/\/ubanews.com\/site\/wp-content\/uploads\/2018\/01\/logoubanews.png","width":261,"height":99,"caption":"Ub\u00e1 News"},"image":{"@id":"https:\/\/ubanews.com\/site\/#\/schema\/logo\/image\/"},"sameAs":["https:\/\/www.facebook.com\/Ub\u00e1News-Carlos-Roberto-Sodr\u00e9-418778301977370"]},{"@type":"Person","@id":"https:\/\/ubanews.com\/site\/#\/schema\/person\/9d8da9ec3c8d00640ab6e8c81e103310","name":"Carlos Roberto Sodr\u00e9","image":{"@type":"ImageObject","inLanguage":"pt-BR","@id":"https:\/\/secure.gravatar.com\/avatar\/aab322e8555b56c468614fafdab8a8f924e394cdc6cfd8232f77e9e4d123a133?s=96&d=mm&r=g","url":"https:\/\/secure.gravatar.com\/avatar\/aab322e8555b56c468614fafdab8a8f924e394cdc6cfd8232f77e9e4d123a133?s=96&d=mm&r=g","contentUrl":"https:\/\/secure.gravatar.com\/avatar\/aab322e8555b56c468614fafdab8a8f924e394cdc6cfd8232f77e9e4d123a133?s=96&d=mm&r=g","caption":"Carlos Roberto Sodr\u00e9"},"url":"https:\/\/ubanews.com\/site\/author\/sodre\/"}]}},"_links":{"self":[{"href":"https:\/\/ubanews.com\/site\/wp-json\/wp\/v2\/posts\/22925","targetHints":{"allow":["GET"]}}],"collection":[{"href":"https:\/\/ubanews.com\/site\/wp-json\/wp\/v2\/posts"}],"about":[{"href":"https:\/\/ubanews.com\/site\/wp-json\/wp\/v2\/types\/post"}],"author":[{"embeddable":true,"href":"https:\/\/ubanews.com\/site\/wp-json\/wp\/v2\/users\/4"}],"replies":[{"embeddable":true,"href":"https:\/\/ubanews.com\/site\/wp-json\/wp\/v2\/comments?post=22925"}],"version-history":[{"count":0,"href":"https:\/\/ubanews.com\/site\/wp-json\/wp\/v2\/posts\/22925\/revisions"}],"wp:featuredmedia":[{"embeddable":true,"href":"https:\/\/ubanews.com\/site\/wp-json\/wp\/v2\/media\/22926"}],"wp:attachment":[{"href":"https:\/\/ubanews.com\/site\/wp-json\/wp\/v2\/media?parent=22925"}],"wp:term":[{"taxonomy":"category","embeddable":true,"href":"https:\/\/ubanews.com\/site\/wp-json\/wp\/v2\/categories?post=22925"},{"taxonomy":"post_tag","embeddable":true,"href":"https:\/\/ubanews.com\/site\/wp-json\/wp\/v2\/tags?post=22925"}],"curies":[{"name":"wp","href":"https:\/\/api.w.org\/{rel}","templated":true}]}}