{"id":22902,"date":"2025-09-05T08:17:52","date_gmt":"2025-09-05T11:17:52","guid":{"rendered":"https:\/\/ubanews.com\/site\/?p=22902"},"modified":"2025-09-05T08:18:18","modified_gmt":"2025-09-05T11:18:18","slug":"fala-sodre-com-o-padre-marcio-ferreira","status":"publish","type":"post","link":"https:\/\/ubanews.com\/site\/2025\/09\/05\/fala-sodre-com-o-padre-marcio-ferreira\/","title":{"rendered":"Fala Sodr\u00e9 com o Padre M\u00e1rcio Ferreira"},"content":{"rendered":"<h2>&#x1f64f; Padre M\u00e1rcio Ferreira \u00e9 o novo p\u00e1roco da Par\u00f3quia S\u00e3o Janu\u00e1rio de Ub\u00e1<\/h2>\n<p>Fala Sodr\u00e9 com o Padre M\u00e1rcio Ferreira. Ub\u00e1 recebe com alegria o Padre M\u00e1rcio Ferreira, rec\u00e9m-nomeado p\u00e1roco da Par\u00f3quia S\u00e3o Janu\u00e1rio. Em entrevista especial ao Canal Fal\u00e1 Sodr\u00e9, conduzida por Ant\u00f4nio Carlos Piccinini, o sacerdote compartilhou sua trajet\u00f3ria, expectativas e o carinho com que foi acolhido pela comunidade ubaense.<\/p>\n<p><a href=\"https:\/\/www.instagram.com\/reel\/DOMWv26DmqV\/?utm_source=ig_web_copy_link&amp;igsh=MzRlODBiNWFlZA==\" target=\"_blank\" rel=\"noopener\"><img decoding=\"async\" class=\"aligncenter size-medium wp-image-22903 lazyload\" data-src=\"https:\/\/ubanews.com\/site\/wp-content\/uploads\/2025\/09\/Fala-Sodre-Padre-Marcio-da-Paroquia-Sao-Januario-de-Uba-MG-225x300.jpg\" alt=\"Fala Sodr\u00e9 - Padr\u00e9 M\u00e1rcio\" width=\"225\" height=\"300\" data-srcset=\"https:\/\/ubanews.com\/site\/wp-content\/uploads\/2025\/09\/Fala-Sodre-Padre-Marcio-da-Paroquia-Sao-Januario-de-Uba-MG-225x300.jpg 225w, https:\/\/ubanews.com\/site\/wp-content\/uploads\/2025\/09\/Fala-Sodre-Padre-Marcio-da-Paroquia-Sao-Januario-de-Uba-MG.jpg 381w\" data-sizes=\"(max-width: 225px) 100vw, 225px\" src=\"data:image\/svg+xml;base64,PHN2ZyB3aWR0aD0iMSIgaGVpZ2h0PSIxIiB4bWxucz0iaHR0cDovL3d3dy53My5vcmcvMjAwMC9zdmciPjwvc3ZnPg==\" style=\"--smush-placeholder-width: 225px; --smush-placeholder-aspect-ratio: 225\/300;\" \/><\/a><\/p>\n<h2>Fala Sodr\u00e9 com o Padre M\u00e1rcio Ferreira<\/h2>\n<p>Natural de Cataguases, Padre M\u00e1rcio traz consigo uma rica experi\u00eancia pastoral, tendo atuado em diversas cidades da regi\u00e3o, como Juiz de Fora e S\u00e3o Jo\u00e3o Nepomuceno. Com mais de 19 anos de sacerd\u00f3cio, ele destaca a import\u00e2ncia da escuta, da presen\u00e7a e do cuidado com os fi\u00e9is, valores que pretende cultivar em sua nova miss\u00e3o.<\/p>\n<p>Durante a conversa, o padre falou sobre sua chegada \u00e0 cidade, marcada por coincid\u00eancias simb\u00f3licas e pela acolhida calorosa dos paroquianos. Ele tamb\u00e9m apresentou a programa\u00e7\u00e3o da tradicional\u00a0<strong>Festa de S\u00e3o Janu\u00e1rio<\/strong>, que come\u00e7a no dia 11 de setembro e se estende por 11 dias, com missas, prociss\u00f5es e atividades sociais.<\/p>\n<blockquote><p>\u201cVenho com o cora\u00e7\u00e3o cheio de temor, mas tamb\u00e9m de confian\u00e7a. Sei da responsabilidade e da visibilidade que essa miss\u00e3o exige, mas estou aqui para servir com alegria e dedica\u00e7\u00e3o\u201d, afirmou Padre M\u00e1rcio.<\/p><\/blockquote>\n<p><a href=\"https:\/\/www.youtube.com\/live\/Skvv4NfTrj4?si=3d654ww3zQhfKvda\" target=\"_blank\" rel=\"noopener\"><img decoding=\"async\" class=\"aligncenter size-medium wp-image-22904 lazyload\" data-src=\"https:\/\/ubanews.com\/site\/wp-content\/uploads\/2025\/09\/Fala-Sodre-Padre-Marcio-da-Paroquia-Sao-Januario-de-Uba-MG-e-Antonio-Carlos-Piccinini-300x167.jpg\" alt=\"Fala Sodr\u00e9 - Padre M\u00e1rcio\" width=\"300\" height=\"167\" data-srcset=\"https:\/\/ubanews.com\/site\/wp-content\/uploads\/2025\/09\/Fala-Sodre-Padre-Marcio-da-Paroquia-Sao-Januario-de-Uba-MG-e-Antonio-Carlos-Piccinini-300x167.jpg 300w, https:\/\/ubanews.com\/site\/wp-content\/uploads\/2025\/09\/Fala-Sodre-Padre-Marcio-da-Paroquia-Sao-Januario-de-Uba-MG-e-Antonio-Carlos-Piccinini-600x335.jpg 600w, https:\/\/ubanews.com\/site\/wp-content\/uploads\/2025\/09\/Fala-Sodre-Padre-Marcio-da-Paroquia-Sao-Januario-de-Uba-MG-e-Antonio-Carlos-Piccinini-360x200.jpg 360w, https:\/\/ubanews.com\/site\/wp-content\/uploads\/2025\/09\/Fala-Sodre-Padre-Marcio-da-Paroquia-Sao-Januario-de-Uba-MG-e-Antonio-Carlos-Piccinini.jpg 603w\" data-sizes=\"(max-width: 300px) 100vw, 300px\" src=\"data:image\/svg+xml;base64,PHN2ZyB3aWR0aD0iMSIgaGVpZ2h0PSIxIiB4bWxucz0iaHR0cDovL3d3dy53My5vcmcvMjAwMC9zdmciPjwvc3ZnPg==\" style=\"--smush-placeholder-width: 300px; --smush-placeholder-aspect-ratio: 300\/167;\" \/><\/a><\/p>\n<p>A comunidade de Ub\u00e1 j\u00e1 demonstra entusiasmo com a presen\u00e7a do novo p\u00e1roco, que se mostra aberto ao di\u00e1logo e comprometido com a espiritualidade e o desenvolvimento humano. A Par\u00f3quia S\u00e3o Janu\u00e1rio inicia, assim, um novo cap\u00edtulo em sua hist\u00f3ria, guiada pela f\u00e9 e pela esperan\u00e7a.<\/p>\n<p>Seja bem-vindo, Padre M\u00e1rcio Ferreira! Que sua caminhada em Ub\u00e1 seja frut\u00edfera e aben\u00e7oada.<\/p>\n<p><iframe title=\"Fala Sodr\u00e9: com o padre M\u00e1rcio Ferreira que externa tudo sobre sua chegada na Igreja de S\u00e3o Janu\u00e1rio\" width=\"840\" height=\"473\" data-src=\"https:\/\/www.youtube.com\/embed\/Skvv4NfTrj4?feature=oembed\" frameborder=\"0\" allow=\"accelerometer; autoplay; clipboard-write; encrypted-media; gyroscope; picture-in-picture; web-share\" referrerpolicy=\"strict-origin-when-cross-origin\" allowfullscreen src=\"data:image\/svg+xml;base64,PHN2ZyB3aWR0aD0iMSIgaGVpZ2h0PSIxIiB4bWxucz0iaHR0cDovL3d3dy53My5vcmcvMjAwMC9zdmciPjwvc3ZnPg==\" class=\"lazyload\" data-load-mode=\"1\"><\/iframe><\/p>\n","protected":false},"excerpt":{"rendered":"<p>&#x1f64f; Padre M\u00e1rcio Ferreira \u00e9 o novo p\u00e1roco da Par\u00f3quia<\/p>\n","protected":false},"author":4,"featured_media":22904,"comment_status":"open","ping_status":"open","sticky":false,"template":"","format":"standard","meta":{"footnotes":""},"categories":[45,3],"tags":[],"class_list":["post-22902","post","type-post","status-publish","format-standard","has-post-thumbnail","hentry","category-destaque-principal","category-slide"],"yoast_head":"<!-- This site is optimized with the Yoast SEO plugin v27.2 - https:\/\/yoast.com\/product\/yoast-seo-wordpress\/ -->\n<title>Fala Sodr\u00e9 com o Padre M\u00e1rcio Ferreira - Ub\u00e1 News<\/title>\n<meta name=\"description\" content=\"Fala Sodr\u00e9 com o Padre M\u00e1rcio Ferreira. Conhe\u00e7a o Padre M\u00e1rcio Ferreira, novo p\u00e1roco da Par\u00f3quia S\u00e3o Janu\u00e1rio de Ub\u00e1.\" \/>\n<meta name=\"robots\" content=\"index, follow, max-snippet:-1, max-image-preview:large, max-video-preview:-1\" \/>\n<link rel=\"canonical\" href=\"https:\/\/ubanews.com\/site\/2025\/09\/05\/fala-sodre-com-o-padre-marcio-ferreira\/\" \/>\n<meta property=\"og:locale\" content=\"pt_BR\" \/>\n<meta property=\"og:type\" content=\"article\" \/>\n<meta property=\"og:title\" content=\"Fala Sodr\u00e9 com o Padre M\u00e1rcio Ferreira - Ub\u00e1 News\" \/>\n<meta property=\"og:description\" content=\"Fala Sodr\u00e9 com o Padre M\u00e1rcio Ferreira. Conhe\u00e7a o Padre M\u00e1rcio Ferreira, novo p\u00e1roco da Par\u00f3quia S\u00e3o Janu\u00e1rio de Ub\u00e1.\" \/>\n<meta property=\"og:url\" content=\"https:\/\/ubanews.com\/site\/2025\/09\/05\/fala-sodre-com-o-padre-marcio-ferreira\/\" \/>\n<meta property=\"og:site_name\" content=\"Ub\u00e1 News\" \/>\n<meta property=\"article:publisher\" content=\"https:\/\/www.facebook.com\/Ub%c3%a1News-Carlos-Roberto-Sodr%c3%a9-418778301977370\" \/>\n<meta property=\"article:published_time\" content=\"2025-09-05T11:17:52+00:00\" \/>\n<meta property=\"article:modified_time\" content=\"2025-09-05T11:18:18+00:00\" \/>\n<meta property=\"og:image\" content=\"https:\/\/ubanews.com\/site\/wp-content\/uploads\/2025\/09\/Fala-Sodre-Padre-Marcio-da-Paroquia-Sao-Januario-de-Uba-MG-e-Antonio-Carlos-Piccinini.jpg\" \/>\n\t<meta property=\"og:image:width\" content=\"603\" \/>\n\t<meta property=\"og:image:height\" content=\"335\" \/>\n\t<meta property=\"og:image:type\" content=\"image\/jpeg\" \/>\n<meta name=\"author\" content=\"Carlos Roberto Sodr\u00e9\" \/>\n<meta name=\"twitter:card\" content=\"summary_large_image\" \/>\n<meta name=\"twitter:label1\" content=\"Escrito por\" \/>\n\t<meta name=\"twitter:data1\" content=\"Carlos Roberto Sodr\u00e9\" \/>\n\t<meta name=\"twitter:label2\" content=\"Est. tempo de leitura\" \/>\n\t<meta name=\"twitter:data2\" content=\"2 minutos\" \/>\n<script type=\"application\/ld+json\" class=\"yoast-schema-graph\">{\"@context\":\"https:\/\/schema.org\",\"@graph\":[{\"@type\":\"Article\",\"@id\":\"https:\/\/ubanews.com\/site\/2025\/09\/05\/fala-sodre-com-o-padre-marcio-ferreira\/#article\",\"isPartOf\":{\"@id\":\"https:\/\/ubanews.com\/site\/2025\/09\/05\/fala-sodre-com-o-padre-marcio-ferreira\/\"},\"author\":{\"name\":\"Carlos Roberto Sodr\u00e9\",\"@id\":\"https:\/\/ubanews.com\/site\/#\/schema\/person\/9d8da9ec3c8d00640ab6e8c81e103310\"},\"headline\":\"Fala Sodr\u00e9 com o Padre M\u00e1rcio Ferreira\",\"datePublished\":\"2025-09-05T11:17:52+00:00\",\"dateModified\":\"2025-09-05T11:18:18+00:00\",\"mainEntityOfPage\":{\"@id\":\"https:\/\/ubanews.com\/site\/2025\/09\/05\/fala-sodre-com-o-padre-marcio-ferreira\/\"},\"wordCount\":336,\"commentCount\":0,\"publisher\":{\"@id\":\"https:\/\/ubanews.com\/site\/#organization\"},\"image\":{\"@id\":\"https:\/\/ubanews.com\/site\/2025\/09\/05\/fala-sodre-com-o-padre-marcio-ferreira\/#primaryimage\"},\"thumbnailUrl\":\"https:\/\/ubanews.com\/site\/wp-content\/uploads\/2025\/09\/Fala-Sodre-Padre-Marcio-da-Paroquia-Sao-Januario-de-Uba-MG-e-Antonio-Carlos-Piccinini.jpg\",\"articleSection\":[\"DESTAQUE PRINCIPAL\",\"Slide\"],\"inLanguage\":\"pt-BR\",\"potentialAction\":[{\"@type\":\"CommentAction\",\"name\":\"Comment\",\"target\":[\"https:\/\/ubanews.com\/site\/2025\/09\/05\/fala-sodre-com-o-padre-marcio-ferreira\/#respond\"]}]},{\"@type\":\"WebPage\",\"@id\":\"https:\/\/ubanews.com\/site\/2025\/09\/05\/fala-sodre-com-o-padre-marcio-ferreira\/\",\"url\":\"https:\/\/ubanews.com\/site\/2025\/09\/05\/fala-sodre-com-o-padre-marcio-ferreira\/\",\"name\":\"Fala Sodr\u00e9 com o Padre M\u00e1rcio Ferreira - Ub\u00e1 News\",\"isPartOf\":{\"@id\":\"https:\/\/ubanews.com\/site\/#website\"},\"primaryImageOfPage\":{\"@id\":\"https:\/\/ubanews.com\/site\/2025\/09\/05\/fala-sodre-com-o-padre-marcio-ferreira\/#primaryimage\"},\"image\":{\"@id\":\"https:\/\/ubanews.com\/site\/2025\/09\/05\/fala-sodre-com-o-padre-marcio-ferreira\/#primaryimage\"},\"thumbnailUrl\":\"https:\/\/ubanews.com\/site\/wp-content\/uploads\/2025\/09\/Fala-Sodre-Padre-Marcio-da-Paroquia-Sao-Januario-de-Uba-MG-e-Antonio-Carlos-Piccinini.jpg\",\"datePublished\":\"2025-09-05T11:17:52+00:00\",\"dateModified\":\"2025-09-05T11:18:18+00:00\",\"description\":\"Fala Sodr\u00e9 com o Padre M\u00e1rcio Ferreira. Conhe\u00e7a o Padre M\u00e1rcio Ferreira, novo p\u00e1roco da Par\u00f3quia S\u00e3o Janu\u00e1rio de Ub\u00e1.\",\"breadcrumb\":{\"@id\":\"https:\/\/ubanews.com\/site\/2025\/09\/05\/fala-sodre-com-o-padre-marcio-ferreira\/#breadcrumb\"},\"inLanguage\":\"pt-BR\",\"potentialAction\":[{\"@type\":\"ReadAction\",\"target\":[\"https:\/\/ubanews.com\/site\/2025\/09\/05\/fala-sodre-com-o-padre-marcio-ferreira\/\"]}]},{\"@type\":\"ImageObject\",\"inLanguage\":\"pt-BR\",\"@id\":\"https:\/\/ubanews.com\/site\/2025\/09\/05\/fala-sodre-com-o-padre-marcio-ferreira\/#primaryimage\",\"url\":\"https:\/\/ubanews.com\/site\/wp-content\/uploads\/2025\/09\/Fala-Sodre-Padre-Marcio-da-Paroquia-Sao-Januario-de-Uba-MG-e-Antonio-Carlos-Piccinini.jpg\",\"contentUrl\":\"https:\/\/ubanews.com\/site\/wp-content\/uploads\/2025\/09\/Fala-Sodre-Padre-Marcio-da-Paroquia-Sao-Januario-de-Uba-MG-e-Antonio-Carlos-Piccinini.jpg\",\"width\":603,\"height\":335,\"caption\":\"Fala Sodr\u00e9 - Padre M\u00e1rcio\"},{\"@type\":\"BreadcrumbList\",\"@id\":\"https:\/\/ubanews.com\/site\/2025\/09\/05\/fala-sodre-com-o-padre-marcio-ferreira\/#breadcrumb\",\"itemListElement\":[{\"@type\":\"ListItem\",\"position\":1,\"name\":\"Home\",\"item\":\"https:\/\/ubanews.com\/site\/\"},{\"@type\":\"ListItem\",\"position\":2,\"name\":\"Fala Sodr\u00e9 com o Padre M\u00e1rcio Ferreira\"}]},{\"@type\":\"WebSite\",\"@id\":\"https:\/\/ubanews.com\/site\/#website\",\"url\":\"https:\/\/ubanews.com\/site\/\",\"name\":\"Ub\u00e1 News\",\"description\":\"\",\"publisher\":{\"@id\":\"https:\/\/ubanews.com\/site\/#organization\"},\"potentialAction\":[{\"@type\":\"SearchAction\",\"target\":{\"@type\":\"EntryPoint\",\"urlTemplate\":\"https:\/\/ubanews.com\/site\/?s={search_term_string}\"},\"query-input\":{\"@type\":\"PropertyValueSpecification\",\"valueRequired\":true,\"valueName\":\"search_term_string\"}}],\"inLanguage\":\"pt-BR\"},{\"@type\":\"Organization\",\"@id\":\"https:\/\/ubanews.com\/site\/#organization\",\"name\":\"Ub\u00e1 News\",\"url\":\"https:\/\/ubanews.com\/site\/\",\"logo\":{\"@type\":\"ImageObject\",\"inLanguage\":\"pt-BR\",\"@id\":\"https:\/\/ubanews.com\/site\/#\/schema\/logo\/image\/\",\"url\":\"https:\/\/ubanews.com\/site\/wp-content\/uploads\/2018\/01\/logoubanews.png\",\"contentUrl\":\"https:\/\/ubanews.com\/site\/wp-content\/uploads\/2018\/01\/logoubanews.png\",\"width\":261,\"height\":99,\"caption\":\"Ub\u00e1 News\"},\"image\":{\"@id\":\"https:\/\/ubanews.com\/site\/#\/schema\/logo\/image\/\"},\"sameAs\":[\"https:\/\/www.facebook.com\/Ub\u00e1News-Carlos-Roberto-Sodr\u00e9-418778301977370\"]},{\"@type\":\"Person\",\"@id\":\"https:\/\/ubanews.com\/site\/#\/schema\/person\/9d8da9ec3c8d00640ab6e8c81e103310\",\"name\":\"Carlos Roberto Sodr\u00e9\",\"image\":{\"@type\":\"ImageObject\",\"inLanguage\":\"pt-BR\",\"@id\":\"https:\/\/secure.gravatar.com\/avatar\/aab322e8555b56c468614fafdab8a8f924e394cdc6cfd8232f77e9e4d123a133?s=96&d=mm&r=g\",\"url\":\"https:\/\/secure.gravatar.com\/avatar\/aab322e8555b56c468614fafdab8a8f924e394cdc6cfd8232f77e9e4d123a133?s=96&d=mm&r=g\",\"contentUrl\":\"https:\/\/secure.gravatar.com\/avatar\/aab322e8555b56c468614fafdab8a8f924e394cdc6cfd8232f77e9e4d123a133?s=96&d=mm&r=g\",\"caption\":\"Carlos Roberto Sodr\u00e9\"},\"url\":\"https:\/\/ubanews.com\/site\/author\/sodre\/\"}]}<\/script>\n<!-- \/ Yoast SEO plugin. -->","yoast_head_json":{"title":"Fala Sodr\u00e9 com o Padre M\u00e1rcio Ferreira - Ub\u00e1 News","description":"Fala Sodr\u00e9 com o Padre M\u00e1rcio Ferreira. Conhe\u00e7a o Padre M\u00e1rcio Ferreira, novo p\u00e1roco da Par\u00f3quia S\u00e3o Janu\u00e1rio de Ub\u00e1.","robots":{"index":"index","follow":"follow","max-snippet":"max-snippet:-1","max-image-preview":"max-image-preview:large","max-video-preview":"max-video-preview:-1"},"canonical":"https:\/\/ubanews.com\/site\/2025\/09\/05\/fala-sodre-com-o-padre-marcio-ferreira\/","og_locale":"pt_BR","og_type":"article","og_title":"Fala Sodr\u00e9 com o Padre M\u00e1rcio Ferreira - Ub\u00e1 News","og_description":"Fala Sodr\u00e9 com o Padre M\u00e1rcio Ferreira. Conhe\u00e7a o Padre M\u00e1rcio Ferreira, novo p\u00e1roco da Par\u00f3quia S\u00e3o Janu\u00e1rio de Ub\u00e1.","og_url":"https:\/\/ubanews.com\/site\/2025\/09\/05\/fala-sodre-com-o-padre-marcio-ferreira\/","og_site_name":"Ub\u00e1 News","article_publisher":"https:\/\/www.facebook.com\/Ub%c3%a1News-Carlos-Roberto-Sodr%c3%a9-418778301977370","article_published_time":"2025-09-05T11:17:52+00:00","article_modified_time":"2025-09-05T11:18:18+00:00","og_image":[{"width":603,"height":335,"url":"https:\/\/ubanews.com\/site\/wp-content\/uploads\/2025\/09\/Fala-Sodre-Padre-Marcio-da-Paroquia-Sao-Januario-de-Uba-MG-e-Antonio-Carlos-Piccinini.jpg","type":"image\/jpeg"}],"author":"Carlos Roberto Sodr\u00e9","twitter_card":"summary_large_image","twitter_misc":{"Escrito por":"Carlos Roberto Sodr\u00e9","Est. tempo de leitura":"2 minutos"},"schema":{"@context":"https:\/\/schema.org","@graph":[{"@type":"Article","@id":"https:\/\/ubanews.com\/site\/2025\/09\/05\/fala-sodre-com-o-padre-marcio-ferreira\/#article","isPartOf":{"@id":"https:\/\/ubanews.com\/site\/2025\/09\/05\/fala-sodre-com-o-padre-marcio-ferreira\/"},"author":{"name":"Carlos Roberto Sodr\u00e9","@id":"https:\/\/ubanews.com\/site\/#\/schema\/person\/9d8da9ec3c8d00640ab6e8c81e103310"},"headline":"Fala Sodr\u00e9 com o Padre M\u00e1rcio Ferreira","datePublished":"2025-09-05T11:17:52+00:00","dateModified":"2025-09-05T11:18:18+00:00","mainEntityOfPage":{"@id":"https:\/\/ubanews.com\/site\/2025\/09\/05\/fala-sodre-com-o-padre-marcio-ferreira\/"},"wordCount":336,"commentCount":0,"publisher":{"@id":"https:\/\/ubanews.com\/site\/#organization"},"image":{"@id":"https:\/\/ubanews.com\/site\/2025\/09\/05\/fala-sodre-com-o-padre-marcio-ferreira\/#primaryimage"},"thumbnailUrl":"https:\/\/ubanews.com\/site\/wp-content\/uploads\/2025\/09\/Fala-Sodre-Padre-Marcio-da-Paroquia-Sao-Januario-de-Uba-MG-e-Antonio-Carlos-Piccinini.jpg","articleSection":["DESTAQUE PRINCIPAL","Slide"],"inLanguage":"pt-BR","potentialAction":[{"@type":"CommentAction","name":"Comment","target":["https:\/\/ubanews.com\/site\/2025\/09\/05\/fala-sodre-com-o-padre-marcio-ferreira\/#respond"]}]},{"@type":"WebPage","@id":"https:\/\/ubanews.com\/site\/2025\/09\/05\/fala-sodre-com-o-padre-marcio-ferreira\/","url":"https:\/\/ubanews.com\/site\/2025\/09\/05\/fala-sodre-com-o-padre-marcio-ferreira\/","name":"Fala Sodr\u00e9 com o Padre M\u00e1rcio Ferreira - Ub\u00e1 News","isPartOf":{"@id":"https:\/\/ubanews.com\/site\/#website"},"primaryImageOfPage":{"@id":"https:\/\/ubanews.com\/site\/2025\/09\/05\/fala-sodre-com-o-padre-marcio-ferreira\/#primaryimage"},"image":{"@id":"https:\/\/ubanews.com\/site\/2025\/09\/05\/fala-sodre-com-o-padre-marcio-ferreira\/#primaryimage"},"thumbnailUrl":"https:\/\/ubanews.com\/site\/wp-content\/uploads\/2025\/09\/Fala-Sodre-Padre-Marcio-da-Paroquia-Sao-Januario-de-Uba-MG-e-Antonio-Carlos-Piccinini.jpg","datePublished":"2025-09-05T11:17:52+00:00","dateModified":"2025-09-05T11:18:18+00:00","description":"Fala Sodr\u00e9 com o Padre M\u00e1rcio Ferreira. Conhe\u00e7a o Padre M\u00e1rcio Ferreira, novo p\u00e1roco da Par\u00f3quia S\u00e3o Janu\u00e1rio de Ub\u00e1.","breadcrumb":{"@id":"https:\/\/ubanews.com\/site\/2025\/09\/05\/fala-sodre-com-o-padre-marcio-ferreira\/#breadcrumb"},"inLanguage":"pt-BR","potentialAction":[{"@type":"ReadAction","target":["https:\/\/ubanews.com\/site\/2025\/09\/05\/fala-sodre-com-o-padre-marcio-ferreira\/"]}]},{"@type":"ImageObject","inLanguage":"pt-BR","@id":"https:\/\/ubanews.com\/site\/2025\/09\/05\/fala-sodre-com-o-padre-marcio-ferreira\/#primaryimage","url":"https:\/\/ubanews.com\/site\/wp-content\/uploads\/2025\/09\/Fala-Sodre-Padre-Marcio-da-Paroquia-Sao-Januario-de-Uba-MG-e-Antonio-Carlos-Piccinini.jpg","contentUrl":"https:\/\/ubanews.com\/site\/wp-content\/uploads\/2025\/09\/Fala-Sodre-Padre-Marcio-da-Paroquia-Sao-Januario-de-Uba-MG-e-Antonio-Carlos-Piccinini.jpg","width":603,"height":335,"caption":"Fala Sodr\u00e9 - Padre M\u00e1rcio"},{"@type":"BreadcrumbList","@id":"https:\/\/ubanews.com\/site\/2025\/09\/05\/fala-sodre-com-o-padre-marcio-ferreira\/#breadcrumb","itemListElement":[{"@type":"ListItem","position":1,"name":"Home","item":"https:\/\/ubanews.com\/site\/"},{"@type":"ListItem","position":2,"name":"Fala Sodr\u00e9 com o Padre M\u00e1rcio Ferreira"}]},{"@type":"WebSite","@id":"https:\/\/ubanews.com\/site\/#website","url":"https:\/\/ubanews.com\/site\/","name":"Ub\u00e1 News","description":"","publisher":{"@id":"https:\/\/ubanews.com\/site\/#organization"},"potentialAction":[{"@type":"SearchAction","target":{"@type":"EntryPoint","urlTemplate":"https:\/\/ubanews.com\/site\/?s={search_term_string}"},"query-input":{"@type":"PropertyValueSpecification","valueRequired":true,"valueName":"search_term_string"}}],"inLanguage":"pt-BR"},{"@type":"Organization","@id":"https:\/\/ubanews.com\/site\/#organization","name":"Ub\u00e1 News","url":"https:\/\/ubanews.com\/site\/","logo":{"@type":"ImageObject","inLanguage":"pt-BR","@id":"https:\/\/ubanews.com\/site\/#\/schema\/logo\/image\/","url":"https:\/\/ubanews.com\/site\/wp-content\/uploads\/2018\/01\/logoubanews.png","contentUrl":"https:\/\/ubanews.com\/site\/wp-content\/uploads\/2018\/01\/logoubanews.png","width":261,"height":99,"caption":"Ub\u00e1 News"},"image":{"@id":"https:\/\/ubanews.com\/site\/#\/schema\/logo\/image\/"},"sameAs":["https:\/\/www.facebook.com\/Ub\u00e1News-Carlos-Roberto-Sodr\u00e9-418778301977370"]},{"@type":"Person","@id":"https:\/\/ubanews.com\/site\/#\/schema\/person\/9d8da9ec3c8d00640ab6e8c81e103310","name":"Carlos Roberto Sodr\u00e9","image":{"@type":"ImageObject","inLanguage":"pt-BR","@id":"https:\/\/secure.gravatar.com\/avatar\/aab322e8555b56c468614fafdab8a8f924e394cdc6cfd8232f77e9e4d123a133?s=96&d=mm&r=g","url":"https:\/\/secure.gravatar.com\/avatar\/aab322e8555b56c468614fafdab8a8f924e394cdc6cfd8232f77e9e4d123a133?s=96&d=mm&r=g","contentUrl":"https:\/\/secure.gravatar.com\/avatar\/aab322e8555b56c468614fafdab8a8f924e394cdc6cfd8232f77e9e4d123a133?s=96&d=mm&r=g","caption":"Carlos Roberto Sodr\u00e9"},"url":"https:\/\/ubanews.com\/site\/author\/sodre\/"}]}},"_links":{"self":[{"href":"https:\/\/ubanews.com\/site\/wp-json\/wp\/v2\/posts\/22902","targetHints":{"allow":["GET"]}}],"collection":[{"href":"https:\/\/ubanews.com\/site\/wp-json\/wp\/v2\/posts"}],"about":[{"href":"https:\/\/ubanews.com\/site\/wp-json\/wp\/v2\/types\/post"}],"author":[{"embeddable":true,"href":"https:\/\/ubanews.com\/site\/wp-json\/wp\/v2\/users\/4"}],"replies":[{"embeddable":true,"href":"https:\/\/ubanews.com\/site\/wp-json\/wp\/v2\/comments?post=22902"}],"version-history":[{"count":0,"href":"https:\/\/ubanews.com\/site\/wp-json\/wp\/v2\/posts\/22902\/revisions"}],"wp:featuredmedia":[{"embeddable":true,"href":"https:\/\/ubanews.com\/site\/wp-json\/wp\/v2\/media\/22904"}],"wp:attachment":[{"href":"https:\/\/ubanews.com\/site\/wp-json\/wp\/v2\/media?parent=22902"}],"wp:term":[{"taxonomy":"category","embeddable":true,"href":"https:\/\/ubanews.com\/site\/wp-json\/wp\/v2\/categories?post=22902"},{"taxonomy":"post_tag","embeddable":true,"href":"https:\/\/ubanews.com\/site\/wp-json\/wp\/v2\/tags?post=22902"}],"curies":[{"name":"wp","href":"https:\/\/api.w.org\/{rel}","templated":true}]}}