{"id":22898,"date":"2025-09-05T07:58:31","date_gmt":"2025-09-05T10:58:31","guid":{"rendered":"https:\/\/ubanews.com\/site\/?p=22898"},"modified":"2025-09-05T07:58:31","modified_gmt":"2025-09-05T10:58:31","slug":"fala-sodre-com-a-prof-maria-do-carmo","status":"publish","type":"post","link":"https:\/\/ubanews.com\/site\/2025\/09\/05\/fala-sodre-com-a-prof-maria-do-carmo\/","title":{"rendered":"Fala Sodr\u00e9 com a Prof Maria do Carmo"},"content":{"rendered":"<h3><strong>Tecnologia, Humanidade e Responsabilidade: Um Di\u00e1logo Necess\u00e1rio<\/strong><\/h3>\n<p>No \u00faltimo epis\u00f3dio do Canal Fala Sodr\u00e9, o jornalista Carlos Roberto Sodr\u00e9 recebeu a professora Maria do Carmo para uma conversa profunda e provocadora sobre os impactos das modernidades em nossas vidas. Em um mundo cada vez mais dominado pela tecnologia, a reflex\u00e3o proposta foi clara: como equilibrar o avan\u00e7o t\u00e9cnico com a preserva\u00e7\u00e3o da ess\u00eancia humana?<\/p>\n<p><a href=\"https:\/\/www.instagram.com\/reel\/DOJ21pRDvji\/?utm_source=ig_web_copy_link\" target=\"_blank\" rel=\"noopener\"><img decoding=\"async\" class=\"aligncenter size-medium wp-image-22899 lazyload\" data-src=\"https:\/\/ubanews.com\/site\/wp-content\/uploads\/2025\/09\/Fala-Sodre-Prof-Maria-do-Carmo-instagram-187x300.jpg\" alt=\"Fala Sodre Prof Maria do Carmo\n\" width=\"187\" height=\"300\" data-srcset=\"https:\/\/ubanews.com\/site\/wp-content\/uploads\/2025\/09\/Fala-Sodre-Prof-Maria-do-Carmo-instagram-187x300.jpg 187w, https:\/\/ubanews.com\/site\/wp-content\/uploads\/2025\/09\/Fala-Sodre-Prof-Maria-do-Carmo-instagram.jpg 410w\" data-sizes=\"(max-width: 187px) 100vw, 187px\" src=\"data:image\/svg+xml;base64,PHN2ZyB3aWR0aD0iMSIgaGVpZ2h0PSIxIiB4bWxucz0iaHR0cDovL3d3dy53My5vcmcvMjAwMC9zdmciPjwvc3ZnPg==\" style=\"--smush-placeholder-width: 187px; --smush-placeholder-aspect-ratio: 187\/300;\" \/><\/a><\/p>\n<h2>Fala Sodr\u00e9 com a Prof Maria do Carmo<\/h2>\n<p>A professora Maria do Carmo, com sua vasta experi\u00eancia em educa\u00e7\u00e3o e filosofia, trouxe \u00e0 tona uma an\u00e1lise que vai al\u00e9m da superf\u00edcie. Ela relembrou o mito da caverna de Plat\u00e3o para ilustrar como, hoje, muitos de n\u00f3s estamos acorrentados \u00e0 tela dos dispositivos, acreditando que essa \u00e9 a \u00fanica realidade poss\u00edvel. A tecnologia, embora poderosa e transformadora, n\u00e3o pode substituir o toque, o olhar, a emo\u00e7\u00e3o e a espiritualidade que comp\u00f5em o ser humano.<\/p>\n<p><a href=\"https:\/\/www.youtube.com\/live\/T5yVG-q1nsw?si=Dy3UZCq72nUnc6Uw\" target=\"_blank\" rel=\"noopener\"><img decoding=\"async\" class=\"aligncenter size-medium wp-image-22901 lazyload\" data-src=\"https:\/\/ubanews.com\/site\/wp-content\/uploads\/2025\/09\/Fala-Sodre-Prof-Maria-do-Carmo-03-09-2025-300x147.jpg\" alt=\"Fala Sodr\u00e9 Prof Maria do Carmos\n\" width=\"300\" height=\"147\" data-srcset=\"https:\/\/ubanews.com\/site\/wp-content\/uploads\/2025\/09\/Fala-Sodre-Prof-Maria-do-Carmo-03-09-2025-300x147.jpg 300w, https:\/\/ubanews.com\/site\/wp-content\/uploads\/2025\/09\/Fala-Sodre-Prof-Maria-do-Carmo-03-09-2025-1024x502.jpg 1024w, https:\/\/ubanews.com\/site\/wp-content\/uploads\/2025\/09\/Fala-Sodre-Prof-Maria-do-Carmo-03-09-2025-768x377.jpg 768w, https:\/\/ubanews.com\/site\/wp-content\/uploads\/2025\/09\/Fala-Sodre-Prof-Maria-do-Carmo-03-09-2025.jpg 1289w\" data-sizes=\"(max-width: 300px) 100vw, 300px\" src=\"data:image\/svg+xml;base64,PHN2ZyB3aWR0aD0iMSIgaGVpZ2h0PSIxIiB4bWxucz0iaHR0cDovL3d3dy53My5vcmcvMjAwMC9zdmciPjwvc3ZnPg==\" style=\"--smush-placeholder-width: 300px; --smush-placeholder-aspect-ratio: 300\/147;\" \/><\/a><\/p>\n<p><em>Plat\u00e3o usa essa met\u00e1fora para mostrar que o conhecimento verdadeiro exige esfor\u00e7o, reflex\u00e3o e liberta\u00e7\u00e3o das ilus\u00f5es. A caverna representa a ignor\u00e2ncia; sair dela \u00e9 buscar a verdade por meio da filosofia, da educa\u00e7\u00e3o e da raz\u00e3o<\/em>.<\/p>\n<p>Durante o bate-papo, foi discutido o risco de uma gera\u00e7\u00e3o que cresce imersa em telas, desconectada da natureza, da conviv\u00eancia e da cultura. A professora alertou para os efeitos da hiperconectividade na inf\u00e2ncia, citando pesquisas que apontam para o aumento de transtornos mentais entre jovens. Ela defendeu que crian\u00e7as s\u00f3 deveriam ter acesso a celulares a partir dos 16 anos, e que \u00e9 papel dos pais, escolas e do poder p\u00fablico oferecer alternativas saud\u00e1veis, como espa\u00e7os verdes, atividades culturais e esportivas.<\/p>\n<p>A conversa tamb\u00e9m abordou o papel essencial do professor na forma\u00e7\u00e3o de consci\u00eancias. Maria do Carmo destacou que educar vai muito al\u00e9m de ensinar conte\u00fados: \u00e9 desenvolver car\u00e1ter, sensibilidade e pensamento cr\u00edtico. Ela fez um apelo para que os gestores da educa\u00e7\u00e3o valorizem e compreendam o verdadeiro significado do ato de educar.<\/p>\n<p>Outro ponto marcante foi a cr\u00edtica \u00e0 vis\u00e3o tecnicista da escola. A professora defendeu uma educa\u00e7\u00e3o mais amorosa, inspirada em pensadores como Paulo Freire, que valorizam o di\u00e1logo como ferramenta de humaniza\u00e7\u00e3o. Ela tamb\u00e9m mencionou a pedagogia Waldorf como exemplo de abordagem que respeita o desenvolvimento natural da crian\u00e7a, integrando arte, cultura e ci\u00eancia.<\/p>\n<p>Em tempos de polariza\u00e7\u00e3o e certezas absolutas, o di\u00e1logo entre Sodr\u00e9 e Maria do Carmo nos convida a refletir: estamos formando seres humanos ou apenas operadores de m\u00e1quinas? A tecnologia \u00e9 uma ferramenta poderosa, mas precisa estar a servi\u00e7o da vida, da empatia e da constru\u00e7\u00e3o de um mundo mais justo e sens\u00edvel.<\/p>\n<p><iframe title=\"Fala Sodr\u00e9: cientistas chineses garantem rob\u00f4s v\u00e3o gerar beb\u00eas humanos - Prof Maria do Carmo comenta\" width=\"840\" height=\"473\" data-src=\"https:\/\/www.youtube.com\/embed\/T5yVG-q1nsw?feature=oembed\" frameborder=\"0\" allow=\"accelerometer; autoplay; clipboard-write; encrypted-media; gyroscope; picture-in-picture; web-share\" referrerpolicy=\"strict-origin-when-cross-origin\" allowfullscreen src=\"data:image\/svg+xml;base64,PHN2ZyB3aWR0aD0iMSIgaGVpZ2h0PSIxIiB4bWxucz0iaHR0cDovL3d3dy53My5vcmcvMjAwMC9zdmciPjwvc3ZnPg==\" class=\"lazyload\" data-load-mode=\"1\"><\/iframe><\/p>\n","protected":false},"excerpt":{"rendered":"<p>Tecnologia, Humanidade e Responsabilidade: Um Di\u00e1logo Necess\u00e1rio No \u00faltimo epis\u00f3dio<\/p>\n","protected":false},"author":4,"featured_media":22901,"comment_status":"open","ping_status":"open","sticky":false,"template":"","format":"standard","meta":{"footnotes":""},"categories":[45,3],"tags":[75,59,76,77,67,60],"class_list":["post-22898","post","type-post","status-publish","format-standard","has-post-thumbnail","hentry","category-destaque-principal","category-slide","tag-em-dia-com-a-noticia","tag-fala-sodre","tag-maria-do-carmo","tag-prof-maria-do-carmo","tag-sodre","tag-ubanews"],"yoast_head":"<!-- This site is optimized with the Yoast SEO plugin v27.2 - https:\/\/yoast.com\/product\/yoast-seo-wordpress\/ -->\n<title>Fala Sodr\u00e9 com a Prof Maria do Carmo - Ub\u00e1 News<\/title>\n<meta name=\"description\" content=\"Reflex\u00e3o profunda com a professora Maria do Carmo no Canal Fala Sodr\u00e9 sobre os impactos da tecnologia na vida humana, educa\u00e7\u00e3o e infancia.\" \/>\n<meta name=\"robots\" content=\"index, follow, max-snippet:-1, max-image-preview:large, max-video-preview:-1\" \/>\n<link rel=\"canonical\" href=\"https:\/\/ubanews.com\/site\/2025\/09\/05\/fala-sodre-com-a-prof-maria-do-carmo\/\" \/>\n<meta property=\"og:locale\" content=\"pt_BR\" \/>\n<meta property=\"og:type\" content=\"article\" \/>\n<meta property=\"og:title\" content=\"Fala Sodr\u00e9 com a Prof Maria do Carmo - Ub\u00e1 News\" \/>\n<meta property=\"og:description\" content=\"Reflex\u00e3o profunda com a professora Maria do Carmo no Canal Fala Sodr\u00e9 sobre os impactos da tecnologia na vida humana, educa\u00e7\u00e3o e infancia.\" \/>\n<meta property=\"og:url\" content=\"https:\/\/ubanews.com\/site\/2025\/09\/05\/fala-sodre-com-a-prof-maria-do-carmo\/\" \/>\n<meta property=\"og:site_name\" content=\"Ub\u00e1 News\" \/>\n<meta property=\"article:publisher\" content=\"https:\/\/www.facebook.com\/Ub%c3%a1News-Carlos-Roberto-Sodr%c3%a9-418778301977370\" \/>\n<meta property=\"article:published_time\" content=\"2025-09-05T10:58:31+00:00\" \/>\n<meta property=\"og:image\" content=\"https:\/\/ubanews.com\/site\/wp-content\/uploads\/2025\/09\/Fala-Sodre-Prof-Maria-do-Carmo-03-09-2025.jpg\" \/>\n\t<meta property=\"og:image:width\" content=\"1289\" \/>\n\t<meta property=\"og:image:height\" content=\"632\" \/>\n\t<meta property=\"og:image:type\" content=\"image\/jpeg\" \/>\n<meta name=\"author\" content=\"Carlos Roberto Sodr\u00e9\" \/>\n<meta name=\"twitter:card\" content=\"summary_large_image\" \/>\n<meta name=\"twitter:label1\" content=\"Escrito por\" \/>\n\t<meta name=\"twitter:data1\" content=\"Carlos Roberto Sodr\u00e9\" \/>\n\t<meta name=\"twitter:label2\" content=\"Est. tempo de leitura\" \/>\n\t<meta name=\"twitter:data2\" content=\"3 minutos\" \/>\n<script type=\"application\/ld+json\" class=\"yoast-schema-graph\">{\"@context\":\"https:\/\/schema.org\",\"@graph\":[{\"@type\":\"Article\",\"@id\":\"https:\/\/ubanews.com\/site\/2025\/09\/05\/fala-sodre-com-a-prof-maria-do-carmo\/#article\",\"isPartOf\":{\"@id\":\"https:\/\/ubanews.com\/site\/2025\/09\/05\/fala-sodre-com-a-prof-maria-do-carmo\/\"},\"author\":{\"name\":\"Carlos Roberto Sodr\u00e9\",\"@id\":\"https:\/\/ubanews.com\/site\/#\/schema\/person\/9d8da9ec3c8d00640ab6e8c81e103310\"},\"headline\":\"Fala Sodr\u00e9 com a Prof Maria do Carmo\",\"datePublished\":\"2025-09-05T10:58:31+00:00\",\"mainEntityOfPage\":{\"@id\":\"https:\/\/ubanews.com\/site\/2025\/09\/05\/fala-sodre-com-a-prof-maria-do-carmo\/\"},\"wordCount\":491,\"commentCount\":0,\"publisher\":{\"@id\":\"https:\/\/ubanews.com\/site\/#organization\"},\"image\":{\"@id\":\"https:\/\/ubanews.com\/site\/2025\/09\/05\/fala-sodre-com-a-prof-maria-do-carmo\/#primaryimage\"},\"thumbnailUrl\":\"https:\/\/ubanews.com\/site\/wp-content\/uploads\/2025\/09\/Fala-Sodre-Prof-Maria-do-Carmo-03-09-2025.jpg\",\"keywords\":[\"Em dia com a Not\u00edcia\",\"Fala Sodr\u00e9\",\"Maria do Carmo\",\"Prof. Maria do Carmo\",\"Sodr\u00e9\",\"UBANEWS\"],\"articleSection\":[\"DESTAQUE PRINCIPAL\",\"Slide\"],\"inLanguage\":\"pt-BR\",\"potentialAction\":[{\"@type\":\"CommentAction\",\"name\":\"Comment\",\"target\":[\"https:\/\/ubanews.com\/site\/2025\/09\/05\/fala-sodre-com-a-prof-maria-do-carmo\/#respond\"]}]},{\"@type\":\"WebPage\",\"@id\":\"https:\/\/ubanews.com\/site\/2025\/09\/05\/fala-sodre-com-a-prof-maria-do-carmo\/\",\"url\":\"https:\/\/ubanews.com\/site\/2025\/09\/05\/fala-sodre-com-a-prof-maria-do-carmo\/\",\"name\":\"Fala Sodr\u00e9 com a Prof Maria do Carmo - Ub\u00e1 News\",\"isPartOf\":{\"@id\":\"https:\/\/ubanews.com\/site\/#website\"},\"primaryImageOfPage\":{\"@id\":\"https:\/\/ubanews.com\/site\/2025\/09\/05\/fala-sodre-com-a-prof-maria-do-carmo\/#primaryimage\"},\"image\":{\"@id\":\"https:\/\/ubanews.com\/site\/2025\/09\/05\/fala-sodre-com-a-prof-maria-do-carmo\/#primaryimage\"},\"thumbnailUrl\":\"https:\/\/ubanews.com\/site\/wp-content\/uploads\/2025\/09\/Fala-Sodre-Prof-Maria-do-Carmo-03-09-2025.jpg\",\"datePublished\":\"2025-09-05T10:58:31+00:00\",\"description\":\"Reflex\u00e3o profunda com a professora Maria do Carmo no Canal Fala Sodr\u00e9 sobre os impactos da tecnologia na vida humana, educa\u00e7\u00e3o e infancia.\",\"breadcrumb\":{\"@id\":\"https:\/\/ubanews.com\/site\/2025\/09\/05\/fala-sodre-com-a-prof-maria-do-carmo\/#breadcrumb\"},\"inLanguage\":\"pt-BR\",\"potentialAction\":[{\"@type\":\"ReadAction\",\"target\":[\"https:\/\/ubanews.com\/site\/2025\/09\/05\/fala-sodre-com-a-prof-maria-do-carmo\/\"]}]},{\"@type\":\"ImageObject\",\"inLanguage\":\"pt-BR\",\"@id\":\"https:\/\/ubanews.com\/site\/2025\/09\/05\/fala-sodre-com-a-prof-maria-do-carmo\/#primaryimage\",\"url\":\"https:\/\/ubanews.com\/site\/wp-content\/uploads\/2025\/09\/Fala-Sodre-Prof-Maria-do-Carmo-03-09-2025.jpg\",\"contentUrl\":\"https:\/\/ubanews.com\/site\/wp-content\/uploads\/2025\/09\/Fala-Sodre-Prof-Maria-do-Carmo-03-09-2025.jpg\",\"width\":1289,\"height\":632,\"caption\":\"Fala Sodr\u00e9 Prof Maria do Carmos\"},{\"@type\":\"BreadcrumbList\",\"@id\":\"https:\/\/ubanews.com\/site\/2025\/09\/05\/fala-sodre-com-a-prof-maria-do-carmo\/#breadcrumb\",\"itemListElement\":[{\"@type\":\"ListItem\",\"position\":1,\"name\":\"Home\",\"item\":\"https:\/\/ubanews.com\/site\/\"},{\"@type\":\"ListItem\",\"position\":2,\"name\":\"Fala Sodr\u00e9 com a Prof Maria do Carmo\"}]},{\"@type\":\"WebSite\",\"@id\":\"https:\/\/ubanews.com\/site\/#website\",\"url\":\"https:\/\/ubanews.com\/site\/\",\"name\":\"Ub\u00e1 News\",\"description\":\"\",\"publisher\":{\"@id\":\"https:\/\/ubanews.com\/site\/#organization\"},\"potentialAction\":[{\"@type\":\"SearchAction\",\"target\":{\"@type\":\"EntryPoint\",\"urlTemplate\":\"https:\/\/ubanews.com\/site\/?s={search_term_string}\"},\"query-input\":{\"@type\":\"PropertyValueSpecification\",\"valueRequired\":true,\"valueName\":\"search_term_string\"}}],\"inLanguage\":\"pt-BR\"},{\"@type\":\"Organization\",\"@id\":\"https:\/\/ubanews.com\/site\/#organization\",\"name\":\"Ub\u00e1 News\",\"url\":\"https:\/\/ubanews.com\/site\/\",\"logo\":{\"@type\":\"ImageObject\",\"inLanguage\":\"pt-BR\",\"@id\":\"https:\/\/ubanews.com\/site\/#\/schema\/logo\/image\/\",\"url\":\"https:\/\/ubanews.com\/site\/wp-content\/uploads\/2018\/01\/logoubanews.png\",\"contentUrl\":\"https:\/\/ubanews.com\/site\/wp-content\/uploads\/2018\/01\/logoubanews.png\",\"width\":261,\"height\":99,\"caption\":\"Ub\u00e1 News\"},\"image\":{\"@id\":\"https:\/\/ubanews.com\/site\/#\/schema\/logo\/image\/\"},\"sameAs\":[\"https:\/\/www.facebook.com\/Ub\u00e1News-Carlos-Roberto-Sodr\u00e9-418778301977370\"]},{\"@type\":\"Person\",\"@id\":\"https:\/\/ubanews.com\/site\/#\/schema\/person\/9d8da9ec3c8d00640ab6e8c81e103310\",\"name\":\"Carlos Roberto Sodr\u00e9\",\"image\":{\"@type\":\"ImageObject\",\"inLanguage\":\"pt-BR\",\"@id\":\"https:\/\/secure.gravatar.com\/avatar\/aab322e8555b56c468614fafdab8a8f924e394cdc6cfd8232f77e9e4d123a133?s=96&d=mm&r=g\",\"url\":\"https:\/\/secure.gravatar.com\/avatar\/aab322e8555b56c468614fafdab8a8f924e394cdc6cfd8232f77e9e4d123a133?s=96&d=mm&r=g\",\"contentUrl\":\"https:\/\/secure.gravatar.com\/avatar\/aab322e8555b56c468614fafdab8a8f924e394cdc6cfd8232f77e9e4d123a133?s=96&d=mm&r=g\",\"caption\":\"Carlos Roberto Sodr\u00e9\"},\"url\":\"https:\/\/ubanews.com\/site\/author\/sodre\/\"}]}<\/script>\n<!-- \/ Yoast SEO plugin. -->","yoast_head_json":{"title":"Fala Sodr\u00e9 com a Prof Maria do Carmo - Ub\u00e1 News","description":"Reflex\u00e3o profunda com a professora Maria do Carmo no Canal Fala Sodr\u00e9 sobre os impactos da tecnologia na vida humana, educa\u00e7\u00e3o e infancia.","robots":{"index":"index","follow":"follow","max-snippet":"max-snippet:-1","max-image-preview":"max-image-preview:large","max-video-preview":"max-video-preview:-1"},"canonical":"https:\/\/ubanews.com\/site\/2025\/09\/05\/fala-sodre-com-a-prof-maria-do-carmo\/","og_locale":"pt_BR","og_type":"article","og_title":"Fala Sodr\u00e9 com a Prof Maria do Carmo - Ub\u00e1 News","og_description":"Reflex\u00e3o profunda com a professora Maria do Carmo no Canal Fala Sodr\u00e9 sobre os impactos da tecnologia na vida humana, educa\u00e7\u00e3o e infancia.","og_url":"https:\/\/ubanews.com\/site\/2025\/09\/05\/fala-sodre-com-a-prof-maria-do-carmo\/","og_site_name":"Ub\u00e1 News","article_publisher":"https:\/\/www.facebook.com\/Ub%c3%a1News-Carlos-Roberto-Sodr%c3%a9-418778301977370","article_published_time":"2025-09-05T10:58:31+00:00","og_image":[{"width":1289,"height":632,"url":"https:\/\/ubanews.com\/site\/wp-content\/uploads\/2025\/09\/Fala-Sodre-Prof-Maria-do-Carmo-03-09-2025.jpg","type":"image\/jpeg"}],"author":"Carlos Roberto Sodr\u00e9","twitter_card":"summary_large_image","twitter_misc":{"Escrito por":"Carlos Roberto Sodr\u00e9","Est. tempo de leitura":"3 minutos"},"schema":{"@context":"https:\/\/schema.org","@graph":[{"@type":"Article","@id":"https:\/\/ubanews.com\/site\/2025\/09\/05\/fala-sodre-com-a-prof-maria-do-carmo\/#article","isPartOf":{"@id":"https:\/\/ubanews.com\/site\/2025\/09\/05\/fala-sodre-com-a-prof-maria-do-carmo\/"},"author":{"name":"Carlos Roberto Sodr\u00e9","@id":"https:\/\/ubanews.com\/site\/#\/schema\/person\/9d8da9ec3c8d00640ab6e8c81e103310"},"headline":"Fala Sodr\u00e9 com a Prof Maria do Carmo","datePublished":"2025-09-05T10:58:31+00:00","mainEntityOfPage":{"@id":"https:\/\/ubanews.com\/site\/2025\/09\/05\/fala-sodre-com-a-prof-maria-do-carmo\/"},"wordCount":491,"commentCount":0,"publisher":{"@id":"https:\/\/ubanews.com\/site\/#organization"},"image":{"@id":"https:\/\/ubanews.com\/site\/2025\/09\/05\/fala-sodre-com-a-prof-maria-do-carmo\/#primaryimage"},"thumbnailUrl":"https:\/\/ubanews.com\/site\/wp-content\/uploads\/2025\/09\/Fala-Sodre-Prof-Maria-do-Carmo-03-09-2025.jpg","keywords":["Em dia com a Not\u00edcia","Fala Sodr\u00e9","Maria do Carmo","Prof. Maria do Carmo","Sodr\u00e9","UBANEWS"],"articleSection":["DESTAQUE PRINCIPAL","Slide"],"inLanguage":"pt-BR","potentialAction":[{"@type":"CommentAction","name":"Comment","target":["https:\/\/ubanews.com\/site\/2025\/09\/05\/fala-sodre-com-a-prof-maria-do-carmo\/#respond"]}]},{"@type":"WebPage","@id":"https:\/\/ubanews.com\/site\/2025\/09\/05\/fala-sodre-com-a-prof-maria-do-carmo\/","url":"https:\/\/ubanews.com\/site\/2025\/09\/05\/fala-sodre-com-a-prof-maria-do-carmo\/","name":"Fala Sodr\u00e9 com a Prof Maria do Carmo - Ub\u00e1 News","isPartOf":{"@id":"https:\/\/ubanews.com\/site\/#website"},"primaryImageOfPage":{"@id":"https:\/\/ubanews.com\/site\/2025\/09\/05\/fala-sodre-com-a-prof-maria-do-carmo\/#primaryimage"},"image":{"@id":"https:\/\/ubanews.com\/site\/2025\/09\/05\/fala-sodre-com-a-prof-maria-do-carmo\/#primaryimage"},"thumbnailUrl":"https:\/\/ubanews.com\/site\/wp-content\/uploads\/2025\/09\/Fala-Sodre-Prof-Maria-do-Carmo-03-09-2025.jpg","datePublished":"2025-09-05T10:58:31+00:00","description":"Reflex\u00e3o profunda com a professora Maria do Carmo no Canal Fala Sodr\u00e9 sobre os impactos da tecnologia na vida humana, educa\u00e7\u00e3o e infancia.","breadcrumb":{"@id":"https:\/\/ubanews.com\/site\/2025\/09\/05\/fala-sodre-com-a-prof-maria-do-carmo\/#breadcrumb"},"inLanguage":"pt-BR","potentialAction":[{"@type":"ReadAction","target":["https:\/\/ubanews.com\/site\/2025\/09\/05\/fala-sodre-com-a-prof-maria-do-carmo\/"]}]},{"@type":"ImageObject","inLanguage":"pt-BR","@id":"https:\/\/ubanews.com\/site\/2025\/09\/05\/fala-sodre-com-a-prof-maria-do-carmo\/#primaryimage","url":"https:\/\/ubanews.com\/site\/wp-content\/uploads\/2025\/09\/Fala-Sodre-Prof-Maria-do-Carmo-03-09-2025.jpg","contentUrl":"https:\/\/ubanews.com\/site\/wp-content\/uploads\/2025\/09\/Fala-Sodre-Prof-Maria-do-Carmo-03-09-2025.jpg","width":1289,"height":632,"caption":"Fala Sodr\u00e9 Prof Maria do Carmos"},{"@type":"BreadcrumbList","@id":"https:\/\/ubanews.com\/site\/2025\/09\/05\/fala-sodre-com-a-prof-maria-do-carmo\/#breadcrumb","itemListElement":[{"@type":"ListItem","position":1,"name":"Home","item":"https:\/\/ubanews.com\/site\/"},{"@type":"ListItem","position":2,"name":"Fala Sodr\u00e9 com a Prof Maria do Carmo"}]},{"@type":"WebSite","@id":"https:\/\/ubanews.com\/site\/#website","url":"https:\/\/ubanews.com\/site\/","name":"Ub\u00e1 News","description":"","publisher":{"@id":"https:\/\/ubanews.com\/site\/#organization"},"potentialAction":[{"@type":"SearchAction","target":{"@type":"EntryPoint","urlTemplate":"https:\/\/ubanews.com\/site\/?s={search_term_string}"},"query-input":{"@type":"PropertyValueSpecification","valueRequired":true,"valueName":"search_term_string"}}],"inLanguage":"pt-BR"},{"@type":"Organization","@id":"https:\/\/ubanews.com\/site\/#organization","name":"Ub\u00e1 News","url":"https:\/\/ubanews.com\/site\/","logo":{"@type":"ImageObject","inLanguage":"pt-BR","@id":"https:\/\/ubanews.com\/site\/#\/schema\/logo\/image\/","url":"https:\/\/ubanews.com\/site\/wp-content\/uploads\/2018\/01\/logoubanews.png","contentUrl":"https:\/\/ubanews.com\/site\/wp-content\/uploads\/2018\/01\/logoubanews.png","width":261,"height":99,"caption":"Ub\u00e1 News"},"image":{"@id":"https:\/\/ubanews.com\/site\/#\/schema\/logo\/image\/"},"sameAs":["https:\/\/www.facebook.com\/Ub\u00e1News-Carlos-Roberto-Sodr\u00e9-418778301977370"]},{"@type":"Person","@id":"https:\/\/ubanews.com\/site\/#\/schema\/person\/9d8da9ec3c8d00640ab6e8c81e103310","name":"Carlos Roberto Sodr\u00e9","image":{"@type":"ImageObject","inLanguage":"pt-BR","@id":"https:\/\/secure.gravatar.com\/avatar\/aab322e8555b56c468614fafdab8a8f924e394cdc6cfd8232f77e9e4d123a133?s=96&d=mm&r=g","url":"https:\/\/secure.gravatar.com\/avatar\/aab322e8555b56c468614fafdab8a8f924e394cdc6cfd8232f77e9e4d123a133?s=96&d=mm&r=g","contentUrl":"https:\/\/secure.gravatar.com\/avatar\/aab322e8555b56c468614fafdab8a8f924e394cdc6cfd8232f77e9e4d123a133?s=96&d=mm&r=g","caption":"Carlos Roberto Sodr\u00e9"},"url":"https:\/\/ubanews.com\/site\/author\/sodre\/"}]}},"_links":{"self":[{"href":"https:\/\/ubanews.com\/site\/wp-json\/wp\/v2\/posts\/22898","targetHints":{"allow":["GET"]}}],"collection":[{"href":"https:\/\/ubanews.com\/site\/wp-json\/wp\/v2\/posts"}],"about":[{"href":"https:\/\/ubanews.com\/site\/wp-json\/wp\/v2\/types\/post"}],"author":[{"embeddable":true,"href":"https:\/\/ubanews.com\/site\/wp-json\/wp\/v2\/users\/4"}],"replies":[{"embeddable":true,"href":"https:\/\/ubanews.com\/site\/wp-json\/wp\/v2\/comments?post=22898"}],"version-history":[{"count":0,"href":"https:\/\/ubanews.com\/site\/wp-json\/wp\/v2\/posts\/22898\/revisions"}],"wp:featuredmedia":[{"embeddable":true,"href":"https:\/\/ubanews.com\/site\/wp-json\/wp\/v2\/media\/22901"}],"wp:attachment":[{"href":"https:\/\/ubanews.com\/site\/wp-json\/wp\/v2\/media?parent=22898"}],"wp:term":[{"taxonomy":"category","embeddable":true,"href":"https:\/\/ubanews.com\/site\/wp-json\/wp\/v2\/categories?post=22898"},{"taxonomy":"post_tag","embeddable":true,"href":"https:\/\/ubanews.com\/site\/wp-json\/wp\/v2\/tags?post=22898"}],"curies":[{"name":"wp","href":"https:\/\/api.w.org\/{rel}","templated":true}]}}