{"id":22878,"date":"2025-09-02T16:31:39","date_gmt":"2025-09-02T19:31:39","guid":{"rendered":"https:\/\/ubanews.com\/site\/?p=22878"},"modified":"2025-09-02T16:36:08","modified_gmt":"2025-09-02T19:36:08","slug":"fala-sodre-cadastro-de-doadores-de-medula-ossea","status":"publish","type":"post","link":"https:\/\/ubanews.com\/site\/2025\/09\/02\/fala-sodre-cadastro-de-doadores-de-medula-ossea\/","title":{"rendered":"Fala Sodr\u00e9 Cadastro de Doadores de Medula \u00d3ssea"},"content":{"rendered":"<h1 data-start=\"427\" data-end=\"503\">Cadastro de Doadores de Medula \u00d3ssea: solidariedade que salva vidas em Ub\u00e1<\/h1>\n<p data-start=\"505\" data-end=\"864\">Fala Sodr\u00e9 Cadastro de Doadores de Medula \u00d3ssea. O rep\u00f3rter <strong data-start=\"516\" data-end=\"540\">Carlos Roberto Sodr\u00e9<\/strong> esteve em agenda externa no <strong data-start=\"569\" data-end=\"594\">Hospital S\u00e3o Janu\u00e1rio<\/strong>, em Ub\u00e1, para acompanhar de perto uma importante iniciativa: a campanha de <strong data-start=\"670\" data-end=\"710\">Cadastro de Doadores de Medula \u00d3ssea<\/strong>. A a\u00e7\u00e3o reuniu profissionais da sa\u00fade, volunt\u00e1rios, representantes de entidades sociais e cooperativas, todos unidos por um mesmo objetivo: salvar vidas.<\/p>\n<h2 data-start=\"866\" data-end=\"904\">Um gesto simples com grande impacto<\/h2>\n<p data-start=\"906\" data-end=\"1179\">Os representantes do hospital explicaram que o processo para se cadastrar como doador \u00e9 simples: basta realizar uma coleta de sangue. Os dados gen\u00e9ticos ficam armazenados no banco nacional de doadores e podem um dia ser a esperan\u00e7a para algu\u00e9m que aguarda um transplante.<\/p>\n<p data-start=\"1181\" data-end=\"1421\">A equipe refor\u00e7ou que encontrar um doador compat\u00edvel \u00e9 dif\u00edcil, com chances de apenas <strong data-start=\"1267\" data-end=\"1283\">1 em 100 mil<\/strong> fora da fam\u00edlia. Por isso, quanto mais pessoas se cadastrarem, maiores as chances de salvar pacientes que dependem desse gesto solid\u00e1rio.<\/p>\n<h2 data-start=\"1423\" data-end=\"1447\">Jovens e voluntariado<\/h2>\n<p data-start=\"1449\" data-end=\"1730\">Durante a cobertura, foi poss\u00edvel perceber a participa\u00e7\u00e3o ativa de jovens na campanha. Eles ressaltaram a import\u00e2ncia de se engajar desde cedo em iniciativas sociais. Para muitos, saber que uma simples amostra de sangue pode salvar uma vida \u00e9 motivo suficiente para se mobilizar.<\/p>\n<p data-start=\"1732\" data-end=\"1885\">Esse envolvimento \u00e9 reflexo de movimentos volunt\u00e1rios que nasceram em Minas Gerais e hoje t\u00eam alcance nacional, inspirando novas gera\u00e7\u00f5es a participarem.<\/p>\n<h2 data-start=\"1887\" data-end=\"1924\">Esclarecimentos do Banco de Sangue<\/h2>\n<p data-start=\"1926\" data-end=\"2003\"><strong data-start=\"1926\" data-end=\"1937\">Dra Cl\u00e1udia, <\/strong>Hemominas, representante do Banco de Sangue, detalhou pontos importantes:<\/p>\n<ul data-start=\"2004\" data-end=\"2262\">\n<li data-start=\"2004\" data-end=\"2076\">\n<p data-start=\"2006\" data-end=\"2076\">Homens podem doar sangue at\u00e9 4 vezes por ano e mulheres at\u00e9 3 vezes.<\/p>\n<\/li>\n<li data-start=\"2077\" data-end=\"2158\">\n<p data-start=\"2079\" data-end=\"2158\">Jovens a partir de 16 anos podem doar, desde que tenham autoriza\u00e7\u00e3o dos pais.<\/p>\n<\/li>\n<li data-start=\"2159\" data-end=\"2262\">\n<p data-start=\"2161\" data-end=\"2262\">O cadastro para doa\u00e7\u00e3o de medula pode ser feito at\u00e9 os 35 anos, mas permanece ativo at\u00e9 os 60 anos.<\/p>\n<\/li>\n<\/ul>\n<p data-start=\"2264\" data-end=\"2398\">Ela destacou ainda que um posto de coleta na regi\u00e3o facilitar\u00e1 o acesso dos doadores, j\u00e1 que muitas vezes o deslocamento \u00e9 um desafio.<\/p>\n<h2 data-start=\"2400\" data-end=\"2420\">A fala da Dra. Leth\u00edcia<\/h2>\n<p data-start=\"2422\" data-end=\"2652\">A M\u00e9dica Dra. <strong data-start=\"2435\" data-end=\"2446\">Leth\u00edcia Fortuci<\/strong>\u00a0fez quest\u00e3o de ressaltar o lado humano dessa iniciativa. Para ela, a <strong data-start=\"2516\" data-end=\"2556\">enfermagem \u00e9 sin\u00f4nimo de humaniza\u00e7\u00e3o<\/strong>, e campanhas como essa s\u00e3o a prova de que pequenos gestos podem gerar grandes transforma\u00e7\u00f5es.<\/p>\n<p data-start=\"2654\" data-end=\"2927\">Ela lembrou que o cadastro \u00e9 feito de forma simples, com apenas uma amostra de sangue, mas que esse ato pode ser decisivo para salvar muitas vidas. Let\u00edcia refor\u00e7ou que, diante da dificuldade em encontrar compatibilidade, cada novo cadastro \u00e9 uma oportunidade de esperan\u00e7a.<\/p>\n<p data-start=\"2654\" data-end=\"2927\"><a href=\"https:\/\/www.youtube.com\/live\/AonPGIFrkJ4?si=xl7FK5cQl0V7rC_a\" target=\"_blank\" rel=\"noopener\"><img decoding=\"async\" class=\"aligncenter size-medium wp-image-22880 lazyload\" data-src=\"https:\/\/ubanews.com\/site\/wp-content\/uploads\/2025\/09\/Fala-Sodre-Coopemata-Dia-C-Hospital-Sao-Januario-300x163.jpg\" alt=\"Fala Sodr\u00e9\" width=\"300\" height=\"163\" data-srcset=\"https:\/\/ubanews.com\/site\/wp-content\/uploads\/2025\/09\/Fala-Sodre-Coopemata-Dia-C-Hospital-Sao-Januario-300x163.jpg 300w, https:\/\/ubanews.com\/site\/wp-content\/uploads\/2025\/09\/Fala-Sodre-Coopemata-Dia-C-Hospital-Sao-Januario-1024x556.jpg 1024w, https:\/\/ubanews.com\/site\/wp-content\/uploads\/2025\/09\/Fala-Sodre-Coopemata-Dia-C-Hospital-Sao-Januario-768x417.jpg 768w, https:\/\/ubanews.com\/site\/wp-content\/uploads\/2025\/09\/Fala-Sodre-Coopemata-Dia-C-Hospital-Sao-Januario-780x420.jpg 780w, https:\/\/ubanews.com\/site\/wp-content\/uploads\/2025\/09\/Fala-Sodre-Coopemata-Dia-C-Hospital-Sao-Januario.jpg 1236w\" data-sizes=\"(max-width: 300px) 100vw, 300px\" src=\"data:image\/svg+xml;base64,PHN2ZyB3aWR0aD0iMSIgaGVpZ2h0PSIxIiB4bWxucz0iaHR0cDovL3d3dy53My5vcmcvMjAwMC9zdmciPjwvc3ZnPg==\" style=\"--smush-placeholder-width: 300px; --smush-placeholder-aspect-ratio: 300\/163;\" \/><\/a><\/p>\n<h2 data-start=\"2929\" data-end=\"2966\">Rosani Martins e a conscientiza\u00e7\u00e3o<\/h2>\n<p data-start=\"2968\" data-end=\"3264\">A <strong data-start=\"2982\" data-end=\"3000\">Rosani Martins<\/strong> chamou a aten\u00e7\u00e3o para a necessidade de campanhas permanentes. Para ela, ainda existem muitos <strong data-start=\"3094\" data-end=\"3111\">mitos e medos<\/strong> que afastam poss\u00edveis doadores. Refor\u00e7ou tamb\u00e9m que a informa\u00e7\u00e3o correta e a orienta\u00e7\u00e3o adequada s\u00e3o fundamentais para aumentar o n\u00famero de cadastros.<\/p>\n<p data-start=\"3266\" data-end=\"3416\">Com emo\u00e7\u00e3o, destacou que sua atua\u00e7\u00e3o nessa \u00e1rea \u00e9 um chamado pessoal, j\u00e1 que acredita que \u201cmedula e sangue s\u00e3o rem\u00e9dios que s\u00f3 existem dentro de n\u00f3s\u201d.<\/p>\n<p data-start=\"3266\" data-end=\"3416\"><a href=\"https:\/\/www.youtube.com\/live\/AonPGIFrkJ4?si=xl7FK5cQl0V7rC_a\" target=\"_blank\" rel=\"noopener\"><img decoding=\"async\" class=\"aligncenter size-medium wp-image-22881 lazyload\" data-src=\"https:\/\/ubanews.com\/site\/wp-content\/uploads\/2025\/09\/Fala-Sodre-Coopemata-Dia-C-Palestrante-300x158.jpg\" alt=\"Fala Sodr\u00e9\" width=\"300\" height=\"158\" data-srcset=\"https:\/\/ubanews.com\/site\/wp-content\/uploads\/2025\/09\/Fala-Sodre-Coopemata-Dia-C-Palestrante-300x158.jpg 300w, https:\/\/ubanews.com\/site\/wp-content\/uploads\/2025\/09\/Fala-Sodre-Coopemata-Dia-C-Palestrante-1024x540.jpg 1024w, https:\/\/ubanews.com\/site\/wp-content\/uploads\/2025\/09\/Fala-Sodre-Coopemata-Dia-C-Palestrante-768x405.jpg 768w, https:\/\/ubanews.com\/site\/wp-content\/uploads\/2025\/09\/Fala-Sodre-Coopemata-Dia-C-Palestrante.jpg 1238w\" data-sizes=\"(max-width: 300px) 100vw, 300px\" src=\"data:image\/svg+xml;base64,PHN2ZyB3aWR0aD0iMSIgaGVpZ2h0PSIxIiB4bWxucz0iaHR0cDovL3d3dy53My5vcmcvMjAwMC9zdmciPjwvc3ZnPg==\" style=\"--smush-placeholder-width: 300px; --smush-placeholder-aspect-ratio: 300\/158;\" \/><\/a><\/p>\n<h2 data-start=\"3418\" data-end=\"3455\">A participa\u00e7\u00e3o do Sicoob Coopemata<\/h2>\n<p data-start=\"3457\" data-end=\"3729\">Igualemente o cooperativismo tamb\u00e9m esteve presente. Assim sendo o <strong data-start=\"3500\" data-end=\"3520\">Sicoob Coopemata<\/strong>, representado por <strong data-start=\"3539\" data-end=\"3559\">Vin\u00edcius do Vale<\/strong>, refor\u00e7ou a import\u00e2ncia do <strong data-start=\"3587\" data-end=\"3628\">Dia de Cooperar \u2013 Dia do Voluntariado<\/strong>, uma iniciativa que nasceu em Minas Gerais e simboliza a responsabilidade social das cooperativas.<\/p>\n<p data-start=\"3731\" data-end=\"4050\">Com efeito Vin\u00edcius destacou que o <strong data-start=\"3755\" data-end=\"3771\">voluntariado<\/strong> \u00e9 um valor essencial do cooperativismo e que mobilizar jovens para causas como a doa\u00e7\u00e3o de medula \u00e9 uma forma de devolver \u00e0 sociedade tudo o que o movimento recebe dela. Para ele, cada gesto solid\u00e1rio representa a ess\u00eancia do Dia C: <strong data-start=\"4005\" data-end=\"4049\">transformar realidades por meio da uni\u00e3o<\/strong>.<\/p>\n<p data-start=\"3731\" data-end=\"4050\"><a href=\"https:\/\/www.youtube.com\/live\/AonPGIFrkJ4?si=xl7FK5cQl0V7rC_a\" target=\"_blank\" rel=\"noopener\"><img decoding=\"async\" class=\"aligncenter size-medium wp-image-22879 lazyload\" data-src=\"https:\/\/ubanews.com\/site\/wp-content\/uploads\/2025\/09\/Fala-Sodre-Coopemata-Dia-C-300x157.jpg\" alt=\"Fala Sodr\u00e9 - Coopemata - Dia C - Dia do Voluntariado \" width=\"300\" height=\"157\" data-srcset=\"https:\/\/ubanews.com\/site\/wp-content\/uploads\/2025\/09\/Fala-Sodre-Coopemata-Dia-C-300x157.jpg 300w, https:\/\/ubanews.com\/site\/wp-content\/uploads\/2025\/09\/Fala-Sodre-Coopemata-Dia-C-1024x536.jpg 1024w, https:\/\/ubanews.com\/site\/wp-content\/uploads\/2025\/09\/Fala-Sodre-Coopemata-Dia-C-768x402.jpg 768w, https:\/\/ubanews.com\/site\/wp-content\/uploads\/2025\/09\/Fala-Sodre-Coopemata-Dia-C.jpg 1275w\" data-sizes=\"(max-width: 300px) 100vw, 300px\" src=\"data:image\/svg+xml;base64,PHN2ZyB3aWR0aD0iMSIgaGVpZ2h0PSIxIiB4bWxucz0iaHR0cDovL3d3dy53My5vcmcvMjAwMC9zdmciPjwvc3ZnPg==\" style=\"--smush-placeholder-width: 300px; --smush-placeholder-aspect-ratio: 300\/157;\" \/><\/a><\/p>\n<h2 data-start=\"4052\" data-end=\"4077\">Um chamado \u00e0 sociedade<\/h2>\n<p data-start=\"4079\" data-end=\"4243\">Desta forma a reportagem evidenciou que a doa\u00e7\u00e3o de medula \u00e9 um ato de amor. Neste Sentido \u00e9 simples, r\u00e1pido e pode ser a diferen\u00e7a entre a vida e a morte para quem aguarda um transplante.<\/p>\n<p data-start=\"4245\" data-end=\"4462\">Assim a mensagem deixada no Hospital S\u00e3o Janu\u00e1rio \u00e9 clara: quanto mais pessoas se cadastrarem, maiores as chances de salvar vidas. Ent\u00e3o o convite est\u00e1 feito para que toda a comunidade abrace essa causa e multiplique esperan\u00e7a.<\/p>\n<h2 data-start=\"4245\" data-end=\"4462\">Fala Sodr\u00e9 Cadastro de Doadores de Medula \u00d3ssea<\/h2>\n<p><iframe title=\"Fala Sodr\u00e9: Hospital S\u00e3o Janu\u00e1rio realiza cadastro de doadores de medula \u00f3ssea 01\/09\/2025\" width=\"840\" height=\"473\" data-src=\"https:\/\/www.youtube.com\/embed\/AonPGIFrkJ4?feature=oembed\" frameborder=\"0\" allow=\"accelerometer; autoplay; clipboard-write; encrypted-media; gyroscope; picture-in-picture; web-share\" referrerpolicy=\"strict-origin-when-cross-origin\" allowfullscreen src=\"data:image\/svg+xml;base64,PHN2ZyB3aWR0aD0iMSIgaGVpZ2h0PSIxIiB4bWxucz0iaHR0cDovL3d3dy53My5vcmcvMjAwMC9zdmciPjwvc3ZnPg==\" class=\"lazyload\" data-load-mode=\"1\"><\/iframe><\/p>\n","protected":false},"excerpt":{"rendered":"<p>Cadastro de Doadores de Medula \u00d3ssea: solidariedade que salva vidas<\/p>\n","protected":false},"author":4,"featured_media":22879,"comment_status":"open","ping_status":"open","sticky":false,"template":"","format":"standard","meta":{"footnotes":""},"categories":[45,3],"tags":[],"class_list":["post-22878","post","type-post","status-publish","format-standard","has-post-thumbnail","hentry","category-destaque-principal","category-slide"],"yoast_head":"<!-- This site is optimized with the Yoast SEO plugin v27.2 - https:\/\/yoast.com\/product\/yoast-seo-wordpress\/ -->\n<title>Fala Sodr\u00e9 Cadastro de Doadores de Medula \u00d3ssea - Ub\u00e1 News<\/title>\n<meta name=\"description\" content=\"Fala Sodr\u00e9 Campanha em Ub\u00e1 mobiliza Hospital S\u00e3o Janu\u00e1rio, Sicoob Coopemata e volunt\u00e1rios no cadastro de doadores de medula para salvar vidas\" \/>\n<meta name=\"robots\" content=\"index, follow, max-snippet:-1, max-image-preview:large, max-video-preview:-1\" \/>\n<link rel=\"canonical\" href=\"https:\/\/ubanews.com\/site\/2025\/09\/02\/fala-sodre-cadastro-de-doadores-de-medula-ossea\/\" \/>\n<meta property=\"og:locale\" content=\"pt_BR\" \/>\n<meta property=\"og:type\" content=\"article\" \/>\n<meta property=\"og:title\" content=\"Fala Sodr\u00e9 Cadastro de Doadores de Medula \u00d3ssea - Ub\u00e1 News\" \/>\n<meta property=\"og:description\" content=\"Fala Sodr\u00e9 Campanha em Ub\u00e1 mobiliza Hospital S\u00e3o Janu\u00e1rio, Sicoob Coopemata e volunt\u00e1rios no cadastro de doadores de medula para salvar vidas\" \/>\n<meta property=\"og:url\" content=\"https:\/\/ubanews.com\/site\/2025\/09\/02\/fala-sodre-cadastro-de-doadores-de-medula-ossea\/\" \/>\n<meta property=\"og:site_name\" content=\"Ub\u00e1 News\" \/>\n<meta property=\"article:publisher\" content=\"https:\/\/www.facebook.com\/Ub%c3%a1News-Carlos-Roberto-Sodr%c3%a9-418778301977370\" \/>\n<meta property=\"article:published_time\" content=\"2025-09-02T19:31:39+00:00\" \/>\n<meta property=\"article:modified_time\" content=\"2025-09-02T19:36:08+00:00\" \/>\n<meta property=\"og:image\" content=\"https:\/\/ubanews.com\/site\/wp-content\/uploads\/2025\/09\/Fala-Sodre-Coopemata-Dia-C.jpg\" \/>\n\t<meta property=\"og:image:width\" content=\"1275\" \/>\n\t<meta property=\"og:image:height\" content=\"668\" \/>\n\t<meta property=\"og:image:type\" content=\"image\/jpeg\" \/>\n<meta name=\"author\" content=\"Carlos Roberto Sodr\u00e9\" \/>\n<meta name=\"twitter:card\" content=\"summary_large_image\" \/>\n<meta name=\"twitter:label1\" content=\"Escrito por\" \/>\n\t<meta name=\"twitter:data1\" content=\"Carlos Roberto Sodr\u00e9\" \/>\n\t<meta name=\"twitter:label2\" content=\"Est. tempo de leitura\" \/>\n\t<meta name=\"twitter:data2\" content=\"5 minutos\" \/>\n<script type=\"application\/ld+json\" class=\"yoast-schema-graph\">{\"@context\":\"https:\/\/schema.org\",\"@graph\":[{\"@type\":\"Article\",\"@id\":\"https:\/\/ubanews.com\/site\/2025\/09\/02\/fala-sodre-cadastro-de-doadores-de-medula-ossea\/#article\",\"isPartOf\":{\"@id\":\"https:\/\/ubanews.com\/site\/2025\/09\/02\/fala-sodre-cadastro-de-doadores-de-medula-ossea\/\"},\"author\":{\"name\":\"Carlos Roberto Sodr\u00e9\",\"@id\":\"https:\/\/ubanews.com\/site\/#\/schema\/person\/9d8da9ec3c8d00640ab6e8c81e103310\"},\"headline\":\"Fala Sodr\u00e9 Cadastro de Doadores de Medula \u00d3ssea\",\"datePublished\":\"2025-09-02T19:31:39+00:00\",\"dateModified\":\"2025-09-02T19:36:08+00:00\",\"mainEntityOfPage\":{\"@id\":\"https:\/\/ubanews.com\/site\/2025\/09\/02\/fala-sodre-cadastro-de-doadores-de-medula-ossea\/\"},\"wordCount\":724,\"commentCount\":1,\"publisher\":{\"@id\":\"https:\/\/ubanews.com\/site\/#organization\"},\"image\":{\"@id\":\"https:\/\/ubanews.com\/site\/2025\/09\/02\/fala-sodre-cadastro-de-doadores-de-medula-ossea\/#primaryimage\"},\"thumbnailUrl\":\"https:\/\/ubanews.com\/site\/wp-content\/uploads\/2025\/09\/Fala-Sodre-Coopemata-Dia-C.jpg\",\"articleSection\":[\"DESTAQUE PRINCIPAL\",\"Slide\"],\"inLanguage\":\"pt-BR\",\"potentialAction\":[{\"@type\":\"CommentAction\",\"name\":\"Comment\",\"target\":[\"https:\/\/ubanews.com\/site\/2025\/09\/02\/fala-sodre-cadastro-de-doadores-de-medula-ossea\/#respond\"]}]},{\"@type\":\"WebPage\",\"@id\":\"https:\/\/ubanews.com\/site\/2025\/09\/02\/fala-sodre-cadastro-de-doadores-de-medula-ossea\/\",\"url\":\"https:\/\/ubanews.com\/site\/2025\/09\/02\/fala-sodre-cadastro-de-doadores-de-medula-ossea\/\",\"name\":\"Fala Sodr\u00e9 Cadastro de Doadores de Medula \u00d3ssea - Ub\u00e1 News\",\"isPartOf\":{\"@id\":\"https:\/\/ubanews.com\/site\/#website\"},\"primaryImageOfPage\":{\"@id\":\"https:\/\/ubanews.com\/site\/2025\/09\/02\/fala-sodre-cadastro-de-doadores-de-medula-ossea\/#primaryimage\"},\"image\":{\"@id\":\"https:\/\/ubanews.com\/site\/2025\/09\/02\/fala-sodre-cadastro-de-doadores-de-medula-ossea\/#primaryimage\"},\"thumbnailUrl\":\"https:\/\/ubanews.com\/site\/wp-content\/uploads\/2025\/09\/Fala-Sodre-Coopemata-Dia-C.jpg\",\"datePublished\":\"2025-09-02T19:31:39+00:00\",\"dateModified\":\"2025-09-02T19:36:08+00:00\",\"description\":\"Fala Sodr\u00e9 Campanha em Ub\u00e1 mobiliza Hospital S\u00e3o Janu\u00e1rio, Sicoob Coopemata e volunt\u00e1rios no cadastro de doadores de medula para salvar vidas\",\"breadcrumb\":{\"@id\":\"https:\/\/ubanews.com\/site\/2025\/09\/02\/fala-sodre-cadastro-de-doadores-de-medula-ossea\/#breadcrumb\"},\"inLanguage\":\"pt-BR\",\"potentialAction\":[{\"@type\":\"ReadAction\",\"target\":[\"https:\/\/ubanews.com\/site\/2025\/09\/02\/fala-sodre-cadastro-de-doadores-de-medula-ossea\/\"]}]},{\"@type\":\"ImageObject\",\"inLanguage\":\"pt-BR\",\"@id\":\"https:\/\/ubanews.com\/site\/2025\/09\/02\/fala-sodre-cadastro-de-doadores-de-medula-ossea\/#primaryimage\",\"url\":\"https:\/\/ubanews.com\/site\/wp-content\/uploads\/2025\/09\/Fala-Sodre-Coopemata-Dia-C.jpg\",\"contentUrl\":\"https:\/\/ubanews.com\/site\/wp-content\/uploads\/2025\/09\/Fala-Sodre-Coopemata-Dia-C.jpg\",\"width\":1275,\"height\":668,\"caption\":\"Fala Sodr\u00e9 - Coopemata - Dia C - Dia do Voluntariado\"},{\"@type\":\"BreadcrumbList\",\"@id\":\"https:\/\/ubanews.com\/site\/2025\/09\/02\/fala-sodre-cadastro-de-doadores-de-medula-ossea\/#breadcrumb\",\"itemListElement\":[{\"@type\":\"ListItem\",\"position\":1,\"name\":\"Home\",\"item\":\"https:\/\/ubanews.com\/site\/\"},{\"@type\":\"ListItem\",\"position\":2,\"name\":\"Fala Sodr\u00e9 Cadastro de Doadores de Medula \u00d3ssea\"}]},{\"@type\":\"WebSite\",\"@id\":\"https:\/\/ubanews.com\/site\/#website\",\"url\":\"https:\/\/ubanews.com\/site\/\",\"name\":\"Ub\u00e1 News\",\"description\":\"\",\"publisher\":{\"@id\":\"https:\/\/ubanews.com\/site\/#organization\"},\"potentialAction\":[{\"@type\":\"SearchAction\",\"target\":{\"@type\":\"EntryPoint\",\"urlTemplate\":\"https:\/\/ubanews.com\/site\/?s={search_term_string}\"},\"query-input\":{\"@type\":\"PropertyValueSpecification\",\"valueRequired\":true,\"valueName\":\"search_term_string\"}}],\"inLanguage\":\"pt-BR\"},{\"@type\":\"Organization\",\"@id\":\"https:\/\/ubanews.com\/site\/#organization\",\"name\":\"Ub\u00e1 News\",\"url\":\"https:\/\/ubanews.com\/site\/\",\"logo\":{\"@type\":\"ImageObject\",\"inLanguage\":\"pt-BR\",\"@id\":\"https:\/\/ubanews.com\/site\/#\/schema\/logo\/image\/\",\"url\":\"https:\/\/ubanews.com\/site\/wp-content\/uploads\/2018\/01\/logoubanews.png\",\"contentUrl\":\"https:\/\/ubanews.com\/site\/wp-content\/uploads\/2018\/01\/logoubanews.png\",\"width\":261,\"height\":99,\"caption\":\"Ub\u00e1 News\"},\"image\":{\"@id\":\"https:\/\/ubanews.com\/site\/#\/schema\/logo\/image\/\"},\"sameAs\":[\"https:\/\/www.facebook.com\/Ub\u00e1News-Carlos-Roberto-Sodr\u00e9-418778301977370\"]},{\"@type\":\"Person\",\"@id\":\"https:\/\/ubanews.com\/site\/#\/schema\/person\/9d8da9ec3c8d00640ab6e8c81e103310\",\"name\":\"Carlos Roberto Sodr\u00e9\",\"image\":{\"@type\":\"ImageObject\",\"inLanguage\":\"pt-BR\",\"@id\":\"https:\/\/secure.gravatar.com\/avatar\/aab322e8555b56c468614fafdab8a8f924e394cdc6cfd8232f77e9e4d123a133?s=96&d=mm&r=g\",\"url\":\"https:\/\/secure.gravatar.com\/avatar\/aab322e8555b56c468614fafdab8a8f924e394cdc6cfd8232f77e9e4d123a133?s=96&d=mm&r=g\",\"contentUrl\":\"https:\/\/secure.gravatar.com\/avatar\/aab322e8555b56c468614fafdab8a8f924e394cdc6cfd8232f77e9e4d123a133?s=96&d=mm&r=g\",\"caption\":\"Carlos Roberto Sodr\u00e9\"},\"url\":\"https:\/\/ubanews.com\/site\/author\/sodre\/\"}]}<\/script>\n<!-- \/ Yoast SEO plugin. -->","yoast_head_json":{"title":"Fala Sodr\u00e9 Cadastro de Doadores de Medula \u00d3ssea - Ub\u00e1 News","description":"Fala Sodr\u00e9 Campanha em Ub\u00e1 mobiliza Hospital S\u00e3o Janu\u00e1rio, Sicoob Coopemata e volunt\u00e1rios no cadastro de doadores de medula para salvar vidas","robots":{"index":"index","follow":"follow","max-snippet":"max-snippet:-1","max-image-preview":"max-image-preview:large","max-video-preview":"max-video-preview:-1"},"canonical":"https:\/\/ubanews.com\/site\/2025\/09\/02\/fala-sodre-cadastro-de-doadores-de-medula-ossea\/","og_locale":"pt_BR","og_type":"article","og_title":"Fala Sodr\u00e9 Cadastro de Doadores de Medula \u00d3ssea - Ub\u00e1 News","og_description":"Fala Sodr\u00e9 Campanha em Ub\u00e1 mobiliza Hospital S\u00e3o Janu\u00e1rio, Sicoob Coopemata e volunt\u00e1rios no cadastro de doadores de medula para salvar vidas","og_url":"https:\/\/ubanews.com\/site\/2025\/09\/02\/fala-sodre-cadastro-de-doadores-de-medula-ossea\/","og_site_name":"Ub\u00e1 News","article_publisher":"https:\/\/www.facebook.com\/Ub%c3%a1News-Carlos-Roberto-Sodr%c3%a9-418778301977370","article_published_time":"2025-09-02T19:31:39+00:00","article_modified_time":"2025-09-02T19:36:08+00:00","og_image":[{"width":1275,"height":668,"url":"https:\/\/ubanews.com\/site\/wp-content\/uploads\/2025\/09\/Fala-Sodre-Coopemata-Dia-C.jpg","type":"image\/jpeg"}],"author":"Carlos Roberto Sodr\u00e9","twitter_card":"summary_large_image","twitter_misc":{"Escrito por":"Carlos Roberto Sodr\u00e9","Est. tempo de leitura":"5 minutos"},"schema":{"@context":"https:\/\/schema.org","@graph":[{"@type":"Article","@id":"https:\/\/ubanews.com\/site\/2025\/09\/02\/fala-sodre-cadastro-de-doadores-de-medula-ossea\/#article","isPartOf":{"@id":"https:\/\/ubanews.com\/site\/2025\/09\/02\/fala-sodre-cadastro-de-doadores-de-medula-ossea\/"},"author":{"name":"Carlos Roberto Sodr\u00e9","@id":"https:\/\/ubanews.com\/site\/#\/schema\/person\/9d8da9ec3c8d00640ab6e8c81e103310"},"headline":"Fala Sodr\u00e9 Cadastro de Doadores de Medula \u00d3ssea","datePublished":"2025-09-02T19:31:39+00:00","dateModified":"2025-09-02T19:36:08+00:00","mainEntityOfPage":{"@id":"https:\/\/ubanews.com\/site\/2025\/09\/02\/fala-sodre-cadastro-de-doadores-de-medula-ossea\/"},"wordCount":724,"commentCount":1,"publisher":{"@id":"https:\/\/ubanews.com\/site\/#organization"},"image":{"@id":"https:\/\/ubanews.com\/site\/2025\/09\/02\/fala-sodre-cadastro-de-doadores-de-medula-ossea\/#primaryimage"},"thumbnailUrl":"https:\/\/ubanews.com\/site\/wp-content\/uploads\/2025\/09\/Fala-Sodre-Coopemata-Dia-C.jpg","articleSection":["DESTAQUE PRINCIPAL","Slide"],"inLanguage":"pt-BR","potentialAction":[{"@type":"CommentAction","name":"Comment","target":["https:\/\/ubanews.com\/site\/2025\/09\/02\/fala-sodre-cadastro-de-doadores-de-medula-ossea\/#respond"]}]},{"@type":"WebPage","@id":"https:\/\/ubanews.com\/site\/2025\/09\/02\/fala-sodre-cadastro-de-doadores-de-medula-ossea\/","url":"https:\/\/ubanews.com\/site\/2025\/09\/02\/fala-sodre-cadastro-de-doadores-de-medula-ossea\/","name":"Fala Sodr\u00e9 Cadastro de Doadores de Medula \u00d3ssea - Ub\u00e1 News","isPartOf":{"@id":"https:\/\/ubanews.com\/site\/#website"},"primaryImageOfPage":{"@id":"https:\/\/ubanews.com\/site\/2025\/09\/02\/fala-sodre-cadastro-de-doadores-de-medula-ossea\/#primaryimage"},"image":{"@id":"https:\/\/ubanews.com\/site\/2025\/09\/02\/fala-sodre-cadastro-de-doadores-de-medula-ossea\/#primaryimage"},"thumbnailUrl":"https:\/\/ubanews.com\/site\/wp-content\/uploads\/2025\/09\/Fala-Sodre-Coopemata-Dia-C.jpg","datePublished":"2025-09-02T19:31:39+00:00","dateModified":"2025-09-02T19:36:08+00:00","description":"Fala Sodr\u00e9 Campanha em Ub\u00e1 mobiliza Hospital S\u00e3o Janu\u00e1rio, Sicoob Coopemata e volunt\u00e1rios no cadastro de doadores de medula para salvar vidas","breadcrumb":{"@id":"https:\/\/ubanews.com\/site\/2025\/09\/02\/fala-sodre-cadastro-de-doadores-de-medula-ossea\/#breadcrumb"},"inLanguage":"pt-BR","potentialAction":[{"@type":"ReadAction","target":["https:\/\/ubanews.com\/site\/2025\/09\/02\/fala-sodre-cadastro-de-doadores-de-medula-ossea\/"]}]},{"@type":"ImageObject","inLanguage":"pt-BR","@id":"https:\/\/ubanews.com\/site\/2025\/09\/02\/fala-sodre-cadastro-de-doadores-de-medula-ossea\/#primaryimage","url":"https:\/\/ubanews.com\/site\/wp-content\/uploads\/2025\/09\/Fala-Sodre-Coopemata-Dia-C.jpg","contentUrl":"https:\/\/ubanews.com\/site\/wp-content\/uploads\/2025\/09\/Fala-Sodre-Coopemata-Dia-C.jpg","width":1275,"height":668,"caption":"Fala Sodr\u00e9 - Coopemata - Dia C - Dia do Voluntariado"},{"@type":"BreadcrumbList","@id":"https:\/\/ubanews.com\/site\/2025\/09\/02\/fala-sodre-cadastro-de-doadores-de-medula-ossea\/#breadcrumb","itemListElement":[{"@type":"ListItem","position":1,"name":"Home","item":"https:\/\/ubanews.com\/site\/"},{"@type":"ListItem","position":2,"name":"Fala Sodr\u00e9 Cadastro de Doadores de Medula \u00d3ssea"}]},{"@type":"WebSite","@id":"https:\/\/ubanews.com\/site\/#website","url":"https:\/\/ubanews.com\/site\/","name":"Ub\u00e1 News","description":"","publisher":{"@id":"https:\/\/ubanews.com\/site\/#organization"},"potentialAction":[{"@type":"SearchAction","target":{"@type":"EntryPoint","urlTemplate":"https:\/\/ubanews.com\/site\/?s={search_term_string}"},"query-input":{"@type":"PropertyValueSpecification","valueRequired":true,"valueName":"search_term_string"}}],"inLanguage":"pt-BR"},{"@type":"Organization","@id":"https:\/\/ubanews.com\/site\/#organization","name":"Ub\u00e1 News","url":"https:\/\/ubanews.com\/site\/","logo":{"@type":"ImageObject","inLanguage":"pt-BR","@id":"https:\/\/ubanews.com\/site\/#\/schema\/logo\/image\/","url":"https:\/\/ubanews.com\/site\/wp-content\/uploads\/2018\/01\/logoubanews.png","contentUrl":"https:\/\/ubanews.com\/site\/wp-content\/uploads\/2018\/01\/logoubanews.png","width":261,"height":99,"caption":"Ub\u00e1 News"},"image":{"@id":"https:\/\/ubanews.com\/site\/#\/schema\/logo\/image\/"},"sameAs":["https:\/\/www.facebook.com\/Ub\u00e1News-Carlos-Roberto-Sodr\u00e9-418778301977370"]},{"@type":"Person","@id":"https:\/\/ubanews.com\/site\/#\/schema\/person\/9d8da9ec3c8d00640ab6e8c81e103310","name":"Carlos Roberto Sodr\u00e9","image":{"@type":"ImageObject","inLanguage":"pt-BR","@id":"https:\/\/secure.gravatar.com\/avatar\/aab322e8555b56c468614fafdab8a8f924e394cdc6cfd8232f77e9e4d123a133?s=96&d=mm&r=g","url":"https:\/\/secure.gravatar.com\/avatar\/aab322e8555b56c468614fafdab8a8f924e394cdc6cfd8232f77e9e4d123a133?s=96&d=mm&r=g","contentUrl":"https:\/\/secure.gravatar.com\/avatar\/aab322e8555b56c468614fafdab8a8f924e394cdc6cfd8232f77e9e4d123a133?s=96&d=mm&r=g","caption":"Carlos Roberto Sodr\u00e9"},"url":"https:\/\/ubanews.com\/site\/author\/sodre\/"}]}},"_links":{"self":[{"href":"https:\/\/ubanews.com\/site\/wp-json\/wp\/v2\/posts\/22878","targetHints":{"allow":["GET"]}}],"collection":[{"href":"https:\/\/ubanews.com\/site\/wp-json\/wp\/v2\/posts"}],"about":[{"href":"https:\/\/ubanews.com\/site\/wp-json\/wp\/v2\/types\/post"}],"author":[{"embeddable":true,"href":"https:\/\/ubanews.com\/site\/wp-json\/wp\/v2\/users\/4"}],"replies":[{"embeddable":true,"href":"https:\/\/ubanews.com\/site\/wp-json\/wp\/v2\/comments?post=22878"}],"version-history":[{"count":0,"href":"https:\/\/ubanews.com\/site\/wp-json\/wp\/v2\/posts\/22878\/revisions"}],"wp:featuredmedia":[{"embeddable":true,"href":"https:\/\/ubanews.com\/site\/wp-json\/wp\/v2\/media\/22879"}],"wp:attachment":[{"href":"https:\/\/ubanews.com\/site\/wp-json\/wp\/v2\/media?parent=22878"}],"wp:term":[{"taxonomy":"category","embeddable":true,"href":"https:\/\/ubanews.com\/site\/wp-json\/wp\/v2\/categories?post=22878"},{"taxonomy":"post_tag","embeddable":true,"href":"https:\/\/ubanews.com\/site\/wp-json\/wp\/v2\/tags?post=22878"}],"curies":[{"name":"wp","href":"https:\/\/api.w.org\/{rel}","templated":true}]}}