{"id":22868,"date":"2025-09-01T14:55:37","date_gmt":"2025-09-01T17:55:37","guid":{"rendered":"https:\/\/ubanews.com\/site\/?p=22868"},"modified":"2025-09-02T20:46:41","modified_gmt":"2025-09-02T23:46:41","slug":"uba-recebe-investimentos","status":"publish","type":"post","link":"https:\/\/ubanews.com\/site\/2025\/09\/01\/uba-recebe-investimentos\/","title":{"rendered":"Ub\u00e1 recebe investimentos"},"content":{"rendered":"<h3 data-start=\"265\" data-end=\"327\">Ub\u00e1 recebe investimentos que prometem transformar a cidade<\/h3>\n<p data-start=\"329\" data-end=\"590\">A cidade de Ub\u00e1 vive um momento hist\u00f3rico. Em entrevista conduzida por Carlos Roberto Sodr\u00e9, o Prefeito Professor Jos\u00e9 Damato Neto e o Deputado Federal Reginaldo Lopes apresentaram investimentos que podem mudar a realidade do munic\u00edpio nos pr\u00f3ximos anos.<\/p>\n<h2 data-start=\"329\" data-end=\"590\">Ub\u00e1 recebe investimentos<\/h2>\n<p><a href=\"https:\/\/www.youtube.com\/live\/uswksmDMqJ8?si=n_kjKFyIUqyBH97g\" target=\"_blank\" rel=\"noopener\"><img decoding=\"async\" class=\"aligncenter wp-image-22869 size-medium lazyload\" data-src=\"https:\/\/ubanews.com\/site\/wp-content\/uploads\/2025\/09\/Fala-Sodre-Damato-e-Reginaldo-lopes-300x159.jpg\" alt=\"Fala Sodr\u00e9 - Ub\u00e1 recebe investimentos\" width=\"300\" height=\"159\" data-srcset=\"https:\/\/ubanews.com\/site\/wp-content\/uploads\/2025\/09\/Fala-Sodre-Damato-e-Reginaldo-lopes-300x159.jpg 300w, https:\/\/ubanews.com\/site\/wp-content\/uploads\/2025\/09\/Fala-Sodre-Damato-e-Reginaldo-lopes-1024x544.jpg 1024w, https:\/\/ubanews.com\/site\/wp-content\/uploads\/2025\/09\/Fala-Sodre-Damato-e-Reginaldo-lopes-768x408.jpg 768w, https:\/\/ubanews.com\/site\/wp-content\/uploads\/2025\/09\/Fala-Sodre-Damato-e-Reginaldo-lopes.jpg 1264w\" data-sizes=\"(max-width: 300px) 100vw, 300px\" src=\"data:image\/svg+xml;base64,PHN2ZyB3aWR0aD0iMSIgaGVpZ2h0PSIxIiB4bWxucz0iaHR0cDovL3d3dy53My5vcmcvMjAwMC9zdmciPjwvc3ZnPg==\" style=\"--smush-placeholder-width: 300px; --smush-placeholder-aspect-ratio: 300\/159;\" \/><\/a><\/p>\n<p data-start=\"592\" data-end=\"867\">Durante a conversa, foi anunciado que os recursos podem ultrapassar <strong data-start=\"660\" data-end=\"678\">R$ 150 milh\u00f5es<\/strong>. A maior parte ser\u00e1 destinada \u00e0 sa\u00fade, educa\u00e7\u00e3o e infraestrutura. Essa soma \u00e9 considerada um marco, j\u00e1 que raramente a cidade recebeu valores t\u00e3o expressivos para projetos estruturantes.<\/p>\n<p data-start=\"592\" data-end=\"867\"><img decoding=\"async\" class=\"aligncenter size-medium wp-image-22870 lazyload\" data-src=\"https:\/\/ubanews.com\/site\/wp-content\/uploads\/2025\/09\/Fala-Sodre-Damato-e-Reginaldo-lopes-mais-300x174.jpg\" alt=\"Fala Sodr\u00e9 \" width=\"300\" height=\"174\" data-srcset=\"https:\/\/ubanews.com\/site\/wp-content\/uploads\/2025\/09\/Fala-Sodre-Damato-e-Reginaldo-lopes-mais-300x174.jpg 300w, https:\/\/ubanews.com\/site\/wp-content\/uploads\/2025\/09\/Fala-Sodre-Damato-e-Reginaldo-lopes-mais.jpg 684w\" data-sizes=\"(max-width: 300px) 100vw, 300px\" src=\"data:image\/svg+xml;base64,PHN2ZyB3aWR0aD0iMSIgaGVpZ2h0PSIxIiB4bWxucz0iaHR0cDovL3d3dy53My5vcmcvMjAwMC9zdmciPjwvc3ZnPg==\" style=\"--smush-placeholder-width: 300px; --smush-placeholder-aspect-ratio: 300\/174;\" \/><\/p>\n<h3 data-start=\"869\" data-end=\"898\">Educa\u00e7\u00e3o como prioridade<\/h3>\n<p data-start=\"900\" data-end=\"1118\">Um dos destaques da entrevista foi a confirma\u00e7\u00e3o de <strong data-start=\"952\" data-end=\"1001\">R$ 16 milh\u00f5es para o Instituto Federal de Ub\u00e1<\/strong>. O objetivo \u00e9 ampliar cursos t\u00e9cnicos, modernizar a estrutura e oferecer mais oportunidades para jovens e adultos.<\/p>\n<p data-start=\"1120\" data-end=\"1380\">Segundo o prefeito Damato, a educa\u00e7\u00e3o \u00e9 o caminho para garantir crescimento sustent\u00e1vel. J\u00e1 o deputado Reginaldo ressaltou que a forma\u00e7\u00e3o t\u00e9cnica tem impacto direto na empregabilidade. Al\u00e9m disso, amplia a capacidade de inova\u00e7\u00e3o e fortalece a economia local.<\/p>\n<h3 data-start=\"1382\" data-end=\"1411\">Sa\u00fade com mais qualidade<\/h3>\n<p data-start=\"1413\" data-end=\"1681\">A \u00e1rea da sa\u00fade tamb\u00e9m receber\u00e1 aten\u00e7\u00e3o especial. Est\u00e3o previstos recursos para constru\u00e7\u00e3o de um hospital moderno e fortalecimento da rede de atendimento b\u00e1sico. A proposta \u00e9 melhorar a qualidade do servi\u00e7o e oferecer mais seguran\u00e7a para a popula\u00e7\u00e3o de Ub\u00e1 e regi\u00e3o.<\/p>\n<p data-start=\"1683\" data-end=\"1887\">Outro ponto mencionado foi o programa de habita\u00e7\u00e3o <strong data-start=\"1734\" data-end=\"1760\">Minha Casa, Minha Vida<\/strong>, que trar\u00e1 novas unidades para o munic\u00edpio. Isso significa moradia digna e mais qualidade de vida para centenas de fam\u00edlias.<\/p>\n<h3 data-start=\"1889\" data-end=\"1930\">Infraestrutura e gera\u00e7\u00e3o de empregos<\/h3>\n<p data-start=\"1932\" data-end=\"2158\">Os investimentos n\u00e3o se limitam a sa\u00fade e educa\u00e7\u00e3o. A infraestrutura tamb\u00e9m ser\u00e1 contemplada. O prefeito destacou que obras est\u00e3o previstas em diversos bairros, incluindo melhorias na mobilidade urbana e na rede de servi\u00e7os.<\/p>\n<p data-start=\"2160\" data-end=\"2354\">Portanto essas iniciativas v\u00e3o movimentar a economia local, gerar empregos e abrir espa\u00e7o para novas empresas. Em outras palavras Ub\u00e1, que j\u00e1 \u00e9 reconhecida como polo moveleiro, amplia sua import\u00e2ncia no cen\u00e1rio regional.<\/p>\n<h3 data-start=\"2356\" data-end=\"2387\">Parceria que d\u00e1 resultados<\/h3>\n<p data-start=\"2389\" data-end=\"2576\">Em s\u00edntese a entrevista evidenciou a import\u00e2ncia da parceria entre o munic\u00edpio e o governo federal. Em outras palavras o di\u00e1logo constante entre prefeitura, parlamentares e comunidade fortalece a busca por recursos.<\/p>\n<p data-start=\"2578\" data-end=\"2748\">Visto que o deputado Reginaldo Lopes refor\u00e7ou que esse \u00e9 apenas o in\u00edcio de uma s\u00e9rie de conquistas. Em suma o trabalho conjunto continuar\u00e1 para que novos investimentos cheguem \u00e0 cidade.<\/p>\n<h3 data-start=\"2750\" data-end=\"2781\">Um futuro de oportunidades<\/h3>\n<p data-start=\"2783\" data-end=\"2949\">Ent\u00e3o o sentimento geral da entrevista foi de otimismo. Neste caminho os recursos anunciados v\u00e3o muito al\u00e9m de n\u00fameros. Representam esperan\u00e7a, desenvolvimento e mais qualidade de vida.<\/p>\n<p data-start=\"2951\" data-end=\"3131\">Assim Ub\u00e1 caminha para se consolidar como um polo educacional, de sa\u00fade e de inova\u00e7\u00e3o. Desta forma a cidade se prepara para o futuro, com oportunidades que v\u00e3o transformar a vida de seus cidad\u00e3os.<\/p>\n<p><iframe title=\"Fala Sodr\u00e9 - Damato e Reginaldo Lopes anunciam quase 150 milh\u00f5es de investimentos em obras para Ub\u00e1\" width=\"840\" height=\"473\" data-src=\"https:\/\/www.youtube.com\/embed\/uswksmDMqJ8?feature=oembed\" frameborder=\"0\" allow=\"accelerometer; autoplay; clipboard-write; encrypted-media; gyroscope; picture-in-picture; web-share\" referrerpolicy=\"strict-origin-when-cross-origin\" allowfullscreen src=\"data:image\/svg+xml;base64,PHN2ZyB3aWR0aD0iMSIgaGVpZ2h0PSIxIiB4bWxucz0iaHR0cDovL3d3dy53My5vcmcvMjAwMC9zdmciPjwvc3ZnPg==\" class=\"lazyload\" data-load-mode=\"1\"><\/iframe><\/p>\n","protected":false},"excerpt":{"rendered":"<p>Ub\u00e1 recebe investimentos que prometem transformar a cidade A cidade<\/p>\n","protected":false},"author":4,"featured_media":22869,"comment_status":"open","ping_status":"open","sticky":false,"template":"","format":"standard","meta":{"footnotes":""},"categories":[45,3],"tags":[65,72,59,71,67,60],"class_list":["post-22868","post","type-post","status-publish","format-standard","has-post-thumbnail","hentry","category-destaque-principal","category-slide","tag-carlos-roberto-sodre","tag-damato","tag-fala-sodre","tag-professor-jose-damato","tag-sodre","tag-ubanews"],"yoast_head":"<!-- This site is optimized with the Yoast SEO plugin v27.2 - https:\/\/yoast.com\/product\/yoast-seo-wordpress\/ -->\n<title>Ub\u00e1 recebe investimentos - Ub\u00e1 News<\/title>\n<meta name=\"description\" content=\"Ub\u00e1 recebe mais de R$150 milh\u00f5es em investimentos em sa\u00fade, educa\u00e7\u00e3o e infraestrutura. Descubra como esses recursos v\u00e3o transformar a cidade.\" \/>\n<meta name=\"robots\" content=\"index, follow, max-snippet:-1, max-image-preview:large, max-video-preview:-1\" \/>\n<link rel=\"canonical\" href=\"https:\/\/ubanews.com\/site\/2025\/09\/01\/uba-recebe-investimentos\/\" \/>\n<meta property=\"og:locale\" content=\"pt_BR\" \/>\n<meta property=\"og:type\" content=\"article\" \/>\n<meta property=\"og:title\" content=\"Ub\u00e1 recebe investimentos - Ub\u00e1 News\" \/>\n<meta property=\"og:description\" content=\"Ub\u00e1 recebe mais de R$150 milh\u00f5es em investimentos em sa\u00fade, educa\u00e7\u00e3o e infraestrutura. Descubra como esses recursos v\u00e3o transformar a cidade.\" \/>\n<meta property=\"og:url\" content=\"https:\/\/ubanews.com\/site\/2025\/09\/01\/uba-recebe-investimentos\/\" \/>\n<meta property=\"og:site_name\" content=\"Ub\u00e1 News\" \/>\n<meta property=\"article:publisher\" content=\"https:\/\/www.facebook.com\/Ub%c3%a1News-Carlos-Roberto-Sodr%c3%a9-418778301977370\" \/>\n<meta property=\"article:published_time\" content=\"2025-09-01T17:55:37+00:00\" \/>\n<meta property=\"article:modified_time\" content=\"2025-09-02T23:46:41+00:00\" \/>\n<meta property=\"og:image\" content=\"https:\/\/ubanews.com\/site\/wp-content\/uploads\/2025\/09\/Fala-Sodre-Damato-e-Reginaldo-lopes.jpg\" \/>\n\t<meta property=\"og:image:width\" content=\"1264\" \/>\n\t<meta property=\"og:image:height\" content=\"671\" \/>\n\t<meta property=\"og:image:type\" content=\"image\/jpeg\" \/>\n<meta name=\"author\" content=\"Carlos Roberto Sodr\u00e9\" \/>\n<meta name=\"twitter:card\" content=\"summary_large_image\" \/>\n<meta name=\"twitter:label1\" content=\"Escrito por\" \/>\n\t<meta name=\"twitter:data1\" content=\"Carlos Roberto Sodr\u00e9\" \/>\n\t<meta name=\"twitter:label2\" content=\"Est. tempo de leitura\" \/>\n\t<meta name=\"twitter:data2\" content=\"3 minutos\" \/>\n<script type=\"application\/ld+json\" class=\"yoast-schema-graph\">{\"@context\":\"https:\/\/schema.org\",\"@graph\":[{\"@type\":\"Article\",\"@id\":\"https:\/\/ubanews.com\/site\/2025\/09\/01\/uba-recebe-investimentos\/#article\",\"isPartOf\":{\"@id\":\"https:\/\/ubanews.com\/site\/2025\/09\/01\/uba-recebe-investimentos\/\"},\"author\":{\"name\":\"Carlos Roberto Sodr\u00e9\",\"@id\":\"https:\/\/ubanews.com\/site\/#\/schema\/person\/9d8da9ec3c8d00640ab6e8c81e103310\"},\"headline\":\"Ub\u00e1 recebe investimentos\",\"datePublished\":\"2025-09-01T17:55:37+00:00\",\"dateModified\":\"2025-09-02T23:46:41+00:00\",\"mainEntityOfPage\":{\"@id\":\"https:\/\/ubanews.com\/site\/2025\/09\/01\/uba-recebe-investimentos\/\"},\"wordCount\":512,\"commentCount\":0,\"publisher\":{\"@id\":\"https:\/\/ubanews.com\/site\/#organization\"},\"image\":{\"@id\":\"https:\/\/ubanews.com\/site\/2025\/09\/01\/uba-recebe-investimentos\/#primaryimage\"},\"thumbnailUrl\":\"https:\/\/ubanews.com\/site\/wp-content\/uploads\/2025\/09\/Fala-Sodre-Damato-e-Reginaldo-lopes.jpg\",\"keywords\":[\"Carlos Roberto Sodr\u00e9\",\"Damato\",\"Fala Sodr\u00e9\",\"Professor Jos\u00e9 Damato\",\"Sodr\u00e9\",\"UBANEWS\"],\"articleSection\":[\"DESTAQUE PRINCIPAL\",\"Slide\"],\"inLanguage\":\"pt-BR\",\"potentialAction\":[{\"@type\":\"CommentAction\",\"name\":\"Comment\",\"target\":[\"https:\/\/ubanews.com\/site\/2025\/09\/01\/uba-recebe-investimentos\/#respond\"]}]},{\"@type\":\"WebPage\",\"@id\":\"https:\/\/ubanews.com\/site\/2025\/09\/01\/uba-recebe-investimentos\/\",\"url\":\"https:\/\/ubanews.com\/site\/2025\/09\/01\/uba-recebe-investimentos\/\",\"name\":\"Ub\u00e1 recebe investimentos - Ub\u00e1 News\",\"isPartOf\":{\"@id\":\"https:\/\/ubanews.com\/site\/#website\"},\"primaryImageOfPage\":{\"@id\":\"https:\/\/ubanews.com\/site\/2025\/09\/01\/uba-recebe-investimentos\/#primaryimage\"},\"image\":{\"@id\":\"https:\/\/ubanews.com\/site\/2025\/09\/01\/uba-recebe-investimentos\/#primaryimage\"},\"thumbnailUrl\":\"https:\/\/ubanews.com\/site\/wp-content\/uploads\/2025\/09\/Fala-Sodre-Damato-e-Reginaldo-lopes.jpg\",\"datePublished\":\"2025-09-01T17:55:37+00:00\",\"dateModified\":\"2025-09-02T23:46:41+00:00\",\"description\":\"Ub\u00e1 recebe mais de R$150 milh\u00f5es em investimentos em sa\u00fade, educa\u00e7\u00e3o e infraestrutura. Descubra como esses recursos v\u00e3o transformar a cidade.\",\"breadcrumb\":{\"@id\":\"https:\/\/ubanews.com\/site\/2025\/09\/01\/uba-recebe-investimentos\/#breadcrumb\"},\"inLanguage\":\"pt-BR\",\"potentialAction\":[{\"@type\":\"ReadAction\",\"target\":[\"https:\/\/ubanews.com\/site\/2025\/09\/01\/uba-recebe-investimentos\/\"]}]},{\"@type\":\"ImageObject\",\"inLanguage\":\"pt-BR\",\"@id\":\"https:\/\/ubanews.com\/site\/2025\/09\/01\/uba-recebe-investimentos\/#primaryimage\",\"url\":\"https:\/\/ubanews.com\/site\/wp-content\/uploads\/2025\/09\/Fala-Sodre-Damato-e-Reginaldo-lopes.jpg\",\"contentUrl\":\"https:\/\/ubanews.com\/site\/wp-content\/uploads\/2025\/09\/Fala-Sodre-Damato-e-Reginaldo-lopes.jpg\",\"width\":1264,\"height\":671,\"caption\":\"Fala Sodr\u00e9\"},{\"@type\":\"BreadcrumbList\",\"@id\":\"https:\/\/ubanews.com\/site\/2025\/09\/01\/uba-recebe-investimentos\/#breadcrumb\",\"itemListElement\":[{\"@type\":\"ListItem\",\"position\":1,\"name\":\"Home\",\"item\":\"https:\/\/ubanews.com\/site\/\"},{\"@type\":\"ListItem\",\"position\":2,\"name\":\"Ub\u00e1 recebe investimentos\"}]},{\"@type\":\"WebSite\",\"@id\":\"https:\/\/ubanews.com\/site\/#website\",\"url\":\"https:\/\/ubanews.com\/site\/\",\"name\":\"Ub\u00e1 News\",\"description\":\"\",\"publisher\":{\"@id\":\"https:\/\/ubanews.com\/site\/#organization\"},\"potentialAction\":[{\"@type\":\"SearchAction\",\"target\":{\"@type\":\"EntryPoint\",\"urlTemplate\":\"https:\/\/ubanews.com\/site\/?s={search_term_string}\"},\"query-input\":{\"@type\":\"PropertyValueSpecification\",\"valueRequired\":true,\"valueName\":\"search_term_string\"}}],\"inLanguage\":\"pt-BR\"},{\"@type\":\"Organization\",\"@id\":\"https:\/\/ubanews.com\/site\/#organization\",\"name\":\"Ub\u00e1 News\",\"url\":\"https:\/\/ubanews.com\/site\/\",\"logo\":{\"@type\":\"ImageObject\",\"inLanguage\":\"pt-BR\",\"@id\":\"https:\/\/ubanews.com\/site\/#\/schema\/logo\/image\/\",\"url\":\"https:\/\/ubanews.com\/site\/wp-content\/uploads\/2018\/01\/logoubanews.png\",\"contentUrl\":\"https:\/\/ubanews.com\/site\/wp-content\/uploads\/2018\/01\/logoubanews.png\",\"width\":261,\"height\":99,\"caption\":\"Ub\u00e1 News\"},\"image\":{\"@id\":\"https:\/\/ubanews.com\/site\/#\/schema\/logo\/image\/\"},\"sameAs\":[\"https:\/\/www.facebook.com\/Ub\u00e1News-Carlos-Roberto-Sodr\u00e9-418778301977370\"]},{\"@type\":\"Person\",\"@id\":\"https:\/\/ubanews.com\/site\/#\/schema\/person\/9d8da9ec3c8d00640ab6e8c81e103310\",\"name\":\"Carlos Roberto Sodr\u00e9\",\"image\":{\"@type\":\"ImageObject\",\"inLanguage\":\"pt-BR\",\"@id\":\"https:\/\/secure.gravatar.com\/avatar\/aab322e8555b56c468614fafdab8a8f924e394cdc6cfd8232f77e9e4d123a133?s=96&d=mm&r=g\",\"url\":\"https:\/\/secure.gravatar.com\/avatar\/aab322e8555b56c468614fafdab8a8f924e394cdc6cfd8232f77e9e4d123a133?s=96&d=mm&r=g\",\"contentUrl\":\"https:\/\/secure.gravatar.com\/avatar\/aab322e8555b56c468614fafdab8a8f924e394cdc6cfd8232f77e9e4d123a133?s=96&d=mm&r=g\",\"caption\":\"Carlos Roberto Sodr\u00e9\"},\"url\":\"https:\/\/ubanews.com\/site\/author\/sodre\/\"}]}<\/script>\n<!-- \/ Yoast SEO plugin. -->","yoast_head_json":{"title":"Ub\u00e1 recebe investimentos - Ub\u00e1 News","description":"Ub\u00e1 recebe mais de R$150 milh\u00f5es em investimentos em sa\u00fade, educa\u00e7\u00e3o e infraestrutura. Descubra como esses recursos v\u00e3o transformar a cidade.","robots":{"index":"index","follow":"follow","max-snippet":"max-snippet:-1","max-image-preview":"max-image-preview:large","max-video-preview":"max-video-preview:-1"},"canonical":"https:\/\/ubanews.com\/site\/2025\/09\/01\/uba-recebe-investimentos\/","og_locale":"pt_BR","og_type":"article","og_title":"Ub\u00e1 recebe investimentos - Ub\u00e1 News","og_description":"Ub\u00e1 recebe mais de R$150 milh\u00f5es em investimentos em sa\u00fade, educa\u00e7\u00e3o e infraestrutura. Descubra como esses recursos v\u00e3o transformar a cidade.","og_url":"https:\/\/ubanews.com\/site\/2025\/09\/01\/uba-recebe-investimentos\/","og_site_name":"Ub\u00e1 News","article_publisher":"https:\/\/www.facebook.com\/Ub%c3%a1News-Carlos-Roberto-Sodr%c3%a9-418778301977370","article_published_time":"2025-09-01T17:55:37+00:00","article_modified_time":"2025-09-02T23:46:41+00:00","og_image":[{"width":1264,"height":671,"url":"https:\/\/ubanews.com\/site\/wp-content\/uploads\/2025\/09\/Fala-Sodre-Damato-e-Reginaldo-lopes.jpg","type":"image\/jpeg"}],"author":"Carlos Roberto Sodr\u00e9","twitter_card":"summary_large_image","twitter_misc":{"Escrito por":"Carlos Roberto Sodr\u00e9","Est. tempo de leitura":"3 minutos"},"schema":{"@context":"https:\/\/schema.org","@graph":[{"@type":"Article","@id":"https:\/\/ubanews.com\/site\/2025\/09\/01\/uba-recebe-investimentos\/#article","isPartOf":{"@id":"https:\/\/ubanews.com\/site\/2025\/09\/01\/uba-recebe-investimentos\/"},"author":{"name":"Carlos Roberto Sodr\u00e9","@id":"https:\/\/ubanews.com\/site\/#\/schema\/person\/9d8da9ec3c8d00640ab6e8c81e103310"},"headline":"Ub\u00e1 recebe investimentos","datePublished":"2025-09-01T17:55:37+00:00","dateModified":"2025-09-02T23:46:41+00:00","mainEntityOfPage":{"@id":"https:\/\/ubanews.com\/site\/2025\/09\/01\/uba-recebe-investimentos\/"},"wordCount":512,"commentCount":0,"publisher":{"@id":"https:\/\/ubanews.com\/site\/#organization"},"image":{"@id":"https:\/\/ubanews.com\/site\/2025\/09\/01\/uba-recebe-investimentos\/#primaryimage"},"thumbnailUrl":"https:\/\/ubanews.com\/site\/wp-content\/uploads\/2025\/09\/Fala-Sodre-Damato-e-Reginaldo-lopes.jpg","keywords":["Carlos Roberto Sodr\u00e9","Damato","Fala Sodr\u00e9","Professor Jos\u00e9 Damato","Sodr\u00e9","UBANEWS"],"articleSection":["DESTAQUE PRINCIPAL","Slide"],"inLanguage":"pt-BR","potentialAction":[{"@type":"CommentAction","name":"Comment","target":["https:\/\/ubanews.com\/site\/2025\/09\/01\/uba-recebe-investimentos\/#respond"]}]},{"@type":"WebPage","@id":"https:\/\/ubanews.com\/site\/2025\/09\/01\/uba-recebe-investimentos\/","url":"https:\/\/ubanews.com\/site\/2025\/09\/01\/uba-recebe-investimentos\/","name":"Ub\u00e1 recebe investimentos - Ub\u00e1 News","isPartOf":{"@id":"https:\/\/ubanews.com\/site\/#website"},"primaryImageOfPage":{"@id":"https:\/\/ubanews.com\/site\/2025\/09\/01\/uba-recebe-investimentos\/#primaryimage"},"image":{"@id":"https:\/\/ubanews.com\/site\/2025\/09\/01\/uba-recebe-investimentos\/#primaryimage"},"thumbnailUrl":"https:\/\/ubanews.com\/site\/wp-content\/uploads\/2025\/09\/Fala-Sodre-Damato-e-Reginaldo-lopes.jpg","datePublished":"2025-09-01T17:55:37+00:00","dateModified":"2025-09-02T23:46:41+00:00","description":"Ub\u00e1 recebe mais de R$150 milh\u00f5es em investimentos em sa\u00fade, educa\u00e7\u00e3o e infraestrutura. Descubra como esses recursos v\u00e3o transformar a cidade.","breadcrumb":{"@id":"https:\/\/ubanews.com\/site\/2025\/09\/01\/uba-recebe-investimentos\/#breadcrumb"},"inLanguage":"pt-BR","potentialAction":[{"@type":"ReadAction","target":["https:\/\/ubanews.com\/site\/2025\/09\/01\/uba-recebe-investimentos\/"]}]},{"@type":"ImageObject","inLanguage":"pt-BR","@id":"https:\/\/ubanews.com\/site\/2025\/09\/01\/uba-recebe-investimentos\/#primaryimage","url":"https:\/\/ubanews.com\/site\/wp-content\/uploads\/2025\/09\/Fala-Sodre-Damato-e-Reginaldo-lopes.jpg","contentUrl":"https:\/\/ubanews.com\/site\/wp-content\/uploads\/2025\/09\/Fala-Sodre-Damato-e-Reginaldo-lopes.jpg","width":1264,"height":671,"caption":"Fala Sodr\u00e9"},{"@type":"BreadcrumbList","@id":"https:\/\/ubanews.com\/site\/2025\/09\/01\/uba-recebe-investimentos\/#breadcrumb","itemListElement":[{"@type":"ListItem","position":1,"name":"Home","item":"https:\/\/ubanews.com\/site\/"},{"@type":"ListItem","position":2,"name":"Ub\u00e1 recebe investimentos"}]},{"@type":"WebSite","@id":"https:\/\/ubanews.com\/site\/#website","url":"https:\/\/ubanews.com\/site\/","name":"Ub\u00e1 News","description":"","publisher":{"@id":"https:\/\/ubanews.com\/site\/#organization"},"potentialAction":[{"@type":"SearchAction","target":{"@type":"EntryPoint","urlTemplate":"https:\/\/ubanews.com\/site\/?s={search_term_string}"},"query-input":{"@type":"PropertyValueSpecification","valueRequired":true,"valueName":"search_term_string"}}],"inLanguage":"pt-BR"},{"@type":"Organization","@id":"https:\/\/ubanews.com\/site\/#organization","name":"Ub\u00e1 News","url":"https:\/\/ubanews.com\/site\/","logo":{"@type":"ImageObject","inLanguage":"pt-BR","@id":"https:\/\/ubanews.com\/site\/#\/schema\/logo\/image\/","url":"https:\/\/ubanews.com\/site\/wp-content\/uploads\/2018\/01\/logoubanews.png","contentUrl":"https:\/\/ubanews.com\/site\/wp-content\/uploads\/2018\/01\/logoubanews.png","width":261,"height":99,"caption":"Ub\u00e1 News"},"image":{"@id":"https:\/\/ubanews.com\/site\/#\/schema\/logo\/image\/"},"sameAs":["https:\/\/www.facebook.com\/Ub\u00e1News-Carlos-Roberto-Sodr\u00e9-418778301977370"]},{"@type":"Person","@id":"https:\/\/ubanews.com\/site\/#\/schema\/person\/9d8da9ec3c8d00640ab6e8c81e103310","name":"Carlos Roberto Sodr\u00e9","image":{"@type":"ImageObject","inLanguage":"pt-BR","@id":"https:\/\/secure.gravatar.com\/avatar\/aab322e8555b56c468614fafdab8a8f924e394cdc6cfd8232f77e9e4d123a133?s=96&d=mm&r=g","url":"https:\/\/secure.gravatar.com\/avatar\/aab322e8555b56c468614fafdab8a8f924e394cdc6cfd8232f77e9e4d123a133?s=96&d=mm&r=g","contentUrl":"https:\/\/secure.gravatar.com\/avatar\/aab322e8555b56c468614fafdab8a8f924e394cdc6cfd8232f77e9e4d123a133?s=96&d=mm&r=g","caption":"Carlos Roberto Sodr\u00e9"},"url":"https:\/\/ubanews.com\/site\/author\/sodre\/"}]}},"_links":{"self":[{"href":"https:\/\/ubanews.com\/site\/wp-json\/wp\/v2\/posts\/22868","targetHints":{"allow":["GET"]}}],"collection":[{"href":"https:\/\/ubanews.com\/site\/wp-json\/wp\/v2\/posts"}],"about":[{"href":"https:\/\/ubanews.com\/site\/wp-json\/wp\/v2\/types\/post"}],"author":[{"embeddable":true,"href":"https:\/\/ubanews.com\/site\/wp-json\/wp\/v2\/users\/4"}],"replies":[{"embeddable":true,"href":"https:\/\/ubanews.com\/site\/wp-json\/wp\/v2\/comments?post=22868"}],"version-history":[{"count":0,"href":"https:\/\/ubanews.com\/site\/wp-json\/wp\/v2\/posts\/22868\/revisions"}],"wp:featuredmedia":[{"embeddable":true,"href":"https:\/\/ubanews.com\/site\/wp-json\/wp\/v2\/media\/22869"}],"wp:attachment":[{"href":"https:\/\/ubanews.com\/site\/wp-json\/wp\/v2\/media?parent=22868"}],"wp:term":[{"taxonomy":"category","embeddable":true,"href":"https:\/\/ubanews.com\/site\/wp-json\/wp\/v2\/categories?post=22868"},{"taxonomy":"post_tag","embeddable":true,"href":"https:\/\/ubanews.com\/site\/wp-json\/wp\/v2\/tags?post=22868"}],"curies":[{"name":"wp","href":"https:\/\/api.w.org\/{rel}","templated":true}]}}