{"id":22866,"date":"2025-08-31T11:22:02","date_gmt":"2025-08-31T14:22:02","guid":{"rendered":"https:\/\/ubanews.com\/site\/?p=22866"},"modified":"2025-08-31T11:23:40","modified_gmt":"2025-08-31T14:23:40","slug":"almoco-empresarial-aciuba-o-poder-das-vendas-conscientes","status":"publish","type":"post","link":"https:\/\/ubanews.com\/site\/2025\/08\/31\/almoco-empresarial-aciuba-o-poder-das-vendas-conscientes\/","title":{"rendered":"Almo\u00e7o Empresarial ACIUB\u00c1, O Poder das Vendas Conscientes"},"content":{"rendered":"<p data-start=\"182\" data-end=\"274\">Almo\u00e7o Empresarial ACIUB\u00c1, O Poder das Vendas Conscientes. O poder das vendas conscientes: reflex\u00f5es e estrat\u00e9gias para empres\u00e1rios e profissionais. O universo das vendas faz parte do nosso cotidiano. A cada dia, negociamos ideias, produtos e at\u00e9 a nossa pr\u00f3pria imagem. Foi sobre esse tema que empres\u00e1rios e profissionais se reuniram em um encontro marcado por aprendizado e troca de experi\u00eancias. A conversa mostrou como vender vai muito al\u00e9m de oferecer algo: envolve entender pessoas, criar conex\u00f5es e gerar valor real.<\/p>\n<h2 data-start=\"182\" data-end=\"274\">Almo\u00e7o Empresarial ACIUB\u00c1, O Poder das Vendas Conscientes<\/h2>\n<p><a href=\"https:\/\/www.youtube.com\/live\/0xATM2GeOak?si=9axh6fbXID-L3bH5\" target=\"_blank\" rel=\"noopener\"><img decoding=\"async\" class=\"aligncenter size-medium wp-image-22867 lazyload\" data-src=\"https:\/\/ubanews.com\/site\/wp-content\/uploads\/2025\/08\/Almoco-Empresarial-Neurovendas-Elias-Coelho-300x153.jpg\" alt=\"Almo\u00e7o Empresarial - Neurovendas Elias Coelho\" width=\"300\" height=\"153\" data-srcset=\"https:\/\/ubanews.com\/site\/wp-content\/uploads\/2025\/08\/Almoco-Empresarial-Neurovendas-Elias-Coelho-300x153.jpg 300w, https:\/\/ubanews.com\/site\/wp-content\/uploads\/2025\/08\/Almoco-Empresarial-Neurovendas-Elias-Coelho-1024x521.jpg 1024w, https:\/\/ubanews.com\/site\/wp-content\/uploads\/2025\/08\/Almoco-Empresarial-Neurovendas-Elias-Coelho-768x390.jpg 768w, https:\/\/ubanews.com\/site\/wp-content\/uploads\/2025\/08\/Almoco-Empresarial-Neurovendas-Elias-Coelho.jpg 1255w\" data-sizes=\"(max-width: 300px) 100vw, 300px\" src=\"data:image\/svg+xml;base64,PHN2ZyB3aWR0aD0iMSIgaGVpZ2h0PSIxIiB4bWxucz0iaHR0cDovL3d3dy53My5vcmcvMjAwMC9zdmciPjwvc3ZnPg==\" style=\"--smush-placeholder-width: 300px; --smush-placeholder-aspect-ratio: 300\/153;\" \/><\/a><\/p>\n<h3 data-start=\"654\" data-end=\"688\">Vender \u00e9 parte da vida di\u00e1ria<\/h3>\n<p data-start=\"689\" data-end=\"968\">Desde o momento em que acordamos, estamos vendendo. Vendemos a nossa imagem, nossa opini\u00e3o e at\u00e9 a forma como nos relacionamos. Essa perspectiva amplia a vis\u00e3o de que vendas n\u00e3o se limitam ao ambiente corporativo. Na pr\u00e1tica, cada intera\u00e7\u00e3o \u00e9 uma oportunidade de mostrar valor.<\/p>\n<p data-start=\"970\" data-end=\"1262\">Durante o encontro, os especialistas ressaltaram que vender n\u00e3o significa enganar ou manipular. Pelo contr\u00e1rio, o objetivo \u00e9 compreender a necessidade do cliente e apresentar uma solu\u00e7\u00e3o que fa\u00e7a sentido. Essa abordagem constr\u00f3i confian\u00e7a e abre caminho para relacionamentos de longo prazo.<\/p>\n<h3 data-start=\"1264\" data-end=\"1311\">Conex\u00e3o emocional e experi\u00eancia do cliente<\/h3>\n<p data-start=\"1312\" data-end=\"1682\">Um ponto destacado foi a import\u00e2ncia da experi\u00eancia. Pesquisas mostram que clientes n\u00e3o compram apenas produtos, mas sim a forma como se sentem ao adquiri-los. Por isso, empresas que investem em encantamento conseguem se diferenciar. Exemplos como a Disney, refer\u00eancia mundial em experi\u00eancia do cliente, refor\u00e7am como o encantamento gera fidelidade e fortalece marcas.<\/p>\n<p data-start=\"1684\" data-end=\"1940\">Al\u00e9m disso, o cuidado pessoal e emocional influencia diretamente no desempenho de quem vende. Uma noite bem dormida, uma rotina equilibrada e atitudes positivas impactam no atendimento. O vendedor que transmite energia e verdade conquista mais confian\u00e7a.<\/p>\n<h3 data-start=\"1942\" data-end=\"1977\">A import\u00e2ncia da autenticidade<\/h3>\n<p data-start=\"1978\" data-end=\"2319\">Outro destaque foi a relev\u00e2ncia de colocar o rosto da pr\u00f3pria marca. Quando o dono ou respons\u00e1vel aparece, o p\u00fablico se conecta com a hist\u00f3ria real do neg\u00f3cio. Essa autenticidade transmite credibilidade e aproxima clientes. J\u00e1 delegar essa fun\u00e7\u00e3o para terceiros pode enfraquecer a rela\u00e7\u00e3o, pois o p\u00fablico busca a verdade por tr\u00e1s da marca.<\/p>\n<h3 data-start=\"2321\" data-end=\"2358\">Forma\u00e7\u00e3o e atualiza\u00e7\u00e3o constante<\/h3>\n<p data-start=\"2359\" data-end=\"2685\">O evento tamb\u00e9m abordou o papel do aprendizado cont\u00ednuo. Estudar t\u00e9cnicas de vendas, acompanhar tend\u00eancias e participar de treinamentos mant\u00e9m os profissionais preparados para um mercado em constante mudan\u00e7a. Vendas conscientes exigem postura consultiva: ouvir mais, entender necessidades e oferecer solu\u00e7\u00f5es personalizadas.<\/p>\n<h3 data-start=\"2687\" data-end=\"2727\">Vendas como motor da economia local<\/h3>\n<p data-start=\"2728\" data-end=\"3064\">Por fim, os participantes destacaram que vendas n\u00e3o s\u00e3o apenas sobre faturamento. Cada neg\u00f3cio que cresce gera empregos, movimenta a economia e fortalece a regi\u00e3o. Ub\u00e1 e a Zona da Mata, com sua tradi\u00e7\u00e3o industrial e empreendedora, se beneficiam de empres\u00e1rios preparados para inovar e conquistar clientes de forma \u00e9tica e sustent\u00e1vel.<\/p>\n<p><iframe title=\"Fala Sodr\u00e9 - ACIUB\u00c1 realizou mais um Almo\u00e7o Empresarial, onde Elias Coelho falou sobre Neurovendas\" width=\"840\" height=\"473\" data-src=\"https:\/\/www.youtube.com\/embed\/0xATM2GeOak?feature=oembed\" frameborder=\"0\" allow=\"accelerometer; autoplay; clipboard-write; encrypted-media; gyroscope; picture-in-picture; web-share\" referrerpolicy=\"strict-origin-when-cross-origin\" allowfullscreen src=\"data:image\/svg+xml;base64,PHN2ZyB3aWR0aD0iMSIgaGVpZ2h0PSIxIiB4bWxucz0iaHR0cDovL3d3dy53My5vcmcvMjAwMC9zdmciPjwvc3ZnPg==\" class=\"lazyload\" data-load-mode=\"1\"><\/iframe><\/p>\n","protected":false},"excerpt":{"rendered":"<p>Almo\u00e7o Empresarial ACIUB\u00c1, O Poder das Vendas Conscientes. O poder<\/p>\n","protected":false},"author":4,"featured_media":22867,"comment_status":"open","ping_status":"open","sticky":false,"template":"","format":"standard","meta":{"footnotes":""},"categories":[45,3],"tags":[],"class_list":["post-22866","post","type-post","status-publish","format-standard","has-post-thumbnail","hentry","category-destaque-principal","category-slide"],"yoast_head":"<!-- This site is optimized with the Yoast SEO plugin v27.2 - https:\/\/yoast.com\/product\/yoast-seo-wordpress\/ -->\n<title>Almo\u00e7o Empresarial ACIUB\u00c1, O Poder das Vendas Conscientes Ub\u00e1 News<\/title>\n<meta name=\"description\" content=\"Almo\u00e7o Empresarial. Vendas v\u00e3o al\u00e9m de produtos: envolvem conex\u00e3o, experi\u00eancia e autenticidade. Veja mais no blog.\" \/>\n<meta name=\"robots\" content=\"index, follow, max-snippet:-1, max-image-preview:large, max-video-preview:-1\" \/>\n<link rel=\"canonical\" href=\"https:\/\/ubanews.com\/site\/2025\/08\/31\/almoco-empresarial-aciuba-o-poder-das-vendas-conscientes\/\" \/>\n<meta property=\"og:locale\" content=\"pt_BR\" \/>\n<meta property=\"og:type\" content=\"article\" \/>\n<meta property=\"og:title\" content=\"Almo\u00e7o Empresarial ACIUB\u00c1, O Poder das Vendas Conscientes Ub\u00e1 News\" \/>\n<meta property=\"og:description\" content=\"Almo\u00e7o Empresarial. Vendas v\u00e3o al\u00e9m de produtos: envolvem conex\u00e3o, experi\u00eancia e autenticidade. Veja mais no blog.\" \/>\n<meta property=\"og:url\" content=\"https:\/\/ubanews.com\/site\/2025\/08\/31\/almoco-empresarial-aciuba-o-poder-das-vendas-conscientes\/\" \/>\n<meta property=\"og:site_name\" content=\"Ub\u00e1 News\" \/>\n<meta property=\"article:publisher\" content=\"https:\/\/www.facebook.com\/Ub%c3%a1News-Carlos-Roberto-Sodr%c3%a9-418778301977370\" \/>\n<meta property=\"article:published_time\" content=\"2025-08-31T14:22:02+00:00\" \/>\n<meta property=\"article:modified_time\" content=\"2025-08-31T14:23:40+00:00\" \/>\n<meta property=\"og:image\" content=\"https:\/\/ubanews.com\/site\/wp-content\/uploads\/2025\/08\/Almoco-Empresarial-Neurovendas-Elias-Coelho.jpg\" \/>\n\t<meta property=\"og:image:width\" content=\"1255\" \/>\n\t<meta property=\"og:image:height\" content=\"638\" \/>\n\t<meta property=\"og:image:type\" content=\"image\/jpeg\" \/>\n<meta name=\"author\" content=\"Carlos Roberto Sodr\u00e9\" \/>\n<meta name=\"twitter:card\" content=\"summary_large_image\" \/>\n<meta name=\"twitter:label1\" content=\"Escrito por\" \/>\n\t<meta name=\"twitter:data1\" content=\"Carlos Roberto Sodr\u00e9\" \/>\n\t<meta name=\"twitter:label2\" content=\"Est. tempo de leitura\" \/>\n\t<meta name=\"twitter:data2\" content=\"3 minutos\" \/>\n<script type=\"application\/ld+json\" class=\"yoast-schema-graph\">{\"@context\":\"https:\/\/schema.org\",\"@graph\":[{\"@type\":\"Article\",\"@id\":\"https:\/\/ubanews.com\/site\/2025\/08\/31\/almoco-empresarial-aciuba-o-poder-das-vendas-conscientes\/#article\",\"isPartOf\":{\"@id\":\"https:\/\/ubanews.com\/site\/2025\/08\/31\/almoco-empresarial-aciuba-o-poder-das-vendas-conscientes\/\"},\"author\":{\"name\":\"Carlos Roberto Sodr\u00e9\",\"@id\":\"https:\/\/ubanews.com\/site\/#\/schema\/person\/9d8da9ec3c8d00640ab6e8c81e103310\"},\"headline\":\"Almo\u00e7o Empresarial ACIUB\u00c1, O Poder das Vendas Conscientes\",\"datePublished\":\"2025-08-31T14:22:02+00:00\",\"dateModified\":\"2025-08-31T14:23:40+00:00\",\"mainEntityOfPage\":{\"@id\":\"https:\/\/ubanews.com\/site\/2025\/08\/31\/almoco-empresarial-aciuba-o-poder-das-vendas-conscientes\/\"},\"wordCount\":518,\"commentCount\":0,\"publisher\":{\"@id\":\"https:\/\/ubanews.com\/site\/#organization\"},\"image\":{\"@id\":\"https:\/\/ubanews.com\/site\/2025\/08\/31\/almoco-empresarial-aciuba-o-poder-das-vendas-conscientes\/#primaryimage\"},\"thumbnailUrl\":\"https:\/\/ubanews.com\/site\/wp-content\/uploads\/2025\/08\/Almoco-Empresarial-Neurovendas-Elias-Coelho.jpg\",\"articleSection\":[\"DESTAQUE PRINCIPAL\",\"Slide\"],\"inLanguage\":\"pt-BR\",\"potentialAction\":[{\"@type\":\"CommentAction\",\"name\":\"Comment\",\"target\":[\"https:\/\/ubanews.com\/site\/2025\/08\/31\/almoco-empresarial-aciuba-o-poder-das-vendas-conscientes\/#respond\"]}]},{\"@type\":\"WebPage\",\"@id\":\"https:\/\/ubanews.com\/site\/2025\/08\/31\/almoco-empresarial-aciuba-o-poder-das-vendas-conscientes\/\",\"url\":\"https:\/\/ubanews.com\/site\/2025\/08\/31\/almoco-empresarial-aciuba-o-poder-das-vendas-conscientes\/\",\"name\":\"Almo\u00e7o Empresarial ACIUB\u00c1, O Poder das Vendas Conscientes Ub\u00e1 News\",\"isPartOf\":{\"@id\":\"https:\/\/ubanews.com\/site\/#website\"},\"primaryImageOfPage\":{\"@id\":\"https:\/\/ubanews.com\/site\/2025\/08\/31\/almoco-empresarial-aciuba-o-poder-das-vendas-conscientes\/#primaryimage\"},\"image\":{\"@id\":\"https:\/\/ubanews.com\/site\/2025\/08\/31\/almoco-empresarial-aciuba-o-poder-das-vendas-conscientes\/#primaryimage\"},\"thumbnailUrl\":\"https:\/\/ubanews.com\/site\/wp-content\/uploads\/2025\/08\/Almoco-Empresarial-Neurovendas-Elias-Coelho.jpg\",\"datePublished\":\"2025-08-31T14:22:02+00:00\",\"dateModified\":\"2025-08-31T14:23:40+00:00\",\"description\":\"Almo\u00e7o Empresarial. Vendas v\u00e3o al\u00e9m de produtos: envolvem conex\u00e3o, experi\u00eancia e autenticidade. Veja mais no blog.\",\"breadcrumb\":{\"@id\":\"https:\/\/ubanews.com\/site\/2025\/08\/31\/almoco-empresarial-aciuba-o-poder-das-vendas-conscientes\/#breadcrumb\"},\"inLanguage\":\"pt-BR\",\"potentialAction\":[{\"@type\":\"ReadAction\",\"target\":[\"https:\/\/ubanews.com\/site\/2025\/08\/31\/almoco-empresarial-aciuba-o-poder-das-vendas-conscientes\/\"]}]},{\"@type\":\"ImageObject\",\"inLanguage\":\"pt-BR\",\"@id\":\"https:\/\/ubanews.com\/site\/2025\/08\/31\/almoco-empresarial-aciuba-o-poder-das-vendas-conscientes\/#primaryimage\",\"url\":\"https:\/\/ubanews.com\/site\/wp-content\/uploads\/2025\/08\/Almoco-Empresarial-Neurovendas-Elias-Coelho.jpg\",\"contentUrl\":\"https:\/\/ubanews.com\/site\/wp-content\/uploads\/2025\/08\/Almoco-Empresarial-Neurovendas-Elias-Coelho.jpg\",\"width\":1255,\"height\":638,\"caption\":\"Almo\u00e7o Empresarial - Neurovendas Elias Coelho\"},{\"@type\":\"BreadcrumbList\",\"@id\":\"https:\/\/ubanews.com\/site\/2025\/08\/31\/almoco-empresarial-aciuba-o-poder-das-vendas-conscientes\/#breadcrumb\",\"itemListElement\":[{\"@type\":\"ListItem\",\"position\":1,\"name\":\"Home\",\"item\":\"https:\/\/ubanews.com\/site\/\"},{\"@type\":\"ListItem\",\"position\":2,\"name\":\"Almo\u00e7o Empresarial ACIUB\u00c1, O Poder das Vendas Conscientes\"}]},{\"@type\":\"WebSite\",\"@id\":\"https:\/\/ubanews.com\/site\/#website\",\"url\":\"https:\/\/ubanews.com\/site\/\",\"name\":\"Ub\u00e1 News\",\"description\":\"\",\"publisher\":{\"@id\":\"https:\/\/ubanews.com\/site\/#organization\"},\"potentialAction\":[{\"@type\":\"SearchAction\",\"target\":{\"@type\":\"EntryPoint\",\"urlTemplate\":\"https:\/\/ubanews.com\/site\/?s={search_term_string}\"},\"query-input\":{\"@type\":\"PropertyValueSpecification\",\"valueRequired\":true,\"valueName\":\"search_term_string\"}}],\"inLanguage\":\"pt-BR\"},{\"@type\":\"Organization\",\"@id\":\"https:\/\/ubanews.com\/site\/#organization\",\"name\":\"Ub\u00e1 News\",\"url\":\"https:\/\/ubanews.com\/site\/\",\"logo\":{\"@type\":\"ImageObject\",\"inLanguage\":\"pt-BR\",\"@id\":\"https:\/\/ubanews.com\/site\/#\/schema\/logo\/image\/\",\"url\":\"https:\/\/ubanews.com\/site\/wp-content\/uploads\/2018\/01\/logoubanews.png\",\"contentUrl\":\"https:\/\/ubanews.com\/site\/wp-content\/uploads\/2018\/01\/logoubanews.png\",\"width\":261,\"height\":99,\"caption\":\"Ub\u00e1 News\"},\"image\":{\"@id\":\"https:\/\/ubanews.com\/site\/#\/schema\/logo\/image\/\"},\"sameAs\":[\"https:\/\/www.facebook.com\/Ub\u00e1News-Carlos-Roberto-Sodr\u00e9-418778301977370\"]},{\"@type\":\"Person\",\"@id\":\"https:\/\/ubanews.com\/site\/#\/schema\/person\/9d8da9ec3c8d00640ab6e8c81e103310\",\"name\":\"Carlos Roberto Sodr\u00e9\",\"image\":{\"@type\":\"ImageObject\",\"inLanguage\":\"pt-BR\",\"@id\":\"https:\/\/secure.gravatar.com\/avatar\/aab322e8555b56c468614fafdab8a8f924e394cdc6cfd8232f77e9e4d123a133?s=96&d=mm&r=g\",\"url\":\"https:\/\/secure.gravatar.com\/avatar\/aab322e8555b56c468614fafdab8a8f924e394cdc6cfd8232f77e9e4d123a133?s=96&d=mm&r=g\",\"contentUrl\":\"https:\/\/secure.gravatar.com\/avatar\/aab322e8555b56c468614fafdab8a8f924e394cdc6cfd8232f77e9e4d123a133?s=96&d=mm&r=g\",\"caption\":\"Carlos Roberto Sodr\u00e9\"},\"url\":\"https:\/\/ubanews.com\/site\/author\/sodre\/\"}]}<\/script>\n<!-- \/ Yoast SEO plugin. -->","yoast_head_json":{"title":"Almo\u00e7o Empresarial ACIUB\u00c1, O Poder das Vendas Conscientes Ub\u00e1 News","description":"Almo\u00e7o Empresarial. Vendas v\u00e3o al\u00e9m de produtos: envolvem conex\u00e3o, experi\u00eancia e autenticidade. Veja mais no blog.","robots":{"index":"index","follow":"follow","max-snippet":"max-snippet:-1","max-image-preview":"max-image-preview:large","max-video-preview":"max-video-preview:-1"},"canonical":"https:\/\/ubanews.com\/site\/2025\/08\/31\/almoco-empresarial-aciuba-o-poder-das-vendas-conscientes\/","og_locale":"pt_BR","og_type":"article","og_title":"Almo\u00e7o Empresarial ACIUB\u00c1, O Poder das Vendas Conscientes Ub\u00e1 News","og_description":"Almo\u00e7o Empresarial. Vendas v\u00e3o al\u00e9m de produtos: envolvem conex\u00e3o, experi\u00eancia e autenticidade. Veja mais no blog.","og_url":"https:\/\/ubanews.com\/site\/2025\/08\/31\/almoco-empresarial-aciuba-o-poder-das-vendas-conscientes\/","og_site_name":"Ub\u00e1 News","article_publisher":"https:\/\/www.facebook.com\/Ub%c3%a1News-Carlos-Roberto-Sodr%c3%a9-418778301977370","article_published_time":"2025-08-31T14:22:02+00:00","article_modified_time":"2025-08-31T14:23:40+00:00","og_image":[{"width":1255,"height":638,"url":"https:\/\/ubanews.com\/site\/wp-content\/uploads\/2025\/08\/Almoco-Empresarial-Neurovendas-Elias-Coelho.jpg","type":"image\/jpeg"}],"author":"Carlos Roberto Sodr\u00e9","twitter_card":"summary_large_image","twitter_misc":{"Escrito por":"Carlos Roberto Sodr\u00e9","Est. tempo de leitura":"3 minutos"},"schema":{"@context":"https:\/\/schema.org","@graph":[{"@type":"Article","@id":"https:\/\/ubanews.com\/site\/2025\/08\/31\/almoco-empresarial-aciuba-o-poder-das-vendas-conscientes\/#article","isPartOf":{"@id":"https:\/\/ubanews.com\/site\/2025\/08\/31\/almoco-empresarial-aciuba-o-poder-das-vendas-conscientes\/"},"author":{"name":"Carlos Roberto Sodr\u00e9","@id":"https:\/\/ubanews.com\/site\/#\/schema\/person\/9d8da9ec3c8d00640ab6e8c81e103310"},"headline":"Almo\u00e7o Empresarial ACIUB\u00c1, O Poder das Vendas Conscientes","datePublished":"2025-08-31T14:22:02+00:00","dateModified":"2025-08-31T14:23:40+00:00","mainEntityOfPage":{"@id":"https:\/\/ubanews.com\/site\/2025\/08\/31\/almoco-empresarial-aciuba-o-poder-das-vendas-conscientes\/"},"wordCount":518,"commentCount":0,"publisher":{"@id":"https:\/\/ubanews.com\/site\/#organization"},"image":{"@id":"https:\/\/ubanews.com\/site\/2025\/08\/31\/almoco-empresarial-aciuba-o-poder-das-vendas-conscientes\/#primaryimage"},"thumbnailUrl":"https:\/\/ubanews.com\/site\/wp-content\/uploads\/2025\/08\/Almoco-Empresarial-Neurovendas-Elias-Coelho.jpg","articleSection":["DESTAQUE PRINCIPAL","Slide"],"inLanguage":"pt-BR","potentialAction":[{"@type":"CommentAction","name":"Comment","target":["https:\/\/ubanews.com\/site\/2025\/08\/31\/almoco-empresarial-aciuba-o-poder-das-vendas-conscientes\/#respond"]}]},{"@type":"WebPage","@id":"https:\/\/ubanews.com\/site\/2025\/08\/31\/almoco-empresarial-aciuba-o-poder-das-vendas-conscientes\/","url":"https:\/\/ubanews.com\/site\/2025\/08\/31\/almoco-empresarial-aciuba-o-poder-das-vendas-conscientes\/","name":"Almo\u00e7o Empresarial ACIUB\u00c1, O Poder das Vendas Conscientes Ub\u00e1 News","isPartOf":{"@id":"https:\/\/ubanews.com\/site\/#website"},"primaryImageOfPage":{"@id":"https:\/\/ubanews.com\/site\/2025\/08\/31\/almoco-empresarial-aciuba-o-poder-das-vendas-conscientes\/#primaryimage"},"image":{"@id":"https:\/\/ubanews.com\/site\/2025\/08\/31\/almoco-empresarial-aciuba-o-poder-das-vendas-conscientes\/#primaryimage"},"thumbnailUrl":"https:\/\/ubanews.com\/site\/wp-content\/uploads\/2025\/08\/Almoco-Empresarial-Neurovendas-Elias-Coelho.jpg","datePublished":"2025-08-31T14:22:02+00:00","dateModified":"2025-08-31T14:23:40+00:00","description":"Almo\u00e7o Empresarial. Vendas v\u00e3o al\u00e9m de produtos: envolvem conex\u00e3o, experi\u00eancia e autenticidade. Veja mais no blog.","breadcrumb":{"@id":"https:\/\/ubanews.com\/site\/2025\/08\/31\/almoco-empresarial-aciuba-o-poder-das-vendas-conscientes\/#breadcrumb"},"inLanguage":"pt-BR","potentialAction":[{"@type":"ReadAction","target":["https:\/\/ubanews.com\/site\/2025\/08\/31\/almoco-empresarial-aciuba-o-poder-das-vendas-conscientes\/"]}]},{"@type":"ImageObject","inLanguage":"pt-BR","@id":"https:\/\/ubanews.com\/site\/2025\/08\/31\/almoco-empresarial-aciuba-o-poder-das-vendas-conscientes\/#primaryimage","url":"https:\/\/ubanews.com\/site\/wp-content\/uploads\/2025\/08\/Almoco-Empresarial-Neurovendas-Elias-Coelho.jpg","contentUrl":"https:\/\/ubanews.com\/site\/wp-content\/uploads\/2025\/08\/Almoco-Empresarial-Neurovendas-Elias-Coelho.jpg","width":1255,"height":638,"caption":"Almo\u00e7o Empresarial - Neurovendas Elias Coelho"},{"@type":"BreadcrumbList","@id":"https:\/\/ubanews.com\/site\/2025\/08\/31\/almoco-empresarial-aciuba-o-poder-das-vendas-conscientes\/#breadcrumb","itemListElement":[{"@type":"ListItem","position":1,"name":"Home","item":"https:\/\/ubanews.com\/site\/"},{"@type":"ListItem","position":2,"name":"Almo\u00e7o Empresarial ACIUB\u00c1, O Poder das Vendas Conscientes"}]},{"@type":"WebSite","@id":"https:\/\/ubanews.com\/site\/#website","url":"https:\/\/ubanews.com\/site\/","name":"Ub\u00e1 News","description":"","publisher":{"@id":"https:\/\/ubanews.com\/site\/#organization"},"potentialAction":[{"@type":"SearchAction","target":{"@type":"EntryPoint","urlTemplate":"https:\/\/ubanews.com\/site\/?s={search_term_string}"},"query-input":{"@type":"PropertyValueSpecification","valueRequired":true,"valueName":"search_term_string"}}],"inLanguage":"pt-BR"},{"@type":"Organization","@id":"https:\/\/ubanews.com\/site\/#organization","name":"Ub\u00e1 News","url":"https:\/\/ubanews.com\/site\/","logo":{"@type":"ImageObject","inLanguage":"pt-BR","@id":"https:\/\/ubanews.com\/site\/#\/schema\/logo\/image\/","url":"https:\/\/ubanews.com\/site\/wp-content\/uploads\/2018\/01\/logoubanews.png","contentUrl":"https:\/\/ubanews.com\/site\/wp-content\/uploads\/2018\/01\/logoubanews.png","width":261,"height":99,"caption":"Ub\u00e1 News"},"image":{"@id":"https:\/\/ubanews.com\/site\/#\/schema\/logo\/image\/"},"sameAs":["https:\/\/www.facebook.com\/Ub\u00e1News-Carlos-Roberto-Sodr\u00e9-418778301977370"]},{"@type":"Person","@id":"https:\/\/ubanews.com\/site\/#\/schema\/person\/9d8da9ec3c8d00640ab6e8c81e103310","name":"Carlos Roberto Sodr\u00e9","image":{"@type":"ImageObject","inLanguage":"pt-BR","@id":"https:\/\/secure.gravatar.com\/avatar\/aab322e8555b56c468614fafdab8a8f924e394cdc6cfd8232f77e9e4d123a133?s=96&d=mm&r=g","url":"https:\/\/secure.gravatar.com\/avatar\/aab322e8555b56c468614fafdab8a8f924e394cdc6cfd8232f77e9e4d123a133?s=96&d=mm&r=g","contentUrl":"https:\/\/secure.gravatar.com\/avatar\/aab322e8555b56c468614fafdab8a8f924e394cdc6cfd8232f77e9e4d123a133?s=96&d=mm&r=g","caption":"Carlos Roberto Sodr\u00e9"},"url":"https:\/\/ubanews.com\/site\/author\/sodre\/"}]}},"_links":{"self":[{"href":"https:\/\/ubanews.com\/site\/wp-json\/wp\/v2\/posts\/22866","targetHints":{"allow":["GET"]}}],"collection":[{"href":"https:\/\/ubanews.com\/site\/wp-json\/wp\/v2\/posts"}],"about":[{"href":"https:\/\/ubanews.com\/site\/wp-json\/wp\/v2\/types\/post"}],"author":[{"embeddable":true,"href":"https:\/\/ubanews.com\/site\/wp-json\/wp\/v2\/users\/4"}],"replies":[{"embeddable":true,"href":"https:\/\/ubanews.com\/site\/wp-json\/wp\/v2\/comments?post=22866"}],"version-history":[{"count":0,"href":"https:\/\/ubanews.com\/site\/wp-json\/wp\/v2\/posts\/22866\/revisions"}],"wp:featuredmedia":[{"embeddable":true,"href":"https:\/\/ubanews.com\/site\/wp-json\/wp\/v2\/media\/22867"}],"wp:attachment":[{"href":"https:\/\/ubanews.com\/site\/wp-json\/wp\/v2\/media?parent=22866"}],"wp:term":[{"taxonomy":"category","embeddable":true,"href":"https:\/\/ubanews.com\/site\/wp-json\/wp\/v2\/categories?post=22866"},{"taxonomy":"post_tag","embeddable":true,"href":"https:\/\/ubanews.com\/site\/wp-json\/wp\/v2\/tags?post=22866"}],"curies":[{"name":"wp","href":"https:\/\/api.w.org\/{rel}","templated":true}]}}