{"id":22864,"date":"2025-08-31T10:49:37","date_gmt":"2025-08-31T13:49:37","guid":{"rendered":"https:\/\/ubanews.com\/site\/?p=22864"},"modified":"2025-08-31T10:49:37","modified_gmt":"2025-08-31T13:49:37","slug":"fala-sodre-secretario-antonio-geraldo-alves","status":"publish","type":"post","link":"https:\/\/ubanews.com\/site\/2025\/08\/31\/fala-sodre-secretario-antonio-geraldo-alves\/","title":{"rendered":"Fala Sodr\u00e9: Secret\u00e1rio Ant\u00f4nio Geraldo Alves"},"content":{"rendered":"<p data-start=\"215\" data-end=\"308\">Planejamento em Ub\u00e1: Secret\u00e1rio Ant\u00f4nio Geraldo Alves destaca avan\u00e7os e novos investimentos.\u00a0O rep\u00f3rter <strong data-start=\"321\" data-end=\"345\">Carlos Roberto Sodr\u00e9<\/strong> recebeu no programa <em data-start=\"366\" data-end=\"378\">Fala Sodr\u00e9<\/em>, do <strong data-start=\"383\" data-end=\"401\">Portal Ubanews<\/strong>, o <strong data-start=\"405\" data-end=\"452\">Secret\u00e1rio Municipal de Planejamento de Ub\u00e1<\/strong>, <strong data-start=\"454\" data-end=\"479\">Ant\u00f4nio Geraldo Alves<\/strong>. Durante a entrevista, o secret\u00e1rio falou sobre sua trajet\u00f3ria pol\u00edtica, os investimentos em andamento e os desafios para o futuro da cidade. A conversa mostrou como o planejamento vem transformando a gest\u00e3o p\u00fablica e criando novas oportunidades para os moradores.<\/p>\n<h2 data-start=\"215\" data-end=\"308\">Planejamento em Ub\u00e1: Secret\u00e1rio Ant\u00f4nio Geraldo Alves destaca avan\u00e7os e novos investimentos.<\/h2>\n<p><a href=\"https:\/\/www.youtube.com\/live\/nP1dIiQrCuU?si=v5AJv5Fesg3m667e\" target=\"_blank\" rel=\"noopener\"><img decoding=\"async\" class=\"aligncenter size-medium wp-image-22865 lazyload\" data-src=\"https:\/\/ubanews.com\/site\/wp-content\/uploads\/2025\/08\/Fala-Sodre-Secretario-Municipal-de-Planejamento-da-Cidade-de-Uba-Antonio-Geraldo-Alves-foi-o-entrevistado-pelo-Carlos-Roberto-Sodre-300x147.jpg\" alt=\"Fala Sodr\u00e9 - Secret\u00e1rio Municipal de Planejamento da Cidade de Ub\u00e1 Ant\u00f4nio Geraldo Alves foi o entrevistado pelo Carlos Roberto Sodr\u00e9\" width=\"300\" height=\"147\" data-srcset=\"https:\/\/ubanews.com\/site\/wp-content\/uploads\/2025\/08\/Fala-Sodre-Secretario-Municipal-de-Planejamento-da-Cidade-de-Uba-Antonio-Geraldo-Alves-foi-o-entrevistado-pelo-Carlos-Roberto-Sodre-300x147.jpg 300w, https:\/\/ubanews.com\/site\/wp-content\/uploads\/2025\/08\/Fala-Sodre-Secretario-Municipal-de-Planejamento-da-Cidade-de-Uba-Antonio-Geraldo-Alves-foi-o-entrevistado-pelo-Carlos-Roberto-Sodre-1024x503.jpg 1024w, https:\/\/ubanews.com\/site\/wp-content\/uploads\/2025\/08\/Fala-Sodre-Secretario-Municipal-de-Planejamento-da-Cidade-de-Uba-Antonio-Geraldo-Alves-foi-o-entrevistado-pelo-Carlos-Roberto-Sodre-768x377.jpg 768w, https:\/\/ubanews.com\/site\/wp-content\/uploads\/2025\/08\/Fala-Sodre-Secretario-Municipal-de-Planejamento-da-Cidade-de-Uba-Antonio-Geraldo-Alves-foi-o-entrevistado-pelo-Carlos-Roberto-Sodre.jpg 1285w\" data-sizes=\"(max-width: 300px) 100vw, 300px\" src=\"data:image\/svg+xml;base64,PHN2ZyB3aWR0aD0iMSIgaGVpZ2h0PSIxIiB4bWxucz0iaHR0cDovL3d3dy53My5vcmcvMjAwMC9zdmciPjwvc3ZnPg==\" style=\"--smush-placeholder-width: 300px; --smush-placeholder-aspect-ratio: 300\/147;\" \/><\/a><\/p>\n<h3 data-start=\"746\" data-end=\"783\">Experi\u00eancia que fortalece a gest\u00e3o<\/h3>\n<p data-start=\"784\" data-end=\"1229\">Ant\u00f4nio Geraldo tem uma vida p\u00fablica marcada por diferentes fun\u00e7\u00f5es. Ele iniciou sua carreira como professor, formou-se em Biologia e depois em Direito. Tamb\u00e9m foi prefeito em outras cidades mineiras, onde acumulou experi\u00eancia em administra\u00e7\u00e3o p\u00fablica. Essa bagagem, segundo ele, oferece seguran\u00e7a e embasamento para decis\u00f5es estrat\u00e9gicas em Ub\u00e1. \u201cQuis estudar Direito para ter conhecimento e dar mais consist\u00eancia \u00e0s minhas decis\u00f5es\u201d, explicou.<\/p>\n<h3 data-start=\"1231\" data-end=\"1273\">Moderniza\u00e7\u00e3o e efici\u00eancia nos processos<\/h3>\n<p data-start=\"1274\" data-end=\"1745\">Na entrevista, o secret\u00e1rio ressaltou que a secretaria trabalha para reduzir prazos e dar mais agilidade aos projetos. Antes, o munic\u00edpio possu\u00eda apenas dois analistas para atender \u00e0 alta demanda de loteamentos e constru\u00e7\u00f5es. Hoje, com ajustes internos e novos processos, a an\u00e1lise ficou mais r\u00e1pida. Isso facilita o crescimento urbano e reduz custos para quem investe na cidade. Al\u00e9m disso, a gest\u00e3o aposta em tecnologia e intelig\u00eancia social para ampliar os resultados.<\/p>\n<h3 data-start=\"1747\" data-end=\"1779\">Sa\u00fade p\u00fablica como prioridade<\/h3>\n<p data-start=\"1780\" data-end=\"2219\">Outro ponto central foi o investimento em sa\u00fade. Ub\u00e1 deve receber novos recursos que permitir\u00e3o ampliar a capacidade de atendimento. Entre as melhorias est\u00e3o a expans\u00e3o de cirurgias, a realiza\u00e7\u00e3o de mais exames e o fortalecimento da rede hospitalar. O secret\u00e1rio destacou que esses avan\u00e7os s\u00e3o resultado de parcerias com o governo estadual e federal. \u201cNosso trabalho em seis meses trouxe n\u00fameros que n\u00e3o apareceram em oito anos\u201d, destacou.<\/p>\n<h3 data-start=\"2221\" data-end=\"2253\">Habita\u00e7\u00e3o e qualidade de vida<\/h3>\n<p data-start=\"2254\" data-end=\"2643\">O planejamento tamb\u00e9m foca na constru\u00e7\u00e3o de moradias populares. J\u00e1 existem projetos em andamento para entregar centenas de novas casas. Segundo Ant\u00f4nio Geraldo, essas iniciativas representam inclus\u00e3o social, al\u00e9m de fomentar a economia local. A habita\u00e7\u00e3o \u00e9 vista como eixo estrat\u00e9gico para o futuro da cidade, pois garante dignidade e seguran\u00e7a para fam\u00edlias que sonham com a casa pr\u00f3pria.<\/p>\n<h3 data-start=\"2645\" data-end=\"2682\">Parcerias e articula\u00e7\u00f5es pol\u00edticas<\/h3>\n<p data-start=\"2683\" data-end=\"3033\">Durante a entrevista, o secret\u00e1rio destacou o apoio de parlamentares como o deputado federal <strong data-start=\"2776\" data-end=\"2795\">Reginaldo Lopes<\/strong>, que articula investimentos para Ub\u00e1. A boa rela\u00e7\u00e3o com o governo estadual tamb\u00e9m tem aberto portas para novos recursos. Essa proximidade possibilita que projetos saiam do papel em menos tempo e cheguem com mais impacto para a popula\u00e7\u00e3o.<\/p>\n<h3 data-start=\"3035\" data-end=\"3057\">Compromisso com Ub\u00e1<\/h3>\n<p data-start=\"3058\" data-end=\"3354\">Ao final, Ant\u00f4nio Geraldo deixou claro que n\u00e3o busca novos cargos pol\u00edticos. Sua motiva\u00e7\u00e3o \u00e9 entregar resultados concretos. \u201cO que me anima \u00e9 transformar a vida das pessoas. Quero que as a\u00e7\u00f5es falem mais alto que qualquer discurso\u201d, afirmou. Para ele, o compromisso com Ub\u00e1 \u00e9 prioridade absoluta.<\/p>\n<h2 data-start=\"3058\" data-end=\"3354\">Fala Sodr\u00e9: Secret\u00e1rio Ant\u00f4nio Geraldo Alves<\/h2>\n<p><iframe title=\"Fala Sodr\u00e9 - O Secret\u00e1rio de Planejamento Ant\u00f4nio Geraldo Alves \u00e9 o entrevistado hoje 18\/08\/2025\" width=\"840\" height=\"473\" data-src=\"https:\/\/www.youtube.com\/embed\/nP1dIiQrCuU?feature=oembed\" frameborder=\"0\" allow=\"accelerometer; autoplay; clipboard-write; encrypted-media; gyroscope; picture-in-picture; web-share\" referrerpolicy=\"strict-origin-when-cross-origin\" allowfullscreen src=\"data:image\/svg+xml;base64,PHN2ZyB3aWR0aD0iMSIgaGVpZ2h0PSIxIiB4bWxucz0iaHR0cDovL3d3dy53My5vcmcvMjAwMC9zdmciPjwvc3ZnPg==\" class=\"lazyload\" data-load-mode=\"1\"><\/iframe><\/p>\n<p data-start=\"2218\" data-end=\"2417\">\n","protected":false},"excerpt":{"rendered":"<p>Planejamento em Ub\u00e1: Secret\u00e1rio Ant\u00f4nio Geraldo Alves destaca avan\u00e7os e<\/p>\n","protected":false},"author":4,"featured_media":22865,"comment_status":"open","ping_status":"open","sticky":false,"template":"","format":"standard","meta":{"footnotes":""},"categories":[45,3],"tags":[65,59,67],"class_list":["post-22864","post","type-post","status-publish","format-standard","has-post-thumbnail","hentry","category-destaque-principal","category-slide","tag-carlos-roberto-sodre","tag-fala-sodre","tag-sodre"],"yoast_head":"<!-- This site is optimized with the Yoast SEO plugin v27.2 - https:\/\/yoast.com\/product\/yoast-seo-wordpress\/ -->\n<title>Fala Sodr\u00e9: Secret\u00e1rio Ant\u00f4nio Geraldo Alves Ub\u00e1 News<\/title>\n<meta name=\"description\" content=\"Secret\u00e1rio de Planejamento, Ant\u00f4nio Geraldo Alves, Fala Sodr\u00e9 sobre sa\u00fade, habita\u00e7\u00e3o e moderniza\u00e7\u00e3o da gest\u00e3o. Confira avan\u00e7os para a cidade.\" \/>\n<meta name=\"robots\" content=\"index, follow, max-snippet:-1, max-image-preview:large, max-video-preview:-1\" \/>\n<link rel=\"canonical\" href=\"https:\/\/ubanews.com\/site\/2025\/08\/31\/fala-sodre-secretario-antonio-geraldo-alves\/\" \/>\n<meta property=\"og:locale\" content=\"pt_BR\" \/>\n<meta property=\"og:type\" content=\"article\" \/>\n<meta property=\"og:title\" content=\"Fala Sodr\u00e9: Secret\u00e1rio Ant\u00f4nio Geraldo Alves Ub\u00e1 News\" \/>\n<meta property=\"og:description\" content=\"Secret\u00e1rio de Planejamento, Ant\u00f4nio Geraldo Alves, Fala Sodr\u00e9 sobre sa\u00fade, habita\u00e7\u00e3o e moderniza\u00e7\u00e3o da gest\u00e3o. Confira avan\u00e7os para a cidade.\" \/>\n<meta property=\"og:url\" content=\"https:\/\/ubanews.com\/site\/2025\/08\/31\/fala-sodre-secretario-antonio-geraldo-alves\/\" \/>\n<meta property=\"og:site_name\" content=\"Ub\u00e1 News\" \/>\n<meta property=\"article:publisher\" content=\"https:\/\/www.facebook.com\/Ub%c3%a1News-Carlos-Roberto-Sodr%c3%a9-418778301977370\" \/>\n<meta property=\"article:published_time\" content=\"2025-08-31T13:49:37+00:00\" \/>\n<meta property=\"og:image\" content=\"https:\/\/ubanews.com\/site\/wp-content\/uploads\/2025\/08\/Fala-Sodre-Secretario-Municipal-de-Planejamento-da-Cidade-de-Uba-Antonio-Geraldo-Alves-foi-o-entrevistado-pelo-Carlos-Roberto-Sodre.jpg\" \/>\n\t<meta property=\"og:image:width\" content=\"1285\" \/>\n\t<meta property=\"og:image:height\" content=\"631\" \/>\n\t<meta property=\"og:image:type\" content=\"image\/jpeg\" \/>\n<meta name=\"author\" content=\"Carlos Roberto Sodr\u00e9\" \/>\n<meta name=\"twitter:card\" content=\"summary_large_image\" \/>\n<meta name=\"twitter:label1\" content=\"Escrito por\" \/>\n\t<meta name=\"twitter:data1\" content=\"Carlos Roberto Sodr\u00e9\" \/>\n\t<meta name=\"twitter:label2\" content=\"Est. tempo de leitura\" \/>\n\t<meta name=\"twitter:data2\" content=\"3 minutos\" \/>\n<script type=\"application\/ld+json\" class=\"yoast-schema-graph\">{\"@context\":\"https:\/\/schema.org\",\"@graph\":[{\"@type\":\"Article\",\"@id\":\"https:\/\/ubanews.com\/site\/2025\/08\/31\/fala-sodre-secretario-antonio-geraldo-alves\/#article\",\"isPartOf\":{\"@id\":\"https:\/\/ubanews.com\/site\/2025\/08\/31\/fala-sodre-secretario-antonio-geraldo-alves\/\"},\"author\":{\"name\":\"Carlos Roberto Sodr\u00e9\",\"@id\":\"https:\/\/ubanews.com\/site\/#\/schema\/person\/9d8da9ec3c8d00640ab6e8c81e103310\"},\"headline\":\"Fala Sodr\u00e9: Secret\u00e1rio Ant\u00f4nio Geraldo Alves\",\"datePublished\":\"2025-08-31T13:49:37+00:00\",\"mainEntityOfPage\":{\"@id\":\"https:\/\/ubanews.com\/site\/2025\/08\/31\/fala-sodre-secretario-antonio-geraldo-alves\/\"},\"wordCount\":576,\"commentCount\":0,\"publisher\":{\"@id\":\"https:\/\/ubanews.com\/site\/#organization\"},\"image\":{\"@id\":\"https:\/\/ubanews.com\/site\/2025\/08\/31\/fala-sodre-secretario-antonio-geraldo-alves\/#primaryimage\"},\"thumbnailUrl\":\"https:\/\/ubanews.com\/site\/wp-content\/uploads\/2025\/08\/Fala-Sodre-Secretario-Municipal-de-Planejamento-da-Cidade-de-Uba-Antonio-Geraldo-Alves-foi-o-entrevistado-pelo-Carlos-Roberto-Sodre.jpg\",\"keywords\":[\"Carlos Roberto Sodr\u00e9\",\"Fala Sodr\u00e9\",\"Sodr\u00e9\"],\"articleSection\":[\"DESTAQUE PRINCIPAL\",\"Slide\"],\"inLanguage\":\"pt-BR\",\"potentialAction\":[{\"@type\":\"CommentAction\",\"name\":\"Comment\",\"target\":[\"https:\/\/ubanews.com\/site\/2025\/08\/31\/fala-sodre-secretario-antonio-geraldo-alves\/#respond\"]}]},{\"@type\":\"WebPage\",\"@id\":\"https:\/\/ubanews.com\/site\/2025\/08\/31\/fala-sodre-secretario-antonio-geraldo-alves\/\",\"url\":\"https:\/\/ubanews.com\/site\/2025\/08\/31\/fala-sodre-secretario-antonio-geraldo-alves\/\",\"name\":\"Fala Sodr\u00e9: Secret\u00e1rio Ant\u00f4nio Geraldo Alves Ub\u00e1 News\",\"isPartOf\":{\"@id\":\"https:\/\/ubanews.com\/site\/#website\"},\"primaryImageOfPage\":{\"@id\":\"https:\/\/ubanews.com\/site\/2025\/08\/31\/fala-sodre-secretario-antonio-geraldo-alves\/#primaryimage\"},\"image\":{\"@id\":\"https:\/\/ubanews.com\/site\/2025\/08\/31\/fala-sodre-secretario-antonio-geraldo-alves\/#primaryimage\"},\"thumbnailUrl\":\"https:\/\/ubanews.com\/site\/wp-content\/uploads\/2025\/08\/Fala-Sodre-Secretario-Municipal-de-Planejamento-da-Cidade-de-Uba-Antonio-Geraldo-Alves-foi-o-entrevistado-pelo-Carlos-Roberto-Sodre.jpg\",\"datePublished\":\"2025-08-31T13:49:37+00:00\",\"description\":\"Secret\u00e1rio de Planejamento, Ant\u00f4nio Geraldo Alves, Fala Sodr\u00e9 sobre sa\u00fade, habita\u00e7\u00e3o e moderniza\u00e7\u00e3o da gest\u00e3o. Confira avan\u00e7os para a cidade.\",\"breadcrumb\":{\"@id\":\"https:\/\/ubanews.com\/site\/2025\/08\/31\/fala-sodre-secretario-antonio-geraldo-alves\/#breadcrumb\"},\"inLanguage\":\"pt-BR\",\"potentialAction\":[{\"@type\":\"ReadAction\",\"target\":[\"https:\/\/ubanews.com\/site\/2025\/08\/31\/fala-sodre-secretario-antonio-geraldo-alves\/\"]}]},{\"@type\":\"ImageObject\",\"inLanguage\":\"pt-BR\",\"@id\":\"https:\/\/ubanews.com\/site\/2025\/08\/31\/fala-sodre-secretario-antonio-geraldo-alves\/#primaryimage\",\"url\":\"https:\/\/ubanews.com\/site\/wp-content\/uploads\/2025\/08\/Fala-Sodre-Secretario-Municipal-de-Planejamento-da-Cidade-de-Uba-Antonio-Geraldo-Alves-foi-o-entrevistado-pelo-Carlos-Roberto-Sodre.jpg\",\"contentUrl\":\"https:\/\/ubanews.com\/site\/wp-content\/uploads\/2025\/08\/Fala-Sodre-Secretario-Municipal-de-Planejamento-da-Cidade-de-Uba-Antonio-Geraldo-Alves-foi-o-entrevistado-pelo-Carlos-Roberto-Sodre.jpg\",\"width\":1285,\"height\":631,\"caption\":\"Fala Sodr\u00e9 - Secret\u00e1rio Municipal de Planejamento da Cidade de Ub\u00e1 Ant\u00f4nio Geraldo Alves foi o entrevistado pelo Carlos Roberto Sodr\u00e9\"},{\"@type\":\"BreadcrumbList\",\"@id\":\"https:\/\/ubanews.com\/site\/2025\/08\/31\/fala-sodre-secretario-antonio-geraldo-alves\/#breadcrumb\",\"itemListElement\":[{\"@type\":\"ListItem\",\"position\":1,\"name\":\"Home\",\"item\":\"https:\/\/ubanews.com\/site\/\"},{\"@type\":\"ListItem\",\"position\":2,\"name\":\"Fala Sodr\u00e9: Secret\u00e1rio Ant\u00f4nio Geraldo Alves\"}]},{\"@type\":\"WebSite\",\"@id\":\"https:\/\/ubanews.com\/site\/#website\",\"url\":\"https:\/\/ubanews.com\/site\/\",\"name\":\"Ub\u00e1 News\",\"description\":\"\",\"publisher\":{\"@id\":\"https:\/\/ubanews.com\/site\/#organization\"},\"potentialAction\":[{\"@type\":\"SearchAction\",\"target\":{\"@type\":\"EntryPoint\",\"urlTemplate\":\"https:\/\/ubanews.com\/site\/?s={search_term_string}\"},\"query-input\":{\"@type\":\"PropertyValueSpecification\",\"valueRequired\":true,\"valueName\":\"search_term_string\"}}],\"inLanguage\":\"pt-BR\"},{\"@type\":\"Organization\",\"@id\":\"https:\/\/ubanews.com\/site\/#organization\",\"name\":\"Ub\u00e1 News\",\"url\":\"https:\/\/ubanews.com\/site\/\",\"logo\":{\"@type\":\"ImageObject\",\"inLanguage\":\"pt-BR\",\"@id\":\"https:\/\/ubanews.com\/site\/#\/schema\/logo\/image\/\",\"url\":\"https:\/\/ubanews.com\/site\/wp-content\/uploads\/2018\/01\/logoubanews.png\",\"contentUrl\":\"https:\/\/ubanews.com\/site\/wp-content\/uploads\/2018\/01\/logoubanews.png\",\"width\":261,\"height\":99,\"caption\":\"Ub\u00e1 News\"},\"image\":{\"@id\":\"https:\/\/ubanews.com\/site\/#\/schema\/logo\/image\/\"},\"sameAs\":[\"https:\/\/www.facebook.com\/Ub\u00e1News-Carlos-Roberto-Sodr\u00e9-418778301977370\"]},{\"@type\":\"Person\",\"@id\":\"https:\/\/ubanews.com\/site\/#\/schema\/person\/9d8da9ec3c8d00640ab6e8c81e103310\",\"name\":\"Carlos Roberto Sodr\u00e9\",\"image\":{\"@type\":\"ImageObject\",\"inLanguage\":\"pt-BR\",\"@id\":\"https:\/\/secure.gravatar.com\/avatar\/aab322e8555b56c468614fafdab8a8f924e394cdc6cfd8232f77e9e4d123a133?s=96&d=mm&r=g\",\"url\":\"https:\/\/secure.gravatar.com\/avatar\/aab322e8555b56c468614fafdab8a8f924e394cdc6cfd8232f77e9e4d123a133?s=96&d=mm&r=g\",\"contentUrl\":\"https:\/\/secure.gravatar.com\/avatar\/aab322e8555b56c468614fafdab8a8f924e394cdc6cfd8232f77e9e4d123a133?s=96&d=mm&r=g\",\"caption\":\"Carlos Roberto Sodr\u00e9\"},\"url\":\"https:\/\/ubanews.com\/site\/author\/sodre\/\"}]}<\/script>\n<!-- \/ Yoast SEO plugin. -->","yoast_head_json":{"title":"Fala Sodr\u00e9: Secret\u00e1rio Ant\u00f4nio Geraldo Alves Ub\u00e1 News","description":"Secret\u00e1rio de Planejamento, Ant\u00f4nio Geraldo Alves, Fala Sodr\u00e9 sobre sa\u00fade, habita\u00e7\u00e3o e moderniza\u00e7\u00e3o da gest\u00e3o. Confira avan\u00e7os para a cidade.","robots":{"index":"index","follow":"follow","max-snippet":"max-snippet:-1","max-image-preview":"max-image-preview:large","max-video-preview":"max-video-preview:-1"},"canonical":"https:\/\/ubanews.com\/site\/2025\/08\/31\/fala-sodre-secretario-antonio-geraldo-alves\/","og_locale":"pt_BR","og_type":"article","og_title":"Fala Sodr\u00e9: Secret\u00e1rio Ant\u00f4nio Geraldo Alves Ub\u00e1 News","og_description":"Secret\u00e1rio de Planejamento, Ant\u00f4nio Geraldo Alves, Fala Sodr\u00e9 sobre sa\u00fade, habita\u00e7\u00e3o e moderniza\u00e7\u00e3o da gest\u00e3o. Confira avan\u00e7os para a cidade.","og_url":"https:\/\/ubanews.com\/site\/2025\/08\/31\/fala-sodre-secretario-antonio-geraldo-alves\/","og_site_name":"Ub\u00e1 News","article_publisher":"https:\/\/www.facebook.com\/Ub%c3%a1News-Carlos-Roberto-Sodr%c3%a9-418778301977370","article_published_time":"2025-08-31T13:49:37+00:00","og_image":[{"width":1285,"height":631,"url":"https:\/\/ubanews.com\/site\/wp-content\/uploads\/2025\/08\/Fala-Sodre-Secretario-Municipal-de-Planejamento-da-Cidade-de-Uba-Antonio-Geraldo-Alves-foi-o-entrevistado-pelo-Carlos-Roberto-Sodre.jpg","type":"image\/jpeg"}],"author":"Carlos Roberto Sodr\u00e9","twitter_card":"summary_large_image","twitter_misc":{"Escrito por":"Carlos Roberto Sodr\u00e9","Est. tempo de leitura":"3 minutos"},"schema":{"@context":"https:\/\/schema.org","@graph":[{"@type":"Article","@id":"https:\/\/ubanews.com\/site\/2025\/08\/31\/fala-sodre-secretario-antonio-geraldo-alves\/#article","isPartOf":{"@id":"https:\/\/ubanews.com\/site\/2025\/08\/31\/fala-sodre-secretario-antonio-geraldo-alves\/"},"author":{"name":"Carlos Roberto Sodr\u00e9","@id":"https:\/\/ubanews.com\/site\/#\/schema\/person\/9d8da9ec3c8d00640ab6e8c81e103310"},"headline":"Fala Sodr\u00e9: Secret\u00e1rio Ant\u00f4nio Geraldo Alves","datePublished":"2025-08-31T13:49:37+00:00","mainEntityOfPage":{"@id":"https:\/\/ubanews.com\/site\/2025\/08\/31\/fala-sodre-secretario-antonio-geraldo-alves\/"},"wordCount":576,"commentCount":0,"publisher":{"@id":"https:\/\/ubanews.com\/site\/#organization"},"image":{"@id":"https:\/\/ubanews.com\/site\/2025\/08\/31\/fala-sodre-secretario-antonio-geraldo-alves\/#primaryimage"},"thumbnailUrl":"https:\/\/ubanews.com\/site\/wp-content\/uploads\/2025\/08\/Fala-Sodre-Secretario-Municipal-de-Planejamento-da-Cidade-de-Uba-Antonio-Geraldo-Alves-foi-o-entrevistado-pelo-Carlos-Roberto-Sodre.jpg","keywords":["Carlos Roberto Sodr\u00e9","Fala Sodr\u00e9","Sodr\u00e9"],"articleSection":["DESTAQUE PRINCIPAL","Slide"],"inLanguage":"pt-BR","potentialAction":[{"@type":"CommentAction","name":"Comment","target":["https:\/\/ubanews.com\/site\/2025\/08\/31\/fala-sodre-secretario-antonio-geraldo-alves\/#respond"]}]},{"@type":"WebPage","@id":"https:\/\/ubanews.com\/site\/2025\/08\/31\/fala-sodre-secretario-antonio-geraldo-alves\/","url":"https:\/\/ubanews.com\/site\/2025\/08\/31\/fala-sodre-secretario-antonio-geraldo-alves\/","name":"Fala Sodr\u00e9: Secret\u00e1rio Ant\u00f4nio Geraldo Alves Ub\u00e1 News","isPartOf":{"@id":"https:\/\/ubanews.com\/site\/#website"},"primaryImageOfPage":{"@id":"https:\/\/ubanews.com\/site\/2025\/08\/31\/fala-sodre-secretario-antonio-geraldo-alves\/#primaryimage"},"image":{"@id":"https:\/\/ubanews.com\/site\/2025\/08\/31\/fala-sodre-secretario-antonio-geraldo-alves\/#primaryimage"},"thumbnailUrl":"https:\/\/ubanews.com\/site\/wp-content\/uploads\/2025\/08\/Fala-Sodre-Secretario-Municipal-de-Planejamento-da-Cidade-de-Uba-Antonio-Geraldo-Alves-foi-o-entrevistado-pelo-Carlos-Roberto-Sodre.jpg","datePublished":"2025-08-31T13:49:37+00:00","description":"Secret\u00e1rio de Planejamento, Ant\u00f4nio Geraldo Alves, Fala Sodr\u00e9 sobre sa\u00fade, habita\u00e7\u00e3o e moderniza\u00e7\u00e3o da gest\u00e3o. Confira avan\u00e7os para a cidade.","breadcrumb":{"@id":"https:\/\/ubanews.com\/site\/2025\/08\/31\/fala-sodre-secretario-antonio-geraldo-alves\/#breadcrumb"},"inLanguage":"pt-BR","potentialAction":[{"@type":"ReadAction","target":["https:\/\/ubanews.com\/site\/2025\/08\/31\/fala-sodre-secretario-antonio-geraldo-alves\/"]}]},{"@type":"ImageObject","inLanguage":"pt-BR","@id":"https:\/\/ubanews.com\/site\/2025\/08\/31\/fala-sodre-secretario-antonio-geraldo-alves\/#primaryimage","url":"https:\/\/ubanews.com\/site\/wp-content\/uploads\/2025\/08\/Fala-Sodre-Secretario-Municipal-de-Planejamento-da-Cidade-de-Uba-Antonio-Geraldo-Alves-foi-o-entrevistado-pelo-Carlos-Roberto-Sodre.jpg","contentUrl":"https:\/\/ubanews.com\/site\/wp-content\/uploads\/2025\/08\/Fala-Sodre-Secretario-Municipal-de-Planejamento-da-Cidade-de-Uba-Antonio-Geraldo-Alves-foi-o-entrevistado-pelo-Carlos-Roberto-Sodre.jpg","width":1285,"height":631,"caption":"Fala Sodr\u00e9 - Secret\u00e1rio Municipal de Planejamento da Cidade de Ub\u00e1 Ant\u00f4nio Geraldo Alves foi o entrevistado pelo Carlos Roberto Sodr\u00e9"},{"@type":"BreadcrumbList","@id":"https:\/\/ubanews.com\/site\/2025\/08\/31\/fala-sodre-secretario-antonio-geraldo-alves\/#breadcrumb","itemListElement":[{"@type":"ListItem","position":1,"name":"Home","item":"https:\/\/ubanews.com\/site\/"},{"@type":"ListItem","position":2,"name":"Fala Sodr\u00e9: Secret\u00e1rio Ant\u00f4nio Geraldo Alves"}]},{"@type":"WebSite","@id":"https:\/\/ubanews.com\/site\/#website","url":"https:\/\/ubanews.com\/site\/","name":"Ub\u00e1 News","description":"","publisher":{"@id":"https:\/\/ubanews.com\/site\/#organization"},"potentialAction":[{"@type":"SearchAction","target":{"@type":"EntryPoint","urlTemplate":"https:\/\/ubanews.com\/site\/?s={search_term_string}"},"query-input":{"@type":"PropertyValueSpecification","valueRequired":true,"valueName":"search_term_string"}}],"inLanguage":"pt-BR"},{"@type":"Organization","@id":"https:\/\/ubanews.com\/site\/#organization","name":"Ub\u00e1 News","url":"https:\/\/ubanews.com\/site\/","logo":{"@type":"ImageObject","inLanguage":"pt-BR","@id":"https:\/\/ubanews.com\/site\/#\/schema\/logo\/image\/","url":"https:\/\/ubanews.com\/site\/wp-content\/uploads\/2018\/01\/logoubanews.png","contentUrl":"https:\/\/ubanews.com\/site\/wp-content\/uploads\/2018\/01\/logoubanews.png","width":261,"height":99,"caption":"Ub\u00e1 News"},"image":{"@id":"https:\/\/ubanews.com\/site\/#\/schema\/logo\/image\/"},"sameAs":["https:\/\/www.facebook.com\/Ub\u00e1News-Carlos-Roberto-Sodr\u00e9-418778301977370"]},{"@type":"Person","@id":"https:\/\/ubanews.com\/site\/#\/schema\/person\/9d8da9ec3c8d00640ab6e8c81e103310","name":"Carlos Roberto Sodr\u00e9","image":{"@type":"ImageObject","inLanguage":"pt-BR","@id":"https:\/\/secure.gravatar.com\/avatar\/aab322e8555b56c468614fafdab8a8f924e394cdc6cfd8232f77e9e4d123a133?s=96&d=mm&r=g","url":"https:\/\/secure.gravatar.com\/avatar\/aab322e8555b56c468614fafdab8a8f924e394cdc6cfd8232f77e9e4d123a133?s=96&d=mm&r=g","contentUrl":"https:\/\/secure.gravatar.com\/avatar\/aab322e8555b56c468614fafdab8a8f924e394cdc6cfd8232f77e9e4d123a133?s=96&d=mm&r=g","caption":"Carlos Roberto Sodr\u00e9"},"url":"https:\/\/ubanews.com\/site\/author\/sodre\/"}]}},"_links":{"self":[{"href":"https:\/\/ubanews.com\/site\/wp-json\/wp\/v2\/posts\/22864","targetHints":{"allow":["GET"]}}],"collection":[{"href":"https:\/\/ubanews.com\/site\/wp-json\/wp\/v2\/posts"}],"about":[{"href":"https:\/\/ubanews.com\/site\/wp-json\/wp\/v2\/types\/post"}],"author":[{"embeddable":true,"href":"https:\/\/ubanews.com\/site\/wp-json\/wp\/v2\/users\/4"}],"replies":[{"embeddable":true,"href":"https:\/\/ubanews.com\/site\/wp-json\/wp\/v2\/comments?post=22864"}],"version-history":[{"count":0,"href":"https:\/\/ubanews.com\/site\/wp-json\/wp\/v2\/posts\/22864\/revisions"}],"wp:featuredmedia":[{"embeddable":true,"href":"https:\/\/ubanews.com\/site\/wp-json\/wp\/v2\/media\/22865"}],"wp:attachment":[{"href":"https:\/\/ubanews.com\/site\/wp-json\/wp\/v2\/media?parent=22864"}],"wp:term":[{"taxonomy":"category","embeddable":true,"href":"https:\/\/ubanews.com\/site\/wp-json\/wp\/v2\/categories?post=22864"},{"taxonomy":"post_tag","embeddable":true,"href":"https:\/\/ubanews.com\/site\/wp-json\/wp\/v2\/tags?post=22864"}],"curies":[{"name":"wp","href":"https:\/\/api.w.org\/{rel}","templated":true}]}}