{"id":22861,"date":"2025-08-30T12:27:16","date_gmt":"2025-08-30T15:27:16","guid":{"rendered":"https:\/\/ubanews.com\/site\/?p=22861"},"modified":"2025-08-31T10:51:16","modified_gmt":"2025-08-31T13:51:16","slug":"semana-do-advogado-no-unifagoc","status":"publish","type":"post","link":"https:\/\/ubanews.com\/site\/2025\/08\/30\/semana-do-advogado-no-unifagoc\/","title":{"rendered":"Semana do Advogado no UNIFAGOC"},"content":{"rendered":"<h3><strong>Semana do Advogado no UNIFAGOC: Ministra Edilene Lobo destaca \u00e9tica e inclus\u00e3o na era da Intelig\u00eancia Artificial<\/strong><\/h3>\n<p>Durante a Semana do Advogado no Centro Universit\u00e1rio Governador Ozanam Coelho (UNIFAGOC), o jornalista Carlos Roberto Sodr\u00e9, do Canal Fala Sodr\u00e9, conduziu uma entrevista marcante com a Ministra do Tribunal Superior Eleitoral (TSE), Edilene Lobo. O encontro reuniu estudantes, professores e profissionais do Direito em Ub\u00e1 para debater os impactos da tecnologia na justi\u00e7a e na sociedade.<\/p>\n<p><a href=\"https:\/\/www.youtube.com\/live\/O8bpp5mLvUg?si=YHlvWphYJLjlowO8\" target=\"_blank\" rel=\"noopener\"><img decoding=\"async\" class=\"aligncenter size-medium wp-image-22862 lazyload\" data-src=\"https:\/\/ubanews.com\/site\/wp-content\/uploads\/2025\/08\/Fala-Sodre-Unifagoc-300x148.jpg\" alt=\"Semana do Advogado no UNIFAGOC\" width=\"300\" height=\"148\" data-srcset=\"https:\/\/ubanews.com\/site\/wp-content\/uploads\/2025\/08\/Fala-Sodre-Unifagoc-300x148.jpg 300w, https:\/\/ubanews.com\/site\/wp-content\/uploads\/2025\/08\/Fala-Sodre-Unifagoc-768x378.jpg 768w, https:\/\/ubanews.com\/site\/wp-content\/uploads\/2025\/08\/Fala-Sodre-Unifagoc.jpg 921w\" data-sizes=\"(max-width: 300px) 100vw, 300px\" src=\"data:image\/svg+xml;base64,PHN2ZyB3aWR0aD0iMSIgaGVpZ2h0PSIxIiB4bWxucz0iaHR0cDovL3d3dy53My5vcmcvMjAwMC9zdmciPjwvc3ZnPg==\" style=\"--smush-placeholder-width: 300px; --smush-placeholder-aspect-ratio: 300\/148;\" \/><\/a><\/p>\n<h3><strong>Intelig\u00eancia Artificial e Direito: uma nova fronteira<\/strong><\/h3>\n<p>A ministra abordou os avan\u00e7os da intelig\u00eancia artificial generativa, como o ChatGPT, e sua aplica\u00e7\u00e3o no campo jur\u00eddico. Ela explicou que esses sistemas s\u00e3o capazes de produzir textos, responder perguntas e at\u00e9 criar apresenta\u00e7\u00f5es. No entanto, alertou para os riscos de erros e distor\u00e7\u00f5es, conhecidos como \u201calucina\u00e7\u00f5es algor\u00edtmicas\u201d.<\/p>\n<h3><strong>Diversidade e seguran\u00e7a nos algoritmos<\/strong><\/h3>\n<p>Por isso um dos pontos centrais da fala da ministra foi a cr\u00edtica ao vi\u00e9s presente em sistemas de reconhecimento facial. Segundo ela, muitos desses algoritmos n\u00e3o reconhecem adequadamente rostos negros ou femininos, o que pode gerar injusti\u00e7as em contextos de seguran\u00e7a p\u00fablica.<\/p>\n<p>\u201cA intelig\u00eancia artificial generativa \u00e9 fruto da intelig\u00eancia humana. Ela precisa ser treinada com dados diversos, reais e representativos da sociedade. Se os dados forem enviesados, a m\u00e1quina reproduz preconceitos. Por isso, \u00e9 urgente discutir regula\u00e7\u00e3o, \u00e9tica e inclus\u00e3o no desenvolvimento tecnol\u00f3gico. A tecnologia deve servir \u00e0 democracia, aos direitos humanos e \u00e0 justi\u00e7a.\u201d<br \/>\n\u2014\u00a0<em>Ministra Edilene Lobo, durante entrevista no UNIFAGOC<\/em><\/p>\n<h3><strong>Educa\u00e7\u00e3o como ferramenta de transforma\u00e7\u00e3o<\/strong><\/h3>\n<p>Por este motivo a UNIFAGOC foi reconhecido por sua excel\u00eancia acad\u00eamica e por formar profissionais comprometidos com a \u00e9tica e a inova\u00e7\u00e3o. Assim a ministra destacou que a educa\u00e7\u00e3o \u00e9 o caminho para transformar o futuro. Posto que institui\u00e7\u00f5es como o UNIFAGOC t\u00eam papel fundamental na forma\u00e7\u00e3o de cidad\u00e3os conscientes e preparados para lidar com os desafios da tecnologia.<\/p>\n<h3><strong>Regula\u00e7\u00e3o e responsabilidade social<\/strong><\/h3>\n<p>Posto que a entrevista tamb\u00e9m trouxe \u00e0 tona a necessidade de regulamentar o uso da intelig\u00eancia artificial. Em outras palavras a ministra citou exemplos de empresas que j\u00e1 desenvolvem tecnologias avan\u00e7adas, como rob\u00f4s com \u00fateros eletr\u00f4nicos. Ainda alertou para os riscos de um desenvolvimento sem controle \u00e9tico.<\/p>\n<p>Desta forma ela defende que o progresso tecnol\u00f3gico deve ser guiado por princ\u00edpios de justi\u00e7a, inclus\u00e3o e respeito aos direitos humanos.<\/p>\n<h3><strong>Acompanhe o Canal Fala Sodr\u00e9<\/strong><\/h3>\n<p>Ent\u00e3o para mais entrevistas e conte\u00fados relevantes, siga o Canal Fala Sodr\u00e9 nas redes sociais. Neste sentido no <a href=\"https:\/\/www.instagram.com\/falasodre\/\" target=\"_blank\" rel=\"noopener\">Instagram<\/a>, <a href=\"https:\/\/www.facebook.com\/carosroberto.sodre\" target=\"_blank\" rel=\"noopener\">Facebook<\/a> e <a href=\"https:\/\/www.youtube.com\/@ubanews5837\" target=\"_blank\" rel=\"noopener\">YouTube<\/a>, voc\u00ea encontra an\u00e1lises e debates sobre temas que impactam diretamente a comunidade de Ub\u00e1 e regi\u00e3o.<\/p>\n<p><iframe title=\"Fala Sodr\u00e9: o Centro Universit\u00e1rio Governador Ozanam Coelho promoveu a Semana do Advogado UNIFAGOC\" width=\"840\" height=\"473\" data-src=\"https:\/\/www.youtube.com\/embed\/O8bpp5mLvUg?feature=oembed\" frameborder=\"0\" allow=\"accelerometer; autoplay; clipboard-write; encrypted-media; gyroscope; picture-in-picture; web-share\" referrerpolicy=\"strict-origin-when-cross-origin\" allowfullscreen src=\"data:image\/svg+xml;base64,PHN2ZyB3aWR0aD0iMSIgaGVpZ2h0PSIxIiB4bWxucz0iaHR0cDovL3d3dy53My5vcmcvMjAwMC9zdmciPjwvc3ZnPg==\" class=\"lazyload\" data-load-mode=\"1\"><\/iframe><\/p>\n<p>&nbsp;<\/p>\n","protected":false},"excerpt":{"rendered":"<p>Semana do Advogado no UNIFAGOC: Ministra Edilene Lobo destaca \u00e9tica<\/p>\n","protected":false},"author":4,"featured_media":22862,"comment_status":"open","ping_status":"open","sticky":false,"template":"","format":"standard","meta":{"footnotes":""},"categories":[45,3],"tags":[65,59,69,70,60,68],"class_list":["post-22861","post","type-post","status-publish","format-standard","has-post-thumbnail","hentry","category-destaque-principal","category-slide","tag-carlos-roberto-sodre","tag-fala-sodre","tag-oab","tag-portal-de-noticias","tag-ubanews","tag-unifagoc"],"yoast_head":"<!-- This site is optimized with the Yoast SEO plugin v27.2 - https:\/\/yoast.com\/product\/yoast-seo-wordpress\/ -->\n<title>Semana do Advogado no UNIFAGOC - Ub\u00e1 News<\/title>\n<meta name=\"description\" content=\"Ministra Edilene Lobo destaca \u00e9tica, inclus\u00e3o e regula\u00e7\u00e3o da intelig\u00eancia artificial durante a Semana do Advogado no UNIFAGOC\" \/>\n<meta name=\"robots\" content=\"index, follow, max-snippet:-1, max-image-preview:large, max-video-preview:-1\" \/>\n<link rel=\"canonical\" href=\"https:\/\/ubanews.com\/site\/2025\/08\/30\/semana-do-advogado-no-unifagoc\/\" \/>\n<meta property=\"og:locale\" content=\"pt_BR\" \/>\n<meta property=\"og:type\" content=\"article\" \/>\n<meta property=\"og:title\" content=\"Semana do Advogado no UNIFAGOC - Ub\u00e1 News\" \/>\n<meta property=\"og:description\" content=\"Ministra Edilene Lobo destaca \u00e9tica, inclus\u00e3o e regula\u00e7\u00e3o da intelig\u00eancia artificial durante a Semana do Advogado no UNIFAGOC\" \/>\n<meta property=\"og:url\" content=\"https:\/\/ubanews.com\/site\/2025\/08\/30\/semana-do-advogado-no-unifagoc\/\" \/>\n<meta property=\"og:site_name\" content=\"Ub\u00e1 News\" \/>\n<meta property=\"article:publisher\" content=\"https:\/\/www.facebook.com\/Ub%c3%a1News-Carlos-Roberto-Sodr%c3%a9-418778301977370\" \/>\n<meta property=\"article:published_time\" content=\"2025-08-30T15:27:16+00:00\" \/>\n<meta property=\"article:modified_time\" content=\"2025-08-31T13:51:16+00:00\" \/>\n<meta property=\"og:image\" content=\"https:\/\/ubanews.com\/site\/wp-content\/uploads\/2025\/08\/Fala-Sodre-Unifagoc.jpg\" \/>\n\t<meta property=\"og:image:width\" content=\"921\" \/>\n\t<meta property=\"og:image:height\" content=\"453\" \/>\n\t<meta property=\"og:image:type\" content=\"image\/jpeg\" \/>\n<meta name=\"author\" content=\"Carlos Roberto Sodr\u00e9\" \/>\n<meta name=\"twitter:card\" content=\"summary_large_image\" \/>\n<meta name=\"twitter:label1\" content=\"Escrito por\" \/>\n\t<meta name=\"twitter:data1\" content=\"Carlos Roberto Sodr\u00e9\" \/>\n\t<meta name=\"twitter:label2\" content=\"Est. tempo de leitura\" \/>\n\t<meta name=\"twitter:data2\" content=\"3 minutos\" \/>\n<script type=\"application\/ld+json\" class=\"yoast-schema-graph\">{\"@context\":\"https:\/\/schema.org\",\"@graph\":[{\"@type\":\"Article\",\"@id\":\"https:\/\/ubanews.com\/site\/2025\/08\/30\/semana-do-advogado-no-unifagoc\/#article\",\"isPartOf\":{\"@id\":\"https:\/\/ubanews.com\/site\/2025\/08\/30\/semana-do-advogado-no-unifagoc\/\"},\"author\":{\"name\":\"Carlos Roberto Sodr\u00e9\",\"@id\":\"https:\/\/ubanews.com\/site\/#\/schema\/person\/9d8da9ec3c8d00640ab6e8c81e103310\"},\"headline\":\"Semana do Advogado no UNIFAGOC\",\"datePublished\":\"2025-08-30T15:27:16+00:00\",\"dateModified\":\"2025-08-31T13:51:16+00:00\",\"mainEntityOfPage\":{\"@id\":\"https:\/\/ubanews.com\/site\/2025\/08\/30\/semana-do-advogado-no-unifagoc\/\"},\"wordCount\":479,\"commentCount\":0,\"publisher\":{\"@id\":\"https:\/\/ubanews.com\/site\/#organization\"},\"image\":{\"@id\":\"https:\/\/ubanews.com\/site\/2025\/08\/30\/semana-do-advogado-no-unifagoc\/#primaryimage\"},\"thumbnailUrl\":\"https:\/\/ubanews.com\/site\/wp-content\/uploads\/2025\/08\/Fala-Sodre-Unifagoc.jpg\",\"keywords\":[\"Carlos Roberto Sodr\u00e9\",\"Fala Sodr\u00e9\",\"OAB\",\"Portal de Not\u00edcias\",\"UBANEWS\",\"UNIFAGOC\"],\"articleSection\":[\"DESTAQUE PRINCIPAL\",\"Slide\"],\"inLanguage\":\"pt-BR\",\"potentialAction\":[{\"@type\":\"CommentAction\",\"name\":\"Comment\",\"target\":[\"https:\/\/ubanews.com\/site\/2025\/08\/30\/semana-do-advogado-no-unifagoc\/#respond\"]}]},{\"@type\":\"WebPage\",\"@id\":\"https:\/\/ubanews.com\/site\/2025\/08\/30\/semana-do-advogado-no-unifagoc\/\",\"url\":\"https:\/\/ubanews.com\/site\/2025\/08\/30\/semana-do-advogado-no-unifagoc\/\",\"name\":\"Semana do Advogado no UNIFAGOC - Ub\u00e1 News\",\"isPartOf\":{\"@id\":\"https:\/\/ubanews.com\/site\/#website\"},\"primaryImageOfPage\":{\"@id\":\"https:\/\/ubanews.com\/site\/2025\/08\/30\/semana-do-advogado-no-unifagoc\/#primaryimage\"},\"image\":{\"@id\":\"https:\/\/ubanews.com\/site\/2025\/08\/30\/semana-do-advogado-no-unifagoc\/#primaryimage\"},\"thumbnailUrl\":\"https:\/\/ubanews.com\/site\/wp-content\/uploads\/2025\/08\/Fala-Sodre-Unifagoc.jpg\",\"datePublished\":\"2025-08-30T15:27:16+00:00\",\"dateModified\":\"2025-08-31T13:51:16+00:00\",\"description\":\"Ministra Edilene Lobo destaca \u00e9tica, inclus\u00e3o e regula\u00e7\u00e3o da intelig\u00eancia artificial durante a Semana do Advogado no UNIFAGOC\",\"breadcrumb\":{\"@id\":\"https:\/\/ubanews.com\/site\/2025\/08\/30\/semana-do-advogado-no-unifagoc\/#breadcrumb\"},\"inLanguage\":\"pt-BR\",\"potentialAction\":[{\"@type\":\"ReadAction\",\"target\":[\"https:\/\/ubanews.com\/site\/2025\/08\/30\/semana-do-advogado-no-unifagoc\/\"]}]},{\"@type\":\"ImageObject\",\"inLanguage\":\"pt-BR\",\"@id\":\"https:\/\/ubanews.com\/site\/2025\/08\/30\/semana-do-advogado-no-unifagoc\/#primaryimage\",\"url\":\"https:\/\/ubanews.com\/site\/wp-content\/uploads\/2025\/08\/Fala-Sodre-Unifagoc.jpg\",\"contentUrl\":\"https:\/\/ubanews.com\/site\/wp-content\/uploads\/2025\/08\/Fala-Sodre-Unifagoc.jpg\",\"width\":921,\"height\":453,\"caption\":\"Semana do Advogado no UNIFAGOC\"},{\"@type\":\"BreadcrumbList\",\"@id\":\"https:\/\/ubanews.com\/site\/2025\/08\/30\/semana-do-advogado-no-unifagoc\/#breadcrumb\",\"itemListElement\":[{\"@type\":\"ListItem\",\"position\":1,\"name\":\"Home\",\"item\":\"https:\/\/ubanews.com\/site\/\"},{\"@type\":\"ListItem\",\"position\":2,\"name\":\"Semana do Advogado no UNIFAGOC\"}]},{\"@type\":\"WebSite\",\"@id\":\"https:\/\/ubanews.com\/site\/#website\",\"url\":\"https:\/\/ubanews.com\/site\/\",\"name\":\"Ub\u00e1 News\",\"description\":\"\",\"publisher\":{\"@id\":\"https:\/\/ubanews.com\/site\/#organization\"},\"potentialAction\":[{\"@type\":\"SearchAction\",\"target\":{\"@type\":\"EntryPoint\",\"urlTemplate\":\"https:\/\/ubanews.com\/site\/?s={search_term_string}\"},\"query-input\":{\"@type\":\"PropertyValueSpecification\",\"valueRequired\":true,\"valueName\":\"search_term_string\"}}],\"inLanguage\":\"pt-BR\"},{\"@type\":\"Organization\",\"@id\":\"https:\/\/ubanews.com\/site\/#organization\",\"name\":\"Ub\u00e1 News\",\"url\":\"https:\/\/ubanews.com\/site\/\",\"logo\":{\"@type\":\"ImageObject\",\"inLanguage\":\"pt-BR\",\"@id\":\"https:\/\/ubanews.com\/site\/#\/schema\/logo\/image\/\",\"url\":\"https:\/\/ubanews.com\/site\/wp-content\/uploads\/2018\/01\/logoubanews.png\",\"contentUrl\":\"https:\/\/ubanews.com\/site\/wp-content\/uploads\/2018\/01\/logoubanews.png\",\"width\":261,\"height\":99,\"caption\":\"Ub\u00e1 News\"},\"image\":{\"@id\":\"https:\/\/ubanews.com\/site\/#\/schema\/logo\/image\/\"},\"sameAs\":[\"https:\/\/www.facebook.com\/Ub\u00e1News-Carlos-Roberto-Sodr\u00e9-418778301977370\"]},{\"@type\":\"Person\",\"@id\":\"https:\/\/ubanews.com\/site\/#\/schema\/person\/9d8da9ec3c8d00640ab6e8c81e103310\",\"name\":\"Carlos Roberto Sodr\u00e9\",\"image\":{\"@type\":\"ImageObject\",\"inLanguage\":\"pt-BR\",\"@id\":\"https:\/\/secure.gravatar.com\/avatar\/aab322e8555b56c468614fafdab8a8f924e394cdc6cfd8232f77e9e4d123a133?s=96&d=mm&r=g\",\"url\":\"https:\/\/secure.gravatar.com\/avatar\/aab322e8555b56c468614fafdab8a8f924e394cdc6cfd8232f77e9e4d123a133?s=96&d=mm&r=g\",\"contentUrl\":\"https:\/\/secure.gravatar.com\/avatar\/aab322e8555b56c468614fafdab8a8f924e394cdc6cfd8232f77e9e4d123a133?s=96&d=mm&r=g\",\"caption\":\"Carlos Roberto Sodr\u00e9\"},\"url\":\"https:\/\/ubanews.com\/site\/author\/sodre\/\"}]}<\/script>\n<!-- \/ Yoast SEO plugin. -->","yoast_head_json":{"title":"Semana do Advogado no UNIFAGOC - Ub\u00e1 News","description":"Ministra Edilene Lobo destaca \u00e9tica, inclus\u00e3o e regula\u00e7\u00e3o da intelig\u00eancia artificial durante a Semana do Advogado no UNIFAGOC","robots":{"index":"index","follow":"follow","max-snippet":"max-snippet:-1","max-image-preview":"max-image-preview:large","max-video-preview":"max-video-preview:-1"},"canonical":"https:\/\/ubanews.com\/site\/2025\/08\/30\/semana-do-advogado-no-unifagoc\/","og_locale":"pt_BR","og_type":"article","og_title":"Semana do Advogado no UNIFAGOC - Ub\u00e1 News","og_description":"Ministra Edilene Lobo destaca \u00e9tica, inclus\u00e3o e regula\u00e7\u00e3o da intelig\u00eancia artificial durante a Semana do Advogado no UNIFAGOC","og_url":"https:\/\/ubanews.com\/site\/2025\/08\/30\/semana-do-advogado-no-unifagoc\/","og_site_name":"Ub\u00e1 News","article_publisher":"https:\/\/www.facebook.com\/Ub%c3%a1News-Carlos-Roberto-Sodr%c3%a9-418778301977370","article_published_time":"2025-08-30T15:27:16+00:00","article_modified_time":"2025-08-31T13:51:16+00:00","og_image":[{"width":921,"height":453,"url":"https:\/\/ubanews.com\/site\/wp-content\/uploads\/2025\/08\/Fala-Sodre-Unifagoc.jpg","type":"image\/jpeg"}],"author":"Carlos Roberto Sodr\u00e9","twitter_card":"summary_large_image","twitter_misc":{"Escrito por":"Carlos Roberto Sodr\u00e9","Est. tempo de leitura":"3 minutos"},"schema":{"@context":"https:\/\/schema.org","@graph":[{"@type":"Article","@id":"https:\/\/ubanews.com\/site\/2025\/08\/30\/semana-do-advogado-no-unifagoc\/#article","isPartOf":{"@id":"https:\/\/ubanews.com\/site\/2025\/08\/30\/semana-do-advogado-no-unifagoc\/"},"author":{"name":"Carlos Roberto Sodr\u00e9","@id":"https:\/\/ubanews.com\/site\/#\/schema\/person\/9d8da9ec3c8d00640ab6e8c81e103310"},"headline":"Semana do Advogado no UNIFAGOC","datePublished":"2025-08-30T15:27:16+00:00","dateModified":"2025-08-31T13:51:16+00:00","mainEntityOfPage":{"@id":"https:\/\/ubanews.com\/site\/2025\/08\/30\/semana-do-advogado-no-unifagoc\/"},"wordCount":479,"commentCount":0,"publisher":{"@id":"https:\/\/ubanews.com\/site\/#organization"},"image":{"@id":"https:\/\/ubanews.com\/site\/2025\/08\/30\/semana-do-advogado-no-unifagoc\/#primaryimage"},"thumbnailUrl":"https:\/\/ubanews.com\/site\/wp-content\/uploads\/2025\/08\/Fala-Sodre-Unifagoc.jpg","keywords":["Carlos Roberto Sodr\u00e9","Fala Sodr\u00e9","OAB","Portal de Not\u00edcias","UBANEWS","UNIFAGOC"],"articleSection":["DESTAQUE PRINCIPAL","Slide"],"inLanguage":"pt-BR","potentialAction":[{"@type":"CommentAction","name":"Comment","target":["https:\/\/ubanews.com\/site\/2025\/08\/30\/semana-do-advogado-no-unifagoc\/#respond"]}]},{"@type":"WebPage","@id":"https:\/\/ubanews.com\/site\/2025\/08\/30\/semana-do-advogado-no-unifagoc\/","url":"https:\/\/ubanews.com\/site\/2025\/08\/30\/semana-do-advogado-no-unifagoc\/","name":"Semana do Advogado no UNIFAGOC - Ub\u00e1 News","isPartOf":{"@id":"https:\/\/ubanews.com\/site\/#website"},"primaryImageOfPage":{"@id":"https:\/\/ubanews.com\/site\/2025\/08\/30\/semana-do-advogado-no-unifagoc\/#primaryimage"},"image":{"@id":"https:\/\/ubanews.com\/site\/2025\/08\/30\/semana-do-advogado-no-unifagoc\/#primaryimage"},"thumbnailUrl":"https:\/\/ubanews.com\/site\/wp-content\/uploads\/2025\/08\/Fala-Sodre-Unifagoc.jpg","datePublished":"2025-08-30T15:27:16+00:00","dateModified":"2025-08-31T13:51:16+00:00","description":"Ministra Edilene Lobo destaca \u00e9tica, inclus\u00e3o e regula\u00e7\u00e3o da intelig\u00eancia artificial durante a Semana do Advogado no UNIFAGOC","breadcrumb":{"@id":"https:\/\/ubanews.com\/site\/2025\/08\/30\/semana-do-advogado-no-unifagoc\/#breadcrumb"},"inLanguage":"pt-BR","potentialAction":[{"@type":"ReadAction","target":["https:\/\/ubanews.com\/site\/2025\/08\/30\/semana-do-advogado-no-unifagoc\/"]}]},{"@type":"ImageObject","inLanguage":"pt-BR","@id":"https:\/\/ubanews.com\/site\/2025\/08\/30\/semana-do-advogado-no-unifagoc\/#primaryimage","url":"https:\/\/ubanews.com\/site\/wp-content\/uploads\/2025\/08\/Fala-Sodre-Unifagoc.jpg","contentUrl":"https:\/\/ubanews.com\/site\/wp-content\/uploads\/2025\/08\/Fala-Sodre-Unifagoc.jpg","width":921,"height":453,"caption":"Semana do Advogado no UNIFAGOC"},{"@type":"BreadcrumbList","@id":"https:\/\/ubanews.com\/site\/2025\/08\/30\/semana-do-advogado-no-unifagoc\/#breadcrumb","itemListElement":[{"@type":"ListItem","position":1,"name":"Home","item":"https:\/\/ubanews.com\/site\/"},{"@type":"ListItem","position":2,"name":"Semana do Advogado no UNIFAGOC"}]},{"@type":"WebSite","@id":"https:\/\/ubanews.com\/site\/#website","url":"https:\/\/ubanews.com\/site\/","name":"Ub\u00e1 News","description":"","publisher":{"@id":"https:\/\/ubanews.com\/site\/#organization"},"potentialAction":[{"@type":"SearchAction","target":{"@type":"EntryPoint","urlTemplate":"https:\/\/ubanews.com\/site\/?s={search_term_string}"},"query-input":{"@type":"PropertyValueSpecification","valueRequired":true,"valueName":"search_term_string"}}],"inLanguage":"pt-BR"},{"@type":"Organization","@id":"https:\/\/ubanews.com\/site\/#organization","name":"Ub\u00e1 News","url":"https:\/\/ubanews.com\/site\/","logo":{"@type":"ImageObject","inLanguage":"pt-BR","@id":"https:\/\/ubanews.com\/site\/#\/schema\/logo\/image\/","url":"https:\/\/ubanews.com\/site\/wp-content\/uploads\/2018\/01\/logoubanews.png","contentUrl":"https:\/\/ubanews.com\/site\/wp-content\/uploads\/2018\/01\/logoubanews.png","width":261,"height":99,"caption":"Ub\u00e1 News"},"image":{"@id":"https:\/\/ubanews.com\/site\/#\/schema\/logo\/image\/"},"sameAs":["https:\/\/www.facebook.com\/Ub\u00e1News-Carlos-Roberto-Sodr\u00e9-418778301977370"]},{"@type":"Person","@id":"https:\/\/ubanews.com\/site\/#\/schema\/person\/9d8da9ec3c8d00640ab6e8c81e103310","name":"Carlos Roberto Sodr\u00e9","image":{"@type":"ImageObject","inLanguage":"pt-BR","@id":"https:\/\/secure.gravatar.com\/avatar\/aab322e8555b56c468614fafdab8a8f924e394cdc6cfd8232f77e9e4d123a133?s=96&d=mm&r=g","url":"https:\/\/secure.gravatar.com\/avatar\/aab322e8555b56c468614fafdab8a8f924e394cdc6cfd8232f77e9e4d123a133?s=96&d=mm&r=g","contentUrl":"https:\/\/secure.gravatar.com\/avatar\/aab322e8555b56c468614fafdab8a8f924e394cdc6cfd8232f77e9e4d123a133?s=96&d=mm&r=g","caption":"Carlos Roberto Sodr\u00e9"},"url":"https:\/\/ubanews.com\/site\/author\/sodre\/"}]}},"_links":{"self":[{"href":"https:\/\/ubanews.com\/site\/wp-json\/wp\/v2\/posts\/22861","targetHints":{"allow":["GET"]}}],"collection":[{"href":"https:\/\/ubanews.com\/site\/wp-json\/wp\/v2\/posts"}],"about":[{"href":"https:\/\/ubanews.com\/site\/wp-json\/wp\/v2\/types\/post"}],"author":[{"embeddable":true,"href":"https:\/\/ubanews.com\/site\/wp-json\/wp\/v2\/users\/4"}],"replies":[{"embeddable":true,"href":"https:\/\/ubanews.com\/site\/wp-json\/wp\/v2\/comments?post=22861"}],"version-history":[{"count":0,"href":"https:\/\/ubanews.com\/site\/wp-json\/wp\/v2\/posts\/22861\/revisions"}],"wp:featuredmedia":[{"embeddable":true,"href":"https:\/\/ubanews.com\/site\/wp-json\/wp\/v2\/media\/22862"}],"wp:attachment":[{"href":"https:\/\/ubanews.com\/site\/wp-json\/wp\/v2\/media?parent=22861"}],"wp:term":[{"taxonomy":"category","embeddable":true,"href":"https:\/\/ubanews.com\/site\/wp-json\/wp\/v2\/categories?post=22861"},{"taxonomy":"post_tag","embeddable":true,"href":"https:\/\/ubanews.com\/site\/wp-json\/wp\/v2\/tags?post=22861"}],"curies":[{"name":"wp","href":"https:\/\/api.w.org\/{rel}","templated":true}]}}