{"id":22859,"date":"2025-08-30T09:56:05","date_gmt":"2025-08-30T12:56:05","guid":{"rendered":"https:\/\/ubanews.com\/site\/?p=22859"},"modified":"2025-08-31T10:51:24","modified_gmt":"2025-08-31T13:51:24","slug":"homenagem-ao-maestro-marum-alexander","status":"publish","type":"post","link":"https:\/\/ubanews.com\/site\/2025\/08\/30\/homenagem-ao-maestro-marum-alexander\/","title":{"rendered":"Homenagem ao Maestro Marum Alexander emociona C\u00e2mara Municipal de Ub\u00e1"},"content":{"rendered":"<p>Homenagem ao Maestro Marum Alexander na C\u00e2mara Municipal de Ub\u00e1. Na C\u00e2mara Municipal de Ub\u00e1, o jornalista\u00a0<strong>Carlos Roberto Sodr\u00e9<\/strong>, do\u00a0<em>Portal UBANEWS<\/em>\u00a0e\u00a0<em>Canal Fala Sodr\u00e9<\/em>, registrou uma homenagem comovente ao maestro\u00a0<strong>Marum Alexander<\/strong>. Reconhecido como\u00a0<strong>embaixador da m\u00fasica e da cultura de Minas Gerais<\/strong>, Marum deixou um legado marcante na forma\u00e7\u00e3o art\u00edstica de gera\u00e7\u00f5es.<\/p>\n<p><a href=\"https:\/\/www.youtube.com\/live\/zyFK5VouRYE?si=nhpzxHHUUdlDXCCk\" target=\"_blank\" rel=\"noopener\"><img decoding=\"async\" class=\"aligncenter size-medium wp-image-22860 lazyload\" data-src=\"https:\/\/ubanews.com\/site\/wp-content\/uploads\/2025\/08\/Marum-Alexander-Maestro-300x167.jpg\" alt=\"Homenagem ao Maestro Marum Alexander\" width=\"300\" height=\"167\" data-srcset=\"https:\/\/ubanews.com\/site\/wp-content\/uploads\/2025\/08\/Marum-Alexander-Maestro-300x167.jpg 300w, https:\/\/ubanews.com\/site\/wp-content\/uploads\/2025\/08\/Marum-Alexander-Maestro-768x428.jpg 768w, https:\/\/ubanews.com\/site\/wp-content\/uploads\/2025\/08\/Marum-Alexander-Maestro-360x200.jpg 360w, https:\/\/ubanews.com\/site\/wp-content\/uploads\/2025\/08\/Marum-Alexander-Maestro.jpg 919w\" data-sizes=\"(max-width: 300px) 100vw, 300px\" src=\"data:image\/svg+xml;base64,PHN2ZyB3aWR0aD0iMSIgaGVpZ2h0PSIxIiB4bWxucz0iaHR0cDovL3d3dy53My5vcmcvMjAwMC9zdmciPjwvc3ZnPg==\" style=\"--smush-placeholder-width: 300px; --smush-placeholder-aspect-ratio: 300\/167;\" \/><\/a><\/p>\n<h2>&#x1f3bc; Homenagem ao Maestro Marum Alexander na C\u00e2mara Municipal de Ub\u00e1<\/h2>\n<h3>&#x1f3ac; Um document\u00e1rio para eternizar sua hist\u00f3ria<\/h3>\n<p>De toda forma, durante a sess\u00e3o, foi anunciada a produ\u00e7\u00e3o de um document\u00e1rio sobre sua vida. Em outras palavras a proposta, apoiada pela comunidade e pela Secretaria Municipal de Cultura, busca preservar sua mem\u00f3ria e inspirar novas gera\u00e7\u00f5es.<\/p>\n<h3>&#x1f3a4; Depoimentos que emocionam<\/h3>\n<p>Sodr\u00e9 entrevistou amigos e familiares. As falas revelaram o impacto profundo do maestro na vida de muitos.<\/p>\n<h4>&#x1f469;&#x200d;&#x1f467;&#x200d;&#x1f467; Filhas do Maestro<\/h4>\n<p>Uma das filhas compartilhou:<\/p>\n<blockquote><p>\u201cAl\u00e9m de pai, ele era meu amigo. Eu larguei tudo para estar com ele nos \u00faltimos dias. Vivi cada dia como se fosse o \u00faltimo.\u201d<\/p><\/blockquote>\n<p>Ela tamb\u00e9m destacou:<\/p>\n<blockquote><p>\u201cMuitas pessoas vieram me dizer: \u2018Eu tamb\u00e9m fui filho do seu pai\u2019. Eu n\u00e3o tinha ideia da profundidade disso.\u201d<\/p><\/blockquote>\n<p>A outra filha completou:<\/p>\n<blockquote><p>\u201cEstamos muito lisonjeados e agradecidos. Esse material \u00e9 um presente para nossa fam\u00edlia e para a popula\u00e7\u00e3o.\u201d<\/p><\/blockquote>\n<h4>&#x1f49e; Am\u00e9linha, esposa do Maestro<\/h4>\n<p>Com emo\u00e7\u00e3o,\u00a0<strong>Am\u00e9linha<\/strong>\u00a0falou sobre o legado de Marum:<\/p>\n<blockquote><p>\u201cEle era exigente e detalhista. Procuro fazer tudo como ele ensinava. Esse projeto \u00e9 um presente. Ele merece tudo isso pelo que fez pela cidade, pela cultura e pela fam\u00edlia.\u201d<\/p><\/blockquote>\n<h4>&#x1f393; Professor Joaquim<\/h4>\n<p>Posto que o professor <strong>Joaquim<\/strong>\u00a0destacou:<\/p>\n<blockquote><p>\u201cO que se fez no Legislativo ubaense foi enaltecer uma ideia magn\u00e2nima. Marum \u00e9 eternizado pela cultura que projetou desde seu nascimento at\u00e9 seu casamento com Ub\u00e1.\u201d<\/p><\/blockquote>\n<h4>&#x1f399;&#xfe0f; Genito<\/h4>\n<p>Assim o <strong>Genito<\/strong>, parceiro de projetos culturais, refor\u00e7ou:<\/p>\n<blockquote><p>\u201c\u00c9 nosso dever fazer um document\u00e1rio \u00e0 altura. Marum era exigente, genial e carism\u00e1tico. Seu legado precisa ser contado com respeito e profundidade.\u201d<\/p><\/blockquote>\n<h3>&#x1f3b6; Legado cultural<\/h3>\n<p>Desta forma como foi dito na reuni\u00e3o:<\/p>\n<blockquote><p>\u201cO maestro Marum est\u00e1 em cada manifesta\u00e7\u00e3o cultural que houver nesse munic\u00edpio e nesse estado de Minas Gerais.\u201d<\/p><\/blockquote>\n<p>Ent\u00e3o o projeto segue com apoio da comunidade e da Secretaria Municipal de Cultura.<\/p>\n<h2>&#x1f3bc; Homenagem ao Maestro Marum Alexander<\/h2>\n<p>&#x1f4e2; Acompanhe os registros e atualiza\u00e7\u00f5es pelo <a href=\"https:\/\/www.youtube.com\/@ubanews5837\" target=\"_blank\" rel=\"noopener\">Canal Fala Sodr\u00e9 no YouTube<\/a>, Instagram e Facebook. (<a href=\"https:\/\/ubanews.com\/site\/\">Ub\u00e1 News )<\/a><\/p>\n<p><iframe title=\"Fala Sodr\u00e9 - document\u00e1rio sobre a vida do Maestro Marum recebe apoio do Legislativo Ubaense 08\/04\/25\" width=\"840\" height=\"473\" data-src=\"https:\/\/www.youtube.com\/embed\/zyFK5VouRYE?feature=oembed\" frameborder=\"0\" allow=\"accelerometer; autoplay; clipboard-write; encrypted-media; gyroscope; picture-in-picture; web-share\" referrerpolicy=\"strict-origin-when-cross-origin\" allowfullscreen src=\"data:image\/svg+xml;base64,PHN2ZyB3aWR0aD0iMSIgaGVpZ2h0PSIxIiB4bWxucz0iaHR0cDovL3d3dy53My5vcmcvMjAwMC9zdmciPjwvc3ZnPg==\" class=\"lazyload\" data-load-mode=\"1\"><\/iframe><\/p>\n<p>&nbsp;<\/p>\n","protected":false},"excerpt":{"rendered":"<p>Homenagem ao Maestro Marum Alexander na C\u00e2mara Municipal de Ub\u00e1.<\/p>\n","protected":false},"author":4,"featured_media":22860,"comment_status":"open","ping_status":"open","sticky":false,"template":"","format":"standard","meta":{"footnotes":""},"categories":[45,3],"tags":[65,59,66,67,60],"class_list":["post-22859","post","type-post","status-publish","format-standard","has-post-thumbnail","hentry","category-destaque-principal","category-slide","tag-carlos-roberto-sodre","tag-fala-sodre","tag-maestro-marum-alexander","tag-sodre","tag-ubanews"],"yoast_head":"<!-- This site is optimized with the Yoast SEO plugin v27.2 - https:\/\/yoast.com\/product\/yoast-seo-wordpress\/ -->\n<title>- Ub\u00e1 News<\/title>\n<meta name=\"description\" content=\"Depoimentos de familiares e amigos marcaram a homenagem ao maestro Marum Alexander na C\u00e2mara Municipal de Ub\u00e1\" \/>\n<meta name=\"robots\" content=\"index, follow, max-snippet:-1, max-image-preview:large, max-video-preview:-1\" \/>\n<link rel=\"canonical\" href=\"https:\/\/ubanews.com\/site\/2025\/08\/30\/homenagem-ao-maestro-marum-alexander\/\" \/>\n<meta property=\"og:locale\" content=\"pt_BR\" \/>\n<meta property=\"og:type\" content=\"article\" \/>\n<meta property=\"og:title\" content=\"- Ub\u00e1 News\" \/>\n<meta property=\"og:description\" content=\"Depoimentos de familiares e amigos marcaram a homenagem ao maestro Marum Alexander na C\u00e2mara Municipal de Ub\u00e1\" \/>\n<meta property=\"og:url\" content=\"https:\/\/ubanews.com\/site\/2025\/08\/30\/homenagem-ao-maestro-marum-alexander\/\" \/>\n<meta property=\"og:site_name\" content=\"Ub\u00e1 News\" \/>\n<meta property=\"article:publisher\" content=\"https:\/\/www.facebook.com\/Ub%c3%a1News-Carlos-Roberto-Sodr%c3%a9-418778301977370\" \/>\n<meta property=\"article:published_time\" content=\"2025-08-30T12:56:05+00:00\" \/>\n<meta property=\"article:modified_time\" content=\"2025-08-31T13:51:24+00:00\" \/>\n<meta property=\"og:image\" content=\"https:\/\/ubanews.com\/site\/wp-content\/uploads\/2025\/08\/Marum-Alexander-Maestro.jpg\" \/>\n\t<meta property=\"og:image:width\" content=\"919\" \/>\n\t<meta property=\"og:image:height\" content=\"512\" \/>\n\t<meta property=\"og:image:type\" content=\"image\/jpeg\" \/>\n<meta name=\"author\" content=\"Carlos Roberto Sodr\u00e9\" \/>\n<meta name=\"twitter:card\" content=\"summary_large_image\" \/>\n<meta name=\"twitter:label1\" content=\"Escrito por\" \/>\n\t<meta name=\"twitter:data1\" content=\"Carlos Roberto Sodr\u00e9\" \/>\n\t<meta name=\"twitter:label2\" content=\"Est. tempo de leitura\" \/>\n\t<meta name=\"twitter:data2\" content=\"3 minutos\" \/>\n<script type=\"application\/ld+json\" class=\"yoast-schema-graph\">{\"@context\":\"https:\/\/schema.org\",\"@graph\":[{\"@type\":\"Article\",\"@id\":\"https:\/\/ubanews.com\/site\/2025\/08\/30\/homenagem-ao-maestro-marum-alexander\/#article\",\"isPartOf\":{\"@id\":\"https:\/\/ubanews.com\/site\/2025\/08\/30\/homenagem-ao-maestro-marum-alexander\/\"},\"author\":{\"name\":\"Carlos Roberto Sodr\u00e9\",\"@id\":\"https:\/\/ubanews.com\/site\/#\/schema\/person\/9d8da9ec3c8d00640ab6e8c81e103310\"},\"headline\":\"Homenagem ao Maestro Marum Alexander emociona C\u00e2mara Municipal de Ub\u00e1\",\"datePublished\":\"2025-08-30T12:56:05+00:00\",\"dateModified\":\"2025-08-31T13:51:24+00:00\",\"mainEntityOfPage\":{\"@id\":\"https:\/\/ubanews.com\/site\/2025\/08\/30\/homenagem-ao-maestro-marum-alexander\/\"},\"wordCount\":464,\"commentCount\":0,\"publisher\":{\"@id\":\"https:\/\/ubanews.com\/site\/#organization\"},\"image\":{\"@id\":\"https:\/\/ubanews.com\/site\/2025\/08\/30\/homenagem-ao-maestro-marum-alexander\/#primaryimage\"},\"thumbnailUrl\":\"https:\/\/ubanews.com\/site\/wp-content\/uploads\/2025\/08\/Marum-Alexander-Maestro.jpg\",\"keywords\":[\"Carlos Roberto Sodr\u00e9\",\"Fala Sodr\u00e9\",\"Maestro Marum Alexander\",\"Sodr\u00e9\",\"UBANEWS\"],\"articleSection\":[\"DESTAQUE PRINCIPAL\",\"Slide\"],\"inLanguage\":\"pt-BR\",\"potentialAction\":[{\"@type\":\"CommentAction\",\"name\":\"Comment\",\"target\":[\"https:\/\/ubanews.com\/site\/2025\/08\/30\/homenagem-ao-maestro-marum-alexander\/#respond\"]}]},{\"@type\":\"WebPage\",\"@id\":\"https:\/\/ubanews.com\/site\/2025\/08\/30\/homenagem-ao-maestro-marum-alexander\/\",\"url\":\"https:\/\/ubanews.com\/site\/2025\/08\/30\/homenagem-ao-maestro-marum-alexander\/\",\"name\":\"- Ub\u00e1 News\",\"isPartOf\":{\"@id\":\"https:\/\/ubanews.com\/site\/#website\"},\"primaryImageOfPage\":{\"@id\":\"https:\/\/ubanews.com\/site\/2025\/08\/30\/homenagem-ao-maestro-marum-alexander\/#primaryimage\"},\"image\":{\"@id\":\"https:\/\/ubanews.com\/site\/2025\/08\/30\/homenagem-ao-maestro-marum-alexander\/#primaryimage\"},\"thumbnailUrl\":\"https:\/\/ubanews.com\/site\/wp-content\/uploads\/2025\/08\/Marum-Alexander-Maestro.jpg\",\"datePublished\":\"2025-08-30T12:56:05+00:00\",\"dateModified\":\"2025-08-31T13:51:24+00:00\",\"description\":\"Depoimentos de familiares e amigos marcaram a homenagem ao maestro Marum Alexander na C\u00e2mara Municipal de Ub\u00e1\",\"breadcrumb\":{\"@id\":\"https:\/\/ubanews.com\/site\/2025\/08\/30\/homenagem-ao-maestro-marum-alexander\/#breadcrumb\"},\"inLanguage\":\"pt-BR\",\"potentialAction\":[{\"@type\":\"ReadAction\",\"target\":[\"https:\/\/ubanews.com\/site\/2025\/08\/30\/homenagem-ao-maestro-marum-alexander\/\"]}]},{\"@type\":\"ImageObject\",\"inLanguage\":\"pt-BR\",\"@id\":\"https:\/\/ubanews.com\/site\/2025\/08\/30\/homenagem-ao-maestro-marum-alexander\/#primaryimage\",\"url\":\"https:\/\/ubanews.com\/site\/wp-content\/uploads\/2025\/08\/Marum-Alexander-Maestro.jpg\",\"contentUrl\":\"https:\/\/ubanews.com\/site\/wp-content\/uploads\/2025\/08\/Marum-Alexander-Maestro.jpg\",\"width\":919,\"height\":512,\"caption\":\"Homenagem ao Maestro Marum Alexander\"},{\"@type\":\"BreadcrumbList\",\"@id\":\"https:\/\/ubanews.com\/site\/2025\/08\/30\/homenagem-ao-maestro-marum-alexander\/#breadcrumb\",\"itemListElement\":[{\"@type\":\"ListItem\",\"position\":1,\"name\":\"Home\",\"item\":\"https:\/\/ubanews.com\/site\/\"},{\"@type\":\"ListItem\",\"position\":2,\"name\":\"Homenagem ao Maestro Marum Alexander emociona C\u00e2mara Municipal de Ub\u00e1\"}]},{\"@type\":\"WebSite\",\"@id\":\"https:\/\/ubanews.com\/site\/#website\",\"url\":\"https:\/\/ubanews.com\/site\/\",\"name\":\"Ub\u00e1 News\",\"description\":\"\",\"publisher\":{\"@id\":\"https:\/\/ubanews.com\/site\/#organization\"},\"potentialAction\":[{\"@type\":\"SearchAction\",\"target\":{\"@type\":\"EntryPoint\",\"urlTemplate\":\"https:\/\/ubanews.com\/site\/?s={search_term_string}\"},\"query-input\":{\"@type\":\"PropertyValueSpecification\",\"valueRequired\":true,\"valueName\":\"search_term_string\"}}],\"inLanguage\":\"pt-BR\"},{\"@type\":\"Organization\",\"@id\":\"https:\/\/ubanews.com\/site\/#organization\",\"name\":\"Ub\u00e1 News\",\"url\":\"https:\/\/ubanews.com\/site\/\",\"logo\":{\"@type\":\"ImageObject\",\"inLanguage\":\"pt-BR\",\"@id\":\"https:\/\/ubanews.com\/site\/#\/schema\/logo\/image\/\",\"url\":\"https:\/\/ubanews.com\/site\/wp-content\/uploads\/2018\/01\/logoubanews.png\",\"contentUrl\":\"https:\/\/ubanews.com\/site\/wp-content\/uploads\/2018\/01\/logoubanews.png\",\"width\":261,\"height\":99,\"caption\":\"Ub\u00e1 News\"},\"image\":{\"@id\":\"https:\/\/ubanews.com\/site\/#\/schema\/logo\/image\/\"},\"sameAs\":[\"https:\/\/www.facebook.com\/Ub\u00e1News-Carlos-Roberto-Sodr\u00e9-418778301977370\"]},{\"@type\":\"Person\",\"@id\":\"https:\/\/ubanews.com\/site\/#\/schema\/person\/9d8da9ec3c8d00640ab6e8c81e103310\",\"name\":\"Carlos Roberto Sodr\u00e9\",\"image\":{\"@type\":\"ImageObject\",\"inLanguage\":\"pt-BR\",\"@id\":\"https:\/\/secure.gravatar.com\/avatar\/aab322e8555b56c468614fafdab8a8f924e394cdc6cfd8232f77e9e4d123a133?s=96&d=mm&r=g\",\"url\":\"https:\/\/secure.gravatar.com\/avatar\/aab322e8555b56c468614fafdab8a8f924e394cdc6cfd8232f77e9e4d123a133?s=96&d=mm&r=g\",\"contentUrl\":\"https:\/\/secure.gravatar.com\/avatar\/aab322e8555b56c468614fafdab8a8f924e394cdc6cfd8232f77e9e4d123a133?s=96&d=mm&r=g\",\"caption\":\"Carlos Roberto Sodr\u00e9\"},\"url\":\"https:\/\/ubanews.com\/site\/author\/sodre\/\"}]}<\/script>\n<!-- \/ Yoast SEO plugin. -->","yoast_head_json":{"title":"- Ub\u00e1 News","description":"Depoimentos de familiares e amigos marcaram a homenagem ao maestro Marum Alexander na C\u00e2mara Municipal de Ub\u00e1","robots":{"index":"index","follow":"follow","max-snippet":"max-snippet:-1","max-image-preview":"max-image-preview:large","max-video-preview":"max-video-preview:-1"},"canonical":"https:\/\/ubanews.com\/site\/2025\/08\/30\/homenagem-ao-maestro-marum-alexander\/","og_locale":"pt_BR","og_type":"article","og_title":"- Ub\u00e1 News","og_description":"Depoimentos de familiares e amigos marcaram a homenagem ao maestro Marum Alexander na C\u00e2mara Municipal de Ub\u00e1","og_url":"https:\/\/ubanews.com\/site\/2025\/08\/30\/homenagem-ao-maestro-marum-alexander\/","og_site_name":"Ub\u00e1 News","article_publisher":"https:\/\/www.facebook.com\/Ub%c3%a1News-Carlos-Roberto-Sodr%c3%a9-418778301977370","article_published_time":"2025-08-30T12:56:05+00:00","article_modified_time":"2025-08-31T13:51:24+00:00","og_image":[{"width":919,"height":512,"url":"https:\/\/ubanews.com\/site\/wp-content\/uploads\/2025\/08\/Marum-Alexander-Maestro.jpg","type":"image\/jpeg"}],"author":"Carlos Roberto Sodr\u00e9","twitter_card":"summary_large_image","twitter_misc":{"Escrito por":"Carlos Roberto Sodr\u00e9","Est. tempo de leitura":"3 minutos"},"schema":{"@context":"https:\/\/schema.org","@graph":[{"@type":"Article","@id":"https:\/\/ubanews.com\/site\/2025\/08\/30\/homenagem-ao-maestro-marum-alexander\/#article","isPartOf":{"@id":"https:\/\/ubanews.com\/site\/2025\/08\/30\/homenagem-ao-maestro-marum-alexander\/"},"author":{"name":"Carlos Roberto Sodr\u00e9","@id":"https:\/\/ubanews.com\/site\/#\/schema\/person\/9d8da9ec3c8d00640ab6e8c81e103310"},"headline":"Homenagem ao Maestro Marum Alexander emociona C\u00e2mara Municipal de Ub\u00e1","datePublished":"2025-08-30T12:56:05+00:00","dateModified":"2025-08-31T13:51:24+00:00","mainEntityOfPage":{"@id":"https:\/\/ubanews.com\/site\/2025\/08\/30\/homenagem-ao-maestro-marum-alexander\/"},"wordCount":464,"commentCount":0,"publisher":{"@id":"https:\/\/ubanews.com\/site\/#organization"},"image":{"@id":"https:\/\/ubanews.com\/site\/2025\/08\/30\/homenagem-ao-maestro-marum-alexander\/#primaryimage"},"thumbnailUrl":"https:\/\/ubanews.com\/site\/wp-content\/uploads\/2025\/08\/Marum-Alexander-Maestro.jpg","keywords":["Carlos Roberto Sodr\u00e9","Fala Sodr\u00e9","Maestro Marum Alexander","Sodr\u00e9","UBANEWS"],"articleSection":["DESTAQUE PRINCIPAL","Slide"],"inLanguage":"pt-BR","potentialAction":[{"@type":"CommentAction","name":"Comment","target":["https:\/\/ubanews.com\/site\/2025\/08\/30\/homenagem-ao-maestro-marum-alexander\/#respond"]}]},{"@type":"WebPage","@id":"https:\/\/ubanews.com\/site\/2025\/08\/30\/homenagem-ao-maestro-marum-alexander\/","url":"https:\/\/ubanews.com\/site\/2025\/08\/30\/homenagem-ao-maestro-marum-alexander\/","name":"- Ub\u00e1 News","isPartOf":{"@id":"https:\/\/ubanews.com\/site\/#website"},"primaryImageOfPage":{"@id":"https:\/\/ubanews.com\/site\/2025\/08\/30\/homenagem-ao-maestro-marum-alexander\/#primaryimage"},"image":{"@id":"https:\/\/ubanews.com\/site\/2025\/08\/30\/homenagem-ao-maestro-marum-alexander\/#primaryimage"},"thumbnailUrl":"https:\/\/ubanews.com\/site\/wp-content\/uploads\/2025\/08\/Marum-Alexander-Maestro.jpg","datePublished":"2025-08-30T12:56:05+00:00","dateModified":"2025-08-31T13:51:24+00:00","description":"Depoimentos de familiares e amigos marcaram a homenagem ao maestro Marum Alexander na C\u00e2mara Municipal de Ub\u00e1","breadcrumb":{"@id":"https:\/\/ubanews.com\/site\/2025\/08\/30\/homenagem-ao-maestro-marum-alexander\/#breadcrumb"},"inLanguage":"pt-BR","potentialAction":[{"@type":"ReadAction","target":["https:\/\/ubanews.com\/site\/2025\/08\/30\/homenagem-ao-maestro-marum-alexander\/"]}]},{"@type":"ImageObject","inLanguage":"pt-BR","@id":"https:\/\/ubanews.com\/site\/2025\/08\/30\/homenagem-ao-maestro-marum-alexander\/#primaryimage","url":"https:\/\/ubanews.com\/site\/wp-content\/uploads\/2025\/08\/Marum-Alexander-Maestro.jpg","contentUrl":"https:\/\/ubanews.com\/site\/wp-content\/uploads\/2025\/08\/Marum-Alexander-Maestro.jpg","width":919,"height":512,"caption":"Homenagem ao Maestro Marum Alexander"},{"@type":"BreadcrumbList","@id":"https:\/\/ubanews.com\/site\/2025\/08\/30\/homenagem-ao-maestro-marum-alexander\/#breadcrumb","itemListElement":[{"@type":"ListItem","position":1,"name":"Home","item":"https:\/\/ubanews.com\/site\/"},{"@type":"ListItem","position":2,"name":"Homenagem ao Maestro Marum Alexander emociona C\u00e2mara Municipal de Ub\u00e1"}]},{"@type":"WebSite","@id":"https:\/\/ubanews.com\/site\/#website","url":"https:\/\/ubanews.com\/site\/","name":"Ub\u00e1 News","description":"","publisher":{"@id":"https:\/\/ubanews.com\/site\/#organization"},"potentialAction":[{"@type":"SearchAction","target":{"@type":"EntryPoint","urlTemplate":"https:\/\/ubanews.com\/site\/?s={search_term_string}"},"query-input":{"@type":"PropertyValueSpecification","valueRequired":true,"valueName":"search_term_string"}}],"inLanguage":"pt-BR"},{"@type":"Organization","@id":"https:\/\/ubanews.com\/site\/#organization","name":"Ub\u00e1 News","url":"https:\/\/ubanews.com\/site\/","logo":{"@type":"ImageObject","inLanguage":"pt-BR","@id":"https:\/\/ubanews.com\/site\/#\/schema\/logo\/image\/","url":"https:\/\/ubanews.com\/site\/wp-content\/uploads\/2018\/01\/logoubanews.png","contentUrl":"https:\/\/ubanews.com\/site\/wp-content\/uploads\/2018\/01\/logoubanews.png","width":261,"height":99,"caption":"Ub\u00e1 News"},"image":{"@id":"https:\/\/ubanews.com\/site\/#\/schema\/logo\/image\/"},"sameAs":["https:\/\/www.facebook.com\/Ub\u00e1News-Carlos-Roberto-Sodr\u00e9-418778301977370"]},{"@type":"Person","@id":"https:\/\/ubanews.com\/site\/#\/schema\/person\/9d8da9ec3c8d00640ab6e8c81e103310","name":"Carlos Roberto Sodr\u00e9","image":{"@type":"ImageObject","inLanguage":"pt-BR","@id":"https:\/\/secure.gravatar.com\/avatar\/aab322e8555b56c468614fafdab8a8f924e394cdc6cfd8232f77e9e4d123a133?s=96&d=mm&r=g","url":"https:\/\/secure.gravatar.com\/avatar\/aab322e8555b56c468614fafdab8a8f924e394cdc6cfd8232f77e9e4d123a133?s=96&d=mm&r=g","contentUrl":"https:\/\/secure.gravatar.com\/avatar\/aab322e8555b56c468614fafdab8a8f924e394cdc6cfd8232f77e9e4d123a133?s=96&d=mm&r=g","caption":"Carlos Roberto Sodr\u00e9"},"url":"https:\/\/ubanews.com\/site\/author\/sodre\/"}]}},"_links":{"self":[{"href":"https:\/\/ubanews.com\/site\/wp-json\/wp\/v2\/posts\/22859","targetHints":{"allow":["GET"]}}],"collection":[{"href":"https:\/\/ubanews.com\/site\/wp-json\/wp\/v2\/posts"}],"about":[{"href":"https:\/\/ubanews.com\/site\/wp-json\/wp\/v2\/types\/post"}],"author":[{"embeddable":true,"href":"https:\/\/ubanews.com\/site\/wp-json\/wp\/v2\/users\/4"}],"replies":[{"embeddable":true,"href":"https:\/\/ubanews.com\/site\/wp-json\/wp\/v2\/comments?post=22859"}],"version-history":[{"count":0,"href":"https:\/\/ubanews.com\/site\/wp-json\/wp\/v2\/posts\/22859\/revisions"}],"wp:featuredmedia":[{"embeddable":true,"href":"https:\/\/ubanews.com\/site\/wp-json\/wp\/v2\/media\/22860"}],"wp:attachment":[{"href":"https:\/\/ubanews.com\/site\/wp-json\/wp\/v2\/media?parent=22859"}],"wp:term":[{"taxonomy":"category","embeddable":true,"href":"https:\/\/ubanews.com\/site\/wp-json\/wp\/v2\/categories?post=22859"},{"taxonomy":"post_tag","embeddable":true,"href":"https:\/\/ubanews.com\/site\/wp-json\/wp\/v2\/tags?post=22859"}],"curies":[{"name":"wp","href":"https:\/\/api.w.org\/{rel}","templated":true}]}}