{"id":22856,"date":"2025-08-29T09:42:44","date_gmt":"2025-08-29T12:42:44","guid":{"rendered":"http:\/\/ubanews.com\/site\/?p=22856"},"modified":"2025-08-31T10:51:35","modified_gmt":"2025-08-31T13:51:35","slug":"visita-romeu-zema-agosto-2025","status":"publish","type":"post","link":"https:\/\/ubanews.com\/site\/2025\/08\/29\/visita-romeu-zema-agosto-2025\/","title":{"rendered":"Visita do Governador Romeu Zema"},"content":{"rendered":"<h2><strong>Visita do Governador Romeu Zema, um Dia Hist\u00f3rico para Ub\u00e1: Investimentos em Sa\u00fade e Vozes da Comunidade<\/strong><\/h2>\n<h3><strong>Por Carlos Roberto Sodr\u00e9 \u2013 Portal Ubanews \/ Canal Fala Sodr\u00e9<\/strong><\/h3>\n<p>Na manh\u00e3 de 29 de agosto de 2025, Ub\u00e1 foi palco de um evento marcante que reuniu autoridades estaduais e municipais para anunciar o maior investimento em sa\u00fade da hist\u00f3ria da Zona da Mata mineira: <strong>R\\$ 300 milh\u00f5es<\/strong> destinados \u00e0 melhoria da infraestrutura e dos servi\u00e7os de sa\u00fade da regi\u00e3o.<\/p>\n<p>O encontro contou com a presen\u00e7a do governador Romeu Zema, do vice-governador Matheus Sim\u00f5es, do prefeito Jos\u00e9 da Mata, al\u00e9m de deputados, secret\u00e1rios, representantes do Minist\u00e9rio P\u00fablico e lideran\u00e7as locais. A cerim\u00f4nia foi marcada por discursos emocionados, reivindica\u00e7\u00f5es populares e an\u00fancios que prometem transformar a realidade da sa\u00fade p\u00fablica regional.<\/p>\n<p><img decoding=\"async\" class=\"aligncenter wp-image-22857 lazyload\" data-src=\"https:\/\/ubanews.com\/site\/wp-content\/uploads\/2025\/08\/Fala-Sodre-Visita-do-Governador-Romeu-Zema-em-Uba-300x189.jpg\" alt=\"Visita do Governador Romeu Zema a Cidade de Ub\u00e1 \" width=\"411\" height=\"259\" data-srcset=\"https:\/\/ubanews.com\/site\/wp-content\/uploads\/2025\/08\/Fala-Sodre-Visita-do-Governador-Romeu-Zema-em-Uba-300x189.jpg 300w, https:\/\/ubanews.com\/site\/wp-content\/uploads\/2025\/08\/Fala-Sodre-Visita-do-Governador-Romeu-Zema-em-Uba-1024x645.jpg 1024w, https:\/\/ubanews.com\/site\/wp-content\/uploads\/2025\/08\/Fala-Sodre-Visita-do-Governador-Romeu-Zema-em-Uba-768x484.jpg 768w, https:\/\/ubanews.com\/site\/wp-content\/uploads\/2025\/08\/Fala-Sodre-Visita-do-Governador-Romeu-Zema-em-Uba.jpg 1350w\" data-sizes=\"(max-width: 411px) 100vw, 411px\" src=\"data:image\/svg+xml;base64,PHN2ZyB3aWR0aD0iMSIgaGVpZ2h0PSIxIiB4bWxucz0iaHR0cDovL3d3dy53My5vcmcvMjAwMC9zdmciPjwvc3ZnPg==\" style=\"--smush-placeholder-width: 411px; --smush-placeholder-aspect-ratio: 411\/259;\" \/><\/p>\n<h3><strong>&#x1f4e3; Vozes que Ecoam<\/strong><\/h3>\n<p>Carlos Roberto Sodr\u00e9, em sua tradicional transmiss\u00e3o pelo Canal Fala Sodr\u00e9, abriu com um apelo \u00e0 participa\u00e7\u00e3o cidad\u00e3 e \u00e0 aten\u00e7\u00e3o para outras \u00e1reas al\u00e9m da sa\u00fade, como <strong>seguran\u00e7a p\u00fablica e educa\u00e7\u00e3o<\/strong>. Ele destacou problemas como a falta de combust\u00edvel para viaturas policiais e a precariedade de pontes em bairros como Industrial e In\u00eas Grupo, que colocam em risco a vida de crian\u00e7as e trabalhadores.<\/p>\n<h3><strong>&#x1f3db;&#xfe0f; Destaque: Prefeito Jos\u00e9 da Mata<\/strong><\/h3>\n<p>Em um discurso emocionado, o prefeito Jos\u00e9 da Mata celebrou os avan\u00e7os j\u00e1 conquistados e refor\u00e7ou o compromisso com a popula\u00e7\u00e3o:<\/p>\n<p>\u201cNunca houve tantos investimentos do governo do estado em Ub\u00e1 como estamos recebendo agora. S\u00e3o milh\u00f5es de reais que chegam para transformar vidas e fortalecer a sa\u00fade. A nossa cidade e a Zona da Mata nunca foram t\u00e3o reconhecidas como agora.\u201d<\/p>\n<h4>Ele tamb\u00e9m destacou a\u00e7\u00f5es concretas j\u00e1 realizadas:<\/h4>\n<ul>\n<li>Renova\u00e7\u00e3o da frota da sa\u00fade<\/li>\n<li>Cria\u00e7\u00e3o da UPA Infantil 24h, que atende mais de 3 mil crian\u00e7as por m\u00eas<\/li>\n<li>Amplia\u00e7\u00e3o dos hor\u00e1rios de atendimento em farm\u00e1cias e unidades de sa\u00fade<\/li>\n<li>Redu\u00e7\u00e3o das filas de exames com o programa \u201cTempo de Cuidar\u201d<\/li>\n<\/ul>\n<p><img decoding=\"async\" class=\"aligncenter size-medium wp-image-22858 lazyload\" data-src=\"https:\/\/ubanews.com\/site\/wp-content\/uploads\/2025\/08\/Fala-Sodre-Visita-do-Governador-Romeu-Zema-em-Uba-Prefeito-e-o-Vice-300x173.jpg\" alt=\"Visita do Governador Romeu Zema a Cidade de Ub\u00e1, recep\u00e7\u00e3o Prefeito Damato e o Vice Rominho\" width=\"300\" height=\"173\" data-srcset=\"https:\/\/ubanews.com\/site\/wp-content\/uploads\/2025\/08\/Fala-Sodre-Visita-do-Governador-Romeu-Zema-em-Uba-Prefeito-e-o-Vice-300x173.jpg 300w, https:\/\/ubanews.com\/site\/wp-content\/uploads\/2025\/08\/Fala-Sodre-Visita-do-Governador-Romeu-Zema-em-Uba-Prefeito-e-o-Vice-1024x591.jpg 1024w, https:\/\/ubanews.com\/site\/wp-content\/uploads\/2025\/08\/Fala-Sodre-Visita-do-Governador-Romeu-Zema-em-Uba-Prefeito-e-o-Vice-768x444.jpg 768w, https:\/\/ubanews.com\/site\/wp-content\/uploads\/2025\/08\/Fala-Sodre-Visita-do-Governador-Romeu-Zema-em-Uba-Prefeito-e-o-Vice.jpg 1484w\" data-sizes=\"(max-width: 300px) 100vw, 300px\" src=\"data:image\/svg+xml;base64,PHN2ZyB3aWR0aD0iMSIgaGVpZ2h0PSIxIiB4bWxucz0iaHR0cDovL3d3dy53My5vcmcvMjAwMC9zdmciPjwvc3ZnPg==\" style=\"--smush-placeholder-width: 300px; --smush-placeholder-aspect-ratio: 300\/173;\" \/><\/p>\n<h3><strong>&#x1f3db;&#xfe0f; Destaque: Governador Romeu Zema<\/strong><\/h3>\n<p>O governador Romeu Zema refor\u00e7ou o simbolismo do momento e a mudan\u00e7a de paradigma na gest\u00e3o p\u00fablica:<\/p>\n<p>\u201cHoje posso dizer com orgulho que a situa\u00e7\u00e3o \u00e9 exatamente o inverso do que vi em 2018. A sa\u00fade tem se fortalecido e est\u00e1 mais pr\u00f3xima das pessoas. Minas vive um bom tempo.\u201d<\/p>\n<h4>Zema tamb\u00e9m destacou:<\/h4>\n<ul>\n<li>Mais de R\\$ 22 milh\u00f5es destinados apenas para Ub\u00e1<\/li>\n<li>Obras planejadas com recursos garantidos<\/li>\n<li>Redu\u00e7\u00e3o da depend\u00eancia de grandes centros como Juiz de Fora<\/li>\n<li>Compromisso com um governo transparente, sem esc\u00e2ndalos ou corrup\u00e7\u00e3o<\/li>\n<\/ul>\n<h2>Visita do Governador Romeu Zema<\/h2>\n<h3><strong>&#x1f3e5; Sa\u00fade Regionalizada<\/strong><\/h3>\n<p>O secret\u00e1rio de Estado da Sa\u00fade, F\u00e1bio Baccheretti, apresentou o plano de regionaliza\u00e7\u00e3o da sa\u00fade, que visa fortalecer o atendimento nas micro-regi\u00f5es e reduzir deslocamentos longos para tratamentos. A coordenadora regional do Minist\u00e9rio P\u00fablico elogiou a distribui\u00e7\u00e3o equitativa dos recursos e o di\u00e1logo entre governo e sociedade.<\/p>\n<h3><strong>&#x1f331; Um Futuro Promissor<\/strong><\/h3>\n<p>Deputados estaduais como Grego da Funda\u00e7\u00e3o e Braldinho J\u00fanior ressaltaram a import\u00e2ncia da uni\u00e3o entre governo, legislativo e sociedade civil para garantir que os investimentos se traduzam em qualidade de vida. A constru\u00e7\u00e3o do complexo da Funda\u00e7\u00e3o Cristiano Varella em Ub\u00e1, com previs\u00e3o de entrega para mar\u00e7o de 2026, foi apontada como um marco para a cidade.<\/p>\n<h3><strong>Conclus\u00e3o:<\/strong><\/h3>\n<p>O evento n\u00e3o foi apenas uma cerim\u00f4nia de an\u00fancio, mas um espa\u00e7o de escuta, reivindica\u00e7\u00e3o e celebra\u00e7\u00e3o. Ub\u00e1 e a Zona da Mata mineira est\u00e3o diante de uma oportunidade hist\u00f3rica de transformar a sa\u00fade p\u00fablica e fortalecer outras \u00e1reas essenciais. Que esse seja apenas o come\u00e7o de uma nova era de desenvolvimento regional.<\/p>\n<p><iframe title=\"Fala Sodr\u00e9: acompanhe todos os discursos proferidos no Centro Administrativo Narciso Paulo Michelli\" width=\"840\" height=\"473\" data-src=\"https:\/\/www.youtube.com\/embed\/GbB4VY-pIwc?feature=oembed\" frameborder=\"0\" allow=\"accelerometer; autoplay; clipboard-write; encrypted-media; gyroscope; picture-in-picture; web-share\" referrerpolicy=\"strict-origin-when-cross-origin\" allowfullscreen src=\"data:image\/svg+xml;base64,PHN2ZyB3aWR0aD0iMSIgaGVpZ2h0PSIxIiB4bWxucz0iaHR0cDovL3d3dy53My5vcmcvMjAwMC9zdmciPjwvc3ZnPg==\" class=\"lazyload\" data-load-mode=\"1\"><\/iframe><\/p>\n","protected":false},"excerpt":{"rendered":"<p>Visita do Governador Romeu Zema, um Dia Hist\u00f3rico para Ub\u00e1:<\/p>\n","protected":false},"author":4,"featured_media":22857,"comment_status":"open","ping_status":"open","sticky":false,"template":"","format":"standard","meta":{"footnotes":""},"categories":[45,1,3],"tags":[63,65,59,62,61,60,64],"class_list":["post-22856","post","type-post","status-publish","format-standard","has-post-thumbnail","hentry","category-destaque-principal","category-sem-categoria","category-slide","tag-cabo-rominho","tag-carlos-roberto-sodre","tag-fala-sodre","tag-jose-damato","tag-romeu-zema","tag-ubanews","tag-visita-do-governador"],"yoast_head":"<!-- This site is optimized with the Yoast SEO plugin v27.2 - https:\/\/yoast.com\/product\/yoast-seo-wordpress\/ -->\n<title>Visita do Governador Romeu Zema - Ub\u00e1 News<\/title>\n<meta name=\"description\" content=\"Visita do Governador Romeu Zema, um Dia Hist\u00f3rico para Ub\u00e1. Anuncio de investimento na Sa\u00fade e agradecimentos do Prefeito Jos\u00e9 Damato\" \/>\n<meta name=\"robots\" content=\"index, follow, max-snippet:-1, max-image-preview:large, max-video-preview:-1\" \/>\n<link rel=\"canonical\" href=\"https:\/\/ubanews.com\/site\/2025\/08\/29\/visita-romeu-zema-agosto-2025\/\" \/>\n<meta property=\"og:locale\" content=\"pt_BR\" \/>\n<meta property=\"og:type\" content=\"article\" \/>\n<meta property=\"og:title\" content=\"Visita do Governador Romeu Zema - Ub\u00e1 News\" \/>\n<meta property=\"og:description\" content=\"Visita do Governador Romeu Zema, um Dia Hist\u00f3rico para Ub\u00e1. Anuncio de investimento na Sa\u00fade e agradecimentos do Prefeito Jos\u00e9 Damato\" \/>\n<meta property=\"og:url\" content=\"https:\/\/ubanews.com\/site\/2025\/08\/29\/visita-romeu-zema-agosto-2025\/\" \/>\n<meta property=\"og:site_name\" content=\"Ub\u00e1 News\" \/>\n<meta property=\"article:publisher\" content=\"https:\/\/www.facebook.com\/Ub%c3%a1News-Carlos-Roberto-Sodr%c3%a9-418778301977370\" \/>\n<meta property=\"article:published_time\" content=\"2025-08-29T12:42:44+00:00\" \/>\n<meta property=\"article:modified_time\" content=\"2025-08-31T13:51:35+00:00\" \/>\n<meta property=\"og:image\" content=\"https:\/\/ubanews.com\/site\/wp-content\/uploads\/2025\/08\/Fala-Sodre-Visita-do-Governador-Romeu-Zema-em-Uba.jpg\" \/>\n\t<meta property=\"og:image:width\" content=\"1350\" \/>\n\t<meta property=\"og:image:height\" content=\"851\" \/>\n\t<meta property=\"og:image:type\" content=\"image\/jpeg\" \/>\n<meta name=\"author\" content=\"Carlos Roberto Sodr\u00e9\" \/>\n<meta name=\"twitter:card\" content=\"summary_large_image\" \/>\n<meta name=\"twitter:label1\" content=\"Escrito por\" \/>\n\t<meta name=\"twitter:data1\" content=\"Carlos Roberto Sodr\u00e9\" \/>\n\t<meta name=\"twitter:label2\" content=\"Est. tempo de leitura\" \/>\n\t<meta name=\"twitter:data2\" content=\"4 minutos\" \/>\n<script type=\"application\/ld+json\" class=\"yoast-schema-graph\">{\"@context\":\"https:\/\/schema.org\",\"@graph\":[{\"@type\":\"Article\",\"@id\":\"https:\/\/ubanews.com\/site\/2025\/08\/29\/visita-romeu-zema-agosto-2025\/#article\",\"isPartOf\":{\"@id\":\"https:\/\/ubanews.com\/site\/2025\/08\/29\/visita-romeu-zema-agosto-2025\/\"},\"author\":{\"name\":\"Carlos Roberto Sodr\u00e9\",\"@id\":\"https:\/\/ubanews.com\/site\/#\/schema\/person\/9d8da9ec3c8d00640ab6e8c81e103310\"},\"headline\":\"Visita do Governador Romeu Zema\",\"datePublished\":\"2025-08-29T12:42:44+00:00\",\"dateModified\":\"2025-08-31T13:51:35+00:00\",\"mainEntityOfPage\":{\"@id\":\"https:\/\/ubanews.com\/site\/2025\/08\/29\/visita-romeu-zema-agosto-2025\/\"},\"wordCount\":683,\"commentCount\":0,\"publisher\":{\"@id\":\"https:\/\/ubanews.com\/site\/#organization\"},\"image\":{\"@id\":\"https:\/\/ubanews.com\/site\/2025\/08\/29\/visita-romeu-zema-agosto-2025\/#primaryimage\"},\"thumbnailUrl\":\"https:\/\/ubanews.com\/site\/wp-content\/uploads\/2025\/08\/Fala-Sodre-Visita-do-Governador-Romeu-Zema-em-Uba.jpg\",\"keywords\":[\"Cabo Rominho\",\"Carlos Roberto Sodr\u00e9\",\"Fala Sodr\u00e9\",\"Jos\u00e9 Damato\",\"Romeu Zema\",\"UBANEWS\",\"Visita do Governador\"],\"articleSection\":[\"DESTAQUE PRINCIPAL\",\"Geral\",\"Slide\"],\"inLanguage\":\"pt-BR\",\"potentialAction\":[{\"@type\":\"CommentAction\",\"name\":\"Comment\",\"target\":[\"https:\/\/ubanews.com\/site\/2025\/08\/29\/visita-romeu-zema-agosto-2025\/#respond\"]}]},{\"@type\":\"WebPage\",\"@id\":\"https:\/\/ubanews.com\/site\/2025\/08\/29\/visita-romeu-zema-agosto-2025\/\",\"url\":\"https:\/\/ubanews.com\/site\/2025\/08\/29\/visita-romeu-zema-agosto-2025\/\",\"name\":\"Visita do Governador Romeu Zema - Ub\u00e1 News\",\"isPartOf\":{\"@id\":\"https:\/\/ubanews.com\/site\/#website\"},\"primaryImageOfPage\":{\"@id\":\"https:\/\/ubanews.com\/site\/2025\/08\/29\/visita-romeu-zema-agosto-2025\/#primaryimage\"},\"image\":{\"@id\":\"https:\/\/ubanews.com\/site\/2025\/08\/29\/visita-romeu-zema-agosto-2025\/#primaryimage\"},\"thumbnailUrl\":\"https:\/\/ubanews.com\/site\/wp-content\/uploads\/2025\/08\/Fala-Sodre-Visita-do-Governador-Romeu-Zema-em-Uba.jpg\",\"datePublished\":\"2025-08-29T12:42:44+00:00\",\"dateModified\":\"2025-08-31T13:51:35+00:00\",\"description\":\"Visita do Governador Romeu Zema, um Dia Hist\u00f3rico para Ub\u00e1. Anuncio de investimento na Sa\u00fade e agradecimentos do Prefeito Jos\u00e9 Damato\",\"breadcrumb\":{\"@id\":\"https:\/\/ubanews.com\/site\/2025\/08\/29\/visita-romeu-zema-agosto-2025\/#breadcrumb\"},\"inLanguage\":\"pt-BR\",\"potentialAction\":[{\"@type\":\"ReadAction\",\"target\":[\"https:\/\/ubanews.com\/site\/2025\/08\/29\/visita-romeu-zema-agosto-2025\/\"]}]},{\"@type\":\"ImageObject\",\"inLanguage\":\"pt-BR\",\"@id\":\"https:\/\/ubanews.com\/site\/2025\/08\/29\/visita-romeu-zema-agosto-2025\/#primaryimage\",\"url\":\"https:\/\/ubanews.com\/site\/wp-content\/uploads\/2025\/08\/Fala-Sodre-Visita-do-Governador-Romeu-Zema-em-Uba.jpg\",\"contentUrl\":\"https:\/\/ubanews.com\/site\/wp-content\/uploads\/2025\/08\/Fala-Sodre-Visita-do-Governador-Romeu-Zema-em-Uba.jpg\",\"width\":1350,\"height\":851,\"caption\":\"Visita do Governador Romeu Zema a Cidade de Ub\u00e1\"},{\"@type\":\"BreadcrumbList\",\"@id\":\"https:\/\/ubanews.com\/site\/2025\/08\/29\/visita-romeu-zema-agosto-2025\/#breadcrumb\",\"itemListElement\":[{\"@type\":\"ListItem\",\"position\":1,\"name\":\"Home\",\"item\":\"https:\/\/ubanews.com\/site\/\"},{\"@type\":\"ListItem\",\"position\":2,\"name\":\"Visita do Governador Romeu Zema\"}]},{\"@type\":\"WebSite\",\"@id\":\"https:\/\/ubanews.com\/site\/#website\",\"url\":\"https:\/\/ubanews.com\/site\/\",\"name\":\"Ub\u00e1 News\",\"description\":\"\",\"publisher\":{\"@id\":\"https:\/\/ubanews.com\/site\/#organization\"},\"potentialAction\":[{\"@type\":\"SearchAction\",\"target\":{\"@type\":\"EntryPoint\",\"urlTemplate\":\"https:\/\/ubanews.com\/site\/?s={search_term_string}\"},\"query-input\":{\"@type\":\"PropertyValueSpecification\",\"valueRequired\":true,\"valueName\":\"search_term_string\"}}],\"inLanguage\":\"pt-BR\"},{\"@type\":\"Organization\",\"@id\":\"https:\/\/ubanews.com\/site\/#organization\",\"name\":\"Ub\u00e1 News\",\"url\":\"https:\/\/ubanews.com\/site\/\",\"logo\":{\"@type\":\"ImageObject\",\"inLanguage\":\"pt-BR\",\"@id\":\"https:\/\/ubanews.com\/site\/#\/schema\/logo\/image\/\",\"url\":\"https:\/\/ubanews.com\/site\/wp-content\/uploads\/2018\/01\/logoubanews.png\",\"contentUrl\":\"https:\/\/ubanews.com\/site\/wp-content\/uploads\/2018\/01\/logoubanews.png\",\"width\":261,\"height\":99,\"caption\":\"Ub\u00e1 News\"},\"image\":{\"@id\":\"https:\/\/ubanews.com\/site\/#\/schema\/logo\/image\/\"},\"sameAs\":[\"https:\/\/www.facebook.com\/Ub\u00e1News-Carlos-Roberto-Sodr\u00e9-418778301977370\"]},{\"@type\":\"Person\",\"@id\":\"https:\/\/ubanews.com\/site\/#\/schema\/person\/9d8da9ec3c8d00640ab6e8c81e103310\",\"name\":\"Carlos Roberto Sodr\u00e9\",\"image\":{\"@type\":\"ImageObject\",\"inLanguage\":\"pt-BR\",\"@id\":\"https:\/\/secure.gravatar.com\/avatar\/aab322e8555b56c468614fafdab8a8f924e394cdc6cfd8232f77e9e4d123a133?s=96&d=mm&r=g\",\"url\":\"https:\/\/secure.gravatar.com\/avatar\/aab322e8555b56c468614fafdab8a8f924e394cdc6cfd8232f77e9e4d123a133?s=96&d=mm&r=g\",\"contentUrl\":\"https:\/\/secure.gravatar.com\/avatar\/aab322e8555b56c468614fafdab8a8f924e394cdc6cfd8232f77e9e4d123a133?s=96&d=mm&r=g\",\"caption\":\"Carlos Roberto Sodr\u00e9\"},\"url\":\"https:\/\/ubanews.com\/site\/author\/sodre\/\"}]}<\/script>\n<!-- \/ Yoast SEO plugin. -->","yoast_head_json":{"title":"Visita do Governador Romeu Zema - Ub\u00e1 News","description":"Visita do Governador Romeu Zema, um Dia Hist\u00f3rico para Ub\u00e1. Anuncio de investimento na Sa\u00fade e agradecimentos do Prefeito Jos\u00e9 Damato","robots":{"index":"index","follow":"follow","max-snippet":"max-snippet:-1","max-image-preview":"max-image-preview:large","max-video-preview":"max-video-preview:-1"},"canonical":"https:\/\/ubanews.com\/site\/2025\/08\/29\/visita-romeu-zema-agosto-2025\/","og_locale":"pt_BR","og_type":"article","og_title":"Visita do Governador Romeu Zema - Ub\u00e1 News","og_description":"Visita do Governador Romeu Zema, um Dia Hist\u00f3rico para Ub\u00e1. Anuncio de investimento na Sa\u00fade e agradecimentos do Prefeito Jos\u00e9 Damato","og_url":"https:\/\/ubanews.com\/site\/2025\/08\/29\/visita-romeu-zema-agosto-2025\/","og_site_name":"Ub\u00e1 News","article_publisher":"https:\/\/www.facebook.com\/Ub%c3%a1News-Carlos-Roberto-Sodr%c3%a9-418778301977370","article_published_time":"2025-08-29T12:42:44+00:00","article_modified_time":"2025-08-31T13:51:35+00:00","og_image":[{"width":1350,"height":851,"url":"https:\/\/ubanews.com\/site\/wp-content\/uploads\/2025\/08\/Fala-Sodre-Visita-do-Governador-Romeu-Zema-em-Uba.jpg","type":"image\/jpeg"}],"author":"Carlos Roberto Sodr\u00e9","twitter_card":"summary_large_image","twitter_misc":{"Escrito por":"Carlos Roberto Sodr\u00e9","Est. tempo de leitura":"4 minutos"},"schema":{"@context":"https:\/\/schema.org","@graph":[{"@type":"Article","@id":"https:\/\/ubanews.com\/site\/2025\/08\/29\/visita-romeu-zema-agosto-2025\/#article","isPartOf":{"@id":"https:\/\/ubanews.com\/site\/2025\/08\/29\/visita-romeu-zema-agosto-2025\/"},"author":{"name":"Carlos Roberto Sodr\u00e9","@id":"https:\/\/ubanews.com\/site\/#\/schema\/person\/9d8da9ec3c8d00640ab6e8c81e103310"},"headline":"Visita do Governador Romeu Zema","datePublished":"2025-08-29T12:42:44+00:00","dateModified":"2025-08-31T13:51:35+00:00","mainEntityOfPage":{"@id":"https:\/\/ubanews.com\/site\/2025\/08\/29\/visita-romeu-zema-agosto-2025\/"},"wordCount":683,"commentCount":0,"publisher":{"@id":"https:\/\/ubanews.com\/site\/#organization"},"image":{"@id":"https:\/\/ubanews.com\/site\/2025\/08\/29\/visita-romeu-zema-agosto-2025\/#primaryimage"},"thumbnailUrl":"https:\/\/ubanews.com\/site\/wp-content\/uploads\/2025\/08\/Fala-Sodre-Visita-do-Governador-Romeu-Zema-em-Uba.jpg","keywords":["Cabo Rominho","Carlos Roberto Sodr\u00e9","Fala Sodr\u00e9","Jos\u00e9 Damato","Romeu Zema","UBANEWS","Visita do Governador"],"articleSection":["DESTAQUE PRINCIPAL","Geral","Slide"],"inLanguage":"pt-BR","potentialAction":[{"@type":"CommentAction","name":"Comment","target":["https:\/\/ubanews.com\/site\/2025\/08\/29\/visita-romeu-zema-agosto-2025\/#respond"]}]},{"@type":"WebPage","@id":"https:\/\/ubanews.com\/site\/2025\/08\/29\/visita-romeu-zema-agosto-2025\/","url":"https:\/\/ubanews.com\/site\/2025\/08\/29\/visita-romeu-zema-agosto-2025\/","name":"Visita do Governador Romeu Zema - Ub\u00e1 News","isPartOf":{"@id":"https:\/\/ubanews.com\/site\/#website"},"primaryImageOfPage":{"@id":"https:\/\/ubanews.com\/site\/2025\/08\/29\/visita-romeu-zema-agosto-2025\/#primaryimage"},"image":{"@id":"https:\/\/ubanews.com\/site\/2025\/08\/29\/visita-romeu-zema-agosto-2025\/#primaryimage"},"thumbnailUrl":"https:\/\/ubanews.com\/site\/wp-content\/uploads\/2025\/08\/Fala-Sodre-Visita-do-Governador-Romeu-Zema-em-Uba.jpg","datePublished":"2025-08-29T12:42:44+00:00","dateModified":"2025-08-31T13:51:35+00:00","description":"Visita do Governador Romeu Zema, um Dia Hist\u00f3rico para Ub\u00e1. Anuncio de investimento na Sa\u00fade e agradecimentos do Prefeito Jos\u00e9 Damato","breadcrumb":{"@id":"https:\/\/ubanews.com\/site\/2025\/08\/29\/visita-romeu-zema-agosto-2025\/#breadcrumb"},"inLanguage":"pt-BR","potentialAction":[{"@type":"ReadAction","target":["https:\/\/ubanews.com\/site\/2025\/08\/29\/visita-romeu-zema-agosto-2025\/"]}]},{"@type":"ImageObject","inLanguage":"pt-BR","@id":"https:\/\/ubanews.com\/site\/2025\/08\/29\/visita-romeu-zema-agosto-2025\/#primaryimage","url":"https:\/\/ubanews.com\/site\/wp-content\/uploads\/2025\/08\/Fala-Sodre-Visita-do-Governador-Romeu-Zema-em-Uba.jpg","contentUrl":"https:\/\/ubanews.com\/site\/wp-content\/uploads\/2025\/08\/Fala-Sodre-Visita-do-Governador-Romeu-Zema-em-Uba.jpg","width":1350,"height":851,"caption":"Visita do Governador Romeu Zema a Cidade de Ub\u00e1"},{"@type":"BreadcrumbList","@id":"https:\/\/ubanews.com\/site\/2025\/08\/29\/visita-romeu-zema-agosto-2025\/#breadcrumb","itemListElement":[{"@type":"ListItem","position":1,"name":"Home","item":"https:\/\/ubanews.com\/site\/"},{"@type":"ListItem","position":2,"name":"Visita do Governador Romeu Zema"}]},{"@type":"WebSite","@id":"https:\/\/ubanews.com\/site\/#website","url":"https:\/\/ubanews.com\/site\/","name":"Ub\u00e1 News","description":"","publisher":{"@id":"https:\/\/ubanews.com\/site\/#organization"},"potentialAction":[{"@type":"SearchAction","target":{"@type":"EntryPoint","urlTemplate":"https:\/\/ubanews.com\/site\/?s={search_term_string}"},"query-input":{"@type":"PropertyValueSpecification","valueRequired":true,"valueName":"search_term_string"}}],"inLanguage":"pt-BR"},{"@type":"Organization","@id":"https:\/\/ubanews.com\/site\/#organization","name":"Ub\u00e1 News","url":"https:\/\/ubanews.com\/site\/","logo":{"@type":"ImageObject","inLanguage":"pt-BR","@id":"https:\/\/ubanews.com\/site\/#\/schema\/logo\/image\/","url":"https:\/\/ubanews.com\/site\/wp-content\/uploads\/2018\/01\/logoubanews.png","contentUrl":"https:\/\/ubanews.com\/site\/wp-content\/uploads\/2018\/01\/logoubanews.png","width":261,"height":99,"caption":"Ub\u00e1 News"},"image":{"@id":"https:\/\/ubanews.com\/site\/#\/schema\/logo\/image\/"},"sameAs":["https:\/\/www.facebook.com\/Ub\u00e1News-Carlos-Roberto-Sodr\u00e9-418778301977370"]},{"@type":"Person","@id":"https:\/\/ubanews.com\/site\/#\/schema\/person\/9d8da9ec3c8d00640ab6e8c81e103310","name":"Carlos Roberto Sodr\u00e9","image":{"@type":"ImageObject","inLanguage":"pt-BR","@id":"https:\/\/secure.gravatar.com\/avatar\/aab322e8555b56c468614fafdab8a8f924e394cdc6cfd8232f77e9e4d123a133?s=96&d=mm&r=g","url":"https:\/\/secure.gravatar.com\/avatar\/aab322e8555b56c468614fafdab8a8f924e394cdc6cfd8232f77e9e4d123a133?s=96&d=mm&r=g","contentUrl":"https:\/\/secure.gravatar.com\/avatar\/aab322e8555b56c468614fafdab8a8f924e394cdc6cfd8232f77e9e4d123a133?s=96&d=mm&r=g","caption":"Carlos Roberto Sodr\u00e9"},"url":"https:\/\/ubanews.com\/site\/author\/sodre\/"}]}},"_links":{"self":[{"href":"https:\/\/ubanews.com\/site\/wp-json\/wp\/v2\/posts\/22856","targetHints":{"allow":["GET"]}}],"collection":[{"href":"https:\/\/ubanews.com\/site\/wp-json\/wp\/v2\/posts"}],"about":[{"href":"https:\/\/ubanews.com\/site\/wp-json\/wp\/v2\/types\/post"}],"author":[{"embeddable":true,"href":"https:\/\/ubanews.com\/site\/wp-json\/wp\/v2\/users\/4"}],"replies":[{"embeddable":true,"href":"https:\/\/ubanews.com\/site\/wp-json\/wp\/v2\/comments?post=22856"}],"version-history":[{"count":0,"href":"https:\/\/ubanews.com\/site\/wp-json\/wp\/v2\/posts\/22856\/revisions"}],"wp:featuredmedia":[{"embeddable":true,"href":"https:\/\/ubanews.com\/site\/wp-json\/wp\/v2\/media\/22857"}],"wp:attachment":[{"href":"https:\/\/ubanews.com\/site\/wp-json\/wp\/v2\/media?parent=22856"}],"wp:term":[{"taxonomy":"category","embeddable":true,"href":"https:\/\/ubanews.com\/site\/wp-json\/wp\/v2\/categories?post=22856"},{"taxonomy":"post_tag","embeddable":true,"href":"https:\/\/ubanews.com\/site\/wp-json\/wp\/v2\/tags?post=22856"}],"curies":[{"name":"wp","href":"https:\/\/api.w.org\/{rel}","templated":true}]}}