{"id":22854,"date":"2025-08-29T09:27:06","date_gmt":"2025-08-29T12:27:06","guid":{"rendered":"http:\/\/ubanews.com\/site\/?p=22854"},"modified":"2025-08-31T10:51:49","modified_gmt":"2025-08-31T13:51:49","slug":"almoco-empresarial-aciuba-linkedin","status":"publish","type":"post","link":"https:\/\/ubanews.com\/site\/2025\/08\/29\/almoco-empresarial-aciuba-linkedin\/","title":{"rendered":"Almo\u00e7o Empresarial &#8211; ACIUB\u00c1 &#8211; Linkedin como Ferramenta de Neg\u00f3cios"},"content":{"rendered":"<h3><strong>Almo\u00e7o Empresarial &#8211; ACIUB\u00c1 &#8211; LinkedIn como Ferramenta de Neg\u00f3cios: Pedro Henriques Guimar\u00e3es Filho \u00e9 Destaque no Almo\u00e7o Empresarial da ACIUB\u00c1<\/strong><\/h3>\n<p>Na \u00faltima edi\u00e7\u00e3o do <strong>Almo\u00e7o Empresarial da Associa\u00e7\u00e3o Comercial, Industrial e de Servi\u00e7os de Ub\u00e1 (ACIUB\u00c1)<\/strong>, realizada no espa\u00e7o Garage, o destaque foi a palestra de <a href=\"https:\/\/www.linkedin.com\/in\/pedrohgf\/\" target=\"_blank\" rel=\"noopener\"><strong>Pedro Henriques Guimar\u00e3es Filho<\/strong><\/a>, que trouxe uma abordagem inovadora sobre o uso do <strong>LinkedIn como ferramenta estrat\u00e9gica para neg\u00f3cios<\/strong>.<\/p>\n<p><a href=\"https:\/\/www.youtube.com\/live\/b9PaNtFvLhU?si=8ry-LEui60tdCOOb\" target=\"_blank\" rel=\"noopener\"><img decoding=\"async\" class=\"aligncenter wp-image-22855 lazyload\" data-src=\"https:\/\/ubanews.com\/site\/wp-content\/uploads\/2025\/08\/Fala-Sodre-Almoco-Empresarial-Aciuba-com-Pedro-Henriques-falando-sobre-o-LINKEDIN-300x172.jpg\" alt=\"Almo\u00e7o Empresarial ACIUB\u00c1 \" width=\"405\" height=\"232\" data-srcset=\"https:\/\/ubanews.com\/site\/wp-content\/uploads\/2025\/08\/Fala-Sodre-Almoco-Empresarial-Aciuba-com-Pedro-Henriques-falando-sobre-o-LINKEDIN-300x172.jpg 300w, https:\/\/ubanews.com\/site\/wp-content\/uploads\/2025\/08\/Fala-Sodre-Almoco-Empresarial-Aciuba-com-Pedro-Henriques-falando-sobre-o-LINKEDIN-1024x587.jpg 1024w, https:\/\/ubanews.com\/site\/wp-content\/uploads\/2025\/08\/Fala-Sodre-Almoco-Empresarial-Aciuba-com-Pedro-Henriques-falando-sobre-o-LINKEDIN-768x440.jpg 768w, https:\/\/ubanews.com\/site\/wp-content\/uploads\/2025\/08\/Fala-Sodre-Almoco-Empresarial-Aciuba-com-Pedro-Henriques-falando-sobre-o-LINKEDIN-1536x881.jpg 1536w, https:\/\/ubanews.com\/site\/wp-content\/uploads\/2025\/08\/Fala-Sodre-Almoco-Empresarial-Aciuba-com-Pedro-Henriques-falando-sobre-o-LINKEDIN.jpg 1660w\" data-sizes=\"(max-width: 405px) 100vw, 405px\" src=\"data:image\/svg+xml;base64,PHN2ZyB3aWR0aD0iMSIgaGVpZ2h0PSIxIiB4bWxucz0iaHR0cDovL3d3dy53My5vcmcvMjAwMC9zdmciPjwvc3ZnPg==\" style=\"--smush-placeholder-width: 405px; --smush-placeholder-aspect-ratio: 405\/232;\" \/><\/a><\/p>\n<h3>Como Vender Mais no Linkedin<\/h3>\n<p>Com o tema <strong>\u201cComo Vender Mais no LinkedIn\u201d<\/strong>, Pedro Henriques cativou os presentes ao propor uma reflex\u00e3o provocativa: <strong>\u201cAprender a ser sem vergonha\u201d<\/strong> \u2014 no sentido positivo de se expor, se apresentar e conquistar oportunidades. Segundo ele, o LinkedIn \u00e9 mais do que uma rede de curr\u00edculos: \u00e9 um espa\u00e7o de constru\u00e7\u00e3o de marca pessoal, networking e gera\u00e7\u00e3o de neg\u00f3cios.<\/p>\n<p>\u201cSe voc\u00ea n\u00e3o se apresenta, n\u00e3o faz neg\u00f3cio. E n\u00e3o conquista as oportunidades que est\u00e3o dispon\u00edveis pra voc\u00ea\u201d, destacou Pedro.<\/p>\n<h3>Pesquisas Qualificadas Linkedin<\/h3>\n<p>Al\u00e9m disso, Pedro ressaltou que o LinkedIn permite <strong>pesquisas qualificadas<\/strong>, facilitando a identifica\u00e7\u00e3o de conex\u00f5es estrat\u00e9gicas e potenciais parceiros. A plataforma tamb\u00e9m oferece <strong>m\u00e9tricas que ajudam a medir o poder de influ\u00eancia<\/strong> de cada usu\u00e1rio, permitindo que profissionais e empresas avaliem o impacto de suas a\u00e7\u00f5es e conte\u00fados na rede. Essa capacidade de mensura\u00e7\u00e3o \u00e9 essencial para quem deseja entender se est\u00e1 realmente gerando valor e se conectando com o p\u00fablico certo.<\/p>\n<h3>Fala do Presidente ACIUB\u00c1 &#8211; Silber da Silva Silveira<\/h3>\n<p>O evento contou com a presen\u00e7a de empres\u00e1rios locais, como <strong>Silber da Silva Silveira<\/strong>, presidente da ACIUB\u00c1, que refor\u00e7ou o papel da cidade como polo empreendedor e destacou a import\u00e2ncia da feira multissetorial que acontecer\u00e1 de <strong>5 a 9 de novembro<\/strong>, al\u00e9m da aguardada <strong>Campanha de Natal<\/strong>, com mais de <strong>200 pr\u00eamios<\/strong>, incluindo <strong>iPhones e motos<\/strong>.<\/p>\n<p>Tamb\u00e9m participaram <strong>Elias Coelho<\/strong>, vice-presidente da associa\u00e7\u00e3o, e o empres\u00e1rio <strong>Alessandro<\/strong>, que ressaltou o potencial do LinkedIn aliado \u00e0 intelig\u00eancia de mercado para alavancar resultados.<\/p>\n<p>\u201cO LinkedIn \u00e9 uma rede poderosa, e com as ferramentas certas, pode aumentar o faturamento de 10 a 30%\u201d, afirmou Alessandro.<\/p>\n<p>O evento foi registrado com imagens de <strong>Laisa Pereira Sodr\u00e9. <\/strong>Ela faz parte da cobertura especial do <strong>Canal Fala Sodr\u00e9. <\/strong>Neste contexto\u00a0que segue firme na miss\u00e3o de conectar Ub\u00e1 ao mundo dos neg\u00f3cios e da inova\u00e7\u00e3o.<\/p>\n<p>&#x1f4cc; <strong>Fique ligado!<\/strong> Toda <strong>\u00faltima quinta-feira do m\u00eas<\/strong> tem almo\u00e7o empresarial, e toda <strong>segunda ter\u00e7a-feira do m\u00eas<\/strong>, \u00e0s 8h, acontece o <strong>Caf\u00e9 com Network<\/strong> \u2014 ambos promovidos pela ACIUB\u00c1.<\/p>\n<p>&#x1f517; Siga o Canal Fala Sodr\u00e9 nas redes sociais e acompanhe os pr\u00f3ximos eventos que movimentam o ecossistema empreendedor da Zona da Mata!<\/p>\n<p><iframe title=\"Fala Sodr\u00e9: ACIUB\u00c1 promove Almo\u00e7o Empresarial edi\u00e7\u00e3o do m\u00eas de agosto 27\/08\/2025\" width=\"840\" height=\"473\" data-src=\"https:\/\/www.youtube.com\/embed\/b9PaNtFvLhU?feature=oembed\" frameborder=\"0\" allow=\"accelerometer; autoplay; clipboard-write; encrypted-media; gyroscope; picture-in-picture; web-share\" referrerpolicy=\"strict-origin-when-cross-origin\" allowfullscreen src=\"data:image\/svg+xml;base64,PHN2ZyB3aWR0aD0iMSIgaGVpZ2h0PSIxIiB4bWxucz0iaHR0cDovL3d3dy53My5vcmcvMjAwMC9zdmciPjwvc3ZnPg==\" class=\"lazyload\" data-load-mode=\"1\"><\/iframe><\/p>\n<p>&nbsp;<\/p>\n","protected":false},"excerpt":{"rendered":"<p>Almo\u00e7o Empresarial &#8211; ACIUB\u00c1 &#8211; LinkedIn como Ferramenta de Neg\u00f3cios:<\/p>\n","protected":false},"author":4,"featured_media":22855,"comment_status":"open","ping_status":"open","sticky":false,"template":"","format":"standard","meta":{"footnotes":""},"categories":[45,1,3],"tags":[57,58,59,60],"class_list":["post-22854","post","type-post","status-publish","format-standard","has-post-thumbnail","hentry","category-destaque-principal","category-sem-categoria","category-slide","tag-aciuba","tag-almoco-empresarial","tag-fala-sodre","tag-ubanews"],"yoast_head":"<!-- This site is optimized with the Yoast SEO plugin v27.2 - https:\/\/yoast.com\/product\/yoast-seo-wordpress\/ -->\n<title>Almo\u00e7o Empresarial - ACIUB\u00c1 - Linkedin como Ferramenta de Neg\u00f3cios<\/title>\n<meta name=\"description\" content=\"Acontece de forma mensal e incentiva o Networking. Traz conte\u00fado interessante e relevante para quem participa.\" \/>\n<meta name=\"robots\" content=\"index, follow, max-snippet:-1, max-image-preview:large, max-video-preview:-1\" \/>\n<link rel=\"canonical\" href=\"https:\/\/ubanews.com\/site\/2025\/08\/29\/almoco-empresarial-aciuba-linkedin\/\" \/>\n<meta property=\"og:locale\" content=\"pt_BR\" \/>\n<meta property=\"og:type\" content=\"article\" \/>\n<meta property=\"og:title\" content=\"Almo\u00e7o Empresarial - ACIUB\u00c1 - Linkedin como Ferramenta de Neg\u00f3cios\" \/>\n<meta property=\"og:description\" content=\"Acontece de forma mensal e incentiva o Networking. Traz conte\u00fado interessante e relevante para quem participa.\" \/>\n<meta property=\"og:url\" content=\"https:\/\/ubanews.com\/site\/2025\/08\/29\/almoco-empresarial-aciuba-linkedin\/\" \/>\n<meta property=\"og:site_name\" content=\"Ub\u00e1 News\" \/>\n<meta property=\"article:publisher\" content=\"https:\/\/www.facebook.com\/Ub%c3%a1News-Carlos-Roberto-Sodr%c3%a9-418778301977370\" \/>\n<meta property=\"article:published_time\" content=\"2025-08-29T12:27:06+00:00\" \/>\n<meta property=\"article:modified_time\" content=\"2025-08-31T13:51:49+00:00\" \/>\n<meta property=\"og:image\" content=\"https:\/\/ubanews.com\/site\/wp-content\/uploads\/2025\/08\/Fala-Sodre-Almoco-Empresarial-Aciuba-com-Pedro-Henriques-falando-sobre-o-LINKEDIN.jpg\" \/>\n\t<meta property=\"og:image:width\" content=\"1660\" \/>\n\t<meta property=\"og:image:height\" content=\"952\" \/>\n\t<meta property=\"og:image:type\" content=\"image\/jpeg\" \/>\n<meta name=\"author\" content=\"Carlos Roberto Sodr\u00e9\" \/>\n<meta name=\"twitter:card\" content=\"summary_large_image\" \/>\n<meta name=\"twitter:label1\" content=\"Escrito por\" \/>\n\t<meta name=\"twitter:data1\" content=\"Carlos Roberto Sodr\u00e9\" \/>\n\t<meta name=\"twitter:label2\" content=\"Est. tempo de leitura\" \/>\n\t<meta name=\"twitter:data2\" content=\"3 minutos\" \/>\n<script type=\"application\/ld+json\" class=\"yoast-schema-graph\">{\"@context\":\"https:\/\/schema.org\",\"@graph\":[{\"@type\":\"Article\",\"@id\":\"https:\/\/ubanews.com\/site\/2025\/08\/29\/almoco-empresarial-aciuba-linkedin\/#article\",\"isPartOf\":{\"@id\":\"https:\/\/ubanews.com\/site\/2025\/08\/29\/almoco-empresarial-aciuba-linkedin\/\"},\"author\":{\"name\":\"Carlos Roberto Sodr\u00e9\",\"@id\":\"https:\/\/ubanews.com\/site\/#\/schema\/person\/9d8da9ec3c8d00640ab6e8c81e103310\"},\"headline\":\"Almo\u00e7o Empresarial &#8211; ACIUB\u00c1 &#8211; Linkedin como Ferramenta de Neg\u00f3cios\",\"datePublished\":\"2025-08-29T12:27:06+00:00\",\"dateModified\":\"2025-08-31T13:51:49+00:00\",\"mainEntityOfPage\":{\"@id\":\"https:\/\/ubanews.com\/site\/2025\/08\/29\/almoco-empresarial-aciuba-linkedin\/\"},\"wordCount\":494,\"commentCount\":0,\"publisher\":{\"@id\":\"https:\/\/ubanews.com\/site\/#organization\"},\"image\":{\"@id\":\"https:\/\/ubanews.com\/site\/2025\/08\/29\/almoco-empresarial-aciuba-linkedin\/#primaryimage\"},\"thumbnailUrl\":\"https:\/\/ubanews.com\/site\/wp-content\/uploads\/2025\/08\/Fala-Sodre-Almoco-Empresarial-Aciuba-com-Pedro-Henriques-falando-sobre-o-LINKEDIN.jpg\",\"keywords\":[\"ACIUB\u00c1\",\"Almo\u00e7o Empresarial\",\"Fala Sodr\u00e9\",\"UBANEWS\"],\"articleSection\":[\"DESTAQUE PRINCIPAL\",\"Geral\",\"Slide\"],\"inLanguage\":\"pt-BR\",\"potentialAction\":[{\"@type\":\"CommentAction\",\"name\":\"Comment\",\"target\":[\"https:\/\/ubanews.com\/site\/2025\/08\/29\/almoco-empresarial-aciuba-linkedin\/#respond\"]}]},{\"@type\":\"WebPage\",\"@id\":\"https:\/\/ubanews.com\/site\/2025\/08\/29\/almoco-empresarial-aciuba-linkedin\/\",\"url\":\"https:\/\/ubanews.com\/site\/2025\/08\/29\/almoco-empresarial-aciuba-linkedin\/\",\"name\":\"Almo\u00e7o Empresarial - ACIUB\u00c1 - Linkedin como Ferramenta de Neg\u00f3cios\",\"isPartOf\":{\"@id\":\"https:\/\/ubanews.com\/site\/#website\"},\"primaryImageOfPage\":{\"@id\":\"https:\/\/ubanews.com\/site\/2025\/08\/29\/almoco-empresarial-aciuba-linkedin\/#primaryimage\"},\"image\":{\"@id\":\"https:\/\/ubanews.com\/site\/2025\/08\/29\/almoco-empresarial-aciuba-linkedin\/#primaryimage\"},\"thumbnailUrl\":\"https:\/\/ubanews.com\/site\/wp-content\/uploads\/2025\/08\/Fala-Sodre-Almoco-Empresarial-Aciuba-com-Pedro-Henriques-falando-sobre-o-LINKEDIN.jpg\",\"datePublished\":\"2025-08-29T12:27:06+00:00\",\"dateModified\":\"2025-08-31T13:51:49+00:00\",\"description\":\"Acontece de forma mensal e incentiva o Networking. Traz conte\u00fado interessante e relevante para quem participa.\",\"breadcrumb\":{\"@id\":\"https:\/\/ubanews.com\/site\/2025\/08\/29\/almoco-empresarial-aciuba-linkedin\/#breadcrumb\"},\"inLanguage\":\"pt-BR\",\"potentialAction\":[{\"@type\":\"ReadAction\",\"target\":[\"https:\/\/ubanews.com\/site\/2025\/08\/29\/almoco-empresarial-aciuba-linkedin\/\"]}]},{\"@type\":\"ImageObject\",\"inLanguage\":\"pt-BR\",\"@id\":\"https:\/\/ubanews.com\/site\/2025\/08\/29\/almoco-empresarial-aciuba-linkedin\/#primaryimage\",\"url\":\"https:\/\/ubanews.com\/site\/wp-content\/uploads\/2025\/08\/Fala-Sodre-Almoco-Empresarial-Aciuba-com-Pedro-Henriques-falando-sobre-o-LINKEDIN.jpg\",\"contentUrl\":\"https:\/\/ubanews.com\/site\/wp-content\/uploads\/2025\/08\/Fala-Sodre-Almoco-Empresarial-Aciuba-com-Pedro-Henriques-falando-sobre-o-LINKEDIN.jpg\",\"width\":1660,\"height\":952,\"caption\":\"Almo\u00e7o Empresarial ACIUB\u00c1\"},{\"@type\":\"BreadcrumbList\",\"@id\":\"https:\/\/ubanews.com\/site\/2025\/08\/29\/almoco-empresarial-aciuba-linkedin\/#breadcrumb\",\"itemListElement\":[{\"@type\":\"ListItem\",\"position\":1,\"name\":\"Home\",\"item\":\"https:\/\/ubanews.com\/site\/\"},{\"@type\":\"ListItem\",\"position\":2,\"name\":\"Almo\u00e7o Empresarial &#8211; ACIUB\u00c1 &#8211; Linkedin como Ferramenta de Neg\u00f3cios\"}]},{\"@type\":\"WebSite\",\"@id\":\"https:\/\/ubanews.com\/site\/#website\",\"url\":\"https:\/\/ubanews.com\/site\/\",\"name\":\"Ub\u00e1 News\",\"description\":\"\",\"publisher\":{\"@id\":\"https:\/\/ubanews.com\/site\/#organization\"},\"potentialAction\":[{\"@type\":\"SearchAction\",\"target\":{\"@type\":\"EntryPoint\",\"urlTemplate\":\"https:\/\/ubanews.com\/site\/?s={search_term_string}\"},\"query-input\":{\"@type\":\"PropertyValueSpecification\",\"valueRequired\":true,\"valueName\":\"search_term_string\"}}],\"inLanguage\":\"pt-BR\"},{\"@type\":\"Organization\",\"@id\":\"https:\/\/ubanews.com\/site\/#organization\",\"name\":\"Ub\u00e1 News\",\"url\":\"https:\/\/ubanews.com\/site\/\",\"logo\":{\"@type\":\"ImageObject\",\"inLanguage\":\"pt-BR\",\"@id\":\"https:\/\/ubanews.com\/site\/#\/schema\/logo\/image\/\",\"url\":\"https:\/\/ubanews.com\/site\/wp-content\/uploads\/2018\/01\/logoubanews.png\",\"contentUrl\":\"https:\/\/ubanews.com\/site\/wp-content\/uploads\/2018\/01\/logoubanews.png\",\"width\":261,\"height\":99,\"caption\":\"Ub\u00e1 News\"},\"image\":{\"@id\":\"https:\/\/ubanews.com\/site\/#\/schema\/logo\/image\/\"},\"sameAs\":[\"https:\/\/www.facebook.com\/Ub\u00e1News-Carlos-Roberto-Sodr\u00e9-418778301977370\"]},{\"@type\":\"Person\",\"@id\":\"https:\/\/ubanews.com\/site\/#\/schema\/person\/9d8da9ec3c8d00640ab6e8c81e103310\",\"name\":\"Carlos Roberto Sodr\u00e9\",\"image\":{\"@type\":\"ImageObject\",\"inLanguage\":\"pt-BR\",\"@id\":\"https:\/\/secure.gravatar.com\/avatar\/aab322e8555b56c468614fafdab8a8f924e394cdc6cfd8232f77e9e4d123a133?s=96&d=mm&r=g\",\"url\":\"https:\/\/secure.gravatar.com\/avatar\/aab322e8555b56c468614fafdab8a8f924e394cdc6cfd8232f77e9e4d123a133?s=96&d=mm&r=g\",\"contentUrl\":\"https:\/\/secure.gravatar.com\/avatar\/aab322e8555b56c468614fafdab8a8f924e394cdc6cfd8232f77e9e4d123a133?s=96&d=mm&r=g\",\"caption\":\"Carlos Roberto Sodr\u00e9\"},\"url\":\"https:\/\/ubanews.com\/site\/author\/sodre\/\"}]}<\/script>\n<!-- \/ Yoast SEO plugin. -->","yoast_head_json":{"title":"Almo\u00e7o Empresarial - ACIUB\u00c1 - Linkedin como Ferramenta de Neg\u00f3cios","description":"Acontece de forma mensal e incentiva o Networking. Traz conte\u00fado interessante e relevante para quem participa.","robots":{"index":"index","follow":"follow","max-snippet":"max-snippet:-1","max-image-preview":"max-image-preview:large","max-video-preview":"max-video-preview:-1"},"canonical":"https:\/\/ubanews.com\/site\/2025\/08\/29\/almoco-empresarial-aciuba-linkedin\/","og_locale":"pt_BR","og_type":"article","og_title":"Almo\u00e7o Empresarial - ACIUB\u00c1 - Linkedin como Ferramenta de Neg\u00f3cios","og_description":"Acontece de forma mensal e incentiva o Networking. Traz conte\u00fado interessante e relevante para quem participa.","og_url":"https:\/\/ubanews.com\/site\/2025\/08\/29\/almoco-empresarial-aciuba-linkedin\/","og_site_name":"Ub\u00e1 News","article_publisher":"https:\/\/www.facebook.com\/Ub%c3%a1News-Carlos-Roberto-Sodr%c3%a9-418778301977370","article_published_time":"2025-08-29T12:27:06+00:00","article_modified_time":"2025-08-31T13:51:49+00:00","og_image":[{"width":1660,"height":952,"url":"https:\/\/ubanews.com\/site\/wp-content\/uploads\/2025\/08\/Fala-Sodre-Almoco-Empresarial-Aciuba-com-Pedro-Henriques-falando-sobre-o-LINKEDIN.jpg","type":"image\/jpeg"}],"author":"Carlos Roberto Sodr\u00e9","twitter_card":"summary_large_image","twitter_misc":{"Escrito por":"Carlos Roberto Sodr\u00e9","Est. tempo de leitura":"3 minutos"},"schema":{"@context":"https:\/\/schema.org","@graph":[{"@type":"Article","@id":"https:\/\/ubanews.com\/site\/2025\/08\/29\/almoco-empresarial-aciuba-linkedin\/#article","isPartOf":{"@id":"https:\/\/ubanews.com\/site\/2025\/08\/29\/almoco-empresarial-aciuba-linkedin\/"},"author":{"name":"Carlos Roberto Sodr\u00e9","@id":"https:\/\/ubanews.com\/site\/#\/schema\/person\/9d8da9ec3c8d00640ab6e8c81e103310"},"headline":"Almo\u00e7o Empresarial &#8211; ACIUB\u00c1 &#8211; Linkedin como Ferramenta de Neg\u00f3cios","datePublished":"2025-08-29T12:27:06+00:00","dateModified":"2025-08-31T13:51:49+00:00","mainEntityOfPage":{"@id":"https:\/\/ubanews.com\/site\/2025\/08\/29\/almoco-empresarial-aciuba-linkedin\/"},"wordCount":494,"commentCount":0,"publisher":{"@id":"https:\/\/ubanews.com\/site\/#organization"},"image":{"@id":"https:\/\/ubanews.com\/site\/2025\/08\/29\/almoco-empresarial-aciuba-linkedin\/#primaryimage"},"thumbnailUrl":"https:\/\/ubanews.com\/site\/wp-content\/uploads\/2025\/08\/Fala-Sodre-Almoco-Empresarial-Aciuba-com-Pedro-Henriques-falando-sobre-o-LINKEDIN.jpg","keywords":["ACIUB\u00c1","Almo\u00e7o Empresarial","Fala Sodr\u00e9","UBANEWS"],"articleSection":["DESTAQUE PRINCIPAL","Geral","Slide"],"inLanguage":"pt-BR","potentialAction":[{"@type":"CommentAction","name":"Comment","target":["https:\/\/ubanews.com\/site\/2025\/08\/29\/almoco-empresarial-aciuba-linkedin\/#respond"]}]},{"@type":"WebPage","@id":"https:\/\/ubanews.com\/site\/2025\/08\/29\/almoco-empresarial-aciuba-linkedin\/","url":"https:\/\/ubanews.com\/site\/2025\/08\/29\/almoco-empresarial-aciuba-linkedin\/","name":"Almo\u00e7o Empresarial - ACIUB\u00c1 - Linkedin como Ferramenta de Neg\u00f3cios","isPartOf":{"@id":"https:\/\/ubanews.com\/site\/#website"},"primaryImageOfPage":{"@id":"https:\/\/ubanews.com\/site\/2025\/08\/29\/almoco-empresarial-aciuba-linkedin\/#primaryimage"},"image":{"@id":"https:\/\/ubanews.com\/site\/2025\/08\/29\/almoco-empresarial-aciuba-linkedin\/#primaryimage"},"thumbnailUrl":"https:\/\/ubanews.com\/site\/wp-content\/uploads\/2025\/08\/Fala-Sodre-Almoco-Empresarial-Aciuba-com-Pedro-Henriques-falando-sobre-o-LINKEDIN.jpg","datePublished":"2025-08-29T12:27:06+00:00","dateModified":"2025-08-31T13:51:49+00:00","description":"Acontece de forma mensal e incentiva o Networking. Traz conte\u00fado interessante e relevante para quem participa.","breadcrumb":{"@id":"https:\/\/ubanews.com\/site\/2025\/08\/29\/almoco-empresarial-aciuba-linkedin\/#breadcrumb"},"inLanguage":"pt-BR","potentialAction":[{"@type":"ReadAction","target":["https:\/\/ubanews.com\/site\/2025\/08\/29\/almoco-empresarial-aciuba-linkedin\/"]}]},{"@type":"ImageObject","inLanguage":"pt-BR","@id":"https:\/\/ubanews.com\/site\/2025\/08\/29\/almoco-empresarial-aciuba-linkedin\/#primaryimage","url":"https:\/\/ubanews.com\/site\/wp-content\/uploads\/2025\/08\/Fala-Sodre-Almoco-Empresarial-Aciuba-com-Pedro-Henriques-falando-sobre-o-LINKEDIN.jpg","contentUrl":"https:\/\/ubanews.com\/site\/wp-content\/uploads\/2025\/08\/Fala-Sodre-Almoco-Empresarial-Aciuba-com-Pedro-Henriques-falando-sobre-o-LINKEDIN.jpg","width":1660,"height":952,"caption":"Almo\u00e7o Empresarial ACIUB\u00c1"},{"@type":"BreadcrumbList","@id":"https:\/\/ubanews.com\/site\/2025\/08\/29\/almoco-empresarial-aciuba-linkedin\/#breadcrumb","itemListElement":[{"@type":"ListItem","position":1,"name":"Home","item":"https:\/\/ubanews.com\/site\/"},{"@type":"ListItem","position":2,"name":"Almo\u00e7o Empresarial &#8211; ACIUB\u00c1 &#8211; Linkedin como Ferramenta de Neg\u00f3cios"}]},{"@type":"WebSite","@id":"https:\/\/ubanews.com\/site\/#website","url":"https:\/\/ubanews.com\/site\/","name":"Ub\u00e1 News","description":"","publisher":{"@id":"https:\/\/ubanews.com\/site\/#organization"},"potentialAction":[{"@type":"SearchAction","target":{"@type":"EntryPoint","urlTemplate":"https:\/\/ubanews.com\/site\/?s={search_term_string}"},"query-input":{"@type":"PropertyValueSpecification","valueRequired":true,"valueName":"search_term_string"}}],"inLanguage":"pt-BR"},{"@type":"Organization","@id":"https:\/\/ubanews.com\/site\/#organization","name":"Ub\u00e1 News","url":"https:\/\/ubanews.com\/site\/","logo":{"@type":"ImageObject","inLanguage":"pt-BR","@id":"https:\/\/ubanews.com\/site\/#\/schema\/logo\/image\/","url":"https:\/\/ubanews.com\/site\/wp-content\/uploads\/2018\/01\/logoubanews.png","contentUrl":"https:\/\/ubanews.com\/site\/wp-content\/uploads\/2018\/01\/logoubanews.png","width":261,"height":99,"caption":"Ub\u00e1 News"},"image":{"@id":"https:\/\/ubanews.com\/site\/#\/schema\/logo\/image\/"},"sameAs":["https:\/\/www.facebook.com\/Ub\u00e1News-Carlos-Roberto-Sodr\u00e9-418778301977370"]},{"@type":"Person","@id":"https:\/\/ubanews.com\/site\/#\/schema\/person\/9d8da9ec3c8d00640ab6e8c81e103310","name":"Carlos Roberto Sodr\u00e9","image":{"@type":"ImageObject","inLanguage":"pt-BR","@id":"https:\/\/secure.gravatar.com\/avatar\/aab322e8555b56c468614fafdab8a8f924e394cdc6cfd8232f77e9e4d123a133?s=96&d=mm&r=g","url":"https:\/\/secure.gravatar.com\/avatar\/aab322e8555b56c468614fafdab8a8f924e394cdc6cfd8232f77e9e4d123a133?s=96&d=mm&r=g","contentUrl":"https:\/\/secure.gravatar.com\/avatar\/aab322e8555b56c468614fafdab8a8f924e394cdc6cfd8232f77e9e4d123a133?s=96&d=mm&r=g","caption":"Carlos Roberto Sodr\u00e9"},"url":"https:\/\/ubanews.com\/site\/author\/sodre\/"}]}},"_links":{"self":[{"href":"https:\/\/ubanews.com\/site\/wp-json\/wp\/v2\/posts\/22854","targetHints":{"allow":["GET"]}}],"collection":[{"href":"https:\/\/ubanews.com\/site\/wp-json\/wp\/v2\/posts"}],"about":[{"href":"https:\/\/ubanews.com\/site\/wp-json\/wp\/v2\/types\/post"}],"author":[{"embeddable":true,"href":"https:\/\/ubanews.com\/site\/wp-json\/wp\/v2\/users\/4"}],"replies":[{"embeddable":true,"href":"https:\/\/ubanews.com\/site\/wp-json\/wp\/v2\/comments?post=22854"}],"version-history":[{"count":0,"href":"https:\/\/ubanews.com\/site\/wp-json\/wp\/v2\/posts\/22854\/revisions"}],"wp:featuredmedia":[{"embeddable":true,"href":"https:\/\/ubanews.com\/site\/wp-json\/wp\/v2\/media\/22855"}],"wp:attachment":[{"href":"https:\/\/ubanews.com\/site\/wp-json\/wp\/v2\/media?parent=22854"}],"wp:term":[{"taxonomy":"category","embeddable":true,"href":"https:\/\/ubanews.com\/site\/wp-json\/wp\/v2\/categories?post=22854"},{"taxonomy":"post_tag","embeddable":true,"href":"https:\/\/ubanews.com\/site\/wp-json\/wp\/v2\/tags?post=22854"}],"curies":[{"name":"wp","href":"https:\/\/api.w.org\/{rel}","templated":true}]}}