{"id":22531,"date":"2023-12-22T11:14:59","date_gmt":"2023-12-22T14:14:59","guid":{"rendered":"http:\/\/ubanews.com\/site\/?p=22531"},"modified":"2023-12-22T11:14:59","modified_gmt":"2023-12-22T14:14:59","slug":"tragico-acidente-na-br-040-em-minas-gerais-cinco-vitimas-em-colisao-entre-ambulancia-e-carreta","status":"publish","type":"post","link":"https:\/\/ubanews.com\/site\/2023\/12\/22\/tragico-acidente-na-br-040-em-minas-gerais-cinco-vitimas-em-colisao-entre-ambulancia-e-carreta\/","title":{"rendered":"Tr\u00e1gico acidente na BR-040 em Minas Gerais: Cinco v\u00edtimas em colis\u00e3o entre ambul\u00e2ncia e carreta"},"content":{"rendered":"<figure id=\"attachment_22526\" aria-describedby=\"caption-attachment-22526\" style=\"width: 552px\" class=\"wp-caption aligncenter\"><img decoding=\"async\" class=\"wp-image-22526 lazyload\" data-src=\"https:\/\/ubanews.com\/site\/wp-content\/uploads\/2023\/12\/Sem-titulo123-300x199.jpg\" alt=\"\" width=\"552\" height=\"366\" data-srcset=\"https:\/\/ubanews.com\/site\/wp-content\/uploads\/2023\/12\/Sem-titulo123-300x199.jpg 300w, https:\/\/ubanews.com\/site\/wp-content\/uploads\/2023\/12\/Sem-titulo123-120x80.jpg 120w, https:\/\/ubanews.com\/site\/wp-content\/uploads\/2023\/12\/Sem-titulo123.jpg 651w\" data-sizes=\"(max-width: 552px) 100vw, 552px\" src=\"data:image\/svg+xml;base64,PHN2ZyB3aWR0aD0iMSIgaGVpZ2h0PSIxIiB4bWxucz0iaHR0cDovL3d3dy53My5vcmcvMjAwMC9zdmciPjwvc3ZnPg==\" style=\"--smush-placeholder-width: 552px; --smush-placeholder-aspect-ratio: 552\/366;\" \/><figcaption id=\"caption-attachment-22526\" class=\"wp-caption-text\">Foto: Reprodu\u00e7\u00e3o\/Redes Sociais<\/figcaption><\/figure>\n<p>Uma trag\u00e9dia abalou a BR-040 na tarde de ontem, quando uma ambul\u00e2ncia e uma carreta colidiram de frente, resultando na perda de cinco vidas. O acidente ocorreu pr\u00f3ximo a Santos Dumont, em meio a condi\u00e7\u00f5es adversas devido \u00e0 chuva, conforme informado pela Pol\u00edcia Rodovi\u00e1ria Federal.<\/p>\n<p>Todas as v\u00edtimas estavam a bordo da ambul\u00e2ncia, que retornava de Belo Horizonte em dire\u00e7\u00e3o a Juiz de Fora. Entre os mortos, encontrava-se um casal, onde a esposa estava gr\u00e1vida. O esposo acompanhava-a no ve\u00edculo de emerg\u00eancia. O tr\u00e1gico acidente aconteceu por volta das 16h, quando a ambul\u00e2ncia perdeu o controle, invadiu a contram\u00e3o e colidiu frontalmente com uma carreta que trafegava rumo a Belo Horizonte.<\/p>\n<p>As equipes de resgate e a Pol\u00edcia Rodovi\u00e1ria Federal prontamente se dirigiram ao local para prestar socorro.<\/p>\n","protected":false},"excerpt":{"rendered":"<p>Uma trag\u00e9dia abalou a BR-040 na tarde de ontem, quando<\/p>\n","protected":false},"author":4,"featured_media":0,"comment_status":"open","ping_status":"open","sticky":false,"template":"","format":"standard","meta":{"footnotes":""},"categories":[1],"tags":[],"class_list":["post-22531","post","type-post","status-publish","format-standard","hentry","category-sem-categoria"],"yoast_head":"<!-- This site is optimized with the Yoast SEO plugin v27.2 - https:\/\/yoast.com\/product\/yoast-seo-wordpress\/ -->\n<title>Tr\u00e1gico acidente na BR-040 em Minas Gerais: Cinco v\u00edtimas em colis\u00e3o entre ambul\u00e2ncia e carreta - Ub\u00e1 News<\/title>\n<meta name=\"robots\" content=\"index, follow, max-snippet:-1, max-image-preview:large, max-video-preview:-1\" \/>\n<link rel=\"canonical\" href=\"https:\/\/ubanews.com\/site\/2023\/12\/22\/tragico-acidente-na-br-040-em-minas-gerais-cinco-vitimas-em-colisao-entre-ambulancia-e-carreta\/\" \/>\n<meta property=\"og:locale\" content=\"pt_BR\" \/>\n<meta property=\"og:type\" content=\"article\" \/>\n<meta property=\"og:title\" content=\"Tr\u00e1gico acidente na BR-040 em Minas Gerais: Cinco v\u00edtimas em colis\u00e3o entre ambul\u00e2ncia e carreta - Ub\u00e1 News\" \/>\n<meta property=\"og:description\" content=\"Uma trag\u00e9dia abalou a BR-040 na tarde de ontem, quando\" \/>\n<meta property=\"og:url\" content=\"https:\/\/ubanews.com\/site\/2023\/12\/22\/tragico-acidente-na-br-040-em-minas-gerais-cinco-vitimas-em-colisao-entre-ambulancia-e-carreta\/\" \/>\n<meta property=\"og:site_name\" content=\"Ub\u00e1 News\" \/>\n<meta property=\"article:publisher\" content=\"https:\/\/www.facebook.com\/Ub%c3%a1News-Carlos-Roberto-Sodr%c3%a9-418778301977370\" \/>\n<meta property=\"article:published_time\" content=\"2023-12-22T14:14:59+00:00\" \/>\n<meta property=\"og:image\" content=\"http:\/\/ubanews.com\/site\/wp-content\/uploads\/2023\/12\/Sem-titulo123-300x199.jpg\" \/>\n<meta name=\"author\" content=\"Carlos Roberto Sodr\u00e9\" \/>\n<meta name=\"twitter:card\" content=\"summary_large_image\" \/>\n<meta name=\"twitter:label1\" content=\"Escrito por\" \/>\n\t<meta name=\"twitter:data1\" content=\"Carlos Roberto Sodr\u00e9\" \/>\n\t<meta name=\"twitter:label2\" content=\"Est. tempo de leitura\" \/>\n\t<meta name=\"twitter:data2\" content=\"1 minuto\" \/>\n<script type=\"application\/ld+json\" class=\"yoast-schema-graph\">{\"@context\":\"https:\/\/schema.org\",\"@graph\":[{\"@type\":\"Article\",\"@id\":\"https:\/\/ubanews.com\/site\/2023\/12\/22\/tragico-acidente-na-br-040-em-minas-gerais-cinco-vitimas-em-colisao-entre-ambulancia-e-carreta\/#article\",\"isPartOf\":{\"@id\":\"https:\/\/ubanews.com\/site\/2023\/12\/22\/tragico-acidente-na-br-040-em-minas-gerais-cinco-vitimas-em-colisao-entre-ambulancia-e-carreta\/\"},\"author\":{\"name\":\"Carlos Roberto Sodr\u00e9\",\"@id\":\"https:\/\/ubanews.com\/site\/#\/schema\/person\/9d8da9ec3c8d00640ab6e8c81e103310\"},\"headline\":\"Tr\u00e1gico acidente na BR-040 em Minas Gerais: Cinco v\u00edtimas em colis\u00e3o entre ambul\u00e2ncia e carreta\",\"datePublished\":\"2023-12-22T14:14:59+00:00\",\"mainEntityOfPage\":{\"@id\":\"https:\/\/ubanews.com\/site\/2023\/12\/22\/tragico-acidente-na-br-040-em-minas-gerais-cinco-vitimas-em-colisao-entre-ambulancia-e-carreta\/\"},\"wordCount\":175,\"commentCount\":0,\"publisher\":{\"@id\":\"https:\/\/ubanews.com\/site\/#organization\"},\"image\":{\"@id\":\"https:\/\/ubanews.com\/site\/2023\/12\/22\/tragico-acidente-na-br-040-em-minas-gerais-cinco-vitimas-em-colisao-entre-ambulancia-e-carreta\/#primaryimage\"},\"thumbnailUrl\":\"http:\/\/ubanews.com\/site\/wp-content\/uploads\/2023\/12\/Sem-titulo123-300x199.jpg\",\"articleSection\":[\"Geral\"],\"inLanguage\":\"pt-BR\",\"potentialAction\":[{\"@type\":\"CommentAction\",\"name\":\"Comment\",\"target\":[\"https:\/\/ubanews.com\/site\/2023\/12\/22\/tragico-acidente-na-br-040-em-minas-gerais-cinco-vitimas-em-colisao-entre-ambulancia-e-carreta\/#respond\"]}]},{\"@type\":\"WebPage\",\"@id\":\"https:\/\/ubanews.com\/site\/2023\/12\/22\/tragico-acidente-na-br-040-em-minas-gerais-cinco-vitimas-em-colisao-entre-ambulancia-e-carreta\/\",\"url\":\"https:\/\/ubanews.com\/site\/2023\/12\/22\/tragico-acidente-na-br-040-em-minas-gerais-cinco-vitimas-em-colisao-entre-ambulancia-e-carreta\/\",\"name\":\"Tr\u00e1gico acidente na BR-040 em Minas Gerais: Cinco v\u00edtimas em colis\u00e3o entre ambul\u00e2ncia e carreta - Ub\u00e1 News\",\"isPartOf\":{\"@id\":\"https:\/\/ubanews.com\/site\/#website\"},\"primaryImageOfPage\":{\"@id\":\"https:\/\/ubanews.com\/site\/2023\/12\/22\/tragico-acidente-na-br-040-em-minas-gerais-cinco-vitimas-em-colisao-entre-ambulancia-e-carreta\/#primaryimage\"},\"image\":{\"@id\":\"https:\/\/ubanews.com\/site\/2023\/12\/22\/tragico-acidente-na-br-040-em-minas-gerais-cinco-vitimas-em-colisao-entre-ambulancia-e-carreta\/#primaryimage\"},\"thumbnailUrl\":\"http:\/\/ubanews.com\/site\/wp-content\/uploads\/2023\/12\/Sem-titulo123-300x199.jpg\",\"datePublished\":\"2023-12-22T14:14:59+00:00\",\"breadcrumb\":{\"@id\":\"https:\/\/ubanews.com\/site\/2023\/12\/22\/tragico-acidente-na-br-040-em-minas-gerais-cinco-vitimas-em-colisao-entre-ambulancia-e-carreta\/#breadcrumb\"},\"inLanguage\":\"pt-BR\",\"potentialAction\":[{\"@type\":\"ReadAction\",\"target\":[\"https:\/\/ubanews.com\/site\/2023\/12\/22\/tragico-acidente-na-br-040-em-minas-gerais-cinco-vitimas-em-colisao-entre-ambulancia-e-carreta\/\"]}]},{\"@type\":\"ImageObject\",\"inLanguage\":\"pt-BR\",\"@id\":\"https:\/\/ubanews.com\/site\/2023\/12\/22\/tragico-acidente-na-br-040-em-minas-gerais-cinco-vitimas-em-colisao-entre-ambulancia-e-carreta\/#primaryimage\",\"url\":\"https:\/\/ubanews.com\/site\/wp-content\/uploads\/2023\/12\/Sem-titulo123.jpg\",\"contentUrl\":\"https:\/\/ubanews.com\/site\/wp-content\/uploads\/2023\/12\/Sem-titulo123.jpg\",\"width\":651,\"height\":432},{\"@type\":\"BreadcrumbList\",\"@id\":\"https:\/\/ubanews.com\/site\/2023\/12\/22\/tragico-acidente-na-br-040-em-minas-gerais-cinco-vitimas-em-colisao-entre-ambulancia-e-carreta\/#breadcrumb\",\"itemListElement\":[{\"@type\":\"ListItem\",\"position\":1,\"name\":\"Home\",\"item\":\"https:\/\/ubanews.com\/site\/\"},{\"@type\":\"ListItem\",\"position\":2,\"name\":\"Tr\u00e1gico acidente na BR-040 em Minas Gerais: Cinco v\u00edtimas em colis\u00e3o entre ambul\u00e2ncia e carreta\"}]},{\"@type\":\"WebSite\",\"@id\":\"https:\/\/ubanews.com\/site\/#website\",\"url\":\"https:\/\/ubanews.com\/site\/\",\"name\":\"Ub\u00e1 News\",\"description\":\"\",\"publisher\":{\"@id\":\"https:\/\/ubanews.com\/site\/#organization\"},\"potentialAction\":[{\"@type\":\"SearchAction\",\"target\":{\"@type\":\"EntryPoint\",\"urlTemplate\":\"https:\/\/ubanews.com\/site\/?s={search_term_string}\"},\"query-input\":{\"@type\":\"PropertyValueSpecification\",\"valueRequired\":true,\"valueName\":\"search_term_string\"}}],\"inLanguage\":\"pt-BR\"},{\"@type\":\"Organization\",\"@id\":\"https:\/\/ubanews.com\/site\/#organization\",\"name\":\"Ub\u00e1 News\",\"url\":\"https:\/\/ubanews.com\/site\/\",\"logo\":{\"@type\":\"ImageObject\",\"inLanguage\":\"pt-BR\",\"@id\":\"https:\/\/ubanews.com\/site\/#\/schema\/logo\/image\/\",\"url\":\"https:\/\/ubanews.com\/site\/wp-content\/uploads\/2018\/01\/logoubanews.png\",\"contentUrl\":\"https:\/\/ubanews.com\/site\/wp-content\/uploads\/2018\/01\/logoubanews.png\",\"width\":261,\"height\":99,\"caption\":\"Ub\u00e1 News\"},\"image\":{\"@id\":\"https:\/\/ubanews.com\/site\/#\/schema\/logo\/image\/\"},\"sameAs\":[\"https:\/\/www.facebook.com\/Ub\u00e1News-Carlos-Roberto-Sodr\u00e9-418778301977370\"]},{\"@type\":\"Person\",\"@id\":\"https:\/\/ubanews.com\/site\/#\/schema\/person\/9d8da9ec3c8d00640ab6e8c81e103310\",\"name\":\"Carlos Roberto Sodr\u00e9\",\"image\":{\"@type\":\"ImageObject\",\"inLanguage\":\"pt-BR\",\"@id\":\"https:\/\/secure.gravatar.com\/avatar\/aab322e8555b56c468614fafdab8a8f924e394cdc6cfd8232f77e9e4d123a133?s=96&d=mm&r=g\",\"url\":\"https:\/\/secure.gravatar.com\/avatar\/aab322e8555b56c468614fafdab8a8f924e394cdc6cfd8232f77e9e4d123a133?s=96&d=mm&r=g\",\"contentUrl\":\"https:\/\/secure.gravatar.com\/avatar\/aab322e8555b56c468614fafdab8a8f924e394cdc6cfd8232f77e9e4d123a133?s=96&d=mm&r=g\",\"caption\":\"Carlos Roberto Sodr\u00e9\"},\"url\":\"https:\/\/ubanews.com\/site\/author\/sodre\/\"}]}<\/script>\n<!-- \/ Yoast SEO plugin. -->","yoast_head_json":{"title":"Tr\u00e1gico acidente na BR-040 em Minas Gerais: Cinco v\u00edtimas em colis\u00e3o entre ambul\u00e2ncia e carreta - Ub\u00e1 News","robots":{"index":"index","follow":"follow","max-snippet":"max-snippet:-1","max-image-preview":"max-image-preview:large","max-video-preview":"max-video-preview:-1"},"canonical":"https:\/\/ubanews.com\/site\/2023\/12\/22\/tragico-acidente-na-br-040-em-minas-gerais-cinco-vitimas-em-colisao-entre-ambulancia-e-carreta\/","og_locale":"pt_BR","og_type":"article","og_title":"Tr\u00e1gico acidente na BR-040 em Minas Gerais: Cinco v\u00edtimas em colis\u00e3o entre ambul\u00e2ncia e carreta - Ub\u00e1 News","og_description":"Uma trag\u00e9dia abalou a BR-040 na tarde de ontem, quando","og_url":"https:\/\/ubanews.com\/site\/2023\/12\/22\/tragico-acidente-na-br-040-em-minas-gerais-cinco-vitimas-em-colisao-entre-ambulancia-e-carreta\/","og_site_name":"Ub\u00e1 News","article_publisher":"https:\/\/www.facebook.com\/Ub%c3%a1News-Carlos-Roberto-Sodr%c3%a9-418778301977370","article_published_time":"2023-12-22T14:14:59+00:00","og_image":[{"url":"http:\/\/ubanews.com\/site\/wp-content\/uploads\/2023\/12\/Sem-titulo123-300x199.jpg","type":"","width":"","height":""}],"author":"Carlos Roberto Sodr\u00e9","twitter_card":"summary_large_image","twitter_misc":{"Escrito por":"Carlos Roberto Sodr\u00e9","Est. tempo de leitura":"1 minuto"},"schema":{"@context":"https:\/\/schema.org","@graph":[{"@type":"Article","@id":"https:\/\/ubanews.com\/site\/2023\/12\/22\/tragico-acidente-na-br-040-em-minas-gerais-cinco-vitimas-em-colisao-entre-ambulancia-e-carreta\/#article","isPartOf":{"@id":"https:\/\/ubanews.com\/site\/2023\/12\/22\/tragico-acidente-na-br-040-em-minas-gerais-cinco-vitimas-em-colisao-entre-ambulancia-e-carreta\/"},"author":{"name":"Carlos Roberto Sodr\u00e9","@id":"https:\/\/ubanews.com\/site\/#\/schema\/person\/9d8da9ec3c8d00640ab6e8c81e103310"},"headline":"Tr\u00e1gico acidente na BR-040 em Minas Gerais: Cinco v\u00edtimas em colis\u00e3o entre ambul\u00e2ncia e carreta","datePublished":"2023-12-22T14:14:59+00:00","mainEntityOfPage":{"@id":"https:\/\/ubanews.com\/site\/2023\/12\/22\/tragico-acidente-na-br-040-em-minas-gerais-cinco-vitimas-em-colisao-entre-ambulancia-e-carreta\/"},"wordCount":175,"commentCount":0,"publisher":{"@id":"https:\/\/ubanews.com\/site\/#organization"},"image":{"@id":"https:\/\/ubanews.com\/site\/2023\/12\/22\/tragico-acidente-na-br-040-em-minas-gerais-cinco-vitimas-em-colisao-entre-ambulancia-e-carreta\/#primaryimage"},"thumbnailUrl":"http:\/\/ubanews.com\/site\/wp-content\/uploads\/2023\/12\/Sem-titulo123-300x199.jpg","articleSection":["Geral"],"inLanguage":"pt-BR","potentialAction":[{"@type":"CommentAction","name":"Comment","target":["https:\/\/ubanews.com\/site\/2023\/12\/22\/tragico-acidente-na-br-040-em-minas-gerais-cinco-vitimas-em-colisao-entre-ambulancia-e-carreta\/#respond"]}]},{"@type":"WebPage","@id":"https:\/\/ubanews.com\/site\/2023\/12\/22\/tragico-acidente-na-br-040-em-minas-gerais-cinco-vitimas-em-colisao-entre-ambulancia-e-carreta\/","url":"https:\/\/ubanews.com\/site\/2023\/12\/22\/tragico-acidente-na-br-040-em-minas-gerais-cinco-vitimas-em-colisao-entre-ambulancia-e-carreta\/","name":"Tr\u00e1gico acidente na BR-040 em Minas Gerais: Cinco v\u00edtimas em colis\u00e3o entre ambul\u00e2ncia e carreta - Ub\u00e1 News","isPartOf":{"@id":"https:\/\/ubanews.com\/site\/#website"},"primaryImageOfPage":{"@id":"https:\/\/ubanews.com\/site\/2023\/12\/22\/tragico-acidente-na-br-040-em-minas-gerais-cinco-vitimas-em-colisao-entre-ambulancia-e-carreta\/#primaryimage"},"image":{"@id":"https:\/\/ubanews.com\/site\/2023\/12\/22\/tragico-acidente-na-br-040-em-minas-gerais-cinco-vitimas-em-colisao-entre-ambulancia-e-carreta\/#primaryimage"},"thumbnailUrl":"http:\/\/ubanews.com\/site\/wp-content\/uploads\/2023\/12\/Sem-titulo123-300x199.jpg","datePublished":"2023-12-22T14:14:59+00:00","breadcrumb":{"@id":"https:\/\/ubanews.com\/site\/2023\/12\/22\/tragico-acidente-na-br-040-em-minas-gerais-cinco-vitimas-em-colisao-entre-ambulancia-e-carreta\/#breadcrumb"},"inLanguage":"pt-BR","potentialAction":[{"@type":"ReadAction","target":["https:\/\/ubanews.com\/site\/2023\/12\/22\/tragico-acidente-na-br-040-em-minas-gerais-cinco-vitimas-em-colisao-entre-ambulancia-e-carreta\/"]}]},{"@type":"ImageObject","inLanguage":"pt-BR","@id":"https:\/\/ubanews.com\/site\/2023\/12\/22\/tragico-acidente-na-br-040-em-minas-gerais-cinco-vitimas-em-colisao-entre-ambulancia-e-carreta\/#primaryimage","url":"https:\/\/ubanews.com\/site\/wp-content\/uploads\/2023\/12\/Sem-titulo123.jpg","contentUrl":"https:\/\/ubanews.com\/site\/wp-content\/uploads\/2023\/12\/Sem-titulo123.jpg","width":651,"height":432},{"@type":"BreadcrumbList","@id":"https:\/\/ubanews.com\/site\/2023\/12\/22\/tragico-acidente-na-br-040-em-minas-gerais-cinco-vitimas-em-colisao-entre-ambulancia-e-carreta\/#breadcrumb","itemListElement":[{"@type":"ListItem","position":1,"name":"Home","item":"https:\/\/ubanews.com\/site\/"},{"@type":"ListItem","position":2,"name":"Tr\u00e1gico acidente na BR-040 em Minas Gerais: Cinco v\u00edtimas em colis\u00e3o entre ambul\u00e2ncia e carreta"}]},{"@type":"WebSite","@id":"https:\/\/ubanews.com\/site\/#website","url":"https:\/\/ubanews.com\/site\/","name":"Ub\u00e1 News","description":"","publisher":{"@id":"https:\/\/ubanews.com\/site\/#organization"},"potentialAction":[{"@type":"SearchAction","target":{"@type":"EntryPoint","urlTemplate":"https:\/\/ubanews.com\/site\/?s={search_term_string}"},"query-input":{"@type":"PropertyValueSpecification","valueRequired":true,"valueName":"search_term_string"}}],"inLanguage":"pt-BR"},{"@type":"Organization","@id":"https:\/\/ubanews.com\/site\/#organization","name":"Ub\u00e1 News","url":"https:\/\/ubanews.com\/site\/","logo":{"@type":"ImageObject","inLanguage":"pt-BR","@id":"https:\/\/ubanews.com\/site\/#\/schema\/logo\/image\/","url":"https:\/\/ubanews.com\/site\/wp-content\/uploads\/2018\/01\/logoubanews.png","contentUrl":"https:\/\/ubanews.com\/site\/wp-content\/uploads\/2018\/01\/logoubanews.png","width":261,"height":99,"caption":"Ub\u00e1 News"},"image":{"@id":"https:\/\/ubanews.com\/site\/#\/schema\/logo\/image\/"},"sameAs":["https:\/\/www.facebook.com\/Ub\u00e1News-Carlos-Roberto-Sodr\u00e9-418778301977370"]},{"@type":"Person","@id":"https:\/\/ubanews.com\/site\/#\/schema\/person\/9d8da9ec3c8d00640ab6e8c81e103310","name":"Carlos Roberto Sodr\u00e9","image":{"@type":"ImageObject","inLanguage":"pt-BR","@id":"https:\/\/secure.gravatar.com\/avatar\/aab322e8555b56c468614fafdab8a8f924e394cdc6cfd8232f77e9e4d123a133?s=96&d=mm&r=g","url":"https:\/\/secure.gravatar.com\/avatar\/aab322e8555b56c468614fafdab8a8f924e394cdc6cfd8232f77e9e4d123a133?s=96&d=mm&r=g","contentUrl":"https:\/\/secure.gravatar.com\/avatar\/aab322e8555b56c468614fafdab8a8f924e394cdc6cfd8232f77e9e4d123a133?s=96&d=mm&r=g","caption":"Carlos Roberto Sodr\u00e9"},"url":"https:\/\/ubanews.com\/site\/author\/sodre\/"}]}},"_links":{"self":[{"href":"https:\/\/ubanews.com\/site\/wp-json\/wp\/v2\/posts\/22531","targetHints":{"allow":["GET"]}}],"collection":[{"href":"https:\/\/ubanews.com\/site\/wp-json\/wp\/v2\/posts"}],"about":[{"href":"https:\/\/ubanews.com\/site\/wp-json\/wp\/v2\/types\/post"}],"author":[{"embeddable":true,"href":"https:\/\/ubanews.com\/site\/wp-json\/wp\/v2\/users\/4"}],"replies":[{"embeddable":true,"href":"https:\/\/ubanews.com\/site\/wp-json\/wp\/v2\/comments?post=22531"}],"version-history":[{"count":0,"href":"https:\/\/ubanews.com\/site\/wp-json\/wp\/v2\/posts\/22531\/revisions"}],"wp:attachment":[{"href":"https:\/\/ubanews.com\/site\/wp-json\/wp\/v2\/media?parent=22531"}],"wp:term":[{"taxonomy":"category","embeddable":true,"href":"https:\/\/ubanews.com\/site\/wp-json\/wp\/v2\/categories?post=22531"},{"taxonomy":"post_tag","embeddable":true,"href":"https:\/\/ubanews.com\/site\/wp-json\/wp\/v2\/tags?post=22531"}],"curies":[{"name":"wp","href":"https:\/\/api.w.org\/{rel}","templated":true}]}}